{"id":13043,"date":"2013-10-31T14:07:00","date_gmt":"2013-10-31T10:07:00","guid":{"rendered":"http:\/\/www.zerdab.com\/?p=13043"},"modified":"2013-10-31T14:07:00","modified_gmt":"2013-10-31T10:07:00","slug":"arif-r%c9%99himzad%c9%99-bizimkil%c9%99r-rusiyada-ozl%c9%99rini-yaxsi-aparmirlar","status":"publish","type":"post","link":"https:\/\/www.zerdab.com\/?p=13043","title":{"rendered":"Arif R\u0259himzad\u0259: \u201cBizimkil\u0259r Rusiyada \u00f6zl\u0259rini yax\u015f\u0131 aparm\u0131rlar\u201d"},"content":{"rendered":"<div><strong><a href=\"http:\/\/www.zerdab.com\/wp-content\/uploads\/2013\/10\/Arif-R\u0259himzad\u0259.jpg\"><img loading=\"lazy\" decoding=\"async\" class=\"alignleft size-medium wp-image-13044\" alt=\"Arif R\u0259himzad\u0259\" src=\"http:\/\/www.zerdab.com\/wp-content\/uploads\/2013\/10\/Arif-R\u0259himzad\u0259-400x300.jpg\" width=\"400\" height=\"300\" \/><\/a><\/strong><\/div>\n<div><span style=\"color: #0000ff;\"><strong>&#8220;Deyirl\u0259r, qurunun oduna ya\u015f da yan\u0131r&#8221;<\/strong><\/span><\/div>\n<div><\/div>\n<div><strong>MDB Parlament Assambleyas\u0131n\u0131n iclaslar\u0131na qat\u0131lmaq \u00fc\u00e7\u00fcn Rusiya Federasiyas\u0131n\u0131n Sankt-Peterburq \u015f\u0259h\u0259rin\u0259 s\u0259f\u0259r ed\u0259n deputatlar\u0131n Rusiyada az\u0259rbaycanl\u0131larla ba\u011fl\u0131 ba\u015f ver\u0259nl\u0259ri d\u0259 m\u00fczakir\u0259 ed\u0259c\u0259yi g\u00f6zl\u0259ntisi var idi. D\u00fczd\u00fcr, v\u0259ziyy\u0259tl\u0259 \u0259laq\u0259dar \u015fimal qon\u015fumuza deputatlardan ibar\u0259t ayr\u0131ca n\u00fcmay\u0259nd\u0259 hey\u0259tinin g\u00f6nd\u0259rilm\u0259si t\u0259\u015f\u0259bb\u00fcsl\u0259ri olsa da, bu, ba\u015f verm\u0259di. Parlament r\u0259hb\u0259rliyi durumun n\u0259zar\u0259td\u0259 saxland\u0131\u011f\u0131n\u0131 bildir\u0259r\u0259k deputat qrupunun ezam olunmas\u0131na ehtiyac g\u00f6rm\u0259di.\u00a0<\/strong><\/div>\n<div><strong>\u00a0<\/strong><\/div>\n<div>Ancaq h\u0259r halda, Rusiya-Az\u0259rbaycan parlamentl\u0259raras\u0131 i\u015f\u00e7i qrupunun r\u0259hb\u0259ri, Milli M\u0259clisin Regional m\u0259s\u0259l\u0259l\u0259r daimi komissiyas\u0131n\u0131n s\u0259dri Arif R\u0259himzad\u0259nin Sankt-Peterburqa s\u0259f\u0259r ed\u0259n qrupa r\u0259hb\u0259rlik etm\u0259si \u015f\u0259raitind\u0259 m\u00f6vcud durumun m\u00fczakir\u0259l\u0259rd\u0259n k\u0259narda qalaca\u011f\u0131 g\u00f6zl\u0259nil\u0259n deyildi. A.R\u0259himzad\u0259 ekskl\u00fcziv olaraq az\u0259rbaycanl\u0131lar\u0131n durumu, Rusiya-Az\u0259rbaycan m\u00fcnasib\u0259tl\u0259ri bar\u0259d\u0259 \u201cYeni M\u00fcsavat\u201d\u0131n suallar\u0131n\u0131 cavabland\u0131rd\u0131:<\/div>\n<div><b>\u00a0<\/b><\/div>\n<div><b>&#8211; Arif b\u0259y, s\u0259f\u0259r zaman\u0131 hans\u0131 q\u0259na\u0259t\u0259 g\u0259ldiniz, Rusiyadak\u0131 az\u0259rbaycanl\u0131lar\u0131n taleyi nec\u0259 olacaq? M\u00fc\u015fahid\u0259l\u0259riniz n\u0259 deyir, durumda sabitlik yaranacaq, yoxa h\u0259mv\u0259t\u0259nl\u0259rimiz\u0259 qar\u015f\u0131 aqressiya davam ed\u0259c\u0259k?<\/b><\/div>\n<div><\/div>\n<div>&#8211; \u018flb\u0259tt\u0259 ki, bel\u0259 bir v\u0259ziyy\u0259tin yaranmas\u0131 Rusiya r\u0259hb\u0259rliyin\u0259 d\u0259 laz\u0131m deyil, Az\u0259rbaycana da. \u0130ndi orda m\u00fc\u0259yy\u0259n maraqlar var. El\u0259 hesab edir\u0259m ki, Rusiya bu v\u0259ziyy\u0259tin a\u011f\u0131rl\u0131\u011f\u0131n\u0131 anlay\u0131r v\u0259 aqressiv meyll\u0259rin davam etm\u0259sin\u0259 imkan verm\u0259y\u0259c\u0259k.<\/div>\n<div><\/div>\n<div><b>&#8211; Siz yaranm\u0131\u015f v\u0259ziyy\u0259tl\u0259 ba\u011fl\u0131 kiml\u0259rl\u0259 g\u00f6r\u00fc\u015f\u00fcb m\u00fczakir\u0259l\u0259r apard\u0131n\u0131z?<\/b><\/div>\n<div><\/div>\n<div>&#8211; Biz x\u00fcsusil\u0259 bu v\u0259ziyy\u0259tl\u0259 ba\u011fl\u0131 getm\u0259mi\u015fdik. Parlamentl\u0259raras\u0131 i\u015f\u00e7i qrupunun iclas\u0131na qat\u0131ld\u0131q, orda \u00e7\u0131x\u0131\u015f etdik, bir b\u0259yanat verdik. Ondan sonra bir beyn\u0259lxalq konfrans oldu, ancaq onunla ba\u011fl\u0131 m\u0259lumat yay\u0131lmad\u0131. H\u0259min konfransda MDB v\u0259 Avropa \u00f6lk\u0259l\u0259rinin n\u00fcmay\u0259nd\u0259l\u0259ri i\u015ftirak edirdi, m\u0259n orda da \u00e7\u0131x\u0131\u015f etdim. Dedim ki, ola bilsin h\u0259qiq\u0259t\u0259n d\u0259 bu cinay\u0259ti Orxan Zeynalov edib. Ancaq bu, s\u00fcbut edilm\u0259yinc\u0259, onun haqq\u0131nda bel\u0259 h\u0259r\u0259k\u0259tl\u0259r etm\u0259k olmaz. \u00c7\u00fcnki t\u0259qsirsizlik prezumpsiyas\u0131 deyil\u0259n m\u0259fhum var v\u0259 m\u0259hk\u0259m\u0259nin q\u0259rar\u0131n\u0131 g\u00f6zl\u0259m\u0259k laz\u0131md\u0131r. Eyni zamanda dedim ki, t\u0259kc\u0259 adi v\u0259t\u0259nda\u015flar t\u0259r\u0259find\u0259n yox, h\u0259tta v\u0259zif\u0259li \u015f\u0259xsl\u0259r d\u0259 onunla ba\u011fl\u0131 ba\u015f ver\u0259nl\u0259r\u0259 \u00e7ox laqeyd yana\u015f\u0131blar. Dey\u0259k ki, daxili i\u015fl\u0259r naziri bu \u0259m\u0259liyyat\u0131 ke\u00e7ir\u0259n zaman bir insan\u0131n h\u00fcquqlar\u0131n\u0131 pozan \u015f\u0259xsl\u0259ri q\u0259hr\u0259man kimi salamlay\u0131r, m\u00fckafatland\u0131r\u0131r v\u0259 bu, he\u00e7 c\u00fcr q\u0259bulolunan m\u0259s\u0259l\u0259 deyil, bel\u0259 hallara son qoymaq laz\u0131md\u0131r.<\/div>\n<div><b>\u00a0<\/b><\/div>\n<div><b>&#8211; Reaksiyalar nec\u0259 oldu?<\/b><\/div>\n<div><\/div>\n<div>&#8211; Normal reaksiyalar oldu. D\u00fczd\u00fcr, m\u0259n dan\u0131\u015f\u0131b Pribunadan d\u00fc\u015f\u0259nd\u0259n sonra s\u0259drlik ed\u0259n dedi ki, bura g\u0259l\u0259nl\u0259r g\u0259r\u0259k bizim qanunlar\u0131m\u0131za riay\u0259t el\u0259sinl\u0259r, \u0259n\u0259n\u0259l\u0259rimizi g\u00f6zl\u0259sinl\u0259r. Amma daha imkan olmad\u0131 ki, m\u0259n t\u0259z\u0259d\u0259n qay\u0131d\u0131b \u00e7\u0131x\u0131\u015f edim, onun dedikl\u0259rin\u0259 m\u00fcnasib\u0259t bildirim. Onu da deyim ki, \u00fcmumiyy\u0259tl\u0259, o, d\u00fcz s\u00f6hb\u0259tdir. Bizimkil\u0259r orda\u00a0\u00f6zl\u0259rini yax\u015f\u0131 aparm\u0131rlar, \u00f6z h\u0259r\u0259k\u0259tl\u0259ri il\u0259 yerli camaatda q\u0131c\u0131qland\u0131rmaya s\u0259b\u0259b olurlar.<\/div>\n<div><\/div>\n<div><b>&#8211; Ancaq kiml\u0259rs\u0259 qayda-qanuna riay\u0259t etmirs\u0259, bu, insanlar\u0131n k\u00fctl\u0259vi \u015f\u0259kild\u0259 t\u0259qibl\u0259r\u0259 m\u0259ruz qalmas\u0131na \u0259sas vermir.\u00a0<\/b><\/div>\n<div><\/div>\n<div>&#8211; Deyirl\u0259r, qurunun oduna ya\u015f da yan\u0131r. Ancaq h\u0259qiq\u0259t\u0259n \u00f6zl\u0259rini \u00e7ox m\u0259d\u0259niyy\u0259tsiz apar\u0131rlar, q\u0131\u015fq\u0131ra-q\u0131\u015fq\u0131ra dan\u0131\u015f\u0131rlar. M\u0259s\u0259l\u0259n, ruslar burda bel\u0259 \u015fey el\u0259s\u0259ydi, Az\u0259rbaycanda bir d\u0259n\u0259 rus qoymazd\u0131lar. Ancaq bizimkil\u0259r hesab edir ki, Rusiyaya gedibs\u0259, orda h\u00f6kmranl\u0131q el\u0259m\u0259lidirl\u0259r. Q\u0131\u015fq\u0131ra-q\u0131\u015fq\u0131ra dan\u0131\u015f\u0131rlar, q\u0131zlara sata\u015f\u0131rlar, s\u00f6z at\u0131rlar. Tutaq ki, t\u0259k ged\u0259n q\u0131za kimins\u0259 meyli ola bil\u0259r. Amma yolda\u015f\u0131 il\u0259, sevgilisi il\u0259 ged\u0259n\u0259 d\u0259 s\u00f6z at\u0131rlar. Bu, he\u00e7 c\u00fcr q\u0259buledilm\u0259zdir.<\/div>\n<div><\/div>\n<div><b>&#8211; \u0130ndiki situasiyada n\u0259 t\u0259klif edirsiniz. M\u0259s\u0259l\u0259ni nec\u0259 t\u0259nziml\u0259m\u0259k olar ki, az\u0259rbaycanl\u0131larla ba\u011fl\u0131 olan neqativl\u0259r minimuma endirilsin?\u00a0<\/b><\/div>\n<div><\/div>\n<div>&#8211; Dey\u0259k ki, Orxan \u015e\u0259mkir rayonundan ged\u0259n bir \u015f\u0259xsdir. O k\u0259ndin y\u0259qin ki, bir a\u011fsaqqal\u0131 var, camaat\u0131 y\u0131\u011fs\u0131n, desin&#8230;<\/div>\n<div><\/div>\n<div>M\u0259n Rusiyadak\u0131 \u00e7\u0131x\u0131\u015f\u0131mda da dedim ki, m\u0259s\u0259l\u0259ni t\u0259k r\u0259smi orqanlar\u0131n \u00fcz\u0259rin\u0259 qoymaq olmaz. G\u0259r\u0259k yerli \u00f6z\u00fcn\u00fcidar\u0259 orqanlar\u0131, ba\u015fqa orqanlar da adamlar\u0131 y\u0131\u011f\u0131b maarifl\u0259ndirm\u0259 i\u015fi apars\u0131n, desin ki, siz ba\u015fqa \u00f6lk\u0259y\u0259 gedirsinizs\u0259, \u00f6z\u00fcn\u00fc he\u00e7 olmasa burda apard\u0131\u011f\u0131n kimi apar. Ancaq \u0259slind\u0259 s\u0259n g\u0259r\u0259k \u00f6z\u00fcn\u00fc burdak\u0131 kimi d\u0259 aparmayasan, daha yax\u015f\u0131 aparasan. Ola bilsin burada q\u0131\u015fq\u0131ra-q\u0131\u015fq\u0131ra dan\u0131\u015f\u0131rsan, \u0259ynin\u0259, \u00fcz\u00fcn\u0259, b\u0131\u011f-saqqala fikir vermirs\u0259n, orda g\u0259r\u0259k bu m\u0259s\u0259l\u0259l\u0259rd\u0259 diqq\u0259tli olasan.<\/div>\n<div><\/div>\n<div><b>&#8211; Amma bu i\u015fin arxas\u0131nda siyasi \u00e7alarlar\u0131n, planlar\u0131n olmas\u0131na da \u00e7oxlar\u0131n\u0131n \u015f\u00fcbh\u0259si yoxdur. H\u0259r halda, bizimkil\u0259r uzun ill\u0259rdir orda ya\u015fay\u0131rlar. Bu m\u0259nada az\u0259rbaycanl\u0131lara qar\u015f\u0131 t\u0259qibl\u0259rin arxas\u0131nda Rusiyan\u0131n Bak\u0131n\u0131 s\u0131x\u0131\u015fd\u0131rmaq niyy\u0259tinin, G\u00f6mr\u00fck \u0130ttifaq\u0131na qo\u015fmaq ist\u0259yinin dayand\u0131\u011f\u0131 daha inand\u0131r\u0131c\u0131 deyilmi?<\/b><\/div>\n<div><\/div>\n<div>&#8211; M\u0259n dem\u0259zdim ki, yerli \u0259halinin etirazlar\u0131n\u0131 hans\u0131sa r\u0259smil\u0259r t\u0259\u015fkil edib. Yox. H\u0259qiq\u0259t\u0259n naraz\u0131l\u0131q var. Ancaq bundan istifad\u0259 ed\u0259n adamlar var. Birincisi, ordak\u0131 bazar\u0131n b\u00f6y\u00fck \u0259razisi var. H\u0259min bazarda idar\u0259\u00e7iliyi \u0259l\u0259 ke\u00e7irm\u0259k iddias\u0131nda olan adamlar var. Ancaq miqrantlar\u0131n Rusiyada ya\u015famas\u0131ndan g\u0259lir \u0259ld\u0259 ed\u0259n adamlar da var, onlar az\u0259rbaycanl\u0131lar\u0131n qalmas\u0131nda maraql\u0131d\u0131rlar. D\u00fczd\u00fcr, Rusiyada bel\u0259 bir fikir d\u0259 var ki, biz \u00f6z\u00fcm\u00fcz d\u0259 bu i\u015fl\u0259ri g\u00f6r\u0259 bil\u0259rik. Ancaq bu i\u015fl\u0259ri g\u00f6r\u0259c\u0259kl\u0259r, ya g\u00f6r\u0259 bilm\u0259y\u0259c\u0259kl\u0259r, bu da maraql\u0131 m\u0259s\u0259l\u0259dir. \u00c7\u00fcnki bizimkil\u0259r s\u0259h\u0259r tezd\u0259n ax\u015fama kimi i\u015fl\u0259yirl\u0259r. Moskva \u0259halisinin is\u0259 bel\u0259 i\u015fg\u00fczarl\u0131\u011f\u0131 dem\u0259k olar ki, yoxdur.<\/div>\n<div><b>\u00a0<\/b><\/div>\n<div><b>&#8211; Kreml Az\u0259rbaycana t\u0259zyiq edib sonda onu Avrasiya \u0130ttifaq\u0131na, yaxud G\u00f6mr\u00fck \u0130ttifaq\u0131na qo\u015fa bil\u0259rmi?<\/b><\/div>\n<div><\/div>\n<div>&#8211; Yox, o bo\u015f s\u00f6hb\u0259tl\u0259rdir. Ancaq m\u0259n bir \u015feyi dem\u0259liy\u0259m &#8211; bunu bizim ulu \u00f6nd\u0259rimiz d\u0259 deyirdi &#8211; he\u00e7 bir \u00f6lk\u0259 t\u0259klikd\u0259 h\u0259r\u0259k\u0259t ed\u0259 bilm\u0259z, biz harasa getm\u0259liyik.<\/div>\n<div><\/div>\n<div><b>&#8211; El\u0259 is\u0259 niy\u0259 Avropaya yox, Rusiyaya do\u011fru?<\/b><\/div>\n<div><\/div>\n<div>&#8211; Biz ya orda olmal\u0131y\u0131q, ya da burda. Ancaq biz n\u0259 ora gedirik, n\u0259 bura. Biz \u0130sve\u00e7r\u0259 deyilik ki. Onlar \u0259srl\u0259r boyu \u00f6z suverenliyini qoruyub-saxlay\u0131b, onlarla ba\u011fl\u0131 he\u00e7 bir iddia da yoxdur. Biz is\u0259 gec-tez harasa getm\u0259liyik. \u0130ndiki zamanda is\u0259 biz buna haz\u0131r deyilik v\u0259 bunu ist\u0259mirik.<\/div>\n<div><b>\u00a0<\/b><\/div>\n<div><b>&#8211; Bu da var ki, Rusiya il\u0259 bir ittifaqda olma\u011f\u0131n \u201cfaydas\u0131n\u0131\u201d g\u00f6rm\u00fc\u015f\u00fck. O m\u0259nada demokratik d\u00fcnya il\u0259 bir yerd\u0259 olmaq m\u00fcst\u0259qilliyimizin qorunub-saxlanmas\u0131 bax\u0131m\u0131ndan daha faydal\u0131 deyilmi?<\/b><\/div>\n<div><\/div>\n<div>&#8211; M\u00fcsb\u0259t c\u0259h\u0259tl\u0259ri d\u0259 var, m\u0259nfi c\u0259h\u0259tl\u0259ri d\u0259. Demokratik \u00f6lk\u0259l\u0259rd\u0259 d\u0259 Az\u0259rbaycana h\u0259mi\u015f\u0259 \u201cikinci sort\u201d \u00f6lk\u0259 kimi bax\u0131rlar. G\u00f6r\u00fcrs\u00fcn\u00fcz ki, bizim d\u00fcz i\u015fimizi d\u0259 \u015f\u00fcbh\u0259 alt\u0131na al\u0131rlar, h\u0259r \u015fey\u0259 naraz\u0131l\u0131q bildirirl\u0259r, bu m\u0259s\u0259l\u0259 d\u0259 var. Demir\u0259m ki, onlar yax\u015f\u0131d\u0131r, bunlar pisdir. Lakin biz bu m\u00fchitd\u0259 inki\u015faf etmi\u015fik v\u0259 bizim ox\u015farl\u0131\u011f\u0131m\u0131z bura (Rusiya-E.P.) il\u0259 daha \u00e7oxdur, n\u0259inki ora (Avropa-E.P.) il\u0259. Ancaq bu, g\u0259l\u0259c\u0259yin i\u015fidir. H\u0259l\u0259lik biz balansla\u015fm\u0131\u015f siyas\u0259t apar\u0131r\u0131q, n\u0259 o, n\u0259 bu q\u00fcvv\u0259y\u0259 qo\u015fulmuruq. Amma gec-tezi var, m\u0259s\u0259l\u0259 bu \u015f\u0259kild\u0259 qala bilm\u0259z.<\/div>\n<div><b>\u00a0<\/b><\/div>\n<div><b>&#8211; \u018fg\u0259r g\u00fcn\u00fcn birind\u0259 G\u00f6mr\u00fck \u0130ttifaq\u0131 v\u0259 Avrasiya \u0130ttifaq\u0131 il\u0259 ba\u011fl\u0131 m\u0259s\u0259l\u0259 Milli M\u0259clisd\u0259 qald\u0131r\u0131lsa, sizin m\u00f6vqeyiniz nec\u0259 olacaq?<\/b><\/div>\n<div><\/div>\n<div>&#8211; M\u0259n hesab edir\u0259m ki, h\u0259l\u0259 tezdir, indi bu bar\u0259d\u0259 fikir s\u00f6yl\u0259m\u0259k h\u0259l\u0259 tezdir. Bizim Da\u011fl\u0131q Qaraba\u011f m\u0259s\u0259l\u0259miz h\u0259ll olunmay\u0131nca indiki \u015f\u0259rtl\u0259rl\u0259 ora getm\u0259k d\u00fczg\u00fcn deyil.<\/div>\n<div><b>\u00a0<\/b><\/div>\n<div><b>&#8211; Ancaq Az\u0259rbaycan Avropa il\u0259 d\u0259 m\u00fcharib\u0259 v\u0259ziyy\u0259tind\u0259dir&#8230;<\/b><\/div>\n<div><\/div>\n<div>&#8211; Yox, Avropa il\u0259 m\u00fcharib\u0259 v\u0259ziyy\u0259tind\u0259 deyilik. Avropan\u0131n standartlar\u0131, bax\u0131\u015flar\u0131 var, ancaq dem\u0259zdim ki, onlarla m\u00fcharib\u0259 v\u0259ziyy\u0259tind\u0259yik. Avropa, da q\u0259rib\u0259 \u015feyl\u0259r var. Tutaq ki, Avropa \u0130ttifaq\u0131n\u0131n n\u00fcmay\u0259nd\u0259 hey\u0259ti g\u0259lib bir \u015fey deyir, onlar\u0131n bir qurumu olan balaca bir institut is\u0259 ba\u015fqa \u015fey deyir v\u0259 onlar\u0131 t\u0259qsirkar bilir ki, \u201cs\u0259n m\u0259n dediyimiz niy\u0259 demirs\u0259n\u201d. Bax, bu m\u0259s\u0259l\u0259l\u0259r d\u0259 var.<\/div>\n<div><\/div>\n<div><b>&#8211; G\u00fcrc\u00fcstanla ba\u011fl\u0131 is\u0259 tamam f\u0259rqli m\u00f6vqe ortaya qoyuldu, n\u0259tic\u0259l\u0259r tan\u0131nd\u0131&#8230;<\/b><\/div>\n<div><\/div>\n<div>&#8211; G\u00fcrc\u00fcstan ba\u015fqa, biz ba\u015fqay\u0131q. G\u00fcrc\u00fcstandan he\u00e7 k\u0259s he\u00e7 n\u0259 ummur. D\u00f6vl\u0259tdir d\u0259, n\u0259 ziyan\u0131, n\u0259 xeyri var, ondan n\u0259s\u0259 \u0259ld\u0259 etm\u0259k m\u00fcmk\u00fcn deyil. Odur ki, ona m\u00fcnasib\u0259t tamamil\u0259 ba\u015fqad\u0131r.<\/div>\n<div><\/div>\n<div><b>&#8211; 2015-ci il\u0259d\u0259k Avrasiya \u0130ttifaq\u0131n\u0131n elan olunaca\u011f\u0131 bar\u0259d\u0259 Putinin anonsu oldu. Sizc\u0259, h\u0259min vaxtad\u0259k Az\u0259rbaycan\u0131 n\u0259 g\u00f6zl\u0259yir?<\/b><\/div>\n<div><\/div>\n<div>&#8211; Da\u011fl\u0131q Qaraba\u011f m\u0259s\u0259l\u0259si h\u0259ll olunmay\u0131nca bizim bu do\u011fru-d\u00fczg\u00fcn siyas\u0259timiz davam ed\u0259c\u0259k. Qaraba\u011f m\u0259s\u0259l\u0259si h\u0259llini tapandan sonra bu bar\u0259d\u0259 d\u00fc\u015f\u00fcnm\u0259k olar&#8230;<\/div>\n<div><\/div>\n<div><b>El\u015fad PA\u015eASOY, &#8220;Yeni M\u00fcsavat&#8221;.<\/b><\/div>\n","protected":false},"excerpt":{"rendered":"<p>&#8220;Deyirl\u0259r, qurunun oduna ya\u015f da yan\u0131r&#8221; MDB Parlament Assambleyas\u0131n\u0131n iclaslar\u0131na qat\u0131lmaq \u00fc\u00e7\u00fcn Rusiya Federasiyas\u0131n\u0131n Sankt-Peterburq \u015f\u0259h\u0259rin\u0259 s\u0259f\u0259r ed\u0259n deputatlar\u0131n Rusiyada az\u0259rbaycanl\u0131larla ba\u011fl\u0131 ba\u015f ver\u0259nl\u0259ri d\u0259 m\u00fczakir\u0259 ed\u0259c\u0259yi g\u00f6zl\u0259ntisi var idi. D\u00fczd\u00fcr, v\u0259ziyy\u0259tl\u0259 \u0259laq\u0259dar \u015fimal qon\u015fumuza deputatlardan ibar\u0259t ayr\u0131ca n\u00fcmay\u0259nd\u0259 hey\u0259tinin g\u00f6nd\u0259rilm\u0259si t\u0259\u015f\u0259bb\u00fcsl\u0259ri olsa da, bu, ba\u015f verm\u0259di. Parlament r\u0259hb\u0259rliyi durumun n\u0259zar\u0259td\u0259 saxland\u0131\u011f\u0131n\u0131 bildir\u0259r\u0259k deputat qrupunun [&hellip;]<\/p>\n","protected":false},"author":1,"featured_media":0,"comment_status":"open","ping_status":"open","sticky":false,"template":"","format":"standard","meta":{"footnotes":""},"categories":[21],"tags":[],"class_list":{"0":"post-13043","1":"post","2":"type-post","3":"status-publish","4":"format-standard","6":"category-zrdab"},"yoast_head":"<!-- This site is optimized with the Yoast SEO plugin v27.0 - https:\/\/yoast.com\/product\/yoast-seo-wordpress\/ -->\n<title>Arif R\u0259himzad\u0259: \u201cBizimkil\u0259r Rusiyada \u00f6zl\u0259rini yax\u015f\u0131 aparm\u0131rlar\u201d - Z\u0259rdab.com<\/title>\n<meta name=\"robots\" content=\"index, follow, max-snippet:-1, max-image-preview:large, max-video-preview:-1\" \/>\n<link rel=\"canonical\" href=\"https:\/\/www.zerdab.com\/?p=13043\" \/>\n<meta property=\"og:locale\" content=\"az_AZ\" \/>\n<meta property=\"og:type\" content=\"article\" \/>\n<meta property=\"og:title\" content=\"Arif R\u0259himzad\u0259: \u201cBizimkil\u0259r Rusiyada \u00f6zl\u0259rini yax\u015f\u0131 aparm\u0131rlar\u201d - Z\u0259rdab.com\" \/>\n<meta property=\"og:description\" content=\"&#8220;Deyirl\u0259r, qurunun oduna ya\u015f da yan\u0131r&#8221; MDB Parlament Assambleyas\u0131n\u0131n iclaslar\u0131na qat\u0131lmaq \u00fc\u00e7\u00fcn Rusiya Federasiyas\u0131n\u0131n Sankt-Peterburq \u015f\u0259h\u0259rin\u0259 s\u0259f\u0259r ed\u0259n deputatlar\u0131n Rusiyada az\u0259rbaycanl\u0131larla ba\u011fl\u0131 ba\u015f ver\u0259nl\u0259ri d\u0259 m\u00fczakir\u0259 ed\u0259c\u0259yi g\u00f6zl\u0259ntisi var idi. D\u00fczd\u00fcr, v\u0259ziyy\u0259tl\u0259 \u0259laq\u0259dar \u015fimal qon\u015fumuza deputatlardan ibar\u0259t ayr\u0131ca n\u00fcmay\u0259nd\u0259 hey\u0259tinin g\u00f6nd\u0259rilm\u0259si t\u0259\u015f\u0259bb\u00fcsl\u0259ri olsa da, bu, ba\u015f verm\u0259di. Parlament r\u0259hb\u0259rliyi durumun n\u0259zar\u0259td\u0259 saxland\u0131\u011f\u0131n\u0131 bildir\u0259r\u0259k deputat qrupunun [&hellip;]\" \/>\n<meta property=\"og:url\" content=\"https:\/\/www.zerdab.com\/?p=13043\" \/>\n<meta property=\"og:site_name\" content=\"Z\u0259rdab.com\" \/>\n<meta property=\"article:published_time\" content=\"2013-10-31T10:07:00+00:00\" \/>\n<meta name=\"author\" content=\"admin\" \/>\n<meta name=\"twitter:card\" content=\"summary_large_image\" \/>\n<meta name=\"twitter:label1\" content=\"Written by\" \/>\n\t<meta name=\"twitter:data1\" content=\"admin\" \/>\n\t<meta name=\"twitter:label2\" content=\"Est. reading time\" \/>\n\t<meta name=\"twitter:data2\" content=\"9 minutes\" \/>\n<script type=\"application\/ld+json\" class=\"yoast-schema-graph\">{\"@context\":\"https:\/\/schema.org\",\"@graph\":[{\"@type\":\"Article\",\"@id\":\"https:\/\/www.zerdab.com\/?p=13043#article\",\"isPartOf\":{\"@id\":\"https:\/\/www.zerdab.com\/?p=13043\"},\"author\":{\"name\":\"admin\",\"@id\":\"https:\/\/www.zerdab.com\/#\/schema\/person\/97079b7570c1e89ec0d9e138c3672136\"},\"headline\":\"Arif R\u0259himzad\u0259: \u201cBizimkil\u0259r Rusiyada \u00f6zl\u0259rini yax\u015f\u0131 aparm\u0131rlar\u201d\",\"datePublished\":\"2013-10-31T10:07:00+00:00\",\"mainEntityOfPage\":{\"@id\":\"https:\/\/www.zerdab.com\/?p=13043\"},\"wordCount\":1795,\"commentCount\":1,\"articleSection\":[\"C\u018fM\u0130YY\u018fT\"],\"inLanguage\":\"az\",\"potentialAction\":[{\"@type\":\"CommentAction\",\"name\":\"Comment\",\"target\":[\"https:\/\/www.zerdab.com\/?p=13043#respond\"]}]},{\"@type\":\"WebPage\",\"@id\":\"https:\/\/www.zerdab.com\/?p=13043\",\"url\":\"https:\/\/www.zerdab.com\/?p=13043\",\"name\":\"Arif R\u0259himzad\u0259: \u201cBizimkil\u0259r Rusiyada \u00f6zl\u0259rini yax\u015f\u0131 aparm\u0131rlar\u201d - Z\u0259rdab.com\",\"isPartOf\":{\"@id\":\"https:\/\/www.zerdab.com\/#website\"},\"datePublished\":\"2013-10-31T10:07:00+00:00\",\"author\":{\"@id\":\"https:\/\/www.zerdab.com\/#\/schema\/person\/97079b7570c1e89ec0d9e138c3672136\"},\"breadcrumb\":{\"@id\":\"https:\/\/www.zerdab.com\/?p=13043#breadcrumb\"},\"inLanguage\":\"az\",\"potentialAction\":[{\"@type\":\"ReadAction\",\"target\":[\"https:\/\/www.zerdab.com\/?p=13043\"]}]},{\"@type\":\"BreadcrumbList\",\"@id\":\"https:\/\/www.zerdab.com\/?p=13043#breadcrumb\",\"itemListElement\":[{\"@type\":\"ListItem\",\"position\":1,\"name\":\"Home\",\"item\":\"https:\/\/www.zerdab.com\/\"},{\"@type\":\"ListItem\",\"position\":2,\"name\":\"Arif R\u0259himzad\u0259: \u201cBizimkil\u0259r Rusiyada \u00f6zl\u0259rini yax\u015f\u0131 aparm\u0131rlar\u201d\"}]},{\"@type\":\"WebSite\",\"@id\":\"https:\/\/www.zerdab.com\/#website\",\"url\":\"https:\/\/www.zerdab.com\/\",\"name\":\"Z\u0259rdab.com\",\"description\":\"\",\"potentialAction\":[{\"@type\":\"SearchAction\",\"target\":{\"@type\":\"EntryPoint\",\"urlTemplate\":\"https:\/\/www.zerdab.com\/?s={search_term_string}\"},\"query-input\":{\"@type\":\"PropertyValueSpecification\",\"valueRequired\":true,\"valueName\":\"search_term_string\"}}],\"inLanguage\":\"az\"},{\"@type\":\"Person\",\"@id\":\"https:\/\/www.zerdab.com\/#\/schema\/person\/97079b7570c1e89ec0d9e138c3672136\",\"name\":\"admin\",\"image\":{\"@type\":\"ImageObject\",\"inLanguage\":\"az\",\"@id\":\"https:\/\/www.zerdab.com\/#\/schema\/person\/image\/\",\"url\":\"https:\/\/secure.gravatar.com\/avatar\/d9c52a9a27c32119cb6679a077fa3e2779e5f822c451cbf01098004361d466ec?s=96&d=mm&r=g\",\"contentUrl\":\"https:\/\/secure.gravatar.com\/avatar\/d9c52a9a27c32119cb6679a077fa3e2779e5f822c451cbf01098004361d466ec?s=96&d=mm&r=g\",\"caption\":\"admin\"},\"url\":\"https:\/\/www.zerdab.com\/?author=1\"}]}<\/script>\n<!-- \/ Yoast SEO plugin. -->","yoast_head_json":{"title":"Arif R\u0259himzad\u0259: \u201cBizimkil\u0259r Rusiyada \u00f6zl\u0259rini yax\u015f\u0131 aparm\u0131rlar\u201d - Z\u0259rdab.com","robots":{"index":"index","follow":"follow","max-snippet":"max-snippet:-1","max-image-preview":"max-image-preview:large","max-video-preview":"max-video-preview:-1"},"canonical":"https:\/\/www.zerdab.com\/?p=13043","og_locale":"az_AZ","og_type":"article","og_title":"Arif R\u0259himzad\u0259: \u201cBizimkil\u0259r Rusiyada \u00f6zl\u0259rini yax\u015f\u0131 aparm\u0131rlar\u201d - Z\u0259rdab.com","og_description":"&#8220;Deyirl\u0259r, qurunun oduna ya\u015f da yan\u0131r&#8221; MDB Parlament Assambleyas\u0131n\u0131n iclaslar\u0131na qat\u0131lmaq \u00fc\u00e7\u00fcn Rusiya Federasiyas\u0131n\u0131n Sankt-Peterburq \u015f\u0259h\u0259rin\u0259 s\u0259f\u0259r ed\u0259n deputatlar\u0131n Rusiyada az\u0259rbaycanl\u0131larla ba\u011fl\u0131 ba\u015f ver\u0259nl\u0259ri d\u0259 m\u00fczakir\u0259 ed\u0259c\u0259yi g\u00f6zl\u0259ntisi var idi. D\u00fczd\u00fcr, v\u0259ziyy\u0259tl\u0259 \u0259laq\u0259dar \u015fimal qon\u015fumuza deputatlardan ibar\u0259t ayr\u0131ca n\u00fcmay\u0259nd\u0259 hey\u0259tinin g\u00f6nd\u0259rilm\u0259si t\u0259\u015f\u0259bb\u00fcsl\u0259ri olsa da, bu, ba\u015f verm\u0259di. Parlament r\u0259hb\u0259rliyi durumun n\u0259zar\u0259td\u0259 saxland\u0131\u011f\u0131n\u0131 bildir\u0259r\u0259k deputat qrupunun [&hellip;]","og_url":"https:\/\/www.zerdab.com\/?p=13043","og_site_name":"Z\u0259rdab.com","article_published_time":"2013-10-31T10:07:00+00:00","author":"admin","twitter_card":"summary_large_image","twitter_misc":{"Written by":"admin","Est. reading time":"9 minutes"},"schema":{"@context":"https:\/\/schema.org","@graph":[{"@type":"Article","@id":"https:\/\/www.zerdab.com\/?p=13043#article","isPartOf":{"@id":"https:\/\/www.zerdab.com\/?p=13043"},"author":{"name":"admin","@id":"https:\/\/www.zerdab.com\/#\/schema\/person\/97079b7570c1e89ec0d9e138c3672136"},"headline":"Arif R\u0259himzad\u0259: \u201cBizimkil\u0259r Rusiyada \u00f6zl\u0259rini yax\u015f\u0131 aparm\u0131rlar\u201d","datePublished":"2013-10-31T10:07:00+00:00","mainEntityOfPage":{"@id":"https:\/\/www.zerdab.com\/?p=13043"},"wordCount":1795,"commentCount":1,"articleSection":["C\u018fM\u0130YY\u018fT"],"inLanguage":"az","potentialAction":[{"@type":"CommentAction","name":"Comment","target":["https:\/\/www.zerdab.com\/?p=13043#respond"]}]},{"@type":"WebPage","@id":"https:\/\/www.zerdab.com\/?p=13043","url":"https:\/\/www.zerdab.com\/?p=13043","name":"Arif R\u0259himzad\u0259: \u201cBizimkil\u0259r Rusiyada \u00f6zl\u0259rini yax\u015f\u0131 aparm\u0131rlar\u201d - Z\u0259rdab.com","isPartOf":{"@id":"https:\/\/www.zerdab.com\/#website"},"datePublished":"2013-10-31T10:07:00+00:00","author":{"@id":"https:\/\/www.zerdab.com\/#\/schema\/person\/97079b7570c1e89ec0d9e138c3672136"},"breadcrumb":{"@id":"https:\/\/www.zerdab.com\/?p=13043#breadcrumb"},"inLanguage":"az","potentialAction":[{"@type":"ReadAction","target":["https:\/\/www.zerdab.com\/?p=13043"]}]},{"@type":"BreadcrumbList","@id":"https:\/\/www.zerdab.com\/?p=13043#breadcrumb","itemListElement":[{"@type":"ListItem","position":1,"name":"Home","item":"https:\/\/www.zerdab.com\/"},{"@type":"ListItem","position":2,"name":"Arif R\u0259himzad\u0259: \u201cBizimkil\u0259r Rusiyada \u00f6zl\u0259rini yax\u015f\u0131 aparm\u0131rlar\u201d"}]},{"@type":"WebSite","@id":"https:\/\/www.zerdab.com\/#website","url":"https:\/\/www.zerdab.com\/","name":"Z\u0259rdab.com","description":"","potentialAction":[{"@type":"SearchAction","target":{"@type":"EntryPoint","urlTemplate":"https:\/\/www.zerdab.com\/?s={search_term_string}"},"query-input":{"@type":"PropertyValueSpecification","valueRequired":true,"valueName":"search_term_string"}}],"inLanguage":"az"},{"@type":"Person","@id":"https:\/\/www.zerdab.com\/#\/schema\/person\/97079b7570c1e89ec0d9e138c3672136","name":"admin","image":{"@type":"ImageObject","inLanguage":"az","@id":"https:\/\/www.zerdab.com\/#\/schema\/person\/image\/","url":"https:\/\/secure.gravatar.com\/avatar\/d9c52a9a27c32119cb6679a077fa3e2779e5f822c451cbf01098004361d466ec?s=96&d=mm&r=g","contentUrl":"https:\/\/secure.gravatar.com\/avatar\/d9c52a9a27c32119cb6679a077fa3e2779e5f822c451cbf01098004361d466ec?s=96&d=mm&r=g","caption":"admin"},"url":"https:\/\/www.zerdab.com\/?author=1"}]}},"_links":{"self":[{"href":"https:\/\/www.zerdab.com\/index.php?rest_route=\/wp\/v2\/posts\/13043","targetHints":{"allow":["GET"]}}],"collection":[{"href":"https:\/\/www.zerdab.com\/index.php?rest_route=\/wp\/v2\/posts"}],"about":[{"href":"https:\/\/www.zerdab.com\/index.php?rest_route=\/wp\/v2\/types\/post"}],"author":[{"embeddable":true,"href":"https:\/\/www.zerdab.com\/index.php?rest_route=\/wp\/v2\/users\/1"}],"replies":[{"embeddable":true,"href":"https:\/\/www.zerdab.com\/index.php?rest_route=%2Fwp%2Fv2%2Fcomments&post=13043"}],"version-history":[{"count":1,"href":"https:\/\/www.zerdab.com\/index.php?rest_route=\/wp\/v2\/posts\/13043\/revisions"}],"predecessor-version":[{"id":13045,"href":"https:\/\/www.zerdab.com\/index.php?rest_route=\/wp\/v2\/posts\/13043\/revisions\/13045"}],"wp:attachment":[{"href":"https:\/\/www.zerdab.com\/index.php?rest_route=%2Fwp%2Fv2%2Fmedia&parent=13043"}],"wp:term":[{"taxonomy":"category","embeddable":true,"href":"https:\/\/www.zerdab.com\/index.php?rest_route=%2Fwp%2Fv2%2Fcategories&post=13043"},{"taxonomy":"post_tag","embeddable":true,"href":"https:\/\/www.zerdab.com\/index.php?rest_route=%2Fwp%2Fv2%2Ftags&post=13043"}],"curies":[{"name":"wp","href":"https:\/\/api.w.org\/{rel}","templated":true}]}}