{"id":13049,"date":"2013-10-31T22:46:20","date_gmt":"2013-10-31T18:46:20","guid":{"rendered":"http:\/\/www.zerdab.com\/?p=13049"},"modified":"2013-10-31T22:50:23","modified_gmt":"2013-10-31T18:50:23","slug":"z%c9%99rdabda-aktiv%c9%99ms%c9%99-varam","status":"publish","type":"post","link":"https:\/\/www.zerdab.com\/?p=13049","title":{"rendered":"Z\u0259rdabda &#8220;Aktiv\u0259ms\u0259 varam&#8221;"},"content":{"rendered":"<p><strong><a href=\"http:\/\/www.zerdab.com\/wp-content\/uploads\/2013\/10\/Aktiv\u0259ms\u0259-varam.jpg\"><img loading=\"lazy\" decoding=\"async\" class=\"alignleft size-large wp-image-13050\" alt=\"Aktiv\u0259ms\u0259 varam\" src=\"http:\/\/www.zerdab.com\/wp-content\/uploads\/2013\/10\/Aktiv\u0259ms\u0259-varam-550x309.jpg\" width=\"550\" height=\"309\" \/><\/a>\u201cG\u0259ncliy\u0259 D\u0259st\u0259k\u201d \u0130ctimai Birliyi \u201c\u00a0 G\u0259ncl\u0259r v\u0259 \u0130dman Nazirliyinin maliyy\u0259 d\u0259st\u0259yi il\u0259 Z\u0259rdab rayonunda\u00a0 &#8220;Aktiv\u0259ms\u0259 varam&#8221; adl\u0131 layih\u0259nin icras\u0131na ba\u015flay\u0131b.<\/strong><\/p>\n<p>Layih\u0259nin m\u0259qs\u0259di g\u0259ncl\u0259r aras\u0131nda k\u00f6n\u00fcll\u00fcl\u00fck h\u0259r\u0259kat\u0131n\u0131n t\u0259bli\u011f olunmas\u0131, k\u00f6n\u00fcll\u00fcl\u0259r \u015f\u0259b\u0259k\u0259sinin yarad\u0131lmas\u0131 v\u0259 onlar\u0131n bilik v\u0259 bacar\u0131qlar\u0131n\u0131n art\u0131r\u0131lmas\u0131 yolu il\u0259 aktiv f\u0259aliyy\u0259tl\u0259rinin t\u0259min edilm\u0259sidir.<\/p>\n<p>Layih\u0259 zaman\u0131 t\u0259liml\u0259r, seminarlar v\u0259 praktik f\u0259aliyy\u0259tl\u0259rin h\u0259yata ke\u00e7irilm\u0259si planla\u015fd\u0131r\u0131l\u0131r.<\/p>\n<p>Bel\u0259 ki, orta m\u0259kt\u0259bl\u0259rd\u0259 \u015fagirdl\u0259r \u00fc\u00e7\u00fcn maarifl\u0259ndirici seminarlar t\u0259\u015fkil olunacaq, 20 n\u0259f\u0259r k\u00f6n\u00fcll\u00fcd\u0259n ibar\u0259t \u201cK\u00f6n\u00fcll\u00fc G\u0259ncl\u0259r Klubu\u201d yarad\u0131lacaq v\u0259 onlara 2 g\u00fcnl\u00fck t\u0259liml\u0259r ke\u00e7iril\u0259c\u0259kdir. T\u0259liml\u0259rd\u0259 \u201ck\u00f6n\u00fcll\u00fcl\u00fck n\u0259dir\u201d, \u201ck\u00f6n\u00fcll\u00fcl\u00fcy\u00fcn tarixi\u201d, \u201cK\u00f6n\u00fcll\u00fc F\u0259aliyy\u0259ti Haqq\u0131nda Az\u0259rbaycan Respublikas\u0131n\u0131n\u00a0 Qanunu\u201d, \u201ck\u00f6n\u00fcll\u00fcl\u00fckl\u0259 ba\u011fl\u0131 beyn\u0259lxalq t\u0259cr\u00fcb\u0259\u201d, \u201ck\u00f6n\u00fcll\u00fcl\u00fcy\u00fcn c\u0259miyy\u0259tin inki\u015faf\u0131na t\u00f6vh\u0259si\u201d, \u201ck\u00f6n\u00fcll\u00fcl\u00fcy\u00fcn g\u0259ncl\u0259rin inki\u015faf\u0131nda v\u0259\u00a0 karyeras\u0131nda u\u011furu\u201d, \u201cSosial Xidml\u0259t haqq\u0131nda Az\u0259rbaycan Respublikas\u0131n\u0131n\u00a0 Qanunun\u201d, &#8220;Az\u0259rbaycan g\u0259ncliyi 2011-2015-ci ill\u0259rd\u0259&#8221; D\u00f6vl\u0259t Proqram\u0131 haqq\u0131nda m\u0259lumatlar veril\u0259c\u0259kdir. T\u0259liml\u0259r interaktiv metodla apar\u0131lacaq. Eyni zamanda \u00a0qeyri-formal v\u0259 interaktiv t\u0259lim \u00fcsullar\u0131, t\u0259qdimatlar, qrup i\u015fl\u0259ri, m\u00fczakir\u0259l\u0259r, i\u015ftirak\u00e7\u0131 v\u0259 m\u00fct\u0259x\u0259ssisl\u0259rl\u0259 fikir m\u00fcbadil\u0259sinin apar\u0131lmas\u0131 v\u0259 t\u0259qdimatlar\u0131n ke\u00e7irilm\u0259si d\u0259 n\u0259z\u0259rd\u0259 tutulur.<\/p>\n<p>Layih\u0259 \u00e7\u0259r\u00e7iv\u0259sind\u0259 \u018fSMM-n sosial i\u015f\u00e7il\u0259rinin, G\u0259ncl\u0259r v\u0259 \u0130dman \u0130dar\u0259l\u0259rinin, Q\u0131z\u0131l Aypara c\u0259miyy\u0259tinin n\u00fcmay\u0259nd\u0259l\u0259rinin k\u00f6n\u00fcll\u00fcl\u0259rl\u0259rl\u0259 g\u00f6r\u00fc\u015fl\u0259ri t\u0259\u015fkil olunacaq, h\u0259min t\u0259\u015fkilatlar\u0131n f\u0259aliyy\u0259tl\u0259ri il\u0259\u00a0 tan\u0131\u015fl\u0131q v\u0259\u00a0 g\u0259l\u0259c\u0259kd\u0259 onlar\u0131n i\u015fl\u0259rin\u0259 c\u0259lb edilm\u0259si i\u015fl\u0259ri h\u0259yata ke\u00e7iril\u0259c\u0259kdir.<\/p>\n<p>K\u00f6n\u00fcll\u00fc G\u0259ncl\u0259r Klubu i\u015ftirak\u00e7\u0131lar\u0131n\u0131n se\u00e7ilm\u0259si motivasiya \u0259sas\u0131nda apar\u0131lacaqd\u0131r. Bunun \u00fc\u00e7\u00fcn ali\u00a0 t\u0259hsil alan, y\u00fcks\u0259k nitq qabiliyy\u0259tin\u0259 malik, t\u0259liml\u0259r\u0259 haz\u0131rl\u0131q v\u0259 t\u0259\u015fkili m\u0259s\u0259l\u0259l\u0259rind\u0259 \u00f6z\u00fcn\u0259 g\u00fcv\u0259n\u0259n g\u0259ncl\u0259r <a href=\"http:\/\/gdib.org\/form\/\">http:\/\/gdib.org\/form\/<\/a> sayt\u0131nda qeydiyyatdan ke\u00e7\u0259r\u0259k i\u015ftirak h\u00fcququ \u0259ld\u0259 ed\u0259c\u0259kl\u0259r.<\/p>\n<p>T\u0259lim ke\u00e7mi\u015f K\u00f6n\u00fcll\u00fc G\u0259ncl\u0259r Klubu (KGK) m\u0259kt\u0259bl\u0259rd\u0259 seminarlar\u0131n ke\u00e7irilm\u0259sind\u0259 i\u015ftirak ed\u0259c\u0259k.<\/p>\n<p>Qeyd ed\u0259k ki ,layih\u0259 Az\u0259rbaycan g\u0259ncliyi 2011-2015-ci ill\u0259rd\u0259\u201d D\u00f6vl\u0259t Proqram\u0131n\u0131n 6.5.9 yar\u0131mb\u0259ndinin (<em>G\u0259ncl\u0259rin k\u00f6n\u00fcll\u00fc f\u0259aliyy\u0259t\u0259 h\u0259v\u0259sl\u0259ndirilm\u0259si<\/em>) icras\u0131 m\u0259qs\u0259dil\u0259 h\u0259yata ke\u00e7irilir.<\/p>\n","protected":false},"excerpt":{"rendered":"<p>\u201cG\u0259ncliy\u0259 D\u0259st\u0259k\u201d \u0130ctimai Birliyi \u201c\u00a0 G\u0259ncl\u0259r v\u0259 \u0130dman Nazirliyinin maliyy\u0259 d\u0259st\u0259yi il\u0259 Z\u0259rdab rayonunda\u00a0 &#8220;Aktiv\u0259ms\u0259 varam&#8221; adl\u0131 layih\u0259nin icras\u0131na ba\u015flay\u0131b. Layih\u0259nin m\u0259qs\u0259di g\u0259ncl\u0259r aras\u0131nda k\u00f6n\u00fcll\u00fcl\u00fck h\u0259r\u0259kat\u0131n\u0131n t\u0259bli\u011f olunmas\u0131, k\u00f6n\u00fcll\u00fcl\u0259r \u015f\u0259b\u0259k\u0259sinin yarad\u0131lmas\u0131 v\u0259 onlar\u0131n bilik v\u0259 bacar\u0131qlar\u0131n\u0131n art\u0131r\u0131lmas\u0131 yolu il\u0259 aktiv f\u0259aliyy\u0259tl\u0259rinin t\u0259min edilm\u0259sidir. Layih\u0259 zaman\u0131 t\u0259liml\u0259r, seminarlar v\u0259 praktik f\u0259aliyy\u0259tl\u0259rin h\u0259yata ke\u00e7irilm\u0259si planla\u015fd\u0131r\u0131l\u0131r. Bel\u0259 ki, [&hellip;]<\/p>\n","protected":false},"author":1,"featured_media":0,"comment_status":"open","ping_status":"open","sticky":false,"template":"","format":"standard","meta":{"footnotes":""},"categories":[21],"tags":[],"class_list":{"0":"post-13049","1":"post","2":"type-post","3":"status-publish","4":"format-standard","6":"category-zrdab"},"yoast_head":"<!-- This site is optimized with the Yoast SEO plugin v27.0 - https:\/\/yoast.com\/product\/yoast-seo-wordpress\/ -->\n<title>Z\u0259rdabda &quot;Aktiv\u0259ms\u0259 varam&quot;  - Z\u0259rdab.com<\/title>\n<meta name=\"robots\" content=\"index, follow, max-snippet:-1, max-image-preview:large, max-video-preview:-1\" \/>\n<link rel=\"canonical\" href=\"https:\/\/www.zerdab.com\/?p=13049\" \/>\n<meta property=\"og:locale\" content=\"az_AZ\" \/>\n<meta property=\"og:type\" content=\"article\" \/>\n<meta property=\"og:title\" content=\"Z\u0259rdabda &quot;Aktiv\u0259ms\u0259 varam&quot;  - Z\u0259rdab.com\" \/>\n<meta property=\"og:description\" content=\"\u201cG\u0259ncliy\u0259 D\u0259st\u0259k\u201d \u0130ctimai Birliyi \u201c\u00a0 G\u0259ncl\u0259r v\u0259 \u0130dman Nazirliyinin maliyy\u0259 d\u0259st\u0259yi il\u0259 Z\u0259rdab rayonunda\u00a0 &#8220;Aktiv\u0259ms\u0259 varam&#8221; adl\u0131 layih\u0259nin icras\u0131na ba\u015flay\u0131b. Layih\u0259nin m\u0259qs\u0259di g\u0259ncl\u0259r aras\u0131nda k\u00f6n\u00fcll\u00fcl\u00fck h\u0259r\u0259kat\u0131n\u0131n t\u0259bli\u011f olunmas\u0131, k\u00f6n\u00fcll\u00fcl\u0259r \u015f\u0259b\u0259k\u0259sinin yarad\u0131lmas\u0131 v\u0259 onlar\u0131n bilik v\u0259 bacar\u0131qlar\u0131n\u0131n art\u0131r\u0131lmas\u0131 yolu il\u0259 aktiv f\u0259aliyy\u0259tl\u0259rinin t\u0259min edilm\u0259sidir. Layih\u0259 zaman\u0131 t\u0259liml\u0259r, seminarlar v\u0259 praktik f\u0259aliyy\u0259tl\u0259rin h\u0259yata ke\u00e7irilm\u0259si planla\u015fd\u0131r\u0131l\u0131r. Bel\u0259 ki, [&hellip;]\" \/>\n<meta property=\"og:url\" content=\"https:\/\/www.zerdab.com\/?p=13049\" \/>\n<meta property=\"og:site_name\" content=\"Z\u0259rdab.com\" \/>\n<meta property=\"article:published_time\" content=\"2013-10-31T18:46:20+00:00\" \/>\n<meta property=\"article:modified_time\" content=\"2013-10-31T18:50:23+00:00\" \/>\n<meta name=\"author\" content=\"admin\" \/>\n<meta name=\"twitter:card\" content=\"summary_large_image\" \/>\n<meta name=\"twitter:label1\" content=\"Written by\" \/>\n\t<meta name=\"twitter:data1\" content=\"admin\" \/>\n\t<meta name=\"twitter:label2\" content=\"Est. reading time\" \/>\n\t<meta name=\"twitter:data2\" content=\"3 minutes\" \/>\n<script type=\"application\/ld+json\" class=\"yoast-schema-graph\">{\"@context\":\"https:\/\/schema.org\",\"@graph\":[{\"@type\":\"Article\",\"@id\":\"https:\/\/www.zerdab.com\/?p=13049#article\",\"isPartOf\":{\"@id\":\"https:\/\/www.zerdab.com\/?p=13049\"},\"author\":{\"name\":\"admin\",\"@id\":\"https:\/\/www.zerdab.com\/#\/schema\/person\/97079b7570c1e89ec0d9e138c3672136\"},\"headline\":\"Z\u0259rdabda &#8220;Aktiv\u0259ms\u0259 varam&#8221;\",\"datePublished\":\"2013-10-31T18:46:20+00:00\",\"dateModified\":\"2013-10-31T18:50:23+00:00\",\"mainEntityOfPage\":{\"@id\":\"https:\/\/www.zerdab.com\/?p=13049\"},\"wordCount\":542,\"commentCount\":0,\"articleSection\":[\"C\u018fM\u0130YY\u018fT\"],\"inLanguage\":\"az\",\"potentialAction\":[{\"@type\":\"CommentAction\",\"name\":\"Comment\",\"target\":[\"https:\/\/www.zerdab.com\/?p=13049#respond\"]}]},{\"@type\":\"WebPage\",\"@id\":\"https:\/\/www.zerdab.com\/?p=13049\",\"url\":\"https:\/\/www.zerdab.com\/?p=13049\",\"name\":\"Z\u0259rdabda \\\"Aktiv\u0259ms\u0259 varam\\\" - Z\u0259rdab.com\",\"isPartOf\":{\"@id\":\"https:\/\/www.zerdab.com\/#website\"},\"datePublished\":\"2013-10-31T18:46:20+00:00\",\"dateModified\":\"2013-10-31T18:50:23+00:00\",\"author\":{\"@id\":\"https:\/\/www.zerdab.com\/#\/schema\/person\/97079b7570c1e89ec0d9e138c3672136\"},\"breadcrumb\":{\"@id\":\"https:\/\/www.zerdab.com\/?p=13049#breadcrumb\"},\"inLanguage\":\"az\",\"potentialAction\":[{\"@type\":\"ReadAction\",\"target\":[\"https:\/\/www.zerdab.com\/?p=13049\"]}]},{\"@type\":\"BreadcrumbList\",\"@id\":\"https:\/\/www.zerdab.com\/?p=13049#breadcrumb\",\"itemListElement\":[{\"@type\":\"ListItem\",\"position\":1,\"name\":\"Home\",\"item\":\"https:\/\/www.zerdab.com\/\"},{\"@type\":\"ListItem\",\"position\":2,\"name\":\"Z\u0259rdabda &#8220;Aktiv\u0259ms\u0259 varam&#8221;\"}]},{\"@type\":\"WebSite\",\"@id\":\"https:\/\/www.zerdab.com\/#website\",\"url\":\"https:\/\/www.zerdab.com\/\",\"name\":\"Z\u0259rdab.com\",\"description\":\"\",\"potentialAction\":[{\"@type\":\"SearchAction\",\"target\":{\"@type\":\"EntryPoint\",\"urlTemplate\":\"https:\/\/www.zerdab.com\/?s={search_term_string}\"},\"query-input\":{\"@type\":\"PropertyValueSpecification\",\"valueRequired\":true,\"valueName\":\"search_term_string\"}}],\"inLanguage\":\"az\"},{\"@type\":\"Person\",\"@id\":\"https:\/\/www.zerdab.com\/#\/schema\/person\/97079b7570c1e89ec0d9e138c3672136\",\"name\":\"admin\",\"image\":{\"@type\":\"ImageObject\",\"inLanguage\":\"az\",\"@id\":\"https:\/\/www.zerdab.com\/#\/schema\/person\/image\/\",\"url\":\"https:\/\/secure.gravatar.com\/avatar\/d9c52a9a27c32119cb6679a077fa3e2779e5f822c451cbf01098004361d466ec?s=96&d=mm&r=g\",\"contentUrl\":\"https:\/\/secure.gravatar.com\/avatar\/d9c52a9a27c32119cb6679a077fa3e2779e5f822c451cbf01098004361d466ec?s=96&d=mm&r=g\",\"caption\":\"admin\"},\"url\":\"https:\/\/www.zerdab.com\/?author=1\"}]}<\/script>\n<!-- \/ Yoast SEO plugin. -->","yoast_head_json":{"title":"Z\u0259rdabda \"Aktiv\u0259ms\u0259 varam\"  - Z\u0259rdab.com","robots":{"index":"index","follow":"follow","max-snippet":"max-snippet:-1","max-image-preview":"max-image-preview:large","max-video-preview":"max-video-preview:-1"},"canonical":"https:\/\/www.zerdab.com\/?p=13049","og_locale":"az_AZ","og_type":"article","og_title":"Z\u0259rdabda \"Aktiv\u0259ms\u0259 varam\"  - Z\u0259rdab.com","og_description":"\u201cG\u0259ncliy\u0259 D\u0259st\u0259k\u201d \u0130ctimai Birliyi \u201c\u00a0 G\u0259ncl\u0259r v\u0259 \u0130dman Nazirliyinin maliyy\u0259 d\u0259st\u0259yi il\u0259 Z\u0259rdab rayonunda\u00a0 &#8220;Aktiv\u0259ms\u0259 varam&#8221; adl\u0131 layih\u0259nin icras\u0131na ba\u015flay\u0131b. Layih\u0259nin m\u0259qs\u0259di g\u0259ncl\u0259r aras\u0131nda k\u00f6n\u00fcll\u00fcl\u00fck h\u0259r\u0259kat\u0131n\u0131n t\u0259bli\u011f olunmas\u0131, k\u00f6n\u00fcll\u00fcl\u0259r \u015f\u0259b\u0259k\u0259sinin yarad\u0131lmas\u0131 v\u0259 onlar\u0131n bilik v\u0259 bacar\u0131qlar\u0131n\u0131n art\u0131r\u0131lmas\u0131 yolu il\u0259 aktiv f\u0259aliyy\u0259tl\u0259rinin t\u0259min edilm\u0259sidir. Layih\u0259 zaman\u0131 t\u0259liml\u0259r, seminarlar v\u0259 praktik f\u0259aliyy\u0259tl\u0259rin h\u0259yata ke\u00e7irilm\u0259si planla\u015fd\u0131r\u0131l\u0131r. Bel\u0259 ki, [&hellip;]","og_url":"https:\/\/www.zerdab.com\/?p=13049","og_site_name":"Z\u0259rdab.com","article_published_time":"2013-10-31T18:46:20+00:00","article_modified_time":"2013-10-31T18:50:23+00:00","author":"admin","twitter_card":"summary_large_image","twitter_misc":{"Written by":"admin","Est. reading time":"3 minutes"},"schema":{"@context":"https:\/\/schema.org","@graph":[{"@type":"Article","@id":"https:\/\/www.zerdab.com\/?p=13049#article","isPartOf":{"@id":"https:\/\/www.zerdab.com\/?p=13049"},"author":{"name":"admin","@id":"https:\/\/www.zerdab.com\/#\/schema\/person\/97079b7570c1e89ec0d9e138c3672136"},"headline":"Z\u0259rdabda &#8220;Aktiv\u0259ms\u0259 varam&#8221;","datePublished":"2013-10-31T18:46:20+00:00","dateModified":"2013-10-31T18:50:23+00:00","mainEntityOfPage":{"@id":"https:\/\/www.zerdab.com\/?p=13049"},"wordCount":542,"commentCount":0,"articleSection":["C\u018fM\u0130YY\u018fT"],"inLanguage":"az","potentialAction":[{"@type":"CommentAction","name":"Comment","target":["https:\/\/www.zerdab.com\/?p=13049#respond"]}]},{"@type":"WebPage","@id":"https:\/\/www.zerdab.com\/?p=13049","url":"https:\/\/www.zerdab.com\/?p=13049","name":"Z\u0259rdabda \"Aktiv\u0259ms\u0259 varam\" - Z\u0259rdab.com","isPartOf":{"@id":"https:\/\/www.zerdab.com\/#website"},"datePublished":"2013-10-31T18:46:20+00:00","dateModified":"2013-10-31T18:50:23+00:00","author":{"@id":"https:\/\/www.zerdab.com\/#\/schema\/person\/97079b7570c1e89ec0d9e138c3672136"},"breadcrumb":{"@id":"https:\/\/www.zerdab.com\/?p=13049#breadcrumb"},"inLanguage":"az","potentialAction":[{"@type":"ReadAction","target":["https:\/\/www.zerdab.com\/?p=13049"]}]},{"@type":"BreadcrumbList","@id":"https:\/\/www.zerdab.com\/?p=13049#breadcrumb","itemListElement":[{"@type":"ListItem","position":1,"name":"Home","item":"https:\/\/www.zerdab.com\/"},{"@type":"ListItem","position":2,"name":"Z\u0259rdabda &#8220;Aktiv\u0259ms\u0259 varam&#8221;"}]},{"@type":"WebSite","@id":"https:\/\/www.zerdab.com\/#website","url":"https:\/\/www.zerdab.com\/","name":"Z\u0259rdab.com","description":"","potentialAction":[{"@type":"SearchAction","target":{"@type":"EntryPoint","urlTemplate":"https:\/\/www.zerdab.com\/?s={search_term_string}"},"query-input":{"@type":"PropertyValueSpecification","valueRequired":true,"valueName":"search_term_string"}}],"inLanguage":"az"},{"@type":"Person","@id":"https:\/\/www.zerdab.com\/#\/schema\/person\/97079b7570c1e89ec0d9e138c3672136","name":"admin","image":{"@type":"ImageObject","inLanguage":"az","@id":"https:\/\/www.zerdab.com\/#\/schema\/person\/image\/","url":"https:\/\/secure.gravatar.com\/avatar\/d9c52a9a27c32119cb6679a077fa3e2779e5f822c451cbf01098004361d466ec?s=96&d=mm&r=g","contentUrl":"https:\/\/secure.gravatar.com\/avatar\/d9c52a9a27c32119cb6679a077fa3e2779e5f822c451cbf01098004361d466ec?s=96&d=mm&r=g","caption":"admin"},"url":"https:\/\/www.zerdab.com\/?author=1"}]}},"_links":{"self":[{"href":"https:\/\/www.zerdab.com\/index.php?rest_route=\/wp\/v2\/posts\/13049","targetHints":{"allow":["GET"]}}],"collection":[{"href":"https:\/\/www.zerdab.com\/index.php?rest_route=\/wp\/v2\/posts"}],"about":[{"href":"https:\/\/www.zerdab.com\/index.php?rest_route=\/wp\/v2\/types\/post"}],"author":[{"embeddable":true,"href":"https:\/\/www.zerdab.com\/index.php?rest_route=\/wp\/v2\/users\/1"}],"replies":[{"embeddable":true,"href":"https:\/\/www.zerdab.com\/index.php?rest_route=%2Fwp%2Fv2%2Fcomments&post=13049"}],"version-history":[{"count":1,"href":"https:\/\/www.zerdab.com\/index.php?rest_route=\/wp\/v2\/posts\/13049\/revisions"}],"predecessor-version":[{"id":13051,"href":"https:\/\/www.zerdab.com\/index.php?rest_route=\/wp\/v2\/posts\/13049\/revisions\/13051"}],"wp:attachment":[{"href":"https:\/\/www.zerdab.com\/index.php?rest_route=%2Fwp%2Fv2%2Fmedia&parent=13049"}],"wp:term":[{"taxonomy":"category","embeddable":true,"href":"https:\/\/www.zerdab.com\/index.php?rest_route=%2Fwp%2Fv2%2Fcategories&post=13049"},{"taxonomy":"post_tag","embeddable":true,"href":"https:\/\/www.zerdab.com\/index.php?rest_route=%2Fwp%2Fv2%2Ftags&post=13049"}],"curies":[{"name":"wp","href":"https:\/\/api.w.org\/{rel}","templated":true}]}}