{"id":13137,"date":"2013-11-08T07:32:21","date_gmt":"2013-11-08T03:32:21","guid":{"rendered":"http:\/\/www.zerdab.com\/?p=13137"},"modified":"2013-11-08T10:41:16","modified_gmt":"2013-11-08T06:41:16","slug":"jal%c9%99-%c9%99liyeva-h%c9%99r-bir-t%c9%99klif-c%c9%99miyy%c9%99tin-sosial-t%c9%99l%c9%99bind%c9%99n-qaynaqlanmalidir","status":"publish","type":"post","link":"https:\/\/www.zerdab.com\/?p=13137","title":{"rendered":"&#8220;H\u0259r bir t\u0259klif c\u0259miyy\u0259tin sosial t\u0259l\u0259bind\u0259n qaynaqlanmal\u0131d\u0131r&#8221;"},"content":{"rendered":"<figure id=\"attachment_12530\" aria-describedby=\"caption-attachment-12530\" style=\"width: 426px\" class=\"wp-caption aligncenter\"><a href=\"http:\/\/www.zerdab.com\/wp-content\/uploads\/2013\/10\/Jal\u0259-\u018fliyeva-.jpg\"><img loading=\"lazy\" decoding=\"async\" class=\"size-full wp-image-12530\" alt=\"Jal\u0259 \u018fliyeva\" src=\"http:\/\/www.zerdab.com\/wp-content\/uploads\/2013\/10\/Jal\u0259-\u018fliyeva-.jpg\" width=\"426\" height=\"383\" \/><\/a><figcaption id=\"caption-attachment-12530\" class=\"wp-caption-text\"><strong>Jal\u0259 \u018fliyeva. Milli M\u0259clisin deputat\u0131,<\/strong><br \/><strong>Filiologiya eliml\u0259ri doktoru, BDU-nun professoru.<\/strong><\/figcaption><\/figure>\n<p><strong>&#8220;T\u0259qvimin aylar\u0131n\u0131n adlar\u0131n\u0131n d\u0259yi\u015fdirilm\u0259si t\u0259klifinin edilm\u0259sini ilk d\u0259f\u0259dir ki, e\u015fidir\u0259m. M\u0259n\u0259 \u00fcmumiyy\u0259tl\u0259 bel\u0259 bir t\u0259klifin n\u0259 \u00fc\u00e7\u00fcn bird\u0259n-bir\u0259 ortaya \u00e7\u0131xmas\u0131 ayd\u0131n deyil, bu n\u0259y\u0259 \u0259sas\u0259n edilib?&#8221;<\/strong> Bu s\u00f6zl\u0259ri Milli M\u0259clisin deputat\u0131 <strong>Jal\u0259 \u018fliyeva<\/strong> s\u00f6z\u00fcged\u0259n m\u0259s\u0259l\u0259 il\u0259 ba\u011fl\u0131 \u015f\u0259rh ver\u0259rk\u0259n dil\u0259 g\u0259tirib.<br \/>\nXat\u0131rladaq ki, \u201cYeni N\u0259sil\u201d G\u0259ncl\u0259rin \u0130nki\u015faf\u0131na D\u0259st\u0259k \u0130ctimai Birliyinin s\u0259dri Atat\u00fcrk Kamall\u0131 t\u0259qvimd\u0259ki aylar\u0131n adlar\u0131na d\u0259yi\u015fiklikl\u0259r edilm\u0259si il\u0259 \u0259laq\u0259dar m\u00fcbahis\u0259l\u0259r do\u011furan t\u0259\u015f\u0259bb\u00fcsl\u0259 \u00e7\u0131x\u0131\u015f edib v\u0259 \u00f6z variantlar\u0131n\u0131 t\u0259klif edib.<br \/>\nMill\u0259t v\u0259kilinin s\u00f6zl\u0259rin\u0259 g\u00f6r\u0259, bel\u0259 bir t\u0259klifl\u0259 \u00e7\u0131x\u0131\u015f etm\u0259zd\u0259n \u0259vv\u0259l, bel\u0259 bir t\u0259\u015f\u0259bb\u00fcs\u00fcn ir\u0259li s\u00fcr\u00fclm\u0259si \u00fc\u00e7\u00fcn c\u0259miyy\u0259td\u0259 sosial t\u0259l\u0259bin olub-olmamas\u0131n\u0131 ara\u015fd\u0131rmaq laz\u0131md\u0131r.<br \/>\n\u201cH\u0259r bir t\u0259klif rasional olmal\u0131 v\u0259 c\u0259miyy\u0259tin sosial t\u0259l\u0259bind\u0259n qaynaqlanmal\u0131d\u0131r. Bizim istifad\u0259 etdiyimiz t\u0259qvim aylar\u0131 adlar\u0131 var v\u0259 bu adlar b\u00fct\u00fcn d\u00fcnyada q\u0259bul olunub. Bel\u0259 olan halda, aylar\u0131n adlar\u0131n\u0131n d\u0259yi\u015fdirilm\u0259si biz\u0259 n\u0259 ver\u0259c\u0259k?\u201d \u2013 mill\u0259t v\u0259kili deyib.<br \/>\nJal\u0259 \u018fliyeva bildirib ki, \u00fcmumiyy\u0259tl\u0259, bu t\u0259klifl\u0259 ba\u011fl\u0131 m\u00fcsb\u0259t n\u0259s\u0259 dem\u0259k d\u0259 m\u00fcmk\u00fcn deyil.<br \/>\n\u201c\u015e\u0259xs\u0259n m\u0259n aylar\u0131n adlar\u0131n\u0131n d\u0259yi\u015fdirilm\u0259si \u00fc\u00e7\u00fcn h\u0259r hans\u0131 \u0259sas g\u00f6rm\u00fcr\u0259m\u201d, &#8211; o deyib. Deputat h\u0259m\u00e7inin qeyd edib ki, bu m\u0259s\u0259l\u0259 il\u0259 ba\u011fl\u0131 deputat h\u0259mkarlar\u0131ndan bel\u0259 bir t\u0259klif e\u015fitm\u0259yib. Bununla yana\u015f\u0131, J.\u018fliyeva bildirib ki, h\u0259r k\u0259sin \u00f6z \u015f\u0259xsi m\u00f6vqeyi ola bil\u0259r.<br \/>\n\u201cBu n\u00f6qteyi-n\u0259z\u0259rd\u0259n, m\u0259n h\u0259r bir t\u0259klif\u0259 h\u00f6rm\u0259tl\u0259 yana\u015f\u0131ram, lakin dem\u0259liy\u0259m ki, edil\u0259n t\u0259klif \u0259sasland\u0131r\u0131lmal\u0131d\u0131r\u201d \u2013 o deyib.<\/p>\n","protected":false},"excerpt":{"rendered":"<p>&#8220;T\u0259qvimin aylar\u0131n\u0131n adlar\u0131n\u0131n d\u0259yi\u015fdirilm\u0259si t\u0259klifinin edilm\u0259sini ilk d\u0259f\u0259dir ki, e\u015fidir\u0259m. M\u0259n\u0259 \u00fcmumiyy\u0259tl\u0259 bel\u0259 bir t\u0259klifin n\u0259 \u00fc\u00e7\u00fcn bird\u0259n-bir\u0259 ortaya \u00e7\u0131xmas\u0131 ayd\u0131n deyil, bu n\u0259y\u0259 \u0259sas\u0259n edilib?&#8221; Bu s\u00f6zl\u0259ri Milli M\u0259clisin deputat\u0131 Jal\u0259 \u018fliyeva s\u00f6z\u00fcged\u0259n m\u0259s\u0259l\u0259 il\u0259 ba\u011fl\u0131 \u015f\u0259rh ver\u0259rk\u0259n dil\u0259 g\u0259tirib. Xat\u0131rladaq ki, \u201cYeni N\u0259sil\u201d G\u0259ncl\u0259rin \u0130nki\u015faf\u0131na D\u0259st\u0259k \u0130ctimai Birliyinin s\u0259dri Atat\u00fcrk Kamall\u0131 t\u0259qvimd\u0259ki aylar\u0131n [&hellip;]<\/p>\n","protected":false},"author":1,"featured_media":0,"comment_status":"open","ping_status":"open","sticky":false,"template":"","format":"standard","meta":{"footnotes":""},"categories":[21],"tags":[],"class_list":{"0":"post-13137","1":"post","2":"type-post","3":"status-publish","4":"format-standard","6":"category-zrdab"},"yoast_head":"<!-- This site is optimized with the Yoast SEO plugin v27.0 - https:\/\/yoast.com\/product\/yoast-seo-wordpress\/ -->\n<title>&quot;H\u0259r bir t\u0259klif c\u0259miyy\u0259tin sosial t\u0259l\u0259bind\u0259n qaynaqlanmal\u0131d\u0131r&quot; - Z\u0259rdab.com<\/title>\n<meta name=\"robots\" content=\"index, follow, max-snippet:-1, max-image-preview:large, max-video-preview:-1\" \/>\n<link rel=\"canonical\" href=\"https:\/\/www.zerdab.com\/?p=13137\" \/>\n<meta property=\"og:locale\" content=\"az_AZ\" \/>\n<meta property=\"og:type\" content=\"article\" \/>\n<meta property=\"og:title\" content=\"&quot;H\u0259r bir t\u0259klif c\u0259miyy\u0259tin sosial t\u0259l\u0259bind\u0259n qaynaqlanmal\u0131d\u0131r&quot; - Z\u0259rdab.com\" \/>\n<meta property=\"og:description\" content=\"&#8220;T\u0259qvimin aylar\u0131n\u0131n adlar\u0131n\u0131n d\u0259yi\u015fdirilm\u0259si t\u0259klifinin edilm\u0259sini ilk d\u0259f\u0259dir ki, e\u015fidir\u0259m. M\u0259n\u0259 \u00fcmumiyy\u0259tl\u0259 bel\u0259 bir t\u0259klifin n\u0259 \u00fc\u00e7\u00fcn bird\u0259n-bir\u0259 ortaya \u00e7\u0131xmas\u0131 ayd\u0131n deyil, bu n\u0259y\u0259 \u0259sas\u0259n edilib?&#8221; Bu s\u00f6zl\u0259ri Milli M\u0259clisin deputat\u0131 Jal\u0259 \u018fliyeva s\u00f6z\u00fcged\u0259n m\u0259s\u0259l\u0259 il\u0259 ba\u011fl\u0131 \u015f\u0259rh ver\u0259rk\u0259n dil\u0259 g\u0259tirib. Xat\u0131rladaq ki, \u201cYeni N\u0259sil\u201d G\u0259ncl\u0259rin \u0130nki\u015faf\u0131na D\u0259st\u0259k \u0130ctimai Birliyinin s\u0259dri Atat\u00fcrk Kamall\u0131 t\u0259qvimd\u0259ki aylar\u0131n [&hellip;]\" \/>\n<meta property=\"og:url\" content=\"https:\/\/www.zerdab.com\/?p=13137\" \/>\n<meta property=\"og:site_name\" content=\"Z\u0259rdab.com\" \/>\n<meta property=\"article:published_time\" content=\"2013-11-08T03:32:21+00:00\" \/>\n<meta property=\"article:modified_time\" content=\"2013-11-08T06:41:16+00:00\" \/>\n<meta name=\"author\" content=\"admin\" \/>\n<meta name=\"twitter:card\" content=\"summary_large_image\" \/>\n<meta name=\"twitter:label1\" content=\"Written by\" \/>\n\t<meta name=\"twitter:data1\" content=\"admin\" \/>\n\t<meta name=\"twitter:label2\" content=\"Est. reading time\" \/>\n\t<meta name=\"twitter:data2\" content=\"2 minutes\" \/>\n<script type=\"application\/ld+json\" class=\"yoast-schema-graph\">{\"@context\":\"https:\/\/schema.org\",\"@graph\":[{\"@type\":\"Article\",\"@id\":\"https:\/\/www.zerdab.com\/?p=13137#article\",\"isPartOf\":{\"@id\":\"https:\/\/www.zerdab.com\/?p=13137\"},\"author\":{\"name\":\"admin\",\"@id\":\"https:\/\/www.zerdab.com\/#\/schema\/person\/97079b7570c1e89ec0d9e138c3672136\"},\"headline\":\"&#8220;H\u0259r bir t\u0259klif c\u0259miyy\u0259tin sosial t\u0259l\u0259bind\u0259n qaynaqlanmal\u0131d\u0131r&#8221;\",\"datePublished\":\"2013-11-08T03:32:21+00:00\",\"dateModified\":\"2013-11-08T06:41:16+00:00\",\"mainEntityOfPage\":{\"@id\":\"https:\/\/www.zerdab.com\/?p=13137\"},\"wordCount\":396,\"commentCount\":0,\"articleSection\":[\"C\u018fM\u0130YY\u018fT\"],\"inLanguage\":\"az\",\"potentialAction\":[{\"@type\":\"CommentAction\",\"name\":\"Comment\",\"target\":[\"https:\/\/www.zerdab.com\/?p=13137#respond\"]}]},{\"@type\":\"WebPage\",\"@id\":\"https:\/\/www.zerdab.com\/?p=13137\",\"url\":\"https:\/\/www.zerdab.com\/?p=13137\",\"name\":\"\\\"H\u0259r bir t\u0259klif c\u0259miyy\u0259tin sosial t\u0259l\u0259bind\u0259n qaynaqlanmal\u0131d\u0131r\\\" - Z\u0259rdab.com\",\"isPartOf\":{\"@id\":\"https:\/\/www.zerdab.com\/#website\"},\"datePublished\":\"2013-11-08T03:32:21+00:00\",\"dateModified\":\"2013-11-08T06:41:16+00:00\",\"author\":{\"@id\":\"https:\/\/www.zerdab.com\/#\/schema\/person\/97079b7570c1e89ec0d9e138c3672136\"},\"breadcrumb\":{\"@id\":\"https:\/\/www.zerdab.com\/?p=13137#breadcrumb\"},\"inLanguage\":\"az\",\"potentialAction\":[{\"@type\":\"ReadAction\",\"target\":[\"https:\/\/www.zerdab.com\/?p=13137\"]}]},{\"@type\":\"BreadcrumbList\",\"@id\":\"https:\/\/www.zerdab.com\/?p=13137#breadcrumb\",\"itemListElement\":[{\"@type\":\"ListItem\",\"position\":1,\"name\":\"Home\",\"item\":\"https:\/\/www.zerdab.com\/\"},{\"@type\":\"ListItem\",\"position\":2,\"name\":\"&#8220;H\u0259r bir t\u0259klif c\u0259miyy\u0259tin sosial t\u0259l\u0259bind\u0259n qaynaqlanmal\u0131d\u0131r&#8221;\"}]},{\"@type\":\"WebSite\",\"@id\":\"https:\/\/www.zerdab.com\/#website\",\"url\":\"https:\/\/www.zerdab.com\/\",\"name\":\"Z\u0259rdab.com\",\"description\":\"\",\"potentialAction\":[{\"@type\":\"SearchAction\",\"target\":{\"@type\":\"EntryPoint\",\"urlTemplate\":\"https:\/\/www.zerdab.com\/?s={search_term_string}\"},\"query-input\":{\"@type\":\"PropertyValueSpecification\",\"valueRequired\":true,\"valueName\":\"search_term_string\"}}],\"inLanguage\":\"az\"},{\"@type\":\"Person\",\"@id\":\"https:\/\/www.zerdab.com\/#\/schema\/person\/97079b7570c1e89ec0d9e138c3672136\",\"name\":\"admin\",\"image\":{\"@type\":\"ImageObject\",\"inLanguage\":\"az\",\"@id\":\"https:\/\/www.zerdab.com\/#\/schema\/person\/image\/\",\"url\":\"https:\/\/secure.gravatar.com\/avatar\/d9c52a9a27c32119cb6679a077fa3e2779e5f822c451cbf01098004361d466ec?s=96&d=mm&r=g\",\"contentUrl\":\"https:\/\/secure.gravatar.com\/avatar\/d9c52a9a27c32119cb6679a077fa3e2779e5f822c451cbf01098004361d466ec?s=96&d=mm&r=g\",\"caption\":\"admin\"},\"url\":\"https:\/\/www.zerdab.com\/?author=1\"}]}<\/script>\n<!-- \/ Yoast SEO plugin. -->","yoast_head_json":{"title":"\"H\u0259r bir t\u0259klif c\u0259miyy\u0259tin sosial t\u0259l\u0259bind\u0259n qaynaqlanmal\u0131d\u0131r\" - Z\u0259rdab.com","robots":{"index":"index","follow":"follow","max-snippet":"max-snippet:-1","max-image-preview":"max-image-preview:large","max-video-preview":"max-video-preview:-1"},"canonical":"https:\/\/www.zerdab.com\/?p=13137","og_locale":"az_AZ","og_type":"article","og_title":"\"H\u0259r bir t\u0259klif c\u0259miyy\u0259tin sosial t\u0259l\u0259bind\u0259n qaynaqlanmal\u0131d\u0131r\" - Z\u0259rdab.com","og_description":"&#8220;T\u0259qvimin aylar\u0131n\u0131n adlar\u0131n\u0131n d\u0259yi\u015fdirilm\u0259si t\u0259klifinin edilm\u0259sini ilk d\u0259f\u0259dir ki, e\u015fidir\u0259m. M\u0259n\u0259 \u00fcmumiyy\u0259tl\u0259 bel\u0259 bir t\u0259klifin n\u0259 \u00fc\u00e7\u00fcn bird\u0259n-bir\u0259 ortaya \u00e7\u0131xmas\u0131 ayd\u0131n deyil, bu n\u0259y\u0259 \u0259sas\u0259n edilib?&#8221; Bu s\u00f6zl\u0259ri Milli M\u0259clisin deputat\u0131 Jal\u0259 \u018fliyeva s\u00f6z\u00fcged\u0259n m\u0259s\u0259l\u0259 il\u0259 ba\u011fl\u0131 \u015f\u0259rh ver\u0259rk\u0259n dil\u0259 g\u0259tirib. Xat\u0131rladaq ki, \u201cYeni N\u0259sil\u201d G\u0259ncl\u0259rin \u0130nki\u015faf\u0131na D\u0259st\u0259k \u0130ctimai Birliyinin s\u0259dri Atat\u00fcrk Kamall\u0131 t\u0259qvimd\u0259ki aylar\u0131n [&hellip;]","og_url":"https:\/\/www.zerdab.com\/?p=13137","og_site_name":"Z\u0259rdab.com","article_published_time":"2013-11-08T03:32:21+00:00","article_modified_time":"2013-11-08T06:41:16+00:00","author":"admin","twitter_card":"summary_large_image","twitter_misc":{"Written by":"admin","Est. reading time":"2 minutes"},"schema":{"@context":"https:\/\/schema.org","@graph":[{"@type":"Article","@id":"https:\/\/www.zerdab.com\/?p=13137#article","isPartOf":{"@id":"https:\/\/www.zerdab.com\/?p=13137"},"author":{"name":"admin","@id":"https:\/\/www.zerdab.com\/#\/schema\/person\/97079b7570c1e89ec0d9e138c3672136"},"headline":"&#8220;H\u0259r bir t\u0259klif c\u0259miyy\u0259tin sosial t\u0259l\u0259bind\u0259n qaynaqlanmal\u0131d\u0131r&#8221;","datePublished":"2013-11-08T03:32:21+00:00","dateModified":"2013-11-08T06:41:16+00:00","mainEntityOfPage":{"@id":"https:\/\/www.zerdab.com\/?p=13137"},"wordCount":396,"commentCount":0,"articleSection":["C\u018fM\u0130YY\u018fT"],"inLanguage":"az","potentialAction":[{"@type":"CommentAction","name":"Comment","target":["https:\/\/www.zerdab.com\/?p=13137#respond"]}]},{"@type":"WebPage","@id":"https:\/\/www.zerdab.com\/?p=13137","url":"https:\/\/www.zerdab.com\/?p=13137","name":"\"H\u0259r bir t\u0259klif c\u0259miyy\u0259tin sosial t\u0259l\u0259bind\u0259n qaynaqlanmal\u0131d\u0131r\" - Z\u0259rdab.com","isPartOf":{"@id":"https:\/\/www.zerdab.com\/#website"},"datePublished":"2013-11-08T03:32:21+00:00","dateModified":"2013-11-08T06:41:16+00:00","author":{"@id":"https:\/\/www.zerdab.com\/#\/schema\/person\/97079b7570c1e89ec0d9e138c3672136"},"breadcrumb":{"@id":"https:\/\/www.zerdab.com\/?p=13137#breadcrumb"},"inLanguage":"az","potentialAction":[{"@type":"ReadAction","target":["https:\/\/www.zerdab.com\/?p=13137"]}]},{"@type":"BreadcrumbList","@id":"https:\/\/www.zerdab.com\/?p=13137#breadcrumb","itemListElement":[{"@type":"ListItem","position":1,"name":"Home","item":"https:\/\/www.zerdab.com\/"},{"@type":"ListItem","position":2,"name":"&#8220;H\u0259r bir t\u0259klif c\u0259miyy\u0259tin sosial t\u0259l\u0259bind\u0259n qaynaqlanmal\u0131d\u0131r&#8221;"}]},{"@type":"WebSite","@id":"https:\/\/www.zerdab.com\/#website","url":"https:\/\/www.zerdab.com\/","name":"Z\u0259rdab.com","description":"","potentialAction":[{"@type":"SearchAction","target":{"@type":"EntryPoint","urlTemplate":"https:\/\/www.zerdab.com\/?s={search_term_string}"},"query-input":{"@type":"PropertyValueSpecification","valueRequired":true,"valueName":"search_term_string"}}],"inLanguage":"az"},{"@type":"Person","@id":"https:\/\/www.zerdab.com\/#\/schema\/person\/97079b7570c1e89ec0d9e138c3672136","name":"admin","image":{"@type":"ImageObject","inLanguage":"az","@id":"https:\/\/www.zerdab.com\/#\/schema\/person\/image\/","url":"https:\/\/secure.gravatar.com\/avatar\/d9c52a9a27c32119cb6679a077fa3e2779e5f822c451cbf01098004361d466ec?s=96&d=mm&r=g","contentUrl":"https:\/\/secure.gravatar.com\/avatar\/d9c52a9a27c32119cb6679a077fa3e2779e5f822c451cbf01098004361d466ec?s=96&d=mm&r=g","caption":"admin"},"url":"https:\/\/www.zerdab.com\/?author=1"}]}},"_links":{"self":[{"href":"https:\/\/www.zerdab.com\/index.php?rest_route=\/wp\/v2\/posts\/13137","targetHints":{"allow":["GET"]}}],"collection":[{"href":"https:\/\/www.zerdab.com\/index.php?rest_route=\/wp\/v2\/posts"}],"about":[{"href":"https:\/\/www.zerdab.com\/index.php?rest_route=\/wp\/v2\/types\/post"}],"author":[{"embeddable":true,"href":"https:\/\/www.zerdab.com\/index.php?rest_route=\/wp\/v2\/users\/1"}],"replies":[{"embeddable":true,"href":"https:\/\/www.zerdab.com\/index.php?rest_route=%2Fwp%2Fv2%2Fcomments&post=13137"}],"version-history":[{"count":4,"href":"https:\/\/www.zerdab.com\/index.php?rest_route=\/wp\/v2\/posts\/13137\/revisions"}],"predecessor-version":[{"id":13145,"href":"https:\/\/www.zerdab.com\/index.php?rest_route=\/wp\/v2\/posts\/13137\/revisions\/13145"}],"wp:attachment":[{"href":"https:\/\/www.zerdab.com\/index.php?rest_route=%2Fwp%2Fv2%2Fmedia&parent=13137"}],"wp:term":[{"taxonomy":"category","embeddable":true,"href":"https:\/\/www.zerdab.com\/index.php?rest_route=%2Fwp%2Fv2%2Fcategories&post=13137"},{"taxonomy":"post_tag","embeddable":true,"href":"https:\/\/www.zerdab.com\/index.php?rest_route=%2Fwp%2Fv2%2Ftags&post=13137"}],"curies":[{"name":"wp","href":"https:\/\/api.w.org\/{rel}","templated":true}]}}