{"id":13212,"date":"2013-11-09T17:36:58","date_gmt":"2013-11-09T13:36:58","guid":{"rendered":"http:\/\/www.zerdab.com\/?p=13212"},"modified":"2013-11-09T17:51:37","modified_gmt":"2013-11-09T13:51:37","slug":"z%c9%99rdabda-dovl%c9%99t-bayragi-gunu-qeyd-edildi-fotolar","status":"publish","type":"post","link":"https:\/\/www.zerdab.com\/?p=13212","title":{"rendered":"Z\u0259rdabda D\u00f6vl\u0259t Bayra\u011f\u0131 G\u00fcn\u00fc qeyd edildi \u2013 Fotolar"},"content":{"rendered":"<p><a href=\"http:\/\/www.zerdab.com\/wp-content\/uploads\/2013\/11\/D\u00f6vl\u0259t-Bayra\u011f\u0131-G\u00fcn\u00fc4.jpg\"><img loading=\"lazy\" decoding=\"async\" class=\"aligncenter size-large wp-image-13213\" alt=\"D\u00f6vl\u0259t Bayra\u011f\u0131 G\u00fcn\u00fc\" src=\"http:\/\/www.zerdab.com\/wp-content\/uploads\/2013\/11\/D\u00f6vl\u0259t-Bayra\u011f\u0131-G\u00fcn\u00fc4-550x365.jpg\" width=\"550\" height=\"365\" \/><\/a>Z\u0259rdab \u015f\u0259h\u0259rinin D\u00f6vl\u0259t Bayra\u011f\u0131 meydan\u0131nda 9 Noyabr D\u00f6vl\u0259t Bayra\u011f\u0131 G\u00fcn\u00fcn\u0259 h\u0259sr olunmu\u015f \u00fcmumrayon toplant\u0131s\u0131 ke\u00e7irilib.<\/p>\n<p>Y\u0131\u011f\u0131ncaq i\u015ftirak\u00e7\u0131lar\u0131 \u0259vv\u0259lc\u0259 Ulu \u00d6nd\u0259r Heyd\u0259r \u018fliyevin abid\u0259si \u00f6n\u00fcn\u0259 g\u00fcl-\u00e7i\u00e7\u0259k d\u0259st\u0259l\u0259ri qoyublar. Sonra ictimaiyy\u0259t n\u00fcmay\u0259nd\u0259l\u0259ri u\u015faqlar\u0131n \u0259l i\u015fl\u0259rind\u0259n ibar\u0259t s\u0259rgi il\u0259 tan\u0131\u015f olublar.<\/p>\n<p>Zerdab.com sayt\u0131n\u0131n m\u0259lumat\u0131na g\u00f6r\u0259, daha sonra r\u0259smi hiss\u0259 Rayon \u0130cra Hakimiyy\u0259tinin ba\u015f\u00e7\u0131s\u0131 L\u00fctv\u0259li Babayevin \u00e7\u0131x\u0131\u015f\u0131 il\u0259 davam edib. L\u00fctv\u0259li Babayev \u00e7\u0131x\u0131\u015f ed\u0259r\u0259k bildirib ki, Az\u0259rbaycan Respublikas\u0131n\u0131n d\u00f6vl\u0259t bayra\u011f\u0131 1918-ci il noyabr\u0131n 9-da Az\u0259rbaycan Xalq C\u00fcmhuriyy\u0259ti h\u00f6kum\u0259tinin iclas\u0131nda q\u0259bul edilib v\u0259 1920-ci ilin aprel ay\u0131nad\u0259k d\u00f6vl\u0259t statusuna malik olub. Az\u0259rbaycan Respublikas\u0131 m\u00fcst\u0259qilliyini b\u0259rpa etdikd\u0259n sonra Az\u0259rbaycan\u0131n d\u00f6vl\u0259t bayra\u011f\u0131 milli m\u00fcst\u0259qilliyin simvolu kimi \u00f6lk\u0259mizin b\u00fct\u00fcn v\u0259t\u0259nda\u015flar\u0131 \u00fc\u00e7\u00fcn m\u00fcq\u0259dd\u0259s d\u00f6vl\u0259t\u00e7ilik r\u0259mzl\u0259rind\u0259n birin\u0259 \u00e7evrilib.<\/p>\n<p>H\u0259min bayraq 1990-c\u0131 il noyabr\u0131n 17-d\u0259 Nax\u00e7\u0131van Muxtar Respublikas\u0131n\u0131n Ali M\u0259clisinin s\u0259dri, xalq\u0131m\u0131z\u0131n \u00fcmummilli lideri Heyd\u0259r \u018fliyevin t\u0259\u015f\u0259bb\u00fcs\u00fc v\u0259 r\u0259hb\u0259rliyi il\u0259 ke\u00e7iril\u0259n sessiyada Nax\u00e7\u0131van Muxtar Respublikas\u0131n\u0131n d\u00f6vl\u0259t bayra\u011f\u0131 olaraq t\u0259sdiq edilib. Az\u0259rbaycan Respublikas\u0131n\u0131n Prezidenti c\u0259nab \u0130lham \u018fliyevin 17 noyabr 2009-cu il tarixli s\u0259r\u0259ncam\u0131 il\u0259 9 noyabr tarixi Az\u0259rbaycan Respublikas\u0131n\u0131n D\u00f6vl\u0259t Bayra\u011f\u0131 G\u00fcn\u00fc kimi t\u0259sis olunub. D\u00f6vl\u0259t Bayra\u011f\u0131 G\u00fcn\u00fc art\u0131q d\u00f6rd\u00fcnc\u00fc ildir qeyd edilir. H\u0259r bir d\u00f6vl\u0259tin bayra\u011f\u0131 h\u0259min \u00f6lk\u0259nin, mill\u0259tin kimliyini, milli-dini m\u0259nsubiyy\u0259tini, hans\u0131 amallar u\u011frunda m\u00fcbariz\u0259 apard\u0131\u011f\u0131n\u0131 ifad\u0259 ed\u0259n x\u00fcsusi q\u00fcrur m\u0259nb\u0259yidir. Z\u0259rdab Rayon \u0130cra Hakimiyy\u0259tinin ba\u015f\u00e7\u0131s\u0131 b\u00fct\u00fcn rayon sakinl\u0259rini bu \u0259lam\u0259tdar g\u00fcn m\u00fcnasib\u0259til\u0259 t\u0259brik ed\u0259r\u0259k, d\u00f6vl\u0259t atributlar\u0131m\u0131z\u0131n, o c\u00fcml\u0259d\u0259n bayra\u011f\u0131m\u0131z\u0131n m\u00fcq\u0259dd\u0259sliyi v\u0259 bayra\u011f\u0131m\u0131za ehtiram g\u00f6st\u0259rilm\u0259sinin h\u0259r bir v\u0259t\u0259nda\u015f\u0131n borcu oldu\u011funu vur\u011fulay\u0131b. L. Babayev qeyd edib ki, Z\u0259rdabda \u015f\u0259h\u0259rin m\u0259rk\u0259zi hiss\u0259sind\u0259 \u00dcmummilli lider Heyd\u0259r \u018fliyevin ilk d\u0259f\u0259 hakimiyy\u0259t\u0259 g\u0259li\u015finin 42-ci ild\u00f6n\u00fcm\u00fc m\u00fcnasib\u0259til\u0259 14 iyul 2011-ci ild\u0259 42 metr h\u00fcnd\u00fcrl\u00fckd\u0259 bayraq qald\u0131r\u0131l\u0131b v\u0259 D\u00f6vl\u0259t Bayra\u011f\u0131 meydan\u0131 sal\u0131n\u0131b.<\/p>\n<p>Daha sonra Heyd\u0259r \u018fliyev park\u0131nda ba\u011f\u00e7a ya\u015fl\u0131 u\u015faqlar, m\u0259kt\u0259blil\u0259r D\u00f6vl\u0259t Bayra\u011f\u0131m\u0131za h\u0259sr olunmu\u015f \u015feirl\u0259r s\u00f6yl\u0259yib, r\u0259qs edibl\u0259r.<\/p>\n<p>T\u0259dbir rayon M\u0259d\u0259niyy\u0259t Evinin kollektivinin m\u00f6ht\u0259\u015f\u0259m konsert proqram\u0131 il\u0259 davam edib.<\/p>\n<p><a href=\"http:\/\/www.zerdab.com\/wp-content\/uploads\/2013\/11\/D\u00f6vl\u0259t-Bayra\u011f\u0131-G\u00fcn\u00fc6.jpg\"><img loading=\"lazy\" decoding=\"async\" class=\"aligncenter size-large wp-image-13220\" alt=\"D\u00f6vl\u0259t Bayra\u011f\u0131 G\u00fcn\u00fc\" src=\"http:\/\/www.zerdab.com\/wp-content\/uploads\/2013\/11\/D\u00f6vl\u0259t-Bayra\u011f\u0131-G\u00fcn\u00fc6-550x365.jpg\" width=\"550\" height=\"365\" \/><\/a><a href=\"http:\/\/www.zerdab.com\/wp-content\/uploads\/2013\/11\/D\u00f6vl\u0259t-Bayra\u011f\u0131-G\u00fcn\u00fc7.jpg\"><img loading=\"lazy\" decoding=\"async\" class=\"aligncenter size-large wp-image-13221\" alt=\"D\u00f6vl\u0259t Bayra\u011f\u0131 G\u00fcn\u00fc\" src=\"http:\/\/www.zerdab.com\/wp-content\/uploads\/2013\/11\/D\u00f6vl\u0259t-Bayra\u011f\u0131-G\u00fcn\u00fc7-550x365.jpg\" width=\"550\" height=\"365\" \/><\/a><a href=\"http:\/\/www.zerdab.com\/wp-content\/uploads\/2013\/11\/D\u00f6vl\u0259t-Bayra\u011f\u0131-G\u00fcn\u00fc888.jpg\"><img loading=\"lazy\" decoding=\"async\" class=\"aligncenter size-large wp-image-13223\" alt=\"D\u00f6vl\u0259t Bayra\u011f\u0131 G\u00fcn\u00fc\" src=\"http:\/\/www.zerdab.com\/wp-content\/uploads\/2013\/11\/D\u00f6vl\u0259t-Bayra\u011f\u0131-G\u00fcn\u00fc888-521x550.jpg\" width=\"521\" height=\"550\" \/><\/a><a href=\"http:\/\/www.zerdab.com\/wp-content\/uploads\/2013\/11\/D\u00f6vl\u0259t-Bayra\u011f\u0131-G\u00fcn\u00fc3.jpg\"><img loading=\"lazy\" decoding=\"async\" class=\"aligncenter size-large wp-image-13217\" alt=\"D\u00f6vl\u0259t Bayra\u011f\u0131 G\u00fcn\u00fc\" src=\"http:\/\/www.zerdab.com\/wp-content\/uploads\/2013\/11\/D\u00f6vl\u0259t-Bayra\u011f\u0131-G\u00fcn\u00fc3-550x365.jpg\" width=\"550\" height=\"365\" \/><\/a><a href=\"http:\/\/www.zerdab.com\/wp-content\/uploads\/2013\/11\/D\u00f6vl\u0259t-Bayra\u011f\u0131-G\u00fcn\u00fc2.jpg\"><img loading=\"lazy\" decoding=\"async\" class=\"aligncenter size-large wp-image-13216\" alt=\"D\u00f6vl\u0259t Bayra\u011f\u0131 G\u00fcn\u00fc\" src=\"http:\/\/www.zerdab.com\/wp-content\/uploads\/2013\/11\/D\u00f6vl\u0259t-Bayra\u011f\u0131-G\u00fcn\u00fc2-550x365.jpg\" width=\"550\" height=\"365\" \/><\/a><a href=\"http:\/\/www.zerdab.com\/wp-content\/uploads\/2013\/11\/D\u00f6vl\u0259t-Bayra\u011f\u0131-G\u00fcn\u00fc1.jpg\"><img loading=\"lazy\" decoding=\"async\" class=\"aligncenter size-large wp-image-13215\" alt=\"D\u00f6vl\u0259t Bayra\u011f\u0131 G\u00fcn\u00fc\" src=\"http:\/\/www.zerdab.com\/wp-content\/uploads\/2013\/11\/D\u00f6vl\u0259t-Bayra\u011f\u0131-G\u00fcn\u00fc1-550x365.jpg\" width=\"550\" height=\"365\" \/><\/a><a href=\"http:\/\/www.zerdab.com\/wp-content\/uploads\/2013\/11\/D\u00f6vl\u0259t-Bayra\u011f\u0131-G\u00fcn\u00fc.jpg\"><img loading=\"lazy\" decoding=\"async\" class=\"aligncenter size-large wp-image-13214\" alt=\"D\u00f6vl\u0259t Bayra\u011f\u0131 G\u00fcn\u00fc\" src=\"http:\/\/www.zerdab.com\/wp-content\/uploads\/2013\/11\/D\u00f6vl\u0259t-Bayra\u011f\u0131-G\u00fcn\u00fc-550x365.jpg\" width=\"550\" height=\"365\" \/><\/a><a href=\"http:\/\/www.zerdab.com\/wp-content\/uploads\/2013\/11\/Z\u018fRDAB-RAYON-HEYD\u018fR-\u018fL\u0130YEV-M\u018fRK\u018fZ\u013012.jpg\"><img loading=\"lazy\" decoding=\"async\" class=\"aligncenter size-large wp-image-13198\" alt=\"D\u00f6vl\u0259t Bayra\u011f\u0131 G\u00fcn\u00fc\" src=\"http:\/\/www.zerdab.com\/wp-content\/uploads\/2013\/11\/Z\u018fRDAB-RAYON-HEYD\u018fR-\u018fL\u0130YEV-M\u018fRK\u018fZ\u013012-550x412.jpg\" width=\"550\" height=\"412\" \/><\/a><a href=\"http:\/\/www.zerdab.com\/wp-content\/uploads\/2013\/11\/Z\u018fRDAB-RAYON-HEYD\u018fR-\u018fL\u0130YEV-M\u018fRK\u018fZ\u013013.jpg\"><img loading=\"lazy\" decoding=\"async\" class=\"aligncenter size-large wp-image-13199\" alt=\"D\u00f6vl\u0259t Bayra\u011f\u0131 G\u00fcn\u00fc\" src=\"http:\/\/www.zerdab.com\/wp-content\/uploads\/2013\/11\/Z\u018fRDAB-RAYON-HEYD\u018fR-\u018fL\u0130YEV-M\u018fRK\u018fZ\u013013-550x412.jpg\" width=\"550\" height=\"412\" \/><\/a><a href=\"http:\/\/www.zerdab.com\/wp-content\/uploads\/2013\/11\/D\u00f6vl\u0259t-Bayra\u011f\u0131-G\u00fcn\u00fc5.jpg\"><img loading=\"lazy\" decoding=\"async\" class=\"aligncenter size-large wp-image-13219\" alt=\"D\u00f6vl\u0259t Bayra\u011f\u0131 G\u00fcn\u00fc\" src=\"http:\/\/www.zerdab.com\/wp-content\/uploads\/2013\/11\/D\u00f6vl\u0259t-Bayra\u011f\u0131-G\u00fcn\u00fc5-550x365.jpg\" width=\"550\" height=\"365\" \/><\/a><\/p>\n","protected":false},"excerpt":{"rendered":"<p>Z\u0259rdab \u015f\u0259h\u0259rinin D\u00f6vl\u0259t Bayra\u011f\u0131 meydan\u0131nda 9 Noyabr D\u00f6vl\u0259t Bayra\u011f\u0131 G\u00fcn\u00fcn\u0259 h\u0259sr olunmu\u015f \u00fcmumrayon toplant\u0131s\u0131 ke\u00e7irilib. Y\u0131\u011f\u0131ncaq i\u015ftirak\u00e7\u0131lar\u0131 \u0259vv\u0259lc\u0259 Ulu \u00d6nd\u0259r Heyd\u0259r \u018fliyevin abid\u0259si \u00f6n\u00fcn\u0259 g\u00fcl-\u00e7i\u00e7\u0259k d\u0259st\u0259l\u0259ri qoyublar. Sonra ictimaiyy\u0259t n\u00fcmay\u0259nd\u0259l\u0259ri u\u015faqlar\u0131n \u0259l i\u015fl\u0259rind\u0259n ibar\u0259t s\u0259rgi il\u0259 tan\u0131\u015f olublar. Zerdab.com sayt\u0131n\u0131n m\u0259lumat\u0131na g\u00f6r\u0259, daha sonra r\u0259smi hiss\u0259 Rayon \u0130cra Hakimiyy\u0259tinin ba\u015f\u00e7\u0131s\u0131 L\u00fctv\u0259li Babayevin \u00e7\u0131x\u0131\u015f\u0131 il\u0259 davam [&hellip;]<\/p>\n","protected":false},"author":1,"featured_media":0,"comment_status":"open","ping_status":"open","sticky":false,"template":"","format":"standard","meta":{"footnotes":""},"categories":[5],"tags":[],"class_list":{"0":"post-13212","1":"post","2":"type-post","3":"status-publish","4":"format-standard","6":"category-knd"},"yoast_head":"<!-- This site is optimized with the Yoast SEO plugin v27.0 - https:\/\/yoast.com\/product\/yoast-seo-wordpress\/ -->\n<title>Z\u0259rdabda D\u00f6vl\u0259t Bayra\u011f\u0131 G\u00fcn\u00fc qeyd edildi \u2013 Fotolar - Z\u0259rdab.com<\/title>\n<meta name=\"robots\" content=\"index, follow, max-snippet:-1, max-image-preview:large, max-video-preview:-1\" \/>\n<link rel=\"canonical\" href=\"https:\/\/www.zerdab.com\/?p=13212\" \/>\n<meta property=\"og:locale\" content=\"az_AZ\" \/>\n<meta property=\"og:type\" content=\"article\" \/>\n<meta property=\"og:title\" content=\"Z\u0259rdabda D\u00f6vl\u0259t Bayra\u011f\u0131 G\u00fcn\u00fc qeyd edildi \u2013 Fotolar - Z\u0259rdab.com\" \/>\n<meta property=\"og:description\" content=\"Z\u0259rdab \u015f\u0259h\u0259rinin D\u00f6vl\u0259t Bayra\u011f\u0131 meydan\u0131nda 9 Noyabr D\u00f6vl\u0259t Bayra\u011f\u0131 G\u00fcn\u00fcn\u0259 h\u0259sr olunmu\u015f \u00fcmumrayon toplant\u0131s\u0131 ke\u00e7irilib. Y\u0131\u011f\u0131ncaq i\u015ftirak\u00e7\u0131lar\u0131 \u0259vv\u0259lc\u0259 Ulu \u00d6nd\u0259r Heyd\u0259r \u018fliyevin abid\u0259si \u00f6n\u00fcn\u0259 g\u00fcl-\u00e7i\u00e7\u0259k d\u0259st\u0259l\u0259ri qoyublar. Sonra ictimaiyy\u0259t n\u00fcmay\u0259nd\u0259l\u0259ri u\u015faqlar\u0131n \u0259l i\u015fl\u0259rind\u0259n ibar\u0259t s\u0259rgi il\u0259 tan\u0131\u015f olublar. Zerdab.com sayt\u0131n\u0131n m\u0259lumat\u0131na g\u00f6r\u0259, daha sonra r\u0259smi hiss\u0259 Rayon \u0130cra Hakimiyy\u0259tinin ba\u015f\u00e7\u0131s\u0131 L\u00fctv\u0259li Babayevin \u00e7\u0131x\u0131\u015f\u0131 il\u0259 davam [&hellip;]\" \/>\n<meta property=\"og:url\" content=\"https:\/\/www.zerdab.com\/?p=13212\" \/>\n<meta property=\"og:site_name\" content=\"Z\u0259rdab.com\" \/>\n<meta property=\"article:published_time\" content=\"2013-11-09T13:36:58+00:00\" \/>\n<meta property=\"article:modified_time\" content=\"2013-11-09T13:51:37+00:00\" \/>\n<meta name=\"author\" content=\"admin\" \/>\n<meta name=\"twitter:card\" content=\"summary_large_image\" \/>\n<meta name=\"twitter:label1\" content=\"Written by\" \/>\n\t<meta name=\"twitter:data1\" content=\"admin\" \/>\n\t<meta name=\"twitter:label2\" content=\"Est. reading time\" \/>\n\t<meta name=\"twitter:data2\" content=\"3 minutes\" \/>\n<script type=\"application\/ld+json\" class=\"yoast-schema-graph\">{\"@context\":\"https:\/\/schema.org\",\"@graph\":[{\"@type\":\"Article\",\"@id\":\"https:\/\/www.zerdab.com\/?p=13212#article\",\"isPartOf\":{\"@id\":\"https:\/\/www.zerdab.com\/?p=13212\"},\"author\":{\"name\":\"admin\",\"@id\":\"https:\/\/www.zerdab.com\/#\/schema\/person\/97079b7570c1e89ec0d9e138c3672136\"},\"headline\":\"Z\u0259rdabda D\u00f6vl\u0259t Bayra\u011f\u0131 G\u00fcn\u00fc qeyd edildi \u2013 Fotolar\",\"datePublished\":\"2013-11-09T13:36:58+00:00\",\"dateModified\":\"2013-11-09T13:51:37+00:00\",\"mainEntityOfPage\":{\"@id\":\"https:\/\/www.zerdab.com\/?p=13212\"},\"wordCount\":530,\"commentCount\":0,\"articleSection\":[\"X\u018fB\u018fRL\u018fR\"],\"inLanguage\":\"az\",\"potentialAction\":[{\"@type\":\"CommentAction\",\"name\":\"Comment\",\"target\":[\"https:\/\/www.zerdab.com\/?p=13212#respond\"]}]},{\"@type\":\"WebPage\",\"@id\":\"https:\/\/www.zerdab.com\/?p=13212\",\"url\":\"https:\/\/www.zerdab.com\/?p=13212\",\"name\":\"Z\u0259rdabda D\u00f6vl\u0259t Bayra\u011f\u0131 G\u00fcn\u00fc qeyd edildi \u2013 Fotolar - Z\u0259rdab.com\",\"isPartOf\":{\"@id\":\"https:\/\/www.zerdab.com\/#website\"},\"datePublished\":\"2013-11-09T13:36:58+00:00\",\"dateModified\":\"2013-11-09T13:51:37+00:00\",\"author\":{\"@id\":\"https:\/\/www.zerdab.com\/#\/schema\/person\/97079b7570c1e89ec0d9e138c3672136\"},\"breadcrumb\":{\"@id\":\"https:\/\/www.zerdab.com\/?p=13212#breadcrumb\"},\"inLanguage\":\"az\",\"potentialAction\":[{\"@type\":\"ReadAction\",\"target\":[\"https:\/\/www.zerdab.com\/?p=13212\"]}]},{\"@type\":\"BreadcrumbList\",\"@id\":\"https:\/\/www.zerdab.com\/?p=13212#breadcrumb\",\"itemListElement\":[{\"@type\":\"ListItem\",\"position\":1,\"name\":\"Home\",\"item\":\"https:\/\/www.zerdab.com\/\"},{\"@type\":\"ListItem\",\"position\":2,\"name\":\"Z\u0259rdabda D\u00f6vl\u0259t Bayra\u011f\u0131 G\u00fcn\u00fc qeyd edildi \u2013 Fotolar\"}]},{\"@type\":\"WebSite\",\"@id\":\"https:\/\/www.zerdab.com\/#website\",\"url\":\"https:\/\/www.zerdab.com\/\",\"name\":\"Z\u0259rdab.com\",\"description\":\"\",\"potentialAction\":[{\"@type\":\"SearchAction\",\"target\":{\"@type\":\"EntryPoint\",\"urlTemplate\":\"https:\/\/www.zerdab.com\/?s={search_term_string}\"},\"query-input\":{\"@type\":\"PropertyValueSpecification\",\"valueRequired\":true,\"valueName\":\"search_term_string\"}}],\"inLanguage\":\"az\"},{\"@type\":\"Person\",\"@id\":\"https:\/\/www.zerdab.com\/#\/schema\/person\/97079b7570c1e89ec0d9e138c3672136\",\"name\":\"admin\",\"image\":{\"@type\":\"ImageObject\",\"inLanguage\":\"az\",\"@id\":\"https:\/\/www.zerdab.com\/#\/schema\/person\/image\/\",\"url\":\"https:\/\/secure.gravatar.com\/avatar\/d9c52a9a27c32119cb6679a077fa3e2779e5f822c451cbf01098004361d466ec?s=96&d=mm&r=g\",\"contentUrl\":\"https:\/\/secure.gravatar.com\/avatar\/d9c52a9a27c32119cb6679a077fa3e2779e5f822c451cbf01098004361d466ec?s=96&d=mm&r=g\",\"caption\":\"admin\"},\"url\":\"https:\/\/www.zerdab.com\/?author=1\"}]}<\/script>\n<!-- \/ Yoast SEO plugin. -->","yoast_head_json":{"title":"Z\u0259rdabda D\u00f6vl\u0259t Bayra\u011f\u0131 G\u00fcn\u00fc qeyd edildi \u2013 Fotolar - Z\u0259rdab.com","robots":{"index":"index","follow":"follow","max-snippet":"max-snippet:-1","max-image-preview":"max-image-preview:large","max-video-preview":"max-video-preview:-1"},"canonical":"https:\/\/www.zerdab.com\/?p=13212","og_locale":"az_AZ","og_type":"article","og_title":"Z\u0259rdabda D\u00f6vl\u0259t Bayra\u011f\u0131 G\u00fcn\u00fc qeyd edildi \u2013 Fotolar - Z\u0259rdab.com","og_description":"Z\u0259rdab \u015f\u0259h\u0259rinin D\u00f6vl\u0259t Bayra\u011f\u0131 meydan\u0131nda 9 Noyabr D\u00f6vl\u0259t Bayra\u011f\u0131 G\u00fcn\u00fcn\u0259 h\u0259sr olunmu\u015f \u00fcmumrayon toplant\u0131s\u0131 ke\u00e7irilib. Y\u0131\u011f\u0131ncaq i\u015ftirak\u00e7\u0131lar\u0131 \u0259vv\u0259lc\u0259 Ulu \u00d6nd\u0259r Heyd\u0259r \u018fliyevin abid\u0259si \u00f6n\u00fcn\u0259 g\u00fcl-\u00e7i\u00e7\u0259k d\u0259st\u0259l\u0259ri qoyublar. Sonra ictimaiyy\u0259t n\u00fcmay\u0259nd\u0259l\u0259ri u\u015faqlar\u0131n \u0259l i\u015fl\u0259rind\u0259n ibar\u0259t s\u0259rgi il\u0259 tan\u0131\u015f olublar. Zerdab.com sayt\u0131n\u0131n m\u0259lumat\u0131na g\u00f6r\u0259, daha sonra r\u0259smi hiss\u0259 Rayon \u0130cra Hakimiyy\u0259tinin ba\u015f\u00e7\u0131s\u0131 L\u00fctv\u0259li Babayevin \u00e7\u0131x\u0131\u015f\u0131 il\u0259 davam [&hellip;]","og_url":"https:\/\/www.zerdab.com\/?p=13212","og_site_name":"Z\u0259rdab.com","article_published_time":"2013-11-09T13:36:58+00:00","article_modified_time":"2013-11-09T13:51:37+00:00","author":"admin","twitter_card":"summary_large_image","twitter_misc":{"Written by":"admin","Est. reading time":"3 minutes"},"schema":{"@context":"https:\/\/schema.org","@graph":[{"@type":"Article","@id":"https:\/\/www.zerdab.com\/?p=13212#article","isPartOf":{"@id":"https:\/\/www.zerdab.com\/?p=13212"},"author":{"name":"admin","@id":"https:\/\/www.zerdab.com\/#\/schema\/person\/97079b7570c1e89ec0d9e138c3672136"},"headline":"Z\u0259rdabda D\u00f6vl\u0259t Bayra\u011f\u0131 G\u00fcn\u00fc qeyd edildi \u2013 Fotolar","datePublished":"2013-11-09T13:36:58+00:00","dateModified":"2013-11-09T13:51:37+00:00","mainEntityOfPage":{"@id":"https:\/\/www.zerdab.com\/?p=13212"},"wordCount":530,"commentCount":0,"articleSection":["X\u018fB\u018fRL\u018fR"],"inLanguage":"az","potentialAction":[{"@type":"CommentAction","name":"Comment","target":["https:\/\/www.zerdab.com\/?p=13212#respond"]}]},{"@type":"WebPage","@id":"https:\/\/www.zerdab.com\/?p=13212","url":"https:\/\/www.zerdab.com\/?p=13212","name":"Z\u0259rdabda D\u00f6vl\u0259t Bayra\u011f\u0131 G\u00fcn\u00fc qeyd edildi \u2013 Fotolar - Z\u0259rdab.com","isPartOf":{"@id":"https:\/\/www.zerdab.com\/#website"},"datePublished":"2013-11-09T13:36:58+00:00","dateModified":"2013-11-09T13:51:37+00:00","author":{"@id":"https:\/\/www.zerdab.com\/#\/schema\/person\/97079b7570c1e89ec0d9e138c3672136"},"breadcrumb":{"@id":"https:\/\/www.zerdab.com\/?p=13212#breadcrumb"},"inLanguage":"az","potentialAction":[{"@type":"ReadAction","target":["https:\/\/www.zerdab.com\/?p=13212"]}]},{"@type":"BreadcrumbList","@id":"https:\/\/www.zerdab.com\/?p=13212#breadcrumb","itemListElement":[{"@type":"ListItem","position":1,"name":"Home","item":"https:\/\/www.zerdab.com\/"},{"@type":"ListItem","position":2,"name":"Z\u0259rdabda D\u00f6vl\u0259t Bayra\u011f\u0131 G\u00fcn\u00fc qeyd edildi \u2013 Fotolar"}]},{"@type":"WebSite","@id":"https:\/\/www.zerdab.com\/#website","url":"https:\/\/www.zerdab.com\/","name":"Z\u0259rdab.com","description":"","potentialAction":[{"@type":"SearchAction","target":{"@type":"EntryPoint","urlTemplate":"https:\/\/www.zerdab.com\/?s={search_term_string}"},"query-input":{"@type":"PropertyValueSpecification","valueRequired":true,"valueName":"search_term_string"}}],"inLanguage":"az"},{"@type":"Person","@id":"https:\/\/www.zerdab.com\/#\/schema\/person\/97079b7570c1e89ec0d9e138c3672136","name":"admin","image":{"@type":"ImageObject","inLanguage":"az","@id":"https:\/\/www.zerdab.com\/#\/schema\/person\/image\/","url":"https:\/\/secure.gravatar.com\/avatar\/d9c52a9a27c32119cb6679a077fa3e2779e5f822c451cbf01098004361d466ec?s=96&d=mm&r=g","contentUrl":"https:\/\/secure.gravatar.com\/avatar\/d9c52a9a27c32119cb6679a077fa3e2779e5f822c451cbf01098004361d466ec?s=96&d=mm&r=g","caption":"admin"},"url":"https:\/\/www.zerdab.com\/?author=1"}]}},"_links":{"self":[{"href":"https:\/\/www.zerdab.com\/index.php?rest_route=\/wp\/v2\/posts\/13212","targetHints":{"allow":["GET"]}}],"collection":[{"href":"https:\/\/www.zerdab.com\/index.php?rest_route=\/wp\/v2\/posts"}],"about":[{"href":"https:\/\/www.zerdab.com\/index.php?rest_route=\/wp\/v2\/types\/post"}],"author":[{"embeddable":true,"href":"https:\/\/www.zerdab.com\/index.php?rest_route=\/wp\/v2\/users\/1"}],"replies":[{"embeddable":true,"href":"https:\/\/www.zerdab.com\/index.php?rest_route=%2Fwp%2Fv2%2Fcomments&post=13212"}],"version-history":[{"count":4,"href":"https:\/\/www.zerdab.com\/index.php?rest_route=\/wp\/v2\/posts\/13212\/revisions"}],"predecessor-version":[{"id":13228,"href":"https:\/\/www.zerdab.com\/index.php?rest_route=\/wp\/v2\/posts\/13212\/revisions\/13228"}],"wp:attachment":[{"href":"https:\/\/www.zerdab.com\/index.php?rest_route=%2Fwp%2Fv2%2Fmedia&parent=13212"}],"wp:term":[{"taxonomy":"category","embeddable":true,"href":"https:\/\/www.zerdab.com\/index.php?rest_route=%2Fwp%2Fv2%2Fcategories&post=13212"},{"taxonomy":"post_tag","embeddable":true,"href":"https:\/\/www.zerdab.com\/index.php?rest_route=%2Fwp%2Fv2%2Ftags&post=13212"}],"curies":[{"name":"wp","href":"https:\/\/api.w.org\/{rel}","templated":true}]}}