{"id":13263,"date":"2013-11-12T23:56:33","date_gmt":"2013-11-12T19:56:33","guid":{"rendered":"http:\/\/www.zerdab.com\/?p=13263"},"modified":"2013-11-12T23:56:33","modified_gmt":"2013-11-12T19:56:33","slug":"z%c9%99rdabda-konstitusiya-gunu-qeyd-olundu-fotolar","status":"publish","type":"post","link":"https:\/\/www.zerdab.com\/?p=13263","title":{"rendered":"Z\u0259rdabda Konstitusiya G\u00fcn\u00fc qeyd olundu &#8211; Fotolar"},"content":{"rendered":"<p><a href=\"http:\/\/www.zerdab.com\/wp-content\/uploads\/2013\/11\/Z\u0259rdab-rayonu-12-noyabr1.jpg\"><img loading=\"lazy\" decoding=\"async\" class=\"aligncenter size-large wp-image-13264\" alt=\"Z\u0259rdab-rayonu-12 noyabr\" src=\"http:\/\/www.zerdab.com\/wp-content\/uploads\/2013\/11\/Z\u0259rdab-rayonu-12-noyabr1-550x365.jpg\" width=\"550\" height=\"365\" \/><\/a>Z\u0259rdab rayonunda 12 noyabr Konstitusiya G\u00fcn\u00fc qeyd edilib. T\u0259dbir i\u015ftirak\u00e7\u0131lar\u0131 \u0259vv\u0259lc\u0259 ulu \u00f6nd\u0259r Heyd\u0259r \u018fliyevin abid\u0259si \u00f6n\u00fcn\u0259 g\u00fcl-\u00e7i\u00e7\u0259k d\u0259st\u0259l\u0259ri qoyublar.<\/p>\n<p>Zerdab.com sayt\u0131n\u0131n m\u0259lumat\u0131na g\u00f6r\u0259, daha sonra r\u0259smi hiss\u0259 \u015f\u0259h\u0259rin Heyd\u0259r \u018fliyev M\u0259rk\u0259zind\u0259 davam edib. Az\u0259rbaycan Respublikas\u0131n\u0131n d\u00f6vl\u0259t himni il\u0259 ba\u015flayan t\u0259dbiri giri\u015f s\u00f6z\u00fc il\u0259 Z\u0259rdab Rayon \u0130cra Hakimiyy\u0259tinin ba\u015f\u00e7\u0131s\u0131 L\u00fctv\u0259li Babayev a\u00e7araq rayon ictimaiyy\u0259ti n\u00fcmay\u0259nd\u0259l\u0259rini konstitusiya g\u00fcn\u00fc m\u00fcnasib\u0259til\u0259 t\u0259brik edib. Sonra Rayon M\u0259hk\u0259m\u0259sinin hakimi Tahir Qubadov \u201cHeyd\u0259r \u018fliyev v\u0259 m\u00fcst\u0259qil Az\u0259rbaycan\u0131n konstitusiyas\u0131\u201d m\u00f6vzusunda geni\u015f m\u0259ruz\u0259 il\u0259 \u00e7\u0131x\u0131\u015f edib. T. Qubadov bildirib ki, Az\u0259rbaycan Respublikas\u0131n\u0131n Konstitusiyas\u0131 m\u00fch\u00fcm tarixi m\u0259rh\u0259l\u0259l\u0259rd\u0259n ke\u00e7ib. M\u00fcst\u0259qil Az\u0259rbaycan\u0131n Konstitusiyas\u0131 is\u0259 dahi \u015f\u0259xsiyy\u0259t Heyd\u0259r \u018fliyevin ad\u0131 il\u0259 ba\u011fl\u0131d\u0131r. \u00dcmummilli lider Heyd\u0259r \u018fliyevin Az\u0259rbaycan\u0131n d\u00f6vl\u0259t m\u00fcst\u0259qilliyinin qorunub saxlan\u0131lmas\u0131, m\u00f6hk\u0259ml\u0259ndirilm\u0259si v\u0259 inki\u015faf etdirilm\u0259si yolunda misilsiz xidm\u0259tl\u0259rind\u0259n dan\u0131\u015fan natiq bildirib ki, Az\u0259rbaycan xalq\u0131n\u0131n strateji se\u00e7imi olan demokratik, h\u00fcquqi v\u0259 d\u00fcny\u0259vi d\u00f6vl\u0259t quruculu\u011fu istiqam\u0259tind\u0259 respublikada b\u00fct\u00fcn sah\u0259l\u0259rd\u0259 k\u00f6kl\u00fc islahatlar apar\u0131l\u0131b. M\u0259ruz\u0259\u00e7i Ulu \u00f6nd\u0259r Heyd\u0259r \u018fliyevin bilavasit\u0259 t\u0259\u015f\u0259bb\u00fcs\u00fc v\u0259 r\u0259hb\u0259rliyi il\u0259 i\u015fl\u0259nib haz\u0131rlanm\u0131\u015f v\u0259 1995-ci ild\u0259 \u00fcmumxalq s\u0259sverm\u0259si yolu il\u0259 q\u0259bul edilmi\u015f ilk milli Konstitusiyan\u0131n d\u00f6vl\u0259t\u00e7ilik tariximizd\u0259 yeni bir m\u0259rh\u0259l\u0259 a\u00e7d\u0131\u011f\u0131n\u0131, d\u00f6vl\u0259t quruculu\u011funda, iqtisadiyyatda v\u0259 ictimai-siyasi h\u0259yatda dinamik inki\u015fafa g\u00fccl\u00fc t\u0259kan verdiyini qeyd ed\u0259n natiq, bu m\u00fch\u00fcm tarixi hadis\u0259ni \u00fcmummilli liderin g\u0259rgin v\u0259 f\u0259dakar \u0259m\u0259yinin b\u0259hr\u0259si oldu\u011funu qeyd edib.<\/p>\n<p>Sonra Rayon \u0130cra Hakimiyy\u0259tinin ba\u015f\u00e7\u0131s\u0131 L\u00fctv\u0259li Babayev t\u0259dbiri yekunla\u015fd\u0131raraq ulu \u00f6nd\u0259rin v\u0259 onun siyasi kursunun layiqli davam\u00e7\u0131s\u0131, Az\u0259rbaycan Respublikas\u0131 Prezidenti \u0130lham \u018fliyevin Konstitusiyam\u0131z\u0131n daha da t\u0259kmill\u0259\u015fdirilm\u0259si istiqam\u0259tind\u0259 h\u0259yata ke\u00e7irdikl\u0259ri m\u00fch\u00fcm i\u015fl\u0259ri xat\u0131rladaraq bildirib ki, 24 avqust 2002-ci il v\u0259 18 mart 2009-cu il tarixl\u0259rd\u0259 q\u0259bul olunmu\u015f &#8220;Az\u0259rbaycan Respublikas\u0131n\u0131n Konstitusiyas\u0131nda d\u0259yi\u015fiklikl\u0259r edilm\u0259si haqq\u0131nda&#8221; referendum aktlar\u0131na uy\u011fun olaraq, Konstitusiyaya bir s\u0131ra \u0259lav\u0259 v\u0259 d\u0259yi\u015fiklikl\u0259r edilib. Bu \u0259lav\u0259 v\u0259 d\u0259yi\u015fiklikl\u0259r \u00f6lk\u0259mizin &#8220;\u0130nsan h\u00fcquqlar\u0131n\u0131n v\u0259 \u0259sas azadl\u0131qlar\u0131n m\u00fcdafi\u0259si haqq\u0131nda&#8221; Avropa Konvensiyas\u0131na qo\u015fulmas\u0131, el\u0259c\u0259 d\u0259 m\u0259hk\u0259m\u0259 islahatlar\u0131 n\u0259tic\u0259sind\u0259 yaranan \u00f6hd\u0259likl\u0259r\u0259 \u0259m\u0259l olunmas\u0131, Milli M\u0259clisin f\u0259aliyy\u0259tinin v\u0259 se\u00e7ki sisteminin daha da t\u0259kmill\u0259\u015fdirilm\u0259si kimi m\u00fch\u00fcm m\u0259qs\u0259dl\u0259r\u0259 xidm\u0259t edirdi. Bu m\u0259nada, qeyd olunan \u0259lav\u0259 v\u0259 d\u0259yi\u015fiklikl\u0259r Konstitusiyan\u0131 yeni m\u00fcdd\u0259alarla z\u0259nginl\u0259\u015fdirib.<\/p>\n<p>Sonda d\u00f6vl\u0259t himni il\u0259 t\u0259dbir yekunla\u015fd\u0131r\u0131l\u0131b.<\/p>\n<p><a href=\"http:\/\/www.zerdab.com\/wp-content\/uploads\/2013\/11\/Z\u0259rdab-rayonu-12-noyabr4.jpg\"><img loading=\"lazy\" decoding=\"async\" class=\"aligncenter size-large wp-image-13265\" alt=\"Z\u0259rdab-rayonu-12 noyabr\" src=\"http:\/\/www.zerdab.com\/wp-content\/uploads\/2013\/11\/Z\u0259rdab-rayonu-12-noyabr4-365x550.jpg\" width=\"365\" height=\"550\" \/><\/a><a href=\"http:\/\/www.zerdab.com\/wp-content\/uploads\/2013\/11\/Z\u0259rdab-rayonu-12-noyabr3.jpg\"><img loading=\"lazy\" decoding=\"async\" class=\"aligncenter size-large wp-image-13266\" alt=\"Z\u0259rdab-rayonu-12 noyabr\" src=\"http:\/\/www.zerdab.com\/wp-content\/uploads\/2013\/11\/Z\u0259rdab-rayonu-12-noyabr3-550x365.jpg\" width=\"550\" height=\"365\" \/><\/a><a href=\"http:\/\/www.zerdab.com\/wp-content\/uploads\/2013\/11\/Z\u0259rdab-rayonu-12-noyabr31.jpg\"><img loading=\"lazy\" decoding=\"async\" class=\"aligncenter size-large wp-image-13267\" alt=\"Z\u0259rdab-rayonu-12 noyabr\" src=\"http:\/\/www.zerdab.com\/wp-content\/uploads\/2013\/11\/Z\u0259rdab-rayonu-12-noyabr31-550x365.jpg\" width=\"550\" height=\"365\" \/><\/a><a href=\"http:\/\/www.zerdab.com\/wp-content\/uploads\/2013\/11\/Z\u0259rdab-rayonu-12-noyabr.jpg\"><img loading=\"lazy\" decoding=\"async\" class=\"aligncenter size-large wp-image-13268\" alt=\"Z\u0259rdab-rayonu-12 noyabr\" src=\"http:\/\/www.zerdab.com\/wp-content\/uploads\/2013\/11\/Z\u0259rdab-rayonu-12-noyabr-550x365.jpg\" width=\"550\" height=\"365\" \/><\/a><a href=\"http:\/\/www.zerdab.com\/wp-content\/uploads\/2013\/11\/Z\u0259rdab-rayonu-12-noyabr21.jpg\"><img loading=\"lazy\" decoding=\"async\" class=\"aligncenter size-large wp-image-13269\" alt=\"Z\u0259rdab-rayonu-12 noyabr\" src=\"http:\/\/www.zerdab.com\/wp-content\/uploads\/2013\/11\/Z\u0259rdab-rayonu-12-noyabr21-550x487.jpg\" width=\"550\" height=\"487\" \/><\/a><\/p>\n","protected":false},"excerpt":{"rendered":"<p>Z\u0259rdab rayonunda 12 noyabr Konstitusiya G\u00fcn\u00fc qeyd edilib. T\u0259dbir i\u015ftirak\u00e7\u0131lar\u0131 \u0259vv\u0259lc\u0259 ulu \u00f6nd\u0259r Heyd\u0259r \u018fliyevin abid\u0259si \u00f6n\u00fcn\u0259 g\u00fcl-\u00e7i\u00e7\u0259k d\u0259st\u0259l\u0259ri qoyublar. Zerdab.com sayt\u0131n\u0131n m\u0259lumat\u0131na g\u00f6r\u0259, daha sonra r\u0259smi hiss\u0259 \u015f\u0259h\u0259rin Heyd\u0259r \u018fliyev M\u0259rk\u0259zind\u0259 davam edib. Az\u0259rbaycan Respublikas\u0131n\u0131n d\u00f6vl\u0259t himni il\u0259 ba\u015flayan t\u0259dbiri giri\u015f s\u00f6z\u00fc il\u0259 Z\u0259rdab Rayon \u0130cra Hakimiyy\u0259tinin ba\u015f\u00e7\u0131s\u0131 L\u00fctv\u0259li Babayev a\u00e7araq rayon ictimaiyy\u0259ti n\u00fcmay\u0259nd\u0259l\u0259rini [&hellip;]<\/p>\n","protected":false},"author":1,"featured_media":0,"comment_status":"open","ping_status":"open","sticky":false,"template":"","format":"standard","meta":{"footnotes":""},"categories":[5],"tags":[],"class_list":{"0":"post-13263","1":"post","2":"type-post","3":"status-publish","4":"format-standard","6":"category-knd"},"yoast_head":"<!-- This site is optimized with the Yoast SEO plugin v27.0 - https:\/\/yoast.com\/product\/yoast-seo-wordpress\/ -->\n<title>Z\u0259rdabda Konstitusiya G\u00fcn\u00fc qeyd olundu - Fotolar - Z\u0259rdab.com<\/title>\n<meta name=\"robots\" content=\"index, follow, max-snippet:-1, max-image-preview:large, max-video-preview:-1\" \/>\n<link rel=\"canonical\" href=\"https:\/\/www.zerdab.com\/?p=13263\" \/>\n<meta property=\"og:locale\" content=\"az_AZ\" \/>\n<meta property=\"og:type\" content=\"article\" \/>\n<meta property=\"og:title\" content=\"Z\u0259rdabda Konstitusiya G\u00fcn\u00fc qeyd olundu - Fotolar - Z\u0259rdab.com\" \/>\n<meta property=\"og:description\" content=\"Z\u0259rdab rayonunda 12 noyabr Konstitusiya G\u00fcn\u00fc qeyd edilib. T\u0259dbir i\u015ftirak\u00e7\u0131lar\u0131 \u0259vv\u0259lc\u0259 ulu \u00f6nd\u0259r Heyd\u0259r \u018fliyevin abid\u0259si \u00f6n\u00fcn\u0259 g\u00fcl-\u00e7i\u00e7\u0259k d\u0259st\u0259l\u0259ri qoyublar. Zerdab.com sayt\u0131n\u0131n m\u0259lumat\u0131na g\u00f6r\u0259, daha sonra r\u0259smi hiss\u0259 \u015f\u0259h\u0259rin Heyd\u0259r \u018fliyev M\u0259rk\u0259zind\u0259 davam edib. Az\u0259rbaycan Respublikas\u0131n\u0131n d\u00f6vl\u0259t himni il\u0259 ba\u015flayan t\u0259dbiri giri\u015f s\u00f6z\u00fc il\u0259 Z\u0259rdab Rayon \u0130cra Hakimiyy\u0259tinin ba\u015f\u00e7\u0131s\u0131 L\u00fctv\u0259li Babayev a\u00e7araq rayon ictimaiyy\u0259ti n\u00fcmay\u0259nd\u0259l\u0259rini [&hellip;]\" \/>\n<meta property=\"og:url\" content=\"https:\/\/www.zerdab.com\/?p=13263\" \/>\n<meta property=\"og:site_name\" content=\"Z\u0259rdab.com\" \/>\n<meta property=\"article:published_time\" content=\"2013-11-12T19:56:33+00:00\" \/>\n<meta name=\"author\" content=\"admin\" \/>\n<meta name=\"twitter:card\" content=\"summary_large_image\" \/>\n<meta name=\"twitter:label1\" content=\"Written by\" \/>\n\t<meta name=\"twitter:data1\" content=\"admin\" \/>\n\t<meta name=\"twitter:label2\" content=\"Est. reading time\" \/>\n\t<meta name=\"twitter:data2\" content=\"3 minutes\" \/>\n<script type=\"application\/ld+json\" class=\"yoast-schema-graph\">{\"@context\":\"https:\/\/schema.org\",\"@graph\":[{\"@type\":\"Article\",\"@id\":\"https:\/\/www.zerdab.com\/?p=13263#article\",\"isPartOf\":{\"@id\":\"https:\/\/www.zerdab.com\/?p=13263\"},\"author\":{\"name\":\"admin\",\"@id\":\"https:\/\/www.zerdab.com\/#\/schema\/person\/97079b7570c1e89ec0d9e138c3672136\"},\"headline\":\"Z\u0259rdabda Konstitusiya G\u00fcn\u00fc qeyd olundu &#8211; Fotolar\",\"datePublished\":\"2013-11-12T19:56:33+00:00\",\"mainEntityOfPage\":{\"@id\":\"https:\/\/www.zerdab.com\/?p=13263\"},\"wordCount\":566,\"commentCount\":0,\"articleSection\":[\"X\u018fB\u018fRL\u018fR\"],\"inLanguage\":\"az\",\"potentialAction\":[{\"@type\":\"CommentAction\",\"name\":\"Comment\",\"target\":[\"https:\/\/www.zerdab.com\/?p=13263#respond\"]}]},{\"@type\":\"WebPage\",\"@id\":\"https:\/\/www.zerdab.com\/?p=13263\",\"url\":\"https:\/\/www.zerdab.com\/?p=13263\",\"name\":\"Z\u0259rdabda Konstitusiya G\u00fcn\u00fc qeyd olundu - Fotolar - Z\u0259rdab.com\",\"isPartOf\":{\"@id\":\"https:\/\/www.zerdab.com\/#website\"},\"datePublished\":\"2013-11-12T19:56:33+00:00\",\"author\":{\"@id\":\"https:\/\/www.zerdab.com\/#\/schema\/person\/97079b7570c1e89ec0d9e138c3672136\"},\"breadcrumb\":{\"@id\":\"https:\/\/www.zerdab.com\/?p=13263#breadcrumb\"},\"inLanguage\":\"az\",\"potentialAction\":[{\"@type\":\"ReadAction\",\"target\":[\"https:\/\/www.zerdab.com\/?p=13263\"]}]},{\"@type\":\"BreadcrumbList\",\"@id\":\"https:\/\/www.zerdab.com\/?p=13263#breadcrumb\",\"itemListElement\":[{\"@type\":\"ListItem\",\"position\":1,\"name\":\"Home\",\"item\":\"https:\/\/www.zerdab.com\/\"},{\"@type\":\"ListItem\",\"position\":2,\"name\":\"Z\u0259rdabda Konstitusiya G\u00fcn\u00fc qeyd olundu &#8211; Fotolar\"}]},{\"@type\":\"WebSite\",\"@id\":\"https:\/\/www.zerdab.com\/#website\",\"url\":\"https:\/\/www.zerdab.com\/\",\"name\":\"Z\u0259rdab.com\",\"description\":\"\",\"potentialAction\":[{\"@type\":\"SearchAction\",\"target\":{\"@type\":\"EntryPoint\",\"urlTemplate\":\"https:\/\/www.zerdab.com\/?s={search_term_string}\"},\"query-input\":{\"@type\":\"PropertyValueSpecification\",\"valueRequired\":true,\"valueName\":\"search_term_string\"}}],\"inLanguage\":\"az\"},{\"@type\":\"Person\",\"@id\":\"https:\/\/www.zerdab.com\/#\/schema\/person\/97079b7570c1e89ec0d9e138c3672136\",\"name\":\"admin\",\"image\":{\"@type\":\"ImageObject\",\"inLanguage\":\"az\",\"@id\":\"https:\/\/www.zerdab.com\/#\/schema\/person\/image\/\",\"url\":\"https:\/\/secure.gravatar.com\/avatar\/d9c52a9a27c32119cb6679a077fa3e2779e5f822c451cbf01098004361d466ec?s=96&d=mm&r=g\",\"contentUrl\":\"https:\/\/secure.gravatar.com\/avatar\/d9c52a9a27c32119cb6679a077fa3e2779e5f822c451cbf01098004361d466ec?s=96&d=mm&r=g\",\"caption\":\"admin\"},\"url\":\"https:\/\/www.zerdab.com\/?author=1\"}]}<\/script>\n<!-- \/ Yoast SEO plugin. -->","yoast_head_json":{"title":"Z\u0259rdabda Konstitusiya G\u00fcn\u00fc qeyd olundu - Fotolar - Z\u0259rdab.com","robots":{"index":"index","follow":"follow","max-snippet":"max-snippet:-1","max-image-preview":"max-image-preview:large","max-video-preview":"max-video-preview:-1"},"canonical":"https:\/\/www.zerdab.com\/?p=13263","og_locale":"az_AZ","og_type":"article","og_title":"Z\u0259rdabda Konstitusiya G\u00fcn\u00fc qeyd olundu - Fotolar - Z\u0259rdab.com","og_description":"Z\u0259rdab rayonunda 12 noyabr Konstitusiya G\u00fcn\u00fc qeyd edilib. T\u0259dbir i\u015ftirak\u00e7\u0131lar\u0131 \u0259vv\u0259lc\u0259 ulu \u00f6nd\u0259r Heyd\u0259r \u018fliyevin abid\u0259si \u00f6n\u00fcn\u0259 g\u00fcl-\u00e7i\u00e7\u0259k d\u0259st\u0259l\u0259ri qoyublar. Zerdab.com sayt\u0131n\u0131n m\u0259lumat\u0131na g\u00f6r\u0259, daha sonra r\u0259smi hiss\u0259 \u015f\u0259h\u0259rin Heyd\u0259r \u018fliyev M\u0259rk\u0259zind\u0259 davam edib. Az\u0259rbaycan Respublikas\u0131n\u0131n d\u00f6vl\u0259t himni il\u0259 ba\u015flayan t\u0259dbiri giri\u015f s\u00f6z\u00fc il\u0259 Z\u0259rdab Rayon \u0130cra Hakimiyy\u0259tinin ba\u015f\u00e7\u0131s\u0131 L\u00fctv\u0259li Babayev a\u00e7araq rayon ictimaiyy\u0259ti n\u00fcmay\u0259nd\u0259l\u0259rini [&hellip;]","og_url":"https:\/\/www.zerdab.com\/?p=13263","og_site_name":"Z\u0259rdab.com","article_published_time":"2013-11-12T19:56:33+00:00","author":"admin","twitter_card":"summary_large_image","twitter_misc":{"Written by":"admin","Est. reading time":"3 minutes"},"schema":{"@context":"https:\/\/schema.org","@graph":[{"@type":"Article","@id":"https:\/\/www.zerdab.com\/?p=13263#article","isPartOf":{"@id":"https:\/\/www.zerdab.com\/?p=13263"},"author":{"name":"admin","@id":"https:\/\/www.zerdab.com\/#\/schema\/person\/97079b7570c1e89ec0d9e138c3672136"},"headline":"Z\u0259rdabda Konstitusiya G\u00fcn\u00fc qeyd olundu &#8211; Fotolar","datePublished":"2013-11-12T19:56:33+00:00","mainEntityOfPage":{"@id":"https:\/\/www.zerdab.com\/?p=13263"},"wordCount":566,"commentCount":0,"articleSection":["X\u018fB\u018fRL\u018fR"],"inLanguage":"az","potentialAction":[{"@type":"CommentAction","name":"Comment","target":["https:\/\/www.zerdab.com\/?p=13263#respond"]}]},{"@type":"WebPage","@id":"https:\/\/www.zerdab.com\/?p=13263","url":"https:\/\/www.zerdab.com\/?p=13263","name":"Z\u0259rdabda Konstitusiya G\u00fcn\u00fc qeyd olundu - Fotolar - Z\u0259rdab.com","isPartOf":{"@id":"https:\/\/www.zerdab.com\/#website"},"datePublished":"2013-11-12T19:56:33+00:00","author":{"@id":"https:\/\/www.zerdab.com\/#\/schema\/person\/97079b7570c1e89ec0d9e138c3672136"},"breadcrumb":{"@id":"https:\/\/www.zerdab.com\/?p=13263#breadcrumb"},"inLanguage":"az","potentialAction":[{"@type":"ReadAction","target":["https:\/\/www.zerdab.com\/?p=13263"]}]},{"@type":"BreadcrumbList","@id":"https:\/\/www.zerdab.com\/?p=13263#breadcrumb","itemListElement":[{"@type":"ListItem","position":1,"name":"Home","item":"https:\/\/www.zerdab.com\/"},{"@type":"ListItem","position":2,"name":"Z\u0259rdabda Konstitusiya G\u00fcn\u00fc qeyd olundu &#8211; Fotolar"}]},{"@type":"WebSite","@id":"https:\/\/www.zerdab.com\/#website","url":"https:\/\/www.zerdab.com\/","name":"Z\u0259rdab.com","description":"","potentialAction":[{"@type":"SearchAction","target":{"@type":"EntryPoint","urlTemplate":"https:\/\/www.zerdab.com\/?s={search_term_string}"},"query-input":{"@type":"PropertyValueSpecification","valueRequired":true,"valueName":"search_term_string"}}],"inLanguage":"az"},{"@type":"Person","@id":"https:\/\/www.zerdab.com\/#\/schema\/person\/97079b7570c1e89ec0d9e138c3672136","name":"admin","image":{"@type":"ImageObject","inLanguage":"az","@id":"https:\/\/www.zerdab.com\/#\/schema\/person\/image\/","url":"https:\/\/secure.gravatar.com\/avatar\/d9c52a9a27c32119cb6679a077fa3e2779e5f822c451cbf01098004361d466ec?s=96&d=mm&r=g","contentUrl":"https:\/\/secure.gravatar.com\/avatar\/d9c52a9a27c32119cb6679a077fa3e2779e5f822c451cbf01098004361d466ec?s=96&d=mm&r=g","caption":"admin"},"url":"https:\/\/www.zerdab.com\/?author=1"}]}},"_links":{"self":[{"href":"https:\/\/www.zerdab.com\/index.php?rest_route=\/wp\/v2\/posts\/13263","targetHints":{"allow":["GET"]}}],"collection":[{"href":"https:\/\/www.zerdab.com\/index.php?rest_route=\/wp\/v2\/posts"}],"about":[{"href":"https:\/\/www.zerdab.com\/index.php?rest_route=\/wp\/v2\/types\/post"}],"author":[{"embeddable":true,"href":"https:\/\/www.zerdab.com\/index.php?rest_route=\/wp\/v2\/users\/1"}],"replies":[{"embeddable":true,"href":"https:\/\/www.zerdab.com\/index.php?rest_route=%2Fwp%2Fv2%2Fcomments&post=13263"}],"version-history":[{"count":1,"href":"https:\/\/www.zerdab.com\/index.php?rest_route=\/wp\/v2\/posts\/13263\/revisions"}],"predecessor-version":[{"id":13270,"href":"https:\/\/www.zerdab.com\/index.php?rest_route=\/wp\/v2\/posts\/13263\/revisions\/13270"}],"wp:attachment":[{"href":"https:\/\/www.zerdab.com\/index.php?rest_route=%2Fwp%2Fv2%2Fmedia&parent=13263"}],"wp:term":[{"taxonomy":"category","embeddable":true,"href":"https:\/\/www.zerdab.com\/index.php?rest_route=%2Fwp%2Fv2%2Fcategories&post=13263"},{"taxonomy":"post_tag","embeddable":true,"href":"https:\/\/www.zerdab.com\/index.php?rest_route=%2Fwp%2Fv2%2Ftags&post=13263"}],"curies":[{"name":"wp","href":"https:\/\/api.w.org\/{rel}","templated":true}]}}