{"id":13468,"date":"2013-11-23T22:06:17","date_gmt":"2013-11-23T18:06:17","guid":{"rendered":"http:\/\/www.zerdab.com\/?p=13468"},"modified":"2013-11-23T22:06:17","modified_gmt":"2013-11-23T18:06:17","slug":"yap-in-yaradilmasinin-21-ci-ildonumu-qeyd-edildi","status":"publish","type":"post","link":"https:\/\/www.zerdab.com\/?p=13468","title":{"rendered":"YAP-\u0131n yarad\u0131lmas\u0131n\u0131n 21-ci ild\u00f6n\u00fcm\u00fc qeyd edildi"},"content":{"rendered":"<p><a href=\"http:\/\/www.zerdab.com\/wp-content\/uploads\/2013\/11\/YAP.jpg\"><img loading=\"lazy\" decoding=\"async\" class=\"aligncenter size-large wp-image-13469\" alt=\"YAP\" src=\"http:\/\/www.zerdab.com\/wp-content\/uploads\/2013\/11\/YAP-550x411.jpg\" width=\"550\" height=\"411\" \/><\/a>Bu g\u00fcn Yeni Az\u0259rbaycan Partiyas\u0131n\u0131n (YAP) yarad\u0131lmas\u0131n\u0131n 21-ci il d\u00f6n\u00fcm\u00fc m\u00fcnasib\u0259til\u0259 t\u0259dbir ke\u00e7irilib.<\/p>\n<p>Zerdab.com sayt\u0131 Yeni Az\u0259rbaycan Partiyas\u0131na istinad\u0259n x\u0259b\u0259r verir ki, t\u0259dbird\u0259 YAP \u0130dar\u0259 Hey\u0259tinin v\u0259 Siyasi \u015euras\u0131n\u0131n \u00fczvl\u0259ri, Milli M\u0259clisin deputatlar\u0131 v\u0259 partiyan\u0131n g\u0259nc f\u0259allar\u0131 i\u015ftirak edibl\u0259r.<\/p>\n<p>T\u0259dbird\u0259 \u00e7\u0131x\u0131\u015f ed\u0259n YAP S\u0259drinin m\u00fcavini \u2013 \u0130cra katibi, Ba\u015f nazirin m\u00fcavini \u018fli \u018fhm\u0259dov Yeni Az\u0259rbaycan Partiyas\u0131n\u0131n yarad\u0131lmas\u0131n\u0131n m\u00fcasir tariximizd\u0259 Az\u0259rbaycan xalq\u0131n\u0131n taleyini d\u0259yi\u015f\u0259n \u0259z\u0259m\u0259tli hadis\u0259l\u0259rd\u0259n biri oldu\u011funu bildirib. YAP-\u0131n Az\u0259rbaycan tarixind\u0259 b\u00f6y\u00fck rol oynad\u0131\u011f\u0131n\u0131 dey\u0259n \u018fli \u018fhm\u0259dovun s\u00f6zl\u0259rin\u0259 g\u00f6r\u0259, bu partiya Az\u0259rbaycan siyasi palitras\u0131na yeni bax\u0131\u015flar g\u0259tirib.<br \/>\n&#8220;21 il \u00f6nc\u0259 yarad\u0131lm\u0131\u015f partiyam\u0131z Heyd\u0259r \u018fliyev ideyalar\u0131na \u0259saslan\u0131r, Heyd\u0259r \u018fliyevd\u0259 \u0259ks olunan m\u0259n\u0259vi g\u00fcc\u00fc c\u0259miyy\u0259timiz\u0259 transfer edir. \u00dcmumiyy\u0259tl\u0259, partiyam\u0131z u\u011furlar partiyas\u0131d\u0131r v\u0259 \u00f6t\u0259n 21 il \u0259rzind\u0259 \u00fcz\u0259rin\u0259 d\u00fc\u015f\u0259n v\u0259zif\u0259l\u0259rin \u00f6hd\u0259sind\u0259n layiqinc\u0259 g\u0259lib&#8221; dey\u0259n YAP S\u0259drinin m\u00fcavini 2013-c\u00fc ilin oktyabr ay\u0131nda ke\u00e7iril\u0259n prezident se\u00e7kil\u0259rind\u0259 partiyan\u0131n liderinin n\u00f6vb\u0259ti m\u00f6ht\u0259\u015f\u0259m q\u0259l\u0259b\u0259 qazand\u0131\u011f\u0131n\u0131 vur\u011fulay\u0131b. \u018fli \u018fhm\u0259dov g\u0259l\u0259c\u0259kd\u0259 d\u0259 d\u00f6vl\u0259timiz\u0259 v\u0259 xalq\u0131m\u0131za b\u00f6y\u00fck faydalar veril\u0259c\u0259yini qeyd edib.<br \/>\nToplant\u0131da daha sonra Bak\u0131 \u015f\u0259h\u0259r \u0130cra Hakimiyy\u0259tinin ba\u015f\u00e7\u0131s\u0131, YAP \u0130dar\u0259 Hey\u0259tinin \u00fczv\u00fc Hac\u0131bala Abutal\u0131bov \u00e7\u0131x\u0131\u015f ed\u0259r\u0259k Yeni Az\u0259rbaycan Partiyas\u0131n\u0131n 21 il \u0259rzind\u0259 ke\u00e7diyi yol haqq\u0131nda fikirl\u0259rini bildirib.<\/p>\n<p><a href=\"http:\/\/www.zerdab.com\/wp-content\/uploads\/2013\/11\/YAP1.jpg\"><img loading=\"lazy\" decoding=\"async\" class=\"aligncenter size-large wp-image-13470\" alt=\"YAP\" src=\"http:\/\/www.zerdab.com\/wp-content\/uploads\/2013\/11\/YAP1-550x411.jpg\" width=\"550\" height=\"411\" \/><\/a><a href=\"http:\/\/www.zerdab.com\/wp-content\/uploads\/2013\/11\/YAP2.jpg\"><img loading=\"lazy\" decoding=\"async\" class=\"aligncenter size-large wp-image-13471\" alt=\"YAP\" src=\"http:\/\/www.zerdab.com\/wp-content\/uploads\/2013\/11\/YAP2-550x411.jpg\" width=\"550\" height=\"411\" \/><\/a><a href=\"http:\/\/www.zerdab.com\/wp-content\/uploads\/2013\/11\/YAP3.jpg\"><img loading=\"lazy\" decoding=\"async\" class=\"aligncenter size-large wp-image-13472\" alt=\"YAP\" src=\"http:\/\/www.zerdab.com\/wp-content\/uploads\/2013\/11\/YAP3-550x411.jpg\" width=\"550\" height=\"411\" \/><\/a><\/p>\n","protected":false},"excerpt":{"rendered":"<p>Bu g\u00fcn Yeni Az\u0259rbaycan Partiyas\u0131n\u0131n (YAP) yarad\u0131lmas\u0131n\u0131n 21-ci il d\u00f6n\u00fcm\u00fc m\u00fcnasib\u0259til\u0259 t\u0259dbir ke\u00e7irilib. Zerdab.com sayt\u0131 Yeni Az\u0259rbaycan Partiyas\u0131na istinad\u0259n x\u0259b\u0259r verir ki, t\u0259dbird\u0259 YAP \u0130dar\u0259 Hey\u0259tinin v\u0259 Siyasi \u015euras\u0131n\u0131n \u00fczvl\u0259ri, Milli M\u0259clisin deputatlar\u0131 v\u0259 partiyan\u0131n g\u0259nc f\u0259allar\u0131 i\u015ftirak edibl\u0259r. T\u0259dbird\u0259 \u00e7\u0131x\u0131\u015f ed\u0259n YAP S\u0259drinin m\u00fcavini \u2013 \u0130cra katibi, Ba\u015f nazirin m\u00fcavini \u018fli \u018fhm\u0259dov Yeni Az\u0259rbaycan [&hellip;]<\/p>\n","protected":false},"author":1,"featured_media":0,"comment_status":"open","ping_status":"open","sticky":false,"template":"","format":"standard","meta":{"footnotes":""},"categories":[5],"tags":[],"class_list":{"0":"post-13468","1":"post","2":"type-post","3":"status-publish","4":"format-standard","6":"category-knd"},"yoast_head":"<!-- This site is optimized with the Yoast SEO plugin v27.0 - https:\/\/yoast.com\/product\/yoast-seo-wordpress\/ -->\n<title>YAP-\u0131n yarad\u0131lmas\u0131n\u0131n 21-ci ild\u00f6n\u00fcm\u00fc qeyd edildi - Z\u0259rdab.com<\/title>\n<meta name=\"robots\" content=\"index, follow, max-snippet:-1, max-image-preview:large, max-video-preview:-1\" \/>\n<link rel=\"canonical\" href=\"https:\/\/www.zerdab.com\/?p=13468\" \/>\n<meta property=\"og:locale\" content=\"az_AZ\" \/>\n<meta property=\"og:type\" content=\"article\" \/>\n<meta property=\"og:title\" content=\"YAP-\u0131n yarad\u0131lmas\u0131n\u0131n 21-ci ild\u00f6n\u00fcm\u00fc qeyd edildi - Z\u0259rdab.com\" \/>\n<meta property=\"og:description\" content=\"Bu g\u00fcn Yeni Az\u0259rbaycan Partiyas\u0131n\u0131n (YAP) yarad\u0131lmas\u0131n\u0131n 21-ci il d\u00f6n\u00fcm\u00fc m\u00fcnasib\u0259til\u0259 t\u0259dbir ke\u00e7irilib. Zerdab.com sayt\u0131 Yeni Az\u0259rbaycan Partiyas\u0131na istinad\u0259n x\u0259b\u0259r verir ki, t\u0259dbird\u0259 YAP \u0130dar\u0259 Hey\u0259tinin v\u0259 Siyasi \u015euras\u0131n\u0131n \u00fczvl\u0259ri, Milli M\u0259clisin deputatlar\u0131 v\u0259 partiyan\u0131n g\u0259nc f\u0259allar\u0131 i\u015ftirak edibl\u0259r. T\u0259dbird\u0259 \u00e7\u0131x\u0131\u015f ed\u0259n YAP S\u0259drinin m\u00fcavini \u2013 \u0130cra katibi, Ba\u015f nazirin m\u00fcavini \u018fli \u018fhm\u0259dov Yeni Az\u0259rbaycan [&hellip;]\" \/>\n<meta property=\"og:url\" content=\"https:\/\/www.zerdab.com\/?p=13468\" \/>\n<meta property=\"og:site_name\" content=\"Z\u0259rdab.com\" \/>\n<meta property=\"article:published_time\" content=\"2013-11-23T18:06:17+00:00\" \/>\n<meta property=\"og:image\" content=\"http:\/\/www.zerdab.com\/wp-content\/uploads\/2013\/11\/YAP-550x411.jpg\" \/>\n<meta name=\"author\" content=\"admin\" \/>\n<meta name=\"twitter:card\" content=\"summary_large_image\" \/>\n<meta name=\"twitter:label1\" content=\"Written by\" \/>\n\t<meta name=\"twitter:data1\" content=\"admin\" \/>\n\t<meta name=\"twitter:label2\" content=\"Est. reading time\" \/>\n\t<meta name=\"twitter:data2\" content=\"2 minutes\" \/>\n<script type=\"application\/ld+json\" class=\"yoast-schema-graph\">{\"@context\":\"https:\/\/schema.org\",\"@graph\":[{\"@type\":\"Article\",\"@id\":\"https:\/\/www.zerdab.com\/?p=13468#article\",\"isPartOf\":{\"@id\":\"https:\/\/www.zerdab.com\/?p=13468\"},\"author\":{\"name\":\"admin\",\"@id\":\"https:\/\/www.zerdab.com\/#\/schema\/person\/97079b7570c1e89ec0d9e138c3672136\"},\"headline\":\"YAP-\u0131n yarad\u0131lmas\u0131n\u0131n 21-ci ild\u00f6n\u00fcm\u00fc qeyd edildi\",\"datePublished\":\"2013-11-23T18:06:17+00:00\",\"mainEntityOfPage\":{\"@id\":\"https:\/\/www.zerdab.com\/?p=13468\"},\"wordCount\":323,\"commentCount\":1,\"image\":{\"@id\":\"https:\/\/www.zerdab.com\/?p=13468#primaryimage\"},\"thumbnailUrl\":\"http:\/\/www.zerdab.com\/wp-content\/uploads\/2013\/11\/YAP-550x411.jpg\",\"articleSection\":[\"X\u018fB\u018fRL\u018fR\"],\"inLanguage\":\"az\",\"potentialAction\":[{\"@type\":\"CommentAction\",\"name\":\"Comment\",\"target\":[\"https:\/\/www.zerdab.com\/?p=13468#respond\"]}]},{\"@type\":\"WebPage\",\"@id\":\"https:\/\/www.zerdab.com\/?p=13468\",\"url\":\"https:\/\/www.zerdab.com\/?p=13468\",\"name\":\"YAP-\u0131n yarad\u0131lmas\u0131n\u0131n 21-ci ild\u00f6n\u00fcm\u00fc qeyd edildi - Z\u0259rdab.com\",\"isPartOf\":{\"@id\":\"https:\/\/www.zerdab.com\/#website\"},\"primaryImageOfPage\":{\"@id\":\"https:\/\/www.zerdab.com\/?p=13468#primaryimage\"},\"image\":{\"@id\":\"https:\/\/www.zerdab.com\/?p=13468#primaryimage\"},\"thumbnailUrl\":\"http:\/\/www.zerdab.com\/wp-content\/uploads\/2013\/11\/YAP-550x411.jpg\",\"datePublished\":\"2013-11-23T18:06:17+00:00\",\"author\":{\"@id\":\"https:\/\/www.zerdab.com\/#\/schema\/person\/97079b7570c1e89ec0d9e138c3672136\"},\"breadcrumb\":{\"@id\":\"https:\/\/www.zerdab.com\/?p=13468#breadcrumb\"},\"inLanguage\":\"az\",\"potentialAction\":[{\"@type\":\"ReadAction\",\"target\":[\"https:\/\/www.zerdab.com\/?p=13468\"]}]},{\"@type\":\"ImageObject\",\"inLanguage\":\"az\",\"@id\":\"https:\/\/www.zerdab.com\/?p=13468#primaryimage\",\"url\":\"\",\"contentUrl\":\"\"},{\"@type\":\"BreadcrumbList\",\"@id\":\"https:\/\/www.zerdab.com\/?p=13468#breadcrumb\",\"itemListElement\":[{\"@type\":\"ListItem\",\"position\":1,\"name\":\"Home\",\"item\":\"https:\/\/www.zerdab.com\/\"},{\"@type\":\"ListItem\",\"position\":2,\"name\":\"YAP-\u0131n yarad\u0131lmas\u0131n\u0131n 21-ci ild\u00f6n\u00fcm\u00fc qeyd edildi\"}]},{\"@type\":\"WebSite\",\"@id\":\"https:\/\/www.zerdab.com\/#website\",\"url\":\"https:\/\/www.zerdab.com\/\",\"name\":\"Z\u0259rdab.com\",\"description\":\"\",\"potentialAction\":[{\"@type\":\"SearchAction\",\"target\":{\"@type\":\"EntryPoint\",\"urlTemplate\":\"https:\/\/www.zerdab.com\/?s={search_term_string}\"},\"query-input\":{\"@type\":\"PropertyValueSpecification\",\"valueRequired\":true,\"valueName\":\"search_term_string\"}}],\"inLanguage\":\"az\"},{\"@type\":\"Person\",\"@id\":\"https:\/\/www.zerdab.com\/#\/schema\/person\/97079b7570c1e89ec0d9e138c3672136\",\"name\":\"admin\",\"image\":{\"@type\":\"ImageObject\",\"inLanguage\":\"az\",\"@id\":\"https:\/\/www.zerdab.com\/#\/schema\/person\/image\/\",\"url\":\"https:\/\/secure.gravatar.com\/avatar\/d9c52a9a27c32119cb6679a077fa3e2779e5f822c451cbf01098004361d466ec?s=96&d=mm&r=g\",\"contentUrl\":\"https:\/\/secure.gravatar.com\/avatar\/d9c52a9a27c32119cb6679a077fa3e2779e5f822c451cbf01098004361d466ec?s=96&d=mm&r=g\",\"caption\":\"admin\"},\"url\":\"https:\/\/www.zerdab.com\/?author=1\"}]}<\/script>\n<!-- \/ Yoast SEO plugin. -->","yoast_head_json":{"title":"YAP-\u0131n yarad\u0131lmas\u0131n\u0131n 21-ci ild\u00f6n\u00fcm\u00fc qeyd edildi - Z\u0259rdab.com","robots":{"index":"index","follow":"follow","max-snippet":"max-snippet:-1","max-image-preview":"max-image-preview:large","max-video-preview":"max-video-preview:-1"},"canonical":"https:\/\/www.zerdab.com\/?p=13468","og_locale":"az_AZ","og_type":"article","og_title":"YAP-\u0131n yarad\u0131lmas\u0131n\u0131n 21-ci ild\u00f6n\u00fcm\u00fc qeyd edildi - Z\u0259rdab.com","og_description":"Bu g\u00fcn Yeni Az\u0259rbaycan Partiyas\u0131n\u0131n (YAP) yarad\u0131lmas\u0131n\u0131n 21-ci il d\u00f6n\u00fcm\u00fc m\u00fcnasib\u0259til\u0259 t\u0259dbir ke\u00e7irilib. Zerdab.com sayt\u0131 Yeni Az\u0259rbaycan Partiyas\u0131na istinad\u0259n x\u0259b\u0259r verir ki, t\u0259dbird\u0259 YAP \u0130dar\u0259 Hey\u0259tinin v\u0259 Siyasi \u015euras\u0131n\u0131n \u00fczvl\u0259ri, Milli M\u0259clisin deputatlar\u0131 v\u0259 partiyan\u0131n g\u0259nc f\u0259allar\u0131 i\u015ftirak edibl\u0259r. T\u0259dbird\u0259 \u00e7\u0131x\u0131\u015f ed\u0259n YAP S\u0259drinin m\u00fcavini \u2013 \u0130cra katibi, Ba\u015f nazirin m\u00fcavini \u018fli \u018fhm\u0259dov Yeni Az\u0259rbaycan [&hellip;]","og_url":"https:\/\/www.zerdab.com\/?p=13468","og_site_name":"Z\u0259rdab.com","article_published_time":"2013-11-23T18:06:17+00:00","og_image":[{"url":"http:\/\/www.zerdab.com\/wp-content\/uploads\/2013\/11\/YAP-550x411.jpg","type":"","width":"","height":""}],"author":"admin","twitter_card":"summary_large_image","twitter_misc":{"Written by":"admin","Est. reading time":"2 minutes"},"schema":{"@context":"https:\/\/schema.org","@graph":[{"@type":"Article","@id":"https:\/\/www.zerdab.com\/?p=13468#article","isPartOf":{"@id":"https:\/\/www.zerdab.com\/?p=13468"},"author":{"name":"admin","@id":"https:\/\/www.zerdab.com\/#\/schema\/person\/97079b7570c1e89ec0d9e138c3672136"},"headline":"YAP-\u0131n yarad\u0131lmas\u0131n\u0131n 21-ci ild\u00f6n\u00fcm\u00fc qeyd edildi","datePublished":"2013-11-23T18:06:17+00:00","mainEntityOfPage":{"@id":"https:\/\/www.zerdab.com\/?p=13468"},"wordCount":323,"commentCount":1,"image":{"@id":"https:\/\/www.zerdab.com\/?p=13468#primaryimage"},"thumbnailUrl":"http:\/\/www.zerdab.com\/wp-content\/uploads\/2013\/11\/YAP-550x411.jpg","articleSection":["X\u018fB\u018fRL\u018fR"],"inLanguage":"az","potentialAction":[{"@type":"CommentAction","name":"Comment","target":["https:\/\/www.zerdab.com\/?p=13468#respond"]}]},{"@type":"WebPage","@id":"https:\/\/www.zerdab.com\/?p=13468","url":"https:\/\/www.zerdab.com\/?p=13468","name":"YAP-\u0131n yarad\u0131lmas\u0131n\u0131n 21-ci ild\u00f6n\u00fcm\u00fc qeyd edildi - Z\u0259rdab.com","isPartOf":{"@id":"https:\/\/www.zerdab.com\/#website"},"primaryImageOfPage":{"@id":"https:\/\/www.zerdab.com\/?p=13468#primaryimage"},"image":{"@id":"https:\/\/www.zerdab.com\/?p=13468#primaryimage"},"thumbnailUrl":"http:\/\/www.zerdab.com\/wp-content\/uploads\/2013\/11\/YAP-550x411.jpg","datePublished":"2013-11-23T18:06:17+00:00","author":{"@id":"https:\/\/www.zerdab.com\/#\/schema\/person\/97079b7570c1e89ec0d9e138c3672136"},"breadcrumb":{"@id":"https:\/\/www.zerdab.com\/?p=13468#breadcrumb"},"inLanguage":"az","potentialAction":[{"@type":"ReadAction","target":["https:\/\/www.zerdab.com\/?p=13468"]}]},{"@type":"ImageObject","inLanguage":"az","@id":"https:\/\/www.zerdab.com\/?p=13468#primaryimage","url":"","contentUrl":""},{"@type":"BreadcrumbList","@id":"https:\/\/www.zerdab.com\/?p=13468#breadcrumb","itemListElement":[{"@type":"ListItem","position":1,"name":"Home","item":"https:\/\/www.zerdab.com\/"},{"@type":"ListItem","position":2,"name":"YAP-\u0131n yarad\u0131lmas\u0131n\u0131n 21-ci ild\u00f6n\u00fcm\u00fc qeyd edildi"}]},{"@type":"WebSite","@id":"https:\/\/www.zerdab.com\/#website","url":"https:\/\/www.zerdab.com\/","name":"Z\u0259rdab.com","description":"","potentialAction":[{"@type":"SearchAction","target":{"@type":"EntryPoint","urlTemplate":"https:\/\/www.zerdab.com\/?s={search_term_string}"},"query-input":{"@type":"PropertyValueSpecification","valueRequired":true,"valueName":"search_term_string"}}],"inLanguage":"az"},{"@type":"Person","@id":"https:\/\/www.zerdab.com\/#\/schema\/person\/97079b7570c1e89ec0d9e138c3672136","name":"admin","image":{"@type":"ImageObject","inLanguage":"az","@id":"https:\/\/www.zerdab.com\/#\/schema\/person\/image\/","url":"https:\/\/secure.gravatar.com\/avatar\/d9c52a9a27c32119cb6679a077fa3e2779e5f822c451cbf01098004361d466ec?s=96&d=mm&r=g","contentUrl":"https:\/\/secure.gravatar.com\/avatar\/d9c52a9a27c32119cb6679a077fa3e2779e5f822c451cbf01098004361d466ec?s=96&d=mm&r=g","caption":"admin"},"url":"https:\/\/www.zerdab.com\/?author=1"}]}},"_links":{"self":[{"href":"https:\/\/www.zerdab.com\/index.php?rest_route=\/wp\/v2\/posts\/13468","targetHints":{"allow":["GET"]}}],"collection":[{"href":"https:\/\/www.zerdab.com\/index.php?rest_route=\/wp\/v2\/posts"}],"about":[{"href":"https:\/\/www.zerdab.com\/index.php?rest_route=\/wp\/v2\/types\/post"}],"author":[{"embeddable":true,"href":"https:\/\/www.zerdab.com\/index.php?rest_route=\/wp\/v2\/users\/1"}],"replies":[{"embeddable":true,"href":"https:\/\/www.zerdab.com\/index.php?rest_route=%2Fwp%2Fv2%2Fcomments&post=13468"}],"version-history":[{"count":1,"href":"https:\/\/www.zerdab.com\/index.php?rest_route=\/wp\/v2\/posts\/13468\/revisions"}],"predecessor-version":[{"id":13473,"href":"https:\/\/www.zerdab.com\/index.php?rest_route=\/wp\/v2\/posts\/13468\/revisions\/13473"}],"wp:attachment":[{"href":"https:\/\/www.zerdab.com\/index.php?rest_route=%2Fwp%2Fv2%2Fmedia&parent=13468"}],"wp:term":[{"taxonomy":"category","embeddable":true,"href":"https:\/\/www.zerdab.com\/index.php?rest_route=%2Fwp%2Fv2%2Fcategories&post=13468"},{"taxonomy":"post_tag","embeddable":true,"href":"https:\/\/www.zerdab.com\/index.php?rest_route=%2Fwp%2Fv2%2Ftags&post=13468"}],"curies":[{"name":"wp","href":"https:\/\/api.w.org\/{rel}","templated":true}]}}