{"id":13477,"date":"2013-11-24T20:52:49","date_gmt":"2013-11-24T16:52:49","guid":{"rendered":"http:\/\/www.zerdab.com\/?p=13477"},"modified":"2013-11-24T20:53:59","modified_gmt":"2013-11-24T16:53:59","slug":"prezident-ilham-%c9%99liyev%c9%99-jurnalistl%c9%99rin-dostu-mukafati-t%c9%99qdim-edildi","status":"publish","type":"post","link":"https:\/\/www.zerdab.com\/?p=13477","title":{"rendered":"Prezident \u0130lham \u018fliyev\u0259 \u201cJurnalistl\u0259rin dostu\u201d m\u00fckafat\u0131 t\u0259qdim edildi"},"content":{"rendered":"<div id=\"page_wrapper\">\n<p><a href=\"http:\/\/www.zerdab.com\/wp-content\/uploads\/2013\/11\/Jurnalistl\u0259rin-dostu.jpg\"><img loading=\"lazy\" decoding=\"async\" class=\"aligncenter size-large wp-image-13478\" alt=\"Jurnalistl\u0259rin dostu\" src=\"http:\/\/www.zerdab.com\/wp-content\/uploads\/2013\/11\/Jurnalistl\u0259rin-dostu-550x275.jpg\" width=\"550\" height=\"275\" \/><\/a>Prezident \u0130lham \u018fliyev ikinci d\u0259f\u0259 \u201cJurnalistl\u0259rin dostu\u201d se\u00e7ilmi\u015fdir. Noyabr\u0131n 24-d\u0259 bu m\u00fcnasib\u0259tl\u0259 t\u0259dbir ke\u00e7irilmi\u015fdir. Zerdab.com sayt\u0131 Prezidentin r\u0259smi sayt\u0131na istinad\u0259n x\u0259b\u0259r verir ki, M\u0259tbuat \u015euras\u0131n\u0131n s\u0259dri \u018fflatun Ama\u015fov b\u00fct\u00fcn media i\u015f\u00e7il\u0259ri ad\u0131ndan Prezident \u0130lham \u018fliyevi ikinci d\u0259f\u0259 \u201cJurnalistl\u0259rin dostu\u201d m\u00fckafat\u0131na layiq g\u00f6r\u00fclm\u0259si m\u00fcnasib\u0259til\u0259 t\u0259brik etmi\u015fdir. Bildirmi\u015fdir ki, 1997-ci ild\u0259 \u201cRUH\u201d Jurnalistl\u0259ri M\u00fcdafi\u0259 Komit\u0259sinin t\u0259sis etdiyi bu m\u00fckafata 2002-ci ild\u0259 xalq\u0131m\u0131z\u0131n \u00fcmummilli lideri Heyd\u0259r \u018fliyev layiq g\u00f6r\u00fclm\u00fc\u015fd\u00fcr. Komit\u0259nin bu ilin sentyabr\u0131nda ke\u00e7irdiyi sor\u011fuda \u00f6lk\u0259d\u0259 ictimai fikr\u0259 t\u0259sir g\u00f6st\u0259r\u0259n 30 g\u00fcnd\u0259lik, 15 h\u0259ft\u0259lik, 4 b\u00f6lg\u0259 q\u0259zeti, 6 jurnal, 11 informasiya agentliyi, 12 x\u0259b\u0259r portal\u0131, 7 telekanal, 4 radio v\u0259 11 jurnalist t\u0259\u015fkilat\u0131n\u0131n r\u0259yl\u0259ri \u00f6yr\u0259nilmi\u015fdir.<\/p>\n<p>Sor\u011funun n\u0259tic\u0259l\u0259rin\u0259 g\u00f6r\u0259 Az\u0259rbaycan Respublikas\u0131n\u0131n Prezidenti \u0130lham \u018fliyev 89 faiz s\u0259sl\u0259 n\u00f6vb\u0259ti d\u0259f\u0259 \u201cJurnalistl\u0259rin dostu\u201d elan edilmi\u015fdir.<\/p>\n<p>\u018fflatun Ama\u015fov bildirmi\u015fdir ki, Prezident \u0130lham \u018fliyevin diqq\u0259t v\u0259 qay\u011f\u0131s\u0131 say\u0259sind\u0259 milli m\u0259tbuat\u0131n 135 illiyi y\u00fcks\u0259k s\u0259viyy\u0259d\u0259 ke\u00e7irilmi\u015f, d\u00f6vl\u0259timizin ba\u015f\u00e7\u0131s\u0131n\u0131n s\u0259r\u0259ncamlar\u0131 il\u0259 y\u00fczl\u0259rl\u0259 media i\u015f\u00e7isi f\u0259xri adlara layiq g\u00f6r\u00fclm\u00fc\u015fd\u00fcr. M\u00fct\u0259madi olaraq media i\u015f\u00e7il\u0259ri il\u0259 g\u00f6r\u00fc\u015f\u0259n Prezident \u0130lham \u018fliyev jurnalistl\u0259rin sosial-m\u0259i\u015f\u0259t probleml\u0259rinin h\u0259lli istiqam\u0259tind\u0259 tarixi add\u0131mlar atm\u0131\u015f, 156 m\u0259nzilli bina jurnalistl\u0259rin ixtiyar\u0131na verilmi\u015fdir.<\/p>\n<p>Bu g\u00fcn \u00f6lk\u0259 medias\u0131n\u0131n keyfiyy\u0259t d\u0259yi\u015fiklikl\u0259ri d\u00f6vr\u00fcn\u00fc ya\u015fad\u0131\u011f\u0131n\u0131 dey\u0259n M\u0259tbuat \u015euras\u0131n\u0131n s\u0259dri son ill\u0259rin m\u00fch\u00fcm yenilikl\u0259rind\u0259n birinin d\u0259 mediaya d\u00f6vl\u0259t d\u0259st\u0259yinin art\u0131r\u0131lmas\u0131 il\u0259 ba\u011fl\u0131 oldu\u011funu demi\u015fdir.<\/p>\n<p>Sonra M\u0259tbuat \u015euras\u0131n\u0131n s\u0259dri \u018fflatun Ama\u015fov \u201cJurnalistl\u0259rin dostu\u201d m\u00fckafat\u0131n\u0131 Prezident \u0130lham \u018fliyev\u0259 t\u0259qdim etmi\u015fdir.<\/p>\n<p>Az\u0259rbaycan Prezidenti \u0130lham \u018fliyev yenid\u0259n \u201cJurnalistl\u0259rin dostu\u201d m\u00fckafat\u0131na layiq g\u00f6r\u00fclm\u0259si m\u00fcnasib\u0259til\u0259 t\u0259\u015f\u0259kk\u00fcrl\u0259rini \u00e7atd\u0131rd\u0131.<\/p>\n<p>D\u00f6vl\u0259timizin ba\u015f\u00e7\u0131s\u0131 qeyd etdi ki, \u00f6lk\u0259mizd\u0259 azad jurnalistikan\u0131n yarad\u0131lmas\u0131 v\u0259 inki\u015faf\u0131 istiqam\u0259tind\u0259 1980-ci v\u0259 1990-c\u0131 ill\u0259rd\u0259 xeyli i\u015f g\u00f6r\u00fcl\u00fcb, 1998-ci ild\u0259 ulu \u00f6nd\u0259r Heyd\u0259r \u018fliyevin xidm\u0259tl\u0259ri say\u0259sind\u0259 \u00f6lk\u0259d\u0259 senzura l\u0259\u011fv edilib v\u0259 bu da azad m\u0259tbuat\u0131n inki\u015faf\u0131 istiqam\u0259tind\u0259 m\u00fch\u00fcm add\u0131m olub.<\/p>\n<p>O vaxtdan bu g\u00fcn\u0259 q\u0259d\u0259r m\u0259tbuat\u0131n inki\u015faf\u0131 il\u0259 ba\u011fl\u0131 \u00f6lk\u0259d\u0259 \u00f6n\u0259mli q\u0259rarlar\u0131n q\u0259bul olundu\u011funu dey\u0259n Prezident \u0130lham \u018fliyev indi demokratik c\u0259miyy\u0259tin qurulmas\u0131 istiqam\u0259tind\u0259 azad m\u0259tbuat\u0131n b\u00f6y\u00fck rol oynad\u0131\u011f\u0131n\u0131 bildirdi. D\u00f6vl\u0259timizin ba\u015f\u00e7\u0131s\u0131 vur\u011fulad\u0131 ki, bu proses\u0259 t\u0259kan ver\u0259n m\u00fch\u00fcm amil d\u00f6vl\u0259t siyas\u0259tidir v\u0259 bu da Az\u0259rbaycanda vard\u0131r. Bu g\u00fcn Az\u0259rbaycan\u0131n demokratik inki\u015faf bax\u0131m\u0131ndan he\u00e7 bir \u00f6lk\u0259d\u0259n geri qalmad\u0131\u011f\u0131n\u0131 dey\u0259n Prezident \u0130lham \u018fliyev \u00f6lk\u0259d\u0259 s\u00f6z v\u0259 m\u0259tbuat azadl\u0131\u011f\u0131n\u0131n t\u0259min olundu\u011funu, haz\u0131rda Az\u0259rbaycanda internet istifad\u0259\u00e7il\u0259rinin say\u0131n\u0131n 70 faizi ke\u00e7diyini, yax\u0131n vaxtlarda b\u00f6lg\u0259l\u0259rd\u0259 geni\u015fzolaql\u0131 internet \u015f\u0259b\u0259k\u0259sinin geni\u015fl\u0259ndiril\u0259c\u0259yini, media n\u00fcmay\u0259nd\u0259l\u0259rinin m\u0259i\u015f\u0259t probleml\u0259rinin h\u0259llind\u0259 Az\u0259rbaycan\u0131n \u00f6nc\u00fcl yerl\u0259rd\u0259 durdu\u011funu diqq\u0259t\u0259 \u00e7atd\u0131rd\u0131.<\/p>\n<p>\u201cAz\u0259rbaycanda dinamik inki\u015faf\u0131 t\u0259min etm\u0259k \u00fc\u00e7\u00fcn ictimai sabitlik vacibdir. Bunu son prezident se\u00e7kil\u0259rinin n\u0259tic\u0259l\u0259ri d\u0259 g\u00f6st\u0259rdi.<\/p>\n<p>Bir daha m\u0259lum oldu ki, Az\u0259rbaycan c\u0259miyy\u0259ti sabitdir, m\u00fcst\u0259qillik, d\u00f6vl\u0259t\u00e7ilik v\u0259 m\u00fcasirlik prinsipl\u0259ri bizim \u00fc\u00e7\u00fcn \u00fcst\u00fcnl\u00fck t\u0259\u015fkil edir\u201d, &#8211; dey\u0259n Prezident \u0130lham \u018fliyev bu g\u00fcn \u00f6lk\u0259mizin siyasi v\u0259 iqtisadi m\u00fcst\u0259qilliyinin t\u0259min olundu\u011funu, xarici siyas\u0259t sah\u0259sind\u0259 Az\u0259rbaycan\u0131n m\u00f6vqel\u0259rinin m\u00f6hk\u0259ml\u0259ndiyini bildirdi.<\/p>\n<p>\u201cBiz xo\u015fb\u0259xt xalq\u0131q ki, bu g\u00fcn \u00f6lk\u0259miz m\u00fcst\u0259qil siyas\u0259t apar\u0131r\u201d, &#8211; dey\u0259n d\u00f6vl\u0259timizin ba\u015f\u00e7\u0131s\u0131 vur\u011fulad\u0131 ki, g\u00fccl\u00fc d\u00f6vl\u0259t quruculu\u011fu prosesind\u0259 demokratik prinsipl\u0259rin t\u0259min olunmas\u0131 x\u00fcsusi yer tutur v\u0259 Az\u0259rbaycan r\u0259hb\u0259rliyind\u0259 demokratiyan\u0131n inki\u015faf\u0131 il\u0259 ba\u011fl\u0131 g\u00fccl\u00fc irad\u0259 vard\u0131r.<\/p>\n<p>Haz\u0131rda erm\u0259ni lobbisinin \u00f6lk\u0259miz\u0259 qar\u015f\u0131 qarayaxma kampaniyas\u0131n\u0131n davam etdiyini dey\u0259n Prezident \u0130lham \u018fliyev Erm\u0259nistan-Az\u0259rbaycan, Da\u011fl\u0131q Qaraba\u011f m\u00fcnaqi\u015f\u0259si il\u0259 ba\u011fl\u0131 \u00f6lk\u0259mizin \u0259dal\u0259tli m\u00f6vqeyinin d\u00fcnyaya \u00e7atd\u0131r\u0131lmas\u0131nda media n\u00fcmay\u0259nd\u0259l\u0259rini daha f\u0259al olma\u011fa \u00e7a\u011f\u0131rd\u0131. Bildirdi ki, Az\u0259rbaycan informasiya blokadas\u0131ndan \u00e7\u0131x\u0131b v\u0259 bu sah\u0259d\u0259 m\u00fcbariz\u0259 davam etdirilm\u0259lidir.<\/p>\n<p>B\u0259zi xarici dair\u0259l\u0259rin \u00f6lk\u0259mizin u\u011furlu inki\u015faf\u0131n\u0131 q\u0259bul etm\u0259k ist\u0259m\u0259diyini, Az\u0259rbaycan\u0131n m\u00fcst\u0259qil x\u0259ttinin v\u0259 bir \u00e7ox m\u0259s\u0259l\u0259l\u0259rl\u0259 ba\u011fl\u0131 bar\u0131\u015fmaz m\u00f6vqeyinin b\u0259zi dair\u0259l\u0259ri h\u0259r\u0259k\u0259t\u0259 g\u0259tirdiyini v\u0259 onlarda narahatl\u0131q yaratd\u0131\u011f\u0131n\u0131 dey\u0259n d\u00f6vl\u0259timizin ba\u015f\u00e7\u0131s\u0131 qeyd etdi ki, Az\u0259rbaycan h\u0259r zaman bu kimi hallara tutarl\u0131 cavab verir. \u00c7\u00fcnki Az\u0259rbaycan c\u0259miyy\u0259ti reall\u0131qlar\u0131 bilir. \u201cBiz b\u00fct\u00fcn bunlardan qorunmaq \u00fc\u00e7\u00fcn daha da g\u00fccl\u00fc olmal\u0131y\u0131q v\u0259 b\u00fct\u00fcn bu prosesl\u0259rd\u0259 median\u0131n rolu b\u00f6y\u00fckd\u00fcr\u201d, &#8211; dey\u0259n Prezident \u0130lham \u018fliyev \u00f6lk\u0259mizl\u0259 ba\u011fl\u0131 xaricd\u0259 yay\u0131lan informasiyalar\u0131n d\u00f6vl\u0259t maraqlar\u0131na xidm\u0259t etm\u0259sind\u0259 median\u0131 h\u0259mr\u0259y olma\u011fa s\u0259sl\u0259di. Bununla yana\u015f\u0131, c\u0259miyy\u0259td\u0259ki probleml\u0259rin i\u015f\u0131qland\u0131r\u0131lmas\u0131nda m\u0259tbuat\u0131n rolunu y\u00fcks\u0259k qiym\u0259tl\u0259ndir\u0259n d\u00f6vl\u0259timizin ba\u015f\u00e7\u0131s\u0131 media i\u015f\u00e7il\u0259rin\u0259 yenid\u0259n onu \u201cJurnalistl\u0259rin dostu\u201d se\u00e7dikl\u0259rin\u0259 g\u00f6r\u0259 t\u0259\u015f\u0259kk\u00fcr etdi.<\/p>\n<p>Sonra \u018fm\u0259kdar Jurnalist, Milli M\u0259clisin deputat\u0131 Aqil Abbas, \u018fm\u0259kdar Jurnalist, professor \u015eirm\u0259mm\u0259d H\u00fcseynov, M\u0259tbuat \u015euras\u0131n\u0131n n\u0259zdind\u0259 f\u0259aliyy\u0259t g\u00f6st\u0259r\u0259n \u201cAh\u0131l\u201d Jurnalistl\u0259r M\u0259clisinin s\u0259dri Yusif K\u0259rimov, \u201cYeni M\u00fcsavat\u201d q\u0259zetinin ba\u015f redaktoru Rauf Arifo\u011flu v\u0259 \u201c525-ci q\u0259zet\u201din ba\u015f redaktoru R\u0259\u015fad M\u0259cid \u00e7\u0131x\u0131\u015f ed\u0259r\u0259k azad m\u0259tbuat\u0131n inki\u015faf\u0131 il\u0259 ba\u011fl\u0131 son ill\u0259rd\u0259 Prezident \u0130lham \u018fliyevin r\u0259hb\u0259rliyi alt\u0131nda g\u00f6r\u00fcl\u0259n i\u015fl\u0259rd\u0259n dan\u0131\u015fm\u0131\u015f, m\u0259tbuat\u0131n inki\u015faf\u0131 il\u0259 ba\u011fl\u0131 t\u0259klifl\u0259rini s\u0259sl\u0259ndirmi\u015fl\u0259r.<\/p>\n<p>G\u00f6r\u00fc\u015f\u0259 yekun vuran Prezident \u0130lham \u018fliyev jurnalistika fak\u00fclt\u0259sin\u0259 q\u0259bul zaman\u0131 qabiliyy\u0259t imtahanlar\u0131n\u0131n verilm\u0259si, yerli telekanallar \u00fc\u00e7\u00fcn seriallar\u0131n \u00e7\u0259kilm\u0259si, Az\u0259rbaycan Xalq C\u00fcmhuriyy\u0259tinin qurucular\u0131n\u0131n xatir\u0259sinin \u0259b\u0259dil\u0259\u015fdirilm\u0259si, ah\u0131l jurnalistl\u0259r\u0259 d\u00f6vl\u0259t d\u0259st\u0259yinin art\u0131r\u0131lmas\u0131, q\u0259zet sat\u0131\u015f\u0131na daha geni\u015f imkanlar\u0131n yarad\u0131lmas\u0131 il\u0259 ba\u011fl\u0131 s\u0259sl\u0259n\u0259n t\u0259klifl\u0259r\u0259 m\u00fcsb\u0259t yana\u015fd\u0131\u011f\u0131n\u0131 v\u0259 onlar\u0131n realla\u015fd\u0131r\u0131lmas\u0131 istiqam\u0259tind\u0259 t\u0259dbirl\u0259rin g\u00f6r\u00fcl\u0259c\u0259yini bildirmi\u015fdir. D\u00f6vl\u0259timizin ba\u015f\u00e7\u0131s\u0131 c\u0259miyy\u0259td\u0259 m\u00fcsb\u0259t meyill\u0259rin b\u0259rq\u0259rar olmas\u0131, nikbin \u0259hval-ruhiyy\u0259nin qorunub saxlanmas\u0131 \u00fc\u00e7\u00fcn x\u0259b\u0259r balans\u0131n\u0131n qorunmas\u0131 il\u0259 ba\u011fl\u0131 \u00f6z t\u0259klifl\u0259rini vermi\u015f, \u00f6lk\u0259mizd\u0259 ya\u015fl\u0131 n\u0259sl\u0259, o c\u00fcml\u0259d\u0259n ah\u0131l jurnalistl\u0259r\u0259 diqq\u0259t v\u0259 qay\u011f\u0131n\u0131n bundan sonra da davam etdirilm\u0259sinin vacibliyini \u00f6n\u0259 \u00e7\u0259kmi\u015fdir.<\/p>\n<p>M\u00fcst\u0259qillik tariximizl\u0259 ba\u011fl\u0131 \u0259s\u0259rl\u0259rin yarad\u0131lmas\u0131na b\u00f6y\u00fck ehtiyac oldu\u011funu dey\u0259n Prezident \u0130lham \u018fliyev bu m\u00f6vzunun h\u0259r zaman g\u00fcnd\u0259md\u0259 saxlanmas\u0131n\u0131n z\u0259ruri oldu\u011funu demi\u015fdir.<\/p>\n<p>Prezident \u0130lham \u018fliyev bir daha m\u00fckafata g\u00f6r\u0259 minn\u0259tdarl\u0131\u011f\u0131n\u0131 bildirmi\u015f, jurnalistl\u0259r\u0259 f\u0259aliyy\u0259tl\u0259rind\u0259 u\u011furlar arzulam\u0131\u015fd\u0131r.<\/p>\n<p>Sonda xatir\u0259 \u015f\u0259kli \u00e7\u0259kdirilmi\u015fdir.<\/p>\n<p>Zerdab.com<\/p>\n<\/div>\n","protected":false},"excerpt":{"rendered":"<p>Prezident \u0130lham \u018fliyev ikinci d\u0259f\u0259 \u201cJurnalistl\u0259rin dostu\u201d se\u00e7ilmi\u015fdir. Noyabr\u0131n 24-d\u0259 bu m\u00fcnasib\u0259tl\u0259 t\u0259dbir ke\u00e7irilmi\u015fdir. Zerdab.com sayt\u0131 Prezidentin r\u0259smi sayt\u0131na istinad\u0259n x\u0259b\u0259r verir ki, M\u0259tbuat \u015euras\u0131n\u0131n s\u0259dri \u018fflatun Ama\u015fov b\u00fct\u00fcn media i\u015f\u00e7il\u0259ri ad\u0131ndan Prezident \u0130lham \u018fliyevi ikinci d\u0259f\u0259 \u201cJurnalistl\u0259rin dostu\u201d m\u00fckafat\u0131na layiq g\u00f6r\u00fclm\u0259si m\u00fcnasib\u0259til\u0259 t\u0259brik etmi\u015fdir. Bildirmi\u015fdir ki, 1997-ci ild\u0259 \u201cRUH\u201d Jurnalistl\u0259ri M\u00fcdafi\u0259 Komit\u0259sinin t\u0259sis etdiyi [&hellip;]<\/p>\n","protected":false},"author":1,"featured_media":0,"comment_status":"open","ping_status":"open","sticky":false,"template":"","format":"standard","meta":{"footnotes":""},"categories":[21],"tags":[],"class_list":{"0":"post-13477","1":"post","2":"type-post","3":"status-publish","4":"format-standard","6":"category-zrdab"},"yoast_head":"<!-- This site is optimized with the Yoast SEO plugin v27.0 - https:\/\/yoast.com\/product\/yoast-seo-wordpress\/ -->\n<title>Prezident \u0130lham \u018fliyev\u0259 \u201cJurnalistl\u0259rin dostu\u201d m\u00fckafat\u0131 t\u0259qdim edildi - Z\u0259rdab.com<\/title>\n<meta name=\"robots\" content=\"index, follow, max-snippet:-1, max-image-preview:large, max-video-preview:-1\" \/>\n<link rel=\"canonical\" href=\"https:\/\/www.zerdab.com\/?p=13477\" \/>\n<meta property=\"og:locale\" content=\"az_AZ\" \/>\n<meta property=\"og:type\" content=\"article\" \/>\n<meta property=\"og:title\" content=\"Prezident \u0130lham \u018fliyev\u0259 \u201cJurnalistl\u0259rin dostu\u201d m\u00fckafat\u0131 t\u0259qdim edildi - Z\u0259rdab.com\" \/>\n<meta property=\"og:description\" content=\"Prezident \u0130lham \u018fliyev ikinci d\u0259f\u0259 \u201cJurnalistl\u0259rin dostu\u201d se\u00e7ilmi\u015fdir. Noyabr\u0131n 24-d\u0259 bu m\u00fcnasib\u0259tl\u0259 t\u0259dbir ke\u00e7irilmi\u015fdir. Zerdab.com sayt\u0131 Prezidentin r\u0259smi sayt\u0131na istinad\u0259n x\u0259b\u0259r verir ki, M\u0259tbuat \u015euras\u0131n\u0131n s\u0259dri \u018fflatun Ama\u015fov b\u00fct\u00fcn media i\u015f\u00e7il\u0259ri ad\u0131ndan Prezident \u0130lham \u018fliyevi ikinci d\u0259f\u0259 \u201cJurnalistl\u0259rin dostu\u201d m\u00fckafat\u0131na layiq g\u00f6r\u00fclm\u0259si m\u00fcnasib\u0259til\u0259 t\u0259brik etmi\u015fdir. Bildirmi\u015fdir ki, 1997-ci ild\u0259 \u201cRUH\u201d Jurnalistl\u0259ri M\u00fcdafi\u0259 Komit\u0259sinin t\u0259sis etdiyi [&hellip;]\" \/>\n<meta property=\"og:url\" content=\"https:\/\/www.zerdab.com\/?p=13477\" \/>\n<meta property=\"og:site_name\" content=\"Z\u0259rdab.com\" \/>\n<meta property=\"article:published_time\" content=\"2013-11-24T16:52:49+00:00\" \/>\n<meta property=\"article:modified_time\" content=\"2013-11-24T16:53:59+00:00\" \/>\n<meta name=\"author\" content=\"admin\" \/>\n<meta name=\"twitter:card\" content=\"summary_large_image\" \/>\n<meta name=\"twitter:label1\" content=\"Written by\" \/>\n\t<meta name=\"twitter:data1\" content=\"admin\" \/>\n\t<meta name=\"twitter:label2\" content=\"Est. reading time\" \/>\n\t<meta name=\"twitter:data2\" content=\"7 minutes\" \/>\n<script type=\"application\/ld+json\" class=\"yoast-schema-graph\">{\"@context\":\"https:\/\/schema.org\",\"@graph\":[{\"@type\":\"Article\",\"@id\":\"https:\/\/www.zerdab.com\/?p=13477#article\",\"isPartOf\":{\"@id\":\"https:\/\/www.zerdab.com\/?p=13477\"},\"author\":{\"name\":\"admin\",\"@id\":\"https:\/\/www.zerdab.com\/#\/schema\/person\/97079b7570c1e89ec0d9e138c3672136\"},\"headline\":\"Prezident \u0130lham \u018fliyev\u0259 \u201cJurnalistl\u0259rin dostu\u201d m\u00fckafat\u0131 t\u0259qdim edildi\",\"datePublished\":\"2013-11-24T16:52:49+00:00\",\"dateModified\":\"2013-11-24T16:53:59+00:00\",\"mainEntityOfPage\":{\"@id\":\"https:\/\/www.zerdab.com\/?p=13477\"},\"wordCount\":1447,\"commentCount\":0,\"articleSection\":[\"C\u018fM\u0130YY\u018fT\"],\"inLanguage\":\"az\",\"potentialAction\":[{\"@type\":\"CommentAction\",\"name\":\"Comment\",\"target\":[\"https:\/\/www.zerdab.com\/?p=13477#respond\"]}]},{\"@type\":\"WebPage\",\"@id\":\"https:\/\/www.zerdab.com\/?p=13477\",\"url\":\"https:\/\/www.zerdab.com\/?p=13477\",\"name\":\"Prezident \u0130lham \u018fliyev\u0259 \u201cJurnalistl\u0259rin dostu\u201d m\u00fckafat\u0131 t\u0259qdim edildi - Z\u0259rdab.com\",\"isPartOf\":{\"@id\":\"https:\/\/www.zerdab.com\/#website\"},\"datePublished\":\"2013-11-24T16:52:49+00:00\",\"dateModified\":\"2013-11-24T16:53:59+00:00\",\"author\":{\"@id\":\"https:\/\/www.zerdab.com\/#\/schema\/person\/97079b7570c1e89ec0d9e138c3672136\"},\"breadcrumb\":{\"@id\":\"https:\/\/www.zerdab.com\/?p=13477#breadcrumb\"},\"inLanguage\":\"az\",\"potentialAction\":[{\"@type\":\"ReadAction\",\"target\":[\"https:\/\/www.zerdab.com\/?p=13477\"]}]},{\"@type\":\"BreadcrumbList\",\"@id\":\"https:\/\/www.zerdab.com\/?p=13477#breadcrumb\",\"itemListElement\":[{\"@type\":\"ListItem\",\"position\":1,\"name\":\"Home\",\"item\":\"https:\/\/www.zerdab.com\/\"},{\"@type\":\"ListItem\",\"position\":2,\"name\":\"Prezident \u0130lham \u018fliyev\u0259 \u201cJurnalistl\u0259rin dostu\u201d m\u00fckafat\u0131 t\u0259qdim edildi\"}]},{\"@type\":\"WebSite\",\"@id\":\"https:\/\/www.zerdab.com\/#website\",\"url\":\"https:\/\/www.zerdab.com\/\",\"name\":\"Z\u0259rdab.com\",\"description\":\"\",\"potentialAction\":[{\"@type\":\"SearchAction\",\"target\":{\"@type\":\"EntryPoint\",\"urlTemplate\":\"https:\/\/www.zerdab.com\/?s={search_term_string}\"},\"query-input\":{\"@type\":\"PropertyValueSpecification\",\"valueRequired\":true,\"valueName\":\"search_term_string\"}}],\"inLanguage\":\"az\"},{\"@type\":\"Person\",\"@id\":\"https:\/\/www.zerdab.com\/#\/schema\/person\/97079b7570c1e89ec0d9e138c3672136\",\"name\":\"admin\",\"image\":{\"@type\":\"ImageObject\",\"inLanguage\":\"az\",\"@id\":\"https:\/\/www.zerdab.com\/#\/schema\/person\/image\/\",\"url\":\"https:\/\/secure.gravatar.com\/avatar\/d9c52a9a27c32119cb6679a077fa3e2779e5f822c451cbf01098004361d466ec?s=96&d=mm&r=g\",\"contentUrl\":\"https:\/\/secure.gravatar.com\/avatar\/d9c52a9a27c32119cb6679a077fa3e2779e5f822c451cbf01098004361d466ec?s=96&d=mm&r=g\",\"caption\":\"admin\"},\"url\":\"https:\/\/www.zerdab.com\/?author=1\"}]}<\/script>\n<!-- \/ Yoast SEO plugin. -->","yoast_head_json":{"title":"Prezident \u0130lham \u018fliyev\u0259 \u201cJurnalistl\u0259rin dostu\u201d m\u00fckafat\u0131 t\u0259qdim edildi - Z\u0259rdab.com","robots":{"index":"index","follow":"follow","max-snippet":"max-snippet:-1","max-image-preview":"max-image-preview:large","max-video-preview":"max-video-preview:-1"},"canonical":"https:\/\/www.zerdab.com\/?p=13477","og_locale":"az_AZ","og_type":"article","og_title":"Prezident \u0130lham \u018fliyev\u0259 \u201cJurnalistl\u0259rin dostu\u201d m\u00fckafat\u0131 t\u0259qdim edildi - Z\u0259rdab.com","og_description":"Prezident \u0130lham \u018fliyev ikinci d\u0259f\u0259 \u201cJurnalistl\u0259rin dostu\u201d se\u00e7ilmi\u015fdir. Noyabr\u0131n 24-d\u0259 bu m\u00fcnasib\u0259tl\u0259 t\u0259dbir ke\u00e7irilmi\u015fdir. Zerdab.com sayt\u0131 Prezidentin r\u0259smi sayt\u0131na istinad\u0259n x\u0259b\u0259r verir ki, M\u0259tbuat \u015euras\u0131n\u0131n s\u0259dri \u018fflatun Ama\u015fov b\u00fct\u00fcn media i\u015f\u00e7il\u0259ri ad\u0131ndan Prezident \u0130lham \u018fliyevi ikinci d\u0259f\u0259 \u201cJurnalistl\u0259rin dostu\u201d m\u00fckafat\u0131na layiq g\u00f6r\u00fclm\u0259si m\u00fcnasib\u0259til\u0259 t\u0259brik etmi\u015fdir. Bildirmi\u015fdir ki, 1997-ci ild\u0259 \u201cRUH\u201d Jurnalistl\u0259ri M\u00fcdafi\u0259 Komit\u0259sinin t\u0259sis etdiyi [&hellip;]","og_url":"https:\/\/www.zerdab.com\/?p=13477","og_site_name":"Z\u0259rdab.com","article_published_time":"2013-11-24T16:52:49+00:00","article_modified_time":"2013-11-24T16:53:59+00:00","author":"admin","twitter_card":"summary_large_image","twitter_misc":{"Written by":"admin","Est. reading time":"7 minutes"},"schema":{"@context":"https:\/\/schema.org","@graph":[{"@type":"Article","@id":"https:\/\/www.zerdab.com\/?p=13477#article","isPartOf":{"@id":"https:\/\/www.zerdab.com\/?p=13477"},"author":{"name":"admin","@id":"https:\/\/www.zerdab.com\/#\/schema\/person\/97079b7570c1e89ec0d9e138c3672136"},"headline":"Prezident \u0130lham \u018fliyev\u0259 \u201cJurnalistl\u0259rin dostu\u201d m\u00fckafat\u0131 t\u0259qdim edildi","datePublished":"2013-11-24T16:52:49+00:00","dateModified":"2013-11-24T16:53:59+00:00","mainEntityOfPage":{"@id":"https:\/\/www.zerdab.com\/?p=13477"},"wordCount":1447,"commentCount":0,"articleSection":["C\u018fM\u0130YY\u018fT"],"inLanguage":"az","potentialAction":[{"@type":"CommentAction","name":"Comment","target":["https:\/\/www.zerdab.com\/?p=13477#respond"]}]},{"@type":"WebPage","@id":"https:\/\/www.zerdab.com\/?p=13477","url":"https:\/\/www.zerdab.com\/?p=13477","name":"Prezident \u0130lham \u018fliyev\u0259 \u201cJurnalistl\u0259rin dostu\u201d m\u00fckafat\u0131 t\u0259qdim edildi - Z\u0259rdab.com","isPartOf":{"@id":"https:\/\/www.zerdab.com\/#website"},"datePublished":"2013-11-24T16:52:49+00:00","dateModified":"2013-11-24T16:53:59+00:00","author":{"@id":"https:\/\/www.zerdab.com\/#\/schema\/person\/97079b7570c1e89ec0d9e138c3672136"},"breadcrumb":{"@id":"https:\/\/www.zerdab.com\/?p=13477#breadcrumb"},"inLanguage":"az","potentialAction":[{"@type":"ReadAction","target":["https:\/\/www.zerdab.com\/?p=13477"]}]},{"@type":"BreadcrumbList","@id":"https:\/\/www.zerdab.com\/?p=13477#breadcrumb","itemListElement":[{"@type":"ListItem","position":1,"name":"Home","item":"https:\/\/www.zerdab.com\/"},{"@type":"ListItem","position":2,"name":"Prezident \u0130lham \u018fliyev\u0259 \u201cJurnalistl\u0259rin dostu\u201d m\u00fckafat\u0131 t\u0259qdim edildi"}]},{"@type":"WebSite","@id":"https:\/\/www.zerdab.com\/#website","url":"https:\/\/www.zerdab.com\/","name":"Z\u0259rdab.com","description":"","potentialAction":[{"@type":"SearchAction","target":{"@type":"EntryPoint","urlTemplate":"https:\/\/www.zerdab.com\/?s={search_term_string}"},"query-input":{"@type":"PropertyValueSpecification","valueRequired":true,"valueName":"search_term_string"}}],"inLanguage":"az"},{"@type":"Person","@id":"https:\/\/www.zerdab.com\/#\/schema\/person\/97079b7570c1e89ec0d9e138c3672136","name":"admin","image":{"@type":"ImageObject","inLanguage":"az","@id":"https:\/\/www.zerdab.com\/#\/schema\/person\/image\/","url":"https:\/\/secure.gravatar.com\/avatar\/d9c52a9a27c32119cb6679a077fa3e2779e5f822c451cbf01098004361d466ec?s=96&d=mm&r=g","contentUrl":"https:\/\/secure.gravatar.com\/avatar\/d9c52a9a27c32119cb6679a077fa3e2779e5f822c451cbf01098004361d466ec?s=96&d=mm&r=g","caption":"admin"},"url":"https:\/\/www.zerdab.com\/?author=1"}]}},"_links":{"self":[{"href":"https:\/\/www.zerdab.com\/index.php?rest_route=\/wp\/v2\/posts\/13477","targetHints":{"allow":["GET"]}}],"collection":[{"href":"https:\/\/www.zerdab.com\/index.php?rest_route=\/wp\/v2\/posts"}],"about":[{"href":"https:\/\/www.zerdab.com\/index.php?rest_route=\/wp\/v2\/types\/post"}],"author":[{"embeddable":true,"href":"https:\/\/www.zerdab.com\/index.php?rest_route=\/wp\/v2\/users\/1"}],"replies":[{"embeddable":true,"href":"https:\/\/www.zerdab.com\/index.php?rest_route=%2Fwp%2Fv2%2Fcomments&post=13477"}],"version-history":[{"count":2,"href":"https:\/\/www.zerdab.com\/index.php?rest_route=\/wp\/v2\/posts\/13477\/revisions"}],"predecessor-version":[{"id":13480,"href":"https:\/\/www.zerdab.com\/index.php?rest_route=\/wp\/v2\/posts\/13477\/revisions\/13480"}],"wp:attachment":[{"href":"https:\/\/www.zerdab.com\/index.php?rest_route=%2Fwp%2Fv2%2Fmedia&parent=13477"}],"wp:term":[{"taxonomy":"category","embeddable":true,"href":"https:\/\/www.zerdab.com\/index.php?rest_route=%2Fwp%2Fv2%2Fcategories&post=13477"},{"taxonomy":"post_tag","embeddable":true,"href":"https:\/\/www.zerdab.com\/index.php?rest_route=%2Fwp%2Fv2%2Ftags&post=13477"}],"curies":[{"name":"wp","href":"https:\/\/api.w.org\/{rel}","templated":true}]}}