{"id":13485,"date":"2013-11-25T00:23:17","date_gmt":"2013-11-24T20:23:17","guid":{"rendered":"http:\/\/www.zerdab.com\/?p=13485"},"modified":"2013-11-25T00:37:34","modified_gmt":"2013-11-24T20:37:34","slug":"h%c9%99myerlimiz-n%c9%99rmin-camalzad%c9%99-italiyada-dunya-cempionu-oldu","status":"publish","type":"post","link":"https:\/\/www.zerdab.com\/?p=13485","title":{"rendered":"H\u0259myerlimiz N\u0259rmin Camalzad\u0259 \u0130taliyada d\u00fcnya \u00e7empionu oldu"},"content":{"rendered":"<p><a href=\"http:\/\/www.zerdab.com\/wp-content\/uploads\/2013\/11\/Nermin-Camal.jpg\"><img loading=\"lazy\" decoding=\"async\" class=\"aligncenter size-full wp-image-13486\" alt=\"N\u0259rmin Camal\" src=\"http:\/\/www.zerdab.com\/wp-content\/uploads\/2013\/11\/Nermin-Camal.jpg\" width=\"528\" height=\"528\" \/><\/a>Az\u0259rbaycan\u0131n \u0259n g\u00fccl\u00fc xan\u0131m idman\u00e7\u0131lar\u0131ndan biri &#8211; h\u0259myerlimiz, Z\u0259rdab rayonunun yetirm\u0259si Camalzad\u0259 N\u0259rmin Akif q\u0131z\u0131 karatenin VKC n\u00f6v\u00fc \u00fczr\u0259 \u0130taliyan\u0131n Berqamo \u015f\u0259h\u0259rind\u0259 ke\u00e7iril\u0259n d\u00fcnya \u00e7empionat\u0131nda r\u0259qibl\u0259rini m\u0259\u011flub ed\u0259r\u0259k 1-ci yeri tutub. O, komanda d\u00f6y\u00fc\u015f\u00fcnd\u0259 is\u0259 2-ci olub.<\/p>\n<p>\u0130taliyan\u0131n Berqamo \u015f\u0259h\u0259rind\u0259n Zerdab.com sayt\u0131n\u0131n suallar\u0131n\u0131 cavabland\u0131ran N\u0259rmin Camalzad\u0259 &#8211; 57 kiloqram \u00e7\u0259ki d\u0259r\u0259c\u0259sind\u0259 qalib oldu\u011funu s\u00f6yl\u0259di. N\u0259rmin Camalzad\u0259 s\u00f6z\u00fcged\u0259n \u00e7empionatda bundan \u00f6nc\u0259 2-ci yeri tutdu\u011funu, indi is\u0259 ilk d\u0259f\u0259 olaraq 1-ci yer\u0259 y\u00fcks\u0259ldiyini dedi. M\u0259lumat \u00fc\u00e7\u00fcn bildir\u0259k ki, \u00e7empionat noyabr\u0131n 23-24-\u00fc tarixl\u0259rind\u0259 ke\u00e7irilib. N.\u00a0Camalzad\u0259 Zerdab.com-a a\u00e7\u0131qlamas\u0131nda: &#8220;\u00c7ox \u00e7\u0259tin v\u0259 m\u0259suliyy\u0259tli yar\u0131\u015f idi. \u00c7\u0259tinlikl\u0259 d\u0259 olsa, q\u0259l\u0259b\u0259y\u0259 nail olduq. Bu \u00e7empionat \u00fc\u00e7\u00fcn \u00e7ox h\u0259y\u0259canl\u0131 idim. \u015e\u00fck\u00fcr ki, \u0259ziyy\u0259tim h\u0259d\u0259r getm\u0259di&#8221;,-s\u00f6yl\u0259di.<\/p>\n<p>N\u0259rmin\u00a0Camalzad\u0259 3 d\u00f6y\u00fc\u015f ke\u00e7irib v\u0259 finalda Ukraynal\u0131 r\u0259qibini m\u0259\u011flub edib.<\/p>\n<p>Xat\u0131rladaq ki, N\u0259rmin Camalzad\u0259 bundan \u00f6nc\u0259 d\u0259 m\u00f6ht\u0259\u015f\u0259m q\u0259l\u0259b\u0259l\u0259r\u0259 imza at\u0131b. Bel\u0259 ki, sonuncu d\u0259f\u0259 karatenin VKC n\u00f6v\u00fc \u00fczr\u0259 Ukraynan\u0131n Odessa \u015f\u0259h\u0259rind\u0259 ke\u00e7iril\u0259n VI D\u00fcnya Kubokunda 18-35 ya\u015fl\u0131 idman\u00e7\u0131lar aras\u0131nda 48 kiloqram \u00e7\u0259ki d\u0259r\u0259c\u0259sind\u0259 r\u0259qibl\u0259rini m\u0259\u011flub ed\u0259r\u0259k D\u00fcnya Kubokuna sahib olub.<\/p>\n<p>N\u0259rmin Camalzad\u0259 bundan ba\u015fqa karatenin VKC n\u00f6v\u00fc \u00fczr\u0259 Ukraynan\u0131n Odessa \u015f\u0259h\u0259rind\u0259 ke\u00e7iril\u0259n beyn\u0259lxalq turnirin q\u0131z\u0131l medal\u00e7\u0131s\u0131, D\u00fcnya kuboku yar\u0131\u015flar\u0131nda D\u00fcnya kubokunun v\u0259 q\u0131z\u0131l medal\u0131n sahibi, 2010-cu il Avropa \u00e7empionu, T\u00fcrkiy\u0259nin Antalya \u015f\u0259h\u0259rind\u0259 ke\u00e7iril\u0259n D\u00fcnya \u00e7empionat\u0131n\u0131n g\u00fcm\u00fc\u015f m\u00fckafat\u00e7\u0131s\u0131, \u015e\u0259rqi Avropa \u00e7empionat\u0131n\u0131n q\u0131z\u0131l m\u00fckafat\u00e7\u0131s\u0131d\u0131r.<\/p>\n<p>H\u0259myerilimizi m\u00f6ht\u0259\u015f\u0259m q\u0259l\u0259b\u0259l\u0259ri m\u00fcnasib\u0259ti il\u0259 \u00fcr\u0259kd\u0259n t\u0259brik edir, ona yeni-yeni q\u0259l\u0259b\u0259l\u0259r arzulay\u0131r\u0131q.<\/p>\n<p>Zerdab.com<\/p>\n","protected":false},"excerpt":{"rendered":"<p>Az\u0259rbaycan\u0131n \u0259n g\u00fccl\u00fc xan\u0131m idman\u00e7\u0131lar\u0131ndan biri &#8211; h\u0259myerlimiz, Z\u0259rdab rayonunun yetirm\u0259si Camalzad\u0259 N\u0259rmin Akif q\u0131z\u0131 karatenin VKC n\u00f6v\u00fc \u00fczr\u0259 \u0130taliyan\u0131n Berqamo \u015f\u0259h\u0259rind\u0259 ke\u00e7iril\u0259n d\u00fcnya \u00e7empionat\u0131nda r\u0259qibl\u0259rini m\u0259\u011flub ed\u0259r\u0259k 1-ci yeri tutub. O, komanda d\u00f6y\u00fc\u015f\u00fcnd\u0259 is\u0259 2-ci olub. \u0130taliyan\u0131n Berqamo \u015f\u0259h\u0259rind\u0259n Zerdab.com sayt\u0131n\u0131n suallar\u0131n\u0131 cavabland\u0131ran N\u0259rmin Camalzad\u0259 &#8211; 57 kiloqram \u00e7\u0259ki d\u0259r\u0259c\u0259sind\u0259 qalib oldu\u011funu s\u00f6yl\u0259di. N\u0259rmin [&hellip;]<\/p>\n","protected":false},"author":1,"featured_media":0,"comment_status":"open","ping_status":"open","sticky":false,"template":"","format":"standard","meta":{"footnotes":""},"categories":[5],"tags":[],"class_list":{"0":"post-13485","1":"post","2":"type-post","3":"status-publish","4":"format-standard","6":"category-knd"},"yoast_head":"<!-- This site is optimized with the Yoast SEO plugin v27.0 - https:\/\/yoast.com\/product\/yoast-seo-wordpress\/ -->\n<title>H\u0259myerlimiz N\u0259rmin Camalzad\u0259 \u0130taliyada d\u00fcnya \u00e7empionu oldu - Z\u0259rdab.com<\/title>\n<meta name=\"robots\" content=\"index, follow, max-snippet:-1, max-image-preview:large, max-video-preview:-1\" \/>\n<link rel=\"canonical\" href=\"https:\/\/www.zerdab.com\/?p=13485\" \/>\n<meta property=\"og:locale\" content=\"az_AZ\" \/>\n<meta property=\"og:type\" content=\"article\" \/>\n<meta property=\"og:title\" content=\"H\u0259myerlimiz N\u0259rmin Camalzad\u0259 \u0130taliyada d\u00fcnya \u00e7empionu oldu - Z\u0259rdab.com\" \/>\n<meta property=\"og:description\" content=\"Az\u0259rbaycan\u0131n \u0259n g\u00fccl\u00fc xan\u0131m idman\u00e7\u0131lar\u0131ndan biri &#8211; h\u0259myerlimiz, Z\u0259rdab rayonunun yetirm\u0259si Camalzad\u0259 N\u0259rmin Akif q\u0131z\u0131 karatenin VKC n\u00f6v\u00fc \u00fczr\u0259 \u0130taliyan\u0131n Berqamo \u015f\u0259h\u0259rind\u0259 ke\u00e7iril\u0259n d\u00fcnya \u00e7empionat\u0131nda r\u0259qibl\u0259rini m\u0259\u011flub ed\u0259r\u0259k 1-ci yeri tutub. O, komanda d\u00f6y\u00fc\u015f\u00fcnd\u0259 is\u0259 2-ci olub. \u0130taliyan\u0131n Berqamo \u015f\u0259h\u0259rind\u0259n Zerdab.com sayt\u0131n\u0131n suallar\u0131n\u0131 cavabland\u0131ran N\u0259rmin Camalzad\u0259 &#8211; 57 kiloqram \u00e7\u0259ki d\u0259r\u0259c\u0259sind\u0259 qalib oldu\u011funu s\u00f6yl\u0259di. N\u0259rmin [&hellip;]\" \/>\n<meta property=\"og:url\" content=\"https:\/\/www.zerdab.com\/?p=13485\" \/>\n<meta property=\"og:site_name\" content=\"Z\u0259rdab.com\" \/>\n<meta property=\"article:published_time\" content=\"2013-11-24T20:23:17+00:00\" \/>\n<meta property=\"article:modified_time\" content=\"2013-11-24T20:37:34+00:00\" \/>\n<meta property=\"og:image\" content=\"http:\/\/www.zerdab.com\/wp-content\/uploads\/2013\/11\/Nermin-Camal.jpg\" \/>\n<meta name=\"author\" content=\"admin\" \/>\n<meta name=\"twitter:card\" content=\"summary_large_image\" \/>\n<meta name=\"twitter:label1\" content=\"Written by\" \/>\n\t<meta name=\"twitter:data1\" content=\"admin\" \/>\n\t<meta name=\"twitter:label2\" content=\"Est. reading time\" \/>\n\t<meta name=\"twitter:data2\" content=\"2 minutes\" \/>\n<script type=\"application\/ld+json\" class=\"yoast-schema-graph\">{\"@context\":\"https:\/\/schema.org\",\"@graph\":[{\"@type\":\"Article\",\"@id\":\"https:\/\/www.zerdab.com\/?p=13485#article\",\"isPartOf\":{\"@id\":\"https:\/\/www.zerdab.com\/?p=13485\"},\"author\":{\"name\":\"admin\",\"@id\":\"https:\/\/www.zerdab.com\/#\/schema\/person\/97079b7570c1e89ec0d9e138c3672136\"},\"headline\":\"H\u0259myerlimiz N\u0259rmin Camalzad\u0259 \u0130taliyada d\u00fcnya \u00e7empionu oldu\",\"datePublished\":\"2013-11-24T20:23:17+00:00\",\"dateModified\":\"2013-11-24T20:37:34+00:00\",\"mainEntityOfPage\":{\"@id\":\"https:\/\/www.zerdab.com\/?p=13485\"},\"wordCount\":383,\"commentCount\":16,\"image\":{\"@id\":\"https:\/\/www.zerdab.com\/?p=13485#primaryimage\"},\"thumbnailUrl\":\"http:\/\/www.zerdab.com\/wp-content\/uploads\/2013\/11\/Nermin-Camal.jpg\",\"articleSection\":[\"X\u018fB\u018fRL\u018fR\"],\"inLanguage\":\"az\",\"potentialAction\":[{\"@type\":\"CommentAction\",\"name\":\"Comment\",\"target\":[\"https:\/\/www.zerdab.com\/?p=13485#respond\"]}]},{\"@type\":\"WebPage\",\"@id\":\"https:\/\/www.zerdab.com\/?p=13485\",\"url\":\"https:\/\/www.zerdab.com\/?p=13485\",\"name\":\"H\u0259myerlimiz N\u0259rmin Camalzad\u0259 \u0130taliyada d\u00fcnya \u00e7empionu oldu - Z\u0259rdab.com\",\"isPartOf\":{\"@id\":\"https:\/\/www.zerdab.com\/#website\"},\"primaryImageOfPage\":{\"@id\":\"https:\/\/www.zerdab.com\/?p=13485#primaryimage\"},\"image\":{\"@id\":\"https:\/\/www.zerdab.com\/?p=13485#primaryimage\"},\"thumbnailUrl\":\"http:\/\/www.zerdab.com\/wp-content\/uploads\/2013\/11\/Nermin-Camal.jpg\",\"datePublished\":\"2013-11-24T20:23:17+00:00\",\"dateModified\":\"2013-11-24T20:37:34+00:00\",\"author\":{\"@id\":\"https:\/\/www.zerdab.com\/#\/schema\/person\/97079b7570c1e89ec0d9e138c3672136\"},\"breadcrumb\":{\"@id\":\"https:\/\/www.zerdab.com\/?p=13485#breadcrumb\"},\"inLanguage\":\"az\",\"potentialAction\":[{\"@type\":\"ReadAction\",\"target\":[\"https:\/\/www.zerdab.com\/?p=13485\"]}]},{\"@type\":\"ImageObject\",\"inLanguage\":\"az\",\"@id\":\"https:\/\/www.zerdab.com\/?p=13485#primaryimage\",\"url\":\"http:\/\/www.zerdab.com\/wp-content\/uploads\/2013\/11\/Nermin-Camal.jpg\",\"contentUrl\":\"http:\/\/www.zerdab.com\/wp-content\/uploads\/2013\/11\/Nermin-Camal.jpg\"},{\"@type\":\"BreadcrumbList\",\"@id\":\"https:\/\/www.zerdab.com\/?p=13485#breadcrumb\",\"itemListElement\":[{\"@type\":\"ListItem\",\"position\":1,\"name\":\"Home\",\"item\":\"https:\/\/www.zerdab.com\/\"},{\"@type\":\"ListItem\",\"position\":2,\"name\":\"H\u0259myerlimiz N\u0259rmin Camalzad\u0259 \u0130taliyada d\u00fcnya \u00e7empionu oldu\"}]},{\"@type\":\"WebSite\",\"@id\":\"https:\/\/www.zerdab.com\/#website\",\"url\":\"https:\/\/www.zerdab.com\/\",\"name\":\"Z\u0259rdab.com\",\"description\":\"\",\"potentialAction\":[{\"@type\":\"SearchAction\",\"target\":{\"@type\":\"EntryPoint\",\"urlTemplate\":\"https:\/\/www.zerdab.com\/?s={search_term_string}\"},\"query-input\":{\"@type\":\"PropertyValueSpecification\",\"valueRequired\":true,\"valueName\":\"search_term_string\"}}],\"inLanguage\":\"az\"},{\"@type\":\"Person\",\"@id\":\"https:\/\/www.zerdab.com\/#\/schema\/person\/97079b7570c1e89ec0d9e138c3672136\",\"name\":\"admin\",\"image\":{\"@type\":\"ImageObject\",\"inLanguage\":\"az\",\"@id\":\"https:\/\/www.zerdab.com\/#\/schema\/person\/image\/\",\"url\":\"https:\/\/secure.gravatar.com\/avatar\/d9c52a9a27c32119cb6679a077fa3e2779e5f822c451cbf01098004361d466ec?s=96&d=mm&r=g\",\"contentUrl\":\"https:\/\/secure.gravatar.com\/avatar\/d9c52a9a27c32119cb6679a077fa3e2779e5f822c451cbf01098004361d466ec?s=96&d=mm&r=g\",\"caption\":\"admin\"},\"url\":\"https:\/\/www.zerdab.com\/?author=1\"}]}<\/script>\n<!-- \/ Yoast SEO plugin. -->","yoast_head_json":{"title":"H\u0259myerlimiz N\u0259rmin Camalzad\u0259 \u0130taliyada d\u00fcnya \u00e7empionu oldu - Z\u0259rdab.com","robots":{"index":"index","follow":"follow","max-snippet":"max-snippet:-1","max-image-preview":"max-image-preview:large","max-video-preview":"max-video-preview:-1"},"canonical":"https:\/\/www.zerdab.com\/?p=13485","og_locale":"az_AZ","og_type":"article","og_title":"H\u0259myerlimiz N\u0259rmin Camalzad\u0259 \u0130taliyada d\u00fcnya \u00e7empionu oldu - Z\u0259rdab.com","og_description":"Az\u0259rbaycan\u0131n \u0259n g\u00fccl\u00fc xan\u0131m idman\u00e7\u0131lar\u0131ndan biri &#8211; h\u0259myerlimiz, Z\u0259rdab rayonunun yetirm\u0259si Camalzad\u0259 N\u0259rmin Akif q\u0131z\u0131 karatenin VKC n\u00f6v\u00fc \u00fczr\u0259 \u0130taliyan\u0131n Berqamo \u015f\u0259h\u0259rind\u0259 ke\u00e7iril\u0259n d\u00fcnya \u00e7empionat\u0131nda r\u0259qibl\u0259rini m\u0259\u011flub ed\u0259r\u0259k 1-ci yeri tutub. O, komanda d\u00f6y\u00fc\u015f\u00fcnd\u0259 is\u0259 2-ci olub. \u0130taliyan\u0131n Berqamo \u015f\u0259h\u0259rind\u0259n Zerdab.com sayt\u0131n\u0131n suallar\u0131n\u0131 cavabland\u0131ran N\u0259rmin Camalzad\u0259 &#8211; 57 kiloqram \u00e7\u0259ki d\u0259r\u0259c\u0259sind\u0259 qalib oldu\u011funu s\u00f6yl\u0259di. N\u0259rmin [&hellip;]","og_url":"https:\/\/www.zerdab.com\/?p=13485","og_site_name":"Z\u0259rdab.com","article_published_time":"2013-11-24T20:23:17+00:00","article_modified_time":"2013-11-24T20:37:34+00:00","og_image":[{"url":"http:\/\/www.zerdab.com\/wp-content\/uploads\/2013\/11\/Nermin-Camal.jpg","type":"","width":"","height":""}],"author":"admin","twitter_card":"summary_large_image","twitter_misc":{"Written by":"admin","Est. reading time":"2 minutes"},"schema":{"@context":"https:\/\/schema.org","@graph":[{"@type":"Article","@id":"https:\/\/www.zerdab.com\/?p=13485#article","isPartOf":{"@id":"https:\/\/www.zerdab.com\/?p=13485"},"author":{"name":"admin","@id":"https:\/\/www.zerdab.com\/#\/schema\/person\/97079b7570c1e89ec0d9e138c3672136"},"headline":"H\u0259myerlimiz N\u0259rmin Camalzad\u0259 \u0130taliyada d\u00fcnya \u00e7empionu oldu","datePublished":"2013-11-24T20:23:17+00:00","dateModified":"2013-11-24T20:37:34+00:00","mainEntityOfPage":{"@id":"https:\/\/www.zerdab.com\/?p=13485"},"wordCount":383,"commentCount":16,"image":{"@id":"https:\/\/www.zerdab.com\/?p=13485#primaryimage"},"thumbnailUrl":"http:\/\/www.zerdab.com\/wp-content\/uploads\/2013\/11\/Nermin-Camal.jpg","articleSection":["X\u018fB\u018fRL\u018fR"],"inLanguage":"az","potentialAction":[{"@type":"CommentAction","name":"Comment","target":["https:\/\/www.zerdab.com\/?p=13485#respond"]}]},{"@type":"WebPage","@id":"https:\/\/www.zerdab.com\/?p=13485","url":"https:\/\/www.zerdab.com\/?p=13485","name":"H\u0259myerlimiz N\u0259rmin Camalzad\u0259 \u0130taliyada d\u00fcnya \u00e7empionu oldu - Z\u0259rdab.com","isPartOf":{"@id":"https:\/\/www.zerdab.com\/#website"},"primaryImageOfPage":{"@id":"https:\/\/www.zerdab.com\/?p=13485#primaryimage"},"image":{"@id":"https:\/\/www.zerdab.com\/?p=13485#primaryimage"},"thumbnailUrl":"http:\/\/www.zerdab.com\/wp-content\/uploads\/2013\/11\/Nermin-Camal.jpg","datePublished":"2013-11-24T20:23:17+00:00","dateModified":"2013-11-24T20:37:34+00:00","author":{"@id":"https:\/\/www.zerdab.com\/#\/schema\/person\/97079b7570c1e89ec0d9e138c3672136"},"breadcrumb":{"@id":"https:\/\/www.zerdab.com\/?p=13485#breadcrumb"},"inLanguage":"az","potentialAction":[{"@type":"ReadAction","target":["https:\/\/www.zerdab.com\/?p=13485"]}]},{"@type":"ImageObject","inLanguage":"az","@id":"https:\/\/www.zerdab.com\/?p=13485#primaryimage","url":"http:\/\/www.zerdab.com\/wp-content\/uploads\/2013\/11\/Nermin-Camal.jpg","contentUrl":"http:\/\/www.zerdab.com\/wp-content\/uploads\/2013\/11\/Nermin-Camal.jpg"},{"@type":"BreadcrumbList","@id":"https:\/\/www.zerdab.com\/?p=13485#breadcrumb","itemListElement":[{"@type":"ListItem","position":1,"name":"Home","item":"https:\/\/www.zerdab.com\/"},{"@type":"ListItem","position":2,"name":"H\u0259myerlimiz N\u0259rmin Camalzad\u0259 \u0130taliyada d\u00fcnya \u00e7empionu oldu"}]},{"@type":"WebSite","@id":"https:\/\/www.zerdab.com\/#website","url":"https:\/\/www.zerdab.com\/","name":"Z\u0259rdab.com","description":"","potentialAction":[{"@type":"SearchAction","target":{"@type":"EntryPoint","urlTemplate":"https:\/\/www.zerdab.com\/?s={search_term_string}"},"query-input":{"@type":"PropertyValueSpecification","valueRequired":true,"valueName":"search_term_string"}}],"inLanguage":"az"},{"@type":"Person","@id":"https:\/\/www.zerdab.com\/#\/schema\/person\/97079b7570c1e89ec0d9e138c3672136","name":"admin","image":{"@type":"ImageObject","inLanguage":"az","@id":"https:\/\/www.zerdab.com\/#\/schema\/person\/image\/","url":"https:\/\/secure.gravatar.com\/avatar\/d9c52a9a27c32119cb6679a077fa3e2779e5f822c451cbf01098004361d466ec?s=96&d=mm&r=g","contentUrl":"https:\/\/secure.gravatar.com\/avatar\/d9c52a9a27c32119cb6679a077fa3e2779e5f822c451cbf01098004361d466ec?s=96&d=mm&r=g","caption":"admin"},"url":"https:\/\/www.zerdab.com\/?author=1"}]}},"_links":{"self":[{"href":"https:\/\/www.zerdab.com\/index.php?rest_route=\/wp\/v2\/posts\/13485","targetHints":{"allow":["GET"]}}],"collection":[{"href":"https:\/\/www.zerdab.com\/index.php?rest_route=\/wp\/v2\/posts"}],"about":[{"href":"https:\/\/www.zerdab.com\/index.php?rest_route=\/wp\/v2\/types\/post"}],"author":[{"embeddable":true,"href":"https:\/\/www.zerdab.com\/index.php?rest_route=\/wp\/v2\/users\/1"}],"replies":[{"embeddable":true,"href":"https:\/\/www.zerdab.com\/index.php?rest_route=%2Fwp%2Fv2%2Fcomments&post=13485"}],"version-history":[{"count":4,"href":"https:\/\/www.zerdab.com\/index.php?rest_route=\/wp\/v2\/posts\/13485\/revisions"}],"predecessor-version":[{"id":13492,"href":"https:\/\/www.zerdab.com\/index.php?rest_route=\/wp\/v2\/posts\/13485\/revisions\/13492"}],"wp:attachment":[{"href":"https:\/\/www.zerdab.com\/index.php?rest_route=%2Fwp%2Fv2%2Fmedia&parent=13485"}],"wp:term":[{"taxonomy":"category","embeddable":true,"href":"https:\/\/www.zerdab.com\/index.php?rest_route=%2Fwp%2Fv2%2Fcategories&post=13485"},{"taxonomy":"post_tag","embeddable":true,"href":"https:\/\/www.zerdab.com\/index.php?rest_route=%2Fwp%2Fv2%2Ftags&post=13485"}],"curies":[{"name":"wp","href":"https:\/\/api.w.org\/{rel}","templated":true}]}}