{"id":13501,"date":"2013-11-26T21:28:52","date_gmt":"2013-11-26T17:28:52","guid":{"rendered":"http:\/\/www.zerdab.com\/?p=13501"},"modified":"2013-11-26T21:28:52","modified_gmt":"2013-11-26T17:28:52","slug":"z%c9%99rdab-rayon-m%c9%99rk%c9%99zi-kitabxanasinda-t%c9%99dbir-kecirilib-foto","status":"publish","type":"post","link":"https:\/\/www.zerdab.com\/?p=13501","title":{"rendered":"Z\u0259rdab Rayon M\u0259rk\u0259zi Kitabxanas\u0131nda t\u0259dbir ke\u00e7irilib &#8211; Foto"},"content":{"rendered":"<p><a href=\"http:\/\/www.zerdab.com\/wp-content\/uploads\/2013\/11\/Z\u0259rdab-rayon-M\u0259rk\u0259zi-kitabxanas\u0131.jpg\"><img loading=\"lazy\" decoding=\"async\" class=\"aligncenter size-large wp-image-13502\" alt=\"Z\u0259rdab rayon M\u0259rk\u0259zi kitabxanas\u0131\" src=\"http:\/\/www.zerdab.com\/wp-content\/uploads\/2013\/11\/Z\u0259rdab-rayon-M\u0259rk\u0259zi-kitabxanas\u0131-412x550.jpg\" width=\"412\" height=\"550\" \/><\/a> <a href=\"http:\/\/www.zerdab.com\/wp-content\/uploads\/2013\/11\/Qadin-zorakiliqina-yox-deyek.jpg\"><img loading=\"lazy\" decoding=\"async\" class=\"aligncenter size-large wp-image-13503\" alt=\"Qadin zorakiliqina yox deyek\" src=\"http:\/\/www.zerdab.com\/wp-content\/uploads\/2013\/11\/Qadin-zorakiliqina-yox-deyek-550x412.jpg\" width=\"550\" height=\"412\" \/><\/a>Qad\u0131n Zorak\u0131l\u0131\u011f\u0131na qar\u015f\u0131 Beyn\u0259lxalq M\u00fcbariz\u0259 G\u00fcn\u00fc il\u0259 \u0259laq\u0259dar Z\u0259rdab Rayon M\u0259rk\u0259zi kitabxanas\u0131nda \u201cQad\u0131n zorak\u0131l\u0131\u011f\u0131na yox dey\u0259k\u201d adl\u0131 d\u0259yirmi masa ke\u00e7irilib.<\/p>\n<p>Zerdab.com sayt\u0131na veril\u0259n m\u0259lumata g\u00f6r\u0259,\u00a0 t\u0259dbiri giri\u015f s\u00f6z\u00fc il\u0259 Z\u0259rdab Rayon M\u0259rk\u0259zl\u0259\u015fdirilmi\u015f Kitabxana Sisteminin direktoru Nail\u0259 \u018fliyeva acaraq &#8220;Qad\u0131n v\u0259 c\u0259miyy\u0259t\u201d m\u00f6vzusunda \u00e7\u0131x\u0131\u015f ed\u0259r\u0259k bildirib ki, Az\u0259rbaycan qad\u0131nlar\u0131 ictimai-siyasi prosesl\u0259rd\u0259 h\u0259mi\u015f\u0259 f\u0259al olublar. Onlar aras\u0131ndan g\u00f6rk\u0259mli d\u00f6vl\u0259t, elm, m\u0259d\u0259niyy\u0259t v\u0259 ictimai-siyasi xadiml\u0259r yeti\u015fib. Respublikam\u0131z m\u00fcst\u0259qillik qazand\u0131qdan sonra qad\u0131nlar\u0131n c\u0259miyy\u0259td\u0259 rolu daha da y\u00fcks\u0259lib\u00a0 v\u0259 f\u0259aliyy\u0259tl\u0259ri geni\u015fl\u0259nib. \u00dcmummilli liderimiz Heyd\u0259r \u018fliyev qad\u0131nlar\u0131n c\u0259miyy\u0259td\u0259ki rolu il\u0259 ba\u011fl\u0131 siyas\u0259tin s\u0259m\u0259r\u0259li \u015f\u0259kild\u0259 h\u0259yata ke\u00e7irilm\u0259sin\u0259, onlar\u0131n d\u00f6vl\u0259t quruculu\u011funda, elm, m\u0259d\u0259niyy\u0259t, t\u0259hsil, s\u0259hiyy\u0259, idmanda v\u0259 s. geni\u015f t\u0259msil olunmalar\u0131na m\u00fcst\u0259sna \u0259h\u0259miyy\u0259t verirdi. El\u0259 bu siyas\u0259tin n\u0259tic\u0259si olaraq bu g\u00fcn qad\u0131nlar\u0131m\u0131z t\u0259kc\u0259 respublikam\u0131zda deyil, \u00f6lk\u0259mizin h\u00fcdudlar\u0131ndan k\u0259narda da yax\u015f\u0131 tan\u0131n\u0131r, beyn\u0259lxalq qurumlarda \u00f6lk\u0259mizi l\u0259yaq\u0259tl\u0259 t\u0259msil edirl\u0259r. Buna Heyd\u0259r \u018fliyev Fondunun Prezidenti, \u00f6lk\u0259mizin birinci xan\u0131m\u0131 Mehriban \u018fliyevaya YUNESKO-nun v\u0259 \u0130SESKO-nun xo\u015fm\u0259raml\u0131 s\u0259firi ad\u0131 verilm\u0259si \u0259n bariz misald\u0131r.<\/p>\n<p>D\u0259yirmi masada YAP Z\u0259rdab rayon t\u0259\u015fkilat\u0131n\u0131n Qad\u0131nlar \u015euras\u0131n\u0131n s\u0259dri Min\u0259g\u00fcl \u018fliyeva, G\u0259lm\u0259 k\u0259nd tam orta m\u0259kt\u0259binin m\u00fc\u0259llimi \u015e\u0259msiyy\u0259 H\u0259s\u0259nova,\u00a0 3 sayl\u0131 orta m\u0259kt\u0259bin direktoru R\u0259na \u018fhm\u0259dova, H\u0259s\u0259n B\u0259y Z\u0259rdabi muzeyinin direktoru V\u0259fa Bayramova, Z\u0259rdab Rayon M\u0259d\u0259niyy\u0259t Evinin direktoru Elyur\u0259 M\u0259mm\u0259dova v\u0259 ba\u015fqalar\u0131 \u201cErk\u0259n nikah\u201d, &#8220;Siyasi zorak\u0131l\u0131q\u201d, \u201cQad\u0131n zorak\u0131l\u0131\u011f\u0131\u201d, &#8220;M\u0259i\u015f\u0259t zorak\u0131l\u0131\u011f\u0131\u201d m\u00f6vzular\u0131 \u0259traf\u0131nda \u00f6z fikirl\u0259rini bildiribl\u0259r.<\/p>\n<p>&nbsp;<\/p>\n","protected":false},"excerpt":{"rendered":"<p>Qad\u0131n Zorak\u0131l\u0131\u011f\u0131na qar\u015f\u0131 Beyn\u0259lxalq M\u00fcbariz\u0259 G\u00fcn\u00fc il\u0259 \u0259laq\u0259dar Z\u0259rdab Rayon M\u0259rk\u0259zi kitabxanas\u0131nda \u201cQad\u0131n zorak\u0131l\u0131\u011f\u0131na yox dey\u0259k\u201d adl\u0131 d\u0259yirmi masa ke\u00e7irilib. Zerdab.com sayt\u0131na veril\u0259n m\u0259lumata g\u00f6r\u0259,\u00a0 t\u0259dbiri giri\u015f s\u00f6z\u00fc il\u0259 Z\u0259rdab Rayon M\u0259rk\u0259zl\u0259\u015fdirilmi\u015f Kitabxana Sisteminin direktoru Nail\u0259 \u018fliyeva acaraq &#8220;Qad\u0131n v\u0259 c\u0259miyy\u0259t\u201d m\u00f6vzusunda \u00e7\u0131x\u0131\u015f ed\u0259r\u0259k bildirib ki, Az\u0259rbaycan qad\u0131nlar\u0131 ictimai-siyasi prosesl\u0259rd\u0259 h\u0259mi\u015f\u0259 f\u0259al olublar. Onlar aras\u0131ndan [&hellip;]<\/p>\n","protected":false},"author":1,"featured_media":0,"comment_status":"open","ping_status":"open","sticky":false,"template":"","format":"standard","meta":{"footnotes":""},"categories":[21],"tags":[],"class_list":{"0":"post-13501","1":"post","2":"type-post","3":"status-publish","4":"format-standard","6":"category-zrdab"},"yoast_head":"<!-- This site is optimized with the Yoast SEO plugin v27.0 - https:\/\/yoast.com\/product\/yoast-seo-wordpress\/ -->\n<title>Z\u0259rdab Rayon M\u0259rk\u0259zi Kitabxanas\u0131nda t\u0259dbir ke\u00e7irilib - Foto - Z\u0259rdab.com<\/title>\n<meta name=\"robots\" content=\"index, follow, max-snippet:-1, max-image-preview:large, max-video-preview:-1\" \/>\n<link rel=\"canonical\" href=\"https:\/\/www.zerdab.com\/?p=13501\" \/>\n<meta property=\"og:locale\" content=\"az_AZ\" \/>\n<meta property=\"og:type\" content=\"article\" \/>\n<meta property=\"og:title\" content=\"Z\u0259rdab Rayon M\u0259rk\u0259zi Kitabxanas\u0131nda t\u0259dbir ke\u00e7irilib - Foto - Z\u0259rdab.com\" \/>\n<meta property=\"og:description\" content=\"Qad\u0131n Zorak\u0131l\u0131\u011f\u0131na qar\u015f\u0131 Beyn\u0259lxalq M\u00fcbariz\u0259 G\u00fcn\u00fc il\u0259 \u0259laq\u0259dar Z\u0259rdab Rayon M\u0259rk\u0259zi kitabxanas\u0131nda \u201cQad\u0131n zorak\u0131l\u0131\u011f\u0131na yox dey\u0259k\u201d adl\u0131 d\u0259yirmi masa ke\u00e7irilib. Zerdab.com sayt\u0131na veril\u0259n m\u0259lumata g\u00f6r\u0259,\u00a0 t\u0259dbiri giri\u015f s\u00f6z\u00fc il\u0259 Z\u0259rdab Rayon M\u0259rk\u0259zl\u0259\u015fdirilmi\u015f Kitabxana Sisteminin direktoru Nail\u0259 \u018fliyeva acaraq &#8220;Qad\u0131n v\u0259 c\u0259miyy\u0259t\u201d m\u00f6vzusunda \u00e7\u0131x\u0131\u015f ed\u0259r\u0259k bildirib ki, Az\u0259rbaycan qad\u0131nlar\u0131 ictimai-siyasi prosesl\u0259rd\u0259 h\u0259mi\u015f\u0259 f\u0259al olublar. Onlar aras\u0131ndan [&hellip;]\" \/>\n<meta property=\"og:url\" content=\"https:\/\/www.zerdab.com\/?p=13501\" \/>\n<meta property=\"og:site_name\" content=\"Z\u0259rdab.com\" \/>\n<meta property=\"article:published_time\" content=\"2013-11-26T17:28:52+00:00\" \/>\n<meta property=\"og:image\" content=\"http:\/\/www.zerdab.com\/wp-content\/uploads\/2013\/11\/Qadin-zorakiliqina-yox-deyek-550x412.jpg\" \/>\n<meta name=\"author\" content=\"admin\" \/>\n<meta name=\"twitter:card\" content=\"summary_large_image\" \/>\n<meta name=\"twitter:label1\" content=\"Written by\" \/>\n\t<meta name=\"twitter:data1\" content=\"admin\" \/>\n\t<meta name=\"twitter:label2\" content=\"Est. reading time\" \/>\n\t<meta name=\"twitter:data2\" content=\"2 minutes\" \/>\n<script type=\"application\/ld+json\" class=\"yoast-schema-graph\">{\"@context\":\"https:\/\/schema.org\",\"@graph\":[{\"@type\":\"Article\",\"@id\":\"https:\/\/www.zerdab.com\/?p=13501#article\",\"isPartOf\":{\"@id\":\"https:\/\/www.zerdab.com\/?p=13501\"},\"author\":{\"name\":\"admin\",\"@id\":\"https:\/\/www.zerdab.com\/#\/schema\/person\/97079b7570c1e89ec0d9e138c3672136\"},\"headline\":\"Z\u0259rdab Rayon M\u0259rk\u0259zi Kitabxanas\u0131nda t\u0259dbir ke\u00e7irilib &#8211; Foto\",\"datePublished\":\"2013-11-26T17:28:52+00:00\",\"mainEntityOfPage\":{\"@id\":\"https:\/\/www.zerdab.com\/?p=13501\"},\"wordCount\":386,\"commentCount\":0,\"image\":{\"@id\":\"https:\/\/www.zerdab.com\/?p=13501#primaryimage\"},\"thumbnailUrl\":\"http:\/\/www.zerdab.com\/wp-content\/uploads\/2013\/11\/Qadin-zorakiliqina-yox-deyek-550x412.jpg\",\"articleSection\":[\"C\u018fM\u0130YY\u018fT\"],\"inLanguage\":\"az\",\"potentialAction\":[{\"@type\":\"CommentAction\",\"name\":\"Comment\",\"target\":[\"https:\/\/www.zerdab.com\/?p=13501#respond\"]}]},{\"@type\":\"WebPage\",\"@id\":\"https:\/\/www.zerdab.com\/?p=13501\",\"url\":\"https:\/\/www.zerdab.com\/?p=13501\",\"name\":\"Z\u0259rdab Rayon M\u0259rk\u0259zi Kitabxanas\u0131nda t\u0259dbir ke\u00e7irilib - Foto - Z\u0259rdab.com\",\"isPartOf\":{\"@id\":\"https:\/\/www.zerdab.com\/#website\"},\"primaryImageOfPage\":{\"@id\":\"https:\/\/www.zerdab.com\/?p=13501#primaryimage\"},\"image\":{\"@id\":\"https:\/\/www.zerdab.com\/?p=13501#primaryimage\"},\"thumbnailUrl\":\"http:\/\/www.zerdab.com\/wp-content\/uploads\/2013\/11\/Qadin-zorakiliqina-yox-deyek-550x412.jpg\",\"datePublished\":\"2013-11-26T17:28:52+00:00\",\"author\":{\"@id\":\"https:\/\/www.zerdab.com\/#\/schema\/person\/97079b7570c1e89ec0d9e138c3672136\"},\"breadcrumb\":{\"@id\":\"https:\/\/www.zerdab.com\/?p=13501#breadcrumb\"},\"inLanguage\":\"az\",\"potentialAction\":[{\"@type\":\"ReadAction\",\"target\":[\"https:\/\/www.zerdab.com\/?p=13501\"]}]},{\"@type\":\"ImageObject\",\"inLanguage\":\"az\",\"@id\":\"https:\/\/www.zerdab.com\/?p=13501#primaryimage\",\"url\":\"\",\"contentUrl\":\"\"},{\"@type\":\"BreadcrumbList\",\"@id\":\"https:\/\/www.zerdab.com\/?p=13501#breadcrumb\",\"itemListElement\":[{\"@type\":\"ListItem\",\"position\":1,\"name\":\"Home\",\"item\":\"https:\/\/www.zerdab.com\/\"},{\"@type\":\"ListItem\",\"position\":2,\"name\":\"Z\u0259rdab Rayon M\u0259rk\u0259zi Kitabxanas\u0131nda t\u0259dbir ke\u00e7irilib &#8211; Foto\"}]},{\"@type\":\"WebSite\",\"@id\":\"https:\/\/www.zerdab.com\/#website\",\"url\":\"https:\/\/www.zerdab.com\/\",\"name\":\"Z\u0259rdab.com\",\"description\":\"\",\"potentialAction\":[{\"@type\":\"SearchAction\",\"target\":{\"@type\":\"EntryPoint\",\"urlTemplate\":\"https:\/\/www.zerdab.com\/?s={search_term_string}\"},\"query-input\":{\"@type\":\"PropertyValueSpecification\",\"valueRequired\":true,\"valueName\":\"search_term_string\"}}],\"inLanguage\":\"az\"},{\"@type\":\"Person\",\"@id\":\"https:\/\/www.zerdab.com\/#\/schema\/person\/97079b7570c1e89ec0d9e138c3672136\",\"name\":\"admin\",\"image\":{\"@type\":\"ImageObject\",\"inLanguage\":\"az\",\"@id\":\"https:\/\/www.zerdab.com\/#\/schema\/person\/image\/\",\"url\":\"https:\/\/secure.gravatar.com\/avatar\/d9c52a9a27c32119cb6679a077fa3e2779e5f822c451cbf01098004361d466ec?s=96&d=mm&r=g\",\"contentUrl\":\"https:\/\/secure.gravatar.com\/avatar\/d9c52a9a27c32119cb6679a077fa3e2779e5f822c451cbf01098004361d466ec?s=96&d=mm&r=g\",\"caption\":\"admin\"},\"url\":\"https:\/\/www.zerdab.com\/?author=1\"}]}<\/script>\n<!-- \/ Yoast SEO plugin. -->","yoast_head_json":{"title":"Z\u0259rdab Rayon M\u0259rk\u0259zi Kitabxanas\u0131nda t\u0259dbir ke\u00e7irilib - Foto - Z\u0259rdab.com","robots":{"index":"index","follow":"follow","max-snippet":"max-snippet:-1","max-image-preview":"max-image-preview:large","max-video-preview":"max-video-preview:-1"},"canonical":"https:\/\/www.zerdab.com\/?p=13501","og_locale":"az_AZ","og_type":"article","og_title":"Z\u0259rdab Rayon M\u0259rk\u0259zi Kitabxanas\u0131nda t\u0259dbir ke\u00e7irilib - Foto - Z\u0259rdab.com","og_description":"Qad\u0131n Zorak\u0131l\u0131\u011f\u0131na qar\u015f\u0131 Beyn\u0259lxalq M\u00fcbariz\u0259 G\u00fcn\u00fc il\u0259 \u0259laq\u0259dar Z\u0259rdab Rayon M\u0259rk\u0259zi kitabxanas\u0131nda \u201cQad\u0131n zorak\u0131l\u0131\u011f\u0131na yox dey\u0259k\u201d adl\u0131 d\u0259yirmi masa ke\u00e7irilib. Zerdab.com sayt\u0131na veril\u0259n m\u0259lumata g\u00f6r\u0259,\u00a0 t\u0259dbiri giri\u015f s\u00f6z\u00fc il\u0259 Z\u0259rdab Rayon M\u0259rk\u0259zl\u0259\u015fdirilmi\u015f Kitabxana Sisteminin direktoru Nail\u0259 \u018fliyeva acaraq &#8220;Qad\u0131n v\u0259 c\u0259miyy\u0259t\u201d m\u00f6vzusunda \u00e7\u0131x\u0131\u015f ed\u0259r\u0259k bildirib ki, Az\u0259rbaycan qad\u0131nlar\u0131 ictimai-siyasi prosesl\u0259rd\u0259 h\u0259mi\u015f\u0259 f\u0259al olublar. Onlar aras\u0131ndan [&hellip;]","og_url":"https:\/\/www.zerdab.com\/?p=13501","og_site_name":"Z\u0259rdab.com","article_published_time":"2013-11-26T17:28:52+00:00","og_image":[{"url":"http:\/\/www.zerdab.com\/wp-content\/uploads\/2013\/11\/Qadin-zorakiliqina-yox-deyek-550x412.jpg","type":"","width":"","height":""}],"author":"admin","twitter_card":"summary_large_image","twitter_misc":{"Written by":"admin","Est. reading time":"2 minutes"},"schema":{"@context":"https:\/\/schema.org","@graph":[{"@type":"Article","@id":"https:\/\/www.zerdab.com\/?p=13501#article","isPartOf":{"@id":"https:\/\/www.zerdab.com\/?p=13501"},"author":{"name":"admin","@id":"https:\/\/www.zerdab.com\/#\/schema\/person\/97079b7570c1e89ec0d9e138c3672136"},"headline":"Z\u0259rdab Rayon M\u0259rk\u0259zi Kitabxanas\u0131nda t\u0259dbir ke\u00e7irilib &#8211; Foto","datePublished":"2013-11-26T17:28:52+00:00","mainEntityOfPage":{"@id":"https:\/\/www.zerdab.com\/?p=13501"},"wordCount":386,"commentCount":0,"image":{"@id":"https:\/\/www.zerdab.com\/?p=13501#primaryimage"},"thumbnailUrl":"http:\/\/www.zerdab.com\/wp-content\/uploads\/2013\/11\/Qadin-zorakiliqina-yox-deyek-550x412.jpg","articleSection":["C\u018fM\u0130YY\u018fT"],"inLanguage":"az","potentialAction":[{"@type":"CommentAction","name":"Comment","target":["https:\/\/www.zerdab.com\/?p=13501#respond"]}]},{"@type":"WebPage","@id":"https:\/\/www.zerdab.com\/?p=13501","url":"https:\/\/www.zerdab.com\/?p=13501","name":"Z\u0259rdab Rayon M\u0259rk\u0259zi Kitabxanas\u0131nda t\u0259dbir ke\u00e7irilib - Foto - Z\u0259rdab.com","isPartOf":{"@id":"https:\/\/www.zerdab.com\/#website"},"primaryImageOfPage":{"@id":"https:\/\/www.zerdab.com\/?p=13501#primaryimage"},"image":{"@id":"https:\/\/www.zerdab.com\/?p=13501#primaryimage"},"thumbnailUrl":"http:\/\/www.zerdab.com\/wp-content\/uploads\/2013\/11\/Qadin-zorakiliqina-yox-deyek-550x412.jpg","datePublished":"2013-11-26T17:28:52+00:00","author":{"@id":"https:\/\/www.zerdab.com\/#\/schema\/person\/97079b7570c1e89ec0d9e138c3672136"},"breadcrumb":{"@id":"https:\/\/www.zerdab.com\/?p=13501#breadcrumb"},"inLanguage":"az","potentialAction":[{"@type":"ReadAction","target":["https:\/\/www.zerdab.com\/?p=13501"]}]},{"@type":"ImageObject","inLanguage":"az","@id":"https:\/\/www.zerdab.com\/?p=13501#primaryimage","url":"","contentUrl":""},{"@type":"BreadcrumbList","@id":"https:\/\/www.zerdab.com\/?p=13501#breadcrumb","itemListElement":[{"@type":"ListItem","position":1,"name":"Home","item":"https:\/\/www.zerdab.com\/"},{"@type":"ListItem","position":2,"name":"Z\u0259rdab Rayon M\u0259rk\u0259zi Kitabxanas\u0131nda t\u0259dbir ke\u00e7irilib &#8211; Foto"}]},{"@type":"WebSite","@id":"https:\/\/www.zerdab.com\/#website","url":"https:\/\/www.zerdab.com\/","name":"Z\u0259rdab.com","description":"","potentialAction":[{"@type":"SearchAction","target":{"@type":"EntryPoint","urlTemplate":"https:\/\/www.zerdab.com\/?s={search_term_string}"},"query-input":{"@type":"PropertyValueSpecification","valueRequired":true,"valueName":"search_term_string"}}],"inLanguage":"az"},{"@type":"Person","@id":"https:\/\/www.zerdab.com\/#\/schema\/person\/97079b7570c1e89ec0d9e138c3672136","name":"admin","image":{"@type":"ImageObject","inLanguage":"az","@id":"https:\/\/www.zerdab.com\/#\/schema\/person\/image\/","url":"https:\/\/secure.gravatar.com\/avatar\/d9c52a9a27c32119cb6679a077fa3e2779e5f822c451cbf01098004361d466ec?s=96&d=mm&r=g","contentUrl":"https:\/\/secure.gravatar.com\/avatar\/d9c52a9a27c32119cb6679a077fa3e2779e5f822c451cbf01098004361d466ec?s=96&d=mm&r=g","caption":"admin"},"url":"https:\/\/www.zerdab.com\/?author=1"}]}},"_links":{"self":[{"href":"https:\/\/www.zerdab.com\/index.php?rest_route=\/wp\/v2\/posts\/13501","targetHints":{"allow":["GET"]}}],"collection":[{"href":"https:\/\/www.zerdab.com\/index.php?rest_route=\/wp\/v2\/posts"}],"about":[{"href":"https:\/\/www.zerdab.com\/index.php?rest_route=\/wp\/v2\/types\/post"}],"author":[{"embeddable":true,"href":"https:\/\/www.zerdab.com\/index.php?rest_route=\/wp\/v2\/users\/1"}],"replies":[{"embeddable":true,"href":"https:\/\/www.zerdab.com\/index.php?rest_route=%2Fwp%2Fv2%2Fcomments&post=13501"}],"version-history":[{"count":1,"href":"https:\/\/www.zerdab.com\/index.php?rest_route=\/wp\/v2\/posts\/13501\/revisions"}],"predecessor-version":[{"id":13504,"href":"https:\/\/www.zerdab.com\/index.php?rest_route=\/wp\/v2\/posts\/13501\/revisions\/13504"}],"wp:attachment":[{"href":"https:\/\/www.zerdab.com\/index.php?rest_route=%2Fwp%2Fv2%2Fmedia&parent=13501"}],"wp:term":[{"taxonomy":"category","embeddable":true,"href":"https:\/\/www.zerdab.com\/index.php?rest_route=%2Fwp%2Fv2%2Fcategories&post=13501"},{"taxonomy":"post_tag","embeddable":true,"href":"https:\/\/www.zerdab.com\/index.php?rest_route=%2Fwp%2Fv2%2Ftags&post=13501"}],"curies":[{"name":"wp","href":"https:\/\/api.w.org\/{rel}","templated":true}]}}