{"id":13522,"date":"2013-11-27T16:46:22","date_gmt":"2013-11-27T12:46:22","guid":{"rendered":"http:\/\/www.zerdab.com\/?p=13522"},"modified":"2013-11-27T16:46:22","modified_gmt":"2013-11-27T12:46:22","slug":"unvanli-sosial-yardimin-verilm%c9%99si-il%c9%99-bagli-%c9%99haliy%c9%99-muraci%c9%99t","status":"publish","type":"post","link":"https:\/\/www.zerdab.com\/?p=13522","title":{"rendered":"\u00dcnvanl\u0131 sosial yard\u0131m\u0131n verilm\u0259si il\u0259 ba\u011fl\u0131 \u0259haliy\u0259 m\u00fcraci\u0259t"},"content":{"rendered":"<div><a href=\"http:\/\/www.zerdab.com\/wp-content\/uploads\/2013\/11\/\u00fcnvanl\u0131-sosial-yard\u0131m.jpg\"><img loading=\"lazy\" decoding=\"async\" class=\"aligncenter size-medium wp-image-13523\" alt=\"\u00fcnvanl\u0131 sosial yard\u0131m\" src=\"http:\/\/www.zerdab.com\/wp-content\/uploads\/2013\/11\/\u00fcnvanl\u0131-sosial-yard\u0131m-400x300.jpg\" width=\"400\" height=\"300\" \/><\/a>\u00dcnvanl\u0131 sosial yard\u0131mlar\u0131n \u00fcnvanl\u0131\u011f\u0131n\u0131n t\u0259min olunmas\u0131 v\u0259 \u015f\u0259ffafl\u0131\u011f\u0131n\u0131 daha da art\u0131r\u0131lmas\u0131 m\u0259qs\u0259dil\u0259 \u018fm\u0259k v\u0259 \u018fhalinin Sosial M\u00fcdafi\u0259si Nazirliyi m\u0259tbuata v\u0259 \u0259haliy\u0259 m\u00fcraci\u0259t edib. Zerdab.com-un APA-ya istinad\u0259n verdiyi\u00a0m\u0259lumata g\u00f6r\u0259, nazirlik yan\u0131nda D\u00f6vl\u0259t Sosial T\u0259minat Xidm\u0259tinin r\u0259isi \u00c7ingiz \u018fliyev bildirib ki, bu vaxta q\u0259d\u0259r apar\u0131lan t\u0259yinatlar\u0131n ham\u0131s\u0131 d\u00f6vl\u0259t ba\u015f\u00e7\u0131s\u0131 t\u0259r\u0259find\u0259n azt\u0259minatl\u0131 ail\u0259l\u0259r\u0259 verilm\u0259li oldu\u011fu halda, \u00fcnvanl\u0131 sosial yard\u0131mlar\u0131n he\u00e7 d\u0259 ham\u0131s\u0131 h\u0259min kateqoriyadan olan insanlara verilm\u0259yib: \u201cOna g\u00f6r\u0259 d\u0259 bu g\u00fcn\u0259 q\u0259d\u0259r t\u0259yinat apar\u0131lm\u0131\u015f \u00fcnvanl\u0131 sosial yard\u0131m alan \u015f\u0259xsl\u0259rin t\u0259rkibi t\u0259r\u0259fimizd\u0259n ara\u015fd\u0131r\u0131lmaqdad\u0131r. Bu m\u0259s\u0259l\u0259d\u0259 biz m\u0259tbuata v\u0259 \u00fcmumilikd\u0259 ictimaiyy\u0259tin n\u00fcmay\u0259nd\u0259l\u0259rin\u0259 m\u00fcraci\u0259t ed\u0259r\u0259k onlar\u0131n m\u0259lumatlar\u0131na ehtiyac duyuruq\u201d.<\/div>\n<p>\u00c7.\u018fliyev bildirib ki, noyabr 1-n\u0259 olan m\u0259lumata g\u00f6r\u0259, \u00fcnvanl\u0131 sosial yard\u0131m alan ail\u0259l\u0259rin say\u0131 14\u00a0157-dir: \u201cNazirliyin sayt\u0131nda yerl\u0259\u015fdiril\u0259n m\u0259lumatlara baxmaqla, bu ail\u0259l\u0259rin ham\u0131s\u0131n\u0131n azt\u0259minatl\u0131 ail\u0259l\u0259r oldu\u011funu m\u00fc\u0259yy\u0259nl\u0259\u015fdirm\u0259k \u00e7\u0259tindir. Rayon v\u0259 \u015f\u0259h\u0259rl\u0259rd\u0259 \u0259halinin azt\u0259minatl\u0131 olan \u015f\u0259xsl\u0259rin\u0259 m\u00fcraci\u0259t edir\u0259m \u2013 onlar nazirliyin s\u0259hif\u0259sind\u0259 yerl\u0259\u015fdiril\u0259n adl\u0131 siyah\u0131ya baxmaqla, azt\u0259minatl\u0131 t\u0259b\u0259q\u0259y\u0259 aid olmayanlar\u0131 m\u00fc\u0259yy\u0259n ed\u0259 bil\u0259rl\u0259r. Eyni zamanda rayon v\u0259 \u015f\u0259h\u0259r \u018fhalinin Sosial M\u00fcdafi\u0259si m\u0259rk\u0259zl\u0259rind\u0259 adl\u0131 siyah\u0131lar m\u0259rk\u0259zd\u0259 g\u00f6r\u00fcn\u0259n yerl\u0259rd\u0259 as\u0131l\u0131b. Bu siyah\u0131da da onlar\u0131 m\u00fc\u0259yy\u0259n ed\u0259r\u0259k, aid m\u0259xsusi t\u0259b\u0259q\u0259y\u0259 olmayanlar\u0131 m\u00fc\u0259yy\u0259n ed\u0259 bil\u0259rl\u0259r\u201d.<\/p>\n<p>Nazirlik \u0259m\u0259kda\u015flar\u0131n\u0131n bu i\u015fin \u00f6hd\u0259sind\u0259n t\u0259k g\u0259l\u0259 bilm\u0259diyini etiraf ed\u0259n xidm\u0259t r\u0259isi b\u00fct\u00fcn v\u0259t\u0259nda\u015flardan k\u00f6m\u0259k ist\u0259yib.<\/p>\n<p>Qeyd ed\u0259 ki, m\u00fcvafiq hal a\u015fkar olunduqda, nazirliyin elektron po\u00e7t \u00fcnvan\u0131na, el\u0259c\u0259 d\u0259 142 \u201cQaynar x\u0259tt\u201din\u0259 v\u0259 Xidm\u0259tin 012 595 04 26 v\u0259 595 04 28 sayl\u0131 telefon n\u00f6mr\u0259l\u0259rin\u0259 z\u0259ng etm\u0259k xahi\u015f olunur.<\/p>\n<p>\u00c7.\u018fliyevin s\u00f6zl\u0259rin\u0259 g\u00f6r\u0259, bu ilin oktyabr ay\u0131nda \u00fcnvanl\u0131 sosial yard\u0131m t\u0259yinat\u0131 ail\u0259l\u0259r \u00fczr\u0259 15\u00a0150 olub. Haz\u0131rda noyabr ay\u0131 \u00fczr\u0259 t\u0259yinatlar gedir. Art\u0131q \u018fhalinin Sosial M\u00fcdafi\u0259 m\u0259rk\u0259zl\u0259ri \u00fczr\u0259 t\u0259yin olunmu\u015f limit aradan g\u00f6t\u00fcr\u00fcl\u00fcb. B\u00fct\u00fcn rayonlarda \u00fcnvanl\u0131 sosial yard\u0131m almaq \u00fc\u00e7\u00fcn m\u00fcraci\u0259t ed\u0259nl\u0259rin m\u00fcraci\u0259tl\u0259ri qanunvericilik \u0259sas\u0131nda bax\u0131laraq, onlara t\u0259yinatlar apar\u0131l\u0131r: \u201cHaz\u0131rda bu g\u00fcn\u0259 q\u0259d\u0259r 13\u00a0459 t\u0259yinat apar\u0131l\u0131b. \u018fhalinin Sosial M\u00fcdafi\u0259si m\u0259rk\u0259zl\u0259rind\u0259n daxil olan m\u0259lumatlara \u0259sas\u0259n, noyabr ay\u0131nda \u00fcnvanl\u0131 sosial yard\u0131m alanlar\u0131n say\u0131n\u0131n 21\u00a0500 olmas\u0131 n\u0259z\u0259rd\u0259 tutulur. Bu, oktyabr ay\u0131 il\u0259 m\u00fcqayis\u0259d\u0259 42% \u00e7ox dem\u0259kdir. Bununla \u0259laq\u0259dar bir ne\u00e7\u0259 g\u00fcn \u00f6nc\u0259 \u00fcnvanl\u0131 sosial yard\u0131m alanlar\u0131n rayon v\u0259 \u015f\u0259h\u0259rl\u0259r \u00fczr\u0259 m\u0259lumatlar\u0131 nazirliyin sayt\u0131nda birinci s\u0259hif\u0259d\u0259 yerl\u0259\u015fdirilib. Arzu ed\u0259n \u015f\u0259xsl\u0259r \u00fcnvanl\u0131 sosial yard\u0131m alanlar s\u0259hif\u0259sin\u0259 girm\u0259kl\u0259, h\u0259min m\u0259lumatlar\u0131 \u0259ld\u0259 ed\u0259 bil\u0259r\u201d.<\/p>\n","protected":false},"excerpt":{"rendered":"<p>\u00dcnvanl\u0131 sosial yard\u0131mlar\u0131n \u00fcnvanl\u0131\u011f\u0131n\u0131n t\u0259min olunmas\u0131 v\u0259 \u015f\u0259ffafl\u0131\u011f\u0131n\u0131 daha da art\u0131r\u0131lmas\u0131 m\u0259qs\u0259dil\u0259 \u018fm\u0259k v\u0259 \u018fhalinin Sosial M\u00fcdafi\u0259si Nazirliyi m\u0259tbuata v\u0259 \u0259haliy\u0259 m\u00fcraci\u0259t edib. Zerdab.com-un APA-ya istinad\u0259n verdiyi\u00a0m\u0259lumata g\u00f6r\u0259, nazirlik yan\u0131nda D\u00f6vl\u0259t Sosial T\u0259minat Xidm\u0259tinin r\u0259isi \u00c7ingiz \u018fliyev bildirib ki, bu vaxta q\u0259d\u0259r apar\u0131lan t\u0259yinatlar\u0131n ham\u0131s\u0131 d\u00f6vl\u0259t ba\u015f\u00e7\u0131s\u0131 t\u0259r\u0259find\u0259n azt\u0259minatl\u0131 ail\u0259l\u0259r\u0259 verilm\u0259li oldu\u011fu halda, \u00fcnvanl\u0131 sosial [&hellip;]<\/p>\n","protected":false},"author":1,"featured_media":0,"comment_status":"open","ping_status":"open","sticky":false,"template":"","format":"standard","meta":{"footnotes":""},"categories":[21],"tags":[],"class_list":{"0":"post-13522","1":"post","2":"type-post","3":"status-publish","4":"format-standard","6":"category-zrdab"},"yoast_head":"<!-- This site is optimized with the Yoast SEO plugin v27.0 - https:\/\/yoast.com\/product\/yoast-seo-wordpress\/ -->\n<title>\u00dcnvanl\u0131 sosial yard\u0131m\u0131n verilm\u0259si il\u0259 ba\u011fl\u0131 \u0259haliy\u0259 m\u00fcraci\u0259t  - Z\u0259rdab.com<\/title>\n<meta name=\"robots\" content=\"index, follow, max-snippet:-1, max-image-preview:large, max-video-preview:-1\" \/>\n<link rel=\"canonical\" href=\"https:\/\/www.zerdab.com\/?p=13522\" \/>\n<meta property=\"og:locale\" content=\"az_AZ\" \/>\n<meta property=\"og:type\" content=\"article\" \/>\n<meta property=\"og:title\" content=\"\u00dcnvanl\u0131 sosial yard\u0131m\u0131n verilm\u0259si il\u0259 ba\u011fl\u0131 \u0259haliy\u0259 m\u00fcraci\u0259t  - Z\u0259rdab.com\" \/>\n<meta property=\"og:description\" content=\"\u00dcnvanl\u0131 sosial yard\u0131mlar\u0131n \u00fcnvanl\u0131\u011f\u0131n\u0131n t\u0259min olunmas\u0131 v\u0259 \u015f\u0259ffafl\u0131\u011f\u0131n\u0131 daha da art\u0131r\u0131lmas\u0131 m\u0259qs\u0259dil\u0259 \u018fm\u0259k v\u0259 \u018fhalinin Sosial M\u00fcdafi\u0259si Nazirliyi m\u0259tbuata v\u0259 \u0259haliy\u0259 m\u00fcraci\u0259t edib. Zerdab.com-un APA-ya istinad\u0259n verdiyi\u00a0m\u0259lumata g\u00f6r\u0259, nazirlik yan\u0131nda D\u00f6vl\u0259t Sosial T\u0259minat Xidm\u0259tinin r\u0259isi \u00c7ingiz \u018fliyev bildirib ki, bu vaxta q\u0259d\u0259r apar\u0131lan t\u0259yinatlar\u0131n ham\u0131s\u0131 d\u00f6vl\u0259t ba\u015f\u00e7\u0131s\u0131 t\u0259r\u0259find\u0259n azt\u0259minatl\u0131 ail\u0259l\u0259r\u0259 verilm\u0259li oldu\u011fu halda, \u00fcnvanl\u0131 sosial [&hellip;]\" \/>\n<meta property=\"og:url\" content=\"https:\/\/www.zerdab.com\/?p=13522\" \/>\n<meta property=\"og:site_name\" content=\"Z\u0259rdab.com\" \/>\n<meta property=\"article:published_time\" content=\"2013-11-27T12:46:22+00:00\" \/>\n<meta name=\"author\" content=\"admin\" \/>\n<meta name=\"twitter:card\" content=\"summary_large_image\" \/>\n<meta name=\"twitter:label1\" content=\"Written by\" \/>\n\t<meta name=\"twitter:data1\" content=\"admin\" \/>\n\t<meta name=\"twitter:label2\" content=\"Est. reading time\" \/>\n\t<meta name=\"twitter:data2\" content=\"3 minutes\" \/>\n<script type=\"application\/ld+json\" class=\"yoast-schema-graph\">{\"@context\":\"https:\/\/schema.org\",\"@graph\":[{\"@type\":\"Article\",\"@id\":\"https:\/\/www.zerdab.com\/?p=13522#article\",\"isPartOf\":{\"@id\":\"https:\/\/www.zerdab.com\/?p=13522\"},\"author\":{\"name\":\"admin\",\"@id\":\"https:\/\/www.zerdab.com\/#\/schema\/person\/97079b7570c1e89ec0d9e138c3672136\"},\"headline\":\"\u00dcnvanl\u0131 sosial yard\u0131m\u0131n verilm\u0259si il\u0259 ba\u011fl\u0131 \u0259haliy\u0259 m\u00fcraci\u0259t\",\"datePublished\":\"2013-11-27T12:46:22+00:00\",\"mainEntityOfPage\":{\"@id\":\"https:\/\/www.zerdab.com\/?p=13522\"},\"wordCount\":605,\"commentCount\":0,\"articleSection\":[\"C\u018fM\u0130YY\u018fT\"],\"inLanguage\":\"az\",\"potentialAction\":[{\"@type\":\"CommentAction\",\"name\":\"Comment\",\"target\":[\"https:\/\/www.zerdab.com\/?p=13522#respond\"]}]},{\"@type\":\"WebPage\",\"@id\":\"https:\/\/www.zerdab.com\/?p=13522\",\"url\":\"https:\/\/www.zerdab.com\/?p=13522\",\"name\":\"\u00dcnvanl\u0131 sosial yard\u0131m\u0131n verilm\u0259si il\u0259 ba\u011fl\u0131 \u0259haliy\u0259 m\u00fcraci\u0259t - Z\u0259rdab.com\",\"isPartOf\":{\"@id\":\"https:\/\/www.zerdab.com\/#website\"},\"datePublished\":\"2013-11-27T12:46:22+00:00\",\"author\":{\"@id\":\"https:\/\/www.zerdab.com\/#\/schema\/person\/97079b7570c1e89ec0d9e138c3672136\"},\"breadcrumb\":{\"@id\":\"https:\/\/www.zerdab.com\/?p=13522#breadcrumb\"},\"inLanguage\":\"az\",\"potentialAction\":[{\"@type\":\"ReadAction\",\"target\":[\"https:\/\/www.zerdab.com\/?p=13522\"]}]},{\"@type\":\"BreadcrumbList\",\"@id\":\"https:\/\/www.zerdab.com\/?p=13522#breadcrumb\",\"itemListElement\":[{\"@type\":\"ListItem\",\"position\":1,\"name\":\"Home\",\"item\":\"https:\/\/www.zerdab.com\/\"},{\"@type\":\"ListItem\",\"position\":2,\"name\":\"\u00dcnvanl\u0131 sosial yard\u0131m\u0131n verilm\u0259si il\u0259 ba\u011fl\u0131 \u0259haliy\u0259 m\u00fcraci\u0259t\"}]},{\"@type\":\"WebSite\",\"@id\":\"https:\/\/www.zerdab.com\/#website\",\"url\":\"https:\/\/www.zerdab.com\/\",\"name\":\"Z\u0259rdab.com\",\"description\":\"\",\"potentialAction\":[{\"@type\":\"SearchAction\",\"target\":{\"@type\":\"EntryPoint\",\"urlTemplate\":\"https:\/\/www.zerdab.com\/?s={search_term_string}\"},\"query-input\":{\"@type\":\"PropertyValueSpecification\",\"valueRequired\":true,\"valueName\":\"search_term_string\"}}],\"inLanguage\":\"az\"},{\"@type\":\"Person\",\"@id\":\"https:\/\/www.zerdab.com\/#\/schema\/person\/97079b7570c1e89ec0d9e138c3672136\",\"name\":\"admin\",\"image\":{\"@type\":\"ImageObject\",\"inLanguage\":\"az\",\"@id\":\"https:\/\/www.zerdab.com\/#\/schema\/person\/image\/\",\"url\":\"https:\/\/secure.gravatar.com\/avatar\/d9c52a9a27c32119cb6679a077fa3e2779e5f822c451cbf01098004361d466ec?s=96&d=mm&r=g\",\"contentUrl\":\"https:\/\/secure.gravatar.com\/avatar\/d9c52a9a27c32119cb6679a077fa3e2779e5f822c451cbf01098004361d466ec?s=96&d=mm&r=g\",\"caption\":\"admin\"},\"url\":\"https:\/\/www.zerdab.com\/?author=1\"}]}<\/script>\n<!-- \/ Yoast SEO plugin. -->","yoast_head_json":{"title":"\u00dcnvanl\u0131 sosial yard\u0131m\u0131n verilm\u0259si il\u0259 ba\u011fl\u0131 \u0259haliy\u0259 m\u00fcraci\u0259t  - Z\u0259rdab.com","robots":{"index":"index","follow":"follow","max-snippet":"max-snippet:-1","max-image-preview":"max-image-preview:large","max-video-preview":"max-video-preview:-1"},"canonical":"https:\/\/www.zerdab.com\/?p=13522","og_locale":"az_AZ","og_type":"article","og_title":"\u00dcnvanl\u0131 sosial yard\u0131m\u0131n verilm\u0259si il\u0259 ba\u011fl\u0131 \u0259haliy\u0259 m\u00fcraci\u0259t  - Z\u0259rdab.com","og_description":"\u00dcnvanl\u0131 sosial yard\u0131mlar\u0131n \u00fcnvanl\u0131\u011f\u0131n\u0131n t\u0259min olunmas\u0131 v\u0259 \u015f\u0259ffafl\u0131\u011f\u0131n\u0131 daha da art\u0131r\u0131lmas\u0131 m\u0259qs\u0259dil\u0259 \u018fm\u0259k v\u0259 \u018fhalinin Sosial M\u00fcdafi\u0259si Nazirliyi m\u0259tbuata v\u0259 \u0259haliy\u0259 m\u00fcraci\u0259t edib. Zerdab.com-un APA-ya istinad\u0259n verdiyi\u00a0m\u0259lumata g\u00f6r\u0259, nazirlik yan\u0131nda D\u00f6vl\u0259t Sosial T\u0259minat Xidm\u0259tinin r\u0259isi \u00c7ingiz \u018fliyev bildirib ki, bu vaxta q\u0259d\u0259r apar\u0131lan t\u0259yinatlar\u0131n ham\u0131s\u0131 d\u00f6vl\u0259t ba\u015f\u00e7\u0131s\u0131 t\u0259r\u0259find\u0259n azt\u0259minatl\u0131 ail\u0259l\u0259r\u0259 verilm\u0259li oldu\u011fu halda, \u00fcnvanl\u0131 sosial [&hellip;]","og_url":"https:\/\/www.zerdab.com\/?p=13522","og_site_name":"Z\u0259rdab.com","article_published_time":"2013-11-27T12:46:22+00:00","author":"admin","twitter_card":"summary_large_image","twitter_misc":{"Written by":"admin","Est. reading time":"3 minutes"},"schema":{"@context":"https:\/\/schema.org","@graph":[{"@type":"Article","@id":"https:\/\/www.zerdab.com\/?p=13522#article","isPartOf":{"@id":"https:\/\/www.zerdab.com\/?p=13522"},"author":{"name":"admin","@id":"https:\/\/www.zerdab.com\/#\/schema\/person\/97079b7570c1e89ec0d9e138c3672136"},"headline":"\u00dcnvanl\u0131 sosial yard\u0131m\u0131n verilm\u0259si il\u0259 ba\u011fl\u0131 \u0259haliy\u0259 m\u00fcraci\u0259t","datePublished":"2013-11-27T12:46:22+00:00","mainEntityOfPage":{"@id":"https:\/\/www.zerdab.com\/?p=13522"},"wordCount":605,"commentCount":0,"articleSection":["C\u018fM\u0130YY\u018fT"],"inLanguage":"az","potentialAction":[{"@type":"CommentAction","name":"Comment","target":["https:\/\/www.zerdab.com\/?p=13522#respond"]}]},{"@type":"WebPage","@id":"https:\/\/www.zerdab.com\/?p=13522","url":"https:\/\/www.zerdab.com\/?p=13522","name":"\u00dcnvanl\u0131 sosial yard\u0131m\u0131n verilm\u0259si il\u0259 ba\u011fl\u0131 \u0259haliy\u0259 m\u00fcraci\u0259t - Z\u0259rdab.com","isPartOf":{"@id":"https:\/\/www.zerdab.com\/#website"},"datePublished":"2013-11-27T12:46:22+00:00","author":{"@id":"https:\/\/www.zerdab.com\/#\/schema\/person\/97079b7570c1e89ec0d9e138c3672136"},"breadcrumb":{"@id":"https:\/\/www.zerdab.com\/?p=13522#breadcrumb"},"inLanguage":"az","potentialAction":[{"@type":"ReadAction","target":["https:\/\/www.zerdab.com\/?p=13522"]}]},{"@type":"BreadcrumbList","@id":"https:\/\/www.zerdab.com\/?p=13522#breadcrumb","itemListElement":[{"@type":"ListItem","position":1,"name":"Home","item":"https:\/\/www.zerdab.com\/"},{"@type":"ListItem","position":2,"name":"\u00dcnvanl\u0131 sosial yard\u0131m\u0131n verilm\u0259si il\u0259 ba\u011fl\u0131 \u0259haliy\u0259 m\u00fcraci\u0259t"}]},{"@type":"WebSite","@id":"https:\/\/www.zerdab.com\/#website","url":"https:\/\/www.zerdab.com\/","name":"Z\u0259rdab.com","description":"","potentialAction":[{"@type":"SearchAction","target":{"@type":"EntryPoint","urlTemplate":"https:\/\/www.zerdab.com\/?s={search_term_string}"},"query-input":{"@type":"PropertyValueSpecification","valueRequired":true,"valueName":"search_term_string"}}],"inLanguage":"az"},{"@type":"Person","@id":"https:\/\/www.zerdab.com\/#\/schema\/person\/97079b7570c1e89ec0d9e138c3672136","name":"admin","image":{"@type":"ImageObject","inLanguage":"az","@id":"https:\/\/www.zerdab.com\/#\/schema\/person\/image\/","url":"https:\/\/secure.gravatar.com\/avatar\/d9c52a9a27c32119cb6679a077fa3e2779e5f822c451cbf01098004361d466ec?s=96&d=mm&r=g","contentUrl":"https:\/\/secure.gravatar.com\/avatar\/d9c52a9a27c32119cb6679a077fa3e2779e5f822c451cbf01098004361d466ec?s=96&d=mm&r=g","caption":"admin"},"url":"https:\/\/www.zerdab.com\/?author=1"}]}},"_links":{"self":[{"href":"https:\/\/www.zerdab.com\/index.php?rest_route=\/wp\/v2\/posts\/13522","targetHints":{"allow":["GET"]}}],"collection":[{"href":"https:\/\/www.zerdab.com\/index.php?rest_route=\/wp\/v2\/posts"}],"about":[{"href":"https:\/\/www.zerdab.com\/index.php?rest_route=\/wp\/v2\/types\/post"}],"author":[{"embeddable":true,"href":"https:\/\/www.zerdab.com\/index.php?rest_route=\/wp\/v2\/users\/1"}],"replies":[{"embeddable":true,"href":"https:\/\/www.zerdab.com\/index.php?rest_route=%2Fwp%2Fv2%2Fcomments&post=13522"}],"version-history":[{"count":1,"href":"https:\/\/www.zerdab.com\/index.php?rest_route=\/wp\/v2\/posts\/13522\/revisions"}],"predecessor-version":[{"id":13524,"href":"https:\/\/www.zerdab.com\/index.php?rest_route=\/wp\/v2\/posts\/13522\/revisions\/13524"}],"wp:attachment":[{"href":"https:\/\/www.zerdab.com\/index.php?rest_route=%2Fwp%2Fv2%2Fmedia&parent=13522"}],"wp:term":[{"taxonomy":"category","embeddable":true,"href":"https:\/\/www.zerdab.com\/index.php?rest_route=%2Fwp%2Fv2%2Fcategories&post=13522"},{"taxonomy":"post_tag","embeddable":true,"href":"https:\/\/www.zerdab.com\/index.php?rest_route=%2Fwp%2Fv2%2Ftags&post=13522"}],"curies":[{"name":"wp","href":"https:\/\/api.w.org\/{rel}","templated":true}]}}