{"id":13541,"date":"2013-11-28T16:05:57","date_gmt":"2013-11-28T12:05:57","guid":{"rendered":"http:\/\/www.zerdab.com\/?p=13541"},"modified":"2013-11-28T16:05:57","modified_gmt":"2013-11-28T12:05:57","slug":"z%c9%99rdabda-im%c9%99cilik-kecirildi-2500-agac-%c9%99kildi-fotolar","status":"publish","type":"post","link":"https:\/\/www.zerdab.com\/?p=13541","title":{"rendered":"Z\u0259rdabda im\u0259cilik ke\u00e7irildi, 2500 a\u011fac \u0259kildi &#8211; Fotolar"},"content":{"rendered":"<figure id=\"attachment_13547\" aria-describedby=\"caption-attachment-13547\" style=\"width: 365px\" class=\"wp-caption aligncenter\"><a href=\"http:\/\/www.zerdab.com\/wp-content\/uploads\/2013\/11\/Z\u0259rdab-Zerdab3.jpg\"><img loading=\"lazy\" decoding=\"async\" class=\"size-large wp-image-13547\" alt=\"Z\u0259rdab-Zerdab\" src=\"http:\/\/www.zerdab.com\/wp-content\/uploads\/2013\/11\/Z\u0259rdab-Zerdab3-365x550.jpg\" width=\"365\" height=\"550\" \/><\/a><figcaption id=\"caption-attachment-13547\" class=\"wp-caption-text\"><span style=\"color: #000000;\"><strong>Z\u0259rdab Rayon \u0130cra Hakimiyy\u0259tinin ba\u015f\u00e7\u0131s\u0131 L\u00fctv\u0259li Babayev im\u0259cilikd\u0259 a\u011fac \u0259k\u0259rk\u0259n.<\/strong><\/span><\/figcaption><\/figure>\n<p><strong>Rayon \u0130cra Hakimiyy\u0259tinin t\u0259\u015f\u0259bb\u00fcs\u00fc il\u0259 Z\u0259rdabda n\u00f6vb\u0259ti d\u0259f\u0259 \u00fcmumrayon im\u0259ciliyi ke\u00e7irilib. Zerdab.com sayt\u0131na veril\u0259n m\u0259lumata g\u00f6r\u0259, Z\u0259rdab rayonu \u0259razisind\u0259 t\u0259\u015fkil olunan n\u00f6vb\u0259ti im\u0259cilikd\u0259 m\u00fcxt\u0259lif idar\u0259 v\u0259 m\u00fc\u0259ssis\u0259l\u0259rd\u0259n, ayr\u0131-ayr\u0131 t\u0259\u015fkilatlardan 500 n\u0259f\u0259rd\u0259n \u00e7ox sakin i\u015ftirak edib. Ayr\u0131-ayr\u0131 k\u00fc\u00e7\u0259l\u0259rd\u0259, parklarda abadl\u0131q v\u0259 s\u0259liq\u0259-sahman i\u015fl\u0259ri apar\u0131l\u0131b.<\/strong><\/p>\n<p>Z\u0259rdab-Ucar magistral yolunun sa\u011f v\u0259 sol hiss\u0259l\u0259rind\u0259 yeni ya\u015f\u0131ll\u0131qlar\u0131n sal\u0131nmas\u0131 \u00fc\u00e7\u00fcn haz\u0131rl\u0131q i\u015fl\u0259ri g\u00f6r\u00fcl\u00fcb. H\u0259min \u0259raziy\u0259 2500 \u0259d\u0259dd\u0259n \u00e7ox s\u0259rv, k\u00fcknar, \u015fam v\u0259 t\u00fcrk qova\u011f\u0131 \u0259kilib. Yeni sal\u0131nm\u0131\u015f a\u011faclara su verilib. Rayon sakinl\u0259ri bu c\u00fcr t\u0259dbirl\u0259rin \u0259h\u0259miyy\u0259tini y\u00fcks\u0259k qiym\u0259tl\u0259ndiribl\u0259r. Bildiribl\u0259r ki, ya\u015f\u0131ll\u0131qlar\u0131n sal\u0131nmas\u0131 ekoloji tarazl\u0131\u011f\u0131n b\u0259rpas\u0131na k\u00f6m\u0259k etm\u0259kl\u0259 yana\u015f\u0131 Z\u0259rdab\u0131n ya\u015f\u0131lla\u015fmas\u0131nda da m\u00fch\u00fcm rol oynay\u0131r.<\/p>\n<p>A\u011fac\u0259km\u0259 kampaniyas\u0131nda Suvarma Sisteml\u0259ri \u0130dar\u0259sinin, M\u0259d\u0259niyy\u0259t v\u0259 Turizm \u015e\u00f6b\u0259sinin, M\u0259rk\u0259zi X\u0259st\u0259xanan\u0131n, Kommunal M\u00fc\u0259ssis\u0259l\u0259ri Kombinat\u0131n\u0131n kollektivl\u0259ri daha \u00e7ox f\u0259al olublar. Rayonun dig\u0259r \u0259razil\u0259rind\u0259ki ya\u015f\u0131ll\u0131qlara da aqrotexniki qulluq g\u00f6st\u0259rilib.<\/p>\n<p>\u0130cra Hakimiyy\u0259tind\u0259n m\u0259lumat verilib ki, \u00fcmumrayon im\u0259cilikl\u0259rinin m\u00fct\u0259madi olaraq ke\u00e7irilm\u0259si n\u0259z\u0259rd\u0259 tutulub. \u00dcmumiyy\u0259tl\u0259, son ill\u0259r Z\u0259rdabda 300 min\u0259 q\u0259d\u0259r m\u00fcxt\u0259lif n\u00f6v a\u011fac v\u0259 g\u00fcl kollar\u0131 sal\u0131n\u0131b.<\/p>\n<p>\u00dcmummilli liderimiz Heyd\u0259r \u018fliyevin anadan olmas\u0131n\u0131n 90 illiyi m\u00fcnasib\u0259til\u0259 rayon ictimaiyy\u0259tinin t\u0259\u015f\u0259bb\u00fcs\u00fcn\u0259 \u0259sas\u0259n magistral v\u0259 rayondaxili yollar\u0131n k\u0259narlar\u0131nda, inzibati \u0259razi dair\u0259l\u0259rind\u0259, t\u0259bii f\u0259lak\u0259td\u0259n ziyan \u00e7\u0259kmi\u015f ail\u0259l\u0259r \u00fc\u00e7\u00fcn yeni sal\u0131nm\u0131\u015f q\u0259s\u0259b\u0259d\u0259 90 min \u0259d\u0259d a\u011fac \u0259kilib. T\u0259kc\u0259 Heyd\u0259r \u018fliyev park\u0131nda yeni sal\u0131naraq bec\u0259ril\u0259n a\u011fac v\u0259 g\u00fcl kollar\u0131n\u0131n say\u0131 55 min \u0259d\u0259dd\u0259n \u00e7oxdur.<\/p>\n<p>Zerdab.com<\/p>\n<p><a href=\"http:\/\/www.zerdab.com\/wp-content\/uploads\/2013\/11\/Z\u0259rdab-Zerdab4.jpg\"><img loading=\"lazy\" decoding=\"async\" class=\"aligncenter size-large wp-image-13542\" alt=\"Z\u0259rdab-Zerdab\" src=\"http:\/\/www.zerdab.com\/wp-content\/uploads\/2013\/11\/Z\u0259rdab-Zerdab4-550x365.jpg\" width=\"550\" height=\"365\" \/><a href=\"http:\/\/www.zerdab.com\/wp-content\/uploads\/2013\/11\/Z\u0259rdab-Zerdab1.jpg\"><img loading=\"lazy\" decoding=\"async\" class=\"aligncenter size-large wp-image-13545\" alt=\"Z\u0259rdab-Zerdab\" src=\"http:\/\/www.zerdab.com\/wp-content\/uploads\/2013\/11\/Z\u0259rdab-Zerdab1-550x365.jpg\" width=\"550\" height=\"365\" \/><\/a><a href=\"http:\/\/www.zerdab.com\/wp-content\/uploads\/2013\/11\/Z\u0259rdab-Zerdab2.jpg\"><img loading=\"lazy\" decoding=\"async\" class=\"aligncenter size-large wp-image-13546\" alt=\"Z\u0259rdab-Zerdab\" src=\"http:\/\/www.zerdab.com\/wp-content\/uploads\/2013\/11\/Z\u0259rdab-Zerdab2-550x365.jpg\" width=\"550\" height=\"365\" \/><\/a><a href=\"http:\/\/www.zerdab.com\/wp-content\/uploads\/2013\/11\/Z\u0259rdab-Zerdab4.jpg\"><img loading=\"lazy\" decoding=\"async\" class=\"aligncenter size-large wp-image-13542\" alt=\"Z\u0259rdab-Zerdab\" src=\"http:\/\/www.zerdab.com\/wp-content\/uploads\/2013\/11\/Z\u0259rdab-Zerdab4-550x365.jpg\" width=\"550\" height=\"365\" \/><\/a><\/a><\/p>\n","protected":false},"excerpt":{"rendered":"<p>Rayon \u0130cra Hakimiyy\u0259tinin t\u0259\u015f\u0259bb\u00fcs\u00fc il\u0259 Z\u0259rdabda n\u00f6vb\u0259ti d\u0259f\u0259 \u00fcmumrayon im\u0259ciliyi ke\u00e7irilib. Zerdab.com sayt\u0131na veril\u0259n m\u0259lumata g\u00f6r\u0259, Z\u0259rdab rayonu \u0259razisind\u0259 t\u0259\u015fkil olunan n\u00f6vb\u0259ti im\u0259cilikd\u0259 m\u00fcxt\u0259lif idar\u0259 v\u0259 m\u00fc\u0259ssis\u0259l\u0259rd\u0259n, ayr\u0131-ayr\u0131 t\u0259\u015fkilatlardan 500 n\u0259f\u0259rd\u0259n \u00e7ox sakin i\u015ftirak edib. Ayr\u0131-ayr\u0131 k\u00fc\u00e7\u0259l\u0259rd\u0259, parklarda abadl\u0131q v\u0259 s\u0259liq\u0259-sahman i\u015fl\u0259ri apar\u0131l\u0131b. Z\u0259rdab-Ucar magistral yolunun sa\u011f v\u0259 sol hiss\u0259l\u0259rind\u0259 yeni ya\u015f\u0131ll\u0131qlar\u0131n sal\u0131nmas\u0131 \u00fc\u00e7\u00fcn haz\u0131rl\u0131q [&hellip;]<\/p>\n","protected":false},"author":1,"featured_media":0,"comment_status":"open","ping_status":"open","sticky":false,"template":"","format":"standard","meta":{"footnotes":""},"categories":[5],"tags":[],"class_list":{"0":"post-13541","1":"post","2":"type-post","3":"status-publish","4":"format-standard","6":"category-knd"},"yoast_head":"<!-- This site is optimized with the Yoast SEO plugin v27.0 - https:\/\/yoast.com\/product\/yoast-seo-wordpress\/ -->\n<title>Z\u0259rdabda im\u0259cilik ke\u00e7irildi, 2500 a\u011fac \u0259kildi - Fotolar - Z\u0259rdab.com<\/title>\n<meta name=\"robots\" content=\"index, follow, max-snippet:-1, max-image-preview:large, max-video-preview:-1\" \/>\n<link rel=\"canonical\" href=\"https:\/\/www.zerdab.com\/?p=13541\" \/>\n<meta property=\"og:locale\" content=\"az_AZ\" \/>\n<meta property=\"og:type\" content=\"article\" \/>\n<meta property=\"og:title\" content=\"Z\u0259rdabda im\u0259cilik ke\u00e7irildi, 2500 a\u011fac \u0259kildi - Fotolar - Z\u0259rdab.com\" \/>\n<meta property=\"og:description\" content=\"Rayon \u0130cra Hakimiyy\u0259tinin t\u0259\u015f\u0259bb\u00fcs\u00fc il\u0259 Z\u0259rdabda n\u00f6vb\u0259ti d\u0259f\u0259 \u00fcmumrayon im\u0259ciliyi ke\u00e7irilib. Zerdab.com sayt\u0131na veril\u0259n m\u0259lumata g\u00f6r\u0259, Z\u0259rdab rayonu \u0259razisind\u0259 t\u0259\u015fkil olunan n\u00f6vb\u0259ti im\u0259cilikd\u0259 m\u00fcxt\u0259lif idar\u0259 v\u0259 m\u00fc\u0259ssis\u0259l\u0259rd\u0259n, ayr\u0131-ayr\u0131 t\u0259\u015fkilatlardan 500 n\u0259f\u0259rd\u0259n \u00e7ox sakin i\u015ftirak edib. Ayr\u0131-ayr\u0131 k\u00fc\u00e7\u0259l\u0259rd\u0259, parklarda abadl\u0131q v\u0259 s\u0259liq\u0259-sahman i\u015fl\u0259ri apar\u0131l\u0131b. Z\u0259rdab-Ucar magistral yolunun sa\u011f v\u0259 sol hiss\u0259l\u0259rind\u0259 yeni ya\u015f\u0131ll\u0131qlar\u0131n sal\u0131nmas\u0131 \u00fc\u00e7\u00fcn haz\u0131rl\u0131q [&hellip;]\" \/>\n<meta property=\"og:url\" content=\"https:\/\/www.zerdab.com\/?p=13541\" \/>\n<meta property=\"og:site_name\" content=\"Z\u0259rdab.com\" \/>\n<meta property=\"article:published_time\" content=\"2013-11-28T12:05:57+00:00\" \/>\n<meta name=\"author\" content=\"admin\" \/>\n<meta name=\"twitter:card\" content=\"summary_large_image\" \/>\n<meta name=\"twitter:label1\" content=\"Written by\" \/>\n\t<meta name=\"twitter:data1\" content=\"admin\" \/>\n\t<meta name=\"twitter:label2\" content=\"Est. reading time\" \/>\n\t<meta name=\"twitter:data2\" content=\"2 minutes\" \/>\n<script type=\"application\/ld+json\" class=\"yoast-schema-graph\">{\"@context\":\"https:\/\/schema.org\",\"@graph\":[{\"@type\":\"Article\",\"@id\":\"https:\/\/www.zerdab.com\/?p=13541#article\",\"isPartOf\":{\"@id\":\"https:\/\/www.zerdab.com\/?p=13541\"},\"author\":{\"name\":\"admin\",\"@id\":\"https:\/\/www.zerdab.com\/#\/schema\/person\/97079b7570c1e89ec0d9e138c3672136\"},\"headline\":\"Z\u0259rdabda im\u0259cilik ke\u00e7irildi, 2500 a\u011fac \u0259kildi &#8211; Fotolar\",\"datePublished\":\"2013-11-28T12:05:57+00:00\",\"mainEntityOfPage\":{\"@id\":\"https:\/\/www.zerdab.com\/?p=13541\"},\"wordCount\":418,\"commentCount\":1,\"articleSection\":[\"X\u018fB\u018fRL\u018fR\"],\"inLanguage\":\"az\",\"potentialAction\":[{\"@type\":\"CommentAction\",\"name\":\"Comment\",\"target\":[\"https:\/\/www.zerdab.com\/?p=13541#respond\"]}]},{\"@type\":\"WebPage\",\"@id\":\"https:\/\/www.zerdab.com\/?p=13541\",\"url\":\"https:\/\/www.zerdab.com\/?p=13541\",\"name\":\"Z\u0259rdabda im\u0259cilik ke\u00e7irildi, 2500 a\u011fac \u0259kildi - Fotolar - Z\u0259rdab.com\",\"isPartOf\":{\"@id\":\"https:\/\/www.zerdab.com\/#website\"},\"datePublished\":\"2013-11-28T12:05:57+00:00\",\"author\":{\"@id\":\"https:\/\/www.zerdab.com\/#\/schema\/person\/97079b7570c1e89ec0d9e138c3672136\"},\"breadcrumb\":{\"@id\":\"https:\/\/www.zerdab.com\/?p=13541#breadcrumb\"},\"inLanguage\":\"az\",\"potentialAction\":[{\"@type\":\"ReadAction\",\"target\":[\"https:\/\/www.zerdab.com\/?p=13541\"]}]},{\"@type\":\"BreadcrumbList\",\"@id\":\"https:\/\/www.zerdab.com\/?p=13541#breadcrumb\",\"itemListElement\":[{\"@type\":\"ListItem\",\"position\":1,\"name\":\"Home\",\"item\":\"https:\/\/www.zerdab.com\/\"},{\"@type\":\"ListItem\",\"position\":2,\"name\":\"Z\u0259rdabda im\u0259cilik ke\u00e7irildi, 2500 a\u011fac \u0259kildi &#8211; Fotolar\"}]},{\"@type\":\"WebSite\",\"@id\":\"https:\/\/www.zerdab.com\/#website\",\"url\":\"https:\/\/www.zerdab.com\/\",\"name\":\"Z\u0259rdab.com\",\"description\":\"\",\"potentialAction\":[{\"@type\":\"SearchAction\",\"target\":{\"@type\":\"EntryPoint\",\"urlTemplate\":\"https:\/\/www.zerdab.com\/?s={search_term_string}\"},\"query-input\":{\"@type\":\"PropertyValueSpecification\",\"valueRequired\":true,\"valueName\":\"search_term_string\"}}],\"inLanguage\":\"az\"},{\"@type\":\"Person\",\"@id\":\"https:\/\/www.zerdab.com\/#\/schema\/person\/97079b7570c1e89ec0d9e138c3672136\",\"name\":\"admin\",\"image\":{\"@type\":\"ImageObject\",\"inLanguage\":\"az\",\"@id\":\"https:\/\/www.zerdab.com\/#\/schema\/person\/image\/\",\"url\":\"https:\/\/secure.gravatar.com\/avatar\/d9c52a9a27c32119cb6679a077fa3e2779e5f822c451cbf01098004361d466ec?s=96&d=mm&r=g\",\"contentUrl\":\"https:\/\/secure.gravatar.com\/avatar\/d9c52a9a27c32119cb6679a077fa3e2779e5f822c451cbf01098004361d466ec?s=96&d=mm&r=g\",\"caption\":\"admin\"},\"url\":\"https:\/\/www.zerdab.com\/?author=1\"}]}<\/script>\n<!-- \/ Yoast SEO plugin. -->","yoast_head_json":{"title":"Z\u0259rdabda im\u0259cilik ke\u00e7irildi, 2500 a\u011fac \u0259kildi - Fotolar - Z\u0259rdab.com","robots":{"index":"index","follow":"follow","max-snippet":"max-snippet:-1","max-image-preview":"max-image-preview:large","max-video-preview":"max-video-preview:-1"},"canonical":"https:\/\/www.zerdab.com\/?p=13541","og_locale":"az_AZ","og_type":"article","og_title":"Z\u0259rdabda im\u0259cilik ke\u00e7irildi, 2500 a\u011fac \u0259kildi - Fotolar - Z\u0259rdab.com","og_description":"Rayon \u0130cra Hakimiyy\u0259tinin t\u0259\u015f\u0259bb\u00fcs\u00fc il\u0259 Z\u0259rdabda n\u00f6vb\u0259ti d\u0259f\u0259 \u00fcmumrayon im\u0259ciliyi ke\u00e7irilib. Zerdab.com sayt\u0131na veril\u0259n m\u0259lumata g\u00f6r\u0259, Z\u0259rdab rayonu \u0259razisind\u0259 t\u0259\u015fkil olunan n\u00f6vb\u0259ti im\u0259cilikd\u0259 m\u00fcxt\u0259lif idar\u0259 v\u0259 m\u00fc\u0259ssis\u0259l\u0259rd\u0259n, ayr\u0131-ayr\u0131 t\u0259\u015fkilatlardan 500 n\u0259f\u0259rd\u0259n \u00e7ox sakin i\u015ftirak edib. Ayr\u0131-ayr\u0131 k\u00fc\u00e7\u0259l\u0259rd\u0259, parklarda abadl\u0131q v\u0259 s\u0259liq\u0259-sahman i\u015fl\u0259ri apar\u0131l\u0131b. Z\u0259rdab-Ucar magistral yolunun sa\u011f v\u0259 sol hiss\u0259l\u0259rind\u0259 yeni ya\u015f\u0131ll\u0131qlar\u0131n sal\u0131nmas\u0131 \u00fc\u00e7\u00fcn haz\u0131rl\u0131q [&hellip;]","og_url":"https:\/\/www.zerdab.com\/?p=13541","og_site_name":"Z\u0259rdab.com","article_published_time":"2013-11-28T12:05:57+00:00","author":"admin","twitter_card":"summary_large_image","twitter_misc":{"Written by":"admin","Est. reading time":"2 minutes"},"schema":{"@context":"https:\/\/schema.org","@graph":[{"@type":"Article","@id":"https:\/\/www.zerdab.com\/?p=13541#article","isPartOf":{"@id":"https:\/\/www.zerdab.com\/?p=13541"},"author":{"name":"admin","@id":"https:\/\/www.zerdab.com\/#\/schema\/person\/97079b7570c1e89ec0d9e138c3672136"},"headline":"Z\u0259rdabda im\u0259cilik ke\u00e7irildi, 2500 a\u011fac \u0259kildi &#8211; Fotolar","datePublished":"2013-11-28T12:05:57+00:00","mainEntityOfPage":{"@id":"https:\/\/www.zerdab.com\/?p=13541"},"wordCount":418,"commentCount":1,"articleSection":["X\u018fB\u018fRL\u018fR"],"inLanguage":"az","potentialAction":[{"@type":"CommentAction","name":"Comment","target":["https:\/\/www.zerdab.com\/?p=13541#respond"]}]},{"@type":"WebPage","@id":"https:\/\/www.zerdab.com\/?p=13541","url":"https:\/\/www.zerdab.com\/?p=13541","name":"Z\u0259rdabda im\u0259cilik ke\u00e7irildi, 2500 a\u011fac \u0259kildi - Fotolar - Z\u0259rdab.com","isPartOf":{"@id":"https:\/\/www.zerdab.com\/#website"},"datePublished":"2013-11-28T12:05:57+00:00","author":{"@id":"https:\/\/www.zerdab.com\/#\/schema\/person\/97079b7570c1e89ec0d9e138c3672136"},"breadcrumb":{"@id":"https:\/\/www.zerdab.com\/?p=13541#breadcrumb"},"inLanguage":"az","potentialAction":[{"@type":"ReadAction","target":["https:\/\/www.zerdab.com\/?p=13541"]}]},{"@type":"BreadcrumbList","@id":"https:\/\/www.zerdab.com\/?p=13541#breadcrumb","itemListElement":[{"@type":"ListItem","position":1,"name":"Home","item":"https:\/\/www.zerdab.com\/"},{"@type":"ListItem","position":2,"name":"Z\u0259rdabda im\u0259cilik ke\u00e7irildi, 2500 a\u011fac \u0259kildi &#8211; Fotolar"}]},{"@type":"WebSite","@id":"https:\/\/www.zerdab.com\/#website","url":"https:\/\/www.zerdab.com\/","name":"Z\u0259rdab.com","description":"","potentialAction":[{"@type":"SearchAction","target":{"@type":"EntryPoint","urlTemplate":"https:\/\/www.zerdab.com\/?s={search_term_string}"},"query-input":{"@type":"PropertyValueSpecification","valueRequired":true,"valueName":"search_term_string"}}],"inLanguage":"az"},{"@type":"Person","@id":"https:\/\/www.zerdab.com\/#\/schema\/person\/97079b7570c1e89ec0d9e138c3672136","name":"admin","image":{"@type":"ImageObject","inLanguage":"az","@id":"https:\/\/www.zerdab.com\/#\/schema\/person\/image\/","url":"https:\/\/secure.gravatar.com\/avatar\/d9c52a9a27c32119cb6679a077fa3e2779e5f822c451cbf01098004361d466ec?s=96&d=mm&r=g","contentUrl":"https:\/\/secure.gravatar.com\/avatar\/d9c52a9a27c32119cb6679a077fa3e2779e5f822c451cbf01098004361d466ec?s=96&d=mm&r=g","caption":"admin"},"url":"https:\/\/www.zerdab.com\/?author=1"}]}},"_links":{"self":[{"href":"https:\/\/www.zerdab.com\/index.php?rest_route=\/wp\/v2\/posts\/13541","targetHints":{"allow":["GET"]}}],"collection":[{"href":"https:\/\/www.zerdab.com\/index.php?rest_route=\/wp\/v2\/posts"}],"about":[{"href":"https:\/\/www.zerdab.com\/index.php?rest_route=\/wp\/v2\/types\/post"}],"author":[{"embeddable":true,"href":"https:\/\/www.zerdab.com\/index.php?rest_route=\/wp\/v2\/users\/1"}],"replies":[{"embeddable":true,"href":"https:\/\/www.zerdab.com\/index.php?rest_route=%2Fwp%2Fv2%2Fcomments&post=13541"}],"version-history":[{"count":1,"href":"https:\/\/www.zerdab.com\/index.php?rest_route=\/wp\/v2\/posts\/13541\/revisions"}],"predecessor-version":[{"id":13548,"href":"https:\/\/www.zerdab.com\/index.php?rest_route=\/wp\/v2\/posts\/13541\/revisions\/13548"}],"wp:attachment":[{"href":"https:\/\/www.zerdab.com\/index.php?rest_route=%2Fwp%2Fv2%2Fmedia&parent=13541"}],"wp:term":[{"taxonomy":"category","embeddable":true,"href":"https:\/\/www.zerdab.com\/index.php?rest_route=%2Fwp%2Fv2%2Fcategories&post=13541"},{"taxonomy":"post_tag","embeddable":true,"href":"https:\/\/www.zerdab.com\/index.php?rest_route=%2Fwp%2Fv2%2Ftags&post=13541"}],"curies":[{"name":"wp","href":"https:\/\/api.w.org\/{rel}","templated":true}]}}