{"id":13619,"date":"2013-12-01T20:20:55","date_gmt":"2013-12-01T16:20:55","guid":{"rendered":"http:\/\/www.zerdab.com\/?p=13619"},"modified":"2013-12-01T20:24:21","modified_gmt":"2013-12-01T16:24:21","slug":"rusiya-s%c9%99firliyinin-numay%c9%99nd%c9%99-hey%c9%99ti-z%c9%99rdaba-g%c9%99ldi-foto","status":"publish","type":"post","link":"https:\/\/www.zerdab.com\/?p=13619","title":{"rendered":"Rusiya s\u0259firliyinin n\u00fcmay\u0259nd\u0259 hey\u0259ti Z\u0259rdab rayonuna g\u0259ldi-Foto"},"content":{"rendered":"<p><a href=\"http:\/\/www.zerdab.com\/wp-content\/uploads\/2013\/12\/Muradal\u0131-Heyd\u0259rov.jpg\"><img loading=\"lazy\" decoding=\"async\" class=\"aligncenter size-full wp-image-13620\" alt=\"Muradal\u0131 Heyd\u0259rov\" src=\"http:\/\/www.zerdab.com\/wp-content\/uploads\/2013\/12\/Muradal\u0131-Heyd\u0259rov.jpg\" width=\"460\" height=\"315\" \/><\/a>H\u0259rbi atta\u015fe, polkovnik Vladimir \u00c7ernenko ba\u015fda olmaqla Rusiyan\u0131n Az\u0259rbaycandak\u0131 s\u0259firliyinin n\u00fcmay\u0259nd\u0259 hey\u0259ti B\u00f6y\u00fck V\u0259t\u0259n m\u00fcharib\u0259si veteran\u0131, tam \u015e\u00f6hr\u0259t Ordeni kavaleri Murad\u0259li \u015e\u0259bah\u0259t o\u011flu Heyd\u0259rovla g\u00f6r\u00fc\u015fm\u0259k \u00fc\u00e7\u00fcn Z\u0259rdab rayonunda olublar. Zerdab.com sayt\u0131 bu bar\u0259d\u0259 Rusiya s\u0259firliyin\u0259 istinad\u0259n m\u0259lumat yay\u0131b.<\/p>\n<p>M\u0259lumat \u00fc\u00e7\u00fcn bildir\u0259k ki, Muradal\u0131 Heyd\u0259rov 1922-ci ild\u0259 Z\u0259rdab rayonunun M\u0259mm\u0259dqas\u0131ml\u0131 k\u0259ndind\u0259 d\u00fcnyaya g\u0259lib. 1942-ci ild\u0259 416-c\u0131 at\u0131c\u0131 diviziyan\u0131n hey\u0259tind\u0259 c\u0259bh\u0259y\u0259 \u00e7a\u011f\u0131r\u0131l\u0131b. B\u00f6y\u00fck V\u0259t\u0259n m\u00fcharib\u0259si ill\u0259rind\u0259 g\u00f6st\u0259rdiyi \u015f\u00fcca\u0259tl\u0259r\u0259 g\u00f6r\u0259 \u015e\u00f6hr\u0259t Ordeninin \u00fc\u00e7 d\u0259r\u0259c\u0259si il\u0259 t\u0259ltif edilib. Bu, Sovet \u0130ttifaq\u0131 Q\u0259hr\u0259man\u0131 ad\u0131na b\u0259rab\u0259r tutulur.<\/p>\n<p>M. Heyd\u0259rov haz\u0131rda Az\u0259rbaycanda sa\u011f-salamat olan yegan\u0259 tam \u015e\u00f6hr\u0259t Ordeni kavaleridir. Ordudan t\u0259rxis edil\u0259nd\u0259n sonra do\u011fma k\u0259ndin\u0259 qay\u0131dan Muradal\u0131 Heyd\u0259rov indi d\u0259 orada ya\u015fay\u0131r.<br \/>\nVeteranla g\u00f6r\u00fc\u015f Z\u0259rdab Rayon \u0130cra Hakimiyy\u0259tinin binas\u0131nda ke\u00e7irilib. Polkovnik Vladimir \u00c7ernenko giri\u015f s\u00f6z\u00fcnd\u0259 fa\u015fist Almaniyas\u0131 \u00fcz\u0259rind\u0259 Q\u0259l\u0259b\u0259nin tarixi \u0259h\u0259miyy\u0259tini vur\u011fulayaraq qeyd edib ki, bu Q\u0259l\u0259b\u0259 Sovet \u0130ttifaq\u0131n\u0131n b\u00fct\u00fcn xalqlar\u0131n\u0131n s\u0131x birliyi say\u0259sind\u0259 m\u00fcmk\u00fcn olub.<br \/>\nV. \u00c7ernenko B\u00f6y\u00fck V\u0259t\u0259n m\u00fcharib\u0259si ill\u0259rind\u0259 Az\u0259rbaycan\u0131n \u00f6n v\u0259 arxa c\u0259bh\u0259y\u0259 b\u00f6y\u00fck t\u00f6hf\u0259l\u0259r verdiyini vur\u011fulayaraq, bu m\u00fcharib\u0259d\u0259 g\u00f6st\u0259rdikl\u0259ri igidliy\u0259 g\u00f6r\u0259 Az\u0259rbaycan\u0131n m\u00fcharib\u0259 veteranlar\u0131na v\u0259 \u015f\u0259xs\u0259n M. Heyd\u0259rova d\u0259rin t\u0259\u015f\u0259kk\u00fcr\u00fcn\u00fc bildirib.<br \/>\nRayon icra hakimiyy\u0259tinin ba\u015f\u00e7\u0131s\u0131 L\u00fctf\u0259li Babayev veteranlar\u0131n d\u0259st\u0259kl\u0259nm\u0259si, B\u00f6y\u00fck V\u0259t\u0259n m\u00fcharib\u0259si q\u0259hr\u0259manlar\u0131n\u0131n xatir\u0259sinin \u0259b\u0259dil\u0259\u015fdirilm\u0259si istiqam\u0259tind\u0259 rayonda v\u0259 b\u00fct\u00fcn \u00f6lk\u0259d\u0259 h\u0259yata ke\u00e7iril\u0259n f\u0259aliyy\u0259t bar\u0259d\u0259 m\u0259lumat verib, g\u0259ncl\u0259rin v\u0259t\u0259np\u0259rv\u0259rlik v\u0259 beyn\u0259lmil\u0259l\u00e7ilik t\u0259rbiy\u0259si i\u015find\u0259 Muradal\u0131 Heyd\u0259rovun f\u0259al i\u015ftirak\u0131n\u0131 qeyd edib.<br \/>\nS\u0259firliyin n\u00fcmay\u0259nd\u0259l\u0259ri Muradal\u0131 Heyd\u0259rova maddi yard\u0131m g\u00f6st\u0259rib, Rusiya Federasiyas\u0131 M\u00fcdafi\u0259 Nazirliyi ad\u0131ndan ona xatir\u0259 h\u0259diyy\u0259l\u0259ri t\u0259qdim edibl\u0259r.<br \/>\nN\u00fcmay\u0259nd\u0259 hey\u0259tinin \u00fczvl\u0259ri, rayon r\u0259hb\u0259rliyi, Az\u0259rbaycan Respublikas\u0131 Veteranlar \u015euras\u0131n\u0131n n\u00fcmay\u0259nd\u0259l\u0259ri v\u0259 dig\u0259r r\u0259smi \u015f\u0259xsl\u0259r B\u00f6y\u00fck V\u0259t\u0259n m\u00fcharib\u0259sind\u0259 h\u0259lak olmu\u015f q\u0259hr\u0259manlar\u0131n xatir\u0259 kompleksi \u00f6n\u00fcn\u0259 g\u00fcl d\u0259st\u0259l\u0259ri qoyublar.<\/p>\n","protected":false},"excerpt":{"rendered":"<p>H\u0259rbi atta\u015fe, polkovnik Vladimir \u00c7ernenko ba\u015fda olmaqla Rusiyan\u0131n Az\u0259rbaycandak\u0131 s\u0259firliyinin n\u00fcmay\u0259nd\u0259 hey\u0259ti B\u00f6y\u00fck V\u0259t\u0259n m\u00fcharib\u0259si veteran\u0131, tam \u015e\u00f6hr\u0259t Ordeni kavaleri Murad\u0259li \u015e\u0259bah\u0259t o\u011flu Heyd\u0259rovla g\u00f6r\u00fc\u015fm\u0259k \u00fc\u00e7\u00fcn Z\u0259rdab rayonunda olublar. Zerdab.com sayt\u0131 bu bar\u0259d\u0259 Rusiya s\u0259firliyin\u0259 istinad\u0259n m\u0259lumat yay\u0131b. M\u0259lumat \u00fc\u00e7\u00fcn bildir\u0259k ki, Muradal\u0131 Heyd\u0259rov 1922-ci ild\u0259 Z\u0259rdab rayonunun M\u0259mm\u0259dqas\u0131ml\u0131 k\u0259ndind\u0259 d\u00fcnyaya g\u0259lib. 1942-ci ild\u0259 416-c\u0131 [&hellip;]<\/p>\n","protected":false},"author":1,"featured_media":0,"comment_status":"open","ping_status":"open","sticky":false,"template":"","format":"standard","meta":{"footnotes":""},"categories":[7],"tags":[],"class_list":{"0":"post-13619","1":"post","2":"type-post","3":"status-publish","4":"format-standard","6":"category-ziyalilar"},"yoast_head":"<!-- This site is optimized with the Yoast SEO plugin v27.0 - https:\/\/yoast.com\/product\/yoast-seo-wordpress\/ -->\n<title>Rusiya s\u0259firliyinin n\u00fcmay\u0259nd\u0259 hey\u0259ti Z\u0259rdab rayonuna g\u0259ldi-Foto - Z\u0259rdab.com<\/title>\n<meta name=\"robots\" content=\"index, follow, max-snippet:-1, max-image-preview:large, max-video-preview:-1\" \/>\n<link rel=\"canonical\" href=\"https:\/\/www.zerdab.com\/?p=13619\" \/>\n<meta property=\"og:locale\" content=\"az_AZ\" \/>\n<meta property=\"og:type\" content=\"article\" \/>\n<meta property=\"og:title\" content=\"Rusiya s\u0259firliyinin n\u00fcmay\u0259nd\u0259 hey\u0259ti Z\u0259rdab rayonuna g\u0259ldi-Foto - Z\u0259rdab.com\" \/>\n<meta property=\"og:description\" content=\"H\u0259rbi atta\u015fe, polkovnik Vladimir \u00c7ernenko ba\u015fda olmaqla Rusiyan\u0131n Az\u0259rbaycandak\u0131 s\u0259firliyinin n\u00fcmay\u0259nd\u0259 hey\u0259ti B\u00f6y\u00fck V\u0259t\u0259n m\u00fcharib\u0259si veteran\u0131, tam \u015e\u00f6hr\u0259t Ordeni kavaleri Murad\u0259li \u015e\u0259bah\u0259t o\u011flu Heyd\u0259rovla g\u00f6r\u00fc\u015fm\u0259k \u00fc\u00e7\u00fcn Z\u0259rdab rayonunda olublar. Zerdab.com sayt\u0131 bu bar\u0259d\u0259 Rusiya s\u0259firliyin\u0259 istinad\u0259n m\u0259lumat yay\u0131b. M\u0259lumat \u00fc\u00e7\u00fcn bildir\u0259k ki, Muradal\u0131 Heyd\u0259rov 1922-ci ild\u0259 Z\u0259rdab rayonunun M\u0259mm\u0259dqas\u0131ml\u0131 k\u0259ndind\u0259 d\u00fcnyaya g\u0259lib. 1942-ci ild\u0259 416-c\u0131 [&hellip;]\" \/>\n<meta property=\"og:url\" content=\"https:\/\/www.zerdab.com\/?p=13619\" \/>\n<meta property=\"og:site_name\" content=\"Z\u0259rdab.com\" \/>\n<meta property=\"article:published_time\" content=\"2013-12-01T16:20:55+00:00\" \/>\n<meta property=\"article:modified_time\" content=\"2013-12-01T16:24:21+00:00\" \/>\n<meta name=\"author\" content=\"admin\" \/>\n<meta name=\"twitter:card\" content=\"summary_large_image\" \/>\n<meta name=\"twitter:label1\" content=\"Written by\" \/>\n\t<meta name=\"twitter:data1\" content=\"admin\" \/>\n\t<meta name=\"twitter:label2\" content=\"Est. reading time\" \/>\n\t<meta name=\"twitter:data2\" content=\"2 minutes\" \/>\n<script type=\"application\/ld+json\" class=\"yoast-schema-graph\">{\"@context\":\"https:\/\/schema.org\",\"@graph\":[{\"@type\":\"Article\",\"@id\":\"https:\/\/www.zerdab.com\/?p=13619#article\",\"isPartOf\":{\"@id\":\"https:\/\/www.zerdab.com\/?p=13619\"},\"author\":{\"name\":\"admin\",\"@id\":\"https:\/\/www.zerdab.com\/#\/schema\/person\/97079b7570c1e89ec0d9e138c3672136\"},\"headline\":\"Rusiya s\u0259firliyinin n\u00fcmay\u0259nd\u0259 hey\u0259ti Z\u0259rdab rayonuna g\u0259ldi-Foto\",\"datePublished\":\"2013-12-01T16:20:55+00:00\",\"dateModified\":\"2013-12-01T16:24:21+00:00\",\"mainEntityOfPage\":{\"@id\":\"https:\/\/www.zerdab.com\/?p=13619\"},\"wordCount\":502,\"commentCount\":0,\"articleSection\":[\"F\u018fXRL\u018fR\u0130M\u0130Z\"],\"inLanguage\":\"az\",\"potentialAction\":[{\"@type\":\"CommentAction\",\"name\":\"Comment\",\"target\":[\"https:\/\/www.zerdab.com\/?p=13619#respond\"]}]},{\"@type\":\"WebPage\",\"@id\":\"https:\/\/www.zerdab.com\/?p=13619\",\"url\":\"https:\/\/www.zerdab.com\/?p=13619\",\"name\":\"Rusiya s\u0259firliyinin n\u00fcmay\u0259nd\u0259 hey\u0259ti Z\u0259rdab rayonuna g\u0259ldi-Foto - Z\u0259rdab.com\",\"isPartOf\":{\"@id\":\"https:\/\/www.zerdab.com\/#website\"},\"datePublished\":\"2013-12-01T16:20:55+00:00\",\"dateModified\":\"2013-12-01T16:24:21+00:00\",\"author\":{\"@id\":\"https:\/\/www.zerdab.com\/#\/schema\/person\/97079b7570c1e89ec0d9e138c3672136\"},\"breadcrumb\":{\"@id\":\"https:\/\/www.zerdab.com\/?p=13619#breadcrumb\"},\"inLanguage\":\"az\",\"potentialAction\":[{\"@type\":\"ReadAction\",\"target\":[\"https:\/\/www.zerdab.com\/?p=13619\"]}]},{\"@type\":\"BreadcrumbList\",\"@id\":\"https:\/\/www.zerdab.com\/?p=13619#breadcrumb\",\"itemListElement\":[{\"@type\":\"ListItem\",\"position\":1,\"name\":\"Home\",\"item\":\"https:\/\/www.zerdab.com\/\"},{\"@type\":\"ListItem\",\"position\":2,\"name\":\"Rusiya s\u0259firliyinin n\u00fcmay\u0259nd\u0259 hey\u0259ti Z\u0259rdab rayonuna g\u0259ldi-Foto\"}]},{\"@type\":\"WebSite\",\"@id\":\"https:\/\/www.zerdab.com\/#website\",\"url\":\"https:\/\/www.zerdab.com\/\",\"name\":\"Z\u0259rdab.com\",\"description\":\"\",\"potentialAction\":[{\"@type\":\"SearchAction\",\"target\":{\"@type\":\"EntryPoint\",\"urlTemplate\":\"https:\/\/www.zerdab.com\/?s={search_term_string}\"},\"query-input\":{\"@type\":\"PropertyValueSpecification\",\"valueRequired\":true,\"valueName\":\"search_term_string\"}}],\"inLanguage\":\"az\"},{\"@type\":\"Person\",\"@id\":\"https:\/\/www.zerdab.com\/#\/schema\/person\/97079b7570c1e89ec0d9e138c3672136\",\"name\":\"admin\",\"image\":{\"@type\":\"ImageObject\",\"inLanguage\":\"az\",\"@id\":\"https:\/\/www.zerdab.com\/#\/schema\/person\/image\/\",\"url\":\"https:\/\/secure.gravatar.com\/avatar\/d9c52a9a27c32119cb6679a077fa3e2779e5f822c451cbf01098004361d466ec?s=96&d=mm&r=g\",\"contentUrl\":\"https:\/\/secure.gravatar.com\/avatar\/d9c52a9a27c32119cb6679a077fa3e2779e5f822c451cbf01098004361d466ec?s=96&d=mm&r=g\",\"caption\":\"admin\"},\"url\":\"https:\/\/www.zerdab.com\/?author=1\"}]}<\/script>\n<!-- \/ Yoast SEO plugin. -->","yoast_head_json":{"title":"Rusiya s\u0259firliyinin n\u00fcmay\u0259nd\u0259 hey\u0259ti Z\u0259rdab rayonuna g\u0259ldi-Foto - Z\u0259rdab.com","robots":{"index":"index","follow":"follow","max-snippet":"max-snippet:-1","max-image-preview":"max-image-preview:large","max-video-preview":"max-video-preview:-1"},"canonical":"https:\/\/www.zerdab.com\/?p=13619","og_locale":"az_AZ","og_type":"article","og_title":"Rusiya s\u0259firliyinin n\u00fcmay\u0259nd\u0259 hey\u0259ti Z\u0259rdab rayonuna g\u0259ldi-Foto - Z\u0259rdab.com","og_description":"H\u0259rbi atta\u015fe, polkovnik Vladimir \u00c7ernenko ba\u015fda olmaqla Rusiyan\u0131n Az\u0259rbaycandak\u0131 s\u0259firliyinin n\u00fcmay\u0259nd\u0259 hey\u0259ti B\u00f6y\u00fck V\u0259t\u0259n m\u00fcharib\u0259si veteran\u0131, tam \u015e\u00f6hr\u0259t Ordeni kavaleri Murad\u0259li \u015e\u0259bah\u0259t o\u011flu Heyd\u0259rovla g\u00f6r\u00fc\u015fm\u0259k \u00fc\u00e7\u00fcn Z\u0259rdab rayonunda olublar. Zerdab.com sayt\u0131 bu bar\u0259d\u0259 Rusiya s\u0259firliyin\u0259 istinad\u0259n m\u0259lumat yay\u0131b. M\u0259lumat \u00fc\u00e7\u00fcn bildir\u0259k ki, Muradal\u0131 Heyd\u0259rov 1922-ci ild\u0259 Z\u0259rdab rayonunun M\u0259mm\u0259dqas\u0131ml\u0131 k\u0259ndind\u0259 d\u00fcnyaya g\u0259lib. 1942-ci ild\u0259 416-c\u0131 [&hellip;]","og_url":"https:\/\/www.zerdab.com\/?p=13619","og_site_name":"Z\u0259rdab.com","article_published_time":"2013-12-01T16:20:55+00:00","article_modified_time":"2013-12-01T16:24:21+00:00","author":"admin","twitter_card":"summary_large_image","twitter_misc":{"Written by":"admin","Est. reading time":"2 minutes"},"schema":{"@context":"https:\/\/schema.org","@graph":[{"@type":"Article","@id":"https:\/\/www.zerdab.com\/?p=13619#article","isPartOf":{"@id":"https:\/\/www.zerdab.com\/?p=13619"},"author":{"name":"admin","@id":"https:\/\/www.zerdab.com\/#\/schema\/person\/97079b7570c1e89ec0d9e138c3672136"},"headline":"Rusiya s\u0259firliyinin n\u00fcmay\u0259nd\u0259 hey\u0259ti Z\u0259rdab rayonuna g\u0259ldi-Foto","datePublished":"2013-12-01T16:20:55+00:00","dateModified":"2013-12-01T16:24:21+00:00","mainEntityOfPage":{"@id":"https:\/\/www.zerdab.com\/?p=13619"},"wordCount":502,"commentCount":0,"articleSection":["F\u018fXRL\u018fR\u0130M\u0130Z"],"inLanguage":"az","potentialAction":[{"@type":"CommentAction","name":"Comment","target":["https:\/\/www.zerdab.com\/?p=13619#respond"]}]},{"@type":"WebPage","@id":"https:\/\/www.zerdab.com\/?p=13619","url":"https:\/\/www.zerdab.com\/?p=13619","name":"Rusiya s\u0259firliyinin n\u00fcmay\u0259nd\u0259 hey\u0259ti Z\u0259rdab rayonuna g\u0259ldi-Foto - Z\u0259rdab.com","isPartOf":{"@id":"https:\/\/www.zerdab.com\/#website"},"datePublished":"2013-12-01T16:20:55+00:00","dateModified":"2013-12-01T16:24:21+00:00","author":{"@id":"https:\/\/www.zerdab.com\/#\/schema\/person\/97079b7570c1e89ec0d9e138c3672136"},"breadcrumb":{"@id":"https:\/\/www.zerdab.com\/?p=13619#breadcrumb"},"inLanguage":"az","potentialAction":[{"@type":"ReadAction","target":["https:\/\/www.zerdab.com\/?p=13619"]}]},{"@type":"BreadcrumbList","@id":"https:\/\/www.zerdab.com\/?p=13619#breadcrumb","itemListElement":[{"@type":"ListItem","position":1,"name":"Home","item":"https:\/\/www.zerdab.com\/"},{"@type":"ListItem","position":2,"name":"Rusiya s\u0259firliyinin n\u00fcmay\u0259nd\u0259 hey\u0259ti Z\u0259rdab rayonuna g\u0259ldi-Foto"}]},{"@type":"WebSite","@id":"https:\/\/www.zerdab.com\/#website","url":"https:\/\/www.zerdab.com\/","name":"Z\u0259rdab.com","description":"","potentialAction":[{"@type":"SearchAction","target":{"@type":"EntryPoint","urlTemplate":"https:\/\/www.zerdab.com\/?s={search_term_string}"},"query-input":{"@type":"PropertyValueSpecification","valueRequired":true,"valueName":"search_term_string"}}],"inLanguage":"az"},{"@type":"Person","@id":"https:\/\/www.zerdab.com\/#\/schema\/person\/97079b7570c1e89ec0d9e138c3672136","name":"admin","image":{"@type":"ImageObject","inLanguage":"az","@id":"https:\/\/www.zerdab.com\/#\/schema\/person\/image\/","url":"https:\/\/secure.gravatar.com\/avatar\/d9c52a9a27c32119cb6679a077fa3e2779e5f822c451cbf01098004361d466ec?s=96&d=mm&r=g","contentUrl":"https:\/\/secure.gravatar.com\/avatar\/d9c52a9a27c32119cb6679a077fa3e2779e5f822c451cbf01098004361d466ec?s=96&d=mm&r=g","caption":"admin"},"url":"https:\/\/www.zerdab.com\/?author=1"}]}},"_links":{"self":[{"href":"https:\/\/www.zerdab.com\/index.php?rest_route=\/wp\/v2\/posts\/13619","targetHints":{"allow":["GET"]}}],"collection":[{"href":"https:\/\/www.zerdab.com\/index.php?rest_route=\/wp\/v2\/posts"}],"about":[{"href":"https:\/\/www.zerdab.com\/index.php?rest_route=\/wp\/v2\/types\/post"}],"author":[{"embeddable":true,"href":"https:\/\/www.zerdab.com\/index.php?rest_route=\/wp\/v2\/users\/1"}],"replies":[{"embeddable":true,"href":"https:\/\/www.zerdab.com\/index.php?rest_route=%2Fwp%2Fv2%2Fcomments&post=13619"}],"version-history":[{"count":3,"href":"https:\/\/www.zerdab.com\/index.php?rest_route=\/wp\/v2\/posts\/13619\/revisions"}],"predecessor-version":[{"id":13623,"href":"https:\/\/www.zerdab.com\/index.php?rest_route=\/wp\/v2\/posts\/13619\/revisions\/13623"}],"wp:attachment":[{"href":"https:\/\/www.zerdab.com\/index.php?rest_route=%2Fwp%2Fv2%2Fmedia&parent=13619"}],"wp:term":[{"taxonomy":"category","embeddable":true,"href":"https:\/\/www.zerdab.com\/index.php?rest_route=%2Fwp%2Fv2%2Fcategories&post=13619"},{"taxonomy":"post_tag","embeddable":true,"href":"https:\/\/www.zerdab.com\/index.php?rest_route=%2Fwp%2Fv2%2Ftags&post=13619"}],"curies":[{"name":"wp","href":"https:\/\/api.w.org\/{rel}","templated":true}]}}