{"id":13714,"date":"2013-12-10T17:43:14","date_gmt":"2013-12-10T13:43:14","guid":{"rendered":"http:\/\/www.zerdab.com\/?p=13714"},"modified":"2013-12-10T17:43:14","modified_gmt":"2013-12-10T13:43:14","slug":"z%c9%99rdabda-umummilli-lider-heyd%c9%99r-%c9%99liyev-anildi-fotolar","status":"publish","type":"post","link":"https:\/\/www.zerdab.com\/?p=13714","title":{"rendered":"Z\u0259rdabda \u00fcmummilli lider Heyd\u0259r \u018fliyev an\u0131ld\u0131 &#8211; Fotolar"},"content":{"rendered":"<p style=\"text-align: justify;\" align=\"center\"><span style=\"font-size: 13px; line-height: 19px;\"><a href=\"http:\/\/www.zerdab.com\/wp-content\/uploads\/2013\/12\/Zerdab-anim6.jpg\"><img loading=\"lazy\" decoding=\"async\" class=\"aligncenter size-large wp-image-13715\" alt=\"\u00dcmummilli lider Heyd\u0259r \u018fliyevin an\u0131m g\u00fcn\u00fc \" src=\"http:\/\/www.zerdab.com\/wp-content\/uploads\/2013\/12\/Zerdab-anim6-550x365.jpg\" width=\"550\" height=\"365\" \/><\/a>9-10 dekabr 2013-c\u00fc il tarixl\u0259rd\u0259 Z\u0259rdab rayonunda \u00dcmummilli lider Heyd\u0259r \u018fliyevin an\u0131m g\u00fcn\u00fc m\u00fcnasib\u0259til\u0259 ulu \u00f6nd\u0259rin abid\u0259si \u00f6n\u00fcnd\u0259 u\u015faq ba\u011f\u00e7alar\u0131n\u0131n i\u015ftirak\u0131 il\u0259 an\u0131m m\u0259rasiml\u0259ri ke\u00e7irilib.\u00a0<\/span>U\u015faqlar \u0259vv\u0259lc\u0259 \u00fcmummilli liderin ad\u0131n\u0131 da\u015f\u0131yan parkda yerl\u0259\u015f\u0259n Heyd\u0259r \u018fliyevin abid\u0259sinin \u00f6n\u00fcn\u0259 g\u00fcl d\u0259st\u0259l\u0259ri qoyublar. Daha sonra Heyd\u0259r \u018fliyev\u00a0 M\u0259rk\u0259zind\u0259 Ulu \u00d6nd\u0259rin h\u0259yat v\u0259 f\u0259aliyy\u0259tini \u0259ks etdir\u0259n stendl\u0259r\u0259 v\u0259 video-lent\u0259 \u00a0bax\u0131blar.<\/p>\n<p style=\"text-align: justify;\">\u00a0<b>Z\u0259rdab R\u0130HBA-n\u0131n informasiya t\u0259minat\u0131 v\u0259 t\u0259hlil sektoru<\/b><\/p>\n<p style=\"text-align: justify;\"><a href=\"http:\/\/www.zerdab.com\/wp-content\/uploads\/2013\/12\/Zerdab-anim5.jpg\"><img loading=\"lazy\" decoding=\"async\" class=\"aligncenter size-large wp-image-13716\" alt=\"\u00dcmummilli lider Heyd\u0259r \u018fliyevin an\u0131m g\u00fcn\u00fc \" src=\"http:\/\/www.zerdab.com\/wp-content\/uploads\/2013\/12\/Zerdab-anim5-550x365.jpg\" width=\"550\" height=\"365\" \/><a href=\"http:\/\/www.zerdab.com\/wp-content\/uploads\/2013\/12\/Zerdab-anim.jpg\"><img loading=\"lazy\" decoding=\"async\" class=\"aligncenter size-large wp-image-13717\" alt=\"\u00dcmummilli lider Heyd\u0259r \u018fliyevin an\u0131m g\u00fcn\u00fc \" src=\"http:\/\/www.zerdab.com\/wp-content\/uploads\/2013\/12\/Zerdab-anim-412x550.jpg\" width=\"412\" height=\"550\" \/><\/a><a href=\"http:\/\/www.zerdab.com\/wp-content\/uploads\/2013\/12\/Zerdab-anim1.jpg\"><img loading=\"lazy\" decoding=\"async\" class=\"aligncenter size-large wp-image-13718\" alt=\"\u00dcmummilli lider Heyd\u0259r \u018fliyevin an\u0131m g\u00fcn\u00fc \" src=\"http:\/\/www.zerdab.com\/wp-content\/uploads\/2013\/12\/Zerdab-anim1-412x550.jpg\" width=\"412\" height=\"550\" \/><\/a><a href=\"http:\/\/www.zerdab.com\/wp-content\/uploads\/2013\/12\/Zerdab-anim2.jpg\"><img loading=\"lazy\" decoding=\"async\" class=\"aligncenter size-large wp-image-13719\" alt=\"\u00dcmummilli lider Heyd\u0259r \u018fliyevin an\u0131m g\u00fcn\u00fc \" src=\"http:\/\/www.zerdab.com\/wp-content\/uploads\/2013\/12\/Zerdab-anim2-550x365.jpg\" width=\"550\" height=\"365\" \/><\/a><a href=\"http:\/\/www.zerdab.com\/wp-content\/uploads\/2013\/12\/Zerdab-anim3.jpg\"><img loading=\"lazy\" decoding=\"async\" class=\"aligncenter size-large wp-image-13720\" alt=\"\u00dcmummilli lider Heyd\u0259r \u018fliyevin an\u0131m g\u00fcn\u00fc \" src=\"http:\/\/www.zerdab.com\/wp-content\/uploads\/2013\/12\/Zerdab-anim3-550x365.jpg\" width=\"550\" height=\"365\" \/><\/a><a href=\"http:\/\/www.zerdab.com\/wp-content\/uploads\/2013\/12\/Zerdab-anim4.jpg\"><img loading=\"lazy\" decoding=\"async\" class=\"aligncenter size-large wp-image-13721\" alt=\"\u00dcmummilli lider Heyd\u0259r \u018fliyevin an\u0131m g\u00fcn\u00fc \" src=\"http:\/\/www.zerdab.com\/wp-content\/uploads\/2013\/12\/Zerdab-anim4-550x365.jpg\" width=\"550\" height=\"365\" \/><\/a><\/a><\/p>\n","protected":false},"excerpt":{"rendered":"<p>9-10 dekabr 2013-c\u00fc il tarixl\u0259rd\u0259 Z\u0259rdab rayonunda \u00dcmummilli lider Heyd\u0259r \u018fliyevin an\u0131m g\u00fcn\u00fc m\u00fcnasib\u0259til\u0259 ulu \u00f6nd\u0259rin abid\u0259si \u00f6n\u00fcnd\u0259 u\u015faq ba\u011f\u00e7alar\u0131n\u0131n i\u015ftirak\u0131 il\u0259 an\u0131m m\u0259rasiml\u0259ri ke\u00e7irilib.\u00a0U\u015faqlar \u0259vv\u0259lc\u0259 \u00fcmummilli liderin ad\u0131n\u0131 da\u015f\u0131yan parkda yerl\u0259\u015f\u0259n Heyd\u0259r \u018fliyevin abid\u0259sinin \u00f6n\u00fcn\u0259 g\u00fcl d\u0259st\u0259l\u0259ri qoyublar. Daha sonra Heyd\u0259r \u018fliyev\u00a0 M\u0259rk\u0259zind\u0259 Ulu \u00d6nd\u0259rin h\u0259yat v\u0259 f\u0259aliyy\u0259tini \u0259ks etdir\u0259n stendl\u0259r\u0259 v\u0259 video-lent\u0259 \u00a0bax\u0131blar. [&hellip;]<\/p>\n","protected":false},"author":1,"featured_media":0,"comment_status":"open","ping_status":"open","sticky":false,"template":"","format":"standard","meta":{"footnotes":""},"categories":[5],"tags":[],"class_list":{"0":"post-13714","1":"post","2":"type-post","3":"status-publish","4":"format-standard","6":"category-knd"},"yoast_head":"<!-- This site is optimized with the Yoast SEO plugin v27.0 - https:\/\/yoast.com\/product\/yoast-seo-wordpress\/ -->\n<title>Z\u0259rdabda \u00fcmummilli lider Heyd\u0259r \u018fliyev an\u0131ld\u0131 - Fotolar - Z\u0259rdab.com<\/title>\n<meta name=\"robots\" content=\"index, follow, max-snippet:-1, max-image-preview:large, max-video-preview:-1\" \/>\n<link rel=\"canonical\" href=\"https:\/\/www.zerdab.com\/?p=13714\" \/>\n<meta property=\"og:locale\" content=\"az_AZ\" \/>\n<meta property=\"og:type\" content=\"article\" \/>\n<meta property=\"og:title\" content=\"Z\u0259rdabda \u00fcmummilli lider Heyd\u0259r \u018fliyev an\u0131ld\u0131 - Fotolar - Z\u0259rdab.com\" \/>\n<meta property=\"og:description\" content=\"9-10 dekabr 2013-c\u00fc il tarixl\u0259rd\u0259 Z\u0259rdab rayonunda \u00dcmummilli lider Heyd\u0259r \u018fliyevin an\u0131m g\u00fcn\u00fc m\u00fcnasib\u0259til\u0259 ulu \u00f6nd\u0259rin abid\u0259si \u00f6n\u00fcnd\u0259 u\u015faq ba\u011f\u00e7alar\u0131n\u0131n i\u015ftirak\u0131 il\u0259 an\u0131m m\u0259rasiml\u0259ri ke\u00e7irilib.\u00a0U\u015faqlar \u0259vv\u0259lc\u0259 \u00fcmummilli liderin ad\u0131n\u0131 da\u015f\u0131yan parkda yerl\u0259\u015f\u0259n Heyd\u0259r \u018fliyevin abid\u0259sinin \u00f6n\u00fcn\u0259 g\u00fcl d\u0259st\u0259l\u0259ri qoyublar. Daha sonra Heyd\u0259r \u018fliyev\u00a0 M\u0259rk\u0259zind\u0259 Ulu \u00d6nd\u0259rin h\u0259yat v\u0259 f\u0259aliyy\u0259tini \u0259ks etdir\u0259n stendl\u0259r\u0259 v\u0259 video-lent\u0259 \u00a0bax\u0131blar. [&hellip;]\" \/>\n<meta property=\"og:url\" content=\"https:\/\/www.zerdab.com\/?p=13714\" \/>\n<meta property=\"og:site_name\" content=\"Z\u0259rdab.com\" \/>\n<meta property=\"article:published_time\" content=\"2013-12-10T13:43:14+00:00\" \/>\n<meta property=\"og:image\" content=\"http:\/\/www.zerdab.com\/wp-content\/uploads\/2013\/12\/Zerdab-anim6-550x365.jpg\" \/>\n<meta name=\"author\" content=\"admin\" \/>\n<meta name=\"twitter:card\" content=\"summary_large_image\" \/>\n<meta name=\"twitter:label1\" content=\"Written by\" \/>\n\t<meta name=\"twitter:data1\" content=\"admin\" \/>\n\t<meta name=\"twitter:label2\" content=\"Est. reading time\" \/>\n\t<meta name=\"twitter:data2\" content=\"1 minute\" \/>\n<script type=\"application\/ld+json\" class=\"yoast-schema-graph\">{\"@context\":\"https:\/\/schema.org\",\"@graph\":[{\"@type\":\"Article\",\"@id\":\"https:\/\/www.zerdab.com\/?p=13714#article\",\"isPartOf\":{\"@id\":\"https:\/\/www.zerdab.com\/?p=13714\"},\"author\":{\"name\":\"admin\",\"@id\":\"https:\/\/www.zerdab.com\/#\/schema\/person\/97079b7570c1e89ec0d9e138c3672136\"},\"headline\":\"Z\u0259rdabda \u00fcmummilli lider Heyd\u0259r \u018fliyev an\u0131ld\u0131 &#8211; Fotolar\",\"datePublished\":\"2013-12-10T13:43:14+00:00\",\"mainEntityOfPage\":{\"@id\":\"https:\/\/www.zerdab.com\/?p=13714\"},\"wordCount\":120,\"commentCount\":1,\"image\":{\"@id\":\"https:\/\/www.zerdab.com\/?p=13714#primaryimage\"},\"thumbnailUrl\":\"http:\/\/www.zerdab.com\/wp-content\/uploads\/2013\/12\/Zerdab-anim6-550x365.jpg\",\"articleSection\":[\"X\u018fB\u018fRL\u018fR\"],\"inLanguage\":\"az\",\"potentialAction\":[{\"@type\":\"CommentAction\",\"name\":\"Comment\",\"target\":[\"https:\/\/www.zerdab.com\/?p=13714#respond\"]}]},{\"@type\":\"WebPage\",\"@id\":\"https:\/\/www.zerdab.com\/?p=13714\",\"url\":\"https:\/\/www.zerdab.com\/?p=13714\",\"name\":\"Z\u0259rdabda \u00fcmummilli lider Heyd\u0259r \u018fliyev an\u0131ld\u0131 - Fotolar - Z\u0259rdab.com\",\"isPartOf\":{\"@id\":\"https:\/\/www.zerdab.com\/#website\"},\"primaryImageOfPage\":{\"@id\":\"https:\/\/www.zerdab.com\/?p=13714#primaryimage\"},\"image\":{\"@id\":\"https:\/\/www.zerdab.com\/?p=13714#primaryimage\"},\"thumbnailUrl\":\"http:\/\/www.zerdab.com\/wp-content\/uploads\/2013\/12\/Zerdab-anim6-550x365.jpg\",\"datePublished\":\"2013-12-10T13:43:14+00:00\",\"author\":{\"@id\":\"https:\/\/www.zerdab.com\/#\/schema\/person\/97079b7570c1e89ec0d9e138c3672136\"},\"breadcrumb\":{\"@id\":\"https:\/\/www.zerdab.com\/?p=13714#breadcrumb\"},\"inLanguage\":\"az\",\"potentialAction\":[{\"@type\":\"ReadAction\",\"target\":[\"https:\/\/www.zerdab.com\/?p=13714\"]}]},{\"@type\":\"ImageObject\",\"inLanguage\":\"az\",\"@id\":\"https:\/\/www.zerdab.com\/?p=13714#primaryimage\",\"url\":\"\",\"contentUrl\":\"\"},{\"@type\":\"BreadcrumbList\",\"@id\":\"https:\/\/www.zerdab.com\/?p=13714#breadcrumb\",\"itemListElement\":[{\"@type\":\"ListItem\",\"position\":1,\"name\":\"Home\",\"item\":\"https:\/\/www.zerdab.com\/\"},{\"@type\":\"ListItem\",\"position\":2,\"name\":\"Z\u0259rdabda \u00fcmummilli lider Heyd\u0259r \u018fliyev an\u0131ld\u0131 &#8211; Fotolar\"}]},{\"@type\":\"WebSite\",\"@id\":\"https:\/\/www.zerdab.com\/#website\",\"url\":\"https:\/\/www.zerdab.com\/\",\"name\":\"Z\u0259rdab.com\",\"description\":\"\",\"potentialAction\":[{\"@type\":\"SearchAction\",\"target\":{\"@type\":\"EntryPoint\",\"urlTemplate\":\"https:\/\/www.zerdab.com\/?s={search_term_string}\"},\"query-input\":{\"@type\":\"PropertyValueSpecification\",\"valueRequired\":true,\"valueName\":\"search_term_string\"}}],\"inLanguage\":\"az\"},{\"@type\":\"Person\",\"@id\":\"https:\/\/www.zerdab.com\/#\/schema\/person\/97079b7570c1e89ec0d9e138c3672136\",\"name\":\"admin\",\"image\":{\"@type\":\"ImageObject\",\"inLanguage\":\"az\",\"@id\":\"https:\/\/www.zerdab.com\/#\/schema\/person\/image\/\",\"url\":\"https:\/\/secure.gravatar.com\/avatar\/d9c52a9a27c32119cb6679a077fa3e2779e5f822c451cbf01098004361d466ec?s=96&d=mm&r=g\",\"contentUrl\":\"https:\/\/secure.gravatar.com\/avatar\/d9c52a9a27c32119cb6679a077fa3e2779e5f822c451cbf01098004361d466ec?s=96&d=mm&r=g\",\"caption\":\"admin\"},\"url\":\"https:\/\/www.zerdab.com\/?author=1\"}]}<\/script>\n<!-- \/ Yoast SEO plugin. -->","yoast_head_json":{"title":"Z\u0259rdabda \u00fcmummilli lider Heyd\u0259r \u018fliyev an\u0131ld\u0131 - Fotolar - Z\u0259rdab.com","robots":{"index":"index","follow":"follow","max-snippet":"max-snippet:-1","max-image-preview":"max-image-preview:large","max-video-preview":"max-video-preview:-1"},"canonical":"https:\/\/www.zerdab.com\/?p=13714","og_locale":"az_AZ","og_type":"article","og_title":"Z\u0259rdabda \u00fcmummilli lider Heyd\u0259r \u018fliyev an\u0131ld\u0131 - Fotolar - Z\u0259rdab.com","og_description":"9-10 dekabr 2013-c\u00fc il tarixl\u0259rd\u0259 Z\u0259rdab rayonunda \u00dcmummilli lider Heyd\u0259r \u018fliyevin an\u0131m g\u00fcn\u00fc m\u00fcnasib\u0259til\u0259 ulu \u00f6nd\u0259rin abid\u0259si \u00f6n\u00fcnd\u0259 u\u015faq ba\u011f\u00e7alar\u0131n\u0131n i\u015ftirak\u0131 il\u0259 an\u0131m m\u0259rasiml\u0259ri ke\u00e7irilib.\u00a0U\u015faqlar \u0259vv\u0259lc\u0259 \u00fcmummilli liderin ad\u0131n\u0131 da\u015f\u0131yan parkda yerl\u0259\u015f\u0259n Heyd\u0259r \u018fliyevin abid\u0259sinin \u00f6n\u00fcn\u0259 g\u00fcl d\u0259st\u0259l\u0259ri qoyublar. Daha sonra Heyd\u0259r \u018fliyev\u00a0 M\u0259rk\u0259zind\u0259 Ulu \u00d6nd\u0259rin h\u0259yat v\u0259 f\u0259aliyy\u0259tini \u0259ks etdir\u0259n stendl\u0259r\u0259 v\u0259 video-lent\u0259 \u00a0bax\u0131blar. [&hellip;]","og_url":"https:\/\/www.zerdab.com\/?p=13714","og_site_name":"Z\u0259rdab.com","article_published_time":"2013-12-10T13:43:14+00:00","og_image":[{"url":"http:\/\/www.zerdab.com\/wp-content\/uploads\/2013\/12\/Zerdab-anim6-550x365.jpg","type":"","width":"","height":""}],"author":"admin","twitter_card":"summary_large_image","twitter_misc":{"Written by":"admin","Est. reading time":"1 minute"},"schema":{"@context":"https:\/\/schema.org","@graph":[{"@type":"Article","@id":"https:\/\/www.zerdab.com\/?p=13714#article","isPartOf":{"@id":"https:\/\/www.zerdab.com\/?p=13714"},"author":{"name":"admin","@id":"https:\/\/www.zerdab.com\/#\/schema\/person\/97079b7570c1e89ec0d9e138c3672136"},"headline":"Z\u0259rdabda \u00fcmummilli lider Heyd\u0259r \u018fliyev an\u0131ld\u0131 &#8211; Fotolar","datePublished":"2013-12-10T13:43:14+00:00","mainEntityOfPage":{"@id":"https:\/\/www.zerdab.com\/?p=13714"},"wordCount":120,"commentCount":1,"image":{"@id":"https:\/\/www.zerdab.com\/?p=13714#primaryimage"},"thumbnailUrl":"http:\/\/www.zerdab.com\/wp-content\/uploads\/2013\/12\/Zerdab-anim6-550x365.jpg","articleSection":["X\u018fB\u018fRL\u018fR"],"inLanguage":"az","potentialAction":[{"@type":"CommentAction","name":"Comment","target":["https:\/\/www.zerdab.com\/?p=13714#respond"]}]},{"@type":"WebPage","@id":"https:\/\/www.zerdab.com\/?p=13714","url":"https:\/\/www.zerdab.com\/?p=13714","name":"Z\u0259rdabda \u00fcmummilli lider Heyd\u0259r \u018fliyev an\u0131ld\u0131 - Fotolar - Z\u0259rdab.com","isPartOf":{"@id":"https:\/\/www.zerdab.com\/#website"},"primaryImageOfPage":{"@id":"https:\/\/www.zerdab.com\/?p=13714#primaryimage"},"image":{"@id":"https:\/\/www.zerdab.com\/?p=13714#primaryimage"},"thumbnailUrl":"http:\/\/www.zerdab.com\/wp-content\/uploads\/2013\/12\/Zerdab-anim6-550x365.jpg","datePublished":"2013-12-10T13:43:14+00:00","author":{"@id":"https:\/\/www.zerdab.com\/#\/schema\/person\/97079b7570c1e89ec0d9e138c3672136"},"breadcrumb":{"@id":"https:\/\/www.zerdab.com\/?p=13714#breadcrumb"},"inLanguage":"az","potentialAction":[{"@type":"ReadAction","target":["https:\/\/www.zerdab.com\/?p=13714"]}]},{"@type":"ImageObject","inLanguage":"az","@id":"https:\/\/www.zerdab.com\/?p=13714#primaryimage","url":"","contentUrl":""},{"@type":"BreadcrumbList","@id":"https:\/\/www.zerdab.com\/?p=13714#breadcrumb","itemListElement":[{"@type":"ListItem","position":1,"name":"Home","item":"https:\/\/www.zerdab.com\/"},{"@type":"ListItem","position":2,"name":"Z\u0259rdabda \u00fcmummilli lider Heyd\u0259r \u018fliyev an\u0131ld\u0131 &#8211; Fotolar"}]},{"@type":"WebSite","@id":"https:\/\/www.zerdab.com\/#website","url":"https:\/\/www.zerdab.com\/","name":"Z\u0259rdab.com","description":"","potentialAction":[{"@type":"SearchAction","target":{"@type":"EntryPoint","urlTemplate":"https:\/\/www.zerdab.com\/?s={search_term_string}"},"query-input":{"@type":"PropertyValueSpecification","valueRequired":true,"valueName":"search_term_string"}}],"inLanguage":"az"},{"@type":"Person","@id":"https:\/\/www.zerdab.com\/#\/schema\/person\/97079b7570c1e89ec0d9e138c3672136","name":"admin","image":{"@type":"ImageObject","inLanguage":"az","@id":"https:\/\/www.zerdab.com\/#\/schema\/person\/image\/","url":"https:\/\/secure.gravatar.com\/avatar\/d9c52a9a27c32119cb6679a077fa3e2779e5f822c451cbf01098004361d466ec?s=96&d=mm&r=g","contentUrl":"https:\/\/secure.gravatar.com\/avatar\/d9c52a9a27c32119cb6679a077fa3e2779e5f822c451cbf01098004361d466ec?s=96&d=mm&r=g","caption":"admin"},"url":"https:\/\/www.zerdab.com\/?author=1"}]}},"_links":{"self":[{"href":"https:\/\/www.zerdab.com\/index.php?rest_route=\/wp\/v2\/posts\/13714","targetHints":{"allow":["GET"]}}],"collection":[{"href":"https:\/\/www.zerdab.com\/index.php?rest_route=\/wp\/v2\/posts"}],"about":[{"href":"https:\/\/www.zerdab.com\/index.php?rest_route=\/wp\/v2\/types\/post"}],"author":[{"embeddable":true,"href":"https:\/\/www.zerdab.com\/index.php?rest_route=\/wp\/v2\/users\/1"}],"replies":[{"embeddable":true,"href":"https:\/\/www.zerdab.com\/index.php?rest_route=%2Fwp%2Fv2%2Fcomments&post=13714"}],"version-history":[{"count":1,"href":"https:\/\/www.zerdab.com\/index.php?rest_route=\/wp\/v2\/posts\/13714\/revisions"}],"predecessor-version":[{"id":13722,"href":"https:\/\/www.zerdab.com\/index.php?rest_route=\/wp\/v2\/posts\/13714\/revisions\/13722"}],"wp:attachment":[{"href":"https:\/\/www.zerdab.com\/index.php?rest_route=%2Fwp%2Fv2%2Fmedia&parent=13714"}],"wp:term":[{"taxonomy":"category","embeddable":true,"href":"https:\/\/www.zerdab.com\/index.php?rest_route=%2Fwp%2Fv2%2Fcategories&post=13714"},{"taxonomy":"post_tag","embeddable":true,"href":"https:\/\/www.zerdab.com\/index.php?rest_route=%2Fwp%2Fv2%2Ftags&post=13714"}],"curies":[{"name":"wp","href":"https:\/\/api.w.org\/{rel}","templated":true}]}}