{"id":13723,"date":"2013-12-10T21:36:17","date_gmt":"2013-12-10T17:36:17","guid":{"rendered":"http:\/\/www.zerdab.com\/?p=13723"},"modified":"2023-10-10T19:29:18","modified_gmt":"2023-10-10T15:29:18","slug":"jal%c9%99-%c9%99liyeva-10-il-%c9%99vv%c9%99l-z%c9%99rdaba-ged%c9%99nd%c9%99-yeni-tikili-gor%c9%99-bilmirdim","status":"publish","type":"post","link":"https:\/\/www.zerdab.com\/?p=13723","title":{"rendered":"Jal\u0259 \u018fliyeva: &#8220;10 il \u0259vv\u0259l Z\u0259rdaba ged\u0259nd\u0259 yeni tikili g\u00f6r\u0259 bilmirdim&#8221;"},"content":{"rendered":"<p><span style=\"color: #000000;\"><strong><em>M\u00fcsahibimiz Milli M\u0259clisin M\u0259d\u0259niyy\u0259t Komit\u0259sinin \u00fczv\u00fc, Qara D\u0259niz \u0130qtisadi \u018fm\u0259kda\u015fl\u0131q T\u0259\u015fkilat\u0131 Parlament Assambleyas\u0131n\u0131n (QD\u0130\u018fT PA) komit\u0259 s\u0259dri, bit\u0259r\u0259f deputat Jal\u0259 \u018fliyevad\u0131r. Onunla g\u0259rgin ke\u00e7\u0259n s\u00f6hb\u0259timiz\u0259 Az\u0259rbaycanda ictimai, siyasi, sosial-iqtisadi probleml\u0259rd\u0259n dan\u0131\u015fd\u0131q. Jal\u0259 \u018fliyeva il\u0259 geni\u015f m\u00fcsahib\u0259ni oxucular\u0131m\u0131za t\u0259qdim edirik.\u00a0<\/em><\/strong><\/span><\/p>\n<p><strong>&#8211; Jal\u0259 xan\u0131m, qiym\u0259tl\u0259rin artmas\u0131 Siz\u0259 nec\u0259 t\u0259sir g\u00f6st\u0259rib?<\/strong><\/p>\n<p>&#8211; M\u0259nim bir ma\u015f\u0131n\u0131m v\u0259 bir s\u00fcr\u00fcc\u00fcm var, bu m\u0259nada bahala\u015fman\u0131n t\u0259sirini hiss etm\u0259m\u0259k m\u00fcmk\u00fcn deyil. \u018fn az\u0131ndan bu h\u0259ft\u0259d\u0259n etibar\u0259n 6-7 manat f\u0259rq sezildi, \u00e7\u00fcnki \u00f6t\u0259n h\u0259ft\u0259 ma\u015f\u0131n\u0131n benzin \u00e7\u0259ni doluydu. Milli M\u0259clisd\u0259 d\u0259 m\u0259s\u0259l\u0259 q\u0131z\u011f\u0131n m\u00fczakir\u0259 olundu, m\u00fcxt\u0259lif fikirl\u0259r, t\u0259klifl\u0259r s\u0259sl\u0259ndi.<\/p>\n<p>&#8211;<strong>\u00a0\u018fks arqumentl\u0259r d\u0259 oldu&#8230;<\/strong><\/p>\n<p>&#8211; T\u0259bii ki, h\u0259r iki t\u0259r\u0259fd\u0259n m\u00fcxt\u0259lif fikirl\u0259r s\u0259sl\u0259ndi. M\u0259nim fikrim\u0259 g\u0259linc\u0259, son 7 ild\u0259 yanaca\u011f\u0131n qiym\u0259ti qalxmay\u0131b, b\u0259lk\u0259 d\u0259 h\u0259r il \u00e7ox c\u00fczi hans\u0131sa q\u0259pikl\u0259rl\u0259 art\u0131m olsayd\u0131, hiss olunmazd\u0131.<\/p>\n<p><strong>&#8211; Ancaq ba\u015fqa m\u0259hsullar\u0131n qiym\u0259tind\u0259 c\u00fczi d\u0259 olsa art\u0131m olub&#8230;<\/strong><\/p>\n<p>&#8211; 7 il \u0259rzind\u0259 n\u0259z\u0259rd\u0259 tutursunuz?<\/p>\n<p><strong>&#8211; B\u0259li.\u00a0<\/strong><\/p>\n<p>&#8211; Biz konkret yanacaqdan dan\u0131\u015f\u0131r\u0131q. D\u00fc\u015f\u00fcn\u00fcr\u0259m ki, o biri m\u0259s\u0259l\u0259l\u0259r m\u00fczakir\u0259 olunub bitib. Milli M\u0259clisd\u0259 s\u0259sl\u0259n\u0259n fikirl\u0259r i\u00e7\u0259risind\u0259 m\u0259nim n\u0259z\u0259rimc\u0259 sosial bax\u0131mdan \u00e7ox \u0259dal\u0259tli v\u0259 \u0259h\u0259miyy\u0259tli olan t\u0259klifl\u0259r s\u0259sl\u0259nib. M\u0259n Tarif \u015euras\u0131n\u0131n \u00fczv\u00fc deyil\u0259m ki, t\u0259nziml\u0259y\u0259n mexanizm m\u0259nd\u0259 olsun. Amma g\u0259lin a\u00e7\u0131q dan\u0131\u015faq, 150, 200, 300 minlik ma\u015f\u0131n s\u00fcr\u0259n insan \u00fc\u00e7\u00fcn yanaca\u011f\u0131n 20 q\u0259pik artmas\u0131 he\u00e7 bir \u015feyi d\u0259yi\u015fdirmir.<\/p>\n<p><strong>&#8211; Ancaq 150, 200, 300 minlik ma\u015f\u0131n s\u00fcr\u0259nl\u0259rin say\u0131 \u00e7ox deyil&#8230;<\/strong><\/p>\n<p>&#8211; Niy\u0259 \u00e7ox deyil, ma\u015fallah, h\u0259ddind\u0259n art\u0131q \u00e7oxdur. Bel\u0259 etm\u0259k olard\u0131, b\u0259lk\u0259 d\u0259 edil\u0259c\u0259k, bildiyim q\u0259d\u0259r Tarif \u015euras\u0131n\u0131n q\u0259rar\u0131 son deyil. Ola bil\u0259r ki, Tarif \u015euras\u0131 bazar\u0131 m\u00fc\u015fahid\u0259 etdikd\u0259n sonra m\u0259s\u0259l\u0259y\u0259 yenid\u0259n baxs\u0131n. Yenid\u0259n bax\u0131larsa, daha ucuz ma\u015f\u0131n s\u00fcr\u0259nl\u0259r\u0259 bir g\u00fcz\u0259\u015ft, limit t\u0259tbiq oluna bil\u0259r.<\/p>\n<p><strong>&#8211; Bunun mexanizmini nec\u0259 g\u00f6r\u00fcrs\u00fcn\u00fcz, Sizc\u0259, bu, m\u00fcr\u0259kk\u0259b deyilmi?<\/strong><\/p>\n<p>&#8211; M\u0259n d\u00fc\u015f\u00fcnd\u00fcy\u00fcm\u00fc deyir\u0259m, obyektiv, subyektiv qar\u015f\u0131lana bil\u0259r. Sad\u0259c\u0259, sual verdiniz, cavab\u0131m bel\u0259 oldu. \u0130nan\u0131n ki, m\u0259n ne\u00e7\u0259 g\u00fcnd\u00fcr v\u0259ziyy\u0259ti \u201csilahlanmayan g\u00f6zl\u0259\u201d izl\u0259yir\u0259m, sual yaran\u0131r, qiym\u0259tin artmas\u0131ndan sonra \u015f\u0259h\u0259rd\u0259 ma\u015f\u0131n azal\u0131bm\u0131? Azalmay\u0131b!<\/p>\n<p><strong>&#8211; Dem\u0259li, he\u00e7 bir t\u0259siri yoxdur?<\/strong><\/p>\n<p>&#8211; \u018flb\u0259tt\u0259, yoxdur.<\/p>\n<p><strong>&#8211; Ancaq parlamentin Sosial siyas\u0259t komit\u0259sinin s\u0259dri Had\u0131 R\u0259c\u0259bov qiym\u0259tl\u0259rin artmas\u0131n\u0131n m\u00fcsb\u0259t t\u0259r\u0259fini h\u0259m d\u0259 t\u0131xaclar\u0131n azalmas\u0131yla \u0259sasland\u0131r\u0131b&#8230;<\/strong><\/p>\n<p>&#8211; H\u0259r k\u0259sin \u00f6z fikri ola bil\u0259r, m\u0259n d\u0259 \u00f6z yana\u015fmam\u0131 ortal\u0131\u011fa qoydum. Bahala\u015fma olub v\u0259 bu, v\u0259t\u0259nda\u015f\u0131 narahat edir, o zaman avtomobild\u0259n az istifad\u0259 olunmal\u0131d\u0131r. Amma yen\u0259 d\u0259 h\u0259min t\u0131xac, saatlarla yollarda qal\u0131r\u0131q v\u0259 ma\u015f\u0131n\u0131n say\u0131 azalmay\u0131bsa, v\u0259t\u0259nda\u015f benzin doldurma\u011fa imkan\u0131 \u00e7at\u0131rsa, dem\u0259li, biz bo\u015funa h\u0259y\u0259canlan\u0131r\u0131q.<\/p>\n<p><strong>&#8211; Dem\u0259k ist\u0259yirsiniz ki, insanlar yax\u015f\u0131 ya\u015fay\u0131r?<\/strong><\/p>\n<p>&#8211; M\u0259g\u0259r, pis ya\u015fay\u0131rlar?<\/p>\n<p><strong>&#8211; Siz se\u00e7icil\u0259rinizin nec\u0259 ya\u015fama\u011f\u0131yla maraqlanm\u0131s\u0131n\u0131zm\u0131?<\/strong><\/p>\n<p>&#8211; M\u0259n h\u0259r g\u00fcn se\u00e7icil\u0259riml\u0259 maraqlan\u0131ram, h\u0259r g\u00fcn onlardan m\u0259ktublar al\u0131ram. Z\u0259rdab rayonundak\u0131 durumdan, se\u00e7icil\u0259rimin v\u0259ziyy\u0259tind\u0259n \u00e7ox yax\u015f\u0131 m\u0259lumatl\u0131yam, \u0259n az\u0131 10 il \u0259vv\u0259ll\u0259 bu g\u00fcnk\u00fc ail\u0259nin v\u0259ziyy\u0259ti f\u0259rqlidir. \u0130nan\u0131n, kifay\u0259t q\u0259d\u0259r s\u0259mimi insan oldu\u011fumdan d\u00fcz dan\u0131\u015fma\u011f\u0131 sevir\u0259m. B\u0259lk\u0259 qar\u015f\u0131 t\u0259r\u0259f bunu yanl\u0131\u015f anlaya bil\u0259r, yaxud fikirl\u0259rimi qeyri-s\u0259mimi q\u0259bul ed\u0259r. G\u0259lin bel\u0259 dey\u0259k, aran rayonudur, quraql\u0131d\u0131r, 10 -15 il \u0259vv\u0259l bibim deyirdi ki, Z\u0259rdabl\u0131 oldu\u011funu dem\u0259y\u0259 utan\u0131r, \u00e7\u00fcnki rayon \u00e7ox b\u0259rbad v\u0259ziyy\u0259td\u0259ydi.<\/p>\n<p><strong>&#8211; Amma bizim Z\u0259rdabdan olan h\u0259mkarlar\u0131m\u0131z insanlar\u0131n\u0131n ya\u015fay\u0131\u015f\u0131n\u0131n he\u00e7 d\u0259 yax\u015f\u0131 olmad\u0131\u011f\u0131n\u0131 deyirl\u0259r, h\u0259tta biri se\u00e7kil\u0259rd\u0259 Sizin r\u0259qibiniz olub&#8230;<\/strong><\/p>\n<p>&#8211; Ola bil\u0259r, fikirl\u0259r m\u00fcxt\u0259lifdir. \u018fg\u0259r bu g\u00fcn onlar \u00f6z fikirl\u0259rini s\u0259rb\u0259st \u015f\u0259kild\u0259 deyirl\u0259rs\u0259 v\u0259 arxas\u0131nda dayan\u0131rlarsa, dayans\u0131nlar. M\u0259n d\u0259 \u00f6z fikrimi deyir\u0259m, \u0259n az\u0131 10 il \u0259vv\u0259l rayona ged\u0259nd\u0259 bir yeni tikili g\u00f6r\u0259 bilmirdim.<\/p>\n<p><strong>&#8211; Dediyiniz yeni tikilil\u0259rd\u0259 i\u015f\u0131qlar yanm\u0131rsa, y\u0259ni insan ya\u015fam\u0131rsa, nec\u0259 yax\u015f\u0131 v\u0259ziyy\u0259td\u0259n dan\u0131\u015fmaq olar?<\/strong><\/p>\n<p>&#8211; Niy\u0259 i\u015f\u0131qlar yanm\u0131r, yan\u0131r, insanlar da ya\u015fay\u0131r, v\u0259ziyy\u0259tl\u0259ri pisdirs\u0259, yeni m\u0259nzill\u0259r almas\u0131nlar v\u0259 k\u00f6\u00e7m\u0259sinl\u0259r. Niy\u0259 paytaxtda h\u0259r g\u00fcn h\u00fcnd\u00fcrm\u0259rt\u0259b\u0259li bina tikilir, bax\u0131n da.<\/p>\n<p><strong>&#8211; Siz paytaxt\u0131n k\u0259nar\u0131na gedirsinizmi?<\/strong><\/p>\n<p>&#8211; M\u0259n h\u0259r yer\u0259 gedir\u0259m, Bak\u0131n\u0131n k\u0259nar\u0131na da. G\u0259lin bel\u0259 dan\u0131\u015faq, Moskvan\u0131 bir g\u00fcn\u0259 tikm\u0259yibl\u0259r, biz \u00e7ox q\u0131sa m\u00fcdd\u0259td\u0259 b\u00f6y\u00fck m\u0259saf\u0259 q\u0259t etdik. M\u0259n fikirl\u0259rimi yenid\u0259n t\u0259krarlayacam, b\u0259lk\u0259 d\u0259 maraqs\u0131z olacaq, amma bu, m\u0259nim yana\u015fmamd\u0131r. Bunun \u00fc\u00e7\u00fcn m\u0259ni n\u0259 asa, n\u0259 k\u0259s\u0259 bil\u0259rsiniz. 20 il bundan \u0259vv\u0259l\u0259 q\u0259d\u0259rki c\u0259miyy\u0259t bird\u0259n-bir\u0259 d\u0259yi\u015f\u0259 bilm\u0259z. M\u00fcst\u0259qillik qazanm\u0131\u015f\u0131q, bir qurulu\u015fdan ba\u015fqas\u0131na ke\u00e7m\u0259k \u00e7ox a\u011fr\u0131l\u0131d\u0131r, bu a\u011fr\u0131n\u0131 bir anda aradan qald\u0131ra bilm\u0259rik.<\/p>\n<p><strong>&#8211; Ke\u00e7id d\u00f6vr\u00fc \u00e7ox uzun \u00e7\u0259km\u0259dimi?<\/strong><\/p>\n<p>&#8211; Xeyr, ke\u00e7id d\u00f6vr\u00fcn\u00fc biz hans\u0131 a\u011fr\u0131l\u0131 v\u0259ziyy\u0259td\u0259 ke\u00e7iririk. H\u0259l\u0259 d\u0259 m\u00fcharib\u0259 davam edir, v\u0259t\u0259nda\u015f\u0131 m\u0259cburi k\u00f6\u00e7k\u00fcn olan \u00f6lk\u0259d\u0259 ya\u015fay\u0131r\u0131q.<\/p>\n<p><strong>&#8211; Qay\u0131daq qiym\u0259t art\u0131m\u0131na, torpaqlar\u0131m\u0131z\u0131 i\u015f\u011fal ed\u0259n v\u0259 nefti, qaz\u0131 olmayan Erm\u0259nistanda da yanaca\u011f\u0131n qiym\u0259ti 1,2 sentdir, Az\u0259rbaycanda da. Bu qeyri-m\u00fct\u0259nasibliyi nec\u0259 izah ed\u0259rdiniz<\/strong>?<\/p>\n<p>&#8211; G\u0259lin ondan ba\u015flayaq ki, onlar\u0131n 1 milyondan \u00e7ox qa\u00e7q\u0131n\u0131 yoxdur.<\/p>\n<p><strong>&#8211; O zaman niy\u0259 Erm\u0259nistan\u0131n bo\u015fald\u0131\u011f\u0131n\u0131 deyirsiniz?<\/strong><\/p>\n<p>&#8211; Siz Erm\u0259nistan\u0131 bel\u0259 m\u00fcdafi\u0259 edirsiniz, bu, sevgi notlar\u0131 hardand\u0131r (g\u00fcl\u00fcr)?<\/p>\n<p><strong>&#8211; Xeyr, m\u0259n faktlar\u0131 deyir\u0259m.\u00a0<\/strong><\/p>\n<p>&#8211; Erm\u0259nistan ki\u00e7ik \u00f6lk\u0259dir, \u00f6z\u00fcn\u00fcz dediniz ki, bo\u015fal\u0131r.<\/p>\n<p><strong>&#8211; Xeyr, m\u0259n dedim ki, bunu hakimiyy\u0259t t\u0259bli\u011fat\u00e7\u0131lar\u0131 iddia edir.\u00a0<\/strong><\/p>\n<p>&#8211; Biz kimik, Siz kimsiniz?! Qarda\u015f\u0131m, g\u0259lin bel\u0259 dan\u0131\u015faq, Siz d\u0259 bu \u00f6lk\u0259nin v\u0259t\u0259nda\u015f\u0131s\u0131n\u0131z, biz d\u0259.<\/p>\n<p><strong>&#8211; M\u0259n ger\u00e7\u0259kliyi g\u00f6r\u00fcr\u0259m.<\/strong><\/p>\n<p>&#8211; Biz d\u0259 ger\u00e7\u0259kliyi g\u00f6r\u00fcr\u00fck.<\/p>\n<p><strong>&#8211; Nec\u0259 g\u00f6r\u00fcrs\u00fcn\u00fcz ki, Az\u0259rbaycan \u0259halisinin yax\u015f\u0131 ya\u015fad\u0131\u011f\u0131n\u0131 deyirsiniz?<\/strong><\/p>\n<p>&#8211; Sizc\u0259, pis ya\u015fay\u0131r?<\/p>\n<p><strong>&#8211; \u018flb\u0259tt\u0259, pis ya\u015fay\u0131r.<\/strong><\/p>\n<p>&#8211; Faktlar\u0131n\u0131z\u0131 deyin&#8230;<\/p>\n<p><strong>&#8211; Ged\u0259k bir g\u00fcn rayonlarda insanlarla g\u00f6r\u00fc\u015f\u0259k.\u00a0<\/strong><\/p>\n<p>&#8211; \u018fzizim, m\u0259n yen\u0259 d\u0259 \u00f6z rayonumuza qay\u0131d\u0131ram, \u00e7\u00fcnki Z\u0259rdaba tez-tez gedir\u0259m. K\u00f6k\u00fcm\u00fcz ordan olsa da, \u015f\u0259h\u0259r insan\u0131yam, 10 il \u0259vv\u0259l \u015f\u0259h\u0259rl\u0259 rayon aras\u0131nda f\u0259rq daha \u00e7ox sezilirdi. O zaman insanlar\u0131n bir az pinti, bir az s\u0259liq\u0259siz geyiml\u0259rini, evl\u0259rinin v\u0259ziyy\u0259tini g\u00f6r\u0259nd\u0259 \u0259traf\u0131mdak\u0131lara deyirdim ki, bu insanlar n\u0259 yeyib-i\u00e7irl\u0259r?! He\u00e7 olmasa, ax\u015famlar evl\u0259rind\u0259 bir qazan qaynada bilirl\u0259rmi? S\u00f6hb\u0259t rayona getdiyim ilk d\u00f6vrl\u0259rd\u0259n gedir, 2000-ci ild\u0259n, o vaxt yerli insan m\u0259n\u0259 dedi ki, qazan da as\u0131l\u0131r, yem\u0259k d\u0259 bi\u015firilir, h\u0259l\u0259 g\u0259lin onlar\u0131n toylar\u0131na bax\u0131n.<\/p>\n<p><strong>&#8211; B\u0259lk\u0259 Sizin \u00fc\u00e7\u00fcn g\u00f6r\u00fcnt\u00fc yarad\u0131rlar?<\/strong><\/p>\n<p>&#8211; Xeyr, m\u0259n rayonun xeyir v\u0259 \u015f\u0259r m\u0259rasiml\u0259rind\u0259 i\u015ftirak edir\u0259m, bunlar\u0131 \u00f6z g\u00f6zl\u0259riml\u0259 g\u00f6r\u00fcr\u0259m.<\/p>\n<p><strong>&#8211; M\u0259n Siz\u0259 faktlar\u0131 sadalayacam, prezident 2011-ci ilin 11 fevral\u0131nda bildirib: \u201cBiz el\u0259 etm\u0259liyik ki, \u00f6z\u00fcm\u00fcz\u00fc \u0259rzaq m\u0259hsullar\u0131yla t\u0259min ed\u0259k, art\u0131q bu yolda \u00e7ox b\u00f6y\u00fck u\u011furlara nail olmu\u015fuq, \u0259t, s\u00fcd, bitki ya\u011flar\u0131, \u015f\u0259k\u0259r m\u0259hsular\u0131yla 90-95 faiz t\u0259min edirik. Amma yax\u0131n iki ild\u0259 100 faiz \u00f6z\u00fcm\u00fcz\u00fc \u0259rzaq m\u0259hsullar\u0131yla t\u0259min etm\u0259liyik\u201d. Amma statistika f\u0259rqli m\u0259nz\u0259r\u0259ni ortal\u0131\u011fa qoyur: \u00f6t\u0259n ilin m\u00fcvafiq d\u00f6vr\u00fcnd\u0259 \u00f6lk\u0259y\u0259 6,76 milyard dollar d\u0259y\u0259rind\u0259 mal idxal olunub, bu il h\u0259min g\u00f6st\u0259rici 8 milyard\u0131 a\u015f\u0131b. Yeyinti m\u0259hsullar\u0131n\u0131n idxal\u0131 da analoji d\u00f6vrl\u0259 m\u00fcqayis\u0259d\u0259 19,75 faiz artaraq \u00fcmumi idxal\u0131n 17, 75 faizini t\u0259\u015fkil edib. Bu r\u0259q\u0259ml\u0259rin fonunda Siz\u0259 el\u0259 g\u0259lmirmi ki, prezident\u0259 do\u011fru m\u0259lumat vermirl\u0259r?<\/strong><\/p>\n<p>&#8211; Siz o q\u0259d\u0259r r\u0259q\u0259m dediniz ki, n\u0259yi n\u0259z\u0259rd\u0259 tutdu\u011funuzu bilm\u0259dim. Konkret n\u0259yi deyirsiniz?<\/p>\n<p><strong>&#8211; (Yenid\u0259n sual\u0131m\u0131 t\u0259klarlay\u0131ram) &#8230;<\/strong><\/p>\n<p>&#8211; Biz \u00f6z\u00fcm\u00fcz\u00fc d\u0259 t\u0259min edirik, h\u0259m d\u0259 bazar\u0131n \u00f6z qaydalar\u0131 var.<\/p>\n<p><strong>&#8211; Bu idxal r\u0259q\u0259ml\u0259rinin fonunda 90-95 faiz \u00f6z\u00fcm\u00fcz\u00fc nec\u0259 t\u0259min edirik?<\/strong><\/p>\n<p>&#8211; Do\u011frusu, m\u0259n onun statistikas\u0131n\u0131 aparm\u0131ram. \u0130ndi Siz dediniz, bildim. Bilmir\u0259m, bu r\u0259q\u0259ml\u0259ri haradan g\u00f6t\u00fcrm\u00fcs\u00fcn\u00fcz.<\/p>\n<p><strong>&#8211; Bu r\u0259q\u0259ml\u0259r statistikad\u0131r&#8230;<\/strong><\/p>\n<p>&#8211; G\u0259r\u0259k, Sizin verdiyiniz statistikan\u0131 m\u0259n d\u0259 \u00f6z bax\u0131m\u0131mdan ara\u015fd\u0131ram. H\u0259r halda iqtisadi bax\u0131mdan ara\u015fd\u0131rmaq laz\u0131md\u0131r. Dedikl\u0259riniz ola bil\u0259r. Amma \u00f6z\u00fcm\u00fcz\u00fc t\u0259min etm\u0259kl\u0259 ba\u011fl\u0131 c\u0259nab prezidentin dediyin\u0259 d\u0259 diqq\u0259t yetirm\u0259liyik. Son d\u00f6vrl\u0259rd\u0259 istehsal \u00fc\u00e7\u00fcn fabrikl\u0259r, zavodlar a\u00e7\u0131l\u0131r, bazara bax\u0131n, meyv\u0259 suyu, makaronlar, s\u00fcd m\u0259hsullar\u0131, g\u00f6r\u00fcn marketl\u0259rd\u0259 n\u0259 q\u0259d\u0259r \u00f6z m\u0259hsulumuz var.<\/p>\n<p><strong>&#8211; \u018frza\u011f\u0131n \u0259ks\u0259riyy\u0259ti xaricd\u0259n g\u0259tirilir?<\/strong><\/p>\n<p>&#8211; Yox, diqq\u0259tl\u0259 baxsan\u0131z, istehsal \u00f6z\u00fcm\u00fcz\u0259 aiddir.<\/p>\n<p><strong>&#8211; O zaman n\u0259 \u00fc\u00e7\u00fcn \u0259hali k\u0259nar m\u0259hsullara \u00fcst\u00fcnl\u00fck verir?<\/strong><\/p>\n<p>&#8211; Yox, m\u0259n onu sezm\u0259mi\u015f\u0259m. \u015e\u0259xs\u0259n m\u0259nim soyuducumda ham\u0131s\u0131 Az\u0259rbaycan m\u0259hsullar\u0131d\u0131r, \u00e7\u00fcnki \u0259n az\u0131ndan saxlanma m\u00fcdd\u0259tin\u0259 bax\u0131b al\u0131ram. M\u0259s\u0259l\u0259n, m\u0259n xarici s\u00fcd alm\u0131ram, xarici m\u0259hsulun \u00fcz\u0259rind\u0259 1 il saxlanma m\u00fcdd\u0259ti yaz\u0131l\u0131r.<\/p>\n<p><strong>&#8211; Y\u0259qin k\u0259nd \u0259hlinin h\u0259y\u0259tiniz\u0259 g\u0259tirdiyi s\u00fcdd\u0259n al\u0131rs\u0131n\u0131z&#8230;<\/strong><\/p>\n<p>&#8211; Vallah, qap\u0131m\u0131z\u0131n \u201ca\u011fz\u0131ndak\u0131\u201d marketd\u0259n al\u0131ram.<\/p>\n<p><strong>&#8211; Jal\u0259 xan\u0131m, b\u00fct\u00fcn hallarda se\u00e7kid\u0259n \u0259vv\u0259l \u0259m\u0259khaqq\u0131n\u0131n 10, yanaca\u011f\u0131n is\u0259 33 faiz artmas\u0131 Sizi he\u00e7 narahat etm\u0259dimi?<\/strong><\/p>\n<p>&#8211; Bilirsinizmi, ham\u0131m\u0131z bu \u00f6lk\u0259nin v\u0259t\u0259nda\u015f\u0131y\u0131q, t\u0259bii ki, m\u00fc\u0259yy\u0259n m\u0259s\u0259l\u0259l\u0259r var ki, h\u0259r birimiz ondan narahatl\u0131q ke\u00e7iririk. Ancaq t\u0259l\u0259sm\u0259k laz\u0131m deyil, g\u0259lin bir az g\u00f6zl\u0259y\u0259k. Bu yax\u0131nlarda h\u00f6kum\u0259tin iclas\u0131 ke\u00e7irildi, b\u00fcdc\u0259 m\u00fczakir\u0259l\u0259ri oldu, yenid\u0259n maa\u015flar\u0131n art\u0131r\u0131lmas\u0131, dig\u0259r sosial sah\u0259l\u0259rd\u0259 g\u00fcz\u0259\u015ftl\u0259r n\u0259z\u0259rd\u0259 tutulur.<\/p>\n<p><strong>&#8211; Amma qar\u015f\u0131da elektrik enerjisinin, s\u0259rni\u015fin n\u0259qliyyat\u0131n\u0131n qiym\u0259ti artacaq&#8230;<\/strong><\/p>\n<p>&#8211; Ax\u0131 bu lab\u00fcdd\u00fcr. Bilirsiniz, k\u0259nardan dan\u0131\u015fmaq \u00e7ox asand\u0131r, m\u0259n d\u0259 \u0259vv\u0259ll\u0259r el\u0259 bilirdim ki, Milli M\u0259clisd\u0259 oturub fikir y\u00fcr\u00fctm\u0259k, q\u0259hr\u0259man olmaq \u00e7ox asand\u0131r. Amma i\u015fin i\u00e7in\u0259 daxil olanda v\u0259 v\u0259ziyy\u0259tin n\u0259d\u0259n ibar\u0259t oldu\u011funu g\u00f6r\u0259nd\u0259&#8230;<\/p>\n<p><strong>&#8211; V\u0259ziyy\u0259t ondan ibar\u0259t deyilmi ki, inhisar\u00e7\u0131lar v\u0259 korrupsionerl\u0259r \u00f6lk\u0259ni inki\u015faf etm\u0259y\u0259 imkan vermirl\u0259r?<\/strong><\/p>\n<p>&#8211; Bir d\u0259qiq\u0259, Siz fikrimi sona yetirm\u0259y\u0131 imkan vermirsiniz. M\u0259n \u00e7ox ist\u0259y\u0259rdim ki, biz eyni bax\u0131\u015f buca\u011f\u0131ndan dan\u0131\u015faq.<\/p>\n<p><strong>&#8211; Jurnalistl\u0259 siyas\u0259t\u00e7i eyni m\u00f6vqed\u0259n dan\u0131\u015fa bilm\u0259z ax\u0131&#8230;<\/strong><\/p>\n<p>&#8211; N\u0259y\u0259 g\u00f6r\u0259, jurnalist m\u0259g\u0259r insan deyil?<\/p>\n<p><strong>&#8211; S\u00f6hb\u0259t ondan gedir ki, jurnalist h\u0259mi\u015f\u0259 qar\u015f\u0131 t\u0259r\u0259f\u0259 \u0259ks fikird\u0259 olmal\u0131d\u0131r&#8230;<\/strong><\/p>\n<p>&#8211; M\u0259n biz dey\u0259nd\u0259 \u00f6z\u00fcm\u00fc n\u0259z\u0259rd\u0259 tuturam v\u0259 h\u0259r k\u0259sin m\u00f6vqeyin\u0259 h\u00f6rm\u0259tl\u0259 yana\u015f\u0131ram. Bax, k\u0259nardan Siz d\u0259 v\u0259t\u0259nda\u015f, yaxud jurnalist kimi sual ed\u0259 bil\u0259rsiniz ki, n\u0259y\u0259 g\u00f6r\u0259 maa\u015flar\u0131 50-100 faiz art\u0131rm\u0131rlar? K\u0259nardan bel\u0259 g\u00f6r\u00fcn\u00fcr, amma g\u0259lib i\u015fin i\u00e7in\u0259 daxil olub hesablamalar\u0131 aparanda bunun m\u00fcmk\u00fcns\u00fcz oldu\u011funu g\u00f6r\u00fcrs\u0259n. M\u0259g\u0259r, h\u00f6kum\u0259t ist\u0259m\u0259z ki, maa\u015flar\u0131 ist\u0259diyiniz 50 faiz art\u0131rs\u0131n v\u0259 naraz\u0131 olan t\u0259r\u0259fl\u0259r d\u0259 daha yax\u015f\u0131 ya\u015fas\u0131n? \u018flb\u0259tt\u0259 ki, d\u00f6vl\u0259t bunu ist\u0259yir, amma bunu t\u0259nziml\u0259m\u0259 mexanizmi \u00e7\u0259tindir. Bird\u0259n-bir\u0259 bu m\u00fcmk\u00fcn deyil, \u0259ks t\u0259qdird\u0259 b\u00fcdc\u0259 bo\u015falar.<\/p>\n<p><strong>&#8211; Naraz\u0131 t\u0259r\u0259f m\u0259mur \u00f6zba\u015f\u0131nal\u0131\u011f\u0131n\u0131n, korrupsiyan\u0131n aradan qald\u0131r\u0131lmas\u0131n\u0131 ist\u0259yir? Bir deputat kimi bu bar\u0259d\u0259 d\u00fc\u015f\u00fcnm\u00fcs\u00fcn\u00fczm\u00fc?<\/strong><\/p>\n<p>&#8211; T\u0259bii ki, m\u0259mur \u00f6zba\u015f\u0131nal\u0131\u011f\u0131 var, biz d\u0259 probleml\u0259rin aradan qalxmas\u0131n\u0131 ist\u0259yirik.<\/p>\n<p><strong>&#8211; B\u0259s niy\u0259 al\u0131nm\u0131r?<\/strong><\/p>\n<p>&#8211; Probleml\u0259r aradan qald\u0131r\u0131l\u0131r.<\/p>\n<p><strong>&#8211; Korrupsiyan\u0131n s\u0259viyy\u0259sin\u0259 g\u00f6r\u0259 Erm\u0259nistan\u0131 \u00fcst\u0259l\u0259mi\u015fik?<\/strong><\/p>\n<p>&#8211; Bilmir\u0259m, bu r\u0259q\u0259ml\u0259ri okean\u0131n o biri t\u0259r\u0259find\u0259n hans\u0131 maraqlar \u0259sas\u0131nda ortal\u0131\u011fa \u00e7\u0131xartm\u0131s\u0131n\u0131z. N\u0259y\u0259 g\u00f6r\u0259 bel\u0259 edirsiniz?<\/p>\n<p><strong>&#8211; Siz \u00f6lk\u0259d\u0259 problemin olmad\u0131\u011f\u0131n\u0131 deyirsiniz?<\/strong><\/p>\n<p>&#8211; Yox, bizim r\u0259hb\u0259rimiz d\u0259 deyir ki, probleml\u0259r var. \u0130nsan o\u011flunun ya\u015fad\u0131qca problemi var. G\u0259lin, b\u0259sit n\u00fcmun\u0259 g\u0259tir\u0259k, evimizd\u0259n, m\u0259i\u015f\u0259timizd\u0259n, qaz, su borusunu d\u00fcz\u0259ldirs\u0259n, s\u0259h\u0259r \u201cnapor\u201d g\u00fccl\u00fc olanda partlay\u0131r. Ad \u00e7\u0259km\u0259y\u0259c\u0259m, o g\u00fcn bir ev l\u0259vazimat\u0131 ald\u0131m, xarici m\u0259hsul idi, fabrikd\u0259n m\u00fc\u0259yy\u0259n bir d\u0259liyini a\u00e7madan g\u00f6nd\u0259ribl\u0259r. Yax\u015f\u0131, buna g\u00f6r\u0259 d\u0259 d\u00f6vl\u0259t, ya da d\u00fckan sahibi g\u00fcnahkard\u0131r?<\/p>\n<p><strong>&#8211; Y\u0259qin ki, g\u00fcnahkar inhisar\u00e7\u0131lard\u0131r&#8230;<\/strong><\/p>\n<p>&#8211; B\u0259li, d\u00f6vl\u0259tin v\u0259 h\u00f6kum\u0259tin g\u00fcnah\u0131 yoxdur.<\/p>\n<p><strong>&#8211; Sual yaran\u0131r, d\u00f6vl\u0259t niy\u0259 inhisar\u00e7\u0131l\u0131\u011f\u0131 aradan qald\u0131rm\u0131r?<\/strong><\/p>\n<p>&#8211; Bilirsiniz ki, inhisar\u00e7\u0131l\u0131\u011f\u0131n aradan qald\u0131r\u0131lmas\u0131 \u00fc\u00e7\u00fcn m\u00fcbariz\u0259 gedir, o c\u00fcml\u0259d\u0259n, korrupsiyayla m\u00fcbariz\u0259 apar\u0131l\u0131r.<\/p>\n<p><strong>&#8211; Jal\u0259 xan\u0131m, 10 ild\u0259n \u00e7oxdur m\u00fcbariz\u0259 gedir?<\/strong><\/p>\n<p>&#8211; Olsun, olsun&#8230;<\/p>\n<p><strong>&#8211; M\u0259hv olan insan \u00f6m\u00fcrl\u0259ri var ax\u0131 ortal\u0131qda.<\/strong><\/p>\n<p>&#8211; Bilirsinizmi, 10 il tarix, islahatlar qar\u015f\u0131s\u0131nda b\u00f6y\u00fck deyil. B\u0259lk\u0259 d\u0259 insan \u00f6mr\u00fc \u00fc\u00e7\u00fcn \u00e7oxdur.<\/p>\n<p><strong>&#8211; Jal\u0259 xan\u0131m, G\u00fcrc\u00fcstanda olmusunuzmu?<\/strong><\/p>\n<p><strong>(Davam\u0131 olacaq)\/<a href=\"http:\/\/bizimyolinfo.com\/\">bizimyolinfo.com\/<\/a><\/strong><\/p>\n","protected":false},"excerpt":{"rendered":"<p>M\u00fcsahibimiz Milli M\u0259clisin M\u0259d\u0259niyy\u0259t Komit\u0259sinin \u00fczv\u00fc, Qara D\u0259niz \u0130qtisadi \u018fm\u0259kda\u015fl\u0131q T\u0259\u015fkilat\u0131 Parlament Assambleyas\u0131n\u0131n (QD\u0130\u018fT PA) komit\u0259 s\u0259dri, bit\u0259r\u0259f deputat Jal\u0259 \u018fliyevad\u0131r. Onunla g\u0259rgin ke\u00e7\u0259n s\u00f6hb\u0259timiz\u0259 Az\u0259rbaycanda ictimai, siyasi, sosial-iqtisadi probleml\u0259rd\u0259n dan\u0131\u015fd\u0131q. Jal\u0259 \u018fliyeva il\u0259 geni\u015f m\u00fcsahib\u0259ni oxucular\u0131m\u0131za t\u0259qdim edirik.\u00a0 &#8211; Jal\u0259 xan\u0131m, qiym\u0259tl\u0259rin artmas\u0131 Siz\u0259 nec\u0259 t\u0259sir g\u00f6st\u0259rib? &#8211; M\u0259nim bir ma\u015f\u0131n\u0131m v\u0259 bir s\u00fcr\u00fcc\u00fcm [&hellip;]<\/p>\n","protected":false},"author":1,"featured_media":28118,"comment_status":"open","ping_status":"open","sticky":false,"template":"","format":"standard","meta":{"footnotes":""},"categories":[15],"tags":[],"class_list":{"0":"post-13723","1":"post","2":"type-post","3":"status-publish","4":"format-standard","5":"has-post-thumbnail","7":"category-musahib-zrdab-hsn-by-zrdabi-mrkzi-aran"},"yoast_head":"<!-- This site is optimized with the Yoast SEO plugin v27.0 - https:\/\/yoast.com\/product\/yoast-seo-wordpress\/ -->\n<title>Jal\u0259 \u018fliyeva: &quot;10 il \u0259vv\u0259l Z\u0259rdaba ged\u0259nd\u0259 yeni tikili g\u00f6r\u0259 bilmirdim&quot; - Z\u0259rdab.com<\/title>\n<meta name=\"robots\" content=\"index, follow, max-snippet:-1, max-image-preview:large, max-video-preview:-1\" \/>\n<link rel=\"canonical\" href=\"https:\/\/www.zerdab.com\/?p=13723\" \/>\n<meta property=\"og:locale\" content=\"az_AZ\" \/>\n<meta property=\"og:type\" content=\"article\" \/>\n<meta property=\"og:title\" content=\"Jal\u0259 \u018fliyeva: &quot;10 il \u0259vv\u0259l Z\u0259rdaba ged\u0259nd\u0259 yeni tikili g\u00f6r\u0259 bilmirdim&quot; - Z\u0259rdab.com\" \/>\n<meta property=\"og:description\" content=\"M\u00fcsahibimiz Milli M\u0259clisin M\u0259d\u0259niyy\u0259t Komit\u0259sinin \u00fczv\u00fc, Qara D\u0259niz \u0130qtisadi \u018fm\u0259kda\u015fl\u0131q T\u0259\u015fkilat\u0131 Parlament Assambleyas\u0131n\u0131n (QD\u0130\u018fT PA) komit\u0259 s\u0259dri, bit\u0259r\u0259f deputat Jal\u0259 \u018fliyevad\u0131r. Onunla g\u0259rgin ke\u00e7\u0259n s\u00f6hb\u0259timiz\u0259 Az\u0259rbaycanda ictimai, siyasi, sosial-iqtisadi probleml\u0259rd\u0259n dan\u0131\u015fd\u0131q. Jal\u0259 \u018fliyeva il\u0259 geni\u015f m\u00fcsahib\u0259ni oxucular\u0131m\u0131za t\u0259qdim edirik.\u00a0 &#8211; Jal\u0259 xan\u0131m, qiym\u0259tl\u0259rin artmas\u0131 Siz\u0259 nec\u0259 t\u0259sir g\u00f6st\u0259rib? &#8211; M\u0259nim bir ma\u015f\u0131n\u0131m v\u0259 bir s\u00fcr\u00fcc\u00fcm [&hellip;]\" \/>\n<meta property=\"og:url\" content=\"https:\/\/www.zerdab.com\/?p=13723\" \/>\n<meta property=\"og:site_name\" content=\"Z\u0259rdab.com\" \/>\n<meta property=\"article:published_time\" content=\"2013-12-10T17:36:17+00:00\" \/>\n<meta property=\"article:modified_time\" content=\"2023-10-10T15:29:18+00:00\" \/>\n<meta property=\"og:image\" content=\"https:\/\/www.zerdab.com\/wp-content\/uploads\/2020\/04\/jale-eliyeva.jpg\" \/>\n\t<meta property=\"og:image:width\" content=\"960\" \/>\n\t<meta property=\"og:image:height\" content=\"640\" \/>\n\t<meta property=\"og:image:type\" content=\"image\/jpeg\" \/>\n<meta name=\"author\" content=\"admin\" \/>\n<meta name=\"twitter:card\" content=\"summary_large_image\" \/>\n<meta name=\"twitter:label1\" content=\"Written by\" \/>\n\t<meta name=\"twitter:data1\" content=\"admin\" \/>\n\t<meta name=\"twitter:label2\" content=\"Est. reading time\" \/>\n\t<meta name=\"twitter:data2\" content=\"14 minutes\" \/>\n<script type=\"application\/ld+json\" class=\"yoast-schema-graph\">{\"@context\":\"https:\/\/schema.org\",\"@graph\":[{\"@type\":\"Article\",\"@id\":\"https:\/\/www.zerdab.com\/?p=13723#article\",\"isPartOf\":{\"@id\":\"https:\/\/www.zerdab.com\/?p=13723\"},\"author\":{\"name\":\"admin\",\"@id\":\"https:\/\/www.zerdab.com\/#\/schema\/person\/97079b7570c1e89ec0d9e138c3672136\"},\"headline\":\"Jal\u0259 \u018fliyeva: &#8220;10 il \u0259vv\u0259l Z\u0259rdaba ged\u0259nd\u0259 yeni tikili g\u00f6r\u0259 bilmirdim&#8221;\",\"datePublished\":\"2013-12-10T17:36:17+00:00\",\"dateModified\":\"2023-10-10T15:29:18+00:00\",\"mainEntityOfPage\":{\"@id\":\"https:\/\/www.zerdab.com\/?p=13723\"},\"wordCount\":2728,\"commentCount\":2,\"image\":{\"@id\":\"https:\/\/www.zerdab.com\/?p=13723#primaryimage\"},\"thumbnailUrl\":\"https:\/\/www.zerdab.com\/wp-content\/uploads\/2020\/04\/jale-eliyeva.jpg\",\"articleSection\":[\"M\u00dcSAH\u0130B\u018f\"],\"inLanguage\":\"az\",\"potentialAction\":[{\"@type\":\"CommentAction\",\"name\":\"Comment\",\"target\":[\"https:\/\/www.zerdab.com\/?p=13723#respond\"]}]},{\"@type\":\"WebPage\",\"@id\":\"https:\/\/www.zerdab.com\/?p=13723\",\"url\":\"https:\/\/www.zerdab.com\/?p=13723\",\"name\":\"Jal\u0259 \u018fliyeva: \\\"10 il \u0259vv\u0259l Z\u0259rdaba ged\u0259nd\u0259 yeni tikili g\u00f6r\u0259 bilmirdim\\\" - Z\u0259rdab.com\",\"isPartOf\":{\"@id\":\"https:\/\/www.zerdab.com\/#website\"},\"primaryImageOfPage\":{\"@id\":\"https:\/\/www.zerdab.com\/?p=13723#primaryimage\"},\"image\":{\"@id\":\"https:\/\/www.zerdab.com\/?p=13723#primaryimage\"},\"thumbnailUrl\":\"https:\/\/www.zerdab.com\/wp-content\/uploads\/2020\/04\/jale-eliyeva.jpg\",\"datePublished\":\"2013-12-10T17:36:17+00:00\",\"dateModified\":\"2023-10-10T15:29:18+00:00\",\"author\":{\"@id\":\"https:\/\/www.zerdab.com\/#\/schema\/person\/97079b7570c1e89ec0d9e138c3672136\"},\"breadcrumb\":{\"@id\":\"https:\/\/www.zerdab.com\/?p=13723#breadcrumb\"},\"inLanguage\":\"az\",\"potentialAction\":[{\"@type\":\"ReadAction\",\"target\":[\"https:\/\/www.zerdab.com\/?p=13723\"]}]},{\"@type\":\"ImageObject\",\"inLanguage\":\"az\",\"@id\":\"https:\/\/www.zerdab.com\/?p=13723#primaryimage\",\"url\":\"https:\/\/www.zerdab.com\/wp-content\/uploads\/2020\/04\/jale-eliyeva.jpg\",\"contentUrl\":\"https:\/\/www.zerdab.com\/wp-content\/uploads\/2020\/04\/jale-eliyeva.jpg\",\"width\":960,\"height\":640,\"caption\":\"jale-eliyeva\"},{\"@type\":\"BreadcrumbList\",\"@id\":\"https:\/\/www.zerdab.com\/?p=13723#breadcrumb\",\"itemListElement\":[{\"@type\":\"ListItem\",\"position\":1,\"name\":\"Home\",\"item\":\"https:\/\/www.zerdab.com\/\"},{\"@type\":\"ListItem\",\"position\":2,\"name\":\"Jal\u0259 \u018fliyeva: &#8220;10 il \u0259vv\u0259l Z\u0259rdaba ged\u0259nd\u0259 yeni tikili g\u00f6r\u0259 bilmirdim&#8221;\"}]},{\"@type\":\"WebSite\",\"@id\":\"https:\/\/www.zerdab.com\/#website\",\"url\":\"https:\/\/www.zerdab.com\/\",\"name\":\"Z\u0259rdab.com\",\"description\":\"\",\"potentialAction\":[{\"@type\":\"SearchAction\",\"target\":{\"@type\":\"EntryPoint\",\"urlTemplate\":\"https:\/\/www.zerdab.com\/?s={search_term_string}\"},\"query-input\":{\"@type\":\"PropertyValueSpecification\",\"valueRequired\":true,\"valueName\":\"search_term_string\"}}],\"inLanguage\":\"az\"},{\"@type\":\"Person\",\"@id\":\"https:\/\/www.zerdab.com\/#\/schema\/person\/97079b7570c1e89ec0d9e138c3672136\",\"name\":\"admin\",\"image\":{\"@type\":\"ImageObject\",\"inLanguage\":\"az\",\"@id\":\"https:\/\/www.zerdab.com\/#\/schema\/person\/image\/\",\"url\":\"https:\/\/secure.gravatar.com\/avatar\/d9c52a9a27c32119cb6679a077fa3e2779e5f822c451cbf01098004361d466ec?s=96&d=mm&r=g\",\"contentUrl\":\"https:\/\/secure.gravatar.com\/avatar\/d9c52a9a27c32119cb6679a077fa3e2779e5f822c451cbf01098004361d466ec?s=96&d=mm&r=g\",\"caption\":\"admin\"},\"url\":\"https:\/\/www.zerdab.com\/?author=1\"}]}<\/script>\n<!-- \/ Yoast SEO plugin. -->","yoast_head_json":{"title":"Jal\u0259 \u018fliyeva: \"10 il \u0259vv\u0259l Z\u0259rdaba ged\u0259nd\u0259 yeni tikili g\u00f6r\u0259 bilmirdim\" - Z\u0259rdab.com","robots":{"index":"index","follow":"follow","max-snippet":"max-snippet:-1","max-image-preview":"max-image-preview:large","max-video-preview":"max-video-preview:-1"},"canonical":"https:\/\/www.zerdab.com\/?p=13723","og_locale":"az_AZ","og_type":"article","og_title":"Jal\u0259 \u018fliyeva: \"10 il \u0259vv\u0259l Z\u0259rdaba ged\u0259nd\u0259 yeni tikili g\u00f6r\u0259 bilmirdim\" - Z\u0259rdab.com","og_description":"M\u00fcsahibimiz Milli M\u0259clisin M\u0259d\u0259niyy\u0259t Komit\u0259sinin \u00fczv\u00fc, Qara D\u0259niz \u0130qtisadi \u018fm\u0259kda\u015fl\u0131q T\u0259\u015fkilat\u0131 Parlament Assambleyas\u0131n\u0131n (QD\u0130\u018fT PA) komit\u0259 s\u0259dri, bit\u0259r\u0259f deputat Jal\u0259 \u018fliyevad\u0131r. Onunla g\u0259rgin ke\u00e7\u0259n s\u00f6hb\u0259timiz\u0259 Az\u0259rbaycanda ictimai, siyasi, sosial-iqtisadi probleml\u0259rd\u0259n dan\u0131\u015fd\u0131q. Jal\u0259 \u018fliyeva il\u0259 geni\u015f m\u00fcsahib\u0259ni oxucular\u0131m\u0131za t\u0259qdim edirik.\u00a0 &#8211; Jal\u0259 xan\u0131m, qiym\u0259tl\u0259rin artmas\u0131 Siz\u0259 nec\u0259 t\u0259sir g\u00f6st\u0259rib? &#8211; M\u0259nim bir ma\u015f\u0131n\u0131m v\u0259 bir s\u00fcr\u00fcc\u00fcm [&hellip;]","og_url":"https:\/\/www.zerdab.com\/?p=13723","og_site_name":"Z\u0259rdab.com","article_published_time":"2013-12-10T17:36:17+00:00","article_modified_time":"2023-10-10T15:29:18+00:00","og_image":[{"width":960,"height":640,"url":"https:\/\/www.zerdab.com\/wp-content\/uploads\/2020\/04\/jale-eliyeva.jpg","type":"image\/jpeg"}],"author":"admin","twitter_card":"summary_large_image","twitter_misc":{"Written by":"admin","Est. reading time":"14 minutes"},"schema":{"@context":"https:\/\/schema.org","@graph":[{"@type":"Article","@id":"https:\/\/www.zerdab.com\/?p=13723#article","isPartOf":{"@id":"https:\/\/www.zerdab.com\/?p=13723"},"author":{"name":"admin","@id":"https:\/\/www.zerdab.com\/#\/schema\/person\/97079b7570c1e89ec0d9e138c3672136"},"headline":"Jal\u0259 \u018fliyeva: &#8220;10 il \u0259vv\u0259l Z\u0259rdaba ged\u0259nd\u0259 yeni tikili g\u00f6r\u0259 bilmirdim&#8221;","datePublished":"2013-12-10T17:36:17+00:00","dateModified":"2023-10-10T15:29:18+00:00","mainEntityOfPage":{"@id":"https:\/\/www.zerdab.com\/?p=13723"},"wordCount":2728,"commentCount":2,"image":{"@id":"https:\/\/www.zerdab.com\/?p=13723#primaryimage"},"thumbnailUrl":"https:\/\/www.zerdab.com\/wp-content\/uploads\/2020\/04\/jale-eliyeva.jpg","articleSection":["M\u00dcSAH\u0130B\u018f"],"inLanguage":"az","potentialAction":[{"@type":"CommentAction","name":"Comment","target":["https:\/\/www.zerdab.com\/?p=13723#respond"]}]},{"@type":"WebPage","@id":"https:\/\/www.zerdab.com\/?p=13723","url":"https:\/\/www.zerdab.com\/?p=13723","name":"Jal\u0259 \u018fliyeva: \"10 il \u0259vv\u0259l Z\u0259rdaba ged\u0259nd\u0259 yeni tikili g\u00f6r\u0259 bilmirdim\" - Z\u0259rdab.com","isPartOf":{"@id":"https:\/\/www.zerdab.com\/#website"},"primaryImageOfPage":{"@id":"https:\/\/www.zerdab.com\/?p=13723#primaryimage"},"image":{"@id":"https:\/\/www.zerdab.com\/?p=13723#primaryimage"},"thumbnailUrl":"https:\/\/www.zerdab.com\/wp-content\/uploads\/2020\/04\/jale-eliyeva.jpg","datePublished":"2013-12-10T17:36:17+00:00","dateModified":"2023-10-10T15:29:18+00:00","author":{"@id":"https:\/\/www.zerdab.com\/#\/schema\/person\/97079b7570c1e89ec0d9e138c3672136"},"breadcrumb":{"@id":"https:\/\/www.zerdab.com\/?p=13723#breadcrumb"},"inLanguage":"az","potentialAction":[{"@type":"ReadAction","target":["https:\/\/www.zerdab.com\/?p=13723"]}]},{"@type":"ImageObject","inLanguage":"az","@id":"https:\/\/www.zerdab.com\/?p=13723#primaryimage","url":"https:\/\/www.zerdab.com\/wp-content\/uploads\/2020\/04\/jale-eliyeva.jpg","contentUrl":"https:\/\/www.zerdab.com\/wp-content\/uploads\/2020\/04\/jale-eliyeva.jpg","width":960,"height":640,"caption":"jale-eliyeva"},{"@type":"BreadcrumbList","@id":"https:\/\/www.zerdab.com\/?p=13723#breadcrumb","itemListElement":[{"@type":"ListItem","position":1,"name":"Home","item":"https:\/\/www.zerdab.com\/"},{"@type":"ListItem","position":2,"name":"Jal\u0259 \u018fliyeva: &#8220;10 il \u0259vv\u0259l Z\u0259rdaba ged\u0259nd\u0259 yeni tikili g\u00f6r\u0259 bilmirdim&#8221;"}]},{"@type":"WebSite","@id":"https:\/\/www.zerdab.com\/#website","url":"https:\/\/www.zerdab.com\/","name":"Z\u0259rdab.com","description":"","potentialAction":[{"@type":"SearchAction","target":{"@type":"EntryPoint","urlTemplate":"https:\/\/www.zerdab.com\/?s={search_term_string}"},"query-input":{"@type":"PropertyValueSpecification","valueRequired":true,"valueName":"search_term_string"}}],"inLanguage":"az"},{"@type":"Person","@id":"https:\/\/www.zerdab.com\/#\/schema\/person\/97079b7570c1e89ec0d9e138c3672136","name":"admin","image":{"@type":"ImageObject","inLanguage":"az","@id":"https:\/\/www.zerdab.com\/#\/schema\/person\/image\/","url":"https:\/\/secure.gravatar.com\/avatar\/d9c52a9a27c32119cb6679a077fa3e2779e5f822c451cbf01098004361d466ec?s=96&d=mm&r=g","contentUrl":"https:\/\/secure.gravatar.com\/avatar\/d9c52a9a27c32119cb6679a077fa3e2779e5f822c451cbf01098004361d466ec?s=96&d=mm&r=g","caption":"admin"},"url":"https:\/\/www.zerdab.com\/?author=1"}]}},"_links":{"self":[{"href":"https:\/\/www.zerdab.com\/index.php?rest_route=\/wp\/v2\/posts\/13723","targetHints":{"allow":["GET"]}}],"collection":[{"href":"https:\/\/www.zerdab.com\/index.php?rest_route=\/wp\/v2\/posts"}],"about":[{"href":"https:\/\/www.zerdab.com\/index.php?rest_route=\/wp\/v2\/types\/post"}],"author":[{"embeddable":true,"href":"https:\/\/www.zerdab.com\/index.php?rest_route=\/wp\/v2\/users\/1"}],"replies":[{"embeddable":true,"href":"https:\/\/www.zerdab.com\/index.php?rest_route=%2Fwp%2Fv2%2Fcomments&post=13723"}],"version-history":[{"count":4,"href":"https:\/\/www.zerdab.com\/index.php?rest_route=\/wp\/v2\/posts\/13723\/revisions"}],"predecessor-version":[{"id":30204,"href":"https:\/\/www.zerdab.com\/index.php?rest_route=\/wp\/v2\/posts\/13723\/revisions\/30204"}],"wp:featuredmedia":[{"embeddable":true,"href":"https:\/\/www.zerdab.com\/index.php?rest_route=\/wp\/v2\/media\/28118"}],"wp:attachment":[{"href":"https:\/\/www.zerdab.com\/index.php?rest_route=%2Fwp%2Fv2%2Fmedia&parent=13723"}],"wp:term":[{"taxonomy":"category","embeddable":true,"href":"https:\/\/www.zerdab.com\/index.php?rest_route=%2Fwp%2Fv2%2Fcategories&post=13723"},{"taxonomy":"post_tag","embeddable":true,"href":"https:\/\/www.zerdab.com\/index.php?rest_route=%2Fwp%2Fv2%2Ftags&post=13723"}],"curies":[{"name":"wp","href":"https:\/\/api.w.org\/{rel}","templated":true}]}}