{"id":13751,"date":"2013-12-12T16:25:00","date_gmt":"2013-12-12T12:25:00","guid":{"rendered":"http:\/\/www.zerdab.com\/?p=13751"},"modified":"2013-12-12T16:25:00","modified_gmt":"2013-12-12T12:25:00","slug":"z%c9%99rdabda-ulu-ond%c9%99r-heyd%c9%99r-%c9%99liyevin-anim-m%c9%99rasimi-kecirildi-foto","status":"publish","type":"post","link":"https:\/\/www.zerdab.com\/?p=13751","title":{"rendered":"Z\u0259rdabda ulu \u00f6nd\u0259r Heyd\u0259r \u018fliyevin an\u0131m m\u0259rasimi ke\u00e7irildi &#8211; Foto"},"content":{"rendered":"<p><a href=\"http:\/\/www.zerdab.com\/wp-content\/uploads\/2013\/12\/Zerdab10.jpg\"><img loading=\"lazy\" decoding=\"async\" class=\"aligncenter size-large wp-image-13755\" alt=\"Zerdab\" src=\"http:\/\/www.zerdab.com\/wp-content\/uploads\/2013\/12\/Zerdab10-550x365.jpg\" width=\"550\" height=\"365\" \/><\/a><\/p>\n<p>&nbsp;<\/p>\n<p>Dekabr ay\u0131n\u0131n \u0259vv\u0259lind\u0259n ba\u015flayaraq Z\u0259rdab rayonunda ulu \u00f6nd\u0259r Heyd\u0259r \u018fliyevin an\u0131m g\u00fcn\u00fc il\u0259 \u0259laq\u0259dar silsil\u0259 t\u0259dbirl\u0259r ke\u00e7irilm\u0259kd\u0259dir. U\u015faq ba\u011f\u00e7alar\u0131, \u00fcmumt\u0259hsil m\u0259kt\u0259bl\u0259ri \u00dcmummilli liderin ad\u0131n\u0131 da\u015f\u0131yan parkda ucald\u0131lm\u0131\u015f Ulu \u00d6nd\u0259rin abid\u0259sini ziyar\u0259t ed\u0259r\u0259k, Heyd\u0259r \u018fliyev M\u0259rk\u0259zind\u0259 \u00fcmummilli liderin h\u0259yat v\u0259 f\u0259aliyy\u0259tin\u0259 h\u0259sr olunmu\u015f video-\u00e7arxa v\u0259 foto-stendl\u0259r\u0259 bax\u0131\u015f ke\u00e7iribl\u0259r. Bu g\u00fcn Z\u0259rdab rayonunda \u00dcmummilli lider Heyd\u0259r \u018fliyevin an\u0131m g\u00fcn\u00fc m\u00fcnasib\u0259til\u0259 rayon ictimaiyy\u0259ti n\u00fcmay\u0259nd\u0259l\u0259rinin i\u015ftirak\u0131 il\u0259 an\u0131m m\u0259rasimi ke\u00e7irilib.<\/p>\n<p>M\u0259rasim i\u015ftirak\u00e7\u0131lar\u0131 &#8211; m\u0259kt\u0259blil\u0259r, veteranlar, h\u00fcquq-m\u00fchafiz\u0259 orqanlar\u0131n\u0131n i\u015f\u00e7il\u0259ri v\u0259 rayonun b\u00fct\u00fcn \u0259m\u0259k kollektivl\u0259rinin \u00fczvl\u0259ri \u0259vv\u0259lc\u0259 \u00dcmummilli lider Heyd\u0259r \u018fliyevin abid\u0259si \u00f6n\u00fcn\u0259 g\u00fcl d\u0259st\u0259l\u0259ri d\u00fcz\u00fcbl\u0259r.<\/p>\n<p>Ulu \u00d6nd\u0259rin \u0259ziz xatir\u0259sinin bir d\u0259qiq\u0259lik s\u00fckutla an\u0131lmas\u0131ndan sonra Rayon \u0130cra Hakimiyy\u0259tinin ba\u015f\u00e7\u0131s\u0131 L\u00fctv\u0259li Babayev ulu \u00f6nd\u0259rin h\u0259yat f\u0259aliyy\u0259ti il\u0259 ba\u011fl\u0131 \u201cHeyd\u0259r \u018fliyev yeni, m\u00fcst\u0259qil, demokratik Az\u0259rbaycan d\u00f6vl\u0259tinin memar\u0131d\u0131r\u201d m\u00f6vzusunda geni\u015f m\u0259ruz\u0259 il\u0259 \u00e7\u0131x\u0131\u015f edib. Natiq qeyd edib ki, Az\u0259rbaycan d\u00f6vl\u0259tinin tarixi v\u0259 taleyi Ulu \u00d6nd\u0259rin ad\u0131 il\u0259 s\u0131x ba\u011fl\u0131d\u0131r. Heyd\u0259r \u018fliyev Az\u0259rbaycana r\u0259hb\u0259rlik etdiyi d\u00f6vrl\u0259rd\u0259 ictimai-siyasi, iqtisadi v\u0259 m\u0259d\u0259ni h\u0259yat\u0131n b\u00fct\u00fcn sah\u0259l\u0259rind\u0259 inki\u015faf, dir\u00e7\u0259li\u015f olmu\u015fdur. M\u0259hz Heyd\u0259r \u018fliyev Az\u0259rbaycan\u0131 bir d\u00f6vl\u0259t kimi zaman\u0131n a\u011f\u0131r v\u0259 s\u0259rt s\u0131naqlar\u0131ndan \u00e7\u0131xarm\u0131\u015fd\u0131r. H\u0259l\u0259 sa\u011fl\u0131\u011f\u0131nda canl\u0131 \u0259fsan\u0259y\u0259 \u00e7evrilmi\u015f Heyd\u0259r \u018fliyev q\u00fcdr\u0259tli siyasi xadim, \u0259v\u0259zolunmaz tarixi \u015f\u0259xsiyy\u0259t v\u0259 \u0259sl Az\u0259rbaycanl\u0131 idi. L.mBabayev vur\u011fulay\u0131b ki, Heyd\u0259r \u018fliyev 20-ci y\u00fczilliyin canl\u0131 tarixi, yeni, M\u00fcst\u0259qil Az\u0259rbaycan\u0131n qurucusu kimi \u0259l\u00e7atmaz zirv\u0259 f\u0259th edib. \u00d6z\u00fcn\u0259 \u0259b\u0259diya\u015farl\u0131q statusu qazanm\u0131\u015f \u00dcmummilli lider siyasi v\u0259 ictimai f\u0259aliyy\u0259ti il\u0259\u00a0 \u00f6z xalq\u0131n\u0131n v\u0259 Az\u0259rbaycan\u0131n \u00e7a\u011fda\u015f tarixind\u0259 el\u0259 bir iz qoyubdur ki, bu g\u00fcn Az\u0259rbaycan\u0131 Heyd\u0259r \u018fliyevsiz t\u0259s\u0259vv\u00fcr etm\u0259k m\u00fcmk\u00fcn deyildir. Ulu \u00d6nd\u0259rin bu xidm\u0259tl\u0259ri Heyd\u0259r Xalq \u2013 Xalq Heyd\u0259r k\u0259lam\u0131nda \u00f6z t\u0259sdiqini tapm\u0131\u015fd\u0131r.<\/p>\n<p>M\u0259ruz\u0259\u00e7i Az\u0259rbaycan d\u00f6vl\u0259tinin s\u00fckan\u0131n\u0131n bu g\u00fcn d\u0259 etibarl\u0131 \u0259ll\u0259rd\u0259 olmas\u0131n\u0131 m\u0259mnunluqla vur\u011fulay\u0131b, son 10 ild\u0259 m\u00f6ht\u0259r\u0259m Prezidentimiz c\u0259nab \u0130lham \u018fliyevin r\u0259hb\u0259rliyi il\u0259 \u00f6lk\u0259mizd\u0259, el\u0259c\u0259 d\u0259 regionlarda g\u00f6r\u00fcl\u0259n geni\u015fmiqyasl\u0131 abadl\u0131q v\u0259 quruculuq i\u015fl\u0259rind\u0259n, insanlar\u0131n sosial probleml\u0259rinin h\u0259lli istiqam\u0259tind\u0259 at\u0131lan c\u0259sar\u0259tli add\u0131mlardan m\u00fcst\u0259qil Az\u0259rbaycan\u0131n beyn\u0259lxalq al\u0259md\u0259 artan n\u00fcfuzundan b\u0259hs edib.<\/p>\n<p>T\u0259dbir i\u015ftirak\u00e7\u0131lar\u0131 Heyd\u0259r \u018fliyev M\u0259rk\u0259zind\u0259 Ulu \u00d6nd\u0259rin h\u0259yat v\u0259 f\u0259aliyy\u0259tini \u0259ks etdir\u0259n film\u0259 v\u0259 foto stendl\u0259r\u0259 bax\u0131blar. Sonra m\u0259rasim i\u015ftirak\u00e7\u0131lar\u0131 \u00dcmummilli lider Heyd\u0259r \u018fliyevin xatir\u0259sinin an\u0131m g\u00fcn\u00fcn\u0259 h\u0259sr olunmu\u015f divar q\u0259zetl\u0259rin\u0259 bax\u0131\u015f m\u00fcsabiq\u0259sind\u0259 qalib g\u0259lmi\u015f divar q\u0259zetl\u0259rinin v\u0259 Ulu \u00d6nd\u0259rin h\u0259yat v\u0259 f\u0259aliyy\u0259tind\u0259n b\u0259hs ed\u0259n kitablar\u0131n s\u0259rgisi il\u0259 tan\u0131\u015f olublar.<\/p>\n<p>G\u00fcn \u0259rzind\u0259 rayonun b\u00fct\u00fcn m\u0259scidl\u0259rind\u0259 \u00dcmummilli lider Heyd\u0259r \u018fliyevin xatir\u0259sinin an\u0131m g\u00fcn\u00fcn\u0259 h\u0259sr olunmu\u015f dini m\u0259rasiml\u0259r t\u0259\u015fkil olunub.<\/p>\n<p><b>Z\u0259rdab R\u0130HB Aparat\u0131n\u0131n informasiya t\u0259minat\u0131 v\u0259 t\u0259hlil sektoru<\/b><\/p>\n<p><a href=\"http:\/\/www.zerdab.com\/wp-content\/uploads\/2013\/12\/Zerdab2.jpg\"><img loading=\"lazy\" decoding=\"async\" class=\"aligncenter size-large wp-image-13754\" alt=\"Zerdab\" src=\"http:\/\/www.zerdab.com\/wp-content\/uploads\/2013\/12\/Zerdab2-550x365.jpg\" width=\"550\" height=\"365\" \/><a href=\"http:\/\/www.zerdab.com\/wp-content\/uploads\/2013\/12\/Zerdab8.jpg\"><img loading=\"lazy\" decoding=\"async\" class=\"aligncenter size-large wp-image-13760\" alt=\"Zerdab\" src=\"http:\/\/www.zerdab.com\/wp-content\/uploads\/2013\/12\/Zerdab8-550x365.jpg\" width=\"550\" height=\"365\" \/><\/a><a href=\"http:\/\/www.zerdab.com\/wp-content\/uploads\/2013\/12\/Zerdab4.jpg\"><img loading=\"lazy\" decoding=\"async\" class=\"aligncenter size-large wp-image-13756\" alt=\"Zerdab\" src=\"http:\/\/www.zerdab.com\/wp-content\/uploads\/2013\/12\/Zerdab4-365x550.jpg\" width=\"365\" height=\"550\" \/><\/a><a href=\"http:\/\/www.zerdab.com\/wp-content\/uploads\/2013\/12\/Zerdab9.jpg\"><img loading=\"lazy\" decoding=\"async\" class=\"aligncenter size-large wp-image-13761\" alt=\"Zerdab\" src=\"http:\/\/www.zerdab.com\/wp-content\/uploads\/2013\/12\/Zerdab9-550x365.jpg\" width=\"550\" height=\"365\" \/><\/a><a href=\"http:\/\/www.zerdab.com\/wp-content\/uploads\/2013\/12\/Zerdab7.jpg\"><img loading=\"lazy\" decoding=\"async\" class=\"aligncenter size-large wp-image-13759\" alt=\"Zerdab\" src=\"http:\/\/www.zerdab.com\/wp-content\/uploads\/2013\/12\/Zerdab7-550x365.jpg\" width=\"550\" height=\"365\" \/><\/a><a href=\"http:\/\/www.zerdab.com\/wp-content\/uploads\/2013\/12\/Zerdab6.jpg\"><img loading=\"lazy\" decoding=\"async\" class=\"aligncenter size-large wp-image-13758\" alt=\"Zerdab\" src=\"http:\/\/www.zerdab.com\/wp-content\/uploads\/2013\/12\/Zerdab6-550x365.jpg\" width=\"550\" height=\"365\" \/><\/a><a href=\"http:\/\/www.zerdab.com\/wp-content\/uploads\/2013\/12\/Zerdab5.jpg\"><img loading=\"lazy\" decoding=\"async\" class=\"aligncenter size-large wp-image-13757\" alt=\"Zerdab\" src=\"http:\/\/www.zerdab.com\/wp-content\/uploads\/2013\/12\/Zerdab5-550x365.jpg\" width=\"550\" height=\"365\" \/><\/a><a href=\"http:\/\/www.zerdab.com\/wp-content\/uploads\/2013\/12\/Zerdab1.jpg\"><img loading=\"lazy\" decoding=\"async\" class=\"aligncenter size-large wp-image-13753\" alt=\"Zerdab\" src=\"http:\/\/www.zerdab.com\/wp-content\/uploads\/2013\/12\/Zerdab1-550x471.jpg\" width=\"550\" height=\"471\" \/><\/a><\/a><\/p>\n","protected":false},"excerpt":{"rendered":"<p>&nbsp; Dekabr ay\u0131n\u0131n \u0259vv\u0259lind\u0259n ba\u015flayaraq Z\u0259rdab rayonunda ulu \u00f6nd\u0259r Heyd\u0259r \u018fliyevin an\u0131m g\u00fcn\u00fc il\u0259 \u0259laq\u0259dar silsil\u0259 t\u0259dbirl\u0259r ke\u00e7irilm\u0259kd\u0259dir. U\u015faq ba\u011f\u00e7alar\u0131, \u00fcmumt\u0259hsil m\u0259kt\u0259bl\u0259ri \u00dcmummilli liderin ad\u0131n\u0131 da\u015f\u0131yan parkda ucald\u0131lm\u0131\u015f Ulu \u00d6nd\u0259rin abid\u0259sini ziyar\u0259t ed\u0259r\u0259k, Heyd\u0259r \u018fliyev M\u0259rk\u0259zind\u0259 \u00fcmummilli liderin h\u0259yat v\u0259 f\u0259aliyy\u0259tin\u0259 h\u0259sr olunmu\u015f video-\u00e7arxa v\u0259 foto-stendl\u0259r\u0259 bax\u0131\u015f ke\u00e7iribl\u0259r. Bu g\u00fcn Z\u0259rdab rayonunda \u00dcmummilli lider Heyd\u0259r [&hellip;]<\/p>\n","protected":false},"author":1,"featured_media":0,"comment_status":"open","ping_status":"open","sticky":false,"template":"","format":"standard","meta":{"footnotes":""},"categories":[5],"tags":[],"class_list":{"0":"post-13751","1":"post","2":"type-post","3":"status-publish","4":"format-standard","6":"category-knd"},"yoast_head":"<!-- This site is optimized with the Yoast SEO plugin v27.0 - https:\/\/yoast.com\/product\/yoast-seo-wordpress\/ -->\n<title>Z\u0259rdabda ulu \u00f6nd\u0259r Heyd\u0259r \u018fliyevin an\u0131m m\u0259rasimi ke\u00e7irildi - Foto - Z\u0259rdab.com<\/title>\n<meta name=\"robots\" content=\"index, follow, max-snippet:-1, max-image-preview:large, max-video-preview:-1\" \/>\n<link rel=\"canonical\" href=\"https:\/\/www.zerdab.com\/?p=13751\" \/>\n<meta property=\"og:locale\" content=\"az_AZ\" \/>\n<meta property=\"og:type\" content=\"article\" \/>\n<meta property=\"og:title\" content=\"Z\u0259rdabda ulu \u00f6nd\u0259r Heyd\u0259r \u018fliyevin an\u0131m m\u0259rasimi ke\u00e7irildi - Foto - Z\u0259rdab.com\" \/>\n<meta property=\"og:description\" content=\"&nbsp; Dekabr ay\u0131n\u0131n \u0259vv\u0259lind\u0259n ba\u015flayaraq Z\u0259rdab rayonunda ulu \u00f6nd\u0259r Heyd\u0259r \u018fliyevin an\u0131m g\u00fcn\u00fc il\u0259 \u0259laq\u0259dar silsil\u0259 t\u0259dbirl\u0259r ke\u00e7irilm\u0259kd\u0259dir. U\u015faq ba\u011f\u00e7alar\u0131, \u00fcmumt\u0259hsil m\u0259kt\u0259bl\u0259ri \u00dcmummilli liderin ad\u0131n\u0131 da\u015f\u0131yan parkda ucald\u0131lm\u0131\u015f Ulu \u00d6nd\u0259rin abid\u0259sini ziyar\u0259t ed\u0259r\u0259k, Heyd\u0259r \u018fliyev M\u0259rk\u0259zind\u0259 \u00fcmummilli liderin h\u0259yat v\u0259 f\u0259aliyy\u0259tin\u0259 h\u0259sr olunmu\u015f video-\u00e7arxa v\u0259 foto-stendl\u0259r\u0259 bax\u0131\u015f ke\u00e7iribl\u0259r. Bu g\u00fcn Z\u0259rdab rayonunda \u00dcmummilli lider Heyd\u0259r [&hellip;]\" \/>\n<meta property=\"og:url\" content=\"https:\/\/www.zerdab.com\/?p=13751\" \/>\n<meta property=\"og:site_name\" content=\"Z\u0259rdab.com\" \/>\n<meta property=\"article:published_time\" content=\"2013-12-12T12:25:00+00:00\" \/>\n<meta property=\"og:image\" content=\"http:\/\/www.zerdab.com\/wp-content\/uploads\/2013\/12\/Zerdab10-550x365.jpg\" \/>\n<meta name=\"author\" content=\"admin\" \/>\n<meta name=\"twitter:card\" content=\"summary_large_image\" \/>\n<meta name=\"twitter:label1\" content=\"Written by\" \/>\n\t<meta name=\"twitter:data1\" content=\"admin\" \/>\n\t<meta name=\"twitter:label2\" content=\"Est. reading time\" \/>\n\t<meta name=\"twitter:data2\" content=\"3 minutes\" \/>\n<script type=\"application\/ld+json\" class=\"yoast-schema-graph\">{\"@context\":\"https:\/\/schema.org\",\"@graph\":[{\"@type\":\"Article\",\"@id\":\"https:\/\/www.zerdab.com\/?p=13751#article\",\"isPartOf\":{\"@id\":\"https:\/\/www.zerdab.com\/?p=13751\"},\"author\":{\"name\":\"admin\",\"@id\":\"https:\/\/www.zerdab.com\/#\/schema\/person\/97079b7570c1e89ec0d9e138c3672136\"},\"headline\":\"Z\u0259rdabda ulu \u00f6nd\u0259r Heyd\u0259r \u018fliyevin an\u0131m m\u0259rasimi ke\u00e7irildi &#8211; Foto\",\"datePublished\":\"2013-12-12T12:25:00+00:00\",\"mainEntityOfPage\":{\"@id\":\"https:\/\/www.zerdab.com\/?p=13751\"},\"wordCount\":690,\"commentCount\":1,\"image\":{\"@id\":\"https:\/\/www.zerdab.com\/?p=13751#primaryimage\"},\"thumbnailUrl\":\"http:\/\/www.zerdab.com\/wp-content\/uploads\/2013\/12\/Zerdab10-550x365.jpg\",\"articleSection\":[\"X\u018fB\u018fRL\u018fR\"],\"inLanguage\":\"az\",\"potentialAction\":[{\"@type\":\"CommentAction\",\"name\":\"Comment\",\"target\":[\"https:\/\/www.zerdab.com\/?p=13751#respond\"]}]},{\"@type\":\"WebPage\",\"@id\":\"https:\/\/www.zerdab.com\/?p=13751\",\"url\":\"https:\/\/www.zerdab.com\/?p=13751\",\"name\":\"Z\u0259rdabda ulu \u00f6nd\u0259r Heyd\u0259r \u018fliyevin an\u0131m m\u0259rasimi ke\u00e7irildi - Foto - Z\u0259rdab.com\",\"isPartOf\":{\"@id\":\"https:\/\/www.zerdab.com\/#website\"},\"primaryImageOfPage\":{\"@id\":\"https:\/\/www.zerdab.com\/?p=13751#primaryimage\"},\"image\":{\"@id\":\"https:\/\/www.zerdab.com\/?p=13751#primaryimage\"},\"thumbnailUrl\":\"http:\/\/www.zerdab.com\/wp-content\/uploads\/2013\/12\/Zerdab10-550x365.jpg\",\"datePublished\":\"2013-12-12T12:25:00+00:00\",\"author\":{\"@id\":\"https:\/\/www.zerdab.com\/#\/schema\/person\/97079b7570c1e89ec0d9e138c3672136\"},\"breadcrumb\":{\"@id\":\"https:\/\/www.zerdab.com\/?p=13751#breadcrumb\"},\"inLanguage\":\"az\",\"potentialAction\":[{\"@type\":\"ReadAction\",\"target\":[\"https:\/\/www.zerdab.com\/?p=13751\"]}]},{\"@type\":\"ImageObject\",\"inLanguage\":\"az\",\"@id\":\"https:\/\/www.zerdab.com\/?p=13751#primaryimage\",\"url\":\"\",\"contentUrl\":\"\"},{\"@type\":\"BreadcrumbList\",\"@id\":\"https:\/\/www.zerdab.com\/?p=13751#breadcrumb\",\"itemListElement\":[{\"@type\":\"ListItem\",\"position\":1,\"name\":\"Home\",\"item\":\"https:\/\/www.zerdab.com\/\"},{\"@type\":\"ListItem\",\"position\":2,\"name\":\"Z\u0259rdabda ulu \u00f6nd\u0259r Heyd\u0259r \u018fliyevin an\u0131m m\u0259rasimi ke\u00e7irildi &#8211; Foto\"}]},{\"@type\":\"WebSite\",\"@id\":\"https:\/\/www.zerdab.com\/#website\",\"url\":\"https:\/\/www.zerdab.com\/\",\"name\":\"Z\u0259rdab.com\",\"description\":\"\",\"potentialAction\":[{\"@type\":\"SearchAction\",\"target\":{\"@type\":\"EntryPoint\",\"urlTemplate\":\"https:\/\/www.zerdab.com\/?s={search_term_string}\"},\"query-input\":{\"@type\":\"PropertyValueSpecification\",\"valueRequired\":true,\"valueName\":\"search_term_string\"}}],\"inLanguage\":\"az\"},{\"@type\":\"Person\",\"@id\":\"https:\/\/www.zerdab.com\/#\/schema\/person\/97079b7570c1e89ec0d9e138c3672136\",\"name\":\"admin\",\"image\":{\"@type\":\"ImageObject\",\"inLanguage\":\"az\",\"@id\":\"https:\/\/www.zerdab.com\/#\/schema\/person\/image\/\",\"url\":\"https:\/\/secure.gravatar.com\/avatar\/d9c52a9a27c32119cb6679a077fa3e2779e5f822c451cbf01098004361d466ec?s=96&d=mm&r=g\",\"contentUrl\":\"https:\/\/secure.gravatar.com\/avatar\/d9c52a9a27c32119cb6679a077fa3e2779e5f822c451cbf01098004361d466ec?s=96&d=mm&r=g\",\"caption\":\"admin\"},\"url\":\"https:\/\/www.zerdab.com\/?author=1\"}]}<\/script>\n<!-- \/ Yoast SEO plugin. -->","yoast_head_json":{"title":"Z\u0259rdabda ulu \u00f6nd\u0259r Heyd\u0259r \u018fliyevin an\u0131m m\u0259rasimi ke\u00e7irildi - Foto - Z\u0259rdab.com","robots":{"index":"index","follow":"follow","max-snippet":"max-snippet:-1","max-image-preview":"max-image-preview:large","max-video-preview":"max-video-preview:-1"},"canonical":"https:\/\/www.zerdab.com\/?p=13751","og_locale":"az_AZ","og_type":"article","og_title":"Z\u0259rdabda ulu \u00f6nd\u0259r Heyd\u0259r \u018fliyevin an\u0131m m\u0259rasimi ke\u00e7irildi - Foto - Z\u0259rdab.com","og_description":"&nbsp; Dekabr ay\u0131n\u0131n \u0259vv\u0259lind\u0259n ba\u015flayaraq Z\u0259rdab rayonunda ulu \u00f6nd\u0259r Heyd\u0259r \u018fliyevin an\u0131m g\u00fcn\u00fc il\u0259 \u0259laq\u0259dar silsil\u0259 t\u0259dbirl\u0259r ke\u00e7irilm\u0259kd\u0259dir. U\u015faq ba\u011f\u00e7alar\u0131, \u00fcmumt\u0259hsil m\u0259kt\u0259bl\u0259ri \u00dcmummilli liderin ad\u0131n\u0131 da\u015f\u0131yan parkda ucald\u0131lm\u0131\u015f Ulu \u00d6nd\u0259rin abid\u0259sini ziyar\u0259t ed\u0259r\u0259k, Heyd\u0259r \u018fliyev M\u0259rk\u0259zind\u0259 \u00fcmummilli liderin h\u0259yat v\u0259 f\u0259aliyy\u0259tin\u0259 h\u0259sr olunmu\u015f video-\u00e7arxa v\u0259 foto-stendl\u0259r\u0259 bax\u0131\u015f ke\u00e7iribl\u0259r. Bu g\u00fcn Z\u0259rdab rayonunda \u00dcmummilli lider Heyd\u0259r [&hellip;]","og_url":"https:\/\/www.zerdab.com\/?p=13751","og_site_name":"Z\u0259rdab.com","article_published_time":"2013-12-12T12:25:00+00:00","og_image":[{"url":"http:\/\/www.zerdab.com\/wp-content\/uploads\/2013\/12\/Zerdab10-550x365.jpg","type":"","width":"","height":""}],"author":"admin","twitter_card":"summary_large_image","twitter_misc":{"Written by":"admin","Est. reading time":"3 minutes"},"schema":{"@context":"https:\/\/schema.org","@graph":[{"@type":"Article","@id":"https:\/\/www.zerdab.com\/?p=13751#article","isPartOf":{"@id":"https:\/\/www.zerdab.com\/?p=13751"},"author":{"name":"admin","@id":"https:\/\/www.zerdab.com\/#\/schema\/person\/97079b7570c1e89ec0d9e138c3672136"},"headline":"Z\u0259rdabda ulu \u00f6nd\u0259r Heyd\u0259r \u018fliyevin an\u0131m m\u0259rasimi ke\u00e7irildi &#8211; Foto","datePublished":"2013-12-12T12:25:00+00:00","mainEntityOfPage":{"@id":"https:\/\/www.zerdab.com\/?p=13751"},"wordCount":690,"commentCount":1,"image":{"@id":"https:\/\/www.zerdab.com\/?p=13751#primaryimage"},"thumbnailUrl":"http:\/\/www.zerdab.com\/wp-content\/uploads\/2013\/12\/Zerdab10-550x365.jpg","articleSection":["X\u018fB\u018fRL\u018fR"],"inLanguage":"az","potentialAction":[{"@type":"CommentAction","name":"Comment","target":["https:\/\/www.zerdab.com\/?p=13751#respond"]}]},{"@type":"WebPage","@id":"https:\/\/www.zerdab.com\/?p=13751","url":"https:\/\/www.zerdab.com\/?p=13751","name":"Z\u0259rdabda ulu \u00f6nd\u0259r Heyd\u0259r \u018fliyevin an\u0131m m\u0259rasimi ke\u00e7irildi - Foto - Z\u0259rdab.com","isPartOf":{"@id":"https:\/\/www.zerdab.com\/#website"},"primaryImageOfPage":{"@id":"https:\/\/www.zerdab.com\/?p=13751#primaryimage"},"image":{"@id":"https:\/\/www.zerdab.com\/?p=13751#primaryimage"},"thumbnailUrl":"http:\/\/www.zerdab.com\/wp-content\/uploads\/2013\/12\/Zerdab10-550x365.jpg","datePublished":"2013-12-12T12:25:00+00:00","author":{"@id":"https:\/\/www.zerdab.com\/#\/schema\/person\/97079b7570c1e89ec0d9e138c3672136"},"breadcrumb":{"@id":"https:\/\/www.zerdab.com\/?p=13751#breadcrumb"},"inLanguage":"az","potentialAction":[{"@type":"ReadAction","target":["https:\/\/www.zerdab.com\/?p=13751"]}]},{"@type":"ImageObject","inLanguage":"az","@id":"https:\/\/www.zerdab.com\/?p=13751#primaryimage","url":"","contentUrl":""},{"@type":"BreadcrumbList","@id":"https:\/\/www.zerdab.com\/?p=13751#breadcrumb","itemListElement":[{"@type":"ListItem","position":1,"name":"Home","item":"https:\/\/www.zerdab.com\/"},{"@type":"ListItem","position":2,"name":"Z\u0259rdabda ulu \u00f6nd\u0259r Heyd\u0259r \u018fliyevin an\u0131m m\u0259rasimi ke\u00e7irildi &#8211; Foto"}]},{"@type":"WebSite","@id":"https:\/\/www.zerdab.com\/#website","url":"https:\/\/www.zerdab.com\/","name":"Z\u0259rdab.com","description":"","potentialAction":[{"@type":"SearchAction","target":{"@type":"EntryPoint","urlTemplate":"https:\/\/www.zerdab.com\/?s={search_term_string}"},"query-input":{"@type":"PropertyValueSpecification","valueRequired":true,"valueName":"search_term_string"}}],"inLanguage":"az"},{"@type":"Person","@id":"https:\/\/www.zerdab.com\/#\/schema\/person\/97079b7570c1e89ec0d9e138c3672136","name":"admin","image":{"@type":"ImageObject","inLanguage":"az","@id":"https:\/\/www.zerdab.com\/#\/schema\/person\/image\/","url":"https:\/\/secure.gravatar.com\/avatar\/d9c52a9a27c32119cb6679a077fa3e2779e5f822c451cbf01098004361d466ec?s=96&d=mm&r=g","contentUrl":"https:\/\/secure.gravatar.com\/avatar\/d9c52a9a27c32119cb6679a077fa3e2779e5f822c451cbf01098004361d466ec?s=96&d=mm&r=g","caption":"admin"},"url":"https:\/\/www.zerdab.com\/?author=1"}]}},"_links":{"self":[{"href":"https:\/\/www.zerdab.com\/index.php?rest_route=\/wp\/v2\/posts\/13751","targetHints":{"allow":["GET"]}}],"collection":[{"href":"https:\/\/www.zerdab.com\/index.php?rest_route=\/wp\/v2\/posts"}],"about":[{"href":"https:\/\/www.zerdab.com\/index.php?rest_route=\/wp\/v2\/types\/post"}],"author":[{"embeddable":true,"href":"https:\/\/www.zerdab.com\/index.php?rest_route=\/wp\/v2\/users\/1"}],"replies":[{"embeddable":true,"href":"https:\/\/www.zerdab.com\/index.php?rest_route=%2Fwp%2Fv2%2Fcomments&post=13751"}],"version-history":[{"count":1,"href":"https:\/\/www.zerdab.com\/index.php?rest_route=\/wp\/v2\/posts\/13751\/revisions"}],"predecessor-version":[{"id":13762,"href":"https:\/\/www.zerdab.com\/index.php?rest_route=\/wp\/v2\/posts\/13751\/revisions\/13762"}],"wp:attachment":[{"href":"https:\/\/www.zerdab.com\/index.php?rest_route=%2Fwp%2Fv2%2Fmedia&parent=13751"}],"wp:term":[{"taxonomy":"category","embeddable":true,"href":"https:\/\/www.zerdab.com\/index.php?rest_route=%2Fwp%2Fv2%2Fcategories&post=13751"},{"taxonomy":"post_tag","embeddable":true,"href":"https:\/\/www.zerdab.com\/index.php?rest_route=%2Fwp%2Fv2%2Ftags&post=13751"}],"curies":[{"name":"wp","href":"https:\/\/api.w.org\/{rel}","templated":true}]}}