{"id":13786,"date":"2013-12-14T08:00:48","date_gmt":"2013-12-14T04:00:48","guid":{"rendered":"http:\/\/www.zerdab.com\/?p=13786"},"modified":"2013-12-13T23:54:38","modified_gmt":"2013-12-13T19:54:38","slug":"muradali-heyd%c9%99rov-q%c9%99l%c9%99b%c9%99-namin%c9%99-n%c9%99-mumkundur-etmis%c9%99m","status":"publish","type":"post","link":"https:\/\/www.zerdab.com\/?p=13786","title":{"rendered":"Muradal\u0131 Heyd\u0259rov: &#8220;Q\u0259l\u0259b\u0259 namin\u0259 n\u0259 m\u00fcmk\u00fcnd\u00fcr, etmi\u015f\u0259m&#8221;"},"content":{"rendered":"<p><b><i><a href=\"http:\/\/www.zerdab.com\/wp-content\/uploads\/2013\/12\/Muradal\u0131-Heyd\u0259rov-3.jpg\"><img loading=\"lazy\" decoding=\"async\" class=\"aligncenter size-large wp-image-13787\" alt=\"Muradal\u0131 Heyd\u0259rov\" src=\"http:\/\/www.zerdab.com\/wp-content\/uploads\/2013\/12\/Muradal\u0131-Heyd\u0259rov-3-550x365.jpg\" width=\"550\" height=\"365\" \/><\/a>X\u0259b\u0259r verdiyimiz kimi, h\u0259rbi atta\u015fe, polkovnik <span style=\"color: #0000ff;\">V.K.\u00c7ernenko<\/span> ba\u015fda olmaqla Rusiya s\u0259firliyinin Az\u0259rbaycandak\u0131 n\u00fcmay\u0259nd\u0259 hey\u0259ti rayonumuza s\u0259f\u0259r ed\u0259r\u0259k B\u00f6y\u00fck V\u0259t\u0259n m\u00fcharib\u0259sinin q\u0259hr\u0259man\u0131, 3 \u201c\u015e\u00f6hr\u0259t\u201d ordenli h\u0259myerlimiz Muradal\u0131 Heyd\u0259robla g\u00f6r\u00fc\u015f\u00fcb. Z\u0259rdab rayonunda \u00e7\u0131xan &#8220;\u018fkin\u00e7i&#8221; q<b><i>\u0259<\/i><\/b>zetinin redaktoru <span style=\"color: #0000ff;\">\u0130sam<b><i>\u0259<\/i><\/b>ddin \u018fhm\u0259dov<\/span> bununla <b><i>\u0259<\/i><\/b>laq<b><i>\u0259<\/i><\/b>dar m<b><i>\u0259<\/i><\/b>lumatlar\u0131 v\u0259 fotolar\u0131 Zerdab.com sayt\u0131na g\u00f6nd<b><i>\u0259<\/i><\/b>rib. H<b><i>\u0259<\/i><\/b>min m<b><i>\u0259<\/i><\/b>lumatlar\u0131 oldu\u011fu kimi t<b><i>\u0259<\/i>qdim edirik. <\/b><\/i><\/b><\/p>\n<p><b><i><span style=\"color: #0000ff;\">Bu g\u00f6r\u00fc\u015f\u00fcn y\u00fcks\u0259k s\u0259viyy\u0259d\u0259 t\u0259\u015fkili il\u0259 \u0259laq\u0259dar Rusiyan\u0131n \u00f6lk\u0259mizd\u0259ki s\u0259firi c\u0259nab V.Doroxin rayonumuzun r\u0259hb\u0259ri L\u00fctv\u0259li Babayev\u0259 minn\u0259tdarl\u0131q m\u0259ktubu g\u00f6nd\u0259rmi\u015fdir. M<b><i>\u0259<\/i><\/b>ktubda deyilir:<\/span> <\/i><\/b><\/p>\n<p><strong>&#8220;H\u00f6rm\u0259tli L\u00fctv\u0259li Bab\u0259li o\u011flu!<\/strong><\/p>\n<p>H\u0259rbi atta\u015fe, polkovnik V.K.\u00c7ernenko ba\u015fda olmaqla, s\u0259firliyimizin n\u00fcmay\u0259nd\u0259 hey\u0259tinin Sizin rayonunuzda ya\u015fayan, B\u00f6y\u00fck V\u0259t\u0259n m\u00fcharib\u0259sinin q\u0259hr\u0259man\u0131, \u201c\u015e\u00f6hr\u0259t\u201d ordeninin b\u00fct\u00fcn d\u0259r\u0259c\u0259l\u0259ri il\u0259 t\u0259ltif olunmu\u015f M.\u015e.Heyd\u0259rovla g\u00f6r\u00fc\u015f\u00fcn\u00fcn t\u0259\u015fkilin\u0259 yaratd\u0131\u011f\u0131n\u0131z \u015f\u0259rait\u0259 g\u00f6r\u0259 Siz\u0259 s\u0259mimi t\u0259\u015f\u0259kk\u00fcr\u00fcm\u00fc \u00e7atd\u0131rmaq ist\u0259yir\u0259m.<\/p>\n<p>Rusiyada xat\u0131rlay\u0131rlar ki, fa\u015fist Almaniyas\u0131 \u00fcz\u0259rind\u0259 Q\u0259l\u0259b\u0259 yaln\u0131z b\u00fct\u00fcn sovet xalqlar\u0131n\u0131n s\u0131x birliyi say\u0259sind\u0259 m\u00fcmk\u00fcn oldu. Biz Az\u0259rbaycan\u0131n d\u00f6y\u00fc\u015f\u00e7\u00fcl\u0259rinin v\u0259 arxa c\u0259bh\u0259 \u0259m\u0259k\u00e7il\u0259rinin \u00fcmumi Q\u0259l\u0259b\u0259y\u0259 t\u00f6hf\u0259sini y\u00fcks\u0259k qiym\u0259tl\u0259ndiririk.<\/p>\n<p>Bel\u0259 bilir\u0259m ki, 1941-45-ci ill\u0259r B\u00f6y\u00fck V\u0259t\u0259n m\u00fcharib\u0259sinin h\u0259yatdan k\u00f6\u00e7\u0259n v\u0259 bu g\u00fcn d\u0259 s\u0131ralar\u0131m\u0131zda olan q\u0259hr\u0259manlar\u0131n\u0131n xatir\u0259l\u0259rinin qorunub saxlanmas\u0131na h\u0259sr olunacaq bundan sonrak\u0131 birg\u0259 t\u0259dbirl\u0259rimiz d\u0259 Rusiya&#8211;Az\u0259rbaycan \u0259laq\u0259l\u0259rinin m\u00f6hk\u0259ml\u0259nm\u0259sin\u0259, Rusiya v\u0259 Az\u0259rbaycan xalqlar\u0131n\u0131n \u0259n\u0259n\u0259vi dostluq v\u0259 qar\u015f\u0131l\u0131ql\u0131 r\u0259\u011fb\u0259t hissl\u0259rinin m\u00f6hk\u0259ml\u0259nm\u0259sin\u0259 k\u00f6m\u0259k ed\u0259c\u0259k.<\/p>\n<p style=\"text-align: left;\" align=\"right\"><b><i>H\u00f6rm\u0259tl\u0259, <\/i>Rusiya Federasiyas\u0131n\u0131n Az\u0259rbaycan Respublikas\u0131ndak\u0131 f\u00f6vq\u0259lad\u0259 v\u0259 s\u0259lahiyy\u0259tli s\u0259firi<\/b><\/p>\n<p style=\"text-align: left;\" align=\"right\"><span style=\"color: #0000ff;\"><b><i>V.DOROX\u0130N.<\/i><\/b><\/span><\/p>\n<p style=\"text-align: left;\"><b><i>Bak\u0131 \u015f\u0259h\u0259ri, 25 noyabr, 2013-c\u00fc il&#8221;.<\/i><\/b><\/p>\n<p style=\"text-align: justify;\"><span style=\"color: #0000ff;\"><b>RUS\u0130YANIN AZ\u018fRBAYCANDAKI S\u018fF\u0130RL\u0130Y\u0130 YANINDA H\u018fRB\u0130 ATTA\u015eE, POLKOVN\u0130K V.K.\u00c7ERNENKONUN \u00dcR\u018fK S\u00d6ZL\u018fR\u0130:<\/b> <\/span><\/p>\n<p style=\"text-align: justify;\">&#8220;Biz &#8211; Rusiya Federasiyas\u0131n\u0131n Az\u0259rbaycandak\u0131 s\u0259firliyi yan\u0131nda h\u0259rbi atta\u015fe, polkovnik \u00c7ernenko V.K., k\u00f6m\u0259k\u00e7im, podpolkovnik Markovskiy D.A., s\u0259firliyin \u00fc\u00e7\u00fcnc\u00fc katibi Ponomaryova A.\u0130. 2013-c\u00fc il noyabr\u0131n 21-d\u0259 Z\u0259rdab rayonunun sakini, \u201c\u015e\u00f6hr\u0259t\u201d ordeninin h\u0259r 3 d\u0259r\u0259c\u0259si il\u0259 t\u0259ltif olunmu\u015f <span style=\"color: #0000ff;\">Muradal\u0131 Heyd\u0259rov<\/span>a pul yard\u0131m\u0131 v\u0259 h\u0259diyy\u0259l\u0259r t\u0259qdim etm\u0259k m\u0259qs\u0259dil\u0259 Z\u0259rdab rayon icra hakimiyy\u0259tin\u0259 g\u0259ldik.<\/p>\n<p>Bizim bu t\u0259dbiri \u00e7ox g\u00f6z\u0259l t\u0259\u015fkil etdiyin\u0259, B\u00f6y\u00fck V\u0259t\u0259n m\u00fcharib\u0259si veteranlar\u0131na g\u00f6st\u0259rdiyi b\u00f6y\u00fck diqq\u0259t\u0259 g\u00f6r\u0259 Z\u0259rdab rayonunun r\u0259hb\u0259ri L\u00fctv\u0259li Babayev\u0259 t\u0259\u015f\u0259kk\u00fcr\u00fcm\u00fcz\u00fc bildiririk.<\/p>\n<p align=\"right\">Biz h\u0259m\u00e7inin rayon r\u0259hb\u0259rliyinin Z\u0259rdab rayonunda h\u0259yata ke\u00e7irdiyi y\u00fcks\u0259k v\u0259t\u0259np\u0259rv\u0259rlik t\u0259rbiy\u0259si i\u015fini d\u0259 x\u00fcsusi olaraq qeyd edirik.<\/p>\n<p style=\"text-align: left;\" align=\"right\"><span style=\"color: #000000;\"><b><i>D\u0259rin h\u00f6rm\u0259t v\u0259 minn\u0259tdarl\u0131qla, Polkovnik V. \u00c7ERNENKO.<\/i><\/b><\/span><\/p>\n<p><span style=\"color: #0000ff;\"><b><i>XANIM PONOMARYOVA DED\u0130:<\/i><\/b> &#8211;<\/span>B\u00f6y\u00fck V\u0259t\u0259n m\u00fcharib\u0259sinin h\u0259r bir i\u015ftirak\u00e7\u0131s\u0131 biz\u0259 do\u011fmad\u0131r, \u0259zizdir. Bu g\u00fcn d\u0259 s\u0131ralar\u0131m\u0131zda olan veteranlar is\u0259 \u0259n y\u00fcks\u0259k h\u00f6rm\u0259t v\u0259 ehtirama layiqdirl\u0259r. \u00e7\u00fcnki o b\u00f6y\u00fck q\u0259l\u0259b\u0259 bu insanlar\u0131n m\u0259rdliyi, q\u0259hr\u0259manl\u0131\u011f\u0131 say\u0259sind\u0259 m\u00fcmk\u00fcn olub. Onlara layiq olduqlar\u0131 qay\u011f\u0131n\u0131 g\u00f6st\u0259rm\u0259k h\u0259r birimiz \u00fc\u00e7\u00fcn b\u00f6y\u00fck \u015f\u0259r\u0259fdir. Qar\u015f\u0131dan fa\u015fizm \u00fcz\u0259rind\u0259 q\u0259l\u0259b\u0259nin 70 illiyi g\u0259lir. Bu bayram Rusiya v\u0259 Az\u0259rbaycan d\u00f6vl\u0259tl\u0259ri, \u00fcmum\u0259n MDB \u00e7\u0259r\u00e7iv\u0259sind\u0259 b\u00f6y\u00fck t\u0259nt\u0259n\u0259 il\u0259 qeyd olunacaq.<\/p>\n<p>H\u0259r iki n\u00fcmay\u0259nd\u0259 Muradal\u0131 Heyd\u0259rovla ehtiramla g\u00f6r\u00fc\u015fd\u00fcl\u0259r, onu bir daha t\u0259brik etdil\u0259r.<\/p>\n<p><span style=\"color: #0000ff;\"><strong>Muradal\u0131 Heyd\u0259rov<\/strong><\/span> qonaqlara d\u0259rin minn\u0259tdarl\u0131\u011f\u0131n\u0131 bildirdi v\u0259 dedi ki, m\u0259n B\u00f6y\u00fck V\u0259t\u0259n m\u00fcharib\u0259sind\u0259 q\u0259l\u0259b\u0259 namin\u0259 n\u0259 m\u00fcmk\u00fcnd\u00fcr, etmi\u015f\u0259m, bu g\u00fcn is\u0259 Rusiya d\u00f6vl\u0259tind\u0259n bir xahi\u015fim var: xahi\u015f edir\u0259m v\u0259t\u0259nim Az\u0259rbaycan\u0131n erm\u0259ni i\u015f\u011fal\u0131 alt\u0131nda olan 20 faiz torpaqlar\u0131n\u0131n azad edilm\u0259sin\u0259 Rusiya k\u00f6m\u0259k v\u0259 d\u0259st\u0259yini g\u00f6st\u0259rsin, inan\u0131ram da ki, g\u00f6st\u0259r\u0259c\u0259k v\u0259 m\u0259nim bu ya\u015f\u0131mda \u0259n b\u00f6y\u00fck arzumun h\u0259yata ke\u00e7m\u0259sin\u0259 k\u00f6m\u0259yini \u0259sirg\u0259m\u0259y\u0259c\u0259k.<\/p>\n<p>G\u00f6r\u00fc\u015fd\u0259 Respublika Vetranlar\u0131 \u015euras\u0131 daimi komissiyas\u0131n\u0131n s\u0259dri <span style=\"color: #0000ff;\"><strong>C\u0259lil X\u0259lilov<\/strong><\/span>, rayon m\u00fcharib\u0259, \u0259m\u0259k, silahl\u0131 q\u00fcvv\u0259l\u0259r v\u0259 h\u00fcquq m\u00fchafiz\u0259 orqanlar\u0131 veteranlar\u0131 \u015furas\u0131 Z\u0259rdab rayon t\u0259\u015fkilat\u0131n\u0131n s\u0259dri <span style=\"color: #0000ff;\"><strong>H\u00fcseyn H\u0259s\u0259nov<\/strong><\/span> i\u015ftirak v\u0259 \u00e7\u0131x\u0131\u015f etdil\u0259r.<\/p>\n<p>G\u00f6r\u00fc\u015f\u00fc rayon icra hakimiyy\u0259tinin ba\u015f\u00e7\u0131s\u0131 <span style=\"color: #0000ff;\"><strong>L\u00fctv\u0259li Babayev<\/strong><\/span> yekunla\u015fd\u0131raraq dedi ki, biz q\u00fcrur duyuruq ki, Az\u0259rbaycan xalq\u0131, o c\u00fcml\u0259d\u0259n Z\u0259rdab sakinl\u0259ri m\u00f6ht\u0259r\u0259m Prezidentimiz \u0130lham \u018fliyevin r\u0259hb\u0259rliyi alt\u0131nda alman fa\u015fizmi \u00fcz\u0259rind\u0259 xalqlar\u0131m\u0131z\u0131n birg\u0259 q\u0259l\u0259b\u0259sini h\u0259r il may\u0131n 9-da t\u0259nt\u0259n\u0259 v\u0259 q\u00fcrurla bayram edirl\u0259r. Bu d\u00fcn\u0259n d\u0259 bel\u0259 idi, bu g\u00fcn d\u0259 bel\u0259dir, sabah da bel\u0259 olacaq. \u00c7\u00fcnki Az\u0259rbaycan\u0131n Rusiya il\u0259 dostlu\u011fu tarixi k\u00f6kl\u0259r\u0259 \u0259saslan\u0131r v\u0259 bu dostluq \u0259b\u0259didir.<a href=\"http:\/\/www.zerdab.com\/wp-content\/uploads\/2013\/12\/Muradal\u0131-Heyd\u0259rov1.jpg\"><img loading=\"lazy\" decoding=\"async\" class=\"aligncenter size-full wp-image-13788\" alt=\"Muradal\u0131 Heyd\u0259rov\" src=\"http:\/\/www.zerdab.com\/wp-content\/uploads\/2013\/12\/Muradal\u0131-Heyd\u0259rov1.jpg\" width=\"460\" height=\"315\" \/><a href=\"http:\/\/www.zerdab.com\/wp-content\/uploads\/2013\/12\/Muradal\u0131-Heyd\u0259rov-5.jpg\"><img loading=\"lazy\" decoding=\"async\" class=\"aligncenter size-large wp-image-13789\" alt=\"Muradal\u0131 Heyd\u0259rov\" src=\"http:\/\/www.zerdab.com\/wp-content\/uploads\/2013\/12\/Muradal\u0131-Heyd\u0259rov-5-550x365.jpg\" width=\"550\" height=\"365\" \/><\/a><a href=\"http:\/\/www.zerdab.com\/wp-content\/uploads\/2013\/12\/Muradal\u0131-Heyd\u0259rov-31.jpg\"><img loading=\"lazy\" decoding=\"async\" class=\"aligncenter size-large wp-image-13790\" alt=\"Muradal\u0131 Heyd\u0259rov\" src=\"http:\/\/www.zerdab.com\/wp-content\/uploads\/2013\/12\/Muradal\u0131-Heyd\u0259rov-31-550x365.jpg\" width=\"550\" height=\"365\" \/><\/a><a href=\"http:\/\/www.zerdab.com\/wp-content\/uploads\/2013\/12\/Muradal\u0131-Heyd\u0259rov-4.jpg\"><img loading=\"lazy\" decoding=\"async\" class=\"aligncenter size-large wp-image-13791\" alt=\"Muradal\u0131 Heyd\u0259rov\" src=\"http:\/\/www.zerdab.com\/wp-content\/uploads\/2013\/12\/Muradal\u0131-Heyd\u0259rov-4-550x365.jpg\" width=\"550\" height=\"365\" \/><a href=\"http:\/\/www.zerdab.com\/wp-content\/uploads\/2013\/12\/Muradal\u0131-Heyd\u0259rov-6.jpg\"><img loading=\"lazy\" decoding=\"async\" class=\"aligncenter size-large wp-image-13796\" alt=\"Muradal\u0131 Heyd\u0259rov\" src=\"http:\/\/www.zerdab.com\/wp-content\/uploads\/2013\/12\/Muradal\u0131-Heyd\u0259rov-6-550x365.jpg\" width=\"550\" height=\"365\" \/><\/a><\/a><a href=\"http:\/\/www.zerdab.com\/wp-content\/uploads\/2013\/12\/Muradal\u0131-Heyd\u0259rov-7.jpg\"><img loading=\"lazy\" decoding=\"async\" class=\"aligncenter size-large wp-image-13792\" alt=\"PONOMARYOVA\" src=\"http:\/\/www.zerdab.com\/wp-content\/uploads\/2013\/12\/Muradal\u0131-Heyd\u0259rov-7-550x365.jpg\" width=\"550\" height=\"365\" \/><\/a><a href=\"http:\/\/www.zerdab.com\/wp-content\/uploads\/2013\/12\/Muradal\u0131-Heyd\u0259rov-8.jpg\"><img loading=\"lazy\" decoding=\"async\" class=\"aligncenter size-large wp-image-13793\" alt=\"Muradal\u0131 Heyd\u0259rov\" src=\"http:\/\/www.zerdab.com\/wp-content\/uploads\/2013\/12\/Muradal\u0131-Heyd\u0259rov-8-550x365.jpg\" width=\"550\" height=\"365\" \/><\/a><a href=\"http:\/\/www.zerdab.com\/wp-content\/uploads\/2013\/12\/Muradal\u0131-Heyd\u0259rov-9.jpg\"><img loading=\"lazy\" decoding=\"async\" class=\"aligncenter size-large wp-image-13794\" alt=\"Muradal\u0131 Heyd\u0259rov-9\" src=\"http:\/\/www.zerdab.com\/wp-content\/uploads\/2013\/12\/Muradal\u0131-Heyd\u0259rov-9-550x365.jpg\" width=\"550\" height=\"365\" \/><\/a><\/a><\/p>\n","protected":false},"excerpt":{"rendered":"<p>X\u0259b\u0259r verdiyimiz kimi, h\u0259rbi atta\u015fe, polkovnik V.K.\u00c7ernenko ba\u015fda olmaqla Rusiya s\u0259firliyinin Az\u0259rbaycandak\u0131 n\u00fcmay\u0259nd\u0259 hey\u0259ti rayonumuza s\u0259f\u0259r ed\u0259r\u0259k B\u00f6y\u00fck V\u0259t\u0259n m\u00fcharib\u0259sinin q\u0259hr\u0259man\u0131, 3 \u201c\u015e\u00f6hr\u0259t\u201d ordenli h\u0259myerlimiz Muradal\u0131 Heyd\u0259robla g\u00f6r\u00fc\u015f\u00fcb. Z\u0259rdab rayonunda \u00e7\u0131xan &#8220;\u018fkin\u00e7i&#8221; q\u0259zetinin redaktoru \u0130sam\u0259ddin \u018fhm\u0259dov bununla \u0259laq\u0259dar m\u0259lumatlar\u0131 v\u0259 fotolar\u0131 Zerdab.com sayt\u0131na g\u00f6nd\u0259rib. H\u0259min m\u0259lumatlar\u0131 oldu\u011fu kimi t\u0259qdim edirik. Bu g\u00f6r\u00fc\u015f\u00fcn y\u00fcks\u0259k s\u0259viyy\u0259d\u0259 t\u0259\u015fkili [&hellip;]<\/p>\n","protected":false},"author":1,"featured_media":0,"comment_status":"open","ping_status":"open","sticky":false,"template":"","format":"standard","meta":{"footnotes":""},"categories":[7],"tags":[],"class_list":{"0":"post-13786","1":"post","2":"type-post","3":"status-publish","4":"format-standard","6":"category-ziyalilar"},"yoast_head":"<!-- This site is optimized with the Yoast SEO plugin v27.0 - https:\/\/yoast.com\/product\/yoast-seo-wordpress\/ -->\n<title>Muradal\u0131 Heyd\u0259rov: &quot;Q\u0259l\u0259b\u0259 namin\u0259 n\u0259 m\u00fcmk\u00fcnd\u00fcr, etmi\u015f\u0259m&quot; - Z\u0259rdab.com<\/title>\n<meta name=\"robots\" content=\"index, follow, max-snippet:-1, max-image-preview:large, max-video-preview:-1\" \/>\n<link rel=\"canonical\" href=\"https:\/\/www.zerdab.com\/?p=13786\" \/>\n<meta property=\"og:locale\" content=\"az_AZ\" \/>\n<meta property=\"og:type\" content=\"article\" \/>\n<meta property=\"og:title\" content=\"Muradal\u0131 Heyd\u0259rov: &quot;Q\u0259l\u0259b\u0259 namin\u0259 n\u0259 m\u00fcmk\u00fcnd\u00fcr, etmi\u015f\u0259m&quot; - Z\u0259rdab.com\" \/>\n<meta property=\"og:description\" content=\"X\u0259b\u0259r verdiyimiz kimi, h\u0259rbi atta\u015fe, polkovnik V.K.\u00c7ernenko ba\u015fda olmaqla Rusiya s\u0259firliyinin Az\u0259rbaycandak\u0131 n\u00fcmay\u0259nd\u0259 hey\u0259ti rayonumuza s\u0259f\u0259r ed\u0259r\u0259k B\u00f6y\u00fck V\u0259t\u0259n m\u00fcharib\u0259sinin q\u0259hr\u0259man\u0131, 3 \u201c\u015e\u00f6hr\u0259t\u201d ordenli h\u0259myerlimiz Muradal\u0131 Heyd\u0259robla g\u00f6r\u00fc\u015f\u00fcb. Z\u0259rdab rayonunda \u00e7\u0131xan &#8220;\u018fkin\u00e7i&#8221; q\u0259zetinin redaktoru \u0130sam\u0259ddin \u018fhm\u0259dov bununla \u0259laq\u0259dar m\u0259lumatlar\u0131 v\u0259 fotolar\u0131 Zerdab.com sayt\u0131na g\u00f6nd\u0259rib. H\u0259min m\u0259lumatlar\u0131 oldu\u011fu kimi t\u0259qdim edirik. Bu g\u00f6r\u00fc\u015f\u00fcn y\u00fcks\u0259k s\u0259viyy\u0259d\u0259 t\u0259\u015fkili [&hellip;]\" \/>\n<meta property=\"og:url\" content=\"https:\/\/www.zerdab.com\/?p=13786\" \/>\n<meta property=\"og:site_name\" content=\"Z\u0259rdab.com\" \/>\n<meta property=\"article:published_time\" content=\"2013-12-14T04:00:48+00:00\" \/>\n<meta name=\"author\" content=\"admin\" \/>\n<meta name=\"twitter:card\" content=\"summary_large_image\" \/>\n<meta name=\"twitter:label1\" content=\"Written by\" \/>\n\t<meta name=\"twitter:data1\" content=\"admin\" \/>\n\t<meta name=\"twitter:label2\" content=\"Est. reading time\" \/>\n\t<meta name=\"twitter:data2\" content=\"5 minutes\" \/>\n<script type=\"application\/ld+json\" class=\"yoast-schema-graph\">{\"@context\":\"https:\/\/schema.org\",\"@graph\":[{\"@type\":\"Article\",\"@id\":\"https:\/\/www.zerdab.com\/?p=13786#article\",\"isPartOf\":{\"@id\":\"https:\/\/www.zerdab.com\/?p=13786\"},\"author\":{\"name\":\"admin\",\"@id\":\"https:\/\/www.zerdab.com\/#\/schema\/person\/97079b7570c1e89ec0d9e138c3672136\"},\"headline\":\"Muradal\u0131 Heyd\u0259rov: &#8220;Q\u0259l\u0259b\u0259 namin\u0259 n\u0259 m\u00fcmk\u00fcnd\u00fcr, etmi\u015f\u0259m&#8221;\",\"datePublished\":\"2013-12-14T04:00:48+00:00\",\"mainEntityOfPage\":{\"@id\":\"https:\/\/www.zerdab.com\/?p=13786\"},\"wordCount\":1046,\"commentCount\":0,\"articleSection\":[\"F\u018fXRL\u018fR\u0130M\u0130Z\"],\"inLanguage\":\"az\",\"potentialAction\":[{\"@type\":\"CommentAction\",\"name\":\"Comment\",\"target\":[\"https:\/\/www.zerdab.com\/?p=13786#respond\"]}]},{\"@type\":\"WebPage\",\"@id\":\"https:\/\/www.zerdab.com\/?p=13786\",\"url\":\"https:\/\/www.zerdab.com\/?p=13786\",\"name\":\"Muradal\u0131 Heyd\u0259rov: \\\"Q\u0259l\u0259b\u0259 namin\u0259 n\u0259 m\u00fcmk\u00fcnd\u00fcr, etmi\u015f\u0259m\\\" - Z\u0259rdab.com\",\"isPartOf\":{\"@id\":\"https:\/\/www.zerdab.com\/#website\"},\"datePublished\":\"2013-12-14T04:00:48+00:00\",\"author\":{\"@id\":\"https:\/\/www.zerdab.com\/#\/schema\/person\/97079b7570c1e89ec0d9e138c3672136\"},\"breadcrumb\":{\"@id\":\"https:\/\/www.zerdab.com\/?p=13786#breadcrumb\"},\"inLanguage\":\"az\",\"potentialAction\":[{\"@type\":\"ReadAction\",\"target\":[\"https:\/\/www.zerdab.com\/?p=13786\"]}]},{\"@type\":\"BreadcrumbList\",\"@id\":\"https:\/\/www.zerdab.com\/?p=13786#breadcrumb\",\"itemListElement\":[{\"@type\":\"ListItem\",\"position\":1,\"name\":\"Home\",\"item\":\"https:\/\/www.zerdab.com\/\"},{\"@type\":\"ListItem\",\"position\":2,\"name\":\"Muradal\u0131 Heyd\u0259rov: &#8220;Q\u0259l\u0259b\u0259 namin\u0259 n\u0259 m\u00fcmk\u00fcnd\u00fcr, etmi\u015f\u0259m&#8221;\"}]},{\"@type\":\"WebSite\",\"@id\":\"https:\/\/www.zerdab.com\/#website\",\"url\":\"https:\/\/www.zerdab.com\/\",\"name\":\"Z\u0259rdab.com\",\"description\":\"\",\"potentialAction\":[{\"@type\":\"SearchAction\",\"target\":{\"@type\":\"EntryPoint\",\"urlTemplate\":\"https:\/\/www.zerdab.com\/?s={search_term_string}\"},\"query-input\":{\"@type\":\"PropertyValueSpecification\",\"valueRequired\":true,\"valueName\":\"search_term_string\"}}],\"inLanguage\":\"az\"},{\"@type\":\"Person\",\"@id\":\"https:\/\/www.zerdab.com\/#\/schema\/person\/97079b7570c1e89ec0d9e138c3672136\",\"name\":\"admin\",\"image\":{\"@type\":\"ImageObject\",\"inLanguage\":\"az\",\"@id\":\"https:\/\/www.zerdab.com\/#\/schema\/person\/image\/\",\"url\":\"https:\/\/secure.gravatar.com\/avatar\/d9c52a9a27c32119cb6679a077fa3e2779e5f822c451cbf01098004361d466ec?s=96&d=mm&r=g\",\"contentUrl\":\"https:\/\/secure.gravatar.com\/avatar\/d9c52a9a27c32119cb6679a077fa3e2779e5f822c451cbf01098004361d466ec?s=96&d=mm&r=g\",\"caption\":\"admin\"},\"url\":\"https:\/\/www.zerdab.com\/?author=1\"}]}<\/script>\n<!-- \/ Yoast SEO plugin. -->","yoast_head_json":{"title":"Muradal\u0131 Heyd\u0259rov: \"Q\u0259l\u0259b\u0259 namin\u0259 n\u0259 m\u00fcmk\u00fcnd\u00fcr, etmi\u015f\u0259m\" - Z\u0259rdab.com","robots":{"index":"index","follow":"follow","max-snippet":"max-snippet:-1","max-image-preview":"max-image-preview:large","max-video-preview":"max-video-preview:-1"},"canonical":"https:\/\/www.zerdab.com\/?p=13786","og_locale":"az_AZ","og_type":"article","og_title":"Muradal\u0131 Heyd\u0259rov: \"Q\u0259l\u0259b\u0259 namin\u0259 n\u0259 m\u00fcmk\u00fcnd\u00fcr, etmi\u015f\u0259m\" - Z\u0259rdab.com","og_description":"X\u0259b\u0259r verdiyimiz kimi, h\u0259rbi atta\u015fe, polkovnik V.K.\u00c7ernenko ba\u015fda olmaqla Rusiya s\u0259firliyinin Az\u0259rbaycandak\u0131 n\u00fcmay\u0259nd\u0259 hey\u0259ti rayonumuza s\u0259f\u0259r ed\u0259r\u0259k B\u00f6y\u00fck V\u0259t\u0259n m\u00fcharib\u0259sinin q\u0259hr\u0259man\u0131, 3 \u201c\u015e\u00f6hr\u0259t\u201d ordenli h\u0259myerlimiz Muradal\u0131 Heyd\u0259robla g\u00f6r\u00fc\u015f\u00fcb. Z\u0259rdab rayonunda \u00e7\u0131xan &#8220;\u018fkin\u00e7i&#8221; q\u0259zetinin redaktoru \u0130sam\u0259ddin \u018fhm\u0259dov bununla \u0259laq\u0259dar m\u0259lumatlar\u0131 v\u0259 fotolar\u0131 Zerdab.com sayt\u0131na g\u00f6nd\u0259rib. H\u0259min m\u0259lumatlar\u0131 oldu\u011fu kimi t\u0259qdim edirik. Bu g\u00f6r\u00fc\u015f\u00fcn y\u00fcks\u0259k s\u0259viyy\u0259d\u0259 t\u0259\u015fkili [&hellip;]","og_url":"https:\/\/www.zerdab.com\/?p=13786","og_site_name":"Z\u0259rdab.com","article_published_time":"2013-12-14T04:00:48+00:00","author":"admin","twitter_card":"summary_large_image","twitter_misc":{"Written by":"admin","Est. reading time":"5 minutes"},"schema":{"@context":"https:\/\/schema.org","@graph":[{"@type":"Article","@id":"https:\/\/www.zerdab.com\/?p=13786#article","isPartOf":{"@id":"https:\/\/www.zerdab.com\/?p=13786"},"author":{"name":"admin","@id":"https:\/\/www.zerdab.com\/#\/schema\/person\/97079b7570c1e89ec0d9e138c3672136"},"headline":"Muradal\u0131 Heyd\u0259rov: &#8220;Q\u0259l\u0259b\u0259 namin\u0259 n\u0259 m\u00fcmk\u00fcnd\u00fcr, etmi\u015f\u0259m&#8221;","datePublished":"2013-12-14T04:00:48+00:00","mainEntityOfPage":{"@id":"https:\/\/www.zerdab.com\/?p=13786"},"wordCount":1046,"commentCount":0,"articleSection":["F\u018fXRL\u018fR\u0130M\u0130Z"],"inLanguage":"az","potentialAction":[{"@type":"CommentAction","name":"Comment","target":["https:\/\/www.zerdab.com\/?p=13786#respond"]}]},{"@type":"WebPage","@id":"https:\/\/www.zerdab.com\/?p=13786","url":"https:\/\/www.zerdab.com\/?p=13786","name":"Muradal\u0131 Heyd\u0259rov: \"Q\u0259l\u0259b\u0259 namin\u0259 n\u0259 m\u00fcmk\u00fcnd\u00fcr, etmi\u015f\u0259m\" - Z\u0259rdab.com","isPartOf":{"@id":"https:\/\/www.zerdab.com\/#website"},"datePublished":"2013-12-14T04:00:48+00:00","author":{"@id":"https:\/\/www.zerdab.com\/#\/schema\/person\/97079b7570c1e89ec0d9e138c3672136"},"breadcrumb":{"@id":"https:\/\/www.zerdab.com\/?p=13786#breadcrumb"},"inLanguage":"az","potentialAction":[{"@type":"ReadAction","target":["https:\/\/www.zerdab.com\/?p=13786"]}]},{"@type":"BreadcrumbList","@id":"https:\/\/www.zerdab.com\/?p=13786#breadcrumb","itemListElement":[{"@type":"ListItem","position":1,"name":"Home","item":"https:\/\/www.zerdab.com\/"},{"@type":"ListItem","position":2,"name":"Muradal\u0131 Heyd\u0259rov: &#8220;Q\u0259l\u0259b\u0259 namin\u0259 n\u0259 m\u00fcmk\u00fcnd\u00fcr, etmi\u015f\u0259m&#8221;"}]},{"@type":"WebSite","@id":"https:\/\/www.zerdab.com\/#website","url":"https:\/\/www.zerdab.com\/","name":"Z\u0259rdab.com","description":"","potentialAction":[{"@type":"SearchAction","target":{"@type":"EntryPoint","urlTemplate":"https:\/\/www.zerdab.com\/?s={search_term_string}"},"query-input":{"@type":"PropertyValueSpecification","valueRequired":true,"valueName":"search_term_string"}}],"inLanguage":"az"},{"@type":"Person","@id":"https:\/\/www.zerdab.com\/#\/schema\/person\/97079b7570c1e89ec0d9e138c3672136","name":"admin","image":{"@type":"ImageObject","inLanguage":"az","@id":"https:\/\/www.zerdab.com\/#\/schema\/person\/image\/","url":"https:\/\/secure.gravatar.com\/avatar\/d9c52a9a27c32119cb6679a077fa3e2779e5f822c451cbf01098004361d466ec?s=96&d=mm&r=g","contentUrl":"https:\/\/secure.gravatar.com\/avatar\/d9c52a9a27c32119cb6679a077fa3e2779e5f822c451cbf01098004361d466ec?s=96&d=mm&r=g","caption":"admin"},"url":"https:\/\/www.zerdab.com\/?author=1"}]}},"_links":{"self":[{"href":"https:\/\/www.zerdab.com\/index.php?rest_route=\/wp\/v2\/posts\/13786","targetHints":{"allow":["GET"]}}],"collection":[{"href":"https:\/\/www.zerdab.com\/index.php?rest_route=\/wp\/v2\/posts"}],"about":[{"href":"https:\/\/www.zerdab.com\/index.php?rest_route=\/wp\/v2\/types\/post"}],"author":[{"embeddable":true,"href":"https:\/\/www.zerdab.com\/index.php?rest_route=\/wp\/v2\/users\/1"}],"replies":[{"embeddable":true,"href":"https:\/\/www.zerdab.com\/index.php?rest_route=%2Fwp%2Fv2%2Fcomments&post=13786"}],"version-history":[{"count":1,"href":"https:\/\/www.zerdab.com\/index.php?rest_route=\/wp\/v2\/posts\/13786\/revisions"}],"predecessor-version":[{"id":13797,"href":"https:\/\/www.zerdab.com\/index.php?rest_route=\/wp\/v2\/posts\/13786\/revisions\/13797"}],"wp:attachment":[{"href":"https:\/\/www.zerdab.com\/index.php?rest_route=%2Fwp%2Fv2%2Fmedia&parent=13786"}],"wp:term":[{"taxonomy":"category","embeddable":true,"href":"https:\/\/www.zerdab.com\/index.php?rest_route=%2Fwp%2Fv2%2Fcategories&post=13786"},{"taxonomy":"post_tag","embeddable":true,"href":"https:\/\/www.zerdab.com\/index.php?rest_route=%2Fwp%2Fv2%2Ftags&post=13786"}],"curies":[{"name":"wp","href":"https:\/\/api.w.org\/{rel}","templated":true}]}}