{"id":13798,"date":"2013-12-14T13:20:35","date_gmt":"2013-12-14T09:20:35","guid":{"rendered":"http:\/\/www.zerdab.com\/?p=13798"},"modified":"2013-12-14T23:40:45","modified_gmt":"2013-12-14T19:40:45","slug":"t%c9%99hsil-naziri-az%c9%99rbaycanda-ali-m%c9%99kt%c9%99bl%c9%99r-iki-qrupa-bolun%c9%99c%c9%99k","status":"publish","type":"post","link":"https:\/\/www.zerdab.com\/?p=13798","title":{"rendered":"T\u0259hsil i\u015f\u00e7il\u0259rimiz m\u00fc\u0259lliml\u0259rin XIV qurultay\u0131nda &#8211; Foto"},"content":{"rendered":"<figure id=\"attachment_13804\" aria-describedby=\"caption-attachment-13804\" style=\"width: 412px\" class=\"wp-caption aligncenter\"><a href=\"http:\/\/www.zerdab.com\/wp-content\/uploads\/2013\/12\/Tehsil.jpg\"><img loading=\"lazy\" decoding=\"async\" class=\"size-large wp-image-13804\" alt=\"Baba Babayev - G\u00fcla\u011fa \u0130sg\u0259nd\u0259rov\" src=\"http:\/\/www.zerdab.com\/wp-content\/uploads\/2013\/12\/Tehsil-412x550.jpg\" width=\"412\" height=\"550\" \/><\/a><figcaption id=\"caption-attachment-13804\" class=\"wp-caption-text\"><span style=\"color: #0000ff;\"><strong>Z\u0259rdab rayon T\u0259hsil \u015e\u00f6b\u0259sinin m\u00fcdiri Baba Babayev v\u0259 G\u0259lm\u0259 k\u0259nd orta m\u0259kt\u0259binin direktoru G\u00fcla\u011fa \u0130sg\u0259nd\u0259rov Az\u0259rbaycan m\u00fc\u0259lliml\u0259rinin XIV qurultay\u0131ndan sonra.<\/strong><\/span><\/figcaption><\/figure>\n<p>&#8220;Bu g\u00fcn universitetl\u0259rin elmi kadr v\u0259 maddi bazas\u0131ndan ali t\u0259hsil m\u00fc\u0259ssis\u0259sind\u0259n k\u0259narda dem\u0259k olar ki, istifad\u0259 olunmur. Universitetl\u0259rd\u0259 g\u0259lir m\u0259nb\u0259yi kimi yaln\u0131z t\u0259l\u0259b\u0259l\u0259rin t\u0259hsil haqq\u0131 \u0259sas g\u00f6t\u00fcr\u00fcl\u00fcr. Ancaq d\u00fcnyan\u0131n \u0259n reytinqli t\u0259hsil ocaqlar\u0131nda t\u0259hsil haqq\u0131 onlar\u0131n g\u0259lirl\u0259rinin d\u00f6rdd\u0259 birini t\u0259\u015fkil edir&#8221;. <strong>Zerdab.com<\/strong> sayt\u0131 x\u0259b\u0259r verir ki, \u0438unu t\u0259hsil naziri Mikay\u0131l Cabbarov Az\u0259rbaycan m\u00fc\u0259lliml\u0259rinin XIV qurultay\u0131nda \u00e7\u0131x\u0131\u015f\u0131 zaman\u0131 deyib. O bildirib ki, &#8220;Az\u0259rbaycan Respublikas\u0131nda t\u0259hsilin inki\u015faf\u0131 \u00fczr\u0259 D\u00f6vl\u0259t Strategiyas\u0131&#8221;nda d\u00f6vl\u0259t v\u0259 \u00f6z\u0259l ali v\u0259 orta ixtisas t\u0259hsili m\u00fc\u0259ssis\u0259l\u0259rind\u0259 \u00f6d\u0259ni\u015fli t\u0259hsil \u00fczr\u0259 q\u0259bul plan\u0131n\u0131n l\u0259\u011fv edilm\u0259si v\u0259 d\u00f6vl\u0259t sifari\u015finin yaln\u0131z ixtisaslar \u00fczr\u0259 m\u00fc\u0259yy\u0259n edilm\u0259si n\u0259z\u0259rd\u0259 tutulur. Nazir qeyd edib ki, keyfiyy\u0259tli t\u0259hsil verm\u0259 imkanlar\u0131na, maddi-texniki \u015f\u0259raitin\u0259, elmi-pedaqoji hey\u0259tinin potensial\u0131na g\u00f6r\u0259 b\u00fct\u00fcn ali ocaqlar\u0131 &#8211; ist\u0259r d\u00f6vl\u0259t, ist\u0259r \u00f6z\u0259l &#8211; iki qrupa b\u00f6l\u00fcnm\u0259lidir: &#8220;Onlar adi v\u0259 milli statuslu universitetl\u0259r olmal\u0131d\u0131r. D\u00f6vl\u0259t sifari\u015fi yaln\u0131z milli statuslu universitetl\u0259r aras\u0131nda b\u00f6l\u00fc\u015fd\u00fcr\u00fclm\u0259lidir. Eyni zamanda, buraya q\u0259bul olmaq ist\u0259y\u0259n abituriyentl\u0259r \u00fc\u00e7\u00fcn ke\u00e7id bal\u0131 y\u00fcks\u0259k olmal\u0131d\u0131r. Adi universitetl\u0259rin ke\u00e7id bal\u0131 minimal s\u0259viyy\u0259d\u0259 saxlan\u0131lmal\u0131d\u0131r. Eyni zamanda, \u00f6d\u0259ni\u015fli \u0259saslarla q\u0259bul plan\u0131 da t\u0259dric\u0259n l\u0259\u011fv olunmal\u0131d\u0131r. Bu ba\u015f verdikd\u0259 biz y\u00fcks\u0259k reytinqli m\u0259kt\u0259bl\u0259ri orada oxuya bil\u0259n bilikli t\u0259l\u0259b\u0259 kontingenti il\u0259 t\u0259min ed\u0259 bil\u0259c\u0259yik. Dig\u0259r t\u0259r\u0259fd\u0259n, ancaq t\u0259l\u0259b olunan bal\u0131 toplamad\u0131\u011f\u0131 \u00fc\u00e7\u00fcn xaric\u0259 t\u0259hsil alma\u011fa \u00fcz tutma\u011fa ehtiyac qalmayacaq. Ali t\u0259hsil almaq ist\u0259y\u0259n v\u0259 minimal t\u0259l\u0259b\u0259l\u0259r\u0259 cavab ver\u0259n h\u0259r bir \u015f\u0259xs t\u0259hsilini v\u0259t\u0259nind\u0259 adi universitetl\u0259rd\u0259 davam etdirm\u0259k imkan\u0131 qazanacaq. Q\u0259bul g\u00f6st\u0259ricil\u0259rind\u0259n as\u0131l\u0131 olaraq, ali m\u0259kt\u0259bl\u0259r bir kateqoriyadan dig\u0259rin\u0259 ke\u00e7\u0259 bil\u0259c\u0259kl\u0259r&#8221;.<\/p>\n<div>\u201cAz\u0259rbaycanda m\u00fc\u0259llim pe\u015f\u0259sinin n\u00fcfuzunun art\u0131r\u0131lmas\u0131 onun y\u00fcks\u0259k v\u0259 m\u0259n\u0259vi motivasiyas\u0131, pedaqoji t\u0259hsil\u0259 istedadl\u0131 g\u0259ncl\u0259rin c\u0259lb olunmas\u0131 v\u0259 islahatlar\u0131n h\u0259yata ke\u00e7irilm\u0259si \u00fc\u00e7\u00fcn \u0259n vacib amildir\u201d.<\/div>\n<p><span style=\"font-size: 13px; line-height: 19px;\">T\u0259hsil naziri Mikay\u0131l Cabbarov deyib ki, m\u00fc\u0259llim pe\u015f\u0259sin\u0259 istedadl\u0131 g\u0259ncl\u0259rin c\u0259lb olunmas\u0131 m\u0259qs\u0259dil\u0259 t\u0259l\u0259b\u0259 d\u00f6vr\u00fcnd\u0259n ba\u015flayaraq maddi stimulla\u015fd\u0131rma mexanizml\u0259ri h\u0259yata ke\u00e7irilm\u0259lidir.<\/span><\/p>\n<p>M. Cabbarov qeyd edib ki, h\u0259r bir m\u00fc\u0259llimi ixtisasart\u0131rma kurslar\u0131na c\u0259lb etm\u0259k laz\u0131md\u0131r.<\/p>\n<p>Bununla \u0259laq\u0259dar m\u00fc\u0259lliml\u0259rin pe\u015f\u0259karl\u0131q s\u0259viyy\u0259sinin k\u00f6n\u00fcll\u00fcl\u00fck \u0259saslarla yoxlan\u0131lmas\u0131n\u0131n n\u0259z\u0259rd\u0259 tutuldu\u011funu dey\u0259n nazir vur\u011fulay\u0131b ki, attestasiya n\u0259tic\u0259sind\u0259 u\u011furlu n\u0259tic\u0259 g\u00f6st\u0259r\u0259n m\u00fc\u0259lliml\u0259r \u00fc\u00e7\u00fcn differensiyala\u015fd\u0131r\u0131lm\u0131\u015f \u0259m\u0259k haqq\u0131n\u0131n verilm\u0259si t\u0259min edil\u0259c\u0259k: \u201cAttestasiyadan ke\u00e7m\u0259y\u0259n m\u00fc\u0259lliml\u0259r \u00fc\u00e7\u00fcn is\u0259 t\u0259liml\u0259r t\u0259\u015fkil olunacaq. Onlara n\u00f6vb\u0259ti attestasiyaya haz\u0131rla\u015fmalar\u0131 \u00fc\u00e7\u00fcn imkan yarad\u0131lacaq. M\u00fc\u0259lliml\u0259rin karyera inki\u015faf v\u0259 f\u0259aliyy\u0259tini stimulla\u015fd\u0131rmaq \u00fc\u00e7\u00fcn yeni sistemin yarad\u0131lmas\u0131 m\u0259qs\u0259dil\u0259 m\u00fcvafiq add\u0131mlar at\u0131lacaq. \u0130dar\u0259etm\u0259 funksiyalar\u0131n\u0131 h\u0259yata ke\u00e7ir\u0259n d\u00f6vl\u0259t qurumlar\u0131n\u0131n s\u0259lahiyy\u0259t v\u0259 m\u0259suliyy\u0259t dair\u0259sinin yenid\u0259n m\u00fc\u0259yy\u0259nl\u0259\u015fdirilm\u0259sin\u0259 ehtiyac duyulur\u201d.<\/p>\n<p>Nazirin fikrinc\u0259, yerli qurumlar idar\u0259etm\u0259 funksiyalar\u0131n\u0131 tam olaraq \u00f6z \u0259ll\u0259rin\u0259 almal\u0131, m\u0259kt\u0259bl\u0259rd\u0259 v\u0259ziyy\u0259ti, kadrlar\u0131n yerl\u0259\u015fdirilm\u0259si, t\u0259dris prosesi il\u0259 maraqlanmal\u0131, laz\u0131m\u0131 d\u0259st\u0259k g\u00f6st\u0259rm\u0259lidirl\u0259r.<\/p>\n<p>Az\u0259rbaycan\u0131n orta m\u0259kt\u0259bl\u0259rind\u0259 xarici dill\u0259rin t\u0259drisin\u0259 ayr\u0131lan saatlar\u0131n say\u0131 art\u0131r\u0131lmal\u0131d\u0131r. \u00a0M. Cabbarovun s\u00f6zl\u0259rin\u0259 g\u00f6r\u0259, ibtidai t\u0259hsil s\u0259viyy\u0259sind\u0259 m\u0259ntiqi d\u00fc\u015f\u00fcnc\u0259, \u00fcmumi savad v\u0259 h\u0259yati v\u0259rdi\u015fl\u0259rin \u00f6yr\u0259dilm\u0259si \u0259sas \u015f\u0259rt kimi qoyulmal\u0131, ana dili v\u0259 riyaziyyat\u0131n t\u0259drisin\u0259 b\u00f6y\u00fck \u00f6n\u0259m verilm\u0259ldir.<\/p>\n<p>Nazir deyib ki, n\u00f6vb\u0259ti t\u0259dris ilind\u0259 art\u0131q t\u0259hsilalanlar\u0131n h\u0259ft\u0259lik v\u0259 g\u00fcnd\u0259lik d\u0259rs y\u00fck\u00fcn\u00fc azaltmaqla paralel olaraq, t\u0259dris ilinin m\u00fcdd\u0259tinin art\u0131r\u0131lmas\u0131 istiqam\u0259tind\u0259 add\u0131mlar at\u0131lacaq: &#8220;Bununla yana\u015f\u0131, yuxar\u0131 sinifl\u0259rd\u0259 m\u0259cburi v\u0259 se\u00e7m\u0259 f\u0259nl\u0259r modelinin t\u0259tbiqi n\u0259z\u0259rd\u0259 tutulur. Bu, yuxar\u0131 sinifl\u0259rd\u0259 \u015fagirdl\u0259rin meyl v\u0259 maraqlar\u0131n\u0131n n\u0259z\u0259r\u0259 al\u0131nmas\u0131na v\u0259 \u015fagirdl\u0259rin ali m\u0259kt\u0259bl\u0259r\u0259 q\u0259bul imtahanlar\u0131na haz\u0131rla\u015fmas\u0131na k\u00f6m\u0259k edir. T\u0259may\u00fcll\u00fc m\u0259kt\u0259b v\u0259 sinifl\u0259rin yarad\u0131lmas\u0131 istiqam\u0259tind\u0259 i\u015fl\u0259rin daha da g\u00fccl\u0259ndirilm\u0259si n\u0259z\u0259rd\u0259 tutulur&#8221;.<\/p>\n<p>Qeyd ed\u0259k ki, bu g\u00fcn Bak\u0131da Az\u0259rbaycan m\u00fc\u0259lliml\u0259rinin XIV qurultay\u0131 ke\u00e7irilir. Qurultayda t\u0259hsil naziri Mikay\u0131l Cabbarov, Prezident Administrasiyas\u0131n\u0131n r\u0259hb\u0259ri Ramiz Mehdiyev, Az\u0259rbaycan Prezidenti Aministrasiyas\u0131n\u0131n Humanitar siyas\u0259t m\u0259s\u0259l\u0259l\u0259ri \u015f\u00f6b\u0259sinin m\u00fcdiri Fatma Abdullazad\u0259, ba\u015f nazirin m\u00fcavini El\u00e7in \u018ff\u0259ndiyev, d\u00f6vl\u0259t r\u0259smil\u0259ri, mill\u0259t v\u0259kill\u0259ri, ali v\u0259 orta ixtisas t\u0259hsili m\u00fc\u0259ssis\u0259l\u0259rinin r\u0259hb\u0259r i\u015f\u00e7il\u0259ri, QHT n\u00fcmay\u0259nd\u0259l\u0259ri, n\u00fcfuzlu m\u00fc\u0259llim v\u0259 ziyal\u0131lar i\u015ftirak edir. \u00dcmumilikd\u0259, qurultaya 900-\u0259 yax\u0131n t\u0259hsil ictimaiyy\u0259tinin n\u00fcmay\u0259nd\u0259l\u0259ri qat\u0131l\u0131b.<\/p>\n<p><span style=\"font-size: 13px; line-height: 19px;\">&#8220;Bilikl\u0259r\u0259 \u0259saslanan c\u0259miyy\u0259td\u0259 m\u00fc\u0259lliml\u0259r \u0259sas istehsal q\u00fcvv\u0259sidir. Ona g\u00f6r\u0259 d\u0259 m\u00fc\u0259lliml\u0259rin qar\u015f\u0131s\u0131nda qoyulan \u00e7ox \u00f6n\u0259mli m\u0259qs\u0259d v\u0259 strategiya ilk n\u00f6vb\u0259d\u0259 ictimaiyy\u0259t t\u0259r\u0259find\u0259n \u00f6yr\u0259nilm\u0259li v\u0259 d\u0259rk edilm\u0259lidir\u201d. B<b><\/b><\/span><span style=\"font-size: 13px; line-height: 19px;\">unu TQDK s\u0259dri M\u0259leyk\u0259 Abbaszad\u0259 deyib. O, Az\u0259rbaycan m\u00fc\u0259lliml\u0259rinin 14-c\u00fc qurultay\u0131nda \u00e7\u0131x\u0131\u015f\u0131 zaman\u0131 bildirib ki, g\u0259l\u0259c\u0259k n\u0259sill\u0259r\u0259 \u00f6yr\u0259dil\u0259n \u00a0bilik v\u0259 bacar\u0131qlar\u00a0 \u00f6n\u0259mlidir.\u00a0<\/span><\/p>\n<p>\u201cM\u00fc\u0259llim daim zaman\u0131n n\u0259bzini tutmaq \u00fc\u00e7\u00fcn \u00f6z \u00fcz\u0259rind\u0259 \u00e7al\u0131\u015fmal\u0131d\u0131r. Hesab edirik ki, \u00a0pedaqoji kadrlar\u0131 haz\u0131rlayan ali t\u0259hsil m\u00fc\u0259ssis\u0259l\u0259rind\u0259 \u00a0bakalavr s\u0259viyy\u0259sind\u0259, \u00a0t\u0259dris proqram\u0131 hal\u0131nda m\u00fcasir qiym\u0259tl\u0259ndirm\u0259 n\u0259z\u0259riyy\u0259si kursu \u00f6z \u0259ksini tapmal\u0131d\u0131r.&#8221;- dey\u0259 M.Abbaszad\u0259 qeyd edib .<\/p>\n<div>Az\u0259rbaycan M\u00fc\u0259lliml\u0259rinin XIV qurultay\u0131nda q\u0259tnam\u0259 q\u0259bul olunub.\u00a0<span style=\"font-size: 13px; line-height: 19px;\">Q\u0259tnam\u0259ni T\u0259hsil Nazirliyi D\u0259rslik v\u0259 n\u0259\u015friyyat \u015f\u00f6b\u0259sinin m\u00fcdir m\u00fcavini \u018fsg\u0259r Quliyev oxuyub.\u00a0<\/span>Q\u0259tnam\u0259d\u0259 qeyd olunub ki, Az\u0259rbaycan Respublikas\u0131nda T\u0259hsilin \u0130nki\u015faf\u0131 \u00fczr\u0259 D\u00f6vl\u0259t Strategiyas\u0131nda \u0259sas m\u0259qs\u0259d d\u00fcnya \u00f6lk\u0259l\u0259ri il\u0259 inki\u015fafda geriliy\u0259 yol verm\u0259m\u0259k, bilikl\u0259r\u0259 \u0259saslanan iqtisadiyyat quruculu\u011funda insan kapital\u0131n\u0131 \u00f6n\u0259 \u00e7\u0259km\u0259kdir. Q\u0259tnam\u0259d\u0259 vur\u011fulan\u0131r ki, T\u0259hsilin \u0130nki\u015faf\u0131 \u00fczr\u0259 D\u00f6vl\u0259t Strategiyas\u0131 t\u0259hsilin m\u0259zmunca yenil\u0259\u015fdirilm\u0259si milli \u0259n\u0259n\u0259l\u0259r\u0259, modernl\u0259\u015fm\u0259 meyll\u0259rin\u0259 tamamil\u0259 uy\u011fun olaraq \u015f\u0259xsiyy\u0259t y\u00f6n\u00fcml\u00fc t\u0259hsil sisteminin formala\u015fd\u0131r\u0131lmas\u0131na y\u00f6n\u0259lib. Apar\u0131lacaq islahatlar innovativ metodlar\u0131 t\u0259tbiq ed\u0259n, s\u0259ri\u015ft\u0259li t\u0259hsil ver\u0259nin formala\u015fmas\u0131na, m\u00fc\u0259llimin n\u00fcfuzunun y\u00fcks\u0259lm\u0259sin\u0259 cavab ver\u0259c\u0259k. T\u0259hsilin maliyy\u0259l\u0259\u015fdirilm\u0259sinin onun keyfiyy\u0259tin\u0259 y\u00f6n\u0259ldilm\u0259sin\u0259 ehtiyac var.<\/div>\n<p>Q\u0259tnam\u0259d\u0259 bildirilir ki, t\u0259hsilin maliyy\u0259l\u0259\u015fdirilm\u0259sinin yeni mexanizmi il\u0259 ba\u011fl\u0131 T\u0259hsilin \u0130nki\u015faf\u0131 \u00fczr\u0259 D\u00f6vl\u0259t Strategiyas\u0131nda yer alan m\u00fcdd\u0259alar yeni maliyy\u0259l\u0259\u015fm\u0259 mexanizminin yaranmas\u0131na imkan ver\u0259c\u0259k, Az\u0259rbaycan\u0131n d\u00fcnya d\u00f6vl\u0259tl\u0259ri aras\u0131nda layiqli yer tutmas\u0131n\u0131 t\u0259min ed\u0259c\u0259k.<\/p>\n<p>Qurultay i\u015ftirak\u00e7\u0131lar\u0131 prezident \u0130lham \u018fliyevi se\u00e7kil\u0259rd\u0259 qazand\u0131\u011f\u0131 q\u0259l\u0259b\u0259 m\u00fcnasib\u0259til\u0259 t\u0259brik edib, h\u0259yata ke\u00e7iril\u0259n daxili v\u0259 xarici siyas\u0259ti d\u0259st\u0259kl\u0259yib. Q\u0259tnam\u0259d\u0259 prezidentin m\u00fcasir t\u0259hsil sisteminin qurulmas\u0131 kimi z\u0259f\u0259r\u0259 imza ataca\u011f\u0131 vur\u011fulan\u0131b.<\/p>\n<p>Qeyd ed\u0259k ki, qurultayda Z\u0259rdab rayonunun t\u0259hsil i\u015f\u00e7il\u0259ri n\u00fcmay\u0259nd\u0259l\u0259ri d\u0259 i\u015ftirak edibl\u0259r. Zerdab.com sayt\u0131 t\u0259dbird\u0259n \u00e7\u0259kilmi\u015f fotolar\u0131 t\u0259qdim edir.<\/p>\n<p><a href=\"http:\/\/www.zerdab.com\/wp-content\/uploads\/2013\/12\/tehsil5.jpg\"><img loading=\"lazy\" decoding=\"async\" class=\"aligncenter size-large wp-image-13805\" alt=\"Az\u0259rbaycan m\u00fc\u0259lliml\u0259rinin XIV qurultay\u0131\" src=\"http:\/\/www.zerdab.com\/wp-content\/uploads\/2013\/12\/tehsil5-550x336.jpg\" width=\"550\" height=\"336\" \/><\/a><a href=\"http:\/\/www.zerdab.com\/wp-content\/uploads\/2013\/12\/tehsil4.jpg\"><img loading=\"lazy\" decoding=\"async\" class=\"aligncenter size-large wp-image-13806\" alt=\"Az\u0259rbaycan m\u00fc\u0259lliml\u0259rinin XIV qurultay\u0131\" src=\"http:\/\/www.zerdab.com\/wp-content\/uploads\/2013\/12\/tehsil4-550x366.jpg\" width=\"550\" height=\"366\" \/><\/a><a href=\"http:\/\/www.zerdab.com\/wp-content\/uploads\/2013\/12\/tehsil3.jpg\"><img loading=\"lazy\" decoding=\"async\" class=\"aligncenter size-large wp-image-13807\" alt=\"Az\u0259rbaycan m\u00fc\u0259lliml\u0259rinin XIV qurultay\u0131\" src=\"http:\/\/www.zerdab.com\/wp-content\/uploads\/2013\/12\/tehsil3-550x366.jpg\" width=\"550\" height=\"366\" \/><\/a><a href=\"http:\/\/www.zerdab.com\/wp-content\/uploads\/2013\/12\/tehsil6.jpg\"><img loading=\"lazy\" decoding=\"async\" class=\"aligncenter size-large wp-image-13809\" alt=\"Az\u0259rbaycan m\u00fc\u0259lliml\u0259rinin XIV qurultay\u0131\" src=\"http:\/\/www.zerdab.com\/wp-content\/uploads\/2013\/12\/tehsil6-550x366.jpg\" width=\"550\" height=\"366\" \/><\/a><a href=\"http:\/\/www.zerdab.com\/wp-content\/uploads\/2013\/12\/tehsil9.jpg\"><img loading=\"lazy\" decoding=\"async\" class=\"aligncenter size-large wp-image-13810\" alt=\"Az\u0259rbaycan m\u00fc\u0259lliml\u0259rinin XIV qurultay\u0131\" src=\"http:\/\/www.zerdab.com\/wp-content\/uploads\/2013\/12\/tehsil9-412x550.jpg\" width=\"412\" height=\"550\" \/><\/a><a href=\"http:\/\/www.zerdab.com\/wp-content\/uploads\/2013\/12\/tehsil7.jpg\"><img loading=\"lazy\" decoding=\"async\" class=\"aligncenter size-large wp-image-13808\" alt=\"Az\u0259rbaycan m\u00fc\u0259lliml\u0259rinin XIV qurultay\u0131\" src=\"http:\/\/www.zerdab.com\/wp-content\/uploads\/2013\/12\/tehsil7-412x550.jpg\" width=\"412\" height=\"550\" \/><\/a><a href=\"http:\/\/www.zerdab.com\/wp-content\/uploads\/2013\/12\/tehsil2.jpg\"><img loading=\"lazy\" decoding=\"async\" class=\"aligncenter size-large wp-image-13811\" alt=\"Az\u0259rbaycan m\u00fc\u0259lliml\u0259rinin XIV qurultay\u0131\" src=\"http:\/\/www.zerdab.com\/wp-content\/uploads\/2013\/12\/tehsil2-412x550.jpg\" width=\"412\" height=\"550\" \/><\/a><\/p>\n<p>&nbsp;<\/p>\n","protected":false},"excerpt":{"rendered":"<p>&#8220;Bu g\u00fcn universitetl\u0259rin elmi kadr v\u0259 maddi bazas\u0131ndan ali t\u0259hsil m\u00fc\u0259ssis\u0259sind\u0259n k\u0259narda dem\u0259k olar ki, istifad\u0259 olunmur. Universitetl\u0259rd\u0259 g\u0259lir m\u0259nb\u0259yi kimi yaln\u0131z t\u0259l\u0259b\u0259l\u0259rin t\u0259hsil haqq\u0131 \u0259sas g\u00f6t\u00fcr\u00fcl\u00fcr. Ancaq d\u00fcnyan\u0131n \u0259n reytinqli t\u0259hsil ocaqlar\u0131nda t\u0259hsil haqq\u0131 onlar\u0131n g\u0259lirl\u0259rinin d\u00f6rdd\u0259 birini t\u0259\u015fkil edir&#8221;. Zerdab.com sayt\u0131 x\u0259b\u0259r verir ki, \u0438unu t\u0259hsil naziri Mikay\u0131l Cabbarov Az\u0259rbaycan m\u00fc\u0259lliml\u0259rinin XIV qurultay\u0131nda [&hellip;]<\/p>\n","protected":false},"author":1,"featured_media":0,"comment_status":"open","ping_status":"open","sticky":false,"template":"","format":"standard","meta":{"footnotes":""},"categories":[21],"tags":[],"class_list":{"0":"post-13798","1":"post","2":"type-post","3":"status-publish","4":"format-standard","6":"category-zrdab"},"yoast_head":"<!-- This site is optimized with the Yoast SEO plugin v27.0 - https:\/\/yoast.com\/product\/yoast-seo-wordpress\/ -->\n<title>T\u0259hsil i\u015f\u00e7il\u0259rimiz m\u00fc\u0259lliml\u0259rin XIV qurultay\u0131nda - Foto - Z\u0259rdab.com<\/title>\n<meta name=\"robots\" content=\"index, follow, max-snippet:-1, max-image-preview:large, max-video-preview:-1\" \/>\n<link rel=\"canonical\" href=\"https:\/\/www.zerdab.com\/?p=13798\" \/>\n<meta property=\"og:locale\" content=\"az_AZ\" \/>\n<meta property=\"og:type\" content=\"article\" \/>\n<meta property=\"og:title\" content=\"T\u0259hsil i\u015f\u00e7il\u0259rimiz m\u00fc\u0259lliml\u0259rin XIV qurultay\u0131nda - Foto - Z\u0259rdab.com\" \/>\n<meta property=\"og:description\" content=\"&#8220;Bu g\u00fcn universitetl\u0259rin elmi kadr v\u0259 maddi bazas\u0131ndan ali t\u0259hsil m\u00fc\u0259ssis\u0259sind\u0259n k\u0259narda dem\u0259k olar ki, istifad\u0259 olunmur. Universitetl\u0259rd\u0259 g\u0259lir m\u0259nb\u0259yi kimi yaln\u0131z t\u0259l\u0259b\u0259l\u0259rin t\u0259hsil haqq\u0131 \u0259sas g\u00f6t\u00fcr\u00fcl\u00fcr. Ancaq d\u00fcnyan\u0131n \u0259n reytinqli t\u0259hsil ocaqlar\u0131nda t\u0259hsil haqq\u0131 onlar\u0131n g\u0259lirl\u0259rinin d\u00f6rdd\u0259 birini t\u0259\u015fkil edir&#8221;. Zerdab.com sayt\u0131 x\u0259b\u0259r verir ki, \u0438unu t\u0259hsil naziri Mikay\u0131l Cabbarov Az\u0259rbaycan m\u00fc\u0259lliml\u0259rinin XIV qurultay\u0131nda [&hellip;]\" \/>\n<meta property=\"og:url\" content=\"https:\/\/www.zerdab.com\/?p=13798\" \/>\n<meta property=\"og:site_name\" content=\"Z\u0259rdab.com\" \/>\n<meta property=\"article:published_time\" content=\"2013-12-14T09:20:35+00:00\" \/>\n<meta property=\"article:modified_time\" content=\"2013-12-14T19:40:45+00:00\" \/>\n<meta property=\"og:image\" content=\"http:\/\/www.zerdab.com\/wp-content\/uploads\/2013\/12\/Tehsil-412x550.jpg\" \/>\n<meta name=\"author\" content=\"admin\" \/>\n<meta name=\"twitter:card\" content=\"summary_large_image\" \/>\n<meta name=\"twitter:label1\" content=\"Written by\" \/>\n\t<meta name=\"twitter:data1\" content=\"admin\" \/>\n\t<meta name=\"twitter:label2\" content=\"Est. reading time\" \/>\n\t<meta name=\"twitter:data2\" content=\"8 minutes\" \/>\n<script type=\"application\/ld+json\" class=\"yoast-schema-graph\">{\"@context\":\"https:\/\/schema.org\",\"@graph\":[{\"@type\":\"Article\",\"@id\":\"https:\/\/www.zerdab.com\/?p=13798#article\",\"isPartOf\":{\"@id\":\"https:\/\/www.zerdab.com\/?p=13798\"},\"author\":{\"name\":\"admin\",\"@id\":\"https:\/\/www.zerdab.com\/#\/schema\/person\/97079b7570c1e89ec0d9e138c3672136\"},\"headline\":\"T\u0259hsil i\u015f\u00e7il\u0259rimiz m\u00fc\u0259lliml\u0259rin XIV qurultay\u0131nda &#8211; Foto\",\"datePublished\":\"2013-12-14T09:20:35+00:00\",\"dateModified\":\"2013-12-14T19:40:45+00:00\",\"mainEntityOfPage\":{\"@id\":\"https:\/\/www.zerdab.com\/?p=13798\"},\"wordCount\":1778,\"commentCount\":0,\"image\":{\"@id\":\"https:\/\/www.zerdab.com\/?p=13798#primaryimage\"},\"thumbnailUrl\":\"http:\/\/www.zerdab.com\/wp-content\/uploads\/2013\/12\/Tehsil-412x550.jpg\",\"articleSection\":[\"C\u018fM\u0130YY\u018fT\"],\"inLanguage\":\"az\",\"potentialAction\":[{\"@type\":\"CommentAction\",\"name\":\"Comment\",\"target\":[\"https:\/\/www.zerdab.com\/?p=13798#respond\"]}]},{\"@type\":\"WebPage\",\"@id\":\"https:\/\/www.zerdab.com\/?p=13798\",\"url\":\"https:\/\/www.zerdab.com\/?p=13798\",\"name\":\"T\u0259hsil i\u015f\u00e7il\u0259rimiz m\u00fc\u0259lliml\u0259rin XIV qurultay\u0131nda - Foto - Z\u0259rdab.com\",\"isPartOf\":{\"@id\":\"https:\/\/www.zerdab.com\/#website\"},\"primaryImageOfPage\":{\"@id\":\"https:\/\/www.zerdab.com\/?p=13798#primaryimage\"},\"image\":{\"@id\":\"https:\/\/www.zerdab.com\/?p=13798#primaryimage\"},\"thumbnailUrl\":\"http:\/\/www.zerdab.com\/wp-content\/uploads\/2013\/12\/Tehsil-412x550.jpg\",\"datePublished\":\"2013-12-14T09:20:35+00:00\",\"dateModified\":\"2013-12-14T19:40:45+00:00\",\"author\":{\"@id\":\"https:\/\/www.zerdab.com\/#\/schema\/person\/97079b7570c1e89ec0d9e138c3672136\"},\"breadcrumb\":{\"@id\":\"https:\/\/www.zerdab.com\/?p=13798#breadcrumb\"},\"inLanguage\":\"az\",\"potentialAction\":[{\"@type\":\"ReadAction\",\"target\":[\"https:\/\/www.zerdab.com\/?p=13798\"]}]},{\"@type\":\"ImageObject\",\"inLanguage\":\"az\",\"@id\":\"https:\/\/www.zerdab.com\/?p=13798#primaryimage\",\"url\":\"\",\"contentUrl\":\"\"},{\"@type\":\"BreadcrumbList\",\"@id\":\"https:\/\/www.zerdab.com\/?p=13798#breadcrumb\",\"itemListElement\":[{\"@type\":\"ListItem\",\"position\":1,\"name\":\"Home\",\"item\":\"https:\/\/www.zerdab.com\/\"},{\"@type\":\"ListItem\",\"position\":2,\"name\":\"T\u0259hsil i\u015f\u00e7il\u0259rimiz m\u00fc\u0259lliml\u0259rin XIV qurultay\u0131nda &#8211; Foto\"}]},{\"@type\":\"WebSite\",\"@id\":\"https:\/\/www.zerdab.com\/#website\",\"url\":\"https:\/\/www.zerdab.com\/\",\"name\":\"Z\u0259rdab.com\",\"description\":\"\",\"potentialAction\":[{\"@type\":\"SearchAction\",\"target\":{\"@type\":\"EntryPoint\",\"urlTemplate\":\"https:\/\/www.zerdab.com\/?s={search_term_string}\"},\"query-input\":{\"@type\":\"PropertyValueSpecification\",\"valueRequired\":true,\"valueName\":\"search_term_string\"}}],\"inLanguage\":\"az\"},{\"@type\":\"Person\",\"@id\":\"https:\/\/www.zerdab.com\/#\/schema\/person\/97079b7570c1e89ec0d9e138c3672136\",\"name\":\"admin\",\"image\":{\"@type\":\"ImageObject\",\"inLanguage\":\"az\",\"@id\":\"https:\/\/www.zerdab.com\/#\/schema\/person\/image\/\",\"url\":\"https:\/\/secure.gravatar.com\/avatar\/d9c52a9a27c32119cb6679a077fa3e2779e5f822c451cbf01098004361d466ec?s=96&d=mm&r=g\",\"contentUrl\":\"https:\/\/secure.gravatar.com\/avatar\/d9c52a9a27c32119cb6679a077fa3e2779e5f822c451cbf01098004361d466ec?s=96&d=mm&r=g\",\"caption\":\"admin\"},\"url\":\"https:\/\/www.zerdab.com\/?author=1\"}]}<\/script>\n<!-- \/ Yoast SEO plugin. -->","yoast_head_json":{"title":"T\u0259hsil i\u015f\u00e7il\u0259rimiz m\u00fc\u0259lliml\u0259rin XIV qurultay\u0131nda - Foto - Z\u0259rdab.com","robots":{"index":"index","follow":"follow","max-snippet":"max-snippet:-1","max-image-preview":"max-image-preview:large","max-video-preview":"max-video-preview:-1"},"canonical":"https:\/\/www.zerdab.com\/?p=13798","og_locale":"az_AZ","og_type":"article","og_title":"T\u0259hsil i\u015f\u00e7il\u0259rimiz m\u00fc\u0259lliml\u0259rin XIV qurultay\u0131nda - Foto - Z\u0259rdab.com","og_description":"&#8220;Bu g\u00fcn universitetl\u0259rin elmi kadr v\u0259 maddi bazas\u0131ndan ali t\u0259hsil m\u00fc\u0259ssis\u0259sind\u0259n k\u0259narda dem\u0259k olar ki, istifad\u0259 olunmur. Universitetl\u0259rd\u0259 g\u0259lir m\u0259nb\u0259yi kimi yaln\u0131z t\u0259l\u0259b\u0259l\u0259rin t\u0259hsil haqq\u0131 \u0259sas g\u00f6t\u00fcr\u00fcl\u00fcr. Ancaq d\u00fcnyan\u0131n \u0259n reytinqli t\u0259hsil ocaqlar\u0131nda t\u0259hsil haqq\u0131 onlar\u0131n g\u0259lirl\u0259rinin d\u00f6rdd\u0259 birini t\u0259\u015fkil edir&#8221;. Zerdab.com sayt\u0131 x\u0259b\u0259r verir ki, \u0438unu t\u0259hsil naziri Mikay\u0131l Cabbarov Az\u0259rbaycan m\u00fc\u0259lliml\u0259rinin XIV qurultay\u0131nda [&hellip;]","og_url":"https:\/\/www.zerdab.com\/?p=13798","og_site_name":"Z\u0259rdab.com","article_published_time":"2013-12-14T09:20:35+00:00","article_modified_time":"2013-12-14T19:40:45+00:00","og_image":[{"url":"http:\/\/www.zerdab.com\/wp-content\/uploads\/2013\/12\/Tehsil-412x550.jpg","type":"","width":"","height":""}],"author":"admin","twitter_card":"summary_large_image","twitter_misc":{"Written by":"admin","Est. reading time":"8 minutes"},"schema":{"@context":"https:\/\/schema.org","@graph":[{"@type":"Article","@id":"https:\/\/www.zerdab.com\/?p=13798#article","isPartOf":{"@id":"https:\/\/www.zerdab.com\/?p=13798"},"author":{"name":"admin","@id":"https:\/\/www.zerdab.com\/#\/schema\/person\/97079b7570c1e89ec0d9e138c3672136"},"headline":"T\u0259hsil i\u015f\u00e7il\u0259rimiz m\u00fc\u0259lliml\u0259rin XIV qurultay\u0131nda &#8211; Foto","datePublished":"2013-12-14T09:20:35+00:00","dateModified":"2013-12-14T19:40:45+00:00","mainEntityOfPage":{"@id":"https:\/\/www.zerdab.com\/?p=13798"},"wordCount":1778,"commentCount":0,"image":{"@id":"https:\/\/www.zerdab.com\/?p=13798#primaryimage"},"thumbnailUrl":"http:\/\/www.zerdab.com\/wp-content\/uploads\/2013\/12\/Tehsil-412x550.jpg","articleSection":["C\u018fM\u0130YY\u018fT"],"inLanguage":"az","potentialAction":[{"@type":"CommentAction","name":"Comment","target":["https:\/\/www.zerdab.com\/?p=13798#respond"]}]},{"@type":"WebPage","@id":"https:\/\/www.zerdab.com\/?p=13798","url":"https:\/\/www.zerdab.com\/?p=13798","name":"T\u0259hsil i\u015f\u00e7il\u0259rimiz m\u00fc\u0259lliml\u0259rin XIV qurultay\u0131nda - Foto - Z\u0259rdab.com","isPartOf":{"@id":"https:\/\/www.zerdab.com\/#website"},"primaryImageOfPage":{"@id":"https:\/\/www.zerdab.com\/?p=13798#primaryimage"},"image":{"@id":"https:\/\/www.zerdab.com\/?p=13798#primaryimage"},"thumbnailUrl":"http:\/\/www.zerdab.com\/wp-content\/uploads\/2013\/12\/Tehsil-412x550.jpg","datePublished":"2013-12-14T09:20:35+00:00","dateModified":"2013-12-14T19:40:45+00:00","author":{"@id":"https:\/\/www.zerdab.com\/#\/schema\/person\/97079b7570c1e89ec0d9e138c3672136"},"breadcrumb":{"@id":"https:\/\/www.zerdab.com\/?p=13798#breadcrumb"},"inLanguage":"az","potentialAction":[{"@type":"ReadAction","target":["https:\/\/www.zerdab.com\/?p=13798"]}]},{"@type":"ImageObject","inLanguage":"az","@id":"https:\/\/www.zerdab.com\/?p=13798#primaryimage","url":"","contentUrl":""},{"@type":"BreadcrumbList","@id":"https:\/\/www.zerdab.com\/?p=13798#breadcrumb","itemListElement":[{"@type":"ListItem","position":1,"name":"Home","item":"https:\/\/www.zerdab.com\/"},{"@type":"ListItem","position":2,"name":"T\u0259hsil i\u015f\u00e7il\u0259rimiz m\u00fc\u0259lliml\u0259rin XIV qurultay\u0131nda &#8211; Foto"}]},{"@type":"WebSite","@id":"https:\/\/www.zerdab.com\/#website","url":"https:\/\/www.zerdab.com\/","name":"Z\u0259rdab.com","description":"","potentialAction":[{"@type":"SearchAction","target":{"@type":"EntryPoint","urlTemplate":"https:\/\/www.zerdab.com\/?s={search_term_string}"},"query-input":{"@type":"PropertyValueSpecification","valueRequired":true,"valueName":"search_term_string"}}],"inLanguage":"az"},{"@type":"Person","@id":"https:\/\/www.zerdab.com\/#\/schema\/person\/97079b7570c1e89ec0d9e138c3672136","name":"admin","image":{"@type":"ImageObject","inLanguage":"az","@id":"https:\/\/www.zerdab.com\/#\/schema\/person\/image\/","url":"https:\/\/secure.gravatar.com\/avatar\/d9c52a9a27c32119cb6679a077fa3e2779e5f822c451cbf01098004361d466ec?s=96&d=mm&r=g","contentUrl":"https:\/\/secure.gravatar.com\/avatar\/d9c52a9a27c32119cb6679a077fa3e2779e5f822c451cbf01098004361d466ec?s=96&d=mm&r=g","caption":"admin"},"url":"https:\/\/www.zerdab.com\/?author=1"}]}},"_links":{"self":[{"href":"https:\/\/www.zerdab.com\/index.php?rest_route=\/wp\/v2\/posts\/13798","targetHints":{"allow":["GET"]}}],"collection":[{"href":"https:\/\/www.zerdab.com\/index.php?rest_route=\/wp\/v2\/posts"}],"about":[{"href":"https:\/\/www.zerdab.com\/index.php?rest_route=\/wp\/v2\/types\/post"}],"author":[{"embeddable":true,"href":"https:\/\/www.zerdab.com\/index.php?rest_route=\/wp\/v2\/users\/1"}],"replies":[{"embeddable":true,"href":"https:\/\/www.zerdab.com\/index.php?rest_route=%2Fwp%2Fv2%2Fcomments&post=13798"}],"version-history":[{"count":8,"href":"https:\/\/www.zerdab.com\/index.php?rest_route=\/wp\/v2\/posts\/13798\/revisions"}],"predecessor-version":[{"id":13815,"href":"https:\/\/www.zerdab.com\/index.php?rest_route=\/wp\/v2\/posts\/13798\/revisions\/13815"}],"wp:attachment":[{"href":"https:\/\/www.zerdab.com\/index.php?rest_route=%2Fwp%2Fv2%2Fmedia&parent=13798"}],"wp:term":[{"taxonomy":"category","embeddable":true,"href":"https:\/\/www.zerdab.com\/index.php?rest_route=%2Fwp%2Fv2%2Fcategories&post=13798"},{"taxonomy":"post_tag","embeddable":true,"href":"https:\/\/www.zerdab.com\/index.php?rest_route=%2Fwp%2Fv2%2Ftags&post=13798"}],"curies":[{"name":"wp","href":"https:\/\/api.w.org\/{rel}","templated":true}]}}