{"id":13861,"date":"2013-12-22T18:20:12","date_gmt":"2013-12-22T14:20:12","guid":{"rendered":"http:\/\/www.zerdab.com\/?p=13861"},"modified":"2013-12-22T18:27:08","modified_gmt":"2013-12-22T14:27:08","slug":"m%c9%99lik-m%c9%99h%c9%99rr%c9%99mov-kuc%c9%99si-n%c9%99-vaxt-t%c9%99mir-olunacaq","status":"publish","type":"post","link":"https:\/\/www.zerdab.com\/?p=13861","title":{"rendered":"M\u0259lik M\u0259h\u0259rr\u0259mov k\u00fc\u00e7\u0259si n\u0259 vaxt t\u0259mir olunacaq?"},"content":{"rendered":"<p><a href=\"http:\/\/www.zerdab.com\/wp-content\/uploads\/2013\/12\/Yol-1.jpg\"><img loading=\"lazy\" decoding=\"async\" class=\"aligncenter size-large wp-image-13862\" alt=\"Yol\" src=\"http:\/\/www.zerdab.com\/wp-content\/uploads\/2013\/12\/Yol-1-550x412.jpg\" width=\"550\" height=\"412\" \/><\/a>Son ill\u0259r Z\u0259rdab rayonunda apar\u0131lan abadl\u0131q v\u0259 quruculuq i\u015fl\u0259ri bar\u0259d\u0259 m\u00fct\u0259madi m\u0259lumatlar veririk. Rayonumuzda yeni sosial v\u0259 d\u00f6vl\u0259t \u0259h\u0259miyy\u0259tli obyektl\u0259rin istifad\u0259y\u0259 verilm\u0259si d\u0259 bu q\u0259bild\u0259n t\u0259qdir\u0259layiqdir. Z\u0259rdab-Mollak\u0259nd yolunun \u00e7\u0259kilm\u0259si, k\u0259ndl\u0259rimiz\u0259 qaz \u00e7\u0259kili\u015finin davam etm\u0259si d\u0259 \u00fcr\u0259ka\u00e7an faktlardand\u0131r. Lakin rayonumuzda el\u0259 k\u00fc\u00e7\u0259 d\u0259 var ki, t\u0259mir edil\u0259c\u0259yi g\u00fcn\u00fc g\u00f6zl\u0259yir. Bel\u0259 k\u00fc\u00e7\u0259l\u0259rd\u0259n biri d\u0259 Z\u0259rdab \u015f\u0259h\u0259rinin Sovet \u0130ttifaq\u0131 Q\u0259hr\u0259man\u0131 M\u0259lik M\u0259h\u0259rr\u0259movun ad\u0131n\u0131 da\u015f\u0131yan k\u00fc\u00e7\u0259dir.<\/p>\n<p>AzNews.az-\u0131n m\u0259lumat\u0131na g\u00f6r\u0259, sakinl\u0259ri narahat ed\u0259n k\u00fc\u00e7\u0259nin pal\u00e7\u0131q \u0259lind\u0259n ke\u00e7ilm\u0259z olmas\u0131d\u0131r. Sakinl\u0259r bildiribl\u0259r ki, M\u0259lik M\u0259h\u0259rr\u0259movun ad\u0131n\u0131 da\u015f\u0131yan k\u00fc\u00e7\u0259d\u0259 x\u00fcsus\u0259n q\u0131\u015f aylar\u0131nda v\u0259ziyy\u0259t daha da \u00e7\u0259tinl\u0259\u015fir: &#8220;M\u0259lik M\u0259h\u0259rr\u0259mov k\u00fc\u00e7\u0259sinin sonunda 2 sayl\u0131 orta m\u0259kt\u0259bin olmas\u0131n\u0131 n\u0259z\u0259r\u0259 alsaq, bu yolda gedi\u015f-g\u0259li\u015f daha \u00e7oxdur. Kanalizasiya v\u0259 su \u00e7\u0259kili\u015finin yenid\u0259n b\u0259rpas\u0131 il\u0259 \u0259laq\u0259dar k\u00fc\u00e7\u0259nin asfalt \u00f6rt\u00fcy\u00fc qaz\u0131ld\u0131. Yol k\u0259nar\u0131ndak\u0131 s\u0259kil\u0259r is\u0259 sonuncu d\u0259f\u0259 uzun ill\u0259r bundan \u0259vv\u0259l t\u0259mir olunub. Ya\u011f\u0131\u015f sular\u0131 m\u0259kt\u0259blil\u0259rin v\u0259 ya\u015fl\u0131 insanlar\u0131n h\u0259r\u0259k\u0259tini \u00e7\u0259tinl\u0259\u015fdirir. Rayonun m\u0259rk\u0259zind\u0259 ya\u015fama\u011f\u0131m\u0131za baxmayaraq, yayda tozdan, q\u0131\u015fda is\u0259 pal\u00e7\u0131qdan k\u00fc\u00e7\u0259y\u0259 \u00e7\u0131xmaq m\u00fcmk\u00fcn deyil&#8221;.<\/p>\n<p><a href=\"http:\/\/www.zerdab.com\/wp-content\/uploads\/2013\/12\/yol-2.jpg\"><img loading=\"lazy\" decoding=\"async\" class=\"aligncenter size-large wp-image-13863\" alt=\"yol\" src=\"http:\/\/www.zerdab.com\/wp-content\/uploads\/2013\/12\/yol-2-550x412.jpg\" width=\"550\" height=\"412\" \/><\/a><\/p>\n","protected":false},"excerpt":{"rendered":"<p>Son ill\u0259r Z\u0259rdab rayonunda apar\u0131lan abadl\u0131q v\u0259 quruculuq i\u015fl\u0259ri bar\u0259d\u0259 m\u00fct\u0259madi m\u0259lumatlar veririk. Rayonumuzda yeni sosial v\u0259 d\u00f6vl\u0259t \u0259h\u0259miyy\u0259tli obyektl\u0259rin istifad\u0259y\u0259 verilm\u0259si d\u0259 bu q\u0259bild\u0259n t\u0259qdir\u0259layiqdir. Z\u0259rdab-Mollak\u0259nd yolunun \u00e7\u0259kilm\u0259si, k\u0259ndl\u0259rimiz\u0259 qaz \u00e7\u0259kili\u015finin davam etm\u0259si d\u0259 \u00fcr\u0259ka\u00e7an faktlardand\u0131r. Lakin rayonumuzda el\u0259 k\u00fc\u00e7\u0259 d\u0259 var ki, t\u0259mir edil\u0259c\u0259yi g\u00fcn\u00fc g\u00f6zl\u0259yir. Bel\u0259 k\u00fc\u00e7\u0259l\u0259rd\u0259n biri d\u0259 Z\u0259rdab \u015f\u0259h\u0259rinin Sovet [&hellip;]<\/p>\n","protected":false},"author":1,"featured_media":0,"comment_status":"open","ping_status":"open","sticky":false,"template":"","format":"standard","meta":{"footnotes":""},"categories":[21],"tags":[],"class_list":{"0":"post-13861","1":"post","2":"type-post","3":"status-publish","4":"format-standard","6":"category-zrdab"},"yoast_head":"<!-- This site is optimized with the Yoast SEO plugin v27.0 - https:\/\/yoast.com\/product\/yoast-seo-wordpress\/ -->\n<title>M\u0259lik M\u0259h\u0259rr\u0259mov k\u00fc\u00e7\u0259si n\u0259 vaxt t\u0259mir olunacaq? - Z\u0259rdab.com<\/title>\n<meta name=\"robots\" content=\"index, follow, max-snippet:-1, max-image-preview:large, max-video-preview:-1\" \/>\n<link rel=\"canonical\" href=\"https:\/\/www.zerdab.com\/?p=13861\" \/>\n<meta property=\"og:locale\" content=\"az_AZ\" \/>\n<meta property=\"og:type\" content=\"article\" \/>\n<meta property=\"og:title\" content=\"M\u0259lik M\u0259h\u0259rr\u0259mov k\u00fc\u00e7\u0259si n\u0259 vaxt t\u0259mir olunacaq? - Z\u0259rdab.com\" \/>\n<meta property=\"og:description\" content=\"Son ill\u0259r Z\u0259rdab rayonunda apar\u0131lan abadl\u0131q v\u0259 quruculuq i\u015fl\u0259ri bar\u0259d\u0259 m\u00fct\u0259madi m\u0259lumatlar veririk. Rayonumuzda yeni sosial v\u0259 d\u00f6vl\u0259t \u0259h\u0259miyy\u0259tli obyektl\u0259rin istifad\u0259y\u0259 verilm\u0259si d\u0259 bu q\u0259bild\u0259n t\u0259qdir\u0259layiqdir. Z\u0259rdab-Mollak\u0259nd yolunun \u00e7\u0259kilm\u0259si, k\u0259ndl\u0259rimiz\u0259 qaz \u00e7\u0259kili\u015finin davam etm\u0259si d\u0259 \u00fcr\u0259ka\u00e7an faktlardand\u0131r. Lakin rayonumuzda el\u0259 k\u00fc\u00e7\u0259 d\u0259 var ki, t\u0259mir edil\u0259c\u0259yi g\u00fcn\u00fc g\u00f6zl\u0259yir. Bel\u0259 k\u00fc\u00e7\u0259l\u0259rd\u0259n biri d\u0259 Z\u0259rdab \u015f\u0259h\u0259rinin Sovet [&hellip;]\" \/>\n<meta property=\"og:url\" content=\"https:\/\/www.zerdab.com\/?p=13861\" \/>\n<meta property=\"og:site_name\" content=\"Z\u0259rdab.com\" \/>\n<meta property=\"article:published_time\" content=\"2013-12-22T14:20:12+00:00\" \/>\n<meta property=\"article:modified_time\" content=\"2013-12-22T14:27:08+00:00\" \/>\n<meta property=\"og:image\" content=\"http:\/\/www.zerdab.com\/wp-content\/uploads\/2013\/12\/Yol-1-550x412.jpg\" \/>\n<meta name=\"author\" content=\"admin\" \/>\n<meta name=\"twitter:card\" content=\"summary_large_image\" \/>\n<meta name=\"twitter:label1\" content=\"Written by\" \/>\n\t<meta name=\"twitter:data1\" content=\"admin\" \/>\n\t<meta name=\"twitter:label2\" content=\"Est. reading time\" \/>\n\t<meta name=\"twitter:data2\" content=\"1 minute\" \/>\n<script type=\"application\/ld+json\" class=\"yoast-schema-graph\">{\"@context\":\"https:\/\/schema.org\",\"@graph\":[{\"@type\":\"Article\",\"@id\":\"https:\/\/www.zerdab.com\/?p=13861#article\",\"isPartOf\":{\"@id\":\"https:\/\/www.zerdab.com\/?p=13861\"},\"author\":{\"name\":\"admin\",\"@id\":\"https:\/\/www.zerdab.com\/#\/schema\/person\/97079b7570c1e89ec0d9e138c3672136\"},\"headline\":\"M\u0259lik M\u0259h\u0259rr\u0259mov k\u00fc\u00e7\u0259si n\u0259 vaxt t\u0259mir olunacaq?\",\"datePublished\":\"2013-12-22T14:20:12+00:00\",\"dateModified\":\"2013-12-22T14:27:08+00:00\",\"mainEntityOfPage\":{\"@id\":\"https:\/\/www.zerdab.com\/?p=13861\"},\"wordCount\":287,\"commentCount\":0,\"image\":{\"@id\":\"https:\/\/www.zerdab.com\/?p=13861#primaryimage\"},\"thumbnailUrl\":\"http:\/\/www.zerdab.com\/wp-content\/uploads\/2013\/12\/Yol-1-550x412.jpg\",\"articleSection\":[\"C\u018fM\u0130YY\u018fT\"],\"inLanguage\":\"az\",\"potentialAction\":[{\"@type\":\"CommentAction\",\"name\":\"Comment\",\"target\":[\"https:\/\/www.zerdab.com\/?p=13861#respond\"]}]},{\"@type\":\"WebPage\",\"@id\":\"https:\/\/www.zerdab.com\/?p=13861\",\"url\":\"https:\/\/www.zerdab.com\/?p=13861\",\"name\":\"M\u0259lik M\u0259h\u0259rr\u0259mov k\u00fc\u00e7\u0259si n\u0259 vaxt t\u0259mir olunacaq? - Z\u0259rdab.com\",\"isPartOf\":{\"@id\":\"https:\/\/www.zerdab.com\/#website\"},\"primaryImageOfPage\":{\"@id\":\"https:\/\/www.zerdab.com\/?p=13861#primaryimage\"},\"image\":{\"@id\":\"https:\/\/www.zerdab.com\/?p=13861#primaryimage\"},\"thumbnailUrl\":\"http:\/\/www.zerdab.com\/wp-content\/uploads\/2013\/12\/Yol-1-550x412.jpg\",\"datePublished\":\"2013-12-22T14:20:12+00:00\",\"dateModified\":\"2013-12-22T14:27:08+00:00\",\"author\":{\"@id\":\"https:\/\/www.zerdab.com\/#\/schema\/person\/97079b7570c1e89ec0d9e138c3672136\"},\"breadcrumb\":{\"@id\":\"https:\/\/www.zerdab.com\/?p=13861#breadcrumb\"},\"inLanguage\":\"az\",\"potentialAction\":[{\"@type\":\"ReadAction\",\"target\":[\"https:\/\/www.zerdab.com\/?p=13861\"]}]},{\"@type\":\"ImageObject\",\"inLanguage\":\"az\",\"@id\":\"https:\/\/www.zerdab.com\/?p=13861#primaryimage\",\"url\":\"\",\"contentUrl\":\"\"},{\"@type\":\"BreadcrumbList\",\"@id\":\"https:\/\/www.zerdab.com\/?p=13861#breadcrumb\",\"itemListElement\":[{\"@type\":\"ListItem\",\"position\":1,\"name\":\"Home\",\"item\":\"https:\/\/www.zerdab.com\/\"},{\"@type\":\"ListItem\",\"position\":2,\"name\":\"M\u0259lik M\u0259h\u0259rr\u0259mov k\u00fc\u00e7\u0259si n\u0259 vaxt t\u0259mir olunacaq?\"}]},{\"@type\":\"WebSite\",\"@id\":\"https:\/\/www.zerdab.com\/#website\",\"url\":\"https:\/\/www.zerdab.com\/\",\"name\":\"Z\u0259rdab.com\",\"description\":\"\",\"potentialAction\":[{\"@type\":\"SearchAction\",\"target\":{\"@type\":\"EntryPoint\",\"urlTemplate\":\"https:\/\/www.zerdab.com\/?s={search_term_string}\"},\"query-input\":{\"@type\":\"PropertyValueSpecification\",\"valueRequired\":true,\"valueName\":\"search_term_string\"}}],\"inLanguage\":\"az\"},{\"@type\":\"Person\",\"@id\":\"https:\/\/www.zerdab.com\/#\/schema\/person\/97079b7570c1e89ec0d9e138c3672136\",\"name\":\"admin\",\"image\":{\"@type\":\"ImageObject\",\"inLanguage\":\"az\",\"@id\":\"https:\/\/www.zerdab.com\/#\/schema\/person\/image\/\",\"url\":\"https:\/\/secure.gravatar.com\/avatar\/d9c52a9a27c32119cb6679a077fa3e2779e5f822c451cbf01098004361d466ec?s=96&d=mm&r=g\",\"contentUrl\":\"https:\/\/secure.gravatar.com\/avatar\/d9c52a9a27c32119cb6679a077fa3e2779e5f822c451cbf01098004361d466ec?s=96&d=mm&r=g\",\"caption\":\"admin\"},\"url\":\"https:\/\/www.zerdab.com\/?author=1\"}]}<\/script>\n<!-- \/ Yoast SEO plugin. -->","yoast_head_json":{"title":"M\u0259lik M\u0259h\u0259rr\u0259mov k\u00fc\u00e7\u0259si n\u0259 vaxt t\u0259mir olunacaq? - Z\u0259rdab.com","robots":{"index":"index","follow":"follow","max-snippet":"max-snippet:-1","max-image-preview":"max-image-preview:large","max-video-preview":"max-video-preview:-1"},"canonical":"https:\/\/www.zerdab.com\/?p=13861","og_locale":"az_AZ","og_type":"article","og_title":"M\u0259lik M\u0259h\u0259rr\u0259mov k\u00fc\u00e7\u0259si n\u0259 vaxt t\u0259mir olunacaq? - Z\u0259rdab.com","og_description":"Son ill\u0259r Z\u0259rdab rayonunda apar\u0131lan abadl\u0131q v\u0259 quruculuq i\u015fl\u0259ri bar\u0259d\u0259 m\u00fct\u0259madi m\u0259lumatlar veririk. Rayonumuzda yeni sosial v\u0259 d\u00f6vl\u0259t \u0259h\u0259miyy\u0259tli obyektl\u0259rin istifad\u0259y\u0259 verilm\u0259si d\u0259 bu q\u0259bild\u0259n t\u0259qdir\u0259layiqdir. Z\u0259rdab-Mollak\u0259nd yolunun \u00e7\u0259kilm\u0259si, k\u0259ndl\u0259rimiz\u0259 qaz \u00e7\u0259kili\u015finin davam etm\u0259si d\u0259 \u00fcr\u0259ka\u00e7an faktlardand\u0131r. Lakin rayonumuzda el\u0259 k\u00fc\u00e7\u0259 d\u0259 var ki, t\u0259mir edil\u0259c\u0259yi g\u00fcn\u00fc g\u00f6zl\u0259yir. Bel\u0259 k\u00fc\u00e7\u0259l\u0259rd\u0259n biri d\u0259 Z\u0259rdab \u015f\u0259h\u0259rinin Sovet [&hellip;]","og_url":"https:\/\/www.zerdab.com\/?p=13861","og_site_name":"Z\u0259rdab.com","article_published_time":"2013-12-22T14:20:12+00:00","article_modified_time":"2013-12-22T14:27:08+00:00","og_image":[{"url":"http:\/\/www.zerdab.com\/wp-content\/uploads\/2013\/12\/Yol-1-550x412.jpg","type":"","width":"","height":""}],"author":"admin","twitter_card":"summary_large_image","twitter_misc":{"Written by":"admin","Est. reading time":"1 minute"},"schema":{"@context":"https:\/\/schema.org","@graph":[{"@type":"Article","@id":"https:\/\/www.zerdab.com\/?p=13861#article","isPartOf":{"@id":"https:\/\/www.zerdab.com\/?p=13861"},"author":{"name":"admin","@id":"https:\/\/www.zerdab.com\/#\/schema\/person\/97079b7570c1e89ec0d9e138c3672136"},"headline":"M\u0259lik M\u0259h\u0259rr\u0259mov k\u00fc\u00e7\u0259si n\u0259 vaxt t\u0259mir olunacaq?","datePublished":"2013-12-22T14:20:12+00:00","dateModified":"2013-12-22T14:27:08+00:00","mainEntityOfPage":{"@id":"https:\/\/www.zerdab.com\/?p=13861"},"wordCount":287,"commentCount":0,"image":{"@id":"https:\/\/www.zerdab.com\/?p=13861#primaryimage"},"thumbnailUrl":"http:\/\/www.zerdab.com\/wp-content\/uploads\/2013\/12\/Yol-1-550x412.jpg","articleSection":["C\u018fM\u0130YY\u018fT"],"inLanguage":"az","potentialAction":[{"@type":"CommentAction","name":"Comment","target":["https:\/\/www.zerdab.com\/?p=13861#respond"]}]},{"@type":"WebPage","@id":"https:\/\/www.zerdab.com\/?p=13861","url":"https:\/\/www.zerdab.com\/?p=13861","name":"M\u0259lik M\u0259h\u0259rr\u0259mov k\u00fc\u00e7\u0259si n\u0259 vaxt t\u0259mir olunacaq? - Z\u0259rdab.com","isPartOf":{"@id":"https:\/\/www.zerdab.com\/#website"},"primaryImageOfPage":{"@id":"https:\/\/www.zerdab.com\/?p=13861#primaryimage"},"image":{"@id":"https:\/\/www.zerdab.com\/?p=13861#primaryimage"},"thumbnailUrl":"http:\/\/www.zerdab.com\/wp-content\/uploads\/2013\/12\/Yol-1-550x412.jpg","datePublished":"2013-12-22T14:20:12+00:00","dateModified":"2013-12-22T14:27:08+00:00","author":{"@id":"https:\/\/www.zerdab.com\/#\/schema\/person\/97079b7570c1e89ec0d9e138c3672136"},"breadcrumb":{"@id":"https:\/\/www.zerdab.com\/?p=13861#breadcrumb"},"inLanguage":"az","potentialAction":[{"@type":"ReadAction","target":["https:\/\/www.zerdab.com\/?p=13861"]}]},{"@type":"ImageObject","inLanguage":"az","@id":"https:\/\/www.zerdab.com\/?p=13861#primaryimage","url":"","contentUrl":""},{"@type":"BreadcrumbList","@id":"https:\/\/www.zerdab.com\/?p=13861#breadcrumb","itemListElement":[{"@type":"ListItem","position":1,"name":"Home","item":"https:\/\/www.zerdab.com\/"},{"@type":"ListItem","position":2,"name":"M\u0259lik M\u0259h\u0259rr\u0259mov k\u00fc\u00e7\u0259si n\u0259 vaxt t\u0259mir olunacaq?"}]},{"@type":"WebSite","@id":"https:\/\/www.zerdab.com\/#website","url":"https:\/\/www.zerdab.com\/","name":"Z\u0259rdab.com","description":"","potentialAction":[{"@type":"SearchAction","target":{"@type":"EntryPoint","urlTemplate":"https:\/\/www.zerdab.com\/?s={search_term_string}"},"query-input":{"@type":"PropertyValueSpecification","valueRequired":true,"valueName":"search_term_string"}}],"inLanguage":"az"},{"@type":"Person","@id":"https:\/\/www.zerdab.com\/#\/schema\/person\/97079b7570c1e89ec0d9e138c3672136","name":"admin","image":{"@type":"ImageObject","inLanguage":"az","@id":"https:\/\/www.zerdab.com\/#\/schema\/person\/image\/","url":"https:\/\/secure.gravatar.com\/avatar\/d9c52a9a27c32119cb6679a077fa3e2779e5f822c451cbf01098004361d466ec?s=96&d=mm&r=g","contentUrl":"https:\/\/secure.gravatar.com\/avatar\/d9c52a9a27c32119cb6679a077fa3e2779e5f822c451cbf01098004361d466ec?s=96&d=mm&r=g","caption":"admin"},"url":"https:\/\/www.zerdab.com\/?author=1"}]}},"_links":{"self":[{"href":"https:\/\/www.zerdab.com\/index.php?rest_route=\/wp\/v2\/posts\/13861","targetHints":{"allow":["GET"]}}],"collection":[{"href":"https:\/\/www.zerdab.com\/index.php?rest_route=\/wp\/v2\/posts"}],"about":[{"href":"https:\/\/www.zerdab.com\/index.php?rest_route=\/wp\/v2\/types\/post"}],"author":[{"embeddable":true,"href":"https:\/\/www.zerdab.com\/index.php?rest_route=\/wp\/v2\/users\/1"}],"replies":[{"embeddable":true,"href":"https:\/\/www.zerdab.com\/index.php?rest_route=%2Fwp%2Fv2%2Fcomments&post=13861"}],"version-history":[{"count":2,"href":"https:\/\/www.zerdab.com\/index.php?rest_route=\/wp\/v2\/posts\/13861\/revisions"}],"predecessor-version":[{"id":13865,"href":"https:\/\/www.zerdab.com\/index.php?rest_route=\/wp\/v2\/posts\/13861\/revisions\/13865"}],"wp:attachment":[{"href":"https:\/\/www.zerdab.com\/index.php?rest_route=%2Fwp%2Fv2%2Fmedia&parent=13861"}],"wp:term":[{"taxonomy":"category","embeddable":true,"href":"https:\/\/www.zerdab.com\/index.php?rest_route=%2Fwp%2Fv2%2Fcategories&post=13861"},{"taxonomy":"post_tag","embeddable":true,"href":"https:\/\/www.zerdab.com\/index.php?rest_route=%2Fwp%2Fv2%2Ftags&post=13861"}],"curies":[{"name":"wp","href":"https:\/\/api.w.org\/{rel}","templated":true}]}}