{"id":13893,"date":"2013-12-26T08:00:52","date_gmt":"2013-12-26T04:00:52","guid":{"rendered":"http:\/\/www.zerdab.com\/?p=13893"},"modified":"2013-12-25T18:07:05","modified_gmt":"2013-12-25T14:07:05","slug":"h%c9%99s%c9%99n-b%c9%99y-z%c9%99rdabi-adina-milli-t%c9%99bi%c9%99t-tarixi-muzeyi-yaradilacaq","status":"publish","type":"post","link":"https:\/\/www.zerdab.com\/?p=13893","title":{"rendered":"H\u0259s\u0259n b\u0259y Z\u0259rdabi ad\u0131na Milli T\u0259bi\u0259t Tarixi Muzeyi yarad\u0131lacaq"},"content":{"rendered":"<figure id=\"attachment_8600\" aria-describedby=\"caption-attachment-8600\" style=\"width: 200px\" class=\"wp-caption aligncenter\"><a href=\"http:\/\/www.zerdab.com\/wp-content\/uploads\/2013\/04\/Hesen-bey-Zerdabi.jpg\"><img loading=\"lazy\" decoding=\"async\" class=\"size-full wp-image-8600\" alt=\"H\u0259s\u0259n b\u0259y Z\u0259rdabi\" src=\"http:\/\/www.zerdab.com\/wp-content\/uploads\/2013\/04\/Hesen-bey-Zerdabi.jpg\" width=\"200\" height=\"200\" \/><\/a><figcaption id=\"caption-attachment-8600\" class=\"wp-caption-text\">H\u0259s\u0259n b\u0259y Z\u0259rdabi<\/figcaption><\/figure>\n<p>Az\u0259rbaycan Milli Elml\u0259r Akademiyas\u0131 (AMEA) H. Z\u0259rdabi ad\u0131na Az\u0259rbaycan Milli T\u0259bi\u0259t Tarixi Muzeyinin \u00a0yarad\u0131lmas\u0131 haqq\u0131nda Nazirl\u0259r Kabineti qar\u015f\u0131s\u0131nda v\u0259sat\u0259t qald\u0131racaqd\u0131r. Bu bar\u0259d\u0259 Zerdab.com sayt\u0131na\u00a0AMEA R\u0259yas\u0259t \u00a0Hey\u0259ti\u00a0M\u0259rk\u0259zi aparat\u0131n\u0131n ictimaiyy\u0259tl\u0259 \u0259laq\u0259l\u0259r \u015f\u00f6b\u0259sind\u0259n m\u0259lumat verilib. Bildirilib ki,\u00a0q\u0259rar dekabr\u0131n 25-d\u0259 AMEA R\u0259yas\u0259t Hey\u0259tinin iclas\u0131nda q\u0259bul edilib: &#8220;T\u0259dbird\u0259 AMEA prezidenti, akademik Akif \u018flizad\u0259 bildirmi\u015fdir ki, xalq\u0131n q\u0259dim v\u0259 z\u0259ngin tarixinin \u00f6yr\u0259nilm\u0259si v\u0259 g\u0259l\u0259c\u0259k n\u0259sill\u0259r\u0259 \u00e7atd\u0131r\u0131lmas\u0131 i\u015find\u0259 muzeyl\u0259r \u0259v\u0259zolunmaz rol oynay\u0131r. \u018fks\u0259r muzeyl\u0259r elm v\u0259 m\u0259d\u0259niyy\u0259tin yaln\u0131z bir sah\u0259sini n\u00fcmayi\u015f etdirdiyi halda t\u0259bi\u0259t tarixi muzeyl\u0259ri \u00f6lk\u0259nin geoloji inki\u015faf tarixinin b\u00fct\u00fcn aspektl\u0259rini \u0259hat\u0259 edir. Bu tip muzeyl\u0259rin \u0259sas m\u0259qs\u0259di \u00f6lk\u0259 \u0259razisind\u0259 h\u0259yat\u0131n \u0259m\u0259l\u0259 g\u0259lm\u0259 tarixini, geoloji ke\u00e7mi\u015fini, b\u0259nz\u0259ri olmayan flora v\u0259 faunalar\u0131, h\u0259m\u00e7inin konkret co\u011frafi \u015f\u0259raitd\u0259 insan\u0131n formala\u015fma v\u0259 m\u0259d\u0259ni inki\u015faf tarixini, q\u0259dim v\u0259 m\u00fcasir ya\u015fay\u0131\u015f d\u00f6vrl\u0259rind\u0259ki ekoloji \u015f\u0259raiti n\u00fcmayi\u015f etdirm\u0259kdir.<\/p>\n<p>Sonda AMEA-n\u0131n n\u0259zdind\u0259 yarad\u0131lmas\u0131 n\u0259z\u0259rd\u0259 tutulan H\u0259s\u0259n b\u0259y Z\u0259rdabi\u00a0ad\u0131na Milli Az\u0259rbaycan T\u0259bi\u0259t Tarixi \u00a0Muzeyinin \u018fsasnam\u0259si t\u0259sdiq edilmi\u015fdir&#8221;.<\/p>\n<p>AMEA R\u0259yas\u0259t \u00a0Hey\u0259ti\u00a0M\u0259rk\u0259zi aparat\u0131n\u0131n<br \/>\n\u0130ctimaiyy\u0259tl\u0259 \u0259laq\u0259l\u0259r \u015f\u00f6b\u0259si<\/p>\n<p>\u018flaq\u0259:<br \/>\n(012) 492 55 93<br \/>\n<a href=\"mailto:pr@science.az\" target=\"_blank\">pr@science.az<\/a><br \/>\n<a href=\"mailto:pr.amea.rh@gmail.com\" target=\"_blank\">pr.amea.rh@gmail.com<\/a><\/p>\n","protected":false},"excerpt":{"rendered":"<p>Az\u0259rbaycan Milli Elml\u0259r Akademiyas\u0131 (AMEA) H. Z\u0259rdabi ad\u0131na Az\u0259rbaycan Milli T\u0259bi\u0259t Tarixi Muzeyinin \u00a0yarad\u0131lmas\u0131 haqq\u0131nda Nazirl\u0259r Kabineti qar\u015f\u0131s\u0131nda v\u0259sat\u0259t qald\u0131racaqd\u0131r. Bu bar\u0259d\u0259 Zerdab.com sayt\u0131na\u00a0AMEA R\u0259yas\u0259t \u00a0Hey\u0259ti\u00a0M\u0259rk\u0259zi aparat\u0131n\u0131n ictimaiyy\u0259tl\u0259 \u0259laq\u0259l\u0259r \u015f\u00f6b\u0259sind\u0259n m\u0259lumat verilib. Bildirilib ki,\u00a0q\u0259rar dekabr\u0131n 25-d\u0259 AMEA R\u0259yas\u0259t Hey\u0259tinin iclas\u0131nda q\u0259bul edilib: &#8220;T\u0259dbird\u0259 AMEA prezidenti, akademik Akif \u018flizad\u0259 bildirmi\u015fdir ki, xalq\u0131n q\u0259dim v\u0259 z\u0259ngin tarixinin [&hellip;]<\/p>\n","protected":false},"author":1,"featured_media":0,"comment_status":"open","ping_status":"open","sticky":false,"template":"","format":"standard","meta":{"footnotes":""},"categories":[20],"tags":[],"class_list":{"0":"post-13893","1":"post","2":"type-post","3":"status-publish","4":"format-standard","6":"category-kinci-zrdab-ziyali-qzet-tbitsunas"},"yoast_head":"<!-- This site is optimized with the Yoast SEO plugin v27.0 - https:\/\/yoast.com\/product\/yoast-seo-wordpress\/ -->\n<title>H\u0259s\u0259n b\u0259y Z\u0259rdabi ad\u0131na Milli T\u0259bi\u0259t Tarixi Muzeyi yarad\u0131lacaq - Z\u0259rdab.com<\/title>\n<meta name=\"robots\" content=\"index, follow, max-snippet:-1, max-image-preview:large, max-video-preview:-1\" \/>\n<link rel=\"canonical\" href=\"https:\/\/www.zerdab.com\/?p=13893\" \/>\n<meta property=\"og:locale\" content=\"az_AZ\" \/>\n<meta property=\"og:type\" content=\"article\" \/>\n<meta property=\"og:title\" content=\"H\u0259s\u0259n b\u0259y Z\u0259rdabi ad\u0131na Milli T\u0259bi\u0259t Tarixi Muzeyi yarad\u0131lacaq - Z\u0259rdab.com\" \/>\n<meta property=\"og:description\" content=\"Az\u0259rbaycan Milli Elml\u0259r Akademiyas\u0131 (AMEA) H. Z\u0259rdabi ad\u0131na Az\u0259rbaycan Milli T\u0259bi\u0259t Tarixi Muzeyinin \u00a0yarad\u0131lmas\u0131 haqq\u0131nda Nazirl\u0259r Kabineti qar\u015f\u0131s\u0131nda v\u0259sat\u0259t qald\u0131racaqd\u0131r. Bu bar\u0259d\u0259 Zerdab.com sayt\u0131na\u00a0AMEA R\u0259yas\u0259t \u00a0Hey\u0259ti\u00a0M\u0259rk\u0259zi aparat\u0131n\u0131n ictimaiyy\u0259tl\u0259 \u0259laq\u0259l\u0259r \u015f\u00f6b\u0259sind\u0259n m\u0259lumat verilib. Bildirilib ki,\u00a0q\u0259rar dekabr\u0131n 25-d\u0259 AMEA R\u0259yas\u0259t Hey\u0259tinin iclas\u0131nda q\u0259bul edilib: &#8220;T\u0259dbird\u0259 AMEA prezidenti, akademik Akif \u018flizad\u0259 bildirmi\u015fdir ki, xalq\u0131n q\u0259dim v\u0259 z\u0259ngin tarixinin [&hellip;]\" \/>\n<meta property=\"og:url\" content=\"https:\/\/www.zerdab.com\/?p=13893\" \/>\n<meta property=\"og:site_name\" content=\"Z\u0259rdab.com\" \/>\n<meta property=\"article:published_time\" content=\"2013-12-26T04:00:52+00:00\" \/>\n<meta property=\"og:image\" content=\"http:\/\/www.zerdab.com\/wp-content\/uploads\/2013\/04\/Hesen-bey-Zerdabi.jpg\" \/>\n<meta name=\"author\" content=\"admin\" \/>\n<meta name=\"twitter:card\" content=\"summary_large_image\" \/>\n<meta name=\"twitter:label1\" content=\"Written by\" \/>\n\t<meta name=\"twitter:data1\" content=\"admin\" \/>\n\t<meta name=\"twitter:label2\" content=\"Est. reading time\" \/>\n\t<meta name=\"twitter:data2\" content=\"2 minutes\" \/>\n<script type=\"application\/ld+json\" class=\"yoast-schema-graph\">{\"@context\":\"https:\/\/schema.org\",\"@graph\":[{\"@type\":\"Article\",\"@id\":\"https:\/\/www.zerdab.com\/?p=13893#article\",\"isPartOf\":{\"@id\":\"https:\/\/www.zerdab.com\/?p=13893\"},\"author\":{\"name\":\"admin\",\"@id\":\"https:\/\/www.zerdab.com\/#\/schema\/person\/97079b7570c1e89ec0d9e138c3672136\"},\"headline\":\"H\u0259s\u0259n b\u0259y Z\u0259rdabi ad\u0131na Milli T\u0259bi\u0259t Tarixi Muzeyi yarad\u0131lacaq\",\"datePublished\":\"2013-12-26T04:00:52+00:00\",\"mainEntityOfPage\":{\"@id\":\"https:\/\/www.zerdab.com\/?p=13893\"},\"wordCount\":320,\"commentCount\":0,\"image\":{\"@id\":\"https:\/\/www.zerdab.com\/?p=13893#primaryimage\"},\"thumbnailUrl\":\"http:\/\/www.zerdab.com\/wp-content\/uploads\/2013\/04\/Hesen-bey-Zerdabi.jpg\",\"articleSection\":[\"H\u018fS\u018fN B\u018fY Z\u018fRDAB\u0130\"],\"inLanguage\":\"az\",\"potentialAction\":[{\"@type\":\"CommentAction\",\"name\":\"Comment\",\"target\":[\"https:\/\/www.zerdab.com\/?p=13893#respond\"]}]},{\"@type\":\"WebPage\",\"@id\":\"https:\/\/www.zerdab.com\/?p=13893\",\"url\":\"https:\/\/www.zerdab.com\/?p=13893\",\"name\":\"H\u0259s\u0259n b\u0259y Z\u0259rdabi ad\u0131na Milli T\u0259bi\u0259t Tarixi Muzeyi yarad\u0131lacaq - Z\u0259rdab.com\",\"isPartOf\":{\"@id\":\"https:\/\/www.zerdab.com\/#website\"},\"primaryImageOfPage\":{\"@id\":\"https:\/\/www.zerdab.com\/?p=13893#primaryimage\"},\"image\":{\"@id\":\"https:\/\/www.zerdab.com\/?p=13893#primaryimage\"},\"thumbnailUrl\":\"http:\/\/www.zerdab.com\/wp-content\/uploads\/2013\/04\/Hesen-bey-Zerdabi.jpg\",\"datePublished\":\"2013-12-26T04:00:52+00:00\",\"author\":{\"@id\":\"https:\/\/www.zerdab.com\/#\/schema\/person\/97079b7570c1e89ec0d9e138c3672136\"},\"breadcrumb\":{\"@id\":\"https:\/\/www.zerdab.com\/?p=13893#breadcrumb\"},\"inLanguage\":\"az\",\"potentialAction\":[{\"@type\":\"ReadAction\",\"target\":[\"https:\/\/www.zerdab.com\/?p=13893\"]}]},{\"@type\":\"ImageObject\",\"inLanguage\":\"az\",\"@id\":\"https:\/\/www.zerdab.com\/?p=13893#primaryimage\",\"url\":\"\",\"contentUrl\":\"\"},{\"@type\":\"BreadcrumbList\",\"@id\":\"https:\/\/www.zerdab.com\/?p=13893#breadcrumb\",\"itemListElement\":[{\"@type\":\"ListItem\",\"position\":1,\"name\":\"Home\",\"item\":\"https:\/\/www.zerdab.com\/\"},{\"@type\":\"ListItem\",\"position\":2,\"name\":\"H\u0259s\u0259n b\u0259y Z\u0259rdabi ad\u0131na Milli T\u0259bi\u0259t Tarixi Muzeyi yarad\u0131lacaq\"}]},{\"@type\":\"WebSite\",\"@id\":\"https:\/\/www.zerdab.com\/#website\",\"url\":\"https:\/\/www.zerdab.com\/\",\"name\":\"Z\u0259rdab.com\",\"description\":\"\",\"potentialAction\":[{\"@type\":\"SearchAction\",\"target\":{\"@type\":\"EntryPoint\",\"urlTemplate\":\"https:\/\/www.zerdab.com\/?s={search_term_string}\"},\"query-input\":{\"@type\":\"PropertyValueSpecification\",\"valueRequired\":true,\"valueName\":\"search_term_string\"}}],\"inLanguage\":\"az\"},{\"@type\":\"Person\",\"@id\":\"https:\/\/www.zerdab.com\/#\/schema\/person\/97079b7570c1e89ec0d9e138c3672136\",\"name\":\"admin\",\"image\":{\"@type\":\"ImageObject\",\"inLanguage\":\"az\",\"@id\":\"https:\/\/www.zerdab.com\/#\/schema\/person\/image\/\",\"url\":\"https:\/\/secure.gravatar.com\/avatar\/d9c52a9a27c32119cb6679a077fa3e2779e5f822c451cbf01098004361d466ec?s=96&d=mm&r=g\",\"contentUrl\":\"https:\/\/secure.gravatar.com\/avatar\/d9c52a9a27c32119cb6679a077fa3e2779e5f822c451cbf01098004361d466ec?s=96&d=mm&r=g\",\"caption\":\"admin\"},\"url\":\"https:\/\/www.zerdab.com\/?author=1\"}]}<\/script>\n<!-- \/ Yoast SEO plugin. -->","yoast_head_json":{"title":"H\u0259s\u0259n b\u0259y Z\u0259rdabi ad\u0131na Milli T\u0259bi\u0259t Tarixi Muzeyi yarad\u0131lacaq - Z\u0259rdab.com","robots":{"index":"index","follow":"follow","max-snippet":"max-snippet:-1","max-image-preview":"max-image-preview:large","max-video-preview":"max-video-preview:-1"},"canonical":"https:\/\/www.zerdab.com\/?p=13893","og_locale":"az_AZ","og_type":"article","og_title":"H\u0259s\u0259n b\u0259y Z\u0259rdabi ad\u0131na Milli T\u0259bi\u0259t Tarixi Muzeyi yarad\u0131lacaq - Z\u0259rdab.com","og_description":"Az\u0259rbaycan Milli Elml\u0259r Akademiyas\u0131 (AMEA) H. Z\u0259rdabi ad\u0131na Az\u0259rbaycan Milli T\u0259bi\u0259t Tarixi Muzeyinin \u00a0yarad\u0131lmas\u0131 haqq\u0131nda Nazirl\u0259r Kabineti qar\u015f\u0131s\u0131nda v\u0259sat\u0259t qald\u0131racaqd\u0131r. Bu bar\u0259d\u0259 Zerdab.com sayt\u0131na\u00a0AMEA R\u0259yas\u0259t \u00a0Hey\u0259ti\u00a0M\u0259rk\u0259zi aparat\u0131n\u0131n ictimaiyy\u0259tl\u0259 \u0259laq\u0259l\u0259r \u015f\u00f6b\u0259sind\u0259n m\u0259lumat verilib. Bildirilib ki,\u00a0q\u0259rar dekabr\u0131n 25-d\u0259 AMEA R\u0259yas\u0259t Hey\u0259tinin iclas\u0131nda q\u0259bul edilib: &#8220;T\u0259dbird\u0259 AMEA prezidenti, akademik Akif \u018flizad\u0259 bildirmi\u015fdir ki, xalq\u0131n q\u0259dim v\u0259 z\u0259ngin tarixinin [&hellip;]","og_url":"https:\/\/www.zerdab.com\/?p=13893","og_site_name":"Z\u0259rdab.com","article_published_time":"2013-12-26T04:00:52+00:00","og_image":[{"url":"http:\/\/www.zerdab.com\/wp-content\/uploads\/2013\/04\/Hesen-bey-Zerdabi.jpg","type":"","width":"","height":""}],"author":"admin","twitter_card":"summary_large_image","twitter_misc":{"Written by":"admin","Est. reading time":"2 minutes"},"schema":{"@context":"https:\/\/schema.org","@graph":[{"@type":"Article","@id":"https:\/\/www.zerdab.com\/?p=13893#article","isPartOf":{"@id":"https:\/\/www.zerdab.com\/?p=13893"},"author":{"name":"admin","@id":"https:\/\/www.zerdab.com\/#\/schema\/person\/97079b7570c1e89ec0d9e138c3672136"},"headline":"H\u0259s\u0259n b\u0259y Z\u0259rdabi ad\u0131na Milli T\u0259bi\u0259t Tarixi Muzeyi yarad\u0131lacaq","datePublished":"2013-12-26T04:00:52+00:00","mainEntityOfPage":{"@id":"https:\/\/www.zerdab.com\/?p=13893"},"wordCount":320,"commentCount":0,"image":{"@id":"https:\/\/www.zerdab.com\/?p=13893#primaryimage"},"thumbnailUrl":"http:\/\/www.zerdab.com\/wp-content\/uploads\/2013\/04\/Hesen-bey-Zerdabi.jpg","articleSection":["H\u018fS\u018fN B\u018fY Z\u018fRDAB\u0130"],"inLanguage":"az","potentialAction":[{"@type":"CommentAction","name":"Comment","target":["https:\/\/www.zerdab.com\/?p=13893#respond"]}]},{"@type":"WebPage","@id":"https:\/\/www.zerdab.com\/?p=13893","url":"https:\/\/www.zerdab.com\/?p=13893","name":"H\u0259s\u0259n b\u0259y Z\u0259rdabi ad\u0131na Milli T\u0259bi\u0259t Tarixi Muzeyi yarad\u0131lacaq - Z\u0259rdab.com","isPartOf":{"@id":"https:\/\/www.zerdab.com\/#website"},"primaryImageOfPage":{"@id":"https:\/\/www.zerdab.com\/?p=13893#primaryimage"},"image":{"@id":"https:\/\/www.zerdab.com\/?p=13893#primaryimage"},"thumbnailUrl":"http:\/\/www.zerdab.com\/wp-content\/uploads\/2013\/04\/Hesen-bey-Zerdabi.jpg","datePublished":"2013-12-26T04:00:52+00:00","author":{"@id":"https:\/\/www.zerdab.com\/#\/schema\/person\/97079b7570c1e89ec0d9e138c3672136"},"breadcrumb":{"@id":"https:\/\/www.zerdab.com\/?p=13893#breadcrumb"},"inLanguage":"az","potentialAction":[{"@type":"ReadAction","target":["https:\/\/www.zerdab.com\/?p=13893"]}]},{"@type":"ImageObject","inLanguage":"az","@id":"https:\/\/www.zerdab.com\/?p=13893#primaryimage","url":"","contentUrl":""},{"@type":"BreadcrumbList","@id":"https:\/\/www.zerdab.com\/?p=13893#breadcrumb","itemListElement":[{"@type":"ListItem","position":1,"name":"Home","item":"https:\/\/www.zerdab.com\/"},{"@type":"ListItem","position":2,"name":"H\u0259s\u0259n b\u0259y Z\u0259rdabi ad\u0131na Milli T\u0259bi\u0259t Tarixi Muzeyi yarad\u0131lacaq"}]},{"@type":"WebSite","@id":"https:\/\/www.zerdab.com\/#website","url":"https:\/\/www.zerdab.com\/","name":"Z\u0259rdab.com","description":"","potentialAction":[{"@type":"SearchAction","target":{"@type":"EntryPoint","urlTemplate":"https:\/\/www.zerdab.com\/?s={search_term_string}"},"query-input":{"@type":"PropertyValueSpecification","valueRequired":true,"valueName":"search_term_string"}}],"inLanguage":"az"},{"@type":"Person","@id":"https:\/\/www.zerdab.com\/#\/schema\/person\/97079b7570c1e89ec0d9e138c3672136","name":"admin","image":{"@type":"ImageObject","inLanguage":"az","@id":"https:\/\/www.zerdab.com\/#\/schema\/person\/image\/","url":"https:\/\/secure.gravatar.com\/avatar\/d9c52a9a27c32119cb6679a077fa3e2779e5f822c451cbf01098004361d466ec?s=96&d=mm&r=g","contentUrl":"https:\/\/secure.gravatar.com\/avatar\/d9c52a9a27c32119cb6679a077fa3e2779e5f822c451cbf01098004361d466ec?s=96&d=mm&r=g","caption":"admin"},"url":"https:\/\/www.zerdab.com\/?author=1"}]}},"_links":{"self":[{"href":"https:\/\/www.zerdab.com\/index.php?rest_route=\/wp\/v2\/posts\/13893","targetHints":{"allow":["GET"]}}],"collection":[{"href":"https:\/\/www.zerdab.com\/index.php?rest_route=\/wp\/v2\/posts"}],"about":[{"href":"https:\/\/www.zerdab.com\/index.php?rest_route=\/wp\/v2\/types\/post"}],"author":[{"embeddable":true,"href":"https:\/\/www.zerdab.com\/index.php?rest_route=\/wp\/v2\/users\/1"}],"replies":[{"embeddable":true,"href":"https:\/\/www.zerdab.com\/index.php?rest_route=%2Fwp%2Fv2%2Fcomments&post=13893"}],"version-history":[{"count":3,"href":"https:\/\/www.zerdab.com\/index.php?rest_route=\/wp\/v2\/posts\/13893\/revisions"}],"predecessor-version":[{"id":13896,"href":"https:\/\/www.zerdab.com\/index.php?rest_route=\/wp\/v2\/posts\/13893\/revisions\/13896"}],"wp:attachment":[{"href":"https:\/\/www.zerdab.com\/index.php?rest_route=%2Fwp%2Fv2%2Fmedia&parent=13893"}],"wp:term":[{"taxonomy":"category","embeddable":true,"href":"https:\/\/www.zerdab.com\/index.php?rest_route=%2Fwp%2Fv2%2Fcategories&post=13893"},{"taxonomy":"post_tag","embeddable":true,"href":"https:\/\/www.zerdab.com\/index.php?rest_route=%2Fwp%2Fv2%2Ftags&post=13893"}],"curies":[{"name":"wp","href":"https:\/\/api.w.org\/{rel}","templated":true}]}}