{"id":13922,"date":"2013-12-27T14:13:51","date_gmt":"2013-12-27T10:13:51","guid":{"rendered":"http:\/\/www.zerdab.com\/?p=13922"},"modified":"2013-12-27T14:20:41","modified_gmt":"2013-12-27T10:20:41","slug":"prezident-qarabag-%c9%99lilinin-ozunu-yandirmasindan-cox-narahat-olub","status":"publish","type":"post","link":"https:\/\/www.zerdab.com\/?p=13922","title":{"rendered":"&#8220;Prezident Qaraba\u011f \u0259lilinin \u00f6z\u00fcn\u00fc yand\u0131rmas\u0131ndan \u00e7ox sars\u0131l\u0131b&#8221;"},"content":{"rendered":"<div><span style=\"color: #000000;\"><a href=\"http:\/\/www.zerdab.com\/wp-content\/uploads\/2013\/12\/\u018fli-H\u0259s\u0259nov.jpg\"><img loading=\"lazy\" decoding=\"async\" class=\"aligncenter size-full wp-image-13923\" alt=\"\u018fli H\u0259s\u0259nov\" src=\"http:\/\/www.zerdab.com\/wp-content\/uploads\/2013\/12\/\u018fli-H\u0259s\u0259nov.jpg\" width=\"350\" height=\"315\" \/><\/a>\u201cQaraba\u011f m\u00fcharib\u0259si \u0259lili, \u00e7oxu\u015faql\u0131 ail\u0259 ba\u015f\u00e7\u0131s\u0131 Zaur H\u0259s\u0259novun intihara c\u0259hd etm\u0259si x\u0259b\u0259ri bizi d\u0259rind\u0259n sars\u0131td\u0131\u201d.\u00a0<\/span><span style=\"font-size: 13px; line-height: 19px;\">Bunu<\/span><span style=\"font-size: 13px; line-height: 19px;\">\u00a0Az\u0259rbaycan Prezident Administrasiyas\u0131n\u0131n ictimai-siyasi m\u0259s\u0259l\u0259l\u0259r \u015f\u0259b\u0259sinin m\u00fcdiri \u018fli H\u0259s\u0259nov deyib.<\/span><\/div>\n<p>\u018f. H\u0259s\u0259nov bildirib ki, Az\u0259rbaycanda \u00fcmumxalq s\u0259sverm\u0259si il\u0259 q\u0259bul olunmu\u015f Konstitusiyada hakimiyy\u0259tl\u0259rin b\u00f6lg\u00fcs\u00fc prinsipi birm\u0259nal\u0131 \u015f\u0259kild\u0259 t\u0259sbit olunub: \u201cHe\u00e7 bir d\u00f6vl\u0259t orqan\u0131, o c\u00fcml\u0259d\u0259n ali icra hakimiyy\u0259tini h\u0259yata ke\u00e7ir\u0259n Az\u0259rbaycan Prezidenti v\u0259 onun Administrasiyas\u0131 hakimiyy\u0259tin dig\u0259r qolu olan m\u0259hk\u0259m\u0259l\u0259rin q\u0259rar\u0131na m\u00fcdaxil\u0259 ed\u0259 bilm\u0259z. Biz\u0259 m\u0259lum olan informasiyaya g\u00f6r\u0259, H\u0259mkarlar \u0130ttifaqlar\u0131 Konfederasiyas\u0131n\u0131n \u201cKurort\u201d S\u0259hmdar C\u0259miyy\u0259tinin tabeliyind\u0259 olan \u201c\u015e\u0131x\u201d sanatoriyas\u0131 \u0259razisind\u0259 Zaur H\u0259s\u0259novun bir m\u00fcdd\u0259t i\u015fl\u0259tdiyi ia\u015f\u0259 obyekti qanunsuz f\u0259aliyy\u0259t g\u00f6st\u0259rdiyin\u0259 g\u00f6r\u0259 m\u0259hk\u0259m\u0259nin q\u0259rar\u0131 il\u0259 s\u00f6k\u00fcl\u00fcb. Biz m\u0259hk\u0259m\u0259nin h\u00f6km\u00fcn\u00fc d\u0259yi\u015fdir\u0259 bilm\u0259rik. Lakin Zaur H\u0259s\u0259novun m\u00fcharib\u0259 veteran\u0131 v\u0259 \u00e7oxu\u015faql\u0131 ail\u0259 ba\u015f\u00e7\u0131s\u0131 oldu\u011funu n\u0259z\u0259r\u0259 alaraq, h\u0259r bir d\u00f6vl\u0259t orqan\u0131 v\u0259 ictimai t\u0259\u015fkilat, ilk n\u00f6vb\u0259d\u0259 Az\u0259rbaycan H\u0259mkarlar \u0130ttifaqlar\u0131 Konfederasiyas\u0131 \u00f6z imkan v\u0259 s\u0259lahiyy\u0259tl\u0259ri daxilind\u0259 onun sosial probleml\u0259rinin h\u0259llin\u0259 k\u00f6m\u0259k g\u00f6st\u0259rm\u0259lidir\u201d.<\/p>\n<p>\u018fli H\u0259s\u0259nov bildirib ki, Az\u0259rbaycan Prezidenti \u0130lham \u018fliyev Zaur H\u0259s\u0259novun \u00f6z\u00fcn\u00fc yand\u0131rma\u011fa c\u0259hd etm\u0259si bar\u0259d\u0259 x\u0259b\u0259rd\u0259n \u00e7ox narahat olub v\u0259 sars\u0131l\u0131b: \u201c C\u0259nab Prezident m\u00fcharib\u0259 \u0259lilinin m\u00fcalic\u0259sinin t\u0259min olunmas\u0131 v\u0259 ail\u0259sin\u0259 h\u0259rt\u0259r\u0259fli k\u00f6m\u0259k g\u00f6st\u0259rilm\u0259si il\u0259 ba\u011fl\u0131 aidiyy\u0259ti qurumlara laz\u0131mi tap\u015f\u0131r\u0131qlar verib. \u00dcmid edirik ki, Zaur H\u0259s\u0259nov tezlikl\u0259 sa\u011fal\u0131b \u00f6z ail\u0259sinin yan\u0131na qay\u0131dacaq\u201d. APA<\/p>\n","protected":false},"excerpt":{"rendered":"<p>\u201cQaraba\u011f m\u00fcharib\u0259si \u0259lili, \u00e7oxu\u015faql\u0131 ail\u0259 ba\u015f\u00e7\u0131s\u0131 Zaur H\u0259s\u0259novun intihara c\u0259hd etm\u0259si x\u0259b\u0259ri bizi d\u0259rind\u0259n sars\u0131td\u0131\u201d.\u00a0Bunu\u00a0Az\u0259rbaycan Prezident Administrasiyas\u0131n\u0131n ictimai-siyasi m\u0259s\u0259l\u0259l\u0259r \u015f\u0259b\u0259sinin m\u00fcdiri \u018fli H\u0259s\u0259nov deyib. \u018f. H\u0259s\u0259nov bildirib ki, Az\u0259rbaycanda \u00fcmumxalq s\u0259sverm\u0259si il\u0259 q\u0259bul olunmu\u015f Konstitusiyada hakimiyy\u0259tl\u0259rin b\u00f6lg\u00fcs\u00fc prinsipi birm\u0259nal\u0131 \u015f\u0259kild\u0259 t\u0259sbit olunub: \u201cHe\u00e7 bir d\u00f6vl\u0259t orqan\u0131, o c\u00fcml\u0259d\u0259n ali icra hakimiyy\u0259tini h\u0259yata ke\u00e7ir\u0259n Az\u0259rbaycan Prezidenti [&hellip;]<\/p>\n","protected":false},"author":1,"featured_media":0,"comment_status":"open","ping_status":"open","sticky":false,"template":"","format":"standard","meta":{"footnotes":""},"categories":[21],"tags":[],"class_list":{"0":"post-13922","1":"post","2":"type-post","3":"status-publish","4":"format-standard","6":"category-zrdab"},"yoast_head":"<!-- This site is optimized with the Yoast SEO plugin v27.0 - https:\/\/yoast.com\/product\/yoast-seo-wordpress\/ -->\n<title>&quot;Prezident Qaraba\u011f \u0259lilinin \u00f6z\u00fcn\u00fc yand\u0131rmas\u0131ndan \u00e7ox sars\u0131l\u0131b&quot; - Z\u0259rdab.com<\/title>\n<meta name=\"robots\" content=\"index, follow, max-snippet:-1, max-image-preview:large, max-video-preview:-1\" \/>\n<link rel=\"canonical\" href=\"https:\/\/www.zerdab.com\/?p=13922\" \/>\n<meta property=\"og:locale\" content=\"az_AZ\" \/>\n<meta property=\"og:type\" content=\"article\" \/>\n<meta property=\"og:title\" content=\"&quot;Prezident Qaraba\u011f \u0259lilinin \u00f6z\u00fcn\u00fc yand\u0131rmas\u0131ndan \u00e7ox sars\u0131l\u0131b&quot; - Z\u0259rdab.com\" \/>\n<meta property=\"og:description\" content=\"\u201cQaraba\u011f m\u00fcharib\u0259si \u0259lili, \u00e7oxu\u015faql\u0131 ail\u0259 ba\u015f\u00e7\u0131s\u0131 Zaur H\u0259s\u0259novun intihara c\u0259hd etm\u0259si x\u0259b\u0259ri bizi d\u0259rind\u0259n sars\u0131td\u0131\u201d.\u00a0Bunu\u00a0Az\u0259rbaycan Prezident Administrasiyas\u0131n\u0131n ictimai-siyasi m\u0259s\u0259l\u0259l\u0259r \u015f\u0259b\u0259sinin m\u00fcdiri \u018fli H\u0259s\u0259nov deyib. \u018f. H\u0259s\u0259nov bildirib ki, Az\u0259rbaycanda \u00fcmumxalq s\u0259sverm\u0259si il\u0259 q\u0259bul olunmu\u015f Konstitusiyada hakimiyy\u0259tl\u0259rin b\u00f6lg\u00fcs\u00fc prinsipi birm\u0259nal\u0131 \u015f\u0259kild\u0259 t\u0259sbit olunub: \u201cHe\u00e7 bir d\u00f6vl\u0259t orqan\u0131, o c\u00fcml\u0259d\u0259n ali icra hakimiyy\u0259tini h\u0259yata ke\u00e7ir\u0259n Az\u0259rbaycan Prezidenti [&hellip;]\" \/>\n<meta property=\"og:url\" content=\"https:\/\/www.zerdab.com\/?p=13922\" \/>\n<meta property=\"og:site_name\" content=\"Z\u0259rdab.com\" \/>\n<meta property=\"article:published_time\" content=\"2013-12-27T10:13:51+00:00\" \/>\n<meta property=\"article:modified_time\" content=\"2013-12-27T10:20:41+00:00\" \/>\n<meta name=\"author\" content=\"admin\" \/>\n<meta name=\"twitter:card\" content=\"summary_large_image\" \/>\n<meta name=\"twitter:label1\" content=\"Written by\" \/>\n\t<meta name=\"twitter:data1\" content=\"admin\" \/>\n\t<meta name=\"twitter:label2\" content=\"Est. reading time\" \/>\n\t<meta name=\"twitter:data2\" content=\"2 minutes\" \/>\n<script type=\"application\/ld+json\" class=\"yoast-schema-graph\">{\"@context\":\"https:\/\/schema.org\",\"@graph\":[{\"@type\":\"Article\",\"@id\":\"https:\/\/www.zerdab.com\/?p=13922#article\",\"isPartOf\":{\"@id\":\"https:\/\/www.zerdab.com\/?p=13922\"},\"author\":{\"name\":\"admin\",\"@id\":\"https:\/\/www.zerdab.com\/#\/schema\/person\/97079b7570c1e89ec0d9e138c3672136\"},\"headline\":\"&#8220;Prezident Qaraba\u011f \u0259lilinin \u00f6z\u00fcn\u00fc yand\u0131rmas\u0131ndan \u00e7ox sars\u0131l\u0131b&#8221;\",\"datePublished\":\"2013-12-27T10:13:51+00:00\",\"dateModified\":\"2013-12-27T10:20:41+00:00\",\"mainEntityOfPage\":{\"@id\":\"https:\/\/www.zerdab.com\/?p=13922\"},\"wordCount\":362,\"commentCount\":1,\"articleSection\":[\"C\u018fM\u0130YY\u018fT\"],\"inLanguage\":\"az\",\"potentialAction\":[{\"@type\":\"CommentAction\",\"name\":\"Comment\",\"target\":[\"https:\/\/www.zerdab.com\/?p=13922#respond\"]}]},{\"@type\":\"WebPage\",\"@id\":\"https:\/\/www.zerdab.com\/?p=13922\",\"url\":\"https:\/\/www.zerdab.com\/?p=13922\",\"name\":\"\\\"Prezident Qaraba\u011f \u0259lilinin \u00f6z\u00fcn\u00fc yand\u0131rmas\u0131ndan \u00e7ox sars\u0131l\u0131b\\\" - Z\u0259rdab.com\",\"isPartOf\":{\"@id\":\"https:\/\/www.zerdab.com\/#website\"},\"datePublished\":\"2013-12-27T10:13:51+00:00\",\"dateModified\":\"2013-12-27T10:20:41+00:00\",\"author\":{\"@id\":\"https:\/\/www.zerdab.com\/#\/schema\/person\/97079b7570c1e89ec0d9e138c3672136\"},\"breadcrumb\":{\"@id\":\"https:\/\/www.zerdab.com\/?p=13922#breadcrumb\"},\"inLanguage\":\"az\",\"potentialAction\":[{\"@type\":\"ReadAction\",\"target\":[\"https:\/\/www.zerdab.com\/?p=13922\"]}]},{\"@type\":\"BreadcrumbList\",\"@id\":\"https:\/\/www.zerdab.com\/?p=13922#breadcrumb\",\"itemListElement\":[{\"@type\":\"ListItem\",\"position\":1,\"name\":\"Home\",\"item\":\"https:\/\/www.zerdab.com\/\"},{\"@type\":\"ListItem\",\"position\":2,\"name\":\"&#8220;Prezident Qaraba\u011f \u0259lilinin \u00f6z\u00fcn\u00fc yand\u0131rmas\u0131ndan \u00e7ox sars\u0131l\u0131b&#8221;\"}]},{\"@type\":\"WebSite\",\"@id\":\"https:\/\/www.zerdab.com\/#website\",\"url\":\"https:\/\/www.zerdab.com\/\",\"name\":\"Z\u0259rdab.com\",\"description\":\"\",\"potentialAction\":[{\"@type\":\"SearchAction\",\"target\":{\"@type\":\"EntryPoint\",\"urlTemplate\":\"https:\/\/www.zerdab.com\/?s={search_term_string}\"},\"query-input\":{\"@type\":\"PropertyValueSpecification\",\"valueRequired\":true,\"valueName\":\"search_term_string\"}}],\"inLanguage\":\"az\"},{\"@type\":\"Person\",\"@id\":\"https:\/\/www.zerdab.com\/#\/schema\/person\/97079b7570c1e89ec0d9e138c3672136\",\"name\":\"admin\",\"image\":{\"@type\":\"ImageObject\",\"inLanguage\":\"az\",\"@id\":\"https:\/\/www.zerdab.com\/#\/schema\/person\/image\/\",\"url\":\"https:\/\/secure.gravatar.com\/avatar\/d9c52a9a27c32119cb6679a077fa3e2779e5f822c451cbf01098004361d466ec?s=96&d=mm&r=g\",\"contentUrl\":\"https:\/\/secure.gravatar.com\/avatar\/d9c52a9a27c32119cb6679a077fa3e2779e5f822c451cbf01098004361d466ec?s=96&d=mm&r=g\",\"caption\":\"admin\"},\"url\":\"https:\/\/www.zerdab.com\/?author=1\"}]}<\/script>\n<!-- \/ Yoast SEO plugin. -->","yoast_head_json":{"title":"\"Prezident Qaraba\u011f \u0259lilinin \u00f6z\u00fcn\u00fc yand\u0131rmas\u0131ndan \u00e7ox sars\u0131l\u0131b\" - Z\u0259rdab.com","robots":{"index":"index","follow":"follow","max-snippet":"max-snippet:-1","max-image-preview":"max-image-preview:large","max-video-preview":"max-video-preview:-1"},"canonical":"https:\/\/www.zerdab.com\/?p=13922","og_locale":"az_AZ","og_type":"article","og_title":"\"Prezident Qaraba\u011f \u0259lilinin \u00f6z\u00fcn\u00fc yand\u0131rmas\u0131ndan \u00e7ox sars\u0131l\u0131b\" - Z\u0259rdab.com","og_description":"\u201cQaraba\u011f m\u00fcharib\u0259si \u0259lili, \u00e7oxu\u015faql\u0131 ail\u0259 ba\u015f\u00e7\u0131s\u0131 Zaur H\u0259s\u0259novun intihara c\u0259hd etm\u0259si x\u0259b\u0259ri bizi d\u0259rind\u0259n sars\u0131td\u0131\u201d.\u00a0Bunu\u00a0Az\u0259rbaycan Prezident Administrasiyas\u0131n\u0131n ictimai-siyasi m\u0259s\u0259l\u0259l\u0259r \u015f\u0259b\u0259sinin m\u00fcdiri \u018fli H\u0259s\u0259nov deyib. \u018f. H\u0259s\u0259nov bildirib ki, Az\u0259rbaycanda \u00fcmumxalq s\u0259sverm\u0259si il\u0259 q\u0259bul olunmu\u015f Konstitusiyada hakimiyy\u0259tl\u0259rin b\u00f6lg\u00fcs\u00fc prinsipi birm\u0259nal\u0131 \u015f\u0259kild\u0259 t\u0259sbit olunub: \u201cHe\u00e7 bir d\u00f6vl\u0259t orqan\u0131, o c\u00fcml\u0259d\u0259n ali icra hakimiyy\u0259tini h\u0259yata ke\u00e7ir\u0259n Az\u0259rbaycan Prezidenti [&hellip;]","og_url":"https:\/\/www.zerdab.com\/?p=13922","og_site_name":"Z\u0259rdab.com","article_published_time":"2013-12-27T10:13:51+00:00","article_modified_time":"2013-12-27T10:20:41+00:00","author":"admin","twitter_card":"summary_large_image","twitter_misc":{"Written by":"admin","Est. reading time":"2 minutes"},"schema":{"@context":"https:\/\/schema.org","@graph":[{"@type":"Article","@id":"https:\/\/www.zerdab.com\/?p=13922#article","isPartOf":{"@id":"https:\/\/www.zerdab.com\/?p=13922"},"author":{"name":"admin","@id":"https:\/\/www.zerdab.com\/#\/schema\/person\/97079b7570c1e89ec0d9e138c3672136"},"headline":"&#8220;Prezident Qaraba\u011f \u0259lilinin \u00f6z\u00fcn\u00fc yand\u0131rmas\u0131ndan \u00e7ox sars\u0131l\u0131b&#8221;","datePublished":"2013-12-27T10:13:51+00:00","dateModified":"2013-12-27T10:20:41+00:00","mainEntityOfPage":{"@id":"https:\/\/www.zerdab.com\/?p=13922"},"wordCount":362,"commentCount":1,"articleSection":["C\u018fM\u0130YY\u018fT"],"inLanguage":"az","potentialAction":[{"@type":"CommentAction","name":"Comment","target":["https:\/\/www.zerdab.com\/?p=13922#respond"]}]},{"@type":"WebPage","@id":"https:\/\/www.zerdab.com\/?p=13922","url":"https:\/\/www.zerdab.com\/?p=13922","name":"\"Prezident Qaraba\u011f \u0259lilinin \u00f6z\u00fcn\u00fc yand\u0131rmas\u0131ndan \u00e7ox sars\u0131l\u0131b\" - Z\u0259rdab.com","isPartOf":{"@id":"https:\/\/www.zerdab.com\/#website"},"datePublished":"2013-12-27T10:13:51+00:00","dateModified":"2013-12-27T10:20:41+00:00","author":{"@id":"https:\/\/www.zerdab.com\/#\/schema\/person\/97079b7570c1e89ec0d9e138c3672136"},"breadcrumb":{"@id":"https:\/\/www.zerdab.com\/?p=13922#breadcrumb"},"inLanguage":"az","potentialAction":[{"@type":"ReadAction","target":["https:\/\/www.zerdab.com\/?p=13922"]}]},{"@type":"BreadcrumbList","@id":"https:\/\/www.zerdab.com\/?p=13922#breadcrumb","itemListElement":[{"@type":"ListItem","position":1,"name":"Home","item":"https:\/\/www.zerdab.com\/"},{"@type":"ListItem","position":2,"name":"&#8220;Prezident Qaraba\u011f \u0259lilinin \u00f6z\u00fcn\u00fc yand\u0131rmas\u0131ndan \u00e7ox sars\u0131l\u0131b&#8221;"}]},{"@type":"WebSite","@id":"https:\/\/www.zerdab.com\/#website","url":"https:\/\/www.zerdab.com\/","name":"Z\u0259rdab.com","description":"","potentialAction":[{"@type":"SearchAction","target":{"@type":"EntryPoint","urlTemplate":"https:\/\/www.zerdab.com\/?s={search_term_string}"},"query-input":{"@type":"PropertyValueSpecification","valueRequired":true,"valueName":"search_term_string"}}],"inLanguage":"az"},{"@type":"Person","@id":"https:\/\/www.zerdab.com\/#\/schema\/person\/97079b7570c1e89ec0d9e138c3672136","name":"admin","image":{"@type":"ImageObject","inLanguage":"az","@id":"https:\/\/www.zerdab.com\/#\/schema\/person\/image\/","url":"https:\/\/secure.gravatar.com\/avatar\/d9c52a9a27c32119cb6679a077fa3e2779e5f822c451cbf01098004361d466ec?s=96&d=mm&r=g","contentUrl":"https:\/\/secure.gravatar.com\/avatar\/d9c52a9a27c32119cb6679a077fa3e2779e5f822c451cbf01098004361d466ec?s=96&d=mm&r=g","caption":"admin"},"url":"https:\/\/www.zerdab.com\/?author=1"}]}},"_links":{"self":[{"href":"https:\/\/www.zerdab.com\/index.php?rest_route=\/wp\/v2\/posts\/13922","targetHints":{"allow":["GET"]}}],"collection":[{"href":"https:\/\/www.zerdab.com\/index.php?rest_route=\/wp\/v2\/posts"}],"about":[{"href":"https:\/\/www.zerdab.com\/index.php?rest_route=\/wp\/v2\/types\/post"}],"author":[{"embeddable":true,"href":"https:\/\/www.zerdab.com\/index.php?rest_route=\/wp\/v2\/users\/1"}],"replies":[{"embeddable":true,"href":"https:\/\/www.zerdab.com\/index.php?rest_route=%2Fwp%2Fv2%2Fcomments&post=13922"}],"version-history":[{"count":2,"href":"https:\/\/www.zerdab.com\/index.php?rest_route=\/wp\/v2\/posts\/13922\/revisions"}],"predecessor-version":[{"id":13925,"href":"https:\/\/www.zerdab.com\/index.php?rest_route=\/wp\/v2\/posts\/13922\/revisions\/13925"}],"wp:attachment":[{"href":"https:\/\/www.zerdab.com\/index.php?rest_route=%2Fwp%2Fv2%2Fmedia&parent=13922"}],"wp:term":[{"taxonomy":"category","embeddable":true,"href":"https:\/\/www.zerdab.com\/index.php?rest_route=%2Fwp%2Fv2%2Fcategories&post=13922"},{"taxonomy":"post_tag","embeddable":true,"href":"https:\/\/www.zerdab.com\/index.php?rest_route=%2Fwp%2Fv2%2Ftags&post=13922"}],"curies":[{"name":"wp","href":"https:\/\/api.w.org\/{rel}","templated":true}]}}