{"id":13928,"date":"2013-12-27T17:21:56","date_gmt":"2013-12-27T13:21:56","guid":{"rendered":"http:\/\/www.zerdab.com\/?p=13928"},"modified":"2013-12-27T17:31:59","modified_gmt":"2013-12-27T13:31:59","slug":"z%c9%99rdabda-h%c9%99mr%c9%99ylik-gunu-v%c9%99-yeni-il-qeyd-edildi-fotolar","status":"publish","type":"post","link":"https:\/\/www.zerdab.com\/?p=13928","title":{"rendered":"Z\u0259rdabda H\u0259mr\u0259ylik G\u00fcn\u00fc v\u0259 Yeni il qeyd edildi &#8211; Fotolar"},"content":{"rendered":"<p style=\"text-align: justify;\" align=\"center\"><a href=\"http:\/\/www.zerdab.com\/wp-content\/uploads\/2013\/12\/Zerdab-Yeni-il5.jpg\"><img loading=\"lazy\" decoding=\"async\" class=\"aligncenter size-large wp-image-13935\" alt=\"D\u00fcnya Az\u0259rbaycanl\u0131lar\u0131n\u0131n H\u0259mr\u0259yliyi g\u00fcn\u00fc v\u0259 Yeni il \" src=\"http:\/\/www.zerdab.com\/wp-content\/uploads\/2013\/12\/Zerdab-Yeni-il5-550x366.jpg\" width=\"550\" height=\"366\" \/><\/a>Z\u0259rdab rayonunda Rayon \u0130cra Hakimiyy\u0259tinin t\u0259\u015fkilat\u00e7\u0131l\u0131\u011f\u0131 il\u0259 31 dekabr-D\u00fcnya Az\u0259rbaycanl\u0131lar\u0131n\u0131n H\u0259mr\u0259yliyi g\u00fcn\u00fc v\u0259 Yeni il m\u00fcnasib\u0259til\u0259 t\u0259nt\u0259n\u0259li \u00fcmumrayon t\u0259dbiri ke\u00e7irilmi\u015fdir.<\/p>\n<p style=\"text-align: justify;\">\u0130lk \u00f6nc\u0259 Rayon \u0130cra Hakimiyy\u0259tinin iclas zal\u0131nda 31 dekabr-D\u00fcnya Az\u0259rbaycanl\u0131lar\u0131n\u0131n H\u0259mr\u0259yliyi g\u00fcn\u00fc v\u0259 2014-c\u00fc ilin g\u0259li\u015fi m\u00fcnasib\u0259til\u0259 valideyn himay\u0259sind\u0259n m\u0259hrum olmu\u015f u\u015faqlarla g\u00f6r\u00fc\u015f ke\u00e7irilmi\u015f v\u0259 onlara bayram sovqatlar\u0131 verilmi\u015fdir. 30-a q\u0259d\u0259r ail\u0259y\u0259 maddi yard\u0131mlar olunmu\u015fdur.<\/p>\n<p style=\"text-align: justify;\">Sonra t\u0259dbir \u201cNatiq\u201d \u015fadl\u0131q saray\u0131nda davam etdirilmi\u015fdir. T\u0259dbird\u0259 rayonun h\u00fcquq-m\u00fchafiz\u0259 orqanlar\u0131n\u0131n, idar\u0259, m\u00fc\u0259ssis\u0259 v\u0259 t\u0259\u015fkilatlar\u0131n r\u0259hb\u0259rl\u0259ri, \u0259m\u0259k kollektivl\u0259rinin, veteranlar\u0131n, a\u011fsaqqallar\u0131n, g\u0259ncl\u0259rin, idman\u00e7\u0131lar\u0131n, azt\u0259minatl\u0131 ail\u0259l\u0259rin v\u0259 ictimaiyy\u0259tin dig\u0259r \u00a0n\u00fcmay\u0259nd\u0259l\u0259ri \u2013 c\u0259mi 500 n\u0259f\u0259r i\u015ftirak etmi\u015fl\u0259r.<\/p>\n<p style=\"text-align: justify;\">T\u0259dbiri giri\u015f s\u00f6z\u00fc il a\u00e7an Z\u0259rdab Rayon \u0130cra Hakimiyy\u0259tinin ba\u015f\u00e7\u0131s\u0131 L\u00fctv\u0259li Babayev 31 Dekabr D\u00fcnya Az\u0259rbaycanl\u0131lar\u0131n\u0131n H\u0259mr\u0259yliyi G\u00fcn\u00fc v\u0259 Yeni ilin g\u0259li\u015fi m\u00fcnasib\u0259til\u0259 b\u00fct\u00fcn z\u0259rdabl\u0131lar\u0131 t\u0259brik etmi\u015f onlara \u0259n xo\u015f arzular\u0131n\u0131 \u00e7atd\u0131rm\u0131\u015fd\u0131r. Qeyd etmi\u015fdir ki, D\u00fcnya\u00a0 Az\u0259rbaycanl\u0131lar\u0131n\u0131n h\u0259mr\u0259ylik g\u00fcn\u00fc \u00dcmummilli lider, d\u00fcnya \u015f\u00f6hr\u0259tli siyas\u0259t\u00e7i, dahi \u015f\u0259xsiyy\u0259t Heyd\u0259r \u018fliyevin ad\u0131 il\u0259 ba\u011fl\u0131 olmaqla, 31 dekabr Az\u0259rbaycan xalq\u0131n\u0131n, d\u00fcnyan\u0131n ayr\u0131-ayr\u0131 \u00f6lk\u0259l\u0259rind\u0259 ya\u015fayan 50 milyondan \u00e7ox az\u0259rbaycanl\u0131n\u0131n h\u0259mr\u0259ylik tarixdir. 2013-c\u00fc il xalq\u0131m\u0131z\u0131n yadda\u015f\u0131nda\u00a0 h\u0259m d\u0259 h\u0259yat\u0131m\u0131z\u0131n b\u00fct\u00fcn sah\u0259l\u0259rind\u0259 \u0259sasl\u0131 d\u0259yi\u015fiklikl\u0259r, dinamik inki\u015faf, m\u00fch\u00fcm tarixi g\u00fcnl\u0259rl\u0259 z\u0259ngin bir d\u00f6vr kimi qalacaqd\u0131r. M\u00fcst\u0259qilliyimiz son 10 ild\u0259 daha da m\u00f6hk\u0259ml\u0259ndirilmi\u015f, ictimai-siyasi sabitlik davam etmi\u015f, respublikam\u0131zda h\u00fcquqi, demokratik, d\u00fcny\u0259vi quruculuq prosesi, bazar iqtisadiyyat\u0131 prinsipl\u0259ri u\u011furla inki\u015faf etdirilmi\u015f, ordu quruculu\u011fu t\u0259kmill\u0259\u015fdirilmi\u015f, sosial-iqtisadi v\u0259 m\u0259d\u0259ni h\u0259yat\u0131m\u0131z\u0131n b\u00fct\u00fcn sah\u0259l\u0259rind\u0259 \u0259sasl\u0131 ir\u0259lil\u0259yi\u015f\u0259 nail olunmu\u015fdur. M\u00f6ht\u0259r\u0259m Prezidentimiz c\u0259nab \u0130lham \u018fliyevin r\u0259hb\u0259rliyi il\u0259 regionlar\u0131n sosial-iqtisadi inki\u015faf\u0131na y\u00f6n\u0259ldil\u0259n s\u0259m\u0259r\u0259li, ard\u0131c\u0131l v\u0259 m\u0259qs\u0259dy\u00f6nl\u00fc t\u0259dbirl\u0259r g\u00f6r\u00fclm\u00fc\u015f, yeni i\u015f yerl\u0259ri yarad\u0131lm\u0131\u015f, yoxsullu\u011fun aradan qald\u0131r\u0131lmas\u0131na, k\u0259nd t\u0259s\u0259rr\u00fcfat\u0131 m\u0259hsullar\u0131 istehsal\u00e7\u0131lar\u0131na d\u00f6vl\u0259t d\u0259st\u0259yinin art\u0131r\u0131lmas\u0131na h\u0259rt\u0259r\u0259fli qay\u011f\u0131 g\u00f6st\u0259rilmi\u015fdir. Respublika \u0259halisinin, x\u00fcsusil\u0259 azt\u0259minatl\u0131 insanlar\u0131n maddi-rifah\u0131n\u0131n y\u00fcks\u0259ldilm\u0259sin\u0259, \u0259m\u0259k haqq\u0131, pensiya v\u0259 m\u00fcavin\u0259tl\u0259rin art\u0131r\u0131lmas\u0131na d\u00f6vl\u0259t siyas\u0259tind\u0259 m\u00fch\u00fcm yer ayr\u0131lm\u0131\u015fd\u0131r.<\/p>\n<p style=\"text-align: justify;\">\u00a0\u00a0L\u00fctv\u0259li Babayev\u00a0bildirmi\u015fdir ki, 2013-c\u00fc il Z\u0259rdabi yurdunun da tarixind\u0259 \u00e7ox b\u00f6y\u00fck \u0259h\u0259miyy\u0259t\u0259 malik bir il olmu\u015fdur. \u018fvv\u0259lki ill\u0259rin \u0259n\u0259n\u0259si davam etdiril\u0259r\u0259k bu il d\u0259 rayonumuzda geni\u015f tikinti quruculuq i\u015fl\u0259rinin apar\u0131lmas\u0131, sosial, istehsal xarakterli obyektl\u0259rin tikintisinin geni\u015fl\u0259ndirilm\u0259si, respublikan\u0131n tan\u0131nm\u0131\u015f elm v\u0259 inc\u0259s\u0259n\u0259t xadiml\u0259rinin ictimaiyy\u0259t n\u00fcmay\u0259nd\u0259l\u0259ri il\u0259 g\u00f6r\u00fc\u015fl\u0259ri d\u0259 rayon sakinl\u0259ri t\u0259r\u0259find\u0259n b\u00f6y\u00fck raz\u0131l\u0131qla qar\u015f\u0131lanm\u0131\u015fd\u0131r. Son d\u00f6vrl\u0259rd\u0259 yenid\u0259n qurulan v\u0259 tikilib istifad\u0259y\u0259 veril\u0259n obyektl\u0259r, Heyd\u0259r \u018fliyev park\u0131ndak\u0131 yenid\u0259nqurma i\u015fl\u0259ri, m\u00fcasir tipli elektrik dir\u0259kl\u0259ri, k\u00fc\u00e7\u0259l\u0259r\u0259 v\u0259 yollara vurulan yeni asfalt \u00f6rt\u00fckl\u0259r v\u0259 dig\u0259r tikinti, abadl\u0131q i\u015fl\u0259ri insanlar\u0131m\u0131z t\u0259r\u0259find\u0259n raz\u0131l\u0131qla qar\u015f\u0131lan\u0131r.<\/p>\n<p style=\"text-align: justify;\">\u0130cra ba\u015f\u00e7\u0131s\u0131 \u0259ld\u0259 olunan u\u011furlara g\u00f6r\u0259 ilk n\u00f6vb\u0259d\u0259 m\u00f6ht\u0259r\u0259m Prezidentimiz c\u0259nab \u0130lham \u018fliyev\u0259 b\u00fct\u00fcn z\u0259rdabl\u0131lar\u0131n s\u0259mimi t\u0259\u015f\u0259kk\u00fcr\u00fcn\u00fc v\u0259 minn\u0259tdarl\u0131\u011f\u0131n\u0131 bildirmi\u015fdir.<\/p>\n<p style=\"text-align: justify;\">T\u0259dbird\u0259 dig\u0259r \u00e7\u0131x\u0131\u015f ed\u0259nl\u0259r d\u00f6vl\u0259timiz t\u0259r\u0259find\u0259n ayr\u0131-ayr\u0131 sah\u0259l\u0259r\u0259 g\u00f6st\u0259ril\u0259n diqq\u0259t v\u0259 qay\u011f\u0131dan s\u00f6z a\u00e7\u0131blar.<\/p>\n<p style=\"text-align: justify;\">Daha sonra 2013-c\u00fc ild\u0259 \u0259m\u0259k f\u0259aliyy\u0259tl\u0259rind\u0259 f\u0259rql\u0259nmi\u015f bir qrup ziyal\u0131lara, qabaqc\u0131l \u0259m\u0259k adamlar\u0131na\u00a0 v\u0259 idman\u00e7\u0131lara Rayon \u0130cra Hakimiyy\u0259tinin F\u0259xri F\u0259rmanlar\u0131 v\u0259 qiym\u0259tli h\u0259diyy\u0259l\u0259r t\u0259qdim edilmi\u015fdir.<\/p>\n<p style=\"text-align: justify;\">T\u0259dbir b\u00f6y\u00fck bayram konserti il\u0259 davam etdirilmi\u015fdir.<\/p>\n<p style=\"text-align: justify;\"><span style=\"color: #0000ff;\">\u00a0<b>Z\u018fRDAB RAYON \u0130CRA HAK\u0130M\u0130YY\u018fT\u0130<\/b><\/span><\/p>\n<p style=\"text-align: justify;\"><a href=\"http:\/\/www.zerdab.com\/wp-content\/uploads\/2013\/12\/Zerdab-Yeni-il1.jpg\"><img loading=\"lazy\" decoding=\"async\" class=\"aligncenter size-large wp-image-13931\" alt=\"D\u00fcnya Az\u0259rbaycanl\u0131lar\u0131n\u0131n H\u0259mr\u0259yliyi g\u00fcn\u00fc v\u0259 Yeni il \" src=\"http:\/\/www.zerdab.com\/wp-content\/uploads\/2013\/12\/Zerdab-Yeni-il1-550x366.jpg\" width=\"550\" height=\"366\" \/><\/a><a href=\"http:\/\/www.zerdab.com\/wp-content\/uploads\/2013\/12\/Zerdab-Yeni-il3.jpg\"><img loading=\"lazy\" decoding=\"async\" class=\"aligncenter size-large wp-image-13933\" alt=\"D\u00fcnya Az\u0259rbaycanl\u0131lar\u0131n\u0131n H\u0259mr\u0259yliyi g\u00fcn\u00fc v\u0259 Yeni il \" src=\"http:\/\/www.zerdab.com\/wp-content\/uploads\/2013\/12\/Zerdab-Yeni-il3-550x366.jpg\" width=\"550\" height=\"366\" \/><\/a><a href=\"http:\/\/www.zerdab.com\/wp-content\/uploads\/2013\/12\/Zerdab-Yeni-il4.jpg\"><img loading=\"lazy\" decoding=\"async\" class=\"aligncenter size-large wp-image-13934\" alt=\"D\u00fcnya Az\u0259rbaycanl\u0131lar\u0131n\u0131n H\u0259mr\u0259yliyi g\u00fcn\u00fc v\u0259 Yeni il \" src=\"http:\/\/www.zerdab.com\/wp-content\/uploads\/2013\/12\/Zerdab-Yeni-il4-366x550.jpg\" width=\"366\" height=\"550\" \/><\/a><a href=\"http:\/\/www.zerdab.com\/wp-content\/uploads\/2013\/12\/Zerdab-Yeni-il2.jpg\"><img loading=\"lazy\" decoding=\"async\" class=\"aligncenter size-large wp-image-13932\" alt=\"D\u00fcnya Az\u0259rbaycanl\u0131lar\u0131n\u0131n H\u0259mr\u0259yliyi g\u00fcn\u00fc v\u0259 Yeni il \" src=\"http:\/\/www.zerdab.com\/wp-content\/uploads\/2013\/12\/Zerdab-Yeni-il2-550x366.jpg\" width=\"550\" height=\"366\" \/><\/a><a href=\"http:\/\/www.zerdab.com\/wp-content\/uploads\/2013\/12\/Zerdab-Yeni-il.jpg\"><img loading=\"lazy\" decoding=\"async\" class=\"aligncenter size-large wp-image-13930\" alt=\"D\u00fcnya Az\u0259rbaycanl\u0131lar\u0131n\u0131n H\u0259mr\u0259yliyi g\u00fcn\u00fc v\u0259 Yeni il \" src=\"http:\/\/www.zerdab.com\/wp-content\/uploads\/2013\/12\/Zerdab-Yeni-il-366x550.jpg\" width=\"366\" height=\"550\" \/><\/a><a href=\"http:\/\/www.zerdab.com\/wp-content\/uploads\/2013\/12\/Zerdab-Yeni-il6.jpg\"><img loading=\"lazy\" decoding=\"async\" class=\"aligncenter size-large wp-image-13929\" alt=\"D\u00fcnya Az\u0259rbaycanl\u0131lar\u0131n\u0131n H\u0259mr\u0259yliyi g\u00fcn\u00fc v\u0259 Yeni il \" src=\"http:\/\/www.zerdab.com\/wp-content\/uploads\/2013\/12\/Zerdab-Yeni-il6-550x366.jpg\" width=\"550\" height=\"366\" \/><a href=\"http:\/\/www.zerdab.com\/wp-content\/uploads\/2013\/12\/Zerdab-Yeni-il7.jpg\"><img loading=\"lazy\" decoding=\"async\" class=\"aligncenter size-large wp-image-13938\" alt=\"D\u00fcnya Az\u0259rbaycanl\u0131lar\u0131n\u0131n H\u0259mr\u0259yliyi g\u00fcn\u00fc v\u0259 Yeni il \" src=\"http:\/\/www.zerdab.com\/wp-content\/uploads\/2013\/12\/Zerdab-Yeni-il7-550x366.jpg\" width=\"550\" height=\"366\" \/><\/a><\/a><\/p>\n","protected":false},"excerpt":{"rendered":"<p>Z\u0259rdab rayonunda Rayon \u0130cra Hakimiyy\u0259tinin t\u0259\u015fkilat\u00e7\u0131l\u0131\u011f\u0131 il\u0259 31 dekabr-D\u00fcnya Az\u0259rbaycanl\u0131lar\u0131n\u0131n H\u0259mr\u0259yliyi g\u00fcn\u00fc v\u0259 Yeni il m\u00fcnasib\u0259til\u0259 t\u0259nt\u0259n\u0259li \u00fcmumrayon t\u0259dbiri ke\u00e7irilmi\u015fdir. \u0130lk \u00f6nc\u0259 Rayon \u0130cra Hakimiyy\u0259tinin iclas zal\u0131nda 31 dekabr-D\u00fcnya Az\u0259rbaycanl\u0131lar\u0131n\u0131n H\u0259mr\u0259yliyi g\u00fcn\u00fc v\u0259 2014-c\u00fc ilin g\u0259li\u015fi m\u00fcnasib\u0259til\u0259 valideyn himay\u0259sind\u0259n m\u0259hrum olmu\u015f u\u015faqlarla g\u00f6r\u00fc\u015f ke\u00e7irilmi\u015f v\u0259 onlara bayram sovqatlar\u0131 verilmi\u015fdir. 30-a q\u0259d\u0259r ail\u0259y\u0259 maddi yard\u0131mlar olunmu\u015fdur. [&hellip;]<\/p>\n","protected":false},"author":1,"featured_media":0,"comment_status":"open","ping_status":"open","sticky":false,"template":"","format":"standard","meta":{"footnotes":""},"categories":[5],"tags":[],"class_list":{"0":"post-13928","1":"post","2":"type-post","3":"status-publish","4":"format-standard","6":"category-knd"},"yoast_head":"<!-- This site is optimized with the Yoast SEO plugin v27.0 - https:\/\/yoast.com\/product\/yoast-seo-wordpress\/ -->\n<title>Z\u0259rdabda H\u0259mr\u0259ylik G\u00fcn\u00fc v\u0259 Yeni il qeyd edildi - Fotolar - Z\u0259rdab.com<\/title>\n<meta name=\"robots\" content=\"index, follow, max-snippet:-1, max-image-preview:large, max-video-preview:-1\" \/>\n<link rel=\"canonical\" href=\"https:\/\/www.zerdab.com\/?p=13928\" \/>\n<meta property=\"og:locale\" content=\"az_AZ\" \/>\n<meta property=\"og:type\" content=\"article\" \/>\n<meta property=\"og:title\" content=\"Z\u0259rdabda H\u0259mr\u0259ylik G\u00fcn\u00fc v\u0259 Yeni il qeyd edildi - Fotolar - Z\u0259rdab.com\" \/>\n<meta property=\"og:description\" content=\"Z\u0259rdab rayonunda Rayon \u0130cra Hakimiyy\u0259tinin t\u0259\u015fkilat\u00e7\u0131l\u0131\u011f\u0131 il\u0259 31 dekabr-D\u00fcnya Az\u0259rbaycanl\u0131lar\u0131n\u0131n H\u0259mr\u0259yliyi g\u00fcn\u00fc v\u0259 Yeni il m\u00fcnasib\u0259til\u0259 t\u0259nt\u0259n\u0259li \u00fcmumrayon t\u0259dbiri ke\u00e7irilmi\u015fdir. \u0130lk \u00f6nc\u0259 Rayon \u0130cra Hakimiyy\u0259tinin iclas zal\u0131nda 31 dekabr-D\u00fcnya Az\u0259rbaycanl\u0131lar\u0131n\u0131n H\u0259mr\u0259yliyi g\u00fcn\u00fc v\u0259 2014-c\u00fc ilin g\u0259li\u015fi m\u00fcnasib\u0259til\u0259 valideyn himay\u0259sind\u0259n m\u0259hrum olmu\u015f u\u015faqlarla g\u00f6r\u00fc\u015f ke\u00e7irilmi\u015f v\u0259 onlara bayram sovqatlar\u0131 verilmi\u015fdir. 30-a q\u0259d\u0259r ail\u0259y\u0259 maddi yard\u0131mlar olunmu\u015fdur. [&hellip;]\" \/>\n<meta property=\"og:url\" content=\"https:\/\/www.zerdab.com\/?p=13928\" \/>\n<meta property=\"og:site_name\" content=\"Z\u0259rdab.com\" \/>\n<meta property=\"article:published_time\" content=\"2013-12-27T13:21:56+00:00\" \/>\n<meta property=\"article:modified_time\" content=\"2013-12-27T13:31:59+00:00\" \/>\n<meta property=\"og:image\" content=\"http:\/\/www.zerdab.com\/wp-content\/uploads\/2013\/12\/Zerdab-Yeni-il5-550x366.jpg\" \/>\n<meta name=\"author\" content=\"admin\" \/>\n<meta name=\"twitter:card\" content=\"summary_large_image\" \/>\n<meta name=\"twitter:label1\" content=\"Written by\" \/>\n\t<meta name=\"twitter:data1\" content=\"admin\" \/>\n\t<meta name=\"twitter:label2\" content=\"Est. reading time\" \/>\n\t<meta name=\"twitter:data2\" content=\"4 minutes\" \/>\n<script type=\"application\/ld+json\" class=\"yoast-schema-graph\">{\"@context\":\"https:\/\/schema.org\",\"@graph\":[{\"@type\":\"Article\",\"@id\":\"https:\/\/www.zerdab.com\/?p=13928#article\",\"isPartOf\":{\"@id\":\"https:\/\/www.zerdab.com\/?p=13928\"},\"author\":{\"name\":\"admin\",\"@id\":\"https:\/\/www.zerdab.com\/#\/schema\/person\/97079b7570c1e89ec0d9e138c3672136\"},\"headline\":\"Z\u0259rdabda H\u0259mr\u0259ylik G\u00fcn\u00fc v\u0259 Yeni il qeyd edildi &#8211; Fotolar\",\"datePublished\":\"2013-12-27T13:21:56+00:00\",\"dateModified\":\"2013-12-27T13:31:59+00:00\",\"mainEntityOfPage\":{\"@id\":\"https:\/\/www.zerdab.com\/?p=13928\"},\"wordCount\":843,\"commentCount\":6,\"image\":{\"@id\":\"https:\/\/www.zerdab.com\/?p=13928#primaryimage\"},\"thumbnailUrl\":\"http:\/\/www.zerdab.com\/wp-content\/uploads\/2013\/12\/Zerdab-Yeni-il5-550x366.jpg\",\"articleSection\":[\"X\u018fB\u018fRL\u018fR\"],\"inLanguage\":\"az\",\"potentialAction\":[{\"@type\":\"CommentAction\",\"name\":\"Comment\",\"target\":[\"https:\/\/www.zerdab.com\/?p=13928#respond\"]}]},{\"@type\":\"WebPage\",\"@id\":\"https:\/\/www.zerdab.com\/?p=13928\",\"url\":\"https:\/\/www.zerdab.com\/?p=13928\",\"name\":\"Z\u0259rdabda H\u0259mr\u0259ylik G\u00fcn\u00fc v\u0259 Yeni il qeyd edildi - Fotolar - Z\u0259rdab.com\",\"isPartOf\":{\"@id\":\"https:\/\/www.zerdab.com\/#website\"},\"primaryImageOfPage\":{\"@id\":\"https:\/\/www.zerdab.com\/?p=13928#primaryimage\"},\"image\":{\"@id\":\"https:\/\/www.zerdab.com\/?p=13928#primaryimage\"},\"thumbnailUrl\":\"http:\/\/www.zerdab.com\/wp-content\/uploads\/2013\/12\/Zerdab-Yeni-il5-550x366.jpg\",\"datePublished\":\"2013-12-27T13:21:56+00:00\",\"dateModified\":\"2013-12-27T13:31:59+00:00\",\"author\":{\"@id\":\"https:\/\/www.zerdab.com\/#\/schema\/person\/97079b7570c1e89ec0d9e138c3672136\"},\"breadcrumb\":{\"@id\":\"https:\/\/www.zerdab.com\/?p=13928#breadcrumb\"},\"inLanguage\":\"az\",\"potentialAction\":[{\"@type\":\"ReadAction\",\"target\":[\"https:\/\/www.zerdab.com\/?p=13928\"]}]},{\"@type\":\"ImageObject\",\"inLanguage\":\"az\",\"@id\":\"https:\/\/www.zerdab.com\/?p=13928#primaryimage\",\"url\":\"\",\"contentUrl\":\"\"},{\"@type\":\"BreadcrumbList\",\"@id\":\"https:\/\/www.zerdab.com\/?p=13928#breadcrumb\",\"itemListElement\":[{\"@type\":\"ListItem\",\"position\":1,\"name\":\"Home\",\"item\":\"https:\/\/www.zerdab.com\/\"},{\"@type\":\"ListItem\",\"position\":2,\"name\":\"Z\u0259rdabda H\u0259mr\u0259ylik G\u00fcn\u00fc v\u0259 Yeni il qeyd edildi &#8211; Fotolar\"}]},{\"@type\":\"WebSite\",\"@id\":\"https:\/\/www.zerdab.com\/#website\",\"url\":\"https:\/\/www.zerdab.com\/\",\"name\":\"Z\u0259rdab.com\",\"description\":\"\",\"potentialAction\":[{\"@type\":\"SearchAction\",\"target\":{\"@type\":\"EntryPoint\",\"urlTemplate\":\"https:\/\/www.zerdab.com\/?s={search_term_string}\"},\"query-input\":{\"@type\":\"PropertyValueSpecification\",\"valueRequired\":true,\"valueName\":\"search_term_string\"}}],\"inLanguage\":\"az\"},{\"@type\":\"Person\",\"@id\":\"https:\/\/www.zerdab.com\/#\/schema\/person\/97079b7570c1e89ec0d9e138c3672136\",\"name\":\"admin\",\"image\":{\"@type\":\"ImageObject\",\"inLanguage\":\"az\",\"@id\":\"https:\/\/www.zerdab.com\/#\/schema\/person\/image\/\",\"url\":\"https:\/\/secure.gravatar.com\/avatar\/d9c52a9a27c32119cb6679a077fa3e2779e5f822c451cbf01098004361d466ec?s=96&d=mm&r=g\",\"contentUrl\":\"https:\/\/secure.gravatar.com\/avatar\/d9c52a9a27c32119cb6679a077fa3e2779e5f822c451cbf01098004361d466ec?s=96&d=mm&r=g\",\"caption\":\"admin\"},\"url\":\"https:\/\/www.zerdab.com\/?author=1\"}]}<\/script>\n<!-- \/ Yoast SEO plugin. -->","yoast_head_json":{"title":"Z\u0259rdabda H\u0259mr\u0259ylik G\u00fcn\u00fc v\u0259 Yeni il qeyd edildi - Fotolar - Z\u0259rdab.com","robots":{"index":"index","follow":"follow","max-snippet":"max-snippet:-1","max-image-preview":"max-image-preview:large","max-video-preview":"max-video-preview:-1"},"canonical":"https:\/\/www.zerdab.com\/?p=13928","og_locale":"az_AZ","og_type":"article","og_title":"Z\u0259rdabda H\u0259mr\u0259ylik G\u00fcn\u00fc v\u0259 Yeni il qeyd edildi - Fotolar - Z\u0259rdab.com","og_description":"Z\u0259rdab rayonunda Rayon \u0130cra Hakimiyy\u0259tinin t\u0259\u015fkilat\u00e7\u0131l\u0131\u011f\u0131 il\u0259 31 dekabr-D\u00fcnya Az\u0259rbaycanl\u0131lar\u0131n\u0131n H\u0259mr\u0259yliyi g\u00fcn\u00fc v\u0259 Yeni il m\u00fcnasib\u0259til\u0259 t\u0259nt\u0259n\u0259li \u00fcmumrayon t\u0259dbiri ke\u00e7irilmi\u015fdir. \u0130lk \u00f6nc\u0259 Rayon \u0130cra Hakimiyy\u0259tinin iclas zal\u0131nda 31 dekabr-D\u00fcnya Az\u0259rbaycanl\u0131lar\u0131n\u0131n H\u0259mr\u0259yliyi g\u00fcn\u00fc v\u0259 2014-c\u00fc ilin g\u0259li\u015fi m\u00fcnasib\u0259til\u0259 valideyn himay\u0259sind\u0259n m\u0259hrum olmu\u015f u\u015faqlarla g\u00f6r\u00fc\u015f ke\u00e7irilmi\u015f v\u0259 onlara bayram sovqatlar\u0131 verilmi\u015fdir. 30-a q\u0259d\u0259r ail\u0259y\u0259 maddi yard\u0131mlar olunmu\u015fdur. [&hellip;]","og_url":"https:\/\/www.zerdab.com\/?p=13928","og_site_name":"Z\u0259rdab.com","article_published_time":"2013-12-27T13:21:56+00:00","article_modified_time":"2013-12-27T13:31:59+00:00","og_image":[{"url":"http:\/\/www.zerdab.com\/wp-content\/uploads\/2013\/12\/Zerdab-Yeni-il5-550x366.jpg","type":"","width":"","height":""}],"author":"admin","twitter_card":"summary_large_image","twitter_misc":{"Written by":"admin","Est. reading time":"4 minutes"},"schema":{"@context":"https:\/\/schema.org","@graph":[{"@type":"Article","@id":"https:\/\/www.zerdab.com\/?p=13928#article","isPartOf":{"@id":"https:\/\/www.zerdab.com\/?p=13928"},"author":{"name":"admin","@id":"https:\/\/www.zerdab.com\/#\/schema\/person\/97079b7570c1e89ec0d9e138c3672136"},"headline":"Z\u0259rdabda H\u0259mr\u0259ylik G\u00fcn\u00fc v\u0259 Yeni il qeyd edildi &#8211; Fotolar","datePublished":"2013-12-27T13:21:56+00:00","dateModified":"2013-12-27T13:31:59+00:00","mainEntityOfPage":{"@id":"https:\/\/www.zerdab.com\/?p=13928"},"wordCount":843,"commentCount":6,"image":{"@id":"https:\/\/www.zerdab.com\/?p=13928#primaryimage"},"thumbnailUrl":"http:\/\/www.zerdab.com\/wp-content\/uploads\/2013\/12\/Zerdab-Yeni-il5-550x366.jpg","articleSection":["X\u018fB\u018fRL\u018fR"],"inLanguage":"az","potentialAction":[{"@type":"CommentAction","name":"Comment","target":["https:\/\/www.zerdab.com\/?p=13928#respond"]}]},{"@type":"WebPage","@id":"https:\/\/www.zerdab.com\/?p=13928","url":"https:\/\/www.zerdab.com\/?p=13928","name":"Z\u0259rdabda H\u0259mr\u0259ylik G\u00fcn\u00fc v\u0259 Yeni il qeyd edildi - Fotolar - Z\u0259rdab.com","isPartOf":{"@id":"https:\/\/www.zerdab.com\/#website"},"primaryImageOfPage":{"@id":"https:\/\/www.zerdab.com\/?p=13928#primaryimage"},"image":{"@id":"https:\/\/www.zerdab.com\/?p=13928#primaryimage"},"thumbnailUrl":"http:\/\/www.zerdab.com\/wp-content\/uploads\/2013\/12\/Zerdab-Yeni-il5-550x366.jpg","datePublished":"2013-12-27T13:21:56+00:00","dateModified":"2013-12-27T13:31:59+00:00","author":{"@id":"https:\/\/www.zerdab.com\/#\/schema\/person\/97079b7570c1e89ec0d9e138c3672136"},"breadcrumb":{"@id":"https:\/\/www.zerdab.com\/?p=13928#breadcrumb"},"inLanguage":"az","potentialAction":[{"@type":"ReadAction","target":["https:\/\/www.zerdab.com\/?p=13928"]}]},{"@type":"ImageObject","inLanguage":"az","@id":"https:\/\/www.zerdab.com\/?p=13928#primaryimage","url":"","contentUrl":""},{"@type":"BreadcrumbList","@id":"https:\/\/www.zerdab.com\/?p=13928#breadcrumb","itemListElement":[{"@type":"ListItem","position":1,"name":"Home","item":"https:\/\/www.zerdab.com\/"},{"@type":"ListItem","position":2,"name":"Z\u0259rdabda H\u0259mr\u0259ylik G\u00fcn\u00fc v\u0259 Yeni il qeyd edildi &#8211; Fotolar"}]},{"@type":"WebSite","@id":"https:\/\/www.zerdab.com\/#website","url":"https:\/\/www.zerdab.com\/","name":"Z\u0259rdab.com","description":"","potentialAction":[{"@type":"SearchAction","target":{"@type":"EntryPoint","urlTemplate":"https:\/\/www.zerdab.com\/?s={search_term_string}"},"query-input":{"@type":"PropertyValueSpecification","valueRequired":true,"valueName":"search_term_string"}}],"inLanguage":"az"},{"@type":"Person","@id":"https:\/\/www.zerdab.com\/#\/schema\/person\/97079b7570c1e89ec0d9e138c3672136","name":"admin","image":{"@type":"ImageObject","inLanguage":"az","@id":"https:\/\/www.zerdab.com\/#\/schema\/person\/image\/","url":"https:\/\/secure.gravatar.com\/avatar\/d9c52a9a27c32119cb6679a077fa3e2779e5f822c451cbf01098004361d466ec?s=96&d=mm&r=g","contentUrl":"https:\/\/secure.gravatar.com\/avatar\/d9c52a9a27c32119cb6679a077fa3e2779e5f822c451cbf01098004361d466ec?s=96&d=mm&r=g","caption":"admin"},"url":"https:\/\/www.zerdab.com\/?author=1"}]}},"_links":{"self":[{"href":"https:\/\/www.zerdab.com\/index.php?rest_route=\/wp\/v2\/posts\/13928","targetHints":{"allow":["GET"]}}],"collection":[{"href":"https:\/\/www.zerdab.com\/index.php?rest_route=\/wp\/v2\/posts"}],"about":[{"href":"https:\/\/www.zerdab.com\/index.php?rest_route=\/wp\/v2\/types\/post"}],"author":[{"embeddable":true,"href":"https:\/\/www.zerdab.com\/index.php?rest_route=\/wp\/v2\/users\/1"}],"replies":[{"embeddable":true,"href":"https:\/\/www.zerdab.com\/index.php?rest_route=%2Fwp%2Fv2%2Fcomments&post=13928"}],"version-history":[{"count":4,"href":"https:\/\/www.zerdab.com\/index.php?rest_route=\/wp\/v2\/posts\/13928\/revisions"}],"predecessor-version":[{"id":13940,"href":"https:\/\/www.zerdab.com\/index.php?rest_route=\/wp\/v2\/posts\/13928\/revisions\/13940"}],"wp:attachment":[{"href":"https:\/\/www.zerdab.com\/index.php?rest_route=%2Fwp%2Fv2%2Fmedia&parent=13928"}],"wp:term":[{"taxonomy":"category","embeddable":true,"href":"https:\/\/www.zerdab.com\/index.php?rest_route=%2Fwp%2Fv2%2Fcategories&post=13928"},{"taxonomy":"post_tag","embeddable":true,"href":"https:\/\/www.zerdab.com\/index.php?rest_route=%2Fwp%2Fv2%2Ftags&post=13928"}],"curies":[{"name":"wp","href":"https:\/\/api.w.org\/{rel}","templated":true}]}}