{"id":14085,"date":"2014-01-16T14:39:46","date_gmt":"2014-01-16T10:39:46","guid":{"rendered":"http:\/\/www.zerdab.com\/?p=14085"},"modified":"2014-01-16T14:39:46","modified_gmt":"2014-01-16T10:39:46","slug":"sad-x%c9%99b%c9%99r-z%c9%99rdabin-daha-2-k%c9%99ndin%c9%99-qaz-verildi-fotolar","status":"publish","type":"post","link":"https:\/\/www.zerdab.com\/?p=14085","title":{"rendered":"\u015ead x\u0259b\u0259r: Z\u0259rdab\u0131n daha 2 k\u0259ndin\u0259 qaz verildi &#8211; Fotolar"},"content":{"rendered":"<p style=\"text-align: justify;\" align=\"center\"><span style=\"font-size: 13px; line-height: 19px;\"><a href=\"http:\/\/www.zerdab.com\/wp-content\/uploads\/2014\/01\/Zerdab-.jpg\"><img loading=\"lazy\" decoding=\"async\" class=\"aligncenter size-large wp-image-14087\" alt=\"Zerdab\" src=\"http:\/\/www.zerdab.com\/wp-content\/uploads\/2014\/01\/Zerdab--502x550.jpg\" width=\"502\" height=\"550\" \/><\/a>Regionlar\u0131n sosial-iqtisadi inki\u015faf\u0131 D\u00f6vl\u0259t Proqram\u0131n\u0131n u\u011furla icra edilm\u0259si n\u0259tic\u0259sind\u0259 \u00f6lk\u0259mizin b\u00fct\u00fcn b\u00f6lg\u0259l\u0259rind\u0259, o c\u00fcml\u0259d\u0259n Z\u0259rdab rayonunda geni\u015f miqyasl\u0131\u00a0 quruculuq v\u0259 abadl\u0131q i\u015fl\u0259ri davam etdirilir, \u0259halinin \u0259n \u00e7ox ehtiyac\u0131 oldu\u011fu sosial probleml\u0259rin h\u0259lli istiqam\u0259tind\u0259 g\u00f6r\u00fcl\u0259n i\u015fl\u0259r diqq\u0259t m\u0259rk\u0259zind\u0259 saxlan\u0131l\u0131r. R<\/span>ayonumuzda son d\u00f6vrd\u0259 m\u0259kt\u0259b tikintisi, \u015f\u0259h\u0259rdaxili v\u0259 k\u0259nd yollar\u0131n\u0131n asfaltla\u015fd\u0131r\u0131lmas\u0131, dig\u0259r xidm\u0259t m\u00fc\u0259ssis\u0259l\u0259rinin istifad\u0259y\u0259 verilm\u0259si geni\u015f v\u00fcs\u0259t alm\u0131\u015fd\u0131r. \u00c4halinin, x\u00fcsus\u0259n k\u0259ndl\u0259rd\u0259 ya\u015fayanlar\u0131n t\u0259bii qaza olan ehtiyac\u0131n\u0131n \u00f6d\u0259nilm\u0259si sah\u0259sind\u0259 g\u00f6r\u00fcl\u0259n i\u015fl\u0259r is\u0259 daha sevindiricidir.<\/p>\n<p style=\"text-align: justify;\">Rayon \u0130cra hakimiyy\u0259ti ba\u015f\u00e7\u0131s\u0131n\u0131n G\u0259lm\u0259 v\u0259 Salahl\u0131 k\u0259ndl\u0259rind\u0259 \u0259hali il\u0259 g\u00f6r\u00fc\u015f\u00fc zaman\u0131 k\u0259nd sakinl\u0259ri \u0259raziy\u0259 qaz x\u0259ttinin \u00e7\u0259kili\u015finin s\u00fcr\u0259tl\u0259ndirilm\u0259sin\u0259 k\u00f6m\u0259klik g\u00f6st\u0259rilm\u0259sini xahi\u015f etmi\u015fl\u0259r. Bununla ba\u011fl\u0131 rayon r\u0259hb\u0259rliyi t\u0259r\u0259find\u0259n \u0259laq\u0259dar t\u0259\u015fkilatlar qar\u015f\u0131s\u0131nda m\u0259s\u0259l\u0259 qald\u0131r\u0131lm\u0131\u015f v\u0259 m\u00fcsb\u0259t h\u0259llini tapm\u0131\u015fd\u0131r.<\/p>\n<p style=\"text-align: justify;\">16 yanvar 2014-c\u00fc il tarixd\u0259 rayonun G\u0259lm\u0259 v\u0259 Salahl\u0131 k\u0259ndl\u0259rind\u0259 yeni \u00e7\u0259kilmi\u015f qaz x\u0259ttinin a\u00e7\u0131l\u0131\u015f m\u0259rasimi ke\u00e7irildi. K\u0259ndl\u0259rd\u0259 35500 paqonometr da\u015f\u0131y\u0131c\u0131 v\u0259 paylay\u0131c\u0131 x\u0259tt \u00e7\u0259kilmi\u015f, G\u0259lm\u0259 k\u0259ndind\u0259 447, Salahl\u0131 k\u0259ndind\u0259 93 olmaqla \u2013 c\u0259mi 540 ev\u0259 say\u011fac qura\u015fd\u0131r\u0131lm\u0131\u015fd\u0131r.<\/p>\n<p style=\"text-align: justify;\">M\u0259rasimd\u0259 \u00e7\u0131x\u0131\u015f ed\u0259n \u0130cra Hakimiyy\u0259ti ba\u015f\u00e7\u0131s\u0131n\u0131n birinci m\u00fcavini, Rayon F\u00f6vq\u0259lad\u0259 Hallar Komissiyas\u0131n\u0131n s\u0259dri Allahverdi S\u0259f\u0259rov icra ba\u015f\u00e7\u0131s\u0131 ad\u0131ndan h\u0259r iki k\u0259ndin sakinl\u0259rini bu m\u00fch\u00fcm hadis\u0259 m\u00fcnasib\u0259til\u0259 t\u0259brik etdi. Bildirdi ki, \u201cAz\u0259rbaycan Respublikas\u0131 regionlar\u0131n\u0131n 2009-2013-c\u00fc ill\u0259rd\u0259 sosial-iqtisadi inki\u015faf\u0131 D\u00f6vl\u0259t Proqram\u0131\u201dn\u0131n icras\u0131 istiqam\u0259tind\u0259 bu g\u00fcn\u0259d\u0259k rayonun 6 ya\u015fay\u0131\u015f m\u0259nt\u0259q\u0259sin\u0259 t\u0259bii qaz verilmi\u015fdir. Art\u0131q bu g\u00fcn 8-ci ya\u015fay\u0131\u015f m\u0259nt\u0259q\u0259si t\u0259bii qazla t\u0259min edildi. Haz\u0131rda rayonun dig\u0259r ya\u015fay\u0131\u015f m\u0259nt\u0259q\u0259l\u0259rin\u0259 d\u0259 qaz x\u0259ttinin \u00e7\u0259kili\u015fi davam etdirilir. O, qeyd etdi ki, qaz x\u0259ttinin a\u00e7\u0131l\u0131\u015f\u0131 bir daha onu g\u00f6st\u0259rir ki, ulu \u00f6nd\u0259rimiz Heyd\u0259r \u00c4liyevin siyasi x\u0259ttinin \u0259sas\u0131n\u0131 m\u00fcst\u0259qil Az\u0259rbaycan\u0131n h\u0259rt\u0259r\u0259fli inki\u015faf\u0131 v\u0259 xalq\u0131m\u0131z\u0131n firavan ya\u015fay\u0131\u015f\u0131 t\u0259\u015fkil edir v\u0259 bu siyas\u0259t m\u00f6ht\u0259r\u0259m Prezidentimiz c\u0259nab \u0130lham \u00c4liyev t\u0259r\u0259find\u0259n u\u011furla davam v\u0259 inki\u015faf etdirilir.<\/p>\n<p style=\"text-align: justify;\">K\u0259nd sakinl\u0259ri \u00e7\u0131x\u0131\u015f ed\u0259r\u0259k Ulu \u00f6nd\u0259r Heyd\u0259r \u018fliyevin siyasi kursunu u\u011furla davam etdir\u0259n m\u00f6ht\u0259r\u0259m Prezident c\u0259nab \u0130lham \u00c4liyev\u0259 \u0259n xo\u015f arzular\u0131n\u0131 v\u0259 t\u0259\u015f\u0259kk\u00fcrl\u0259rini ifad\u0259 etm\u0259kl\u0259, \u0259halinin sosial probleml\u0259rinin h\u0259llin\u0259 g\u00f6st\u0259ril\u0259n diqq\u0259t v\u0259 qay\u011f\u0131ya g\u00f6r\u0259 minn\u0259tdarl\u0131qlar\u0131n\u0131 bildirdil\u0259r.<\/p>\n<p style=\"text-align: justify;\">M\u0259rasimin sonunda mavi yanaca\u011f\u0131n verili\u015fini bildir\u0259n r\u0259mzi m\u0259\u015f\u0259l alovland\u0131r\u0131l\u0131b.<\/p>\n<p style=\"text-align: justify;\">A\u00e7\u0131l\u0131\u015f m\u0259rasimind\u0259 \u201cAz\u0259riqaz\u201d \u0130stehsalat Birliyinin n\u00fcmay\u0259nd\u0259si Araz A\u011fayev i\u015ftirak etmi\u015fdir.<\/p>\n<p style=\"text-align: justify;\">\u00a0<span style=\"color: #0000ff;\"><b>Z\u0259rdab Rayon \u0130cra Hakimiyy\u0259ti<\/b><\/span><\/p>\n<p style=\"text-align: justify;\"><a href=\"http:\/\/www.zerdab.com\/wp-content\/uploads\/2014\/01\/Zerdab-3.jpg\"><img loading=\"lazy\" decoding=\"async\" class=\"aligncenter size-large wp-image-14090\" alt=\"Zerdab-3\" src=\"http:\/\/www.zerdab.com\/wp-content\/uploads\/2014\/01\/Zerdab-3-550x412.jpg\" width=\"550\" height=\"412\" \/><a href=\"http:\/\/www.zerdab.com\/wp-content\/uploads\/2014\/01\/Zerdab-2.jpg\"><img loading=\"lazy\" decoding=\"async\" class=\"aligncenter size-large wp-image-14089\" alt=\"Zerdab-2\" src=\"http:\/\/www.zerdab.com\/wp-content\/uploads\/2014\/01\/Zerdab-2-550x412.jpg\" width=\"550\" height=\"412\" \/><\/a><a href=\"http:\/\/www.zerdab.com\/wp-content\/uploads\/2014\/01\/Zerdab-1.jpg\"><img loading=\"lazy\" decoding=\"async\" class=\"aligncenter size-large wp-image-14088\" alt=\"Zerdab-1\" src=\"http:\/\/www.zerdab.com\/wp-content\/uploads\/2014\/01\/Zerdab-1-550x412.jpg\" width=\"550\" height=\"412\" \/><\/a><a href=\"http:\/\/www.zerdab.com\/wp-content\/uploads\/2014\/01\/Zerdab-4.jpg\"><img loading=\"lazy\" decoding=\"async\" class=\"aligncenter size-large wp-image-14091\" alt=\"Zerdab-4\" src=\"http:\/\/www.zerdab.com\/wp-content\/uploads\/2014\/01\/Zerdab-4-550x412.jpg\" width=\"550\" height=\"412\" \/><\/a><a href=\"http:\/\/www.zerdab.com\/wp-content\/uploads\/2014\/01\/Zerdab-5.jpg\"><img loading=\"lazy\" decoding=\"async\" class=\"aligncenter size-large wp-image-14086\" alt=\"Zerdab-5\" src=\"http:\/\/www.zerdab.com\/wp-content\/uploads\/2014\/01\/Zerdab-5-550x412.jpg\" width=\"550\" height=\"412\" \/><\/a><\/a><\/p>\n","protected":false},"excerpt":{"rendered":"<p>Regionlar\u0131n sosial-iqtisadi inki\u015faf\u0131 D\u00f6vl\u0259t Proqram\u0131n\u0131n u\u011furla icra edilm\u0259si n\u0259tic\u0259sind\u0259 \u00f6lk\u0259mizin b\u00fct\u00fcn b\u00f6lg\u0259l\u0259rind\u0259, o c\u00fcml\u0259d\u0259n Z\u0259rdab rayonunda geni\u015f miqyasl\u0131\u00a0 quruculuq v\u0259 abadl\u0131q i\u015fl\u0259ri davam etdirilir, \u0259halinin \u0259n \u00e7ox ehtiyac\u0131 oldu\u011fu sosial probleml\u0259rin h\u0259lli istiqam\u0259tind\u0259 g\u00f6r\u00fcl\u0259n i\u015fl\u0259r diqq\u0259t m\u0259rk\u0259zind\u0259 saxlan\u0131l\u0131r. Rayonumuzda son d\u00f6vrd\u0259 m\u0259kt\u0259b tikintisi, \u015f\u0259h\u0259rdaxili v\u0259 k\u0259nd yollar\u0131n\u0131n asfaltla\u015fd\u0131r\u0131lmas\u0131, dig\u0259r xidm\u0259t m\u00fc\u0259ssis\u0259l\u0259rinin istifad\u0259y\u0259 verilm\u0259si geni\u015f v\u00fcs\u0259t [&hellip;]<\/p>\n","protected":false},"author":1,"featured_media":0,"comment_status":"open","ping_status":"open","sticky":false,"template":"","format":"standard","meta":{"footnotes":""},"categories":[5],"tags":[],"class_list":{"0":"post-14085","1":"post","2":"type-post","3":"status-publish","4":"format-standard","6":"category-knd"},"yoast_head":"<!-- This site is optimized with the Yoast SEO plugin v27.0 - https:\/\/yoast.com\/product\/yoast-seo-wordpress\/ -->\n<title>\u015ead x\u0259b\u0259r: Z\u0259rdab\u0131n daha 2 k\u0259ndin\u0259 qaz verildi - Fotolar - Z\u0259rdab.com<\/title>\n<meta name=\"robots\" content=\"index, follow, max-snippet:-1, max-image-preview:large, max-video-preview:-1\" \/>\n<link rel=\"canonical\" href=\"https:\/\/www.zerdab.com\/?p=14085\" \/>\n<meta property=\"og:locale\" content=\"az_AZ\" \/>\n<meta property=\"og:type\" content=\"article\" \/>\n<meta property=\"og:title\" content=\"\u015ead x\u0259b\u0259r: Z\u0259rdab\u0131n daha 2 k\u0259ndin\u0259 qaz verildi - Fotolar - Z\u0259rdab.com\" \/>\n<meta property=\"og:description\" content=\"Regionlar\u0131n sosial-iqtisadi inki\u015faf\u0131 D\u00f6vl\u0259t Proqram\u0131n\u0131n u\u011furla icra edilm\u0259si n\u0259tic\u0259sind\u0259 \u00f6lk\u0259mizin b\u00fct\u00fcn b\u00f6lg\u0259l\u0259rind\u0259, o c\u00fcml\u0259d\u0259n Z\u0259rdab rayonunda geni\u015f miqyasl\u0131\u00a0 quruculuq v\u0259 abadl\u0131q i\u015fl\u0259ri davam etdirilir, \u0259halinin \u0259n \u00e7ox ehtiyac\u0131 oldu\u011fu sosial probleml\u0259rin h\u0259lli istiqam\u0259tind\u0259 g\u00f6r\u00fcl\u0259n i\u015fl\u0259r diqq\u0259t m\u0259rk\u0259zind\u0259 saxlan\u0131l\u0131r. Rayonumuzda son d\u00f6vrd\u0259 m\u0259kt\u0259b tikintisi, \u015f\u0259h\u0259rdaxili v\u0259 k\u0259nd yollar\u0131n\u0131n asfaltla\u015fd\u0131r\u0131lmas\u0131, dig\u0259r xidm\u0259t m\u00fc\u0259ssis\u0259l\u0259rinin istifad\u0259y\u0259 verilm\u0259si geni\u015f v\u00fcs\u0259t [&hellip;]\" \/>\n<meta property=\"og:url\" content=\"https:\/\/www.zerdab.com\/?p=14085\" \/>\n<meta property=\"og:site_name\" content=\"Z\u0259rdab.com\" \/>\n<meta property=\"article:published_time\" content=\"2014-01-16T10:39:46+00:00\" \/>\n<meta property=\"og:image\" content=\"http:\/\/www.zerdab.com\/wp-content\/uploads\/2014\/01\/Zerdab--502x550.jpg\" \/>\n<meta name=\"author\" content=\"admin\" \/>\n<meta name=\"twitter:card\" content=\"summary_large_image\" \/>\n<meta name=\"twitter:label1\" content=\"Written by\" \/>\n\t<meta name=\"twitter:data1\" content=\"admin\" \/>\n\t<meta name=\"twitter:label2\" content=\"Est. reading time\" \/>\n\t<meta name=\"twitter:data2\" content=\"3 minutes\" \/>\n<script type=\"application\/ld+json\" class=\"yoast-schema-graph\">{\"@context\":\"https:\/\/schema.org\",\"@graph\":[{\"@type\":\"Article\",\"@id\":\"https:\/\/www.zerdab.com\/?p=14085#article\",\"isPartOf\":{\"@id\":\"https:\/\/www.zerdab.com\/?p=14085\"},\"author\":{\"name\":\"admin\",\"@id\":\"https:\/\/www.zerdab.com\/#\/schema\/person\/97079b7570c1e89ec0d9e138c3672136\"},\"headline\":\"\u015ead x\u0259b\u0259r: Z\u0259rdab\u0131n daha 2 k\u0259ndin\u0259 qaz verildi &#8211; Fotolar\",\"datePublished\":\"2014-01-16T10:39:46+00:00\",\"mainEntityOfPage\":{\"@id\":\"https:\/\/www.zerdab.com\/?p=14085\"},\"wordCount\":607,\"commentCount\":3,\"image\":{\"@id\":\"https:\/\/www.zerdab.com\/?p=14085#primaryimage\"},\"thumbnailUrl\":\"http:\/\/www.zerdab.com\/wp-content\/uploads\/2014\/01\/Zerdab--502x550.jpg\",\"articleSection\":[\"X\u018fB\u018fRL\u018fR\"],\"inLanguage\":\"az\",\"potentialAction\":[{\"@type\":\"CommentAction\",\"name\":\"Comment\",\"target\":[\"https:\/\/www.zerdab.com\/?p=14085#respond\"]}]},{\"@type\":\"WebPage\",\"@id\":\"https:\/\/www.zerdab.com\/?p=14085\",\"url\":\"https:\/\/www.zerdab.com\/?p=14085\",\"name\":\"\u015ead x\u0259b\u0259r: Z\u0259rdab\u0131n daha 2 k\u0259ndin\u0259 qaz verildi - Fotolar - Z\u0259rdab.com\",\"isPartOf\":{\"@id\":\"https:\/\/www.zerdab.com\/#website\"},\"primaryImageOfPage\":{\"@id\":\"https:\/\/www.zerdab.com\/?p=14085#primaryimage\"},\"image\":{\"@id\":\"https:\/\/www.zerdab.com\/?p=14085#primaryimage\"},\"thumbnailUrl\":\"http:\/\/www.zerdab.com\/wp-content\/uploads\/2014\/01\/Zerdab--502x550.jpg\",\"datePublished\":\"2014-01-16T10:39:46+00:00\",\"author\":{\"@id\":\"https:\/\/www.zerdab.com\/#\/schema\/person\/97079b7570c1e89ec0d9e138c3672136\"},\"breadcrumb\":{\"@id\":\"https:\/\/www.zerdab.com\/?p=14085#breadcrumb\"},\"inLanguage\":\"az\",\"potentialAction\":[{\"@type\":\"ReadAction\",\"target\":[\"https:\/\/www.zerdab.com\/?p=14085\"]}]},{\"@type\":\"ImageObject\",\"inLanguage\":\"az\",\"@id\":\"https:\/\/www.zerdab.com\/?p=14085#primaryimage\",\"url\":\"\",\"contentUrl\":\"\"},{\"@type\":\"BreadcrumbList\",\"@id\":\"https:\/\/www.zerdab.com\/?p=14085#breadcrumb\",\"itemListElement\":[{\"@type\":\"ListItem\",\"position\":1,\"name\":\"Home\",\"item\":\"https:\/\/www.zerdab.com\/\"},{\"@type\":\"ListItem\",\"position\":2,\"name\":\"\u015ead x\u0259b\u0259r: Z\u0259rdab\u0131n daha 2 k\u0259ndin\u0259 qaz verildi &#8211; Fotolar\"}]},{\"@type\":\"WebSite\",\"@id\":\"https:\/\/www.zerdab.com\/#website\",\"url\":\"https:\/\/www.zerdab.com\/\",\"name\":\"Z\u0259rdab.com\",\"description\":\"\",\"potentialAction\":[{\"@type\":\"SearchAction\",\"target\":{\"@type\":\"EntryPoint\",\"urlTemplate\":\"https:\/\/www.zerdab.com\/?s={search_term_string}\"},\"query-input\":{\"@type\":\"PropertyValueSpecification\",\"valueRequired\":true,\"valueName\":\"search_term_string\"}}],\"inLanguage\":\"az\"},{\"@type\":\"Person\",\"@id\":\"https:\/\/www.zerdab.com\/#\/schema\/person\/97079b7570c1e89ec0d9e138c3672136\",\"name\":\"admin\",\"image\":{\"@type\":\"ImageObject\",\"inLanguage\":\"az\",\"@id\":\"https:\/\/www.zerdab.com\/#\/schema\/person\/image\/\",\"url\":\"https:\/\/secure.gravatar.com\/avatar\/d9c52a9a27c32119cb6679a077fa3e2779e5f822c451cbf01098004361d466ec?s=96&d=mm&r=g\",\"contentUrl\":\"https:\/\/secure.gravatar.com\/avatar\/d9c52a9a27c32119cb6679a077fa3e2779e5f822c451cbf01098004361d466ec?s=96&d=mm&r=g\",\"caption\":\"admin\"},\"url\":\"https:\/\/www.zerdab.com\/?author=1\"}]}<\/script>\n<!-- \/ Yoast SEO plugin. -->","yoast_head_json":{"title":"\u015ead x\u0259b\u0259r: Z\u0259rdab\u0131n daha 2 k\u0259ndin\u0259 qaz verildi - Fotolar - Z\u0259rdab.com","robots":{"index":"index","follow":"follow","max-snippet":"max-snippet:-1","max-image-preview":"max-image-preview:large","max-video-preview":"max-video-preview:-1"},"canonical":"https:\/\/www.zerdab.com\/?p=14085","og_locale":"az_AZ","og_type":"article","og_title":"\u015ead x\u0259b\u0259r: Z\u0259rdab\u0131n daha 2 k\u0259ndin\u0259 qaz verildi - Fotolar - Z\u0259rdab.com","og_description":"Regionlar\u0131n sosial-iqtisadi inki\u015faf\u0131 D\u00f6vl\u0259t Proqram\u0131n\u0131n u\u011furla icra edilm\u0259si n\u0259tic\u0259sind\u0259 \u00f6lk\u0259mizin b\u00fct\u00fcn b\u00f6lg\u0259l\u0259rind\u0259, o c\u00fcml\u0259d\u0259n Z\u0259rdab rayonunda geni\u015f miqyasl\u0131\u00a0 quruculuq v\u0259 abadl\u0131q i\u015fl\u0259ri davam etdirilir, \u0259halinin \u0259n \u00e7ox ehtiyac\u0131 oldu\u011fu sosial probleml\u0259rin h\u0259lli istiqam\u0259tind\u0259 g\u00f6r\u00fcl\u0259n i\u015fl\u0259r diqq\u0259t m\u0259rk\u0259zind\u0259 saxlan\u0131l\u0131r. Rayonumuzda son d\u00f6vrd\u0259 m\u0259kt\u0259b tikintisi, \u015f\u0259h\u0259rdaxili v\u0259 k\u0259nd yollar\u0131n\u0131n asfaltla\u015fd\u0131r\u0131lmas\u0131, dig\u0259r xidm\u0259t m\u00fc\u0259ssis\u0259l\u0259rinin istifad\u0259y\u0259 verilm\u0259si geni\u015f v\u00fcs\u0259t [&hellip;]","og_url":"https:\/\/www.zerdab.com\/?p=14085","og_site_name":"Z\u0259rdab.com","article_published_time":"2014-01-16T10:39:46+00:00","og_image":[{"url":"http:\/\/www.zerdab.com\/wp-content\/uploads\/2014\/01\/Zerdab--502x550.jpg","type":"","width":"","height":""}],"author":"admin","twitter_card":"summary_large_image","twitter_misc":{"Written by":"admin","Est. reading time":"3 minutes"},"schema":{"@context":"https:\/\/schema.org","@graph":[{"@type":"Article","@id":"https:\/\/www.zerdab.com\/?p=14085#article","isPartOf":{"@id":"https:\/\/www.zerdab.com\/?p=14085"},"author":{"name":"admin","@id":"https:\/\/www.zerdab.com\/#\/schema\/person\/97079b7570c1e89ec0d9e138c3672136"},"headline":"\u015ead x\u0259b\u0259r: Z\u0259rdab\u0131n daha 2 k\u0259ndin\u0259 qaz verildi &#8211; Fotolar","datePublished":"2014-01-16T10:39:46+00:00","mainEntityOfPage":{"@id":"https:\/\/www.zerdab.com\/?p=14085"},"wordCount":607,"commentCount":3,"image":{"@id":"https:\/\/www.zerdab.com\/?p=14085#primaryimage"},"thumbnailUrl":"http:\/\/www.zerdab.com\/wp-content\/uploads\/2014\/01\/Zerdab--502x550.jpg","articleSection":["X\u018fB\u018fRL\u018fR"],"inLanguage":"az","potentialAction":[{"@type":"CommentAction","name":"Comment","target":["https:\/\/www.zerdab.com\/?p=14085#respond"]}]},{"@type":"WebPage","@id":"https:\/\/www.zerdab.com\/?p=14085","url":"https:\/\/www.zerdab.com\/?p=14085","name":"\u015ead x\u0259b\u0259r: Z\u0259rdab\u0131n daha 2 k\u0259ndin\u0259 qaz verildi - Fotolar - Z\u0259rdab.com","isPartOf":{"@id":"https:\/\/www.zerdab.com\/#website"},"primaryImageOfPage":{"@id":"https:\/\/www.zerdab.com\/?p=14085#primaryimage"},"image":{"@id":"https:\/\/www.zerdab.com\/?p=14085#primaryimage"},"thumbnailUrl":"http:\/\/www.zerdab.com\/wp-content\/uploads\/2014\/01\/Zerdab--502x550.jpg","datePublished":"2014-01-16T10:39:46+00:00","author":{"@id":"https:\/\/www.zerdab.com\/#\/schema\/person\/97079b7570c1e89ec0d9e138c3672136"},"breadcrumb":{"@id":"https:\/\/www.zerdab.com\/?p=14085#breadcrumb"},"inLanguage":"az","potentialAction":[{"@type":"ReadAction","target":["https:\/\/www.zerdab.com\/?p=14085"]}]},{"@type":"ImageObject","inLanguage":"az","@id":"https:\/\/www.zerdab.com\/?p=14085#primaryimage","url":"","contentUrl":""},{"@type":"BreadcrumbList","@id":"https:\/\/www.zerdab.com\/?p=14085#breadcrumb","itemListElement":[{"@type":"ListItem","position":1,"name":"Home","item":"https:\/\/www.zerdab.com\/"},{"@type":"ListItem","position":2,"name":"\u015ead x\u0259b\u0259r: Z\u0259rdab\u0131n daha 2 k\u0259ndin\u0259 qaz verildi &#8211; Fotolar"}]},{"@type":"WebSite","@id":"https:\/\/www.zerdab.com\/#website","url":"https:\/\/www.zerdab.com\/","name":"Z\u0259rdab.com","description":"","potentialAction":[{"@type":"SearchAction","target":{"@type":"EntryPoint","urlTemplate":"https:\/\/www.zerdab.com\/?s={search_term_string}"},"query-input":{"@type":"PropertyValueSpecification","valueRequired":true,"valueName":"search_term_string"}}],"inLanguage":"az"},{"@type":"Person","@id":"https:\/\/www.zerdab.com\/#\/schema\/person\/97079b7570c1e89ec0d9e138c3672136","name":"admin","image":{"@type":"ImageObject","inLanguage":"az","@id":"https:\/\/www.zerdab.com\/#\/schema\/person\/image\/","url":"https:\/\/secure.gravatar.com\/avatar\/d9c52a9a27c32119cb6679a077fa3e2779e5f822c451cbf01098004361d466ec?s=96&d=mm&r=g","contentUrl":"https:\/\/secure.gravatar.com\/avatar\/d9c52a9a27c32119cb6679a077fa3e2779e5f822c451cbf01098004361d466ec?s=96&d=mm&r=g","caption":"admin"},"url":"https:\/\/www.zerdab.com\/?author=1"}]}},"_links":{"self":[{"href":"https:\/\/www.zerdab.com\/index.php?rest_route=\/wp\/v2\/posts\/14085","targetHints":{"allow":["GET"]}}],"collection":[{"href":"https:\/\/www.zerdab.com\/index.php?rest_route=\/wp\/v2\/posts"}],"about":[{"href":"https:\/\/www.zerdab.com\/index.php?rest_route=\/wp\/v2\/types\/post"}],"author":[{"embeddable":true,"href":"https:\/\/www.zerdab.com\/index.php?rest_route=\/wp\/v2\/users\/1"}],"replies":[{"embeddable":true,"href":"https:\/\/www.zerdab.com\/index.php?rest_route=%2Fwp%2Fv2%2Fcomments&post=14085"}],"version-history":[{"count":2,"href":"https:\/\/www.zerdab.com\/index.php?rest_route=\/wp\/v2\/posts\/14085\/revisions"}],"predecessor-version":[{"id":14093,"href":"https:\/\/www.zerdab.com\/index.php?rest_route=\/wp\/v2\/posts\/14085\/revisions\/14093"}],"wp:attachment":[{"href":"https:\/\/www.zerdab.com\/index.php?rest_route=%2Fwp%2Fv2%2Fmedia&parent=14085"}],"wp:term":[{"taxonomy":"category","embeddable":true,"href":"https:\/\/www.zerdab.com\/index.php?rest_route=%2Fwp%2Fv2%2Fcategories&post=14085"},{"taxonomy":"post_tag","embeddable":true,"href":"https:\/\/www.zerdab.com\/index.php?rest_route=%2Fwp%2Fv2%2Ftags&post=14085"}],"curies":[{"name":"wp","href":"https:\/\/api.w.org\/{rel}","templated":true}]}}