{"id":14124,"date":"2014-01-17T13:05:58","date_gmt":"2014-01-17T09:05:58","guid":{"rendered":"http:\/\/www.zerdab.com\/?p=14124"},"modified":"2014-01-17T13:05:58","modified_gmt":"2014-01-17T09:05:58","slug":"z%c9%99rdabda-20-yanvar-s%c9%99hidl%c9%99rinin-xatir%c9%99si-yad-edildi-fotolar","status":"publish","type":"post","link":"https:\/\/www.zerdab.com\/?p=14124","title":{"rendered":"Z\u0259rdabda 20 yanvar \u015f\u0259hidl\u0259rinin xatir\u0259si yad edildi &#8211; Fotolar"},"content":{"rendered":"<p><a href=\"http:\/\/www.zerdab.com\/wp-content\/uploads\/2014\/01\/Z\u0259rdab-rayon-Heyd\u0259r-\u018fliyev-M\u0259rk\u0259zind\u02594.jpg\"><img loading=\"lazy\" decoding=\"async\" class=\"aligncenter size-large wp-image-14113\" alt=\"Z\u0259rdab rayon Heyd\u0259r \u018fliyev M\u0259rk\u0259zi\" src=\"http:\/\/www.zerdab.com\/wp-content\/uploads\/2014\/01\/Z\u0259rdab-rayon-Heyd\u0259r-\u018fliyev-M\u0259rk\u0259zind\u02594-550x412.jpg\" width=\"550\" height=\"412\" \/><\/a>Z\u0259rdab rayon Heyd\u0259r \u018fliyev M\u0259rk\u0259zind\u0259 20 yanvar faci\u0259sinin 24-c\u00fc ild\u00f6n\u00fcm\u00fcn\u0259 h\u0259sr olunmu\u015f t\u0259dbir ke\u00e7irilib. Zerdab.com sayt\u0131na veril\u0259n m\u0259lumata g\u00f6r\u0259, \u0259vv\u0259lc\u0259 t\u0259dbir i\u015ftirak\u00e7\u0131lar\u0131 1990-c\u0131 ilin 20 yanvar hadis\u0259l\u0259rini \u0259ks etdir\u0259n fotos\u0259rgi il\u0259 tan\u0131\u015f olublar. \u015e\u0259hidl\u0259rin xatir\u0259si bir d\u0259qiq\u0259lik s\u00fckutla yad edilib.\u00a0T\u0259dbiri M\u0259rk\u0259zin direktoru K\u00f6n\u00fcl R\u0259himova a\u00e7araq 1990-c\u0131 ilin yanvar\u0131nda Sovet h\u0259rbi birl\u0259\u015fm\u0259l\u0259rinin Az\u0259rbaycan\u0131n m\u00fcst\u0259qilliyi v\u0259 azadl\u0131\u011f\u0131 u\u011frunda m\u00fcbariz\u0259y\u0259 qalxm\u0131\u015f dinc \u0259haliy\u0259, soyda\u015flar\u0131m\u0131za qar\u015f\u0131 t\u00f6r\u0259tdiyi cinay\u0259tl\u0259rd\u0259n s\u00f6hb\u0259t a\u00e7\u0131b. O, ba\u015f vermi\u015f qanl\u0131 hadis\u0259l\u0259rd\u0259n d\u0259rhal sonra V\u0259t\u0259nini v\u0259 xalq\u0131n\u0131 sonsuz m\u0259h\u0259bb\u0259tl\u0259 sev\u0259n ulu \u00f6nd\u0259r Heyd\u0259r \u018fliyevin Az\u0259rbaycan\u0131n Moskvadak\u0131 daimi n\u00fcmay\u0259nd\u0259liyin\u0259 g\u0259l\u0259r\u0259k ke\u00e7irdiyi m\u0259tbuat konfrans\u0131n\u0131n \u0259h\u0259miyy\u0259tini x\u00fcsusi qeyd edib. Sonra Az\u0259rbaycan Respublikas\u0131 Prezidenti Administrasiyas\u0131n\u0131n r\u0259hb\u0259ri, akademik Ramiz Mehdiyev t\u0259r\u0259find\u0259n t\u0259sdiq olunmu\u015f t\u0259dbirl\u0259r plan\u0131na uy\u011fun olaraq b\u0259dii v\u0259 s\u0259n\u0259dli film n\u00fcmayi\u015f etdirilib.\u00a0Dig\u0259r \u00e7\u0131x\u0131\u015f ed\u0259nl\u0259r 20 yanvar hadis\u0259l\u0259rinin xalq\u0131m\u0131z\u0131n tarixinin h\u0259m faci\u0259li s\u0259hif\u0259si, h\u0259m d\u0259 q\u0259hr\u0259manl\u0131q salnam\u0259si oldu\u011funu vur\u011fulay\u0131blar.\u00a0Daha sonra \u015f\u0259h\u0259r 1 sayl\u0131 m\u0259kt\u0259b-liseyin \u015fagirdl\u0259rinin v\u0259 1 sayl\u0131 k\u00f6rp\u0259l\u0259r evi-u\u015faq ba\u011f\u00e7as\u0131n\u0131n u\u015faqlar\u0131n\u0131n haz\u0131rlad\u0131qlar\u0131 \u201cBiz siz\u0259 borcluyuq, igid \u015f\u0259hidl\u0259r\u201d adl\u0131 kompozisiya n\u00fcmayi\u015f etdirilib.<\/p>\n<p>Zerdab.com<\/p>\n<p><a href=\"http:\/\/www.zerdab.com\/wp-content\/uploads\/2014\/01\/Z\u0259rdab-rayon-Heyd\u0259r-\u018fliyev-M\u0259rk\u0259zind\u02596.jpg\"><img loading=\"lazy\" decoding=\"async\" class=\"aligncenter size-large wp-image-14115\" alt=\"Z\u0259rdab rayon Heyd\u0259r \u018fliyev M\u0259rk\u0259zi\" src=\"http:\/\/www.zerdab.com\/wp-content\/uploads\/2014\/01\/Z\u0259rdab-rayon-Heyd\u0259r-\u018fliyev-M\u0259rk\u0259zind\u02596-550x412.jpg\" width=\"550\" height=\"412\" \/><a href=\"http:\/\/www.zerdab.com\/wp-content\/uploads\/2014\/01\/Z\u0259rdab-rayon-Heyd\u0259r-\u018fliyev-M\u0259rk\u0259zind\u025911.jpg\"><img loading=\"lazy\" decoding=\"async\" class=\"aligncenter size-large wp-image-14119\" alt=\"Z\u0259rdab rayon Heyd\u0259r \u018fliyev M\u0259rk\u0259zi\" src=\"http:\/\/www.zerdab.com\/wp-content\/uploads\/2014\/01\/Z\u0259rdab-rayon-Heyd\u0259r-\u018fliyev-M\u0259rk\u0259zind\u025911-550x412.jpg\" width=\"550\" height=\"412\" \/><\/a><a href=\"http:\/\/www.zerdab.com\/wp-content\/uploads\/2014\/01\/Z\u0259rdab-rayon-Heyd\u0259r-\u018fliyev-M\u0259rk\u0259zind\u025910.jpg\"><img loading=\"lazy\" decoding=\"async\" class=\"aligncenter size-large wp-image-14118\" alt=\"Z\u0259rdab rayon Heyd\u0259r \u018fliyev M\u0259rk\u0259zi\" src=\"http:\/\/www.zerdab.com\/wp-content\/uploads\/2014\/01\/Z\u0259rdab-rayon-Heyd\u0259r-\u018fliyev-M\u0259rk\u0259zind\u025910-550x412.jpg\" width=\"550\" height=\"412\" \/><\/a><a href=\"http:\/\/www.zerdab.com\/wp-content\/uploads\/2014\/01\/Z\u0259rdab-rayon-Heyd\u0259r-\u018fliyev-M\u0259rk\u0259zind\u02598.jpg\"><img loading=\"lazy\" decoding=\"async\" class=\"aligncenter size-large wp-image-14116\" alt=\"Z\u0259rdab rayon Heyd\u0259r \u018fliyev M\u0259rk\u0259zi\" src=\"http:\/\/www.zerdab.com\/wp-content\/uploads\/2014\/01\/Z\u0259rdab-rayon-Heyd\u0259r-\u018fliyev-M\u0259rk\u0259zind\u02598-550x412.jpg\" width=\"550\" height=\"412\" \/><\/a><a href=\"http:\/\/www.zerdab.com\/wp-content\/uploads\/2014\/01\/Z\u0259rdab-rayon-Heyd\u0259r-\u018fliyev-M\u0259rk\u0259zind\u02595.jpg\"><img loading=\"lazy\" decoding=\"async\" class=\"aligncenter size-large wp-image-14114\" alt=\"Z\u0259rdab rayon Heyd\u0259r \u018fliyev M\u0259rk\u0259zi\" src=\"http:\/\/www.zerdab.com\/wp-content\/uploads\/2014\/01\/Z\u0259rdab-rayon-Heyd\u0259r-\u018fliyev-M\u0259rk\u0259zind\u02595-550x412.jpg\" width=\"550\" height=\"412\" \/><\/a><a href=\"http:\/\/www.zerdab.com\/wp-content\/uploads\/2014\/01\/Z\u0259rdab-rayon-Heyd\u0259r-\u018fliyev-M\u0259rk\u0259zind\u02593.jpg\"><img loading=\"lazy\" decoding=\"async\" class=\"aligncenter size-large wp-image-14112\" alt=\"Z\u0259rdab rayon Heyd\u0259r \u018fliyev M\u0259rk\u0259zi\" src=\"http:\/\/www.zerdab.com\/wp-content\/uploads\/2014\/01\/Z\u0259rdab-rayon-Heyd\u0259r-\u018fliyev-M\u0259rk\u0259zind\u02593-550x412.jpg\" width=\"550\" height=\"412\" \/><\/a><a href=\"http:\/\/www.zerdab.com\/wp-content\/uploads\/2014\/01\/Z\u0259rdab-rayon-Heyd\u0259r-\u018fliyev-M\u0259rk\u0259zind\u02592.jpg\"><img loading=\"lazy\" decoding=\"async\" class=\"aligncenter size-large wp-image-14111\" alt=\"Z\u0259rdab rayon Heyd\u0259r \u018fliyev M\u0259rk\u0259zi\" src=\"http:\/\/www.zerdab.com\/wp-content\/uploads\/2014\/01\/Z\u0259rdab-rayon-Heyd\u0259r-\u018fliyev-M\u0259rk\u0259zind\u02592-550x412.jpg\" width=\"550\" height=\"412\" \/><\/a><a href=\"http:\/\/www.zerdab.com\/wp-content\/uploads\/2014\/01\/Z\u0259rdab-rayon-Heyd\u0259r-\u018fliyev-M\u0259rk\u0259zi.jpg\"><img loading=\"lazy\" decoding=\"async\" class=\"aligncenter size-large wp-image-14109\" alt=\"Z\u0259rdab rayon Heyd\u0259r \u018fliyev M\u0259rk\u0259zi\" src=\"http:\/\/www.zerdab.com\/wp-content\/uploads\/2014\/01\/Z\u0259rdab-rayon-Heyd\u0259r-\u018fliyev-M\u0259rk\u0259zi-550x412.jpg\" width=\"550\" height=\"412\" \/><\/a><a href=\"http:\/\/www.zerdab.com\/wp-content\/uploads\/2014\/01\/Z\u0259rdab-rayon-Heyd\u0259r-\u018fliyev-M\u0259rk\u0259zind\u0259121.jpg\"><img loading=\"lazy\" decoding=\"async\" class=\"aligncenter size-large wp-image-14108\" alt=\"Z\u0259rdab rayon Heyd\u0259r \u018fliyev M\u0259rk\u0259zi\" src=\"http:\/\/www.zerdab.com\/wp-content\/uploads\/2014\/01\/Z\u0259rdab-rayon-Heyd\u0259r-\u018fliyev-M\u0259rk\u0259zind\u0259121-550x412.jpg\" width=\"550\" height=\"412\" \/><\/a><br \/>\n<\/a><\/p>\n","protected":false},"excerpt":{"rendered":"<p>Z\u0259rdab rayon Heyd\u0259r \u018fliyev M\u0259rk\u0259zind\u0259 20 yanvar faci\u0259sinin 24-c\u00fc ild\u00f6n\u00fcm\u00fcn\u0259 h\u0259sr olunmu\u015f t\u0259dbir ke\u00e7irilib. Zerdab.com sayt\u0131na veril\u0259n m\u0259lumata g\u00f6r\u0259, \u0259vv\u0259lc\u0259 t\u0259dbir i\u015ftirak\u00e7\u0131lar\u0131 1990-c\u0131 ilin 20 yanvar hadis\u0259l\u0259rini \u0259ks etdir\u0259n fotos\u0259rgi il\u0259 tan\u0131\u015f olublar. \u015e\u0259hidl\u0259rin xatir\u0259si bir d\u0259qiq\u0259lik s\u00fckutla yad edilib.\u00a0T\u0259dbiri M\u0259rk\u0259zin direktoru K\u00f6n\u00fcl R\u0259himova a\u00e7araq 1990-c\u0131 ilin yanvar\u0131nda Sovet h\u0259rbi birl\u0259\u015fm\u0259l\u0259rinin Az\u0259rbaycan\u0131n m\u00fcst\u0259qilliyi v\u0259 azadl\u0131\u011f\u0131 [&hellip;]<\/p>\n","protected":false},"author":1,"featured_media":0,"comment_status":"open","ping_status":"open","sticky":false,"template":"","format":"standard","meta":{"footnotes":""},"categories":[5],"tags":[],"class_list":{"0":"post-14124","1":"post","2":"type-post","3":"status-publish","4":"format-standard","6":"category-knd"},"yoast_head":"<!-- This site is optimized with the Yoast SEO plugin v27.0 - https:\/\/yoast.com\/product\/yoast-seo-wordpress\/ -->\n<title>Z\u0259rdabda 20 yanvar \u015f\u0259hidl\u0259rinin xatir\u0259si yad edildi - Fotolar - Z\u0259rdab.com<\/title>\n<meta name=\"robots\" content=\"index, follow, max-snippet:-1, max-image-preview:large, max-video-preview:-1\" \/>\n<link rel=\"canonical\" href=\"https:\/\/www.zerdab.com\/?p=14124\" \/>\n<meta property=\"og:locale\" content=\"az_AZ\" \/>\n<meta property=\"og:type\" content=\"article\" \/>\n<meta property=\"og:title\" content=\"Z\u0259rdabda 20 yanvar \u015f\u0259hidl\u0259rinin xatir\u0259si yad edildi - Fotolar - Z\u0259rdab.com\" \/>\n<meta property=\"og:description\" content=\"Z\u0259rdab rayon Heyd\u0259r \u018fliyev M\u0259rk\u0259zind\u0259 20 yanvar faci\u0259sinin 24-c\u00fc ild\u00f6n\u00fcm\u00fcn\u0259 h\u0259sr olunmu\u015f t\u0259dbir ke\u00e7irilib. Zerdab.com sayt\u0131na veril\u0259n m\u0259lumata g\u00f6r\u0259, \u0259vv\u0259lc\u0259 t\u0259dbir i\u015ftirak\u00e7\u0131lar\u0131 1990-c\u0131 ilin 20 yanvar hadis\u0259l\u0259rini \u0259ks etdir\u0259n fotos\u0259rgi il\u0259 tan\u0131\u015f olublar. \u015e\u0259hidl\u0259rin xatir\u0259si bir d\u0259qiq\u0259lik s\u00fckutla yad edilib.\u00a0T\u0259dbiri M\u0259rk\u0259zin direktoru K\u00f6n\u00fcl R\u0259himova a\u00e7araq 1990-c\u0131 ilin yanvar\u0131nda Sovet h\u0259rbi birl\u0259\u015fm\u0259l\u0259rinin Az\u0259rbaycan\u0131n m\u00fcst\u0259qilliyi v\u0259 azadl\u0131\u011f\u0131 [&hellip;]\" \/>\n<meta property=\"og:url\" content=\"https:\/\/www.zerdab.com\/?p=14124\" \/>\n<meta property=\"og:site_name\" content=\"Z\u0259rdab.com\" \/>\n<meta property=\"article:published_time\" content=\"2014-01-17T09:05:58+00:00\" \/>\n<meta name=\"author\" content=\"admin\" \/>\n<meta name=\"twitter:card\" content=\"summary_large_image\" \/>\n<meta name=\"twitter:label1\" content=\"Written by\" \/>\n\t<meta name=\"twitter:data1\" content=\"admin\" \/>\n\t<meta name=\"twitter:label2\" content=\"Est. reading time\" \/>\n\t<meta name=\"twitter:data2\" content=\"1 minute\" \/>\n<script type=\"application\/ld+json\" class=\"yoast-schema-graph\">{\"@context\":\"https:\/\/schema.org\",\"@graph\":[{\"@type\":\"Article\",\"@id\":\"https:\/\/www.zerdab.com\/?p=14124#article\",\"isPartOf\":{\"@id\":\"https:\/\/www.zerdab.com\/?p=14124\"},\"author\":{\"name\":\"admin\",\"@id\":\"https:\/\/www.zerdab.com\/#\/schema\/person\/97079b7570c1e89ec0d9e138c3672136\"},\"headline\":\"Z\u0259rdabda 20 yanvar \u015f\u0259hidl\u0259rinin xatir\u0259si yad edildi &#8211; Fotolar\",\"datePublished\":\"2014-01-17T09:05:58+00:00\",\"mainEntityOfPage\":{\"@id\":\"https:\/\/www.zerdab.com\/?p=14124\"},\"wordCount\":309,\"commentCount\":0,\"articleSection\":[\"X\u018fB\u018fRL\u018fR\"],\"inLanguage\":\"az\",\"potentialAction\":[{\"@type\":\"CommentAction\",\"name\":\"Comment\",\"target\":[\"https:\/\/www.zerdab.com\/?p=14124#respond\"]}]},{\"@type\":\"WebPage\",\"@id\":\"https:\/\/www.zerdab.com\/?p=14124\",\"url\":\"https:\/\/www.zerdab.com\/?p=14124\",\"name\":\"Z\u0259rdabda 20 yanvar \u015f\u0259hidl\u0259rinin xatir\u0259si yad edildi - Fotolar - Z\u0259rdab.com\",\"isPartOf\":{\"@id\":\"https:\/\/www.zerdab.com\/#website\"},\"datePublished\":\"2014-01-17T09:05:58+00:00\",\"author\":{\"@id\":\"https:\/\/www.zerdab.com\/#\/schema\/person\/97079b7570c1e89ec0d9e138c3672136\"},\"breadcrumb\":{\"@id\":\"https:\/\/www.zerdab.com\/?p=14124#breadcrumb\"},\"inLanguage\":\"az\",\"potentialAction\":[{\"@type\":\"ReadAction\",\"target\":[\"https:\/\/www.zerdab.com\/?p=14124\"]}]},{\"@type\":\"BreadcrumbList\",\"@id\":\"https:\/\/www.zerdab.com\/?p=14124#breadcrumb\",\"itemListElement\":[{\"@type\":\"ListItem\",\"position\":1,\"name\":\"Home\",\"item\":\"https:\/\/www.zerdab.com\/\"},{\"@type\":\"ListItem\",\"position\":2,\"name\":\"Z\u0259rdabda 20 yanvar \u015f\u0259hidl\u0259rinin xatir\u0259si yad edildi &#8211; Fotolar\"}]},{\"@type\":\"WebSite\",\"@id\":\"https:\/\/www.zerdab.com\/#website\",\"url\":\"https:\/\/www.zerdab.com\/\",\"name\":\"Z\u0259rdab.com\",\"description\":\"\",\"potentialAction\":[{\"@type\":\"SearchAction\",\"target\":{\"@type\":\"EntryPoint\",\"urlTemplate\":\"https:\/\/www.zerdab.com\/?s={search_term_string}\"},\"query-input\":{\"@type\":\"PropertyValueSpecification\",\"valueRequired\":true,\"valueName\":\"search_term_string\"}}],\"inLanguage\":\"az\"},{\"@type\":\"Person\",\"@id\":\"https:\/\/www.zerdab.com\/#\/schema\/person\/97079b7570c1e89ec0d9e138c3672136\",\"name\":\"admin\",\"image\":{\"@type\":\"ImageObject\",\"inLanguage\":\"az\",\"@id\":\"https:\/\/www.zerdab.com\/#\/schema\/person\/image\/\",\"url\":\"https:\/\/secure.gravatar.com\/avatar\/d9c52a9a27c32119cb6679a077fa3e2779e5f822c451cbf01098004361d466ec?s=96&d=mm&r=g\",\"contentUrl\":\"https:\/\/secure.gravatar.com\/avatar\/d9c52a9a27c32119cb6679a077fa3e2779e5f822c451cbf01098004361d466ec?s=96&d=mm&r=g\",\"caption\":\"admin\"},\"url\":\"https:\/\/www.zerdab.com\/?author=1\"}]}<\/script>\n<!-- \/ Yoast SEO plugin. -->","yoast_head_json":{"title":"Z\u0259rdabda 20 yanvar \u015f\u0259hidl\u0259rinin xatir\u0259si yad edildi - Fotolar - Z\u0259rdab.com","robots":{"index":"index","follow":"follow","max-snippet":"max-snippet:-1","max-image-preview":"max-image-preview:large","max-video-preview":"max-video-preview:-1"},"canonical":"https:\/\/www.zerdab.com\/?p=14124","og_locale":"az_AZ","og_type":"article","og_title":"Z\u0259rdabda 20 yanvar \u015f\u0259hidl\u0259rinin xatir\u0259si yad edildi - Fotolar - Z\u0259rdab.com","og_description":"Z\u0259rdab rayon Heyd\u0259r \u018fliyev M\u0259rk\u0259zind\u0259 20 yanvar faci\u0259sinin 24-c\u00fc ild\u00f6n\u00fcm\u00fcn\u0259 h\u0259sr olunmu\u015f t\u0259dbir ke\u00e7irilib. Zerdab.com sayt\u0131na veril\u0259n m\u0259lumata g\u00f6r\u0259, \u0259vv\u0259lc\u0259 t\u0259dbir i\u015ftirak\u00e7\u0131lar\u0131 1990-c\u0131 ilin 20 yanvar hadis\u0259l\u0259rini \u0259ks etdir\u0259n fotos\u0259rgi il\u0259 tan\u0131\u015f olublar. \u015e\u0259hidl\u0259rin xatir\u0259si bir d\u0259qiq\u0259lik s\u00fckutla yad edilib.\u00a0T\u0259dbiri M\u0259rk\u0259zin direktoru K\u00f6n\u00fcl R\u0259himova a\u00e7araq 1990-c\u0131 ilin yanvar\u0131nda Sovet h\u0259rbi birl\u0259\u015fm\u0259l\u0259rinin Az\u0259rbaycan\u0131n m\u00fcst\u0259qilliyi v\u0259 azadl\u0131\u011f\u0131 [&hellip;]","og_url":"https:\/\/www.zerdab.com\/?p=14124","og_site_name":"Z\u0259rdab.com","article_published_time":"2014-01-17T09:05:58+00:00","author":"admin","twitter_card":"summary_large_image","twitter_misc":{"Written by":"admin","Est. reading time":"1 minute"},"schema":{"@context":"https:\/\/schema.org","@graph":[{"@type":"Article","@id":"https:\/\/www.zerdab.com\/?p=14124#article","isPartOf":{"@id":"https:\/\/www.zerdab.com\/?p=14124"},"author":{"name":"admin","@id":"https:\/\/www.zerdab.com\/#\/schema\/person\/97079b7570c1e89ec0d9e138c3672136"},"headline":"Z\u0259rdabda 20 yanvar \u015f\u0259hidl\u0259rinin xatir\u0259si yad edildi &#8211; Fotolar","datePublished":"2014-01-17T09:05:58+00:00","mainEntityOfPage":{"@id":"https:\/\/www.zerdab.com\/?p=14124"},"wordCount":309,"commentCount":0,"articleSection":["X\u018fB\u018fRL\u018fR"],"inLanguage":"az","potentialAction":[{"@type":"CommentAction","name":"Comment","target":["https:\/\/www.zerdab.com\/?p=14124#respond"]}]},{"@type":"WebPage","@id":"https:\/\/www.zerdab.com\/?p=14124","url":"https:\/\/www.zerdab.com\/?p=14124","name":"Z\u0259rdabda 20 yanvar \u015f\u0259hidl\u0259rinin xatir\u0259si yad edildi - Fotolar - Z\u0259rdab.com","isPartOf":{"@id":"https:\/\/www.zerdab.com\/#website"},"datePublished":"2014-01-17T09:05:58+00:00","author":{"@id":"https:\/\/www.zerdab.com\/#\/schema\/person\/97079b7570c1e89ec0d9e138c3672136"},"breadcrumb":{"@id":"https:\/\/www.zerdab.com\/?p=14124#breadcrumb"},"inLanguage":"az","potentialAction":[{"@type":"ReadAction","target":["https:\/\/www.zerdab.com\/?p=14124"]}]},{"@type":"BreadcrumbList","@id":"https:\/\/www.zerdab.com\/?p=14124#breadcrumb","itemListElement":[{"@type":"ListItem","position":1,"name":"Home","item":"https:\/\/www.zerdab.com\/"},{"@type":"ListItem","position":2,"name":"Z\u0259rdabda 20 yanvar \u015f\u0259hidl\u0259rinin xatir\u0259si yad edildi &#8211; Fotolar"}]},{"@type":"WebSite","@id":"https:\/\/www.zerdab.com\/#website","url":"https:\/\/www.zerdab.com\/","name":"Z\u0259rdab.com","description":"","potentialAction":[{"@type":"SearchAction","target":{"@type":"EntryPoint","urlTemplate":"https:\/\/www.zerdab.com\/?s={search_term_string}"},"query-input":{"@type":"PropertyValueSpecification","valueRequired":true,"valueName":"search_term_string"}}],"inLanguage":"az"},{"@type":"Person","@id":"https:\/\/www.zerdab.com\/#\/schema\/person\/97079b7570c1e89ec0d9e138c3672136","name":"admin","image":{"@type":"ImageObject","inLanguage":"az","@id":"https:\/\/www.zerdab.com\/#\/schema\/person\/image\/","url":"https:\/\/secure.gravatar.com\/avatar\/d9c52a9a27c32119cb6679a077fa3e2779e5f822c451cbf01098004361d466ec?s=96&d=mm&r=g","contentUrl":"https:\/\/secure.gravatar.com\/avatar\/d9c52a9a27c32119cb6679a077fa3e2779e5f822c451cbf01098004361d466ec?s=96&d=mm&r=g","caption":"admin"},"url":"https:\/\/www.zerdab.com\/?author=1"}]}},"_links":{"self":[{"href":"https:\/\/www.zerdab.com\/index.php?rest_route=\/wp\/v2\/posts\/14124","targetHints":{"allow":["GET"]}}],"collection":[{"href":"https:\/\/www.zerdab.com\/index.php?rest_route=\/wp\/v2\/posts"}],"about":[{"href":"https:\/\/www.zerdab.com\/index.php?rest_route=\/wp\/v2\/types\/post"}],"author":[{"embeddable":true,"href":"https:\/\/www.zerdab.com\/index.php?rest_route=\/wp\/v2\/users\/1"}],"replies":[{"embeddable":true,"href":"https:\/\/www.zerdab.com\/index.php?rest_route=%2Fwp%2Fv2%2Fcomments&post=14124"}],"version-history":[{"count":2,"href":"https:\/\/www.zerdab.com\/index.php?rest_route=\/wp\/v2\/posts\/14124\/revisions"}],"predecessor-version":[{"id":14126,"href":"https:\/\/www.zerdab.com\/index.php?rest_route=\/wp\/v2\/posts\/14124\/revisions\/14126"}],"wp:attachment":[{"href":"https:\/\/www.zerdab.com\/index.php?rest_route=%2Fwp%2Fv2%2Fmedia&parent=14124"}],"wp:term":[{"taxonomy":"category","embeddable":true,"href":"https:\/\/www.zerdab.com\/index.php?rest_route=%2Fwp%2Fv2%2Fcategories&post=14124"},{"taxonomy":"post_tag","embeddable":true,"href":"https:\/\/www.zerdab.com\/index.php?rest_route=%2Fwp%2Fv2%2Ftags&post=14124"}],"curies":[{"name":"wp","href":"https:\/\/api.w.org\/{rel}","templated":true}]}}