{"id":14127,"date":"2014-01-17T15:09:03","date_gmt":"2014-01-17T11:09:03","guid":{"rendered":"http:\/\/www.zerdab.com\/?p=14127"},"modified":"2014-01-17T15:09:44","modified_gmt":"2014-01-17T11:09:44","slug":"z%c9%99rdab-rayon-m%c9%99rk%c9%99zi-kitabxanasinda-anim-t%c9%99dbiri","status":"publish","type":"post","link":"https:\/\/www.zerdab.com\/?p=14127","title":{"rendered":"Z\u0259rdab rayon M\u0259rk\u0259zi Kitabxanas\u0131nda an\u0131m t\u0259dbiri"},"content":{"rendered":"<p><a href=\"http:\/\/www.zerdab.com\/wp-content\/uploads\/2014\/01\/DSC_0031.jpg\"><img loading=\"lazy\" decoding=\"async\" class=\"aligncenter size-large wp-image-14128\" alt=\"Z\u0259rdab rayon M\u0259rk\u0259zi Kitabxanas\u0131\" src=\"http:\/\/www.zerdab.com\/wp-content\/uploads\/2014\/01\/DSC_0031-550x412.jpg\" width=\"550\" height=\"412\" \/><\/a>Z\u0259rdab rayon M\u0259rk\u0259zi Kitabxanas\u0131nda 20 yanvar faci\u0259sinin 24-c\u00fc ild\u00f6n\u00fcm\u00fcn\u0259 h\u0259sr olunmu\u015f \u201c\u015e\u0259hidlik-\u00f6lm\u0259zlik, q\u0259hr\u0259manl\u0131q zirv\u0259si\u201d adl\u0131 \u0259d\u0259bi-b\u0259dii kompozisiya ke\u00e7irilib. \u018fvv\u0259lc\u0259 Az\u0259rbaycan Respublikas\u0131n\u0131n D\u00f6vl\u0259t Himni s\u0259sl\u0259ndirilmi\u015f v\u0259 \u015f\u0259hidl\u0259rin\u00a0 xatir\u0259si\u00a0 bir d\u0259qiq\u0259lik s\u00fckutla yad edilib. Zerdab.com sayt\u0131na veril\u0259n x\u0259b\u0259r\u0259 g\u00f6r\u0259, t\u0259dbiri M\u0259rk\u0259zl\u0259\u015fdirilmi\u015f Kitabxana Sisteminin direktoru Nail\u0259 \u018fliyeva a\u00e7araq tarixi ke\u00e7mi\u015fi yada sald\u0131. Bildirdi ki, 20 Yanvar Az\u0259rbaycan tarixind\u0259 qanla yaz\u0131lm\u0131\u015f bir s\u0259hif\u0259dir, ancaq o, t\u0259kc\u0259 faci\u0259 deyil. Bu tarix Az\u0259rbaycan\u0131n istiqlal yolunun ilk zirv\u0259si, milli m\u0259fkur\u0259mizin azadl\u0131q ist\u0259yinin oyan\u0131\u015f g\u00fcn\u00fc idi. Bu, uzun ill\u0259r Sovet \u0130mperiyas\u0131n\u0131n \u0259sar\u0259tind\u0259 ya\u015fayan xalq\u0131n azadl\u0131q s\u0259sini ucaltd\u0131\u011f\u0131, \u00f6z suverenliyi u\u011frunda c\u0259sar\u0259t n\u00fcmayi\u015f etdirdiyi \u015f\u0259r\u0259fli bir tarixdir. Bu tarix h\u0259m d\u0259 kimin kim oldu\u011funu s\u00fcbut ed\u0259n n\u00f6vb\u0259ti imtahan idi. 20 yanvar faci\u0259sinin i\u015ftirak\u00e7\u0131lar\u0131n\u0131n if\u015fa olunmas\u0131 v\u0259 bu hadis\u0259y\u0259 h\u00fcquqi qiym\u0259tin verilm\u0259sind\u0259 \u00dcmummilli lider Heyd\u0259r \u018fliyevin tarixi q\u0259rarlar\u0131n\u0131 diqq\u0259t\u0259 \u00e7atd\u0131ran natiq d\u00fcnya ictimaiyy\u0259tinin m\u0259lumatland\u0131r\u0131lmas\u0131na da toxundu.<\/p>\n<p>T\u0259dbird\u0259 \u015f\u0259hid ail\u0259si, \u015f\u0259h\u0259r 2 n\u00f6mr\u0259li tam orta m\u0259kt\u0259bin m\u00fc\u0259llim\u0259si Nahid\u0259 B\u0259kirova, \u015f\u0259hid bac\u0131s\u0131 M\u0259rk\u0259zi Kitabxanan\u0131n \u0259m\u0259kda\u015f\u0131 Ofeliya Osmanova \u00e7\u0131x\u0131\u015f ed\u0259r\u0259k xalq\u0131m\u0131z\u0131n h\u0259r il 20 Yanvar hadis\u0259l\u0259rinin ild\u00f6n\u00fcm\u00fcn\u00fc qeyd etdiyini, igid \u00f6vladlar\u0131n\u0131n f\u0259dakarl\u0131\u011f\u0131n\u0131 m\u0259h\u0259bb\u0259tl\u0259 xat\u0131rlad\u0131\u011f\u0131n\u0131, onlar\u0131n \u0259ziz xatir\u0259sini b\u00f6y\u00fck ehtiramla yad etdiyini vur\u011fulad\u0131lar. Bildirdil\u0259r ki, bu q\u0259dirbil\u0259nlik h\u0259m d\u0259 o dem\u0259kdir ki, az ke\u00e7m\u0259y\u0259c\u0259k Qaraba\u011fda da eyni m\u0259tinlikl\u0259 Q\u0259l\u0259b\u0259 qazanaca\u011f\u0131q. Bu q\u0259l\u0259b\u0259y\u0259 h\u0259m d\u0259 Az\u0259rbaycan\u0131n bug\u00fcnk\u00fc h\u0259rt\u0259r\u0259fli u\u011furlar\u0131, b\u00fct\u00fcn d\u00fcnyada g\u00fcnd\u0259n-g\u00fcn\u0259 artan n\u00fcfuzu, D\u00f6vl\u0259t Ba\u015f\u00e7\u0131m\u0131z, Ali Ba\u015f Komandan, Prezident \u0130lham \u018fliyevin bu istiqam\u0259td\u0259 q\u0259tiyy\u0259tli add\u0131mlar\u0131 da z\u0259man\u0259t verir.<\/p>\n<p>Daha sonra \u015f\u0259h\u0259r 3 n\u00f6mr\u0259li tam orta m\u0259kt\u0259bin \u015fagirdl\u0259rinin\u00a0 haz\u0131rlad\u0131qlar\u0131 kompozisiya n\u00fcmayi\u015f etdirildi.\u00a0<b><\/b><\/p>\n<p>Zerdab.com<\/p>\n","protected":false},"excerpt":{"rendered":"<p>Z\u0259rdab rayon M\u0259rk\u0259zi Kitabxanas\u0131nda 20 yanvar faci\u0259sinin 24-c\u00fc ild\u00f6n\u00fcm\u00fcn\u0259 h\u0259sr olunmu\u015f \u201c\u015e\u0259hidlik-\u00f6lm\u0259zlik, q\u0259hr\u0259manl\u0131q zirv\u0259si\u201d adl\u0131 \u0259d\u0259bi-b\u0259dii kompozisiya ke\u00e7irilib. \u018fvv\u0259lc\u0259 Az\u0259rbaycan Respublikas\u0131n\u0131n D\u00f6vl\u0259t Himni s\u0259sl\u0259ndirilmi\u015f v\u0259 \u015f\u0259hidl\u0259rin\u00a0 xatir\u0259si\u00a0 bir d\u0259qiq\u0259lik s\u00fckutla yad edilib. Zerdab.com sayt\u0131na veril\u0259n x\u0259b\u0259r\u0259 g\u00f6r\u0259, t\u0259dbiri M\u0259rk\u0259zl\u0259\u015fdirilmi\u015f Kitabxana Sisteminin direktoru Nail\u0259 \u018fliyeva a\u00e7araq tarixi ke\u00e7mi\u015fi yada sald\u0131. Bildirdi ki, 20 Yanvar Az\u0259rbaycan tarixind\u0259 [&hellip;]<\/p>\n","protected":false},"author":1,"featured_media":0,"comment_status":"open","ping_status":"open","sticky":false,"template":"","format":"standard","meta":{"footnotes":""},"categories":[21],"tags":[],"class_list":{"0":"post-14127","1":"post","2":"type-post","3":"status-publish","4":"format-standard","6":"category-zrdab"},"yoast_head":"<!-- This site is optimized with the Yoast SEO plugin v27.0 - https:\/\/yoast.com\/product\/yoast-seo-wordpress\/ -->\n<title>Z\u0259rdab rayon M\u0259rk\u0259zi Kitabxanas\u0131nda an\u0131m t\u0259dbiri  - Z\u0259rdab.com<\/title>\n<meta name=\"robots\" content=\"index, follow, max-snippet:-1, max-image-preview:large, max-video-preview:-1\" \/>\n<link rel=\"canonical\" href=\"https:\/\/www.zerdab.com\/?p=14127\" \/>\n<meta property=\"og:locale\" content=\"az_AZ\" \/>\n<meta property=\"og:type\" content=\"article\" \/>\n<meta property=\"og:title\" content=\"Z\u0259rdab rayon M\u0259rk\u0259zi Kitabxanas\u0131nda an\u0131m t\u0259dbiri  - Z\u0259rdab.com\" \/>\n<meta property=\"og:description\" content=\"Z\u0259rdab rayon M\u0259rk\u0259zi Kitabxanas\u0131nda 20 yanvar faci\u0259sinin 24-c\u00fc ild\u00f6n\u00fcm\u00fcn\u0259 h\u0259sr olunmu\u015f \u201c\u015e\u0259hidlik-\u00f6lm\u0259zlik, q\u0259hr\u0259manl\u0131q zirv\u0259si\u201d adl\u0131 \u0259d\u0259bi-b\u0259dii kompozisiya ke\u00e7irilib. \u018fvv\u0259lc\u0259 Az\u0259rbaycan Respublikas\u0131n\u0131n D\u00f6vl\u0259t Himni s\u0259sl\u0259ndirilmi\u015f v\u0259 \u015f\u0259hidl\u0259rin\u00a0 xatir\u0259si\u00a0 bir d\u0259qiq\u0259lik s\u00fckutla yad edilib. Zerdab.com sayt\u0131na veril\u0259n x\u0259b\u0259r\u0259 g\u00f6r\u0259, t\u0259dbiri M\u0259rk\u0259zl\u0259\u015fdirilmi\u015f Kitabxana Sisteminin direktoru Nail\u0259 \u018fliyeva a\u00e7araq tarixi ke\u00e7mi\u015fi yada sald\u0131. Bildirdi ki, 20 Yanvar Az\u0259rbaycan tarixind\u0259 [&hellip;]\" \/>\n<meta property=\"og:url\" content=\"https:\/\/www.zerdab.com\/?p=14127\" \/>\n<meta property=\"og:site_name\" content=\"Z\u0259rdab.com\" \/>\n<meta property=\"article:published_time\" content=\"2014-01-17T11:09:03+00:00\" \/>\n<meta property=\"article:modified_time\" content=\"2014-01-17T11:09:44+00:00\" \/>\n<meta property=\"og:image\" content=\"http:\/\/www.zerdab.com\/wp-content\/uploads\/2014\/01\/DSC_0031-550x412.jpg\" \/>\n<meta name=\"author\" content=\"admin\" \/>\n<meta name=\"twitter:card\" content=\"summary_large_image\" \/>\n<meta name=\"twitter:label1\" content=\"Written by\" \/>\n\t<meta name=\"twitter:data1\" content=\"admin\" \/>\n\t<meta name=\"twitter:label2\" content=\"Est. reading time\" \/>\n\t<meta name=\"twitter:data2\" content=\"2 minutes\" \/>\n<script type=\"application\/ld+json\" class=\"yoast-schema-graph\">{\"@context\":\"https:\/\/schema.org\",\"@graph\":[{\"@type\":\"Article\",\"@id\":\"https:\/\/www.zerdab.com\/?p=14127#article\",\"isPartOf\":{\"@id\":\"https:\/\/www.zerdab.com\/?p=14127\"},\"author\":{\"name\":\"admin\",\"@id\":\"https:\/\/www.zerdab.com\/#\/schema\/person\/97079b7570c1e89ec0d9e138c3672136\"},\"headline\":\"Z\u0259rdab rayon M\u0259rk\u0259zi Kitabxanas\u0131nda an\u0131m t\u0259dbiri\",\"datePublished\":\"2014-01-17T11:09:03+00:00\",\"dateModified\":\"2014-01-17T11:09:44+00:00\",\"mainEntityOfPage\":{\"@id\":\"https:\/\/www.zerdab.com\/?p=14127\"},\"wordCount\":434,\"commentCount\":3,\"image\":{\"@id\":\"https:\/\/www.zerdab.com\/?p=14127#primaryimage\"},\"thumbnailUrl\":\"http:\/\/www.zerdab.com\/wp-content\/uploads\/2014\/01\/DSC_0031-550x412.jpg\",\"articleSection\":[\"C\u018fM\u0130YY\u018fT\"],\"inLanguage\":\"az\",\"potentialAction\":[{\"@type\":\"CommentAction\",\"name\":\"Comment\",\"target\":[\"https:\/\/www.zerdab.com\/?p=14127#respond\"]}]},{\"@type\":\"WebPage\",\"@id\":\"https:\/\/www.zerdab.com\/?p=14127\",\"url\":\"https:\/\/www.zerdab.com\/?p=14127\",\"name\":\"Z\u0259rdab rayon M\u0259rk\u0259zi Kitabxanas\u0131nda an\u0131m t\u0259dbiri - Z\u0259rdab.com\",\"isPartOf\":{\"@id\":\"https:\/\/www.zerdab.com\/#website\"},\"primaryImageOfPage\":{\"@id\":\"https:\/\/www.zerdab.com\/?p=14127#primaryimage\"},\"image\":{\"@id\":\"https:\/\/www.zerdab.com\/?p=14127#primaryimage\"},\"thumbnailUrl\":\"http:\/\/www.zerdab.com\/wp-content\/uploads\/2014\/01\/DSC_0031-550x412.jpg\",\"datePublished\":\"2014-01-17T11:09:03+00:00\",\"dateModified\":\"2014-01-17T11:09:44+00:00\",\"author\":{\"@id\":\"https:\/\/www.zerdab.com\/#\/schema\/person\/97079b7570c1e89ec0d9e138c3672136\"},\"breadcrumb\":{\"@id\":\"https:\/\/www.zerdab.com\/?p=14127#breadcrumb\"},\"inLanguage\":\"az\",\"potentialAction\":[{\"@type\":\"ReadAction\",\"target\":[\"https:\/\/www.zerdab.com\/?p=14127\"]}]},{\"@type\":\"ImageObject\",\"inLanguage\":\"az\",\"@id\":\"https:\/\/www.zerdab.com\/?p=14127#primaryimage\",\"url\":\"\",\"contentUrl\":\"\"},{\"@type\":\"BreadcrumbList\",\"@id\":\"https:\/\/www.zerdab.com\/?p=14127#breadcrumb\",\"itemListElement\":[{\"@type\":\"ListItem\",\"position\":1,\"name\":\"Home\",\"item\":\"https:\/\/www.zerdab.com\/\"},{\"@type\":\"ListItem\",\"position\":2,\"name\":\"Z\u0259rdab rayon M\u0259rk\u0259zi Kitabxanas\u0131nda an\u0131m t\u0259dbiri\"}]},{\"@type\":\"WebSite\",\"@id\":\"https:\/\/www.zerdab.com\/#website\",\"url\":\"https:\/\/www.zerdab.com\/\",\"name\":\"Z\u0259rdab.com\",\"description\":\"\",\"potentialAction\":[{\"@type\":\"SearchAction\",\"target\":{\"@type\":\"EntryPoint\",\"urlTemplate\":\"https:\/\/www.zerdab.com\/?s={search_term_string}\"},\"query-input\":{\"@type\":\"PropertyValueSpecification\",\"valueRequired\":true,\"valueName\":\"search_term_string\"}}],\"inLanguage\":\"az\"},{\"@type\":\"Person\",\"@id\":\"https:\/\/www.zerdab.com\/#\/schema\/person\/97079b7570c1e89ec0d9e138c3672136\",\"name\":\"admin\",\"image\":{\"@type\":\"ImageObject\",\"inLanguage\":\"az\",\"@id\":\"https:\/\/www.zerdab.com\/#\/schema\/person\/image\/\",\"url\":\"https:\/\/secure.gravatar.com\/avatar\/d9c52a9a27c32119cb6679a077fa3e2779e5f822c451cbf01098004361d466ec?s=96&d=mm&r=g\",\"contentUrl\":\"https:\/\/secure.gravatar.com\/avatar\/d9c52a9a27c32119cb6679a077fa3e2779e5f822c451cbf01098004361d466ec?s=96&d=mm&r=g\",\"caption\":\"admin\"},\"url\":\"https:\/\/www.zerdab.com\/?author=1\"}]}<\/script>\n<!-- \/ Yoast SEO plugin. -->","yoast_head_json":{"title":"Z\u0259rdab rayon M\u0259rk\u0259zi Kitabxanas\u0131nda an\u0131m t\u0259dbiri  - Z\u0259rdab.com","robots":{"index":"index","follow":"follow","max-snippet":"max-snippet:-1","max-image-preview":"max-image-preview:large","max-video-preview":"max-video-preview:-1"},"canonical":"https:\/\/www.zerdab.com\/?p=14127","og_locale":"az_AZ","og_type":"article","og_title":"Z\u0259rdab rayon M\u0259rk\u0259zi Kitabxanas\u0131nda an\u0131m t\u0259dbiri  - Z\u0259rdab.com","og_description":"Z\u0259rdab rayon M\u0259rk\u0259zi Kitabxanas\u0131nda 20 yanvar faci\u0259sinin 24-c\u00fc ild\u00f6n\u00fcm\u00fcn\u0259 h\u0259sr olunmu\u015f \u201c\u015e\u0259hidlik-\u00f6lm\u0259zlik, q\u0259hr\u0259manl\u0131q zirv\u0259si\u201d adl\u0131 \u0259d\u0259bi-b\u0259dii kompozisiya ke\u00e7irilib. \u018fvv\u0259lc\u0259 Az\u0259rbaycan Respublikas\u0131n\u0131n D\u00f6vl\u0259t Himni s\u0259sl\u0259ndirilmi\u015f v\u0259 \u015f\u0259hidl\u0259rin\u00a0 xatir\u0259si\u00a0 bir d\u0259qiq\u0259lik s\u00fckutla yad edilib. Zerdab.com sayt\u0131na veril\u0259n x\u0259b\u0259r\u0259 g\u00f6r\u0259, t\u0259dbiri M\u0259rk\u0259zl\u0259\u015fdirilmi\u015f Kitabxana Sisteminin direktoru Nail\u0259 \u018fliyeva a\u00e7araq tarixi ke\u00e7mi\u015fi yada sald\u0131. Bildirdi ki, 20 Yanvar Az\u0259rbaycan tarixind\u0259 [&hellip;]","og_url":"https:\/\/www.zerdab.com\/?p=14127","og_site_name":"Z\u0259rdab.com","article_published_time":"2014-01-17T11:09:03+00:00","article_modified_time":"2014-01-17T11:09:44+00:00","og_image":[{"url":"http:\/\/www.zerdab.com\/wp-content\/uploads\/2014\/01\/DSC_0031-550x412.jpg","type":"","width":"","height":""}],"author":"admin","twitter_card":"summary_large_image","twitter_misc":{"Written by":"admin","Est. reading time":"2 minutes"},"schema":{"@context":"https:\/\/schema.org","@graph":[{"@type":"Article","@id":"https:\/\/www.zerdab.com\/?p=14127#article","isPartOf":{"@id":"https:\/\/www.zerdab.com\/?p=14127"},"author":{"name":"admin","@id":"https:\/\/www.zerdab.com\/#\/schema\/person\/97079b7570c1e89ec0d9e138c3672136"},"headline":"Z\u0259rdab rayon M\u0259rk\u0259zi Kitabxanas\u0131nda an\u0131m t\u0259dbiri","datePublished":"2014-01-17T11:09:03+00:00","dateModified":"2014-01-17T11:09:44+00:00","mainEntityOfPage":{"@id":"https:\/\/www.zerdab.com\/?p=14127"},"wordCount":434,"commentCount":3,"image":{"@id":"https:\/\/www.zerdab.com\/?p=14127#primaryimage"},"thumbnailUrl":"http:\/\/www.zerdab.com\/wp-content\/uploads\/2014\/01\/DSC_0031-550x412.jpg","articleSection":["C\u018fM\u0130YY\u018fT"],"inLanguage":"az","potentialAction":[{"@type":"CommentAction","name":"Comment","target":["https:\/\/www.zerdab.com\/?p=14127#respond"]}]},{"@type":"WebPage","@id":"https:\/\/www.zerdab.com\/?p=14127","url":"https:\/\/www.zerdab.com\/?p=14127","name":"Z\u0259rdab rayon M\u0259rk\u0259zi Kitabxanas\u0131nda an\u0131m t\u0259dbiri - Z\u0259rdab.com","isPartOf":{"@id":"https:\/\/www.zerdab.com\/#website"},"primaryImageOfPage":{"@id":"https:\/\/www.zerdab.com\/?p=14127#primaryimage"},"image":{"@id":"https:\/\/www.zerdab.com\/?p=14127#primaryimage"},"thumbnailUrl":"http:\/\/www.zerdab.com\/wp-content\/uploads\/2014\/01\/DSC_0031-550x412.jpg","datePublished":"2014-01-17T11:09:03+00:00","dateModified":"2014-01-17T11:09:44+00:00","author":{"@id":"https:\/\/www.zerdab.com\/#\/schema\/person\/97079b7570c1e89ec0d9e138c3672136"},"breadcrumb":{"@id":"https:\/\/www.zerdab.com\/?p=14127#breadcrumb"},"inLanguage":"az","potentialAction":[{"@type":"ReadAction","target":["https:\/\/www.zerdab.com\/?p=14127"]}]},{"@type":"ImageObject","inLanguage":"az","@id":"https:\/\/www.zerdab.com\/?p=14127#primaryimage","url":"","contentUrl":""},{"@type":"BreadcrumbList","@id":"https:\/\/www.zerdab.com\/?p=14127#breadcrumb","itemListElement":[{"@type":"ListItem","position":1,"name":"Home","item":"https:\/\/www.zerdab.com\/"},{"@type":"ListItem","position":2,"name":"Z\u0259rdab rayon M\u0259rk\u0259zi Kitabxanas\u0131nda an\u0131m t\u0259dbiri"}]},{"@type":"WebSite","@id":"https:\/\/www.zerdab.com\/#website","url":"https:\/\/www.zerdab.com\/","name":"Z\u0259rdab.com","description":"","potentialAction":[{"@type":"SearchAction","target":{"@type":"EntryPoint","urlTemplate":"https:\/\/www.zerdab.com\/?s={search_term_string}"},"query-input":{"@type":"PropertyValueSpecification","valueRequired":true,"valueName":"search_term_string"}}],"inLanguage":"az"},{"@type":"Person","@id":"https:\/\/www.zerdab.com\/#\/schema\/person\/97079b7570c1e89ec0d9e138c3672136","name":"admin","image":{"@type":"ImageObject","inLanguage":"az","@id":"https:\/\/www.zerdab.com\/#\/schema\/person\/image\/","url":"https:\/\/secure.gravatar.com\/avatar\/d9c52a9a27c32119cb6679a077fa3e2779e5f822c451cbf01098004361d466ec?s=96&d=mm&r=g","contentUrl":"https:\/\/secure.gravatar.com\/avatar\/d9c52a9a27c32119cb6679a077fa3e2779e5f822c451cbf01098004361d466ec?s=96&d=mm&r=g","caption":"admin"},"url":"https:\/\/www.zerdab.com\/?author=1"}]}},"_links":{"self":[{"href":"https:\/\/www.zerdab.com\/index.php?rest_route=\/wp\/v2\/posts\/14127","targetHints":{"allow":["GET"]}}],"collection":[{"href":"https:\/\/www.zerdab.com\/index.php?rest_route=\/wp\/v2\/posts"}],"about":[{"href":"https:\/\/www.zerdab.com\/index.php?rest_route=\/wp\/v2\/types\/post"}],"author":[{"embeddable":true,"href":"https:\/\/www.zerdab.com\/index.php?rest_route=\/wp\/v2\/users\/1"}],"replies":[{"embeddable":true,"href":"https:\/\/www.zerdab.com\/index.php?rest_route=%2Fwp%2Fv2%2Fcomments&post=14127"}],"version-history":[{"count":2,"href":"https:\/\/www.zerdab.com\/index.php?rest_route=\/wp\/v2\/posts\/14127\/revisions"}],"predecessor-version":[{"id":14130,"href":"https:\/\/www.zerdab.com\/index.php?rest_route=\/wp\/v2\/posts\/14127\/revisions\/14130"}],"wp:attachment":[{"href":"https:\/\/www.zerdab.com\/index.php?rest_route=%2Fwp%2Fv2%2Fmedia&parent=14127"}],"wp:term":[{"taxonomy":"category","embeddable":true,"href":"https:\/\/www.zerdab.com\/index.php?rest_route=%2Fwp%2Fv2%2Fcategories&post=14127"},{"taxonomy":"post_tag","embeddable":true,"href":"https:\/\/www.zerdab.com\/index.php?rest_route=%2Fwp%2Fv2%2Ftags&post=14127"}],"curies":[{"name":"wp","href":"https:\/\/api.w.org\/{rel}","templated":true}]}}