{"id":14182,"date":"2014-01-20T08:17:05","date_gmt":"2014-01-20T04:17:05","guid":{"rendered":"http:\/\/www.zerdab.com\/?p=14182"},"modified":"2014-01-19T23:06:45","modified_gmt":"2014-01-19T19:06:45","slug":"h%c9%99myerlimiz-haqverdi-m%c9%99mm%c9%99dovun-s%c9%99hid-olmasindan-20-il-otur","status":"publish","type":"post","link":"https:\/\/www.zerdab.com\/?p=14182","title":{"rendered":"H\u0259myerlimiz Haqverdi M\u0259mm\u0259dovun \u015f\u0259hid olmas\u0131ndan 20 il \u00f6t\u00fcr"},"content":{"rendered":"<p><strong><a href=\"http:\/\/www.zerdab.com\/wp-content\/uploads\/2013\/08\/Qaraba\u011f-m\u00fcharib\u0259si1.jpg\"><img loading=\"lazy\" decoding=\"async\" class=\"aligncenter size-large wp-image-11695\" alt=\"Qaraba\u011f m\u00fcharib\u0259si\" src=\"http:\/\/www.zerdab.com\/wp-content\/uploads\/2013\/08\/Qaraba\u011f-m\u00fcharib\u0259si1-550x377.jpg\" width=\"550\" height=\"377\" \/><\/a>Bu ilin yanvar ay\u0131nda h\u0259myerlimiz M\u0259mm\u0259dov Haqverdi F\u0259xr\u0259ddin o\u011flunun \u015f\u0259hid oldu\u011fu vaxtdan 20 il ke\u00e7ir.<\/strong><\/p>\n<p><strong>\u00a03 ayl\u0131q evlilik h\u0259yat\u0131na \u015e\u00fck\u00fcrb\u0259yli k\u0259ndi u\u011frunda ged\u0259n d\u00f6y\u00fc\u015fl\u0259rd\u0259 son qoyuldu.<\/strong><\/p>\n<p>Bu g\u00fcnl\u0259r ac\u0131s\u0131n\u0131 yenid\u0259n ya\u015fad\u0131\u011f\u0131m\u0131z 20 Yanvar faci\u0259si v\u0259 Az\u0259rbaycan tarixind\u0259 ondan \u0259vv\u0259lki faci\u0259li hadis\u0259l\u0259r XX \u0259sr boyu xalq\u0131m\u0131za qar\u015f\u0131 yeridil\u0259n d\u00fc\u015f\u00fcn\u00fclm\u00fc\u015f siyas\u0259tin n\u00f6vb\u0259ti t\u0259zah\u00fcr\u00fc idi. Az\u0259rbaycan xalq\u0131na qar\u015f\u0131 soyq\u0131r\u0131m\u0131, sovet hakimiyy\u0259ti ill\u0259rind\u0259 Az\u0259rbaycan \u0259razil\u0259rinin t\u0259dric\u0259n ilhaq olunmas\u0131, n\u0259tic\u0259d\u0259 \u00f6lk\u0259nin \u0259razisinin 125 min kvadratkilometrd\u0259n 87 min kvadratkilometr\u0259d\u0259k azalmas\u0131, sovet r\u0259hb\u0259rliyinin havadarl\u0131\u011f\u0131 il\u0259 ba\u015flanan Da\u011fl\u0131q Qaraba\u011f hadis\u0259l\u0259ri, Az\u0259rbaycanl\u0131lar\u0131n erm\u0259nistan \u0259razisind\u0259ki \u0259z\u0259li torpaqlar\u0131ndan qovulmas\u0131 bu siyas\u0259tin m\u0259rh\u0259l\u0259l\u0259ridir.<\/p>\n<p>Da\u011fl\u0131q Qaraba\u011f hadis\u0259l\u0259ri v\u0259 Az\u0259rbaycanl\u0131lar\u0131n erm\u0259nistan \u0259razisind\u0259ki \u0259z\u0259li torpaqlar\u0131ndan qovulmas\u0131 O\u011fullar\u0131m\u0131z\u0131n yenid\u0259n silaha sar\u0131lmas\u0131na g\u00fccl\u00fc bir t\u0259kan oldu. \u0130gidl\u0259rimiz canlar\u0131 bahas\u0131na m\u00fcharib\u0259 meydan\u0131na at\u0131ld\u0131. H\u0259myerlimiz M\u0259mm\u0259dov Haqverdi F\u0259xr\u0259ddin o\u011flu da bel\u0259 bir vaxtda &#8211; 1993-c\u00fc ild\u0259 F\u00fczuliy\u0259-d\u00f6y\u00fc\u015f zonas\u0131na yola d\u00fc\u015fd\u00fc.<\/p>\n<p>M\u0259mm\u0259dov Haqverdi 1970-ci ild\u0259 Z\u0259rdab rayonunun Yuxar\u0131 Seyidl\u0259r k\u0259ndind\u0259 anadan olub. 17 ya\u015f\u0131nda Yuxar\u0131 Seyidl\u0259r k\u0259nd orta m\u0259kt\u0259bini bitirib. 1988-90-c\u0131 ill\u0259rd\u0259 Sovet Ordusunda xidm\u0259t edib. Daha sonra kolxozda i\u015fl\u0259m\u0259y\u0259 ba\u015flam\u0131\u015fd\u0131. Az\u0259rbaycanl\u0131lar\u0131n Erm\u0259nistan \u0259razisind\u0259ki \u0259z\u0259li torpaqlar\u0131ndan qovulmas\u0131 onu silaha sar\u0131lma\u011fa, do\u011fma torpa\u011f\u0131n m\u00fcdafi\u0259sin\u0259 qalxma\u011fa vadar etdi.<\/p>\n<p>Haqverdi d\u00f6y\u00fc\u015fl\u0259rd\u0259 b\u00fct\u00fcn g\u00fcc\u00fc il\u0259, m\u0259rdlikl\u0259, bacar\u0131qla vuru\u015furdu. Ana V\u0259t\u0259nin, do\u011fma elin-oban\u0131n, \u0259zizl\u0259rinin-x\u00fcsusil\u0259 c\u0259misi 3 ay \u0259vv\u0259l evl\u0259ndiyi h\u0259yat yolda\u015f\u0131n\u0131n q\u00fcrur m\u0259nb\u0259yi oldu\u011funu f\u0259xrl\u0259 d\u00fc\u015f\u00fcn\u00fcrd\u00fc. Bu duy\u011fular g\u0259nc \u0259sg\u0259r\u0259 qol-qanad verir, azadl\u0131q arzular\u0131n\u0131 alovland\u0131r\u0131rd\u0131.<\/p>\n<p>Bu arzularla Haqverdi 1994-c\u00fc ilin yanvar ay\u0131nda F\u00fczulinin \u015e\u00fck\u00fcrb\u0259yli k\u0259ndi u\u011frunda d\u00f6y\u00fc\u015fl\u0259rd\u0259 \u015f\u0259hid oldu. 3 ayl\u0131q evlilik h\u0259yat\u0131na m\u0259hz \u015e\u00fck\u00fcrb\u0259yli k\u0259ndi u\u011frundak\u0131 d\u00f6y\u00fc\u015fl\u0259rd\u0259 son qoyuldu (qeyd ed\u0259k ki, Z\u0259rdab \u015f\u0259hidl\u0259ri aras\u0131nda toyundan 3 ay sonra \u015f\u0259hid olan dig\u0259r h\u0259myerlimiz d\u0259 var. Bu, S\u00f6hrab Eyvazovdur. Allah r\u0259hm\u0259t el\u0259sin!).<\/p>\n<p>H\u0259min vaxtdan 20 il ke\u00e7ir. \u0130ndi Haqverdinin uyudu\u011fu torpaq ziyar\u0259tgaha \u00e7evrilib. \u0130ll\u0259r ke\u00e7ir, n\u0259sill\u0259r d\u0259yi\u015fir, lakin V\u0259t\u0259n \u015f\u0259hidl\u0259rinin xatir\u0259si \u00fcr\u0259kl\u0259rd\u0259 v\u0259 ziyar\u0259tgahlarda ya\u015fay\u0131r.<\/p>\n<p><span style=\"color: #000000;\"><strong>Allah b\u00fct\u00fcn Az\u0259rbaycan \u015f\u0259hidl\u0259rin\u0259, el\u0259c\u0259 d\u0259 Haqverdi qarda\u015f\u0131m\u0131za r\u0259hm\u0259t el\u0259sin.<\/strong><\/span> Do\u011fmalar\u0131na s\u0259bir versin!<\/p>\n<p><span style=\"color: #0000ff;\"><strong>\u00a0T\u018fRLAN ABDULLAYEVA, &#8220;\u018fK\u0130N\u00c7\u0130&#8221;N\u0130N M\u00dcXB\u0130RI.<\/strong><\/span><\/p>\n","protected":false},"excerpt":{"rendered":"<p>Bu ilin yanvar ay\u0131nda h\u0259myerlimiz M\u0259mm\u0259dov Haqverdi F\u0259xr\u0259ddin o\u011flunun \u015f\u0259hid oldu\u011fu vaxtdan 20 il ke\u00e7ir. \u00a03 ayl\u0131q evlilik h\u0259yat\u0131na \u015e\u00fck\u00fcrb\u0259yli k\u0259ndi u\u011frunda ged\u0259n d\u00f6y\u00fc\u015fl\u0259rd\u0259 son qoyuldu. Bu g\u00fcnl\u0259r ac\u0131s\u0131n\u0131 yenid\u0259n ya\u015fad\u0131\u011f\u0131m\u0131z 20 Yanvar faci\u0259si v\u0259 Az\u0259rbaycan tarixind\u0259 ondan \u0259vv\u0259lki faci\u0259li hadis\u0259l\u0259r XX \u0259sr boyu xalq\u0131m\u0131za qar\u015f\u0131 yeridil\u0259n d\u00fc\u015f\u00fcn\u00fclm\u00fc\u015f siyas\u0259tin n\u00f6vb\u0259ti t\u0259zah\u00fcr\u00fc idi. Az\u0259rbaycan xalq\u0131na qar\u015f\u0131 [&hellip;]<\/p>\n","protected":false},"author":1,"featured_media":0,"comment_status":"open","ping_status":"open","sticky":false,"template":"","format":"standard","meta":{"footnotes":""},"categories":[37],"tags":[],"class_list":{"0":"post-14182","1":"post","2":"type-post","3":"status-publish","4":"format-standard","6":"category-shidlrimiz"},"yoast_head":"<!-- This site is optimized with the Yoast SEO plugin v27.0 - https:\/\/yoast.com\/product\/yoast-seo-wordpress\/ -->\n<title>H\u0259myerlimiz Haqverdi M\u0259mm\u0259dovun \u015f\u0259hid olmas\u0131ndan 20 il \u00f6t\u00fcr - Z\u0259rdab.com<\/title>\n<meta name=\"robots\" content=\"index, follow, max-snippet:-1, max-image-preview:large, max-video-preview:-1\" \/>\n<link rel=\"canonical\" href=\"https:\/\/www.zerdab.com\/?p=14182\" \/>\n<meta property=\"og:locale\" content=\"az_AZ\" \/>\n<meta property=\"og:type\" content=\"article\" \/>\n<meta property=\"og:title\" content=\"H\u0259myerlimiz Haqverdi M\u0259mm\u0259dovun \u015f\u0259hid olmas\u0131ndan 20 il \u00f6t\u00fcr - Z\u0259rdab.com\" \/>\n<meta property=\"og:description\" content=\"Bu ilin yanvar ay\u0131nda h\u0259myerlimiz M\u0259mm\u0259dov Haqverdi F\u0259xr\u0259ddin o\u011flunun \u015f\u0259hid oldu\u011fu vaxtdan 20 il ke\u00e7ir. \u00a03 ayl\u0131q evlilik h\u0259yat\u0131na \u015e\u00fck\u00fcrb\u0259yli k\u0259ndi u\u011frunda ged\u0259n d\u00f6y\u00fc\u015fl\u0259rd\u0259 son qoyuldu. Bu g\u00fcnl\u0259r ac\u0131s\u0131n\u0131 yenid\u0259n ya\u015fad\u0131\u011f\u0131m\u0131z 20 Yanvar faci\u0259si v\u0259 Az\u0259rbaycan tarixind\u0259 ondan \u0259vv\u0259lki faci\u0259li hadis\u0259l\u0259r XX \u0259sr boyu xalq\u0131m\u0131za qar\u015f\u0131 yeridil\u0259n d\u00fc\u015f\u00fcn\u00fclm\u00fc\u015f siyas\u0259tin n\u00f6vb\u0259ti t\u0259zah\u00fcr\u00fc idi. Az\u0259rbaycan xalq\u0131na qar\u015f\u0131 [&hellip;]\" \/>\n<meta property=\"og:url\" content=\"https:\/\/www.zerdab.com\/?p=14182\" \/>\n<meta property=\"og:site_name\" content=\"Z\u0259rdab.com\" \/>\n<meta property=\"article:published_time\" content=\"2014-01-20T04:17:05+00:00\" \/>\n<meta name=\"author\" content=\"admin\" \/>\n<meta name=\"twitter:card\" content=\"summary_large_image\" \/>\n<meta name=\"twitter:label1\" content=\"Written by\" \/>\n\t<meta name=\"twitter:data1\" content=\"admin\" \/>\n\t<meta name=\"twitter:label2\" content=\"Est. reading time\" \/>\n\t<meta name=\"twitter:data2\" content=\"3 minutes\" \/>\n<script type=\"application\/ld+json\" class=\"yoast-schema-graph\">{\"@context\":\"https:\/\/schema.org\",\"@graph\":[{\"@type\":\"Article\",\"@id\":\"https:\/\/www.zerdab.com\/?p=14182#article\",\"isPartOf\":{\"@id\":\"https:\/\/www.zerdab.com\/?p=14182\"},\"author\":{\"name\":\"admin\",\"@id\":\"https:\/\/www.zerdab.com\/#\/schema\/person\/97079b7570c1e89ec0d9e138c3672136\"},\"headline\":\"H\u0259myerlimiz Haqverdi M\u0259mm\u0259dovun \u015f\u0259hid olmas\u0131ndan 20 il \u00f6t\u00fcr\",\"datePublished\":\"2014-01-20T04:17:05+00:00\",\"mainEntityOfPage\":{\"@id\":\"https:\/\/www.zerdab.com\/?p=14182\"},\"wordCount\":549,\"commentCount\":5,\"articleSection\":[\"\u015e\u018fH\u0130DL\u018fR\u0130M\u0130Z\"],\"inLanguage\":\"az\",\"potentialAction\":[{\"@type\":\"CommentAction\",\"name\":\"Comment\",\"target\":[\"https:\/\/www.zerdab.com\/?p=14182#respond\"]}]},{\"@type\":\"WebPage\",\"@id\":\"https:\/\/www.zerdab.com\/?p=14182\",\"url\":\"https:\/\/www.zerdab.com\/?p=14182\",\"name\":\"H\u0259myerlimiz Haqverdi M\u0259mm\u0259dovun \u015f\u0259hid olmas\u0131ndan 20 il \u00f6t\u00fcr - Z\u0259rdab.com\",\"isPartOf\":{\"@id\":\"https:\/\/www.zerdab.com\/#website\"},\"datePublished\":\"2014-01-20T04:17:05+00:00\",\"author\":{\"@id\":\"https:\/\/www.zerdab.com\/#\/schema\/person\/97079b7570c1e89ec0d9e138c3672136\"},\"breadcrumb\":{\"@id\":\"https:\/\/www.zerdab.com\/?p=14182#breadcrumb\"},\"inLanguage\":\"az\",\"potentialAction\":[{\"@type\":\"ReadAction\",\"target\":[\"https:\/\/www.zerdab.com\/?p=14182\"]}]},{\"@type\":\"BreadcrumbList\",\"@id\":\"https:\/\/www.zerdab.com\/?p=14182#breadcrumb\",\"itemListElement\":[{\"@type\":\"ListItem\",\"position\":1,\"name\":\"Home\",\"item\":\"https:\/\/www.zerdab.com\/\"},{\"@type\":\"ListItem\",\"position\":2,\"name\":\"H\u0259myerlimiz Haqverdi M\u0259mm\u0259dovun \u015f\u0259hid olmas\u0131ndan 20 il \u00f6t\u00fcr\"}]},{\"@type\":\"WebSite\",\"@id\":\"https:\/\/www.zerdab.com\/#website\",\"url\":\"https:\/\/www.zerdab.com\/\",\"name\":\"Z\u0259rdab.com\",\"description\":\"\",\"potentialAction\":[{\"@type\":\"SearchAction\",\"target\":{\"@type\":\"EntryPoint\",\"urlTemplate\":\"https:\/\/www.zerdab.com\/?s={search_term_string}\"},\"query-input\":{\"@type\":\"PropertyValueSpecification\",\"valueRequired\":true,\"valueName\":\"search_term_string\"}}],\"inLanguage\":\"az\"},{\"@type\":\"Person\",\"@id\":\"https:\/\/www.zerdab.com\/#\/schema\/person\/97079b7570c1e89ec0d9e138c3672136\",\"name\":\"admin\",\"image\":{\"@type\":\"ImageObject\",\"inLanguage\":\"az\",\"@id\":\"https:\/\/www.zerdab.com\/#\/schema\/person\/image\/\",\"url\":\"https:\/\/secure.gravatar.com\/avatar\/d9c52a9a27c32119cb6679a077fa3e2779e5f822c451cbf01098004361d466ec?s=96&d=mm&r=g\",\"contentUrl\":\"https:\/\/secure.gravatar.com\/avatar\/d9c52a9a27c32119cb6679a077fa3e2779e5f822c451cbf01098004361d466ec?s=96&d=mm&r=g\",\"caption\":\"admin\"},\"url\":\"https:\/\/www.zerdab.com\/?author=1\"}]}<\/script>\n<!-- \/ Yoast SEO plugin. -->","yoast_head_json":{"title":"H\u0259myerlimiz Haqverdi M\u0259mm\u0259dovun \u015f\u0259hid olmas\u0131ndan 20 il \u00f6t\u00fcr - Z\u0259rdab.com","robots":{"index":"index","follow":"follow","max-snippet":"max-snippet:-1","max-image-preview":"max-image-preview:large","max-video-preview":"max-video-preview:-1"},"canonical":"https:\/\/www.zerdab.com\/?p=14182","og_locale":"az_AZ","og_type":"article","og_title":"H\u0259myerlimiz Haqverdi M\u0259mm\u0259dovun \u015f\u0259hid olmas\u0131ndan 20 il \u00f6t\u00fcr - Z\u0259rdab.com","og_description":"Bu ilin yanvar ay\u0131nda h\u0259myerlimiz M\u0259mm\u0259dov Haqverdi F\u0259xr\u0259ddin o\u011flunun \u015f\u0259hid oldu\u011fu vaxtdan 20 il ke\u00e7ir. \u00a03 ayl\u0131q evlilik h\u0259yat\u0131na \u015e\u00fck\u00fcrb\u0259yli k\u0259ndi u\u011frunda ged\u0259n d\u00f6y\u00fc\u015fl\u0259rd\u0259 son qoyuldu. Bu g\u00fcnl\u0259r ac\u0131s\u0131n\u0131 yenid\u0259n ya\u015fad\u0131\u011f\u0131m\u0131z 20 Yanvar faci\u0259si v\u0259 Az\u0259rbaycan tarixind\u0259 ondan \u0259vv\u0259lki faci\u0259li hadis\u0259l\u0259r XX \u0259sr boyu xalq\u0131m\u0131za qar\u015f\u0131 yeridil\u0259n d\u00fc\u015f\u00fcn\u00fclm\u00fc\u015f siyas\u0259tin n\u00f6vb\u0259ti t\u0259zah\u00fcr\u00fc idi. Az\u0259rbaycan xalq\u0131na qar\u015f\u0131 [&hellip;]","og_url":"https:\/\/www.zerdab.com\/?p=14182","og_site_name":"Z\u0259rdab.com","article_published_time":"2014-01-20T04:17:05+00:00","author":"admin","twitter_card":"summary_large_image","twitter_misc":{"Written by":"admin","Est. reading time":"3 minutes"},"schema":{"@context":"https:\/\/schema.org","@graph":[{"@type":"Article","@id":"https:\/\/www.zerdab.com\/?p=14182#article","isPartOf":{"@id":"https:\/\/www.zerdab.com\/?p=14182"},"author":{"name":"admin","@id":"https:\/\/www.zerdab.com\/#\/schema\/person\/97079b7570c1e89ec0d9e138c3672136"},"headline":"H\u0259myerlimiz Haqverdi M\u0259mm\u0259dovun \u015f\u0259hid olmas\u0131ndan 20 il \u00f6t\u00fcr","datePublished":"2014-01-20T04:17:05+00:00","mainEntityOfPage":{"@id":"https:\/\/www.zerdab.com\/?p=14182"},"wordCount":549,"commentCount":5,"articleSection":["\u015e\u018fH\u0130DL\u018fR\u0130M\u0130Z"],"inLanguage":"az","potentialAction":[{"@type":"CommentAction","name":"Comment","target":["https:\/\/www.zerdab.com\/?p=14182#respond"]}]},{"@type":"WebPage","@id":"https:\/\/www.zerdab.com\/?p=14182","url":"https:\/\/www.zerdab.com\/?p=14182","name":"H\u0259myerlimiz Haqverdi M\u0259mm\u0259dovun \u015f\u0259hid olmas\u0131ndan 20 il \u00f6t\u00fcr - Z\u0259rdab.com","isPartOf":{"@id":"https:\/\/www.zerdab.com\/#website"},"datePublished":"2014-01-20T04:17:05+00:00","author":{"@id":"https:\/\/www.zerdab.com\/#\/schema\/person\/97079b7570c1e89ec0d9e138c3672136"},"breadcrumb":{"@id":"https:\/\/www.zerdab.com\/?p=14182#breadcrumb"},"inLanguage":"az","potentialAction":[{"@type":"ReadAction","target":["https:\/\/www.zerdab.com\/?p=14182"]}]},{"@type":"BreadcrumbList","@id":"https:\/\/www.zerdab.com\/?p=14182#breadcrumb","itemListElement":[{"@type":"ListItem","position":1,"name":"Home","item":"https:\/\/www.zerdab.com\/"},{"@type":"ListItem","position":2,"name":"H\u0259myerlimiz Haqverdi M\u0259mm\u0259dovun \u015f\u0259hid olmas\u0131ndan 20 il \u00f6t\u00fcr"}]},{"@type":"WebSite","@id":"https:\/\/www.zerdab.com\/#website","url":"https:\/\/www.zerdab.com\/","name":"Z\u0259rdab.com","description":"","potentialAction":[{"@type":"SearchAction","target":{"@type":"EntryPoint","urlTemplate":"https:\/\/www.zerdab.com\/?s={search_term_string}"},"query-input":{"@type":"PropertyValueSpecification","valueRequired":true,"valueName":"search_term_string"}}],"inLanguage":"az"},{"@type":"Person","@id":"https:\/\/www.zerdab.com\/#\/schema\/person\/97079b7570c1e89ec0d9e138c3672136","name":"admin","image":{"@type":"ImageObject","inLanguage":"az","@id":"https:\/\/www.zerdab.com\/#\/schema\/person\/image\/","url":"https:\/\/secure.gravatar.com\/avatar\/d9c52a9a27c32119cb6679a077fa3e2779e5f822c451cbf01098004361d466ec?s=96&d=mm&r=g","contentUrl":"https:\/\/secure.gravatar.com\/avatar\/d9c52a9a27c32119cb6679a077fa3e2779e5f822c451cbf01098004361d466ec?s=96&d=mm&r=g","caption":"admin"},"url":"https:\/\/www.zerdab.com\/?author=1"}]}},"_links":{"self":[{"href":"https:\/\/www.zerdab.com\/index.php?rest_route=\/wp\/v2\/posts\/14182","targetHints":{"allow":["GET"]}}],"collection":[{"href":"https:\/\/www.zerdab.com\/index.php?rest_route=\/wp\/v2\/posts"}],"about":[{"href":"https:\/\/www.zerdab.com\/index.php?rest_route=\/wp\/v2\/types\/post"}],"author":[{"embeddable":true,"href":"https:\/\/www.zerdab.com\/index.php?rest_route=\/wp\/v2\/users\/1"}],"replies":[{"embeddable":true,"href":"https:\/\/www.zerdab.com\/index.php?rest_route=%2Fwp%2Fv2%2Fcomments&post=14182"}],"version-history":[{"count":1,"href":"https:\/\/www.zerdab.com\/index.php?rest_route=\/wp\/v2\/posts\/14182\/revisions"}],"predecessor-version":[{"id":14183,"href":"https:\/\/www.zerdab.com\/index.php?rest_route=\/wp\/v2\/posts\/14182\/revisions\/14183"}],"wp:attachment":[{"href":"https:\/\/www.zerdab.com\/index.php?rest_route=%2Fwp%2Fv2%2Fmedia&parent=14182"}],"wp:term":[{"taxonomy":"category","embeddable":true,"href":"https:\/\/www.zerdab.com\/index.php?rest_route=%2Fwp%2Fv2%2Fcategories&post=14182"},{"taxonomy":"post_tag","embeddable":true,"href":"https:\/\/www.zerdab.com\/index.php?rest_route=%2Fwp%2Fv2%2Ftags&post=14182"}],"curies":[{"name":"wp","href":"https:\/\/api.w.org\/{rel}","templated":true}]}}