{"id":14222,"date":"2014-01-22T08:00:05","date_gmt":"2014-01-22T04:00:05","guid":{"rendered":"http:\/\/www.zerdab.com\/?p=14222"},"modified":"2014-01-21T19:33:41","modified_gmt":"2014-01-21T15:33:41","slug":"sagmaq-ucun-%c9%99vv%c9%99l-in%c9%99k-lazimdir-c%c9%99nab-deputat","status":"publish","type":"post","link":"https:\/\/www.zerdab.com\/?p=14222","title":{"rendered":"Sa\u011fmaq \u00fc\u00e7\u00fcn \u0259vv\u0259l in\u0259k laz\u0131md\u0131r, c\u0259nab deputat!"},"content":{"rendered":"<p><a href=\"http:\/\/www.zerdab.com\/wp-content\/uploads\/2014\/01\/inek-sagmaq.jpg\"><img loading=\"lazy\" decoding=\"async\" class=\"aligncenter size-medium wp-image-14223\" alt=\"inek sa\u011fmaq\" src=\"http:\/\/www.zerdab.com\/wp-content\/uploads\/2014\/01\/inek-sagmaq-400x225.jpg\" width=\"400\" height=\"225\" \/><\/a>\u201cArt\u0131q k\u0259nd yerl\u0259rind\u0259ki q\u0131zlar in\u0259k sa\u011fmaq ist\u0259mir\u201d- bunu deputat Tahir Rzayev deyir. C\u0259nab deputat\u0131n q\u0131zlar\u0131 in\u0259k sa\u011fmaq ist\u0259m\u0259m\u0259kd\u0259 g\u00fcnahland\u0131rmas\u0131 onun \u015f\u0259xsi fikridir. Biri in\u0259k sa\u011fmaq ist\u0259m\u0259diyi kimi deputat\u0131n da bunu onlara irad tutacaq q\u0259d\u0259r s\u00f6z haqq\u0131 var. S\u00f6z azadl\u0131\u011f\u0131 y\u0259qin ki, el\u0259 buna deyirl\u0259r.<\/p>\n<p>M\u0259n c\u0259nab deputat\u0131\u0131n s\u00f6yl\u0259dikl\u0259rini sad\u0259c\u0259 bu s\u00f6z azadl\u0131\u011f\u0131n\u0131n n\u00fcmun\u0259si hesab edib susa bil\u0259rdim, \u0259g\u0259r T. Rzayevin &#8220;K\u0259ndd\u0259 ya\u015fayan g\u0259ncl\u0259r hesab edirl\u0259r ki, k\u0259ndd\u0259 \u0259yl\u0259nc\u0259 yoxdur v\u0259 bu s\u0259b\u0259bd\u0259n \u015f\u0259h\u0259r\u0259 qa\u00e7\u0131b g\u0259lirl\u0259r. Bel\u0259l\u0259ri daha \u00e7ox y\u00fcng\u00fcl t\u0259rbiy\u0259li q\u0131zlard\u0131r. \u018fslind\u0259 \u0259vv\u0259lki ill\u0259rl\u0259 m\u00fcqayis\u0259d\u0259 k\u0259nd yerl\u0259rind\u0259 ya\u015famaq \u00fc\u00e7\u00fcn \u015f\u0259rait daha yax\u015f\u0131la\u015f\u0131b. \u0130ndi \u0259n ucqar k\u0259nd\u0259 d\u0259 qaz verilir\u201d fikirl\u0259ri olmasayd\u0131.<\/p>\n<p>C\u0259nab deputat! Bizim k\u0259ndimiz \u00a0ucqar k\u0259nd deyil. H\u0259l\u0259 g\u00f6zd\u0259n-k\u00f6n\u00fcld\u0259n uzaq k\u0259nd he\u00e7 deyil.<\/p>\n<p>Amma bizim m\u0259murlar\u0131n v\u0259 m\u0259\u015fhurlar\u0131n da diqq\u0259tini c\u0259lb ed\u0259n bu ucqar olmayan k\u0259ndimizd\u0259 h\u0259l\u0259 d\u0259 qaz yoxdur v\u0259 yax\u0131n g\u0259l\u0259c\u0259kd\u0259 d\u0259 olmayaca\u011f\u0131 r\u0259hb\u0259r \u015f\u0259xsl\u0259rin \u00e7\u0131x\u0131\u015flar\u0131ndan hiss olunur.<\/p>\n<p>K\u0259ndin ki\u015fil\u0259ri d\u0259, ki\u015fisi olmayan evin xan\u0131mlar\u0131 da yaz-q\u0131\u015f dem\u0259d\u0259n odun \u201co\u011furlu\u011fu\u201d il\u0259 m\u0259\u015f\u011ful olmaq m\u0259cburiyy\u0259tind\u0259dir. C\u0259nab deputat! Siz ya\u011f\u0131\u015f ya\u011fmas\u0131n\u0131 bizim k\u0259ndin insanlar\u0131 q\u0259d\u0259r arzulayan ba\u015fqa bir k\u0259ndi b\u0259lk\u0259 d\u0259 g\u00f6r\u0259 bilm\u0259zsiz, amma m\u0259n bu siyah\u0131da t\u0259k olmad\u0131\u011f\u0131m\u0131z d\u00fc\u015f\u00fcnc\u0259sind\u0259y\u0259m.<\/p>\n<p>Ya\u011f\u0131\u015f bizimkil\u0259r \u00fc\u00e7\u00fcn odun da\u011farc\u0131\u011f\u0131d\u0131r. K\u0259ndimiz a\u011faclar\u0131 qorumaq \u00fc\u00e7\u00fcn d\u00f6vl\u0259tin g\u00f6rd\u00fcy\u00fc t\u0259dbirl\u0259ri y\u00fcks\u0259k d\u0259y\u0259rl\u0259ndir\u0259c\u0259k q\u0259d\u0259r intellekt\u0259 sahibdir. Amma ax\u0131 intelektli insan da q\u0131\u015fda isinm\u0259k ist\u0259yir.<\/p>\n<p>Ya\u011f\u0131\u015f \u00e7ar\u0259dir, ya\u011facaq, \u00e7ay da\u015facaq, \u00f6z\u00fc il\u0259 da\u011fdan a\u011fac k\u00f6t\u00fckl\u0259ri g\u0259tir\u0259c\u0259k v\u0259 bizim h\u0259l\u0259 d\u0259 qaz verilm\u0259y\u0259n ucqar olmayan k\u0259ndimizin adamlar\u0131 odun \u201co\u011frusu\u201d olmadan daha bir ne\u00e7\u0259 g\u00fcn ya\u015fayacaqlar.<\/p>\n<p>\u201cArt\u0131q k\u0259ndl\u0259rd\u0259 q\u0131zlar in\u0259k sa\u011fmaq ist\u0259mir\u201d deyirsiniz, c\u0259nab deputat. Amma sa\u011fmaq \u00fc\u00e7\u00fcn \u0259vv\u0259lc\u0259 in\u0259k olmal\u0131d\u0131r, deyilmi? Ki\u015fil\u0259ri Rusiyada donuz otaran k\u0259ndl\u0259rin q\u0131zlar\u0131n\u0131 in\u0259k sa\u011fmaq ist\u0259m\u0259m\u0259kd\u0259 g\u00fcnahland\u0131racaq q\u0259d\u0259r insafs\u0131zl\u0131q etm\u0259yin. \u0130n\u0259k sa\u011fmaq ist\u0259m\u0259m\u0259k d\u0259 bir haqd\u0131r, sa\u011fmaq \u00fc\u00e7\u00fcn in\u0259k ala bilm\u0259m\u0259k \u00e7ox k\u0259ndlinin problem oldu\u011fu kimi.<\/p>\n<p>Q\u0131zlar t\u0259kc\u0259 ona g\u00f6r\u0259 in\u0259k sa\u011fmaq ist\u0259mirl\u0259r ki, Bak\u0131da daha \u0259yl\u0259nc\u0259li h\u0259yat\u0131n x\u00fclyas\u0131n\u0131 qururlar. Q\u0131zlar h\u0259m d\u0259 ona g\u00f6r\u0259 in\u0259k sa\u011fmaq ist\u0259mirl\u0259r ki, bunu sad\u0259c\u0259 bacarm\u0131rlar. \u0130n\u0259k sa\u011fmaq t\u0259cr\u00fcb\u0259dir, t\u0259cr\u00fcb\u0259ni ke\u00e7m\u0259k \u00fc\u00e7\u00fcn obyekt (in\u0259k) olmal\u0131d\u0131r. Q\u0131zlar h\u0259m d\u0259 ona g\u00f6r\u0259 in\u0259k sa\u011fmaq ist\u0259mirl\u0259r ki, onlara h\u0259yat\u0131n in\u0259kli t\u0259r\u0259find\u0259 xo\u015fb\u0259xtlik v\u0259d ed\u0259c\u0259k he\u00e7 n\u0259 t\u0259qdim edilmir.<\/p>\n<p>\u018fv\u0259zind\u0259 says\u0131z-hesabs\u0131z m\u00fc\u011f\u0259nnil\u0259rin qarderobundak\u0131 alt paltarlar\u0131n\u0131n markalar\u0131n\u0131 t\u0259bli\u011f edib in\u0259yi bu m\u00fc\u011f\u0259nnil\u0259r\u0259 \u201cxo\u015fb\u0259xt insan\u201d kimi baxan g\u0259nc q\u0131zlar\u0131n h\u0259yat\u0131ndan bird\u0259f\u0259lik \u00e7\u0131xarma\u011f\u0131 bacaran telekanallar\u0131m\u0131z var.<\/p>\n<p>O q\u0131zlar h\u0259r g\u00fcn onlara m\u0259xsus olan k\u0259ndin g\u00f6z\u0259l t\u0259bi\u0259tini seyr etm\u0259k \u00fc\u00e7\u00fcn \u00e7oxu kimins\u0259 \u201culduzu\u201d olan g\u00f6z\u0259l geyimli xan\u0131mlar\u0131n \u0259yl\u0259\u015fdiyi g\u00f6z\u0259l ma\u015f\u0131nlar\u0131n t\u00fcst\u00fcs\u00fcnd\u0259 bo\u011fulanda bu g\u00f6z\u0259l k\u0259ndin \u0259slind\u0259 onlara m\u0259xsus olmad\u0131\u011f\u0131n\u0131 anlay\u0131rlar. Bak\u0131 onlar \u00fc\u00e7\u00fcn \u201cx\u0259yallar \u015f\u0259h\u0259ridir\u201d.<\/p>\n<p>Bu \u015f\u0259h\u0259rd\u0259n g\u00fcnl\u0259rin birind\u0259 kimis\u0259 t\u00fcst\u00fcy\u0259 bo\u011fmaq \u00fc\u015f\u00fcn bahal\u0131 ma\u015f\u0131nda qay\u0131tmaq x\u0259yal\u0131n\u0131 onlar\u0131n \u0259lind\u0259n he\u00e7 k\u0259s ala bilm\u0259z. Amma \u0259v\u0259zind\u0259 o bahal\u0131 ma\u015f\u0131nlar\u0131, g\u00f6z\u0259l geyiml\u0259ri v\u0259 n\u0259hay\u0259t sa\u011fmaq \u00fc\u00e7\u00fcn in\u0259yi almaq \u00fc\u00e7\u00fcn k\u0259ndd\u0259 d\u0259 m\u00fcnasib \u015f\u0259rait yaratmaq olar. \u0130nsanlar\u0131 \u201cy\u00fcng\u00fcl t\u0259rbiy\u0259d\u0259\u201d g\u00fcnahland\u0131rmaqdan \u0259vv\u0259l onlara daha yax\u015f\u0131 olmaq \u00fc\u00e7\u00fcn \u015f\u0259rait yaratma\u011fa \u00e7al\u0131\u015f\u0131n. Ax\u0131 siz h\u0259m d\u0259 buna g\u00f6r\u0259 ordas\u0131z &#8211; Milli M\u0259clisd\u0259.<\/p>\n<p><b>P.S.<\/b>\u00a0Magistr kimi ilk imtahan\u0131mda m\u00fc\u0259llimimiz A\u011fa La\u00e7\u0131nl\u0131n\u0131n antik Roma \u0259d\u0259biyyat\u0131ndan \u0259vv\u0259l verdiyi ilk sual bu olmu\u015fdu: \u201c\u0130n\u0259yi hans\u0131 t\u0259r\u0259fd\u0259n sa\u011f\u0131rlar?\u201d Baxmayaraq ki, evimizd\u0259 4 in\u0259k v\u0259 m\u0259nim art\u0131q 23 ya\u015f\u0131m vard\u0131, m\u0259n in\u0259k sa\u011fma\u011f\u0131 bacarm\u0131rd\u0131m. Amma Bak\u0131ya in\u0259k sa\u011fmaq ist\u0259m\u0259m\u0259yim \u00fc\u00e7\u00fcn d\u0259 g\u0259lm\u0259mi\u015fdim\u2026 A\u011fa La\u00e7\u0131nl\u0131dan ald\u0131\u011f\u0131m v\u0259 t\u0259hsil h\u0259yatim ilk v\u0259 son \u201c2\u201d-i bel\u0259 m\u0259ni in\u0259k sa\u011fma\u011f\u0131 \u00f6yr\u0259nm\u0259y\u0259 m\u0259cbur ed\u0259 bilm\u0259di.<\/p>\n<p><span style=\"color: #0000ff;\"><strong>M\u00fc\u0259llif:\u00a0Elnar\u0259 \u018flosmanq\u0131z\u0131 (Yaz\u0131 ki\u00e7ik ixtisarla d\u0259rc olunub).<\/strong><\/span><\/p>\n","protected":false},"excerpt":{"rendered":"<p>\u201cArt\u0131q k\u0259nd yerl\u0259rind\u0259ki q\u0131zlar in\u0259k sa\u011fmaq ist\u0259mir\u201d- bunu deputat Tahir Rzayev deyir. C\u0259nab deputat\u0131n q\u0131zlar\u0131 in\u0259k sa\u011fmaq ist\u0259m\u0259m\u0259kd\u0259 g\u00fcnahland\u0131rmas\u0131 onun \u015f\u0259xsi fikridir. Biri in\u0259k sa\u011fmaq ist\u0259m\u0259diyi kimi deputat\u0131n da bunu onlara irad tutacaq q\u0259d\u0259r s\u00f6z haqq\u0131 var. S\u00f6z azadl\u0131\u011f\u0131 y\u0259qin ki, el\u0259 buna deyirl\u0259r. M\u0259n c\u0259nab deputat\u0131\u0131n s\u00f6yl\u0259dikl\u0259rini sad\u0259c\u0259 bu s\u00f6z azadl\u0131\u011f\u0131n\u0131n n\u00fcmun\u0259si hesab edib [&hellip;]<\/p>\n","protected":false},"author":1,"featured_media":0,"comment_status":"open","ping_status":"open","sticky":false,"template":"","format":"standard","meta":{"footnotes":""},"categories":[17],"tags":[],"class_list":{"0":"post-14222","1":"post","2":"type-post","3":"status-publish","4":"format-standard","6":"category-kos"},"yoast_head":"<!-- This site is optimized with the Yoast SEO plugin v27.0 - https:\/\/yoast.com\/product\/yoast-seo-wordpress\/ -->\n<title>Sa\u011fmaq \u00fc\u00e7\u00fcn \u0259vv\u0259l in\u0259k laz\u0131md\u0131r, c\u0259nab deputat! - Z\u0259rdab.com<\/title>\n<meta name=\"robots\" content=\"index, follow, max-snippet:-1, max-image-preview:large, max-video-preview:-1\" \/>\n<link rel=\"canonical\" href=\"https:\/\/www.zerdab.com\/?p=14222\" \/>\n<meta property=\"og:locale\" content=\"az_AZ\" \/>\n<meta property=\"og:type\" content=\"article\" \/>\n<meta property=\"og:title\" content=\"Sa\u011fmaq \u00fc\u00e7\u00fcn \u0259vv\u0259l in\u0259k laz\u0131md\u0131r, c\u0259nab deputat! - Z\u0259rdab.com\" \/>\n<meta property=\"og:description\" content=\"\u201cArt\u0131q k\u0259nd yerl\u0259rind\u0259ki q\u0131zlar in\u0259k sa\u011fmaq ist\u0259mir\u201d- bunu deputat Tahir Rzayev deyir. C\u0259nab deputat\u0131n q\u0131zlar\u0131 in\u0259k sa\u011fmaq ist\u0259m\u0259m\u0259kd\u0259 g\u00fcnahland\u0131rmas\u0131 onun \u015f\u0259xsi fikridir. Biri in\u0259k sa\u011fmaq ist\u0259m\u0259diyi kimi deputat\u0131n da bunu onlara irad tutacaq q\u0259d\u0259r s\u00f6z haqq\u0131 var. S\u00f6z azadl\u0131\u011f\u0131 y\u0259qin ki, el\u0259 buna deyirl\u0259r. M\u0259n c\u0259nab deputat\u0131\u0131n s\u00f6yl\u0259dikl\u0259rini sad\u0259c\u0259 bu s\u00f6z azadl\u0131\u011f\u0131n\u0131n n\u00fcmun\u0259si hesab edib [&hellip;]\" \/>\n<meta property=\"og:url\" content=\"https:\/\/www.zerdab.com\/?p=14222\" \/>\n<meta property=\"og:site_name\" content=\"Z\u0259rdab.com\" \/>\n<meta property=\"article:published_time\" content=\"2014-01-22T04:00:05+00:00\" \/>\n<meta property=\"og:image\" content=\"http:\/\/www.zerdab.com\/wp-content\/uploads\/2014\/01\/inek-sagmaq-400x225.jpg\" \/>\n<meta name=\"author\" content=\"admin\" \/>\n<meta name=\"twitter:card\" content=\"summary_large_image\" \/>\n<meta name=\"twitter:label1\" content=\"Written by\" \/>\n\t<meta name=\"twitter:data1\" content=\"admin\" \/>\n\t<meta name=\"twitter:label2\" content=\"Est. reading time\" \/>\n\t<meta name=\"twitter:data2\" content=\"5 minutes\" \/>\n<script type=\"application\/ld+json\" class=\"yoast-schema-graph\">{\"@context\":\"https:\/\/schema.org\",\"@graph\":[{\"@type\":\"Article\",\"@id\":\"https:\/\/www.zerdab.com\/?p=14222#article\",\"isPartOf\":{\"@id\":\"https:\/\/www.zerdab.com\/?p=14222\"},\"author\":{\"name\":\"admin\",\"@id\":\"https:\/\/www.zerdab.com\/#\/schema\/person\/97079b7570c1e89ec0d9e138c3672136\"},\"headline\":\"Sa\u011fmaq \u00fc\u00e7\u00fcn \u0259vv\u0259l in\u0259k laz\u0131md\u0131r, c\u0259nab deputat!\",\"datePublished\":\"2014-01-22T04:00:05+00:00\",\"mainEntityOfPage\":{\"@id\":\"https:\/\/www.zerdab.com\/?p=14222\"},\"wordCount\":960,\"commentCount\":5,\"image\":{\"@id\":\"https:\/\/www.zerdab.com\/?p=14222#primaryimage\"},\"thumbnailUrl\":\"http:\/\/www.zerdab.com\/wp-content\/uploads\/2014\/01\/inek-sagmaq-400x225.jpg\",\"articleSection\":[\"YAZARLAR\"],\"inLanguage\":\"az\",\"potentialAction\":[{\"@type\":\"CommentAction\",\"name\":\"Comment\",\"target\":[\"https:\/\/www.zerdab.com\/?p=14222#respond\"]}]},{\"@type\":\"WebPage\",\"@id\":\"https:\/\/www.zerdab.com\/?p=14222\",\"url\":\"https:\/\/www.zerdab.com\/?p=14222\",\"name\":\"Sa\u011fmaq \u00fc\u00e7\u00fcn \u0259vv\u0259l in\u0259k laz\u0131md\u0131r, c\u0259nab deputat! - Z\u0259rdab.com\",\"isPartOf\":{\"@id\":\"https:\/\/www.zerdab.com\/#website\"},\"primaryImageOfPage\":{\"@id\":\"https:\/\/www.zerdab.com\/?p=14222#primaryimage\"},\"image\":{\"@id\":\"https:\/\/www.zerdab.com\/?p=14222#primaryimage\"},\"thumbnailUrl\":\"http:\/\/www.zerdab.com\/wp-content\/uploads\/2014\/01\/inek-sagmaq-400x225.jpg\",\"datePublished\":\"2014-01-22T04:00:05+00:00\",\"author\":{\"@id\":\"https:\/\/www.zerdab.com\/#\/schema\/person\/97079b7570c1e89ec0d9e138c3672136\"},\"breadcrumb\":{\"@id\":\"https:\/\/www.zerdab.com\/?p=14222#breadcrumb\"},\"inLanguage\":\"az\",\"potentialAction\":[{\"@type\":\"ReadAction\",\"target\":[\"https:\/\/www.zerdab.com\/?p=14222\"]}]},{\"@type\":\"ImageObject\",\"inLanguage\":\"az\",\"@id\":\"https:\/\/www.zerdab.com\/?p=14222#primaryimage\",\"url\":\"\",\"contentUrl\":\"\"},{\"@type\":\"BreadcrumbList\",\"@id\":\"https:\/\/www.zerdab.com\/?p=14222#breadcrumb\",\"itemListElement\":[{\"@type\":\"ListItem\",\"position\":1,\"name\":\"Home\",\"item\":\"https:\/\/www.zerdab.com\/\"},{\"@type\":\"ListItem\",\"position\":2,\"name\":\"Sa\u011fmaq \u00fc\u00e7\u00fcn \u0259vv\u0259l in\u0259k laz\u0131md\u0131r, c\u0259nab deputat!\"}]},{\"@type\":\"WebSite\",\"@id\":\"https:\/\/www.zerdab.com\/#website\",\"url\":\"https:\/\/www.zerdab.com\/\",\"name\":\"Z\u0259rdab.com\",\"description\":\"\",\"potentialAction\":[{\"@type\":\"SearchAction\",\"target\":{\"@type\":\"EntryPoint\",\"urlTemplate\":\"https:\/\/www.zerdab.com\/?s={search_term_string}\"},\"query-input\":{\"@type\":\"PropertyValueSpecification\",\"valueRequired\":true,\"valueName\":\"search_term_string\"}}],\"inLanguage\":\"az\"},{\"@type\":\"Person\",\"@id\":\"https:\/\/www.zerdab.com\/#\/schema\/person\/97079b7570c1e89ec0d9e138c3672136\",\"name\":\"admin\",\"image\":{\"@type\":\"ImageObject\",\"inLanguage\":\"az\",\"@id\":\"https:\/\/www.zerdab.com\/#\/schema\/person\/image\/\",\"url\":\"https:\/\/secure.gravatar.com\/avatar\/d9c52a9a27c32119cb6679a077fa3e2779e5f822c451cbf01098004361d466ec?s=96&d=mm&r=g\",\"contentUrl\":\"https:\/\/secure.gravatar.com\/avatar\/d9c52a9a27c32119cb6679a077fa3e2779e5f822c451cbf01098004361d466ec?s=96&d=mm&r=g\",\"caption\":\"admin\"},\"url\":\"https:\/\/www.zerdab.com\/?author=1\"}]}<\/script>\n<!-- \/ Yoast SEO plugin. -->","yoast_head_json":{"title":"Sa\u011fmaq \u00fc\u00e7\u00fcn \u0259vv\u0259l in\u0259k laz\u0131md\u0131r, c\u0259nab deputat! - Z\u0259rdab.com","robots":{"index":"index","follow":"follow","max-snippet":"max-snippet:-1","max-image-preview":"max-image-preview:large","max-video-preview":"max-video-preview:-1"},"canonical":"https:\/\/www.zerdab.com\/?p=14222","og_locale":"az_AZ","og_type":"article","og_title":"Sa\u011fmaq \u00fc\u00e7\u00fcn \u0259vv\u0259l in\u0259k laz\u0131md\u0131r, c\u0259nab deputat! - Z\u0259rdab.com","og_description":"\u201cArt\u0131q k\u0259nd yerl\u0259rind\u0259ki q\u0131zlar in\u0259k sa\u011fmaq ist\u0259mir\u201d- bunu deputat Tahir Rzayev deyir. C\u0259nab deputat\u0131n q\u0131zlar\u0131 in\u0259k sa\u011fmaq ist\u0259m\u0259m\u0259kd\u0259 g\u00fcnahland\u0131rmas\u0131 onun \u015f\u0259xsi fikridir. Biri in\u0259k sa\u011fmaq ist\u0259m\u0259diyi kimi deputat\u0131n da bunu onlara irad tutacaq q\u0259d\u0259r s\u00f6z haqq\u0131 var. S\u00f6z azadl\u0131\u011f\u0131 y\u0259qin ki, el\u0259 buna deyirl\u0259r. M\u0259n c\u0259nab deputat\u0131\u0131n s\u00f6yl\u0259dikl\u0259rini sad\u0259c\u0259 bu s\u00f6z azadl\u0131\u011f\u0131n\u0131n n\u00fcmun\u0259si hesab edib [&hellip;]","og_url":"https:\/\/www.zerdab.com\/?p=14222","og_site_name":"Z\u0259rdab.com","article_published_time":"2014-01-22T04:00:05+00:00","og_image":[{"url":"http:\/\/www.zerdab.com\/wp-content\/uploads\/2014\/01\/inek-sagmaq-400x225.jpg","type":"","width":"","height":""}],"author":"admin","twitter_card":"summary_large_image","twitter_misc":{"Written by":"admin","Est. reading time":"5 minutes"},"schema":{"@context":"https:\/\/schema.org","@graph":[{"@type":"Article","@id":"https:\/\/www.zerdab.com\/?p=14222#article","isPartOf":{"@id":"https:\/\/www.zerdab.com\/?p=14222"},"author":{"name":"admin","@id":"https:\/\/www.zerdab.com\/#\/schema\/person\/97079b7570c1e89ec0d9e138c3672136"},"headline":"Sa\u011fmaq \u00fc\u00e7\u00fcn \u0259vv\u0259l in\u0259k laz\u0131md\u0131r, c\u0259nab deputat!","datePublished":"2014-01-22T04:00:05+00:00","mainEntityOfPage":{"@id":"https:\/\/www.zerdab.com\/?p=14222"},"wordCount":960,"commentCount":5,"image":{"@id":"https:\/\/www.zerdab.com\/?p=14222#primaryimage"},"thumbnailUrl":"http:\/\/www.zerdab.com\/wp-content\/uploads\/2014\/01\/inek-sagmaq-400x225.jpg","articleSection":["YAZARLAR"],"inLanguage":"az","potentialAction":[{"@type":"CommentAction","name":"Comment","target":["https:\/\/www.zerdab.com\/?p=14222#respond"]}]},{"@type":"WebPage","@id":"https:\/\/www.zerdab.com\/?p=14222","url":"https:\/\/www.zerdab.com\/?p=14222","name":"Sa\u011fmaq \u00fc\u00e7\u00fcn \u0259vv\u0259l in\u0259k laz\u0131md\u0131r, c\u0259nab deputat! - Z\u0259rdab.com","isPartOf":{"@id":"https:\/\/www.zerdab.com\/#website"},"primaryImageOfPage":{"@id":"https:\/\/www.zerdab.com\/?p=14222#primaryimage"},"image":{"@id":"https:\/\/www.zerdab.com\/?p=14222#primaryimage"},"thumbnailUrl":"http:\/\/www.zerdab.com\/wp-content\/uploads\/2014\/01\/inek-sagmaq-400x225.jpg","datePublished":"2014-01-22T04:00:05+00:00","author":{"@id":"https:\/\/www.zerdab.com\/#\/schema\/person\/97079b7570c1e89ec0d9e138c3672136"},"breadcrumb":{"@id":"https:\/\/www.zerdab.com\/?p=14222#breadcrumb"},"inLanguage":"az","potentialAction":[{"@type":"ReadAction","target":["https:\/\/www.zerdab.com\/?p=14222"]}]},{"@type":"ImageObject","inLanguage":"az","@id":"https:\/\/www.zerdab.com\/?p=14222#primaryimage","url":"","contentUrl":""},{"@type":"BreadcrumbList","@id":"https:\/\/www.zerdab.com\/?p=14222#breadcrumb","itemListElement":[{"@type":"ListItem","position":1,"name":"Home","item":"https:\/\/www.zerdab.com\/"},{"@type":"ListItem","position":2,"name":"Sa\u011fmaq \u00fc\u00e7\u00fcn \u0259vv\u0259l in\u0259k laz\u0131md\u0131r, c\u0259nab deputat!"}]},{"@type":"WebSite","@id":"https:\/\/www.zerdab.com\/#website","url":"https:\/\/www.zerdab.com\/","name":"Z\u0259rdab.com","description":"","potentialAction":[{"@type":"SearchAction","target":{"@type":"EntryPoint","urlTemplate":"https:\/\/www.zerdab.com\/?s={search_term_string}"},"query-input":{"@type":"PropertyValueSpecification","valueRequired":true,"valueName":"search_term_string"}}],"inLanguage":"az"},{"@type":"Person","@id":"https:\/\/www.zerdab.com\/#\/schema\/person\/97079b7570c1e89ec0d9e138c3672136","name":"admin","image":{"@type":"ImageObject","inLanguage":"az","@id":"https:\/\/www.zerdab.com\/#\/schema\/person\/image\/","url":"https:\/\/secure.gravatar.com\/avatar\/d9c52a9a27c32119cb6679a077fa3e2779e5f822c451cbf01098004361d466ec?s=96&d=mm&r=g","contentUrl":"https:\/\/secure.gravatar.com\/avatar\/d9c52a9a27c32119cb6679a077fa3e2779e5f822c451cbf01098004361d466ec?s=96&d=mm&r=g","caption":"admin"},"url":"https:\/\/www.zerdab.com\/?author=1"}]}},"_links":{"self":[{"href":"https:\/\/www.zerdab.com\/index.php?rest_route=\/wp\/v2\/posts\/14222","targetHints":{"allow":["GET"]}}],"collection":[{"href":"https:\/\/www.zerdab.com\/index.php?rest_route=\/wp\/v2\/posts"}],"about":[{"href":"https:\/\/www.zerdab.com\/index.php?rest_route=\/wp\/v2\/types\/post"}],"author":[{"embeddable":true,"href":"https:\/\/www.zerdab.com\/index.php?rest_route=\/wp\/v2\/users\/1"}],"replies":[{"embeddable":true,"href":"https:\/\/www.zerdab.com\/index.php?rest_route=%2Fwp%2Fv2%2Fcomments&post=14222"}],"version-history":[{"count":1,"href":"https:\/\/www.zerdab.com\/index.php?rest_route=\/wp\/v2\/posts\/14222\/revisions"}],"predecessor-version":[{"id":14224,"href":"https:\/\/www.zerdab.com\/index.php?rest_route=\/wp\/v2\/posts\/14222\/revisions\/14224"}],"wp:attachment":[{"href":"https:\/\/www.zerdab.com\/index.php?rest_route=%2Fwp%2Fv2%2Fmedia&parent=14222"}],"wp:term":[{"taxonomy":"category","embeddable":true,"href":"https:\/\/www.zerdab.com\/index.php?rest_route=%2Fwp%2Fv2%2Fcategories&post=14222"},{"taxonomy":"post_tag","embeddable":true,"href":"https:\/\/www.zerdab.com\/index.php?rest_route=%2Fwp%2Fv2%2Ftags&post=14222"}],"curies":[{"name":"wp","href":"https:\/\/api.w.org\/{rel}","templated":true}]}}