{"id":14228,"date":"2014-01-23T08:00:37","date_gmt":"2014-01-23T04:00:37","guid":{"rendered":"http:\/\/www.zerdab.com\/?p=14228"},"modified":"2014-01-22T18:59:42","modified_gmt":"2014-01-22T14:59:42","slug":"jal%c9%99-%c9%99liyeva-son-ill%c9%99r-z%c9%99rdabda-muhum-layih%c9%99l%c9%99r-h%c9%99yata-kecirilir","status":"publish","type":"post","link":"https:\/\/www.zerdab.com\/?p=14228","title":{"rendered":"Jal\u0259 \u018fliyeva: &#8220;Son ill\u0259r Z\u0259rdabda m\u00fch\u00fcm layih\u0259l\u0259r h\u0259yata ke\u00e7irilir&#8221;"},"content":{"rendered":"<figure id=\"attachment_12530\" aria-describedby=\"caption-attachment-12530\" style=\"width: 400px\" class=\"wp-caption aligncenter\"><a href=\"http:\/\/www.zerdab.com\/wp-content\/uploads\/2013\/10\/Jal\u0259-\u018fliyeva-.jpg\"><img loading=\"lazy\" decoding=\"async\" class=\"size-medium wp-image-12530\" alt=\"Jal\u0259 \u018fliyeva\" src=\"http:\/\/www.zerdab.com\/wp-content\/uploads\/2013\/10\/Jal\u0259-\u018fliyeva--400x359.jpg\" width=\"400\" height=\"359\" \/><\/a><figcaption id=\"caption-attachment-12530\" class=\"wp-caption-text\"><span style=\"color: #0000ff;\"><strong>Jal\u0259 \u018fliyeva. Milli M\u0259clisin deputat\u0131,<\/strong><\/span><br \/><span style=\"color: #0000ff;\"><strong>Filiologiya eliml\u0259ri doktoru, BDU-nun professoru.<\/strong><\/span><\/figcaption><\/figure>\n<p>\u201cAz\u0259rbaycan iqtisadiyyat\u0131 y\u00fcks\u0259k templ\u0259 inki\u015faf edir. Bu inki\u015faf \u00f6z\u00fcn\u00fc yaln\u0131z paytaxtda, b\u00f6y\u00fck \u015f\u0259h\u0259rl\u0259rd\u0259 deyil, eyni zamanda \u0259n ucqar k\u0259ndl\u0259rd\u0259 v\u0259 q\u0259s\u0259b\u0259l\u0259rd\u0259 g\u00f6st\u0259rm\u0259kd\u0259dir\u201d. Zerdab.com sayt\u0131 Sia.az-a istinad\u0259n x\u0259b\u0259r verir ki, bu s\u00f6zl\u0259ri mill\u0259t v\u0259kili Jal\u0259 \u018fliyeva \u00f6lk\u0259mizd\u0259 regionlar\u0131n inki\u015faf\u0131 il\u0259 ba\u011fl\u0131 dan\u0131\u015fark\u0259n deyib. O bildirib ki, se\u00e7ildiyi Z\u0259rdab-Ucar rayonlar\u0131nda ged\u0259n inki\u015fafa n\u0259z\u0259r salsaq, Az\u0259rbaycanda regionlara g\u00f6st\u0259ril\u0259n diqq\u0259t v\u0259 qay\u011f\u0131n\u0131 g\u00f6rm\u0259k m\u00fcmk\u00fcnd\u00fcr. Mill\u0259t v\u0259kilinin s\u00f6zl\u0259rin\u0259 g\u00f6r\u0259, regionlar\u0131n inki\u015faf\u0131 proqram\u0131 \u00e7\u0259r\u00e7iv\u0259sind\u0259 son ill\u0259rd\u0259 Z\u0259rdab rayonunda m\u00fch\u00fcm layih\u0259l\u0259r h\u0259yata ke\u00e7irilir: \u201c10 il bundan \u0259vv\u0259l bu rayon iqtisadi c\u0259h\u0259td\u0259n Az\u0259rbaycan\u0131n \u0259n gerid\u0259 qalm\u0131\u015f rayonlar\u0131ndan biri v\u0259 ya birincisi idi. Bu g\u00fcn is\u0259 rayona girdiyimiz \u00a0andan etibar\u0259n qar\u015f\u0131la\u015f\u0131d\u0131\u011f\u0131m\u0131z m\u0259nz\u0259r\u0259 h\u0259qiq\u0259t\u0259n d\u0259 \u0259vv\u0259lki il\u0259 m\u00fcqayis\u0259d\u0259 insan\u0131 yax\u015f\u0131 m\u0259nada t\u0259\u0259cc\u00fcb v\u0259 heyr\u0259tl\u0259ndirir. Rayon su h\u00f6vz\u0259sind\u0259 yerl\u0259\u015fm\u0259sin\u0259 baxmayaraq, \u0259halisi uzun ill\u0259r idi ki susuzluqdan \u0259ziyy\u0259t \u00e7\u0259kirdi. Lakin g\u00f6r\u00fcl\u0259n i\u015fl\u0259rin n\u0259tic\u0259si olaraq indi \u0259hali su il\u0259 t\u0259min olunub. Bu g\u00fcn \u0259kinl\u0259 m\u0259\u015f\u011ful olan h\u0259r bir k\u0259ndli \u00f6z torpa\u011f\u0131n\u0131 lazim oldu\u011fu q\u0259d\u0259r suvara bilir. \u018fhali i\u00e7m\u0259li su il\u0259 t\u0259min olunub\u201d. Mill\u0259t v\u0259kili s\u00f6yl\u0259yib ki, 10 il bundan \u0259vv\u0259l regionlar\u0131n \u0259sas probleml\u0259rd\u0259n biri elektrik enerjisi idi ki, g\u00f6r\u00fcl\u0259n i\u015fl\u0259rin say\u0259sind\u0259 haz\u0131rda rayonlar v\u0259 k\u0259ndl\u0259rd\u0259 elektrik enerjisi fasil\u0259siz verilir: \u00a0\u201cRegionlarda \u0259halinin dig\u0259r problemi qaz idi ki, bu m\u0259s\u0259l\u0259nin d\u0259 h\u0259lli il\u0259 ba\u011fl\u0131 eyni s\u00f6zl\u0259ri dem\u0259k olar. Bilirsiniz ki, Sovetl\u0259r Birliyi da\u011f\u0131ld\u0131qdan sonra \u00a0b\u00fct\u00fcn infrostrukturlar kimi qaz\u0131n verilm\u0259si dayand\u0131r\u0131ld\u0131. V\u0259ziyy\u0259t \u00e7ox b\u0259rbad idi. T\u0259bii ki, onlar\u0131n da s\u0259b\u0259bi m\u0259lum idi. Sap\u0131 \u00f6z\u00fcm\u00fczd\u0259n olan baltalar b\u00fct\u00fcn boru x\u0259tl\u0259rini k\u0259s\u0259r\u0259k qaz\u0131 qon\u015fu \u00f6lk\u0259l\u0259r\u0259 satm\u0131\u015fd\u0131lar. Amma haz\u0131rda \u00f6lk\u0259 ba\u015f\u00e7\u0131s\u0131n\u0131n g\u00fccl\u00fc siyas\u0259ti n\u0259tic\u0259sind\u0259 b\u00fct\u00fcn b\u00f6lg\u0259l\u0259rd\u0259 qazla\u015fd\u0131r\u0131lma prosesi s\u00fcr\u0259tl\u0259 h\u0259yata ke\u00e7irilir. D\u00fczd\u00fcr, bu i\u015fl\u0259r \u00f6t\u0259n il tam bitm\u0259li idi. Lakin \u00f6lk\u0259 ba\u015f\u00e7\u0131s\u0131n\u0131n da qeyd etdiyi kimi, m\u00fc\u0259yy\u0259n yubanmalar oldu. B\u00fct\u00fcn bu i\u015fl\u0259r 2014-c\u00fc ilin sonu 2015-ci ilin \u0259vv\u0259lin\u0259 q\u0259d\u0259r ba\u015fa \u00e7atacaq\u201d. J. \u018fliyeva onu da bildirib ki, regionlar\u0131m\u0131z\u0131n sosial- iqtisadi inki\u015faf\u0131 il\u0259 ba\u011fl\u0131 g\u00f6r\u00fcl\u0259n i\u015fl\u0259r\u0259 h\u0259m\u00e7inin yollar, m\u0259kt\u0259bl\u0259rin t\u0259miri v\u0259 dig\u0259rl\u0259ri daxildir. 15 il bundan qabaq el\u0259 regionlar var idi ki, orada m\u0259kt\u0259bl\u0259rin v\u0259ziyy\u0259ti \u00e7ox pis idi. Buna misal olaraq, Z\u0259rdab rayonunu g\u00f6st\u0259rm\u0259k olar. Lakin bu g\u00fcn Z\u0259rdab\u0131n el\u0259 bir k\u0259ndi yoxdur ki, orda m\u00fcasir standartlara cavab ver\u0259n m\u0259kt\u0259bl\u0259r tikilm\u0259sin. M\u0259kt\u0259bl\u0259rd\u0259 istilik sistemi, avadanl\u0131qlar \u0259n y\u00fcks\u0259k s\u0259viyy\u0259d\u0259dir. Bu g\u00fcn bax\u00e7alar, x\u0259st\u0259xanalar tikilir, t\u0259mir edilir. \u0130nsanlar\u0131n i\u015fl\u0259 t\u0259minat\u0131 y\u00fcks\u0259k s\u0259viyy\u0259d\u0259dir. M\u0259d\u0259niyy\u0259t obyektl\u0259ri \u00a0t\u0259mir edilir. Regionlar\u0131n inki\u015faf\u0131ndan dan\u0131\u015fanda ilk an insan\u0131n a\u011fl\u0131na g\u0259l\u0259n bunlard\u0131r. T\u0259bii ki, bunlar g\u00f6r\u00fcl\u0259n i\u015fl\u0259rin \u00e7ox c\u00fczi bir hiss\u0259sidir. G\u00f6r\u00fcl\u0259n i\u015fl\u0259r \u00f6lk\u0259 ba\u015f\u00e7\u0131s\u0131 \u0130lham \u018fliyevin h\u0259r bir az\u0259rbaycanl\u0131ya g\u00f6st\u0259rdiyi qay\u011f\u0131d\u0131r. \u00d6z\u00fcn\u00fcn dediyi kimi, \u00f6lk\u0259mizd\u0259 insan amilin\u0259 veril\u0259n qiym\u0259tin t\u0259zah\u00fcr\u00fcd\u00fcr\u201d.<\/p>\n","protected":false},"excerpt":{"rendered":"<p>\u201cAz\u0259rbaycan iqtisadiyyat\u0131 y\u00fcks\u0259k templ\u0259 inki\u015faf edir. Bu inki\u015faf \u00f6z\u00fcn\u00fc yaln\u0131z paytaxtda, b\u00f6y\u00fck \u015f\u0259h\u0259rl\u0259rd\u0259 deyil, eyni zamanda \u0259n ucqar k\u0259ndl\u0259rd\u0259 v\u0259 q\u0259s\u0259b\u0259l\u0259rd\u0259 g\u00f6st\u0259rm\u0259kd\u0259dir\u201d. Zerdab.com sayt\u0131 Sia.az-a istinad\u0259n x\u0259b\u0259r verir ki, bu s\u00f6zl\u0259ri mill\u0259t v\u0259kili Jal\u0259 \u018fliyeva \u00f6lk\u0259mizd\u0259 regionlar\u0131n inki\u015faf\u0131 il\u0259 ba\u011fl\u0131 dan\u0131\u015fark\u0259n deyib. O bildirib ki, se\u00e7ildiyi Z\u0259rdab-Ucar rayonlar\u0131nda ged\u0259n inki\u015fafa n\u0259z\u0259r salsaq, Az\u0259rbaycanda regionlara g\u00f6st\u0259ril\u0259n [&hellip;]<\/p>\n","protected":false},"author":1,"featured_media":0,"comment_status":"open","ping_status":"open","sticky":false,"template":"","format":"standard","meta":{"footnotes":""},"categories":[21],"tags":[],"class_list":{"0":"post-14228","1":"post","2":"type-post","3":"status-publish","4":"format-standard","6":"category-zrdab"},"yoast_head":"<!-- This site is optimized with the Yoast SEO plugin v27.0 - https:\/\/yoast.com\/product\/yoast-seo-wordpress\/ -->\n<title>Jal\u0259 \u018fliyeva: &quot;Son ill\u0259r Z\u0259rdabda m\u00fch\u00fcm layih\u0259l\u0259r h\u0259yata ke\u00e7irilir&quot; - Z\u0259rdab.com<\/title>\n<meta name=\"robots\" content=\"index, follow, max-snippet:-1, max-image-preview:large, max-video-preview:-1\" \/>\n<link rel=\"canonical\" href=\"https:\/\/www.zerdab.com\/?p=14228\" \/>\n<meta property=\"og:locale\" content=\"az_AZ\" \/>\n<meta property=\"og:type\" content=\"article\" \/>\n<meta property=\"og:title\" content=\"Jal\u0259 \u018fliyeva: &quot;Son ill\u0259r Z\u0259rdabda m\u00fch\u00fcm layih\u0259l\u0259r h\u0259yata ke\u00e7irilir&quot; - Z\u0259rdab.com\" \/>\n<meta property=\"og:description\" content=\"\u201cAz\u0259rbaycan iqtisadiyyat\u0131 y\u00fcks\u0259k templ\u0259 inki\u015faf edir. Bu inki\u015faf \u00f6z\u00fcn\u00fc yaln\u0131z paytaxtda, b\u00f6y\u00fck \u015f\u0259h\u0259rl\u0259rd\u0259 deyil, eyni zamanda \u0259n ucqar k\u0259ndl\u0259rd\u0259 v\u0259 q\u0259s\u0259b\u0259l\u0259rd\u0259 g\u00f6st\u0259rm\u0259kd\u0259dir\u201d. Zerdab.com sayt\u0131 Sia.az-a istinad\u0259n x\u0259b\u0259r verir ki, bu s\u00f6zl\u0259ri mill\u0259t v\u0259kili Jal\u0259 \u018fliyeva \u00f6lk\u0259mizd\u0259 regionlar\u0131n inki\u015faf\u0131 il\u0259 ba\u011fl\u0131 dan\u0131\u015fark\u0259n deyib. O bildirib ki, se\u00e7ildiyi Z\u0259rdab-Ucar rayonlar\u0131nda ged\u0259n inki\u015fafa n\u0259z\u0259r salsaq, Az\u0259rbaycanda regionlara g\u00f6st\u0259ril\u0259n [&hellip;]\" \/>\n<meta property=\"og:url\" content=\"https:\/\/www.zerdab.com\/?p=14228\" \/>\n<meta property=\"og:site_name\" content=\"Z\u0259rdab.com\" \/>\n<meta property=\"article:published_time\" content=\"2014-01-23T04:00:37+00:00\" \/>\n<meta name=\"author\" content=\"admin\" \/>\n<meta name=\"twitter:card\" content=\"summary_large_image\" \/>\n<meta name=\"twitter:label1\" content=\"Written by\" \/>\n\t<meta name=\"twitter:data1\" content=\"admin\" \/>\n\t<meta name=\"twitter:label2\" content=\"Est. reading time\" \/>\n\t<meta name=\"twitter:data2\" content=\"4 minutes\" \/>\n<script type=\"application\/ld+json\" class=\"yoast-schema-graph\">{\"@context\":\"https:\/\/schema.org\",\"@graph\":[{\"@type\":\"Article\",\"@id\":\"https:\/\/www.zerdab.com\/?p=14228#article\",\"isPartOf\":{\"@id\":\"https:\/\/www.zerdab.com\/?p=14228\"},\"author\":{\"name\":\"admin\",\"@id\":\"https:\/\/www.zerdab.com\/#\/schema\/person\/97079b7570c1e89ec0d9e138c3672136\"},\"headline\":\"Jal\u0259 \u018fliyeva: &#8220;Son ill\u0259r Z\u0259rdabda m\u00fch\u00fcm layih\u0259l\u0259r h\u0259yata ke\u00e7irilir&#8221;\",\"datePublished\":\"2014-01-23T04:00:37+00:00\",\"mainEntityOfPage\":{\"@id\":\"https:\/\/www.zerdab.com\/?p=14228\"},\"wordCount\":759,\"commentCount\":0,\"articleSection\":[\"C\u018fM\u0130YY\u018fT\"],\"inLanguage\":\"az\",\"potentialAction\":[{\"@type\":\"CommentAction\",\"name\":\"Comment\",\"target\":[\"https:\/\/www.zerdab.com\/?p=14228#respond\"]}]},{\"@type\":\"WebPage\",\"@id\":\"https:\/\/www.zerdab.com\/?p=14228\",\"url\":\"https:\/\/www.zerdab.com\/?p=14228\",\"name\":\"Jal\u0259 \u018fliyeva: \\\"Son ill\u0259r Z\u0259rdabda m\u00fch\u00fcm layih\u0259l\u0259r h\u0259yata ke\u00e7irilir\\\" - Z\u0259rdab.com\",\"isPartOf\":{\"@id\":\"https:\/\/www.zerdab.com\/#website\"},\"datePublished\":\"2014-01-23T04:00:37+00:00\",\"author\":{\"@id\":\"https:\/\/www.zerdab.com\/#\/schema\/person\/97079b7570c1e89ec0d9e138c3672136\"},\"breadcrumb\":{\"@id\":\"https:\/\/www.zerdab.com\/?p=14228#breadcrumb\"},\"inLanguage\":\"az\",\"potentialAction\":[{\"@type\":\"ReadAction\",\"target\":[\"https:\/\/www.zerdab.com\/?p=14228\"]}]},{\"@type\":\"BreadcrumbList\",\"@id\":\"https:\/\/www.zerdab.com\/?p=14228#breadcrumb\",\"itemListElement\":[{\"@type\":\"ListItem\",\"position\":1,\"name\":\"Home\",\"item\":\"https:\/\/www.zerdab.com\/\"},{\"@type\":\"ListItem\",\"position\":2,\"name\":\"Jal\u0259 \u018fliyeva: &#8220;Son ill\u0259r Z\u0259rdabda m\u00fch\u00fcm layih\u0259l\u0259r h\u0259yata ke\u00e7irilir&#8221;\"}]},{\"@type\":\"WebSite\",\"@id\":\"https:\/\/www.zerdab.com\/#website\",\"url\":\"https:\/\/www.zerdab.com\/\",\"name\":\"Z\u0259rdab.com\",\"description\":\"\",\"potentialAction\":[{\"@type\":\"SearchAction\",\"target\":{\"@type\":\"EntryPoint\",\"urlTemplate\":\"https:\/\/www.zerdab.com\/?s={search_term_string}\"},\"query-input\":{\"@type\":\"PropertyValueSpecification\",\"valueRequired\":true,\"valueName\":\"search_term_string\"}}],\"inLanguage\":\"az\"},{\"@type\":\"Person\",\"@id\":\"https:\/\/www.zerdab.com\/#\/schema\/person\/97079b7570c1e89ec0d9e138c3672136\",\"name\":\"admin\",\"image\":{\"@type\":\"ImageObject\",\"inLanguage\":\"az\",\"@id\":\"https:\/\/www.zerdab.com\/#\/schema\/person\/image\/\",\"url\":\"https:\/\/secure.gravatar.com\/avatar\/d9c52a9a27c32119cb6679a077fa3e2779e5f822c451cbf01098004361d466ec?s=96&d=mm&r=g\",\"contentUrl\":\"https:\/\/secure.gravatar.com\/avatar\/d9c52a9a27c32119cb6679a077fa3e2779e5f822c451cbf01098004361d466ec?s=96&d=mm&r=g\",\"caption\":\"admin\"},\"url\":\"https:\/\/www.zerdab.com\/?author=1\"}]}<\/script>\n<!-- \/ Yoast SEO plugin. -->","yoast_head_json":{"title":"Jal\u0259 \u018fliyeva: \"Son ill\u0259r Z\u0259rdabda m\u00fch\u00fcm layih\u0259l\u0259r h\u0259yata ke\u00e7irilir\" - Z\u0259rdab.com","robots":{"index":"index","follow":"follow","max-snippet":"max-snippet:-1","max-image-preview":"max-image-preview:large","max-video-preview":"max-video-preview:-1"},"canonical":"https:\/\/www.zerdab.com\/?p=14228","og_locale":"az_AZ","og_type":"article","og_title":"Jal\u0259 \u018fliyeva: \"Son ill\u0259r Z\u0259rdabda m\u00fch\u00fcm layih\u0259l\u0259r h\u0259yata ke\u00e7irilir\" - Z\u0259rdab.com","og_description":"\u201cAz\u0259rbaycan iqtisadiyyat\u0131 y\u00fcks\u0259k templ\u0259 inki\u015faf edir. Bu inki\u015faf \u00f6z\u00fcn\u00fc yaln\u0131z paytaxtda, b\u00f6y\u00fck \u015f\u0259h\u0259rl\u0259rd\u0259 deyil, eyni zamanda \u0259n ucqar k\u0259ndl\u0259rd\u0259 v\u0259 q\u0259s\u0259b\u0259l\u0259rd\u0259 g\u00f6st\u0259rm\u0259kd\u0259dir\u201d. Zerdab.com sayt\u0131 Sia.az-a istinad\u0259n x\u0259b\u0259r verir ki, bu s\u00f6zl\u0259ri mill\u0259t v\u0259kili Jal\u0259 \u018fliyeva \u00f6lk\u0259mizd\u0259 regionlar\u0131n inki\u015faf\u0131 il\u0259 ba\u011fl\u0131 dan\u0131\u015fark\u0259n deyib. O bildirib ki, se\u00e7ildiyi Z\u0259rdab-Ucar rayonlar\u0131nda ged\u0259n inki\u015fafa n\u0259z\u0259r salsaq, Az\u0259rbaycanda regionlara g\u00f6st\u0259ril\u0259n [&hellip;]","og_url":"https:\/\/www.zerdab.com\/?p=14228","og_site_name":"Z\u0259rdab.com","article_published_time":"2014-01-23T04:00:37+00:00","author":"admin","twitter_card":"summary_large_image","twitter_misc":{"Written by":"admin","Est. reading time":"4 minutes"},"schema":{"@context":"https:\/\/schema.org","@graph":[{"@type":"Article","@id":"https:\/\/www.zerdab.com\/?p=14228#article","isPartOf":{"@id":"https:\/\/www.zerdab.com\/?p=14228"},"author":{"name":"admin","@id":"https:\/\/www.zerdab.com\/#\/schema\/person\/97079b7570c1e89ec0d9e138c3672136"},"headline":"Jal\u0259 \u018fliyeva: &#8220;Son ill\u0259r Z\u0259rdabda m\u00fch\u00fcm layih\u0259l\u0259r h\u0259yata ke\u00e7irilir&#8221;","datePublished":"2014-01-23T04:00:37+00:00","mainEntityOfPage":{"@id":"https:\/\/www.zerdab.com\/?p=14228"},"wordCount":759,"commentCount":0,"articleSection":["C\u018fM\u0130YY\u018fT"],"inLanguage":"az","potentialAction":[{"@type":"CommentAction","name":"Comment","target":["https:\/\/www.zerdab.com\/?p=14228#respond"]}]},{"@type":"WebPage","@id":"https:\/\/www.zerdab.com\/?p=14228","url":"https:\/\/www.zerdab.com\/?p=14228","name":"Jal\u0259 \u018fliyeva: \"Son ill\u0259r Z\u0259rdabda m\u00fch\u00fcm layih\u0259l\u0259r h\u0259yata ke\u00e7irilir\" - Z\u0259rdab.com","isPartOf":{"@id":"https:\/\/www.zerdab.com\/#website"},"datePublished":"2014-01-23T04:00:37+00:00","author":{"@id":"https:\/\/www.zerdab.com\/#\/schema\/person\/97079b7570c1e89ec0d9e138c3672136"},"breadcrumb":{"@id":"https:\/\/www.zerdab.com\/?p=14228#breadcrumb"},"inLanguage":"az","potentialAction":[{"@type":"ReadAction","target":["https:\/\/www.zerdab.com\/?p=14228"]}]},{"@type":"BreadcrumbList","@id":"https:\/\/www.zerdab.com\/?p=14228#breadcrumb","itemListElement":[{"@type":"ListItem","position":1,"name":"Home","item":"https:\/\/www.zerdab.com\/"},{"@type":"ListItem","position":2,"name":"Jal\u0259 \u018fliyeva: &#8220;Son ill\u0259r Z\u0259rdabda m\u00fch\u00fcm layih\u0259l\u0259r h\u0259yata ke\u00e7irilir&#8221;"}]},{"@type":"WebSite","@id":"https:\/\/www.zerdab.com\/#website","url":"https:\/\/www.zerdab.com\/","name":"Z\u0259rdab.com","description":"","potentialAction":[{"@type":"SearchAction","target":{"@type":"EntryPoint","urlTemplate":"https:\/\/www.zerdab.com\/?s={search_term_string}"},"query-input":{"@type":"PropertyValueSpecification","valueRequired":true,"valueName":"search_term_string"}}],"inLanguage":"az"},{"@type":"Person","@id":"https:\/\/www.zerdab.com\/#\/schema\/person\/97079b7570c1e89ec0d9e138c3672136","name":"admin","image":{"@type":"ImageObject","inLanguage":"az","@id":"https:\/\/www.zerdab.com\/#\/schema\/person\/image\/","url":"https:\/\/secure.gravatar.com\/avatar\/d9c52a9a27c32119cb6679a077fa3e2779e5f822c451cbf01098004361d466ec?s=96&d=mm&r=g","contentUrl":"https:\/\/secure.gravatar.com\/avatar\/d9c52a9a27c32119cb6679a077fa3e2779e5f822c451cbf01098004361d466ec?s=96&d=mm&r=g","caption":"admin"},"url":"https:\/\/www.zerdab.com\/?author=1"}]}},"_links":{"self":[{"href":"https:\/\/www.zerdab.com\/index.php?rest_route=\/wp\/v2\/posts\/14228","targetHints":{"allow":["GET"]}}],"collection":[{"href":"https:\/\/www.zerdab.com\/index.php?rest_route=\/wp\/v2\/posts"}],"about":[{"href":"https:\/\/www.zerdab.com\/index.php?rest_route=\/wp\/v2\/types\/post"}],"author":[{"embeddable":true,"href":"https:\/\/www.zerdab.com\/index.php?rest_route=\/wp\/v2\/users\/1"}],"replies":[{"embeddable":true,"href":"https:\/\/www.zerdab.com\/index.php?rest_route=%2Fwp%2Fv2%2Fcomments&post=14228"}],"version-history":[{"count":1,"href":"https:\/\/www.zerdab.com\/index.php?rest_route=\/wp\/v2\/posts\/14228\/revisions"}],"predecessor-version":[{"id":14229,"href":"https:\/\/www.zerdab.com\/index.php?rest_route=\/wp\/v2\/posts\/14228\/revisions\/14229"}],"wp:attachment":[{"href":"https:\/\/www.zerdab.com\/index.php?rest_route=%2Fwp%2Fv2%2Fmedia&parent=14228"}],"wp:term":[{"taxonomy":"category","embeddable":true,"href":"https:\/\/www.zerdab.com\/index.php?rest_route=%2Fwp%2Fv2%2Fcategories&post=14228"},{"taxonomy":"post_tag","embeddable":true,"href":"https:\/\/www.zerdab.com\/index.php?rest_route=%2Fwp%2Fv2%2Ftags&post=14228"}],"curies":[{"name":"wp","href":"https:\/\/api.w.org\/{rel}","templated":true}]}}