{"id":1437,"date":"2012-04-27T12:41:57","date_gmt":"2012-04-27T07:41:57","guid":{"rendered":"http:\/\/www.zerdab.com\/?p=1437"},"modified":"2012-04-28T21:58:26","modified_gmt":"2012-04-28T16:58:26","slug":"z%c9%99rdabin-p%c9%99rvanli-k%c9%99ndind%c9%99-d%c9%99y%c9%99ri-1-milyon-manat-olan-moht%c9%99s%c9%99m-m%c9%99kt%c9%99b-kompleksi-tikilir","status":"publish","type":"post","link":"https:\/\/www.zerdab.com\/?p=1437","title":{"rendered":"Z\u0259rdab\u0131n P\u0259rvanl\u0131 k\u0259ndind\u0259 m\u00f6ht\u0259\u015f\u0259m m\u0259kt\u0259b kompleksi tikilir"},"content":{"rendered":"<figure id=\"attachment_1438\" aria-describedby=\"caption-attachment-1438\" style=\"width: 688px\" class=\"wp-caption alignleft\"><a href=\"http:\/\/www.zerdab.com\/?attachment_id=1438\" rel=\"attachment wp-att-1438\"><img loading=\"lazy\" decoding=\"async\" class=\"size-large wp-image-1438\" title=\"aile 059\" src=\"http:\/\/www.zerdab.com\/wp-content\/uploads\/2012\/04\/aile-059-1000x666.jpg\" alt=\"\" width=\"688\" height=\"458\" \/><\/a><figcaption id=\"caption-attachment-1438\" class=\"wp-caption-text\">Foto: www.zerdab.com<\/figcaption><\/figure>\n<p>&#8220;Az\u0259rbaycan Respublikas\u0131 regionlar\u0131n\u0131n 2009-2013-c\u00fc ill\u0259rd\u0259 sosial-iqtisadi inki\u015faf\u0131 D\u00f6vl\u0259t Proqram\u0131&#8221;na uy\u011fun olaraq Z\u0259rdab rayonunun P\u0259rvanl\u0131 k\u0259ndind\u0259 180 yerlik m\u0259kt\u0259b kompleksi in\u015fa edilir.<br \/>\n\u0130\u015f icra\u00e7\u0131s\u0131 \u018fdal\u0259t A\u011famal\u0131yev <strong>www.zerdab.com sayt\u0131na a\u00e7\u0131qlamas\u0131nda<\/strong> deyib ki, m\u0259kt\u0259b T\u0259hsil Nazirliyinin sifari\u015fi, Heyd\u0259r \u018fliyev Fondunun d\u0259st\u0259yi hesab\u0131na in\u015fa edilir. \u018fdal\u0259t A\u011famal\u0131yev in\u015faat i\u015fl\u0259rind\u0259 22 n\u0259f\u0259rin \u00e7al\u0131\u015fd\u0131\u011f\u0131n\u0131 s\u00f6yl\u0259yib. Onun s\u00f6zl\u0259rin\u0259 g\u00f6r\u0259, 2 m\u0259rt\u0259b\u0259li m\u0259kt\u0259bd\u0259 idman zal\u0131, qazanxana, yan\u011f\u0131ndan m\u00fchafiz\u0259 \u00fc\u00e7\u00fcn hovuz, 1 nasosxana anbar\u0131, kimya-fizika laborotoriyas\u0131<br \/>\nv\u0259 s. olacaq. \u0130dman zal\u0131nda b\u00fct\u00fcn avadanl\u0131qlar qura\u015fd\u0131r\u0131lacaq.<br \/>\n<strong>www.zerdab.com sayt\u0131 x\u0259b\u0259r verir ki,<\/strong> m\u00fcasir standartlara cavab ver\u0259c\u0259k m\u00f6ht\u0259\u015f\u0259m m\u0259kt\u0259b-kompleksin \u00fcmumi d\u0259y\u0259ri 1 milyon 16 min 470 manatd\u0131r. \u0130ndiy\u0259d\u0259k burada 465 min manatl\u0131q tikinti i\u015fl\u0259ri apar\u0131l\u0131b.<br \/>\nQeyd ed\u0259k ki, in\u015fas\u0131na \u00f6t\u0259n ilin sentyabr ay\u0131ndan ba\u015flanm\u0131\u015f m\u0259kt\u0259b cari ilin sentyabr ay\u0131nda istifad\u0259y\u0259 veril\u0259c\u0259k.<\/p>\n<p><strong>Haz\u0131rlad\u0131: Nicat \u0130smay\u0131lov\/ www.zerdab.com<\/strong><\/p>\n<p><strong>FOTOLAR<\/strong>:<\/p>\n<figure id=\"attachment_1441\" aria-describedby=\"caption-attachment-1441\" style=\"width: 688px\" class=\"wp-caption alignleft\"><a href=\"http:\/\/www.zerdab.com\/?attachment_id=1441\" rel=\"attachment wp-att-1441\"><img loading=\"lazy\" decoding=\"async\" class=\"size-large wp-image-1441\" title=\"aile 056\" src=\"http:\/\/www.zerdab.com\/wp-content\/uploads\/2012\/04\/aile-056-1000x666.jpg\" alt=\"\" width=\"688\" height=\"458\" \/><\/a><figcaption id=\"caption-attachment-1441\" class=\"wp-caption-text\">Foto: www.zerdab.com<\/figcaption><\/figure>\n<p><a href=\"http:\/\/www.zerdab.com\/?attachment_id=1442\" rel=\"attachment wp-att-1442\"><img loading=\"lazy\" decoding=\"async\" class=\"alignleft size-large wp-image-1442\" title=\"mekteb\" src=\"http:\/\/www.zerdab.com\/wp-content\/uploads\/2012\/04\/aile-057-1000x666.jpg\" alt=\"Foto: www.zerdab.com\" width=\"688\" height=\"458\" \/><\/a><\/p>\n","protected":false},"excerpt":{"rendered":"<p>&#8220;Az\u0259rbaycan Respublikas\u0131 regionlar\u0131n\u0131n 2009-2013-c\u00fc ill\u0259rd\u0259 sosial-iqtisadi inki\u015faf\u0131 D\u00f6vl\u0259t Proqram\u0131&#8221;na uy\u011fun olaraq Z\u0259rdab rayonunun P\u0259rvanl\u0131 k\u0259ndind\u0259 180 yerlik m\u0259kt\u0259b kompleksi in\u015fa edilir. \u0130\u015f icra\u00e7\u0131s\u0131 \u018fdal\u0259t A\u011famal\u0131yev www.zerdab.com sayt\u0131na a\u00e7\u0131qlamas\u0131nda deyib ki, m\u0259kt\u0259b T\u0259hsil Nazirliyinin sifari\u015fi, Heyd\u0259r \u018fliyev Fondunun d\u0259st\u0259yi hesab\u0131na in\u015fa edilir. \u018fdal\u0259t A\u011famal\u0131yev in\u015faat i\u015fl\u0259rind\u0259 22 n\u0259f\u0259rin \u00e7al\u0131\u015fd\u0131\u011f\u0131n\u0131 s\u00f6yl\u0259yib. Onun s\u00f6zl\u0259rin\u0259 g\u00f6r\u0259, 2 m\u0259rt\u0259b\u0259li m\u0259kt\u0259bd\u0259 [&hellip;]<\/p>\n","protected":false},"author":1,"featured_media":0,"comment_status":"open","ping_status":"open","sticky":false,"template":"","format":"standard","meta":{"footnotes":""},"categories":[21],"tags":[],"class_list":{"0":"post-1437","1":"post","2":"type-post","3":"status-publish","4":"format-standard","6":"category-zrdab"},"yoast_head":"<!-- This site is optimized with the Yoast SEO plugin v27.0 - https:\/\/yoast.com\/product\/yoast-seo-wordpress\/ -->\n<title>Z\u0259rdab\u0131n P\u0259rvanl\u0131 k\u0259ndind\u0259 m\u00f6ht\u0259\u015f\u0259m m\u0259kt\u0259b kompleksi tikilir - Z\u0259rdab.com<\/title>\n<meta name=\"robots\" content=\"index, follow, max-snippet:-1, max-image-preview:large, max-video-preview:-1\" \/>\n<link rel=\"canonical\" href=\"https:\/\/www.zerdab.com\/?p=1437\" \/>\n<meta property=\"og:locale\" content=\"az_AZ\" \/>\n<meta property=\"og:type\" content=\"article\" \/>\n<meta property=\"og:title\" content=\"Z\u0259rdab\u0131n P\u0259rvanl\u0131 k\u0259ndind\u0259 m\u00f6ht\u0259\u015f\u0259m m\u0259kt\u0259b kompleksi tikilir - Z\u0259rdab.com\" \/>\n<meta property=\"og:description\" content=\"&#8220;Az\u0259rbaycan Respublikas\u0131 regionlar\u0131n\u0131n 2009-2013-c\u00fc ill\u0259rd\u0259 sosial-iqtisadi inki\u015faf\u0131 D\u00f6vl\u0259t Proqram\u0131&#8221;na uy\u011fun olaraq Z\u0259rdab rayonunun P\u0259rvanl\u0131 k\u0259ndind\u0259 180 yerlik m\u0259kt\u0259b kompleksi in\u015fa edilir. \u0130\u015f icra\u00e7\u0131s\u0131 \u018fdal\u0259t A\u011famal\u0131yev www.zerdab.com sayt\u0131na a\u00e7\u0131qlamas\u0131nda deyib ki, m\u0259kt\u0259b T\u0259hsil Nazirliyinin sifari\u015fi, Heyd\u0259r \u018fliyev Fondunun d\u0259st\u0259yi hesab\u0131na in\u015fa edilir. \u018fdal\u0259t A\u011famal\u0131yev in\u015faat i\u015fl\u0259rind\u0259 22 n\u0259f\u0259rin \u00e7al\u0131\u015fd\u0131\u011f\u0131n\u0131 s\u00f6yl\u0259yib. Onun s\u00f6zl\u0259rin\u0259 g\u00f6r\u0259, 2 m\u0259rt\u0259b\u0259li m\u0259kt\u0259bd\u0259 [&hellip;]\" \/>\n<meta property=\"og:url\" content=\"https:\/\/www.zerdab.com\/?p=1437\" \/>\n<meta property=\"og:site_name\" content=\"Z\u0259rdab.com\" \/>\n<meta property=\"article:published_time\" content=\"2012-04-27T07:41:57+00:00\" \/>\n<meta property=\"article:modified_time\" content=\"2012-04-28T16:58:26+00:00\" \/>\n<meta property=\"og:image\" content=\"http:\/\/www.zerdab.com\/wp-content\/uploads\/2012\/04\/aile-059-1000x666.jpg\" \/>\n<meta name=\"author\" content=\"admin\" \/>\n<meta name=\"twitter:card\" content=\"summary_large_image\" \/>\n<meta name=\"twitter:label1\" content=\"Written by\" \/>\n\t<meta name=\"twitter:data1\" content=\"admin\" \/>\n\t<meta name=\"twitter:label2\" content=\"Est. reading time\" \/>\n\t<meta name=\"twitter:data2\" content=\"1 minute\" \/>\n<script type=\"application\/ld+json\" class=\"yoast-schema-graph\">{\"@context\":\"https:\/\/schema.org\",\"@graph\":[{\"@type\":\"Article\",\"@id\":\"https:\/\/www.zerdab.com\/?p=1437#article\",\"isPartOf\":{\"@id\":\"https:\/\/www.zerdab.com\/?p=1437\"},\"author\":{\"name\":\"admin\",\"@id\":\"https:\/\/www.zerdab.com\/#\/schema\/person\/97079b7570c1e89ec0d9e138c3672136\"},\"headline\":\"Z\u0259rdab\u0131n P\u0259rvanl\u0131 k\u0259ndind\u0259 m\u00f6ht\u0259\u015f\u0259m m\u0259kt\u0259b kompleksi tikilir\",\"datePublished\":\"2012-04-27T07:41:57+00:00\",\"dateModified\":\"2012-04-28T16:58:26+00:00\",\"mainEntityOfPage\":{\"@id\":\"https:\/\/www.zerdab.com\/?p=1437\"},\"wordCount\":253,\"commentCount\":0,\"image\":{\"@id\":\"https:\/\/www.zerdab.com\/?p=1437#primaryimage\"},\"thumbnailUrl\":\"http:\/\/www.zerdab.com\/wp-content\/uploads\/2012\/04\/aile-059-1000x666.jpg\",\"articleSection\":[\"C\u018fM\u0130YY\u018fT\"],\"inLanguage\":\"az\",\"potentialAction\":[{\"@type\":\"CommentAction\",\"name\":\"Comment\",\"target\":[\"https:\/\/www.zerdab.com\/?p=1437#respond\"]}]},{\"@type\":\"WebPage\",\"@id\":\"https:\/\/www.zerdab.com\/?p=1437\",\"url\":\"https:\/\/www.zerdab.com\/?p=1437\",\"name\":\"Z\u0259rdab\u0131n P\u0259rvanl\u0131 k\u0259ndind\u0259 m\u00f6ht\u0259\u015f\u0259m m\u0259kt\u0259b kompleksi tikilir - Z\u0259rdab.com\",\"isPartOf\":{\"@id\":\"https:\/\/www.zerdab.com\/#website\"},\"primaryImageOfPage\":{\"@id\":\"https:\/\/www.zerdab.com\/?p=1437#primaryimage\"},\"image\":{\"@id\":\"https:\/\/www.zerdab.com\/?p=1437#primaryimage\"},\"thumbnailUrl\":\"http:\/\/www.zerdab.com\/wp-content\/uploads\/2012\/04\/aile-059-1000x666.jpg\",\"datePublished\":\"2012-04-27T07:41:57+00:00\",\"dateModified\":\"2012-04-28T16:58:26+00:00\",\"author\":{\"@id\":\"https:\/\/www.zerdab.com\/#\/schema\/person\/97079b7570c1e89ec0d9e138c3672136\"},\"breadcrumb\":{\"@id\":\"https:\/\/www.zerdab.com\/?p=1437#breadcrumb\"},\"inLanguage\":\"az\",\"potentialAction\":[{\"@type\":\"ReadAction\",\"target\":[\"https:\/\/www.zerdab.com\/?p=1437\"]}]},{\"@type\":\"ImageObject\",\"inLanguage\":\"az\",\"@id\":\"https:\/\/www.zerdab.com\/?p=1437#primaryimage\",\"url\":\"\",\"contentUrl\":\"\"},{\"@type\":\"BreadcrumbList\",\"@id\":\"https:\/\/www.zerdab.com\/?p=1437#breadcrumb\",\"itemListElement\":[{\"@type\":\"ListItem\",\"position\":1,\"name\":\"Home\",\"item\":\"https:\/\/www.zerdab.com\/\"},{\"@type\":\"ListItem\",\"position\":2,\"name\":\"Z\u0259rdab\u0131n P\u0259rvanl\u0131 k\u0259ndind\u0259 m\u00f6ht\u0259\u015f\u0259m m\u0259kt\u0259b kompleksi tikilir\"}]},{\"@type\":\"WebSite\",\"@id\":\"https:\/\/www.zerdab.com\/#website\",\"url\":\"https:\/\/www.zerdab.com\/\",\"name\":\"Z\u0259rdab.com\",\"description\":\"\",\"potentialAction\":[{\"@type\":\"SearchAction\",\"target\":{\"@type\":\"EntryPoint\",\"urlTemplate\":\"https:\/\/www.zerdab.com\/?s={search_term_string}\"},\"query-input\":{\"@type\":\"PropertyValueSpecification\",\"valueRequired\":true,\"valueName\":\"search_term_string\"}}],\"inLanguage\":\"az\"},{\"@type\":\"Person\",\"@id\":\"https:\/\/www.zerdab.com\/#\/schema\/person\/97079b7570c1e89ec0d9e138c3672136\",\"name\":\"admin\",\"image\":{\"@type\":\"ImageObject\",\"inLanguage\":\"az\",\"@id\":\"https:\/\/www.zerdab.com\/#\/schema\/person\/image\/\",\"url\":\"https:\/\/secure.gravatar.com\/avatar\/d9c52a9a27c32119cb6679a077fa3e2779e5f822c451cbf01098004361d466ec?s=96&d=mm&r=g\",\"contentUrl\":\"https:\/\/secure.gravatar.com\/avatar\/d9c52a9a27c32119cb6679a077fa3e2779e5f822c451cbf01098004361d466ec?s=96&d=mm&r=g\",\"caption\":\"admin\"},\"url\":\"https:\/\/www.zerdab.com\/?author=1\"}]}<\/script>\n<!-- \/ Yoast SEO plugin. -->","yoast_head_json":{"title":"Z\u0259rdab\u0131n P\u0259rvanl\u0131 k\u0259ndind\u0259 m\u00f6ht\u0259\u015f\u0259m m\u0259kt\u0259b kompleksi tikilir - Z\u0259rdab.com","robots":{"index":"index","follow":"follow","max-snippet":"max-snippet:-1","max-image-preview":"max-image-preview:large","max-video-preview":"max-video-preview:-1"},"canonical":"https:\/\/www.zerdab.com\/?p=1437","og_locale":"az_AZ","og_type":"article","og_title":"Z\u0259rdab\u0131n P\u0259rvanl\u0131 k\u0259ndind\u0259 m\u00f6ht\u0259\u015f\u0259m m\u0259kt\u0259b kompleksi tikilir - Z\u0259rdab.com","og_description":"&#8220;Az\u0259rbaycan Respublikas\u0131 regionlar\u0131n\u0131n 2009-2013-c\u00fc ill\u0259rd\u0259 sosial-iqtisadi inki\u015faf\u0131 D\u00f6vl\u0259t Proqram\u0131&#8221;na uy\u011fun olaraq Z\u0259rdab rayonunun P\u0259rvanl\u0131 k\u0259ndind\u0259 180 yerlik m\u0259kt\u0259b kompleksi in\u015fa edilir. \u0130\u015f icra\u00e7\u0131s\u0131 \u018fdal\u0259t A\u011famal\u0131yev www.zerdab.com sayt\u0131na a\u00e7\u0131qlamas\u0131nda deyib ki, m\u0259kt\u0259b T\u0259hsil Nazirliyinin sifari\u015fi, Heyd\u0259r \u018fliyev Fondunun d\u0259st\u0259yi hesab\u0131na in\u015fa edilir. \u018fdal\u0259t A\u011famal\u0131yev in\u015faat i\u015fl\u0259rind\u0259 22 n\u0259f\u0259rin \u00e7al\u0131\u015fd\u0131\u011f\u0131n\u0131 s\u00f6yl\u0259yib. Onun s\u00f6zl\u0259rin\u0259 g\u00f6r\u0259, 2 m\u0259rt\u0259b\u0259li m\u0259kt\u0259bd\u0259 [&hellip;]","og_url":"https:\/\/www.zerdab.com\/?p=1437","og_site_name":"Z\u0259rdab.com","article_published_time":"2012-04-27T07:41:57+00:00","article_modified_time":"2012-04-28T16:58:26+00:00","og_image":[{"url":"http:\/\/www.zerdab.com\/wp-content\/uploads\/2012\/04\/aile-059-1000x666.jpg","type":"","width":"","height":""}],"author":"admin","twitter_card":"summary_large_image","twitter_misc":{"Written by":"admin","Est. reading time":"1 minute"},"schema":{"@context":"https:\/\/schema.org","@graph":[{"@type":"Article","@id":"https:\/\/www.zerdab.com\/?p=1437#article","isPartOf":{"@id":"https:\/\/www.zerdab.com\/?p=1437"},"author":{"name":"admin","@id":"https:\/\/www.zerdab.com\/#\/schema\/person\/97079b7570c1e89ec0d9e138c3672136"},"headline":"Z\u0259rdab\u0131n P\u0259rvanl\u0131 k\u0259ndind\u0259 m\u00f6ht\u0259\u015f\u0259m m\u0259kt\u0259b kompleksi tikilir","datePublished":"2012-04-27T07:41:57+00:00","dateModified":"2012-04-28T16:58:26+00:00","mainEntityOfPage":{"@id":"https:\/\/www.zerdab.com\/?p=1437"},"wordCount":253,"commentCount":0,"image":{"@id":"https:\/\/www.zerdab.com\/?p=1437#primaryimage"},"thumbnailUrl":"http:\/\/www.zerdab.com\/wp-content\/uploads\/2012\/04\/aile-059-1000x666.jpg","articleSection":["C\u018fM\u0130YY\u018fT"],"inLanguage":"az","potentialAction":[{"@type":"CommentAction","name":"Comment","target":["https:\/\/www.zerdab.com\/?p=1437#respond"]}]},{"@type":"WebPage","@id":"https:\/\/www.zerdab.com\/?p=1437","url":"https:\/\/www.zerdab.com\/?p=1437","name":"Z\u0259rdab\u0131n P\u0259rvanl\u0131 k\u0259ndind\u0259 m\u00f6ht\u0259\u015f\u0259m m\u0259kt\u0259b kompleksi tikilir - Z\u0259rdab.com","isPartOf":{"@id":"https:\/\/www.zerdab.com\/#website"},"primaryImageOfPage":{"@id":"https:\/\/www.zerdab.com\/?p=1437#primaryimage"},"image":{"@id":"https:\/\/www.zerdab.com\/?p=1437#primaryimage"},"thumbnailUrl":"http:\/\/www.zerdab.com\/wp-content\/uploads\/2012\/04\/aile-059-1000x666.jpg","datePublished":"2012-04-27T07:41:57+00:00","dateModified":"2012-04-28T16:58:26+00:00","author":{"@id":"https:\/\/www.zerdab.com\/#\/schema\/person\/97079b7570c1e89ec0d9e138c3672136"},"breadcrumb":{"@id":"https:\/\/www.zerdab.com\/?p=1437#breadcrumb"},"inLanguage":"az","potentialAction":[{"@type":"ReadAction","target":["https:\/\/www.zerdab.com\/?p=1437"]}]},{"@type":"ImageObject","inLanguage":"az","@id":"https:\/\/www.zerdab.com\/?p=1437#primaryimage","url":"","contentUrl":""},{"@type":"BreadcrumbList","@id":"https:\/\/www.zerdab.com\/?p=1437#breadcrumb","itemListElement":[{"@type":"ListItem","position":1,"name":"Home","item":"https:\/\/www.zerdab.com\/"},{"@type":"ListItem","position":2,"name":"Z\u0259rdab\u0131n P\u0259rvanl\u0131 k\u0259ndind\u0259 m\u00f6ht\u0259\u015f\u0259m m\u0259kt\u0259b kompleksi tikilir"}]},{"@type":"WebSite","@id":"https:\/\/www.zerdab.com\/#website","url":"https:\/\/www.zerdab.com\/","name":"Z\u0259rdab.com","description":"","potentialAction":[{"@type":"SearchAction","target":{"@type":"EntryPoint","urlTemplate":"https:\/\/www.zerdab.com\/?s={search_term_string}"},"query-input":{"@type":"PropertyValueSpecification","valueRequired":true,"valueName":"search_term_string"}}],"inLanguage":"az"},{"@type":"Person","@id":"https:\/\/www.zerdab.com\/#\/schema\/person\/97079b7570c1e89ec0d9e138c3672136","name":"admin","image":{"@type":"ImageObject","inLanguage":"az","@id":"https:\/\/www.zerdab.com\/#\/schema\/person\/image\/","url":"https:\/\/secure.gravatar.com\/avatar\/d9c52a9a27c32119cb6679a077fa3e2779e5f822c451cbf01098004361d466ec?s=96&d=mm&r=g","contentUrl":"https:\/\/secure.gravatar.com\/avatar\/d9c52a9a27c32119cb6679a077fa3e2779e5f822c451cbf01098004361d466ec?s=96&d=mm&r=g","caption":"admin"},"url":"https:\/\/www.zerdab.com\/?author=1"}]}},"_links":{"self":[{"href":"https:\/\/www.zerdab.com\/index.php?rest_route=\/wp\/v2\/posts\/1437","targetHints":{"allow":["GET"]}}],"collection":[{"href":"https:\/\/www.zerdab.com\/index.php?rest_route=\/wp\/v2\/posts"}],"about":[{"href":"https:\/\/www.zerdab.com\/index.php?rest_route=\/wp\/v2\/types\/post"}],"author":[{"embeddable":true,"href":"https:\/\/www.zerdab.com\/index.php?rest_route=\/wp\/v2\/users\/1"}],"replies":[{"embeddable":true,"href":"https:\/\/www.zerdab.com\/index.php?rest_route=%2Fwp%2Fv2%2Fcomments&post=1437"}],"version-history":[{"count":7,"href":"https:\/\/www.zerdab.com\/index.php?rest_route=\/wp\/v2\/posts\/1437\/revisions"}],"predecessor-version":[{"id":1443,"href":"https:\/\/www.zerdab.com\/index.php?rest_route=\/wp\/v2\/posts\/1437\/revisions\/1443"}],"wp:attachment":[{"href":"https:\/\/www.zerdab.com\/index.php?rest_route=%2Fwp%2Fv2%2Fmedia&parent=1437"}],"wp:term":[{"taxonomy":"category","embeddable":true,"href":"https:\/\/www.zerdab.com\/index.php?rest_route=%2Fwp%2Fv2%2Fcategories&post=1437"},{"taxonomy":"post_tag","embeddable":true,"href":"https:\/\/www.zerdab.com\/index.php?rest_route=%2Fwp%2Fv2%2Ftags&post=1437"}],"curies":[{"name":"wp","href":"https:\/\/api.w.org\/{rel}","templated":true}]}}