{"id":14453,"date":"2014-02-04T16:27:38","date_gmt":"2014-02-04T12:27:38","guid":{"rendered":"http:\/\/www.zerdab.com\/?p=14453"},"modified":"2014-02-04T16:27:38","modified_gmt":"2014-02-04T12:27:38","slug":"z%c9%99rdab-rayon-heyd%c9%99r-%c9%99liyev-m%c9%99rk%c9%99zind%c9%99-g%c9%99ncl%c9%99rl%c9%99-gorus-kecirildi","status":"publish","type":"post","link":"https:\/\/www.zerdab.com\/?p=14453","title":{"rendered":"Z\u0259rdab rayon Heyd\u0259r \u018fliyev M\u0259rk\u0259zind\u0259 g\u0259ncl\u0259rl\u0259 g\u00f6r\u00fc\u015f ke\u00e7irildi"},"content":{"rendered":"<p><a href=\"http:\/\/www.zerdab.com\/wp-content\/uploads\/2014\/02\/Z\u0259rdab-rayon-Heyd\u0259r-\u018fliyev-M\u0259rk\u0259zi.jpg\"><img loading=\"lazy\" decoding=\"async\" class=\"aligncenter size-large wp-image-14454\" alt=\"Z\u0259rdab rayon Heyd\u0259r \u018fliyev M\u0259rk\u0259zi\" src=\"http:\/\/www.zerdab.com\/wp-content\/uploads\/2014\/02\/Z\u0259rdab-rayon-Heyd\u0259r-\u018fliyev-M\u0259rk\u0259zi-550x412.jpg\" width=\"550\" height=\"412\" \/><\/a>Z\u0259rdab rayon Heyd\u0259r \u018fliyev M\u0259rk\u0259zind\u0259 \u201cH\u0259r bir g\u0259nc \u00fc\u00e7\u00fcn m\u00fck\u0259mm\u0259l \u00f6rn\u0259k &#8211; Az\u0259rbaycan g\u0259ncliyinin h\u0259rbi-v\u0259t\u0259np\u0259rv\u0259rlik t\u0259rbiy\u0259sinin inki\u015faf\u0131nda \u00dcmummilli lider Heyd\u0259r \u018fliyevin rolu \u0259v\u0259zsizdir\u201d m\u00f6vzusunda g\u00f6r\u00fc\u015f ke\u00e7irilmi\u015fdir. G\u00f6r\u00fc\u015fd\u0259 \u00e7a\u011f\u0131r\u0131\u015f ya\u015f\u0131na \u00e7atm\u0131\u015f g\u0259ncl\u0259r v\u0259 rayon m\u0259kt\u0259blil\u0259ri i\u015ftirak etmi\u015fdir.<\/p>\n<p>M\u0259rk\u0259zin direktoru K\u00f6n\u00fcl R\u0259himova \u00e7\u0131x\u0131\u015f ed\u0259r\u0259k m\u00fcst\u0259qil d\u00f6vl\u0259timizin \u00fcz\u0259rind\u0259 b\u0259rq\u0259rar oldu\u011fu dayaqlardan birinin d\u0259, he\u00e7 \u015f\u00fcbh\u0259siz Az\u0259rbaycan g\u0259ncliyinin oldu\u011funu qeyd etdi. G\u0259ncl\u0259rimizin bir f\u0259rd, \u0259sl Az\u0259rbaycan v\u0259t\u0259nda\u015f\u0131 kimi formala\u015fmas\u0131nda \u00dcmummilli lider Heyd\u0259r \u018fliyevin dan\u0131lmaz \u0259m\u0259yi, misilsiz xidm\u0259tl\u0259ri oldu\u011funu,\u00a0 Ulu \u00f6nd\u0259rin z\u0259ngin v\u0259 m\u00f6ht\u0259\u015f\u0259m d\u00f6vl\u0259t\u00e7ilik f\u0259aliyy\u0259tind\u0259 g\u0259ncl\u0259r siyas\u0259tinin \u00f6n\u0259mli yer tutdu\u011funu g\u00f6r\u00fc\u015f i\u015ftirak\u00e7\u0131lar\u0131na \u00e7atd\u0131rd\u0131.<\/p>\n<p>Daha sonra M\u0259rk\u0259zin \u0259m\u0259kda\u015f\u0131 G\u00fcl\u0259r M\u0259mm\u0259dova \u201cAz\u0259rbaycan G\u0259ncliyi 2011-2015 D\u00f6vl\u0259t Proqram\u0131\u201d \u00e7\u0259r\u00e7iv\u0259sind\u0259 g\u0259ncl\u0259rin h\u0259rbi-v\u0259t\u0259np\u0259rv\u0259rlik t\u0259rbiy\u0259si il\u0259 ba\u011fl\u0131 \u201cH\u0259r bir g\u0259nc \u00fc\u00e7\u00fcn m\u00fck\u0259mm\u0259l \u00f6rn\u0259k &#8211; Az\u0259rbaycan g\u0259ncliyinin h\u0259rbi-v\u0259t\u0259np\u0259rv\u0259rlik t\u0259rbiy\u0259sinin inki\u015faf\u0131nda \u00fcmummilli lider Heyd\u0259r \u018fliyevin rolu \u0259v\u0259zsizdir\u201d adl\u0131 m\u0259ruz\u0259 il\u0259 \u00e7\u0131x\u0131\u015f etdi.<\/p>\n<p><span style=\"color: #0000ff;\"><b>Z\u0259rdab Rayon \u0130cra Hakimiyy\u0259ti<\/b><\/span><\/p>\n<p><a href=\"http:\/\/www.zerdab.com\/wp-content\/uploads\/2014\/02\/Z\u0259rdab-rayon-Heyd\u0259r-\u018fliyev-M\u0259rk\u0259zi1.jpg\"><img loading=\"lazy\" decoding=\"async\" class=\"aligncenter size-large wp-image-14455\" alt=\"Z\u0259rdab rayon Heyd\u0259r \u018fliyev M\u0259rk\u0259zi\" src=\"http:\/\/www.zerdab.com\/wp-content\/uploads\/2014\/02\/Z\u0259rdab-rayon-Heyd\u0259r-\u018fliyev-M\u0259rk\u0259zi1-550x412.jpg\" width=\"550\" height=\"412\" \/><\/a><\/p>\n","protected":false},"excerpt":{"rendered":"<p>Z\u0259rdab rayon Heyd\u0259r \u018fliyev M\u0259rk\u0259zind\u0259 \u201cH\u0259r bir g\u0259nc \u00fc\u00e7\u00fcn m\u00fck\u0259mm\u0259l \u00f6rn\u0259k &#8211; Az\u0259rbaycan g\u0259ncliyinin h\u0259rbi-v\u0259t\u0259np\u0259rv\u0259rlik t\u0259rbiy\u0259sinin inki\u015faf\u0131nda \u00dcmummilli lider Heyd\u0259r \u018fliyevin rolu \u0259v\u0259zsizdir\u201d m\u00f6vzusunda g\u00f6r\u00fc\u015f ke\u00e7irilmi\u015fdir. G\u00f6r\u00fc\u015fd\u0259 \u00e7a\u011f\u0131r\u0131\u015f ya\u015f\u0131na \u00e7atm\u0131\u015f g\u0259ncl\u0259r v\u0259 rayon m\u0259kt\u0259blil\u0259ri i\u015ftirak etmi\u015fdir. M\u0259rk\u0259zin direktoru K\u00f6n\u00fcl R\u0259himova \u00e7\u0131x\u0131\u015f ed\u0259r\u0259k m\u00fcst\u0259qil d\u00f6vl\u0259timizin \u00fcz\u0259rind\u0259 b\u0259rq\u0259rar oldu\u011fu dayaqlardan birinin d\u0259, he\u00e7 \u015f\u00fcbh\u0259siz Az\u0259rbaycan g\u0259ncliyinin oldu\u011funu [&hellip;]<\/p>\n","protected":false},"author":1,"featured_media":0,"comment_status":"open","ping_status":"open","sticky":false,"template":"","format":"standard","meta":{"footnotes":""},"categories":[21],"tags":[],"class_list":{"0":"post-14453","1":"post","2":"type-post","3":"status-publish","4":"format-standard","6":"category-zrdab"},"yoast_head":"<!-- This site is optimized with the Yoast SEO plugin v27.0 - https:\/\/yoast.com\/product\/yoast-seo-wordpress\/ -->\n<title>Z\u0259rdab rayon Heyd\u0259r \u018fliyev M\u0259rk\u0259zind\u0259 g\u0259ncl\u0259rl\u0259 g\u00f6r\u00fc\u015f ke\u00e7irildi - Z\u0259rdab.com<\/title>\n<meta name=\"robots\" content=\"index, follow, max-snippet:-1, max-image-preview:large, max-video-preview:-1\" \/>\n<link rel=\"canonical\" href=\"https:\/\/www.zerdab.com\/?p=14453\" \/>\n<meta property=\"og:locale\" content=\"az_AZ\" \/>\n<meta property=\"og:type\" content=\"article\" \/>\n<meta property=\"og:title\" content=\"Z\u0259rdab rayon Heyd\u0259r \u018fliyev M\u0259rk\u0259zind\u0259 g\u0259ncl\u0259rl\u0259 g\u00f6r\u00fc\u015f ke\u00e7irildi - Z\u0259rdab.com\" \/>\n<meta property=\"og:description\" content=\"Z\u0259rdab rayon Heyd\u0259r \u018fliyev M\u0259rk\u0259zind\u0259 \u201cH\u0259r bir g\u0259nc \u00fc\u00e7\u00fcn m\u00fck\u0259mm\u0259l \u00f6rn\u0259k &#8211; Az\u0259rbaycan g\u0259ncliyinin h\u0259rbi-v\u0259t\u0259np\u0259rv\u0259rlik t\u0259rbiy\u0259sinin inki\u015faf\u0131nda \u00dcmummilli lider Heyd\u0259r \u018fliyevin rolu \u0259v\u0259zsizdir\u201d m\u00f6vzusunda g\u00f6r\u00fc\u015f ke\u00e7irilmi\u015fdir. G\u00f6r\u00fc\u015fd\u0259 \u00e7a\u011f\u0131r\u0131\u015f ya\u015f\u0131na \u00e7atm\u0131\u015f g\u0259ncl\u0259r v\u0259 rayon m\u0259kt\u0259blil\u0259ri i\u015ftirak etmi\u015fdir. M\u0259rk\u0259zin direktoru K\u00f6n\u00fcl R\u0259himova \u00e7\u0131x\u0131\u015f ed\u0259r\u0259k m\u00fcst\u0259qil d\u00f6vl\u0259timizin \u00fcz\u0259rind\u0259 b\u0259rq\u0259rar oldu\u011fu dayaqlardan birinin d\u0259, he\u00e7 \u015f\u00fcbh\u0259siz Az\u0259rbaycan g\u0259ncliyinin oldu\u011funu [&hellip;]\" \/>\n<meta property=\"og:url\" content=\"https:\/\/www.zerdab.com\/?p=14453\" \/>\n<meta property=\"og:site_name\" content=\"Z\u0259rdab.com\" \/>\n<meta property=\"article:published_time\" content=\"2014-02-04T12:27:38+00:00\" \/>\n<meta name=\"author\" content=\"admin\" \/>\n<meta name=\"twitter:card\" content=\"summary_large_image\" \/>\n<meta name=\"twitter:label1\" content=\"Written by\" \/>\n\t<meta name=\"twitter:data1\" content=\"admin\" \/>\n\t<meta name=\"twitter:label2\" content=\"Est. reading time\" \/>\n\t<meta name=\"twitter:data2\" content=\"1 minute\" \/>\n<script type=\"application\/ld+json\" class=\"yoast-schema-graph\">{\"@context\":\"https:\/\/schema.org\",\"@graph\":[{\"@type\":\"Article\",\"@id\":\"https:\/\/www.zerdab.com\/?p=14453#article\",\"isPartOf\":{\"@id\":\"https:\/\/www.zerdab.com\/?p=14453\"},\"author\":{\"name\":\"admin\",\"@id\":\"https:\/\/www.zerdab.com\/#\/schema\/person\/97079b7570c1e89ec0d9e138c3672136\"},\"headline\":\"Z\u0259rdab rayon Heyd\u0259r \u018fliyev M\u0259rk\u0259zind\u0259 g\u0259ncl\u0259rl\u0259 g\u00f6r\u00fc\u015f ke\u00e7irildi\",\"datePublished\":\"2014-02-04T12:27:38+00:00\",\"mainEntityOfPage\":{\"@id\":\"https:\/\/www.zerdab.com\/?p=14453\"},\"wordCount\":284,\"commentCount\":1,\"articleSection\":[\"C\u018fM\u0130YY\u018fT\"],\"inLanguage\":\"az\",\"potentialAction\":[{\"@type\":\"CommentAction\",\"name\":\"Comment\",\"target\":[\"https:\/\/www.zerdab.com\/?p=14453#respond\"]}]},{\"@type\":\"WebPage\",\"@id\":\"https:\/\/www.zerdab.com\/?p=14453\",\"url\":\"https:\/\/www.zerdab.com\/?p=14453\",\"name\":\"Z\u0259rdab rayon Heyd\u0259r \u018fliyev M\u0259rk\u0259zind\u0259 g\u0259ncl\u0259rl\u0259 g\u00f6r\u00fc\u015f ke\u00e7irildi - Z\u0259rdab.com\",\"isPartOf\":{\"@id\":\"https:\/\/www.zerdab.com\/#website\"},\"datePublished\":\"2014-02-04T12:27:38+00:00\",\"author\":{\"@id\":\"https:\/\/www.zerdab.com\/#\/schema\/person\/97079b7570c1e89ec0d9e138c3672136\"},\"breadcrumb\":{\"@id\":\"https:\/\/www.zerdab.com\/?p=14453#breadcrumb\"},\"inLanguage\":\"az\",\"potentialAction\":[{\"@type\":\"ReadAction\",\"target\":[\"https:\/\/www.zerdab.com\/?p=14453\"]}]},{\"@type\":\"BreadcrumbList\",\"@id\":\"https:\/\/www.zerdab.com\/?p=14453#breadcrumb\",\"itemListElement\":[{\"@type\":\"ListItem\",\"position\":1,\"name\":\"Home\",\"item\":\"https:\/\/www.zerdab.com\/\"},{\"@type\":\"ListItem\",\"position\":2,\"name\":\"Z\u0259rdab rayon Heyd\u0259r \u018fliyev M\u0259rk\u0259zind\u0259 g\u0259ncl\u0259rl\u0259 g\u00f6r\u00fc\u015f ke\u00e7irildi\"}]},{\"@type\":\"WebSite\",\"@id\":\"https:\/\/www.zerdab.com\/#website\",\"url\":\"https:\/\/www.zerdab.com\/\",\"name\":\"Z\u0259rdab.com\",\"description\":\"\",\"potentialAction\":[{\"@type\":\"SearchAction\",\"target\":{\"@type\":\"EntryPoint\",\"urlTemplate\":\"https:\/\/www.zerdab.com\/?s={search_term_string}\"},\"query-input\":{\"@type\":\"PropertyValueSpecification\",\"valueRequired\":true,\"valueName\":\"search_term_string\"}}],\"inLanguage\":\"az\"},{\"@type\":\"Person\",\"@id\":\"https:\/\/www.zerdab.com\/#\/schema\/person\/97079b7570c1e89ec0d9e138c3672136\",\"name\":\"admin\",\"image\":{\"@type\":\"ImageObject\",\"inLanguage\":\"az\",\"@id\":\"https:\/\/www.zerdab.com\/#\/schema\/person\/image\/\",\"url\":\"https:\/\/secure.gravatar.com\/avatar\/d9c52a9a27c32119cb6679a077fa3e2779e5f822c451cbf01098004361d466ec?s=96&d=mm&r=g\",\"contentUrl\":\"https:\/\/secure.gravatar.com\/avatar\/d9c52a9a27c32119cb6679a077fa3e2779e5f822c451cbf01098004361d466ec?s=96&d=mm&r=g\",\"caption\":\"admin\"},\"url\":\"https:\/\/www.zerdab.com\/?author=1\"}]}<\/script>\n<!-- \/ Yoast SEO plugin. -->","yoast_head_json":{"title":"Z\u0259rdab rayon Heyd\u0259r \u018fliyev M\u0259rk\u0259zind\u0259 g\u0259ncl\u0259rl\u0259 g\u00f6r\u00fc\u015f ke\u00e7irildi - Z\u0259rdab.com","robots":{"index":"index","follow":"follow","max-snippet":"max-snippet:-1","max-image-preview":"max-image-preview:large","max-video-preview":"max-video-preview:-1"},"canonical":"https:\/\/www.zerdab.com\/?p=14453","og_locale":"az_AZ","og_type":"article","og_title":"Z\u0259rdab rayon Heyd\u0259r \u018fliyev M\u0259rk\u0259zind\u0259 g\u0259ncl\u0259rl\u0259 g\u00f6r\u00fc\u015f ke\u00e7irildi - Z\u0259rdab.com","og_description":"Z\u0259rdab rayon Heyd\u0259r \u018fliyev M\u0259rk\u0259zind\u0259 \u201cH\u0259r bir g\u0259nc \u00fc\u00e7\u00fcn m\u00fck\u0259mm\u0259l \u00f6rn\u0259k &#8211; Az\u0259rbaycan g\u0259ncliyinin h\u0259rbi-v\u0259t\u0259np\u0259rv\u0259rlik t\u0259rbiy\u0259sinin inki\u015faf\u0131nda \u00dcmummilli lider Heyd\u0259r \u018fliyevin rolu \u0259v\u0259zsizdir\u201d m\u00f6vzusunda g\u00f6r\u00fc\u015f ke\u00e7irilmi\u015fdir. G\u00f6r\u00fc\u015fd\u0259 \u00e7a\u011f\u0131r\u0131\u015f ya\u015f\u0131na \u00e7atm\u0131\u015f g\u0259ncl\u0259r v\u0259 rayon m\u0259kt\u0259blil\u0259ri i\u015ftirak etmi\u015fdir. M\u0259rk\u0259zin direktoru K\u00f6n\u00fcl R\u0259himova \u00e7\u0131x\u0131\u015f ed\u0259r\u0259k m\u00fcst\u0259qil d\u00f6vl\u0259timizin \u00fcz\u0259rind\u0259 b\u0259rq\u0259rar oldu\u011fu dayaqlardan birinin d\u0259, he\u00e7 \u015f\u00fcbh\u0259siz Az\u0259rbaycan g\u0259ncliyinin oldu\u011funu [&hellip;]","og_url":"https:\/\/www.zerdab.com\/?p=14453","og_site_name":"Z\u0259rdab.com","article_published_time":"2014-02-04T12:27:38+00:00","author":"admin","twitter_card":"summary_large_image","twitter_misc":{"Written by":"admin","Est. reading time":"1 minute"},"schema":{"@context":"https:\/\/schema.org","@graph":[{"@type":"Article","@id":"https:\/\/www.zerdab.com\/?p=14453#article","isPartOf":{"@id":"https:\/\/www.zerdab.com\/?p=14453"},"author":{"name":"admin","@id":"https:\/\/www.zerdab.com\/#\/schema\/person\/97079b7570c1e89ec0d9e138c3672136"},"headline":"Z\u0259rdab rayon Heyd\u0259r \u018fliyev M\u0259rk\u0259zind\u0259 g\u0259ncl\u0259rl\u0259 g\u00f6r\u00fc\u015f ke\u00e7irildi","datePublished":"2014-02-04T12:27:38+00:00","mainEntityOfPage":{"@id":"https:\/\/www.zerdab.com\/?p=14453"},"wordCount":284,"commentCount":1,"articleSection":["C\u018fM\u0130YY\u018fT"],"inLanguage":"az","potentialAction":[{"@type":"CommentAction","name":"Comment","target":["https:\/\/www.zerdab.com\/?p=14453#respond"]}]},{"@type":"WebPage","@id":"https:\/\/www.zerdab.com\/?p=14453","url":"https:\/\/www.zerdab.com\/?p=14453","name":"Z\u0259rdab rayon Heyd\u0259r \u018fliyev M\u0259rk\u0259zind\u0259 g\u0259ncl\u0259rl\u0259 g\u00f6r\u00fc\u015f ke\u00e7irildi - Z\u0259rdab.com","isPartOf":{"@id":"https:\/\/www.zerdab.com\/#website"},"datePublished":"2014-02-04T12:27:38+00:00","author":{"@id":"https:\/\/www.zerdab.com\/#\/schema\/person\/97079b7570c1e89ec0d9e138c3672136"},"breadcrumb":{"@id":"https:\/\/www.zerdab.com\/?p=14453#breadcrumb"},"inLanguage":"az","potentialAction":[{"@type":"ReadAction","target":["https:\/\/www.zerdab.com\/?p=14453"]}]},{"@type":"BreadcrumbList","@id":"https:\/\/www.zerdab.com\/?p=14453#breadcrumb","itemListElement":[{"@type":"ListItem","position":1,"name":"Home","item":"https:\/\/www.zerdab.com\/"},{"@type":"ListItem","position":2,"name":"Z\u0259rdab rayon Heyd\u0259r \u018fliyev M\u0259rk\u0259zind\u0259 g\u0259ncl\u0259rl\u0259 g\u00f6r\u00fc\u015f ke\u00e7irildi"}]},{"@type":"WebSite","@id":"https:\/\/www.zerdab.com\/#website","url":"https:\/\/www.zerdab.com\/","name":"Z\u0259rdab.com","description":"","potentialAction":[{"@type":"SearchAction","target":{"@type":"EntryPoint","urlTemplate":"https:\/\/www.zerdab.com\/?s={search_term_string}"},"query-input":{"@type":"PropertyValueSpecification","valueRequired":true,"valueName":"search_term_string"}}],"inLanguage":"az"},{"@type":"Person","@id":"https:\/\/www.zerdab.com\/#\/schema\/person\/97079b7570c1e89ec0d9e138c3672136","name":"admin","image":{"@type":"ImageObject","inLanguage":"az","@id":"https:\/\/www.zerdab.com\/#\/schema\/person\/image\/","url":"https:\/\/secure.gravatar.com\/avatar\/d9c52a9a27c32119cb6679a077fa3e2779e5f822c451cbf01098004361d466ec?s=96&d=mm&r=g","contentUrl":"https:\/\/secure.gravatar.com\/avatar\/d9c52a9a27c32119cb6679a077fa3e2779e5f822c451cbf01098004361d466ec?s=96&d=mm&r=g","caption":"admin"},"url":"https:\/\/www.zerdab.com\/?author=1"}]}},"_links":{"self":[{"href":"https:\/\/www.zerdab.com\/index.php?rest_route=\/wp\/v2\/posts\/14453","targetHints":{"allow":["GET"]}}],"collection":[{"href":"https:\/\/www.zerdab.com\/index.php?rest_route=\/wp\/v2\/posts"}],"about":[{"href":"https:\/\/www.zerdab.com\/index.php?rest_route=\/wp\/v2\/types\/post"}],"author":[{"embeddable":true,"href":"https:\/\/www.zerdab.com\/index.php?rest_route=\/wp\/v2\/users\/1"}],"replies":[{"embeddable":true,"href":"https:\/\/www.zerdab.com\/index.php?rest_route=%2Fwp%2Fv2%2Fcomments&post=14453"}],"version-history":[{"count":1,"href":"https:\/\/www.zerdab.com\/index.php?rest_route=\/wp\/v2\/posts\/14453\/revisions"}],"predecessor-version":[{"id":14456,"href":"https:\/\/www.zerdab.com\/index.php?rest_route=\/wp\/v2\/posts\/14453\/revisions\/14456"}],"wp:attachment":[{"href":"https:\/\/www.zerdab.com\/index.php?rest_route=%2Fwp%2Fv2%2Fmedia&parent=14453"}],"wp:term":[{"taxonomy":"category","embeddable":true,"href":"https:\/\/www.zerdab.com\/index.php?rest_route=%2Fwp%2Fv2%2Fcategories&post=14453"},{"taxonomy":"post_tag","embeddable":true,"href":"https:\/\/www.zerdab.com\/index.php?rest_route=%2Fwp%2Fv2%2Ftags&post=14453"}],"curies":[{"name":"wp","href":"https:\/\/api.w.org\/{rel}","templated":true}]}}