{"id":14463,"date":"2014-02-05T19:57:21","date_gmt":"2014-02-05T15:57:21","guid":{"rendered":"http:\/\/www.zerdab.com\/?p=14463"},"modified":"2014-02-05T19:57:21","modified_gmt":"2014-02-05T15:57:21","slug":"ucuncu-dovl%c9%99t-proqrami-olk%c9%99nin-inkisafina-yeni-tohf%c9%99l%c9%99r-ver%c9%99c%c9%99k","status":"publish","type":"post","link":"https:\/\/www.zerdab.com\/?p=14463","title":{"rendered":"&#8220;\u00dc\u00e7\u00fcnc\u00fc D\u00f6vl\u0259t proqram\u0131 \u00f6lk\u0259nin inki\u015faf\u0131na yeni t\u00f6hf\u0259l\u0259r ver\u0259c\u0259k&#8221;"},"content":{"rendered":"<p><a href=\"http:\/\/www.zerdab.com\/wp-content\/uploads\/2014\/02\/Prezident6.jpg\"><img loading=\"lazy\" decoding=\"async\" class=\"aligncenter size-large wp-image-14464\" alt=\"Prezident\" src=\"http:\/\/www.zerdab.com\/wp-content\/uploads\/2014\/02\/Prezident6-550x364.jpg\" width=\"550\" height=\"364\" \/><\/a>Bak\u0131da &#8211; Heyd\u0259r \u018fliyev M\u0259rk\u0259zind\u0259 Az\u0259rbaycan Respublikas\u0131 regionlar\u0131n\u0131n sosial-iqtisadi inki\u015faf\u0131 D\u00f6vl\u0259t proqramlar\u0131n\u0131n icras\u0131na h\u0259sr olunan konfrans-s\u0259rgi ke\u00e7irilmi\u015fdir. Zerdab.com sayt\u0131 Prezident.az sayt\u0131na istinad\u0259n x\u0259b\u0259r verir ki,\u00a0Prezident \u0130lham \u018fliyev t\u0259dbird\u0259 i\u015ftirak etmi\u015fdir.<\/p>\n<p>Regionlar\u0131n sosial-iqtisadi inki\u015faf\u0131 D\u00f6vl\u0259t proqramlar\u0131n\u0131n icras\u0131na h\u0259sr olunan s\u0259rgid\u0259 2003-2013-c\u00fc ill\u0259r \u00fczr\u0259 \u00f6lk\u0259nin sosial-iqtisadi inki\u015faf\u0131n\u0131n \u0259sas g\u00f6st\u0259ricil\u0259ri, iqtisadiyyat\u0131n s\u0259naye, infrastruktur, informasiya-kommunikasiya texnologiyalar\u0131, k\u0259nd t\u0259s\u0259rr\u00fcfat\u0131, sosial inki\u015faf, turizm, ekologiya, sahibkarl\u0131q v\u0259 dig\u0259r sah\u0259l\u0259rinin inki\u015faf\u0131n\u0131 \u0259ks etdir\u0259n g\u00f6st\u0259ricil\u0259r\u0259 geni\u015f yer verilmi\u015fdir. \u00d6lk\u0259 iqtisadiyyat\u0131n\u0131n dinamik inki\u015faf\u0131nda v\u0259 u\u011furlar\u0131n qazan\u0131lmas\u0131nda regionlar\u0131n sosial-iqtisadi inki\u015faf\u0131n\u0131n s\u00fcr\u0259tl\u0259ndirilm\u0259si il\u0259 ba\u011fl\u0131 D\u00f6vl\u0259t proqramlar\u0131 m\u00fch\u00fcm rol oynam\u0131\u015fd\u0131r. M\u0259hz \u00f6t\u0259n ill\u0259rd\u0259 apar\u0131lan m\u0259qs\u0259dy\u00f6nl\u00fc v\u0259 kompleks d\u00f6vl\u0259t siyas\u0259ti n\u0259tic\u0259sind\u0259 haz\u0131rda C\u0259nubi Qafqaz\u0131n \u00fcmumi iqtisadiyyat\u0131n\u0131n d\u00f6rdd\u0259 \u00fc\u00e7\u00fc respublikam\u0131z\u0131n pay\u0131na d\u00fc\u015f\u00fcr.<\/p>\n<p>Prezident \u0130lham \u018fliyev Az\u0259rbaycan Respublikas\u0131 regionlar\u0131n\u0131n sosial-iqtisadi inki\u015faf\u0131 D\u00f6vl\u0259t proqramlar\u0131n\u0131n icras\u0131na h\u0259sr olunan konfrans-s\u0259rgid\u0259 \u00e7\u0131x\u0131\u015f etdi.<\/p>\n<p>\u0130kinci D\u00f6vl\u0259t proqram\u0131n\u0131n art\u0131q ba\u015fa \u00e7atd\u0131\u011f\u0131n\u0131 dey\u0259n Prezident \u0130lham \u018fliyev bildirdi ki, 2004-c\u00fc ild\u0259 birinci proqram\u0131n q\u0259bul edilm\u0259si regionlar\u0131n inki\u015faf\u0131nda x\u00fcsusi rol oynad\u0131. 2009-2013-c\u00fc ill\u0259ri \u0259hat\u0259 ed\u0259n ikinci proqram\u0131n da regionlar\u0131n inki\u015faf\u0131nda, \u00fcmumiyy\u0259tl\u0259, \u00f6lk\u0259mizin iqtisadi potensial\u0131n\u0131n g\u00fccl\u0259ndirilm\u0259sind\u0259 rolu b\u00f6y\u00fck olmu\u015fdur. Bunun n\u0259tic\u0259sidir ki, bu g\u00fcn Az\u0259rbaycan g\u0259l\u0259c\u0259y\u0259 \u00e7ox b\u00f6y\u00fck \u00fcmidl\u0259rl\u0259 bax\u0131r. Bunun \u0259sas s\u0259b\u0259bi is\u0259 iqtisadi m\u00fcst\u0259qillik v\u0259 siyasi irad\u0259dir. Son 10 ild\u0259 Az\u0259rbaycan \u00e7ox s\u00fcr\u0259tl\u0259 inki\u015faf etmi\u015fdir. \u0130qtisadiyyat 3,4 d\u0259f\u0259, s\u0259naye istehsal\u0131 2,7 d\u0259f\u0259 artm\u0131\u015fd\u0131r. Bak\u0131-Tbilisi-Ceyhan neft k\u0259m\u0259rinin istifad\u0259y\u0259 verilm\u0259si \u00f6lk\u0259y\u0259 xeyli g\u0259lir g\u0259tirmi\u015fdir. T\u0259bii s\u0259rv\u0259tl\u0259rd\u0259n \u0259ld\u0259 olunan g\u0259lirl\u0259r infrastruktur layih\u0259l\u0259rin\u0259 u\u011furla istiqam\u0259tl\u0259ndirilmi\u015fdir.<\/p>\n<p>Az\u0259rbaycan\u0131n iqtisadi potensial\u0131ndan dan\u0131\u015fan Prezident \u0130lham \u018fliyev g\u0259l\u0259c\u0259k ill\u0259rd\u0259 d\u0259 xarici borcun a\u015fa\u011f\u0131 s\u0259viyy\u0259d\u0259 saxlan\u0131laca\u011f\u0131n\u0131 bildirdi. Qeyd etdi ki, \u00f6t\u0259n il Az\u0259rbaycan iqtisadiyyat\u0131na qoyulan s\u0259rmay\u0259 rekord h\u0259dd\u0259 \u00e7atm\u0131\u015fd\u0131r v\u0259 28 milyard dollar t\u0259\u015fkil etmi\u015fdir. Daxili s\u0259rmay\u0259l\u0259r xarici s\u0259rmay\u0259l\u0259ri \u00fcst\u0259l\u0259yir. Bu d\u00f6vr \u0259rzind\u0259 Az\u0259rbaycan xarici i\u015f adamlar\u0131 \u00fc\u00e7\u00fcn c\u0259lbedici \u00f6lk\u0259 olaraq qal\u0131r. Qeyri-neft sektoruna daha \u00e7ox v\u0259sait qoyulur.<\/p>\n<p>Sahibkarl\u0131\u011fa geni\u015f meydan verilm\u0259sinin daim diqq\u0259t m\u0259rk\u0259zind\u0259 saxland\u0131\u011f\u0131n\u0131 vur\u011fulayan Prezident \u0130lham \u018fliyev \u00f6lk\u0259 iqtisadiyyat\u0131na \u0259n \u00e7ox laz\u0131m olan sah\u0259l\u0259ri inki\u015faf etdirm\u0259k \u00fc\u00e7\u00fcn Sahibkarl\u0131\u011fa K\u00f6m\u0259k Milli Fondu t\u0259r\u0259find\u0259n g\u00fcz\u0259\u015ftli kreditl\u0259r verilm\u0259sinin bundan sonra da davam etdiril\u0259c\u0259yini diqq\u0259t\u0259 \u00e7atd\u0131rd\u0131.<\/p>\n<p>Son 10 il \u0259rzind\u0259 1200-d\u0259n \u00e7ox obyektin a\u00e7\u0131l\u0131\u015f\u0131nda \u015f\u0259xs\u0259n i\u015ftirak etdiyini dey\u0259n d\u00f6vl\u0259timizin ba\u015f\u00e7\u0131s\u0131 sahibkarl\u0131\u011fa d\u0259st\u0259yin davaml\u0131 olaca\u011f\u0131n\u0131 dedi. \u00d6t\u0259n 10 ild\u0259 infrastruktur layih\u0259l\u0259rinin icras\u0131 prioritet m\u0259s\u0259l\u0259 olmu\u015fdur. H\u0259min m\u00fcdd\u0259td\u0259 17 elektrik stansiyas\u0131 tikilmi\u015f, \u00f6lk\u0259mizin 90 faiz\u0259 yax\u0131n \u0259razisind\u0259 qazla\u015fd\u0131r\u0131lma apar\u0131lm\u0131\u015fd\u0131r, yollar\u0131n tikintisi \u00fczr\u0259 geni\u015f layih\u0259l\u0259r icra edilir.<\/p>\n<p>Sosial infrastruktur layih\u0259l\u0259rind\u0259n dan\u0131\u015fan Prezident \u0130lham \u018fliyev i\u00e7m\u0259li su v\u0259 kanalizasiya layih\u0259l\u0259rinin d\u0259 u\u011furla icra edildiyini s\u00f6yl\u0259di v\u0259 n\u00f6vb\u0259ti 5 il \u0259rzind\u0259 bu prosesin s\u00fcr\u0259tl\u0259n\u0259c\u0259yini bildirdi. D\u00f6vl\u0259timizin ba\u015f\u00e7\u0131s\u0131 qeyd etdi ki, 10 il \u0259rzind\u0259 2 min 700 m\u0259kt\u0259b tikilmi\u015f, 500-d\u0259n \u00e7ox tibb m\u00fc\u0259ssis\u0259 in\u015fa edilmi\u015f, yaxud t\u0259mir olunmu\u015f, 41 olimpiya idman kompleksi istifad\u0259y\u0259 verilmi\u015f, \u00e7oxlu sayda m\u0259d\u0259niyy\u0259t oca\u011f\u0131 tikilmi\u015f v\u0259 ya b\u0259rpa edilmi\u015fdir.<\/p>\n<p>Prezident \u0130lham \u018fliyev n\u00f6vb\u0259ti 5 il \u00fc\u00e7\u00fcn bu yax\u0131nlarda q\u0259bul edil\u0259c\u0259k \u00fc\u00e7\u00fcnc\u00fc D\u00f6vl\u0259t proqram\u0131n\u0131n da \u00f6lk\u0259 iqtisadiyyat\u0131n\u0131n m\u00f6hk\u0259ml\u0259nm\u0259sind\u0259 m\u00fch\u00fcm \u0259h\u0259miyy\u0259t\u0259 malik olaca\u011f\u0131n\u0131 vur\u011fulad\u0131.<\/p>\n<p>Sonra iqtisadiyyat v\u0259 s\u0259naye naziri \u015eahin Mustafayev, n\u0259qliyyat naziri Ziya M\u0259mm\u0259dov, k\u0259nd t\u0259s\u0259rr\u00fcfat\u0131 naziri Heyd\u0259r \u018fs\u0259dov, ARDN\u015e-in prezidenti R\u00f6vn\u0259q Abdullayev, \u201cAz\u0259renerji\u201d A\u00e7\u0131q S\u0259hmdar C\u0259miyy\u0259tinin prezidenti Etibar Pirverdiyev, \u201cAz\u0259rsu\u201d A\u00e7\u0131q S\u0259hmdar C\u0259miyy\u0259tinin s\u0259dri Qorxmaz H\u00fcseynov \u00e7\u0131x\u0131\u015f etdil\u0259r.<\/p>\n<p>Konfrans-s\u0259rgiy\u0259 yekun vuran Prezident \u0130lham \u018fliyev son 10 ild\u0259 \u0259ld\u0259 edilmi\u015f u\u011furlar\u0131n n\u00f6vb\u0259ti ill\u0259rd\u0259 d\u0259 davam etdiril\u0259c\u0259yini, makroiqtisadi v\u0259ziyy\u0259tin sabit qalaca\u011f\u0131n\u0131 qeyd etdi. D\u00f6vl\u0259timizin ba\u015f\u00e7\u0131s\u0131 bunun \u00fc\u00e7\u00fcn he\u00e7 bir maliyy\u0259 probleminin olmad\u0131\u011f\u0131n\u0131, \u0259sas x\u0259rcl\u0259rin sosial v\u0259 infrastruktur layih\u0259l\u0259rin\u0259 y\u00f6n\u0259ldil\u0259c\u0259yini bildirdi.<\/p>\n<p>Prezident \u0130lham \u018fliyev apar\u0131lan islahatlar\u0131n davam etdiril\u0259c\u0259yini, qar\u015f\u0131dak\u0131 5 il \u0259rzind\u0259 n\u00f6vb\u0259ti proqram\u0131n icras\u0131 \u00fc\u00e7\u00fcn kifay\u0259t q\u0259d\u0259r resurslar\u0131n oldu\u011funu s\u00f6yl\u0259di v\u0259 b\u00fct\u00fcn layih\u0259l\u0259rin u\u011furla icra edil\u0259c\u0259yin\u0259 \u0259minliyini ifad\u0259 etdi.<\/p>\n<p>Prezident \u0130lham \u018fliyev su, kanalizasiya, meliorasiya layih\u0259l\u0259rinin, k\u0259nd t\u0259s\u0259rr\u00fcfat\u0131n\u0131n inki\u015faf\u0131nda \u0259n m\u00fcasir metodlar\u0131n t\u0259tbiqinin, m\u0259hsuldarl\u0131\u011f\u0131n art\u0131r\u0131lmas\u0131n\u0131n, fermerl\u0259rin elektron qeydiyyat sisteminin qurulmas\u0131n\u0131n, b\u00f6lg\u0259l\u0259r \u00fczr\u0259 ixtisasla\u015fman\u0131n apar\u0131lmas\u0131n\u0131n, torpaqlar\u0131n elektron u\u00e7ot sisteminin yarad\u0131lmas\u0131n\u0131n, subsidiyalar\u0131n verilm\u0259sind\u0259 tam \u015f\u0259ffafl\u0131\u011f\u0131n t\u0259min edilm\u0259sinin, \u0259rza\u011f\u0131n keyfiyy\u0259tinin qorunmas\u0131n\u0131n, aqroparklar\u0131n, logistika m\u0259rk\u0259zl\u0259rinin yarad\u0131lmas\u0131n\u0131n, banklar\u0131n iqtisadiyyat\u0131n real sektoruna kredit \u015f\u0259klind\u0259 daha b\u00f6y\u00fck v\u0259sait ay\u0131rmalar\u0131n\u0131n, korrupsiya v\u0259 r\u00fc\u015fv\u0259txorlu\u011fa qar\u015f\u0131 m\u00fcbariz\u0259nin davam etdirilm\u0259sinin vacibliyind\u0259n v\u0259 dig\u0259r m\u0259s\u0259l\u0259l\u0259rd\u0259n d\u0259 dan\u0131\u015fd\u0131.<\/p>\n<p>D\u00f6vl\u0259timizin ba\u015f\u00e7\u0131s\u0131 \u00f6t\u0259n 10 ild\u0259 qar\u015f\u0131ya qoyulan v\u0259zif\u0259l\u0259rin ham\u0131s\u0131n\u0131n tamamil\u0259 icra edildiyini dey\u0259r\u0259k, \u0259minlikl\u0259 vur\u011fulad\u0131 ki, q\u0259bul edil\u0259c\u0259k \u00fc\u00e7\u00fcnc\u00fc D\u00f6vl\u0259t proqram\u0131 \u00f6lk\u0259nin inki\u015faf\u0131na yeni t\u00f6hf\u0259l\u0259r ver\u0259c\u0259kdir.<\/p>\n<p><strong>Prezident.az<a href=\"http:\/\/www.zerdab.com\/wp-content\/uploads\/2014\/02\/Prezident.jpg\"><img loading=\"lazy\" decoding=\"async\" class=\"aligncenter size-large wp-image-14468\" alt=\"Prezident\" src=\"http:\/\/www.zerdab.com\/wp-content\/uploads\/2014\/02\/Prezident-550x367.jpg\" width=\"550\" height=\"367\" \/><\/a><\/strong><\/p>\n<p><a href=\"http:\/\/www.zerdab.com\/wp-content\/uploads\/2014\/02\/Prezident4.jpg\"><img loading=\"lazy\" decoding=\"async\" class=\"aligncenter size-large wp-image-14467\" alt=\"Prezident\" src=\"http:\/\/www.zerdab.com\/wp-content\/uploads\/2014\/02\/Prezident4-550x351.jpg\" width=\"550\" height=\"351\" \/><\/a><a href=\"http:\/\/www.zerdab.com\/wp-content\/uploads\/2014\/02\/Prezident2.jpg\"><img loading=\"lazy\" decoding=\"async\" class=\"aligncenter size-large wp-image-14466\" alt=\"Prezident\" src=\"http:\/\/www.zerdab.com\/wp-content\/uploads\/2014\/02\/Prezident2-550x352.jpg\" width=\"550\" height=\"352\" \/><\/a><a href=\"http:\/\/www.zerdab.com\/wp-content\/uploads\/2014\/02\/Prezident1.jpg\"><img loading=\"lazy\" decoding=\"async\" class=\"aligncenter size-large wp-image-14465\" alt=\"Prezident\" src=\"http:\/\/www.zerdab.com\/wp-content\/uploads\/2014\/02\/Prezident1-550x351.jpg\" width=\"550\" height=\"351\" \/><\/a><\/p>\n","protected":false},"excerpt":{"rendered":"<p>Bak\u0131da &#8211; Heyd\u0259r \u018fliyev M\u0259rk\u0259zind\u0259 Az\u0259rbaycan Respublikas\u0131 regionlar\u0131n\u0131n sosial-iqtisadi inki\u015faf\u0131 D\u00f6vl\u0259t proqramlar\u0131n\u0131n icras\u0131na h\u0259sr olunan konfrans-s\u0259rgi ke\u00e7irilmi\u015fdir. Zerdab.com sayt\u0131 Prezident.az sayt\u0131na istinad\u0259n x\u0259b\u0259r verir ki,\u00a0Prezident \u0130lham \u018fliyev t\u0259dbird\u0259 i\u015ftirak etmi\u015fdir. Regionlar\u0131n sosial-iqtisadi inki\u015faf\u0131 D\u00f6vl\u0259t proqramlar\u0131n\u0131n icras\u0131na h\u0259sr olunan s\u0259rgid\u0259 2003-2013-c\u00fc ill\u0259r \u00fczr\u0259 \u00f6lk\u0259nin sosial-iqtisadi inki\u015faf\u0131n\u0131n \u0259sas g\u00f6st\u0259ricil\u0259ri, iqtisadiyyat\u0131n s\u0259naye, infrastruktur, informasiya-kommunikasiya texnologiyalar\u0131, k\u0259nd t\u0259s\u0259rr\u00fcfat\u0131, sosial [&hellip;]<\/p>\n","protected":false},"author":1,"featured_media":0,"comment_status":"open","ping_status":"open","sticky":false,"template":"","format":"standard","meta":{"footnotes":""},"categories":[21],"tags":[],"class_list":{"0":"post-14463","1":"post","2":"type-post","3":"status-publish","4":"format-standard","6":"category-zrdab"},"yoast_head":"<!-- This site is optimized with the Yoast SEO plugin v27.0 - https:\/\/yoast.com\/product\/yoast-seo-wordpress\/ -->\n<title>&quot;\u00dc\u00e7\u00fcnc\u00fc D\u00f6vl\u0259t proqram\u0131 \u00f6lk\u0259nin inki\u015faf\u0131na yeni t\u00f6hf\u0259l\u0259r ver\u0259c\u0259k&quot; - Z\u0259rdab.com<\/title>\n<meta name=\"robots\" content=\"index, follow, max-snippet:-1, max-image-preview:large, max-video-preview:-1\" \/>\n<link rel=\"canonical\" href=\"https:\/\/www.zerdab.com\/?p=14463\" \/>\n<meta property=\"og:locale\" content=\"az_AZ\" \/>\n<meta property=\"og:type\" content=\"article\" \/>\n<meta property=\"og:title\" content=\"&quot;\u00dc\u00e7\u00fcnc\u00fc D\u00f6vl\u0259t proqram\u0131 \u00f6lk\u0259nin inki\u015faf\u0131na yeni t\u00f6hf\u0259l\u0259r ver\u0259c\u0259k&quot; - Z\u0259rdab.com\" \/>\n<meta property=\"og:description\" content=\"Bak\u0131da &#8211; Heyd\u0259r \u018fliyev M\u0259rk\u0259zind\u0259 Az\u0259rbaycan Respublikas\u0131 regionlar\u0131n\u0131n sosial-iqtisadi inki\u015faf\u0131 D\u00f6vl\u0259t proqramlar\u0131n\u0131n icras\u0131na h\u0259sr olunan konfrans-s\u0259rgi ke\u00e7irilmi\u015fdir. Zerdab.com sayt\u0131 Prezident.az sayt\u0131na istinad\u0259n x\u0259b\u0259r verir ki,\u00a0Prezident \u0130lham \u018fliyev t\u0259dbird\u0259 i\u015ftirak etmi\u015fdir. Regionlar\u0131n sosial-iqtisadi inki\u015faf\u0131 D\u00f6vl\u0259t proqramlar\u0131n\u0131n icras\u0131na h\u0259sr olunan s\u0259rgid\u0259 2003-2013-c\u00fc ill\u0259r \u00fczr\u0259 \u00f6lk\u0259nin sosial-iqtisadi inki\u015faf\u0131n\u0131n \u0259sas g\u00f6st\u0259ricil\u0259ri, iqtisadiyyat\u0131n s\u0259naye, infrastruktur, informasiya-kommunikasiya texnologiyalar\u0131, k\u0259nd t\u0259s\u0259rr\u00fcfat\u0131, sosial [&hellip;]\" \/>\n<meta property=\"og:url\" content=\"https:\/\/www.zerdab.com\/?p=14463\" \/>\n<meta property=\"og:site_name\" content=\"Z\u0259rdab.com\" \/>\n<meta property=\"article:published_time\" content=\"2014-02-05T15:57:21+00:00\" \/>\n<meta property=\"og:image\" content=\"http:\/\/www.zerdab.com\/wp-content\/uploads\/2014\/02\/Prezident6-550x364.jpg\" \/>\n<meta name=\"author\" content=\"admin\" \/>\n<meta name=\"twitter:card\" content=\"summary_large_image\" \/>\n<meta name=\"twitter:label1\" content=\"Written by\" \/>\n\t<meta name=\"twitter:data1\" content=\"admin\" \/>\n\t<meta name=\"twitter:label2\" content=\"Est. reading time\" \/>\n\t<meta name=\"twitter:data2\" content=\"6 minutes\" \/>\n<script type=\"application\/ld+json\" class=\"yoast-schema-graph\">{\"@context\":\"https:\/\/schema.org\",\"@graph\":[{\"@type\":\"Article\",\"@id\":\"https:\/\/www.zerdab.com\/?p=14463#article\",\"isPartOf\":{\"@id\":\"https:\/\/www.zerdab.com\/?p=14463\"},\"author\":{\"name\":\"admin\",\"@id\":\"https:\/\/www.zerdab.com\/#\/schema\/person\/97079b7570c1e89ec0d9e138c3672136\"},\"headline\":\"&#8220;\u00dc\u00e7\u00fcnc\u00fc D\u00f6vl\u0259t proqram\u0131 \u00f6lk\u0259nin inki\u015faf\u0131na yeni t\u00f6hf\u0259l\u0259r ver\u0259c\u0259k&#8221;\",\"datePublished\":\"2014-02-05T15:57:21+00:00\",\"mainEntityOfPage\":{\"@id\":\"https:\/\/www.zerdab.com\/?p=14463\"},\"wordCount\":1164,\"commentCount\":0,\"image\":{\"@id\":\"https:\/\/www.zerdab.com\/?p=14463#primaryimage\"},\"thumbnailUrl\":\"http:\/\/www.zerdab.com\/wp-content\/uploads\/2014\/02\/Prezident6-550x364.jpg\",\"articleSection\":[\"C\u018fM\u0130YY\u018fT\"],\"inLanguage\":\"az\",\"potentialAction\":[{\"@type\":\"CommentAction\",\"name\":\"Comment\",\"target\":[\"https:\/\/www.zerdab.com\/?p=14463#respond\"]}]},{\"@type\":\"WebPage\",\"@id\":\"https:\/\/www.zerdab.com\/?p=14463\",\"url\":\"https:\/\/www.zerdab.com\/?p=14463\",\"name\":\"\\\"\u00dc\u00e7\u00fcnc\u00fc D\u00f6vl\u0259t proqram\u0131 \u00f6lk\u0259nin inki\u015faf\u0131na yeni t\u00f6hf\u0259l\u0259r ver\u0259c\u0259k\\\" - Z\u0259rdab.com\",\"isPartOf\":{\"@id\":\"https:\/\/www.zerdab.com\/#website\"},\"primaryImageOfPage\":{\"@id\":\"https:\/\/www.zerdab.com\/?p=14463#primaryimage\"},\"image\":{\"@id\":\"https:\/\/www.zerdab.com\/?p=14463#primaryimage\"},\"thumbnailUrl\":\"http:\/\/www.zerdab.com\/wp-content\/uploads\/2014\/02\/Prezident6-550x364.jpg\",\"datePublished\":\"2014-02-05T15:57:21+00:00\",\"author\":{\"@id\":\"https:\/\/www.zerdab.com\/#\/schema\/person\/97079b7570c1e89ec0d9e138c3672136\"},\"breadcrumb\":{\"@id\":\"https:\/\/www.zerdab.com\/?p=14463#breadcrumb\"},\"inLanguage\":\"az\",\"potentialAction\":[{\"@type\":\"ReadAction\",\"target\":[\"https:\/\/www.zerdab.com\/?p=14463\"]}]},{\"@type\":\"ImageObject\",\"inLanguage\":\"az\",\"@id\":\"https:\/\/www.zerdab.com\/?p=14463#primaryimage\",\"url\":\"\",\"contentUrl\":\"\"},{\"@type\":\"BreadcrumbList\",\"@id\":\"https:\/\/www.zerdab.com\/?p=14463#breadcrumb\",\"itemListElement\":[{\"@type\":\"ListItem\",\"position\":1,\"name\":\"Home\",\"item\":\"https:\/\/www.zerdab.com\/\"},{\"@type\":\"ListItem\",\"position\":2,\"name\":\"&#8220;\u00dc\u00e7\u00fcnc\u00fc D\u00f6vl\u0259t proqram\u0131 \u00f6lk\u0259nin inki\u015faf\u0131na yeni t\u00f6hf\u0259l\u0259r ver\u0259c\u0259k&#8221;\"}]},{\"@type\":\"WebSite\",\"@id\":\"https:\/\/www.zerdab.com\/#website\",\"url\":\"https:\/\/www.zerdab.com\/\",\"name\":\"Z\u0259rdab.com\",\"description\":\"\",\"potentialAction\":[{\"@type\":\"SearchAction\",\"target\":{\"@type\":\"EntryPoint\",\"urlTemplate\":\"https:\/\/www.zerdab.com\/?s={search_term_string}\"},\"query-input\":{\"@type\":\"PropertyValueSpecification\",\"valueRequired\":true,\"valueName\":\"search_term_string\"}}],\"inLanguage\":\"az\"},{\"@type\":\"Person\",\"@id\":\"https:\/\/www.zerdab.com\/#\/schema\/person\/97079b7570c1e89ec0d9e138c3672136\",\"name\":\"admin\",\"image\":{\"@type\":\"ImageObject\",\"inLanguage\":\"az\",\"@id\":\"https:\/\/www.zerdab.com\/#\/schema\/person\/image\/\",\"url\":\"https:\/\/secure.gravatar.com\/avatar\/d9c52a9a27c32119cb6679a077fa3e2779e5f822c451cbf01098004361d466ec?s=96&d=mm&r=g\",\"contentUrl\":\"https:\/\/secure.gravatar.com\/avatar\/d9c52a9a27c32119cb6679a077fa3e2779e5f822c451cbf01098004361d466ec?s=96&d=mm&r=g\",\"caption\":\"admin\"},\"url\":\"https:\/\/www.zerdab.com\/?author=1\"}]}<\/script>\n<!-- \/ Yoast SEO plugin. -->","yoast_head_json":{"title":"\"\u00dc\u00e7\u00fcnc\u00fc D\u00f6vl\u0259t proqram\u0131 \u00f6lk\u0259nin inki\u015faf\u0131na yeni t\u00f6hf\u0259l\u0259r ver\u0259c\u0259k\" - Z\u0259rdab.com","robots":{"index":"index","follow":"follow","max-snippet":"max-snippet:-1","max-image-preview":"max-image-preview:large","max-video-preview":"max-video-preview:-1"},"canonical":"https:\/\/www.zerdab.com\/?p=14463","og_locale":"az_AZ","og_type":"article","og_title":"\"\u00dc\u00e7\u00fcnc\u00fc D\u00f6vl\u0259t proqram\u0131 \u00f6lk\u0259nin inki\u015faf\u0131na yeni t\u00f6hf\u0259l\u0259r ver\u0259c\u0259k\" - Z\u0259rdab.com","og_description":"Bak\u0131da &#8211; Heyd\u0259r \u018fliyev M\u0259rk\u0259zind\u0259 Az\u0259rbaycan Respublikas\u0131 regionlar\u0131n\u0131n sosial-iqtisadi inki\u015faf\u0131 D\u00f6vl\u0259t proqramlar\u0131n\u0131n icras\u0131na h\u0259sr olunan konfrans-s\u0259rgi ke\u00e7irilmi\u015fdir. Zerdab.com sayt\u0131 Prezident.az sayt\u0131na istinad\u0259n x\u0259b\u0259r verir ki,\u00a0Prezident \u0130lham \u018fliyev t\u0259dbird\u0259 i\u015ftirak etmi\u015fdir. Regionlar\u0131n sosial-iqtisadi inki\u015faf\u0131 D\u00f6vl\u0259t proqramlar\u0131n\u0131n icras\u0131na h\u0259sr olunan s\u0259rgid\u0259 2003-2013-c\u00fc ill\u0259r \u00fczr\u0259 \u00f6lk\u0259nin sosial-iqtisadi inki\u015faf\u0131n\u0131n \u0259sas g\u00f6st\u0259ricil\u0259ri, iqtisadiyyat\u0131n s\u0259naye, infrastruktur, informasiya-kommunikasiya texnologiyalar\u0131, k\u0259nd t\u0259s\u0259rr\u00fcfat\u0131, sosial [&hellip;]","og_url":"https:\/\/www.zerdab.com\/?p=14463","og_site_name":"Z\u0259rdab.com","article_published_time":"2014-02-05T15:57:21+00:00","og_image":[{"url":"http:\/\/www.zerdab.com\/wp-content\/uploads\/2014\/02\/Prezident6-550x364.jpg","type":"","width":"","height":""}],"author":"admin","twitter_card":"summary_large_image","twitter_misc":{"Written by":"admin","Est. reading time":"6 minutes"},"schema":{"@context":"https:\/\/schema.org","@graph":[{"@type":"Article","@id":"https:\/\/www.zerdab.com\/?p=14463#article","isPartOf":{"@id":"https:\/\/www.zerdab.com\/?p=14463"},"author":{"name":"admin","@id":"https:\/\/www.zerdab.com\/#\/schema\/person\/97079b7570c1e89ec0d9e138c3672136"},"headline":"&#8220;\u00dc\u00e7\u00fcnc\u00fc D\u00f6vl\u0259t proqram\u0131 \u00f6lk\u0259nin inki\u015faf\u0131na yeni t\u00f6hf\u0259l\u0259r ver\u0259c\u0259k&#8221;","datePublished":"2014-02-05T15:57:21+00:00","mainEntityOfPage":{"@id":"https:\/\/www.zerdab.com\/?p=14463"},"wordCount":1164,"commentCount":0,"image":{"@id":"https:\/\/www.zerdab.com\/?p=14463#primaryimage"},"thumbnailUrl":"http:\/\/www.zerdab.com\/wp-content\/uploads\/2014\/02\/Prezident6-550x364.jpg","articleSection":["C\u018fM\u0130YY\u018fT"],"inLanguage":"az","potentialAction":[{"@type":"CommentAction","name":"Comment","target":["https:\/\/www.zerdab.com\/?p=14463#respond"]}]},{"@type":"WebPage","@id":"https:\/\/www.zerdab.com\/?p=14463","url":"https:\/\/www.zerdab.com\/?p=14463","name":"\"\u00dc\u00e7\u00fcnc\u00fc D\u00f6vl\u0259t proqram\u0131 \u00f6lk\u0259nin inki\u015faf\u0131na yeni t\u00f6hf\u0259l\u0259r ver\u0259c\u0259k\" - Z\u0259rdab.com","isPartOf":{"@id":"https:\/\/www.zerdab.com\/#website"},"primaryImageOfPage":{"@id":"https:\/\/www.zerdab.com\/?p=14463#primaryimage"},"image":{"@id":"https:\/\/www.zerdab.com\/?p=14463#primaryimage"},"thumbnailUrl":"http:\/\/www.zerdab.com\/wp-content\/uploads\/2014\/02\/Prezident6-550x364.jpg","datePublished":"2014-02-05T15:57:21+00:00","author":{"@id":"https:\/\/www.zerdab.com\/#\/schema\/person\/97079b7570c1e89ec0d9e138c3672136"},"breadcrumb":{"@id":"https:\/\/www.zerdab.com\/?p=14463#breadcrumb"},"inLanguage":"az","potentialAction":[{"@type":"ReadAction","target":["https:\/\/www.zerdab.com\/?p=14463"]}]},{"@type":"ImageObject","inLanguage":"az","@id":"https:\/\/www.zerdab.com\/?p=14463#primaryimage","url":"","contentUrl":""},{"@type":"BreadcrumbList","@id":"https:\/\/www.zerdab.com\/?p=14463#breadcrumb","itemListElement":[{"@type":"ListItem","position":1,"name":"Home","item":"https:\/\/www.zerdab.com\/"},{"@type":"ListItem","position":2,"name":"&#8220;\u00dc\u00e7\u00fcnc\u00fc D\u00f6vl\u0259t proqram\u0131 \u00f6lk\u0259nin inki\u015faf\u0131na yeni t\u00f6hf\u0259l\u0259r ver\u0259c\u0259k&#8221;"}]},{"@type":"WebSite","@id":"https:\/\/www.zerdab.com\/#website","url":"https:\/\/www.zerdab.com\/","name":"Z\u0259rdab.com","description":"","potentialAction":[{"@type":"SearchAction","target":{"@type":"EntryPoint","urlTemplate":"https:\/\/www.zerdab.com\/?s={search_term_string}"},"query-input":{"@type":"PropertyValueSpecification","valueRequired":true,"valueName":"search_term_string"}}],"inLanguage":"az"},{"@type":"Person","@id":"https:\/\/www.zerdab.com\/#\/schema\/person\/97079b7570c1e89ec0d9e138c3672136","name":"admin","image":{"@type":"ImageObject","inLanguage":"az","@id":"https:\/\/www.zerdab.com\/#\/schema\/person\/image\/","url":"https:\/\/secure.gravatar.com\/avatar\/d9c52a9a27c32119cb6679a077fa3e2779e5f822c451cbf01098004361d466ec?s=96&d=mm&r=g","contentUrl":"https:\/\/secure.gravatar.com\/avatar\/d9c52a9a27c32119cb6679a077fa3e2779e5f822c451cbf01098004361d466ec?s=96&d=mm&r=g","caption":"admin"},"url":"https:\/\/www.zerdab.com\/?author=1"}]}},"_links":{"self":[{"href":"https:\/\/www.zerdab.com\/index.php?rest_route=\/wp\/v2\/posts\/14463","targetHints":{"allow":["GET"]}}],"collection":[{"href":"https:\/\/www.zerdab.com\/index.php?rest_route=\/wp\/v2\/posts"}],"about":[{"href":"https:\/\/www.zerdab.com\/index.php?rest_route=\/wp\/v2\/types\/post"}],"author":[{"embeddable":true,"href":"https:\/\/www.zerdab.com\/index.php?rest_route=\/wp\/v2\/users\/1"}],"replies":[{"embeddable":true,"href":"https:\/\/www.zerdab.com\/index.php?rest_route=%2Fwp%2Fv2%2Fcomments&post=14463"}],"version-history":[{"count":2,"href":"https:\/\/www.zerdab.com\/index.php?rest_route=\/wp\/v2\/posts\/14463\/revisions"}],"predecessor-version":[{"id":14470,"href":"https:\/\/www.zerdab.com\/index.php?rest_route=\/wp\/v2\/posts\/14463\/revisions\/14470"}],"wp:attachment":[{"href":"https:\/\/www.zerdab.com\/index.php?rest_route=%2Fwp%2Fv2%2Fmedia&parent=14463"}],"wp:term":[{"taxonomy":"category","embeddable":true,"href":"https:\/\/www.zerdab.com\/index.php?rest_route=%2Fwp%2Fv2%2Fcategories&post=14463"},{"taxonomy":"post_tag","embeddable":true,"href":"https:\/\/www.zerdab.com\/index.php?rest_route=%2Fwp%2Fv2%2Ftags&post=14463"}],"curies":[{"name":"wp","href":"https:\/\/api.w.org\/{rel}","templated":true}]}}