{"id":14516,"date":"2014-02-10T16:53:27","date_gmt":"2014-02-10T12:53:27","guid":{"rendered":"http:\/\/www.zerdab.com\/?p=14516"},"modified":"2014-02-10T16:53:27","modified_gmt":"2014-02-10T12:53:27","slug":"allahverdi-s%c9%99f%c9%99rov-bu-cur-m%c9%99lumatlarin-yalan-oldugunu-qeyd-etmisik","status":"publish","type":"post","link":"https:\/\/www.zerdab.com\/?p=14516","title":{"rendered":"Allahverdi S\u0259f\u0259rov: &#8220;Bu c\u00fcr m\u0259lumatlar\u0131n yalan oldu\u011funu qeyd etmi\u015fik&#8221;"},"content":{"rendered":"<p><a href=\"http:\/\/www.zerdab.com\/wp-content\/uploads\/2014\/02\/zerdab5.jpg\"><img loading=\"lazy\" decoding=\"async\" class=\"aligncenter size-full wp-image-14517\" alt=\"Zerdab\" src=\"http:\/\/www.zerdab.com\/wp-content\/uploads\/2014\/02\/zerdab5.jpg\" width=\"448\" height=\"336\" \/><\/a>Z\u0259rdab \u015f\u0259h\u0259rind\u0259 U\u015faq \u018fyl\u0259nc\u0259 M\u0259rk\u0259zinin sat\u0131\u015fa \u00e7\u0131xar\u0131lmas\u0131 bar\u0259d\u0259 b\u0259zi saytlarda m\u0259lumat yay\u0131l\u0131b.\u00a0Z\u0259rdab rayon icra hakimiyy\u0259ti ba\u015f\u00e7\u0131s\u0131n\u0131n birinci m\u00fcavini Allahverdi S\u0259f\u0259rov\u00a0AzNews.az-a bildirib ki, s\u00f6z\u00fcged\u0259n M\u0259rk\u0259z \u018fm\u0259k M\u0259s\u0259l\u0259l\u0259ri \u00fczr\u0259 D\u00f6vl\u0259t Komit\u0259sinin balans\u0131ndad\u0131r: \u00a0\u201c\u018fvv\u0259ll\u0259r M\u0259rk\u0259zin \u0259razisind\u0259 ba\u011f\u00e7a tikm\u0259k ist\u0259yibl\u0259r. Lakin bu Komit\u0259nin balans\u0131nda oldu\u011fundan i\u015f dayand\u0131r\u0131l\u0131b. M\u0259rk\u0259zin sat\u0131lmas\u0131 il\u0259 d\u0259 ba\u011fl\u0131 yay\u0131lan m\u0259lumatlar yaland\u0131r. Biz bunu ara\u015fd\u0131rm\u0131\u015f\u0131q v\u0259 h\u0259l\u0259lik M\u0259rk\u0259z \u018fmlak Komit\u0259si t\u0259r\u0259find\u0259n sat\u0131\u015fa \u00e7\u0131xar\u0131lmay\u0131b. \u018fg\u0259r sat\u0131\u015fa \u00e7\u0131xar\u0131lsa bel\u0259 biz he\u00e7 n\u0259 ed\u0259 bilm\u0259rik\u201d.<\/p>\n<p>A. S\u0259f\u0259rov vur\u011fulay\u0131b ki, M\u0259rk\u0259zin \u015f\u0259h\u0259r icra n\u00fcmay\u0259nd\u0259si t\u0259r\u0259find\u0259n \u00f6z\u0259ll\u0259\u015fdirilm\u0259si il\u0259 ba\u011fl\u0131 deyil\u0259n m\u0259lumat da h\u0259qiq\u0259t\u0259 uy\u011fun deyil:\u00a0\u201cBir ne\u00e7\u0259 ildir ki, bu s\u00f6hb\u0259t gedir v\u0259 biz d\u0259 h\u0259r zaman bu c\u00fcr m\u0259lumatlar\u0131n yalan oldu\u011funu qeyd etmi\u015fik. \u00dcmumiyy\u0259tl\u0259, Z\u0259rdabda bir ne\u00e7\u0259 bu c\u00fcr obyekt var v\u0259 sat\u0131\u015fa \u00e7\u0131xar\u0131laraq sahibkarlar t\u0259r\u0259find\u0259n \u00f6z\u0259ll\u0259\u015fdirilib. Bu yax\u0131nlarda Z\u0259rdab rayonunda \u018fmlak Komit\u0259sinin balans\u0131nda olan k\u00f6hn\u0259 inc\u0259s\u0259n\u0259t m\u0259kt\u0259bi tender\u0259 \u00e7\u0131xar\u0131laraq, bir sahibkar t\u0259r\u0259find\u0259n al\u0131n\u0131b\u201d.<\/p>\n","protected":false},"excerpt":{"rendered":"<p>Z\u0259rdab \u015f\u0259h\u0259rind\u0259 U\u015faq \u018fyl\u0259nc\u0259 M\u0259rk\u0259zinin sat\u0131\u015fa \u00e7\u0131xar\u0131lmas\u0131 bar\u0259d\u0259 b\u0259zi saytlarda m\u0259lumat yay\u0131l\u0131b.\u00a0Z\u0259rdab rayon icra hakimiyy\u0259ti ba\u015f\u00e7\u0131s\u0131n\u0131n birinci m\u00fcavini Allahverdi S\u0259f\u0259rov\u00a0AzNews.az-a bildirib ki, s\u00f6z\u00fcged\u0259n M\u0259rk\u0259z \u018fm\u0259k M\u0259s\u0259l\u0259l\u0259ri \u00fczr\u0259 D\u00f6vl\u0259t Komit\u0259sinin balans\u0131ndad\u0131r: \u00a0\u201c\u018fvv\u0259ll\u0259r M\u0259rk\u0259zin \u0259razisind\u0259 ba\u011f\u00e7a tikm\u0259k ist\u0259yibl\u0259r. Lakin bu Komit\u0259nin balans\u0131nda oldu\u011fundan i\u015f dayand\u0131r\u0131l\u0131b. M\u0259rk\u0259zin sat\u0131lmas\u0131 il\u0259 d\u0259 ba\u011fl\u0131 yay\u0131lan m\u0259lumatlar yaland\u0131r. Biz bunu ara\u015fd\u0131rm\u0131\u015f\u0131q v\u0259 [&hellip;]<\/p>\n","protected":false},"author":1,"featured_media":0,"comment_status":"open","ping_status":"open","sticky":false,"template":"","format":"standard","meta":{"footnotes":""},"categories":[21],"tags":[],"class_list":{"0":"post-14516","1":"post","2":"type-post","3":"status-publish","4":"format-standard","6":"category-zrdab"},"yoast_head":"<!-- This site is optimized with the Yoast SEO plugin v27.0 - https:\/\/yoast.com\/product\/yoast-seo-wordpress\/ -->\n<title>Allahverdi S\u0259f\u0259rov: &quot;Bu c\u00fcr m\u0259lumatlar\u0131n yalan oldu\u011funu qeyd etmi\u015fik&quot; - Z\u0259rdab.com<\/title>\n<meta name=\"robots\" content=\"index, follow, max-snippet:-1, max-image-preview:large, max-video-preview:-1\" \/>\n<link rel=\"canonical\" href=\"https:\/\/www.zerdab.com\/?p=14516\" \/>\n<meta property=\"og:locale\" content=\"az_AZ\" \/>\n<meta property=\"og:type\" content=\"article\" \/>\n<meta property=\"og:title\" content=\"Allahverdi S\u0259f\u0259rov: &quot;Bu c\u00fcr m\u0259lumatlar\u0131n yalan oldu\u011funu qeyd etmi\u015fik&quot; - Z\u0259rdab.com\" \/>\n<meta property=\"og:description\" content=\"Z\u0259rdab \u015f\u0259h\u0259rind\u0259 U\u015faq \u018fyl\u0259nc\u0259 M\u0259rk\u0259zinin sat\u0131\u015fa \u00e7\u0131xar\u0131lmas\u0131 bar\u0259d\u0259 b\u0259zi saytlarda m\u0259lumat yay\u0131l\u0131b.\u00a0Z\u0259rdab rayon icra hakimiyy\u0259ti ba\u015f\u00e7\u0131s\u0131n\u0131n birinci m\u00fcavini Allahverdi S\u0259f\u0259rov\u00a0AzNews.az-a bildirib ki, s\u00f6z\u00fcged\u0259n M\u0259rk\u0259z \u018fm\u0259k M\u0259s\u0259l\u0259l\u0259ri \u00fczr\u0259 D\u00f6vl\u0259t Komit\u0259sinin balans\u0131ndad\u0131r: \u00a0\u201c\u018fvv\u0259ll\u0259r M\u0259rk\u0259zin \u0259razisind\u0259 ba\u011f\u00e7a tikm\u0259k ist\u0259yibl\u0259r. Lakin bu Komit\u0259nin balans\u0131nda oldu\u011fundan i\u015f dayand\u0131r\u0131l\u0131b. M\u0259rk\u0259zin sat\u0131lmas\u0131 il\u0259 d\u0259 ba\u011fl\u0131 yay\u0131lan m\u0259lumatlar yaland\u0131r. Biz bunu ara\u015fd\u0131rm\u0131\u015f\u0131q v\u0259 [&hellip;]\" \/>\n<meta property=\"og:url\" content=\"https:\/\/www.zerdab.com\/?p=14516\" \/>\n<meta property=\"og:site_name\" content=\"Z\u0259rdab.com\" \/>\n<meta property=\"article:published_time\" content=\"2014-02-10T12:53:27+00:00\" \/>\n<meta property=\"og:image\" content=\"http:\/\/www.zerdab.com\/wp-content\/uploads\/2014\/02\/zerdab5.jpg\" \/>\n<meta name=\"author\" content=\"admin\" \/>\n<meta name=\"twitter:card\" content=\"summary_large_image\" \/>\n<meta name=\"twitter:label1\" content=\"Written by\" \/>\n\t<meta name=\"twitter:data1\" content=\"admin\" \/>\n\t<meta name=\"twitter:label2\" content=\"Est. reading time\" \/>\n\t<meta name=\"twitter:data2\" content=\"1 minute\" \/>\n<script type=\"application\/ld+json\" class=\"yoast-schema-graph\">{\"@context\":\"https:\/\/schema.org\",\"@graph\":[{\"@type\":\"Article\",\"@id\":\"https:\/\/www.zerdab.com\/?p=14516#article\",\"isPartOf\":{\"@id\":\"https:\/\/www.zerdab.com\/?p=14516\"},\"author\":{\"name\":\"admin\",\"@id\":\"https:\/\/www.zerdab.com\/#\/schema\/person\/97079b7570c1e89ec0d9e138c3672136\"},\"headline\":\"Allahverdi S\u0259f\u0259rov: &#8220;Bu c\u00fcr m\u0259lumatlar\u0131n yalan oldu\u011funu qeyd etmi\u015fik&#8221;\",\"datePublished\":\"2014-02-10T12:53:27+00:00\",\"mainEntityOfPage\":{\"@id\":\"https:\/\/www.zerdab.com\/?p=14516\"},\"wordCount\":289,\"commentCount\":0,\"image\":{\"@id\":\"https:\/\/www.zerdab.com\/?p=14516#primaryimage\"},\"thumbnailUrl\":\"http:\/\/www.zerdab.com\/wp-content\/uploads\/2014\/02\/zerdab5.jpg\",\"articleSection\":[\"C\u018fM\u0130YY\u018fT\"],\"inLanguage\":\"az\",\"potentialAction\":[{\"@type\":\"CommentAction\",\"name\":\"Comment\",\"target\":[\"https:\/\/www.zerdab.com\/?p=14516#respond\"]}]},{\"@type\":\"WebPage\",\"@id\":\"https:\/\/www.zerdab.com\/?p=14516\",\"url\":\"https:\/\/www.zerdab.com\/?p=14516\",\"name\":\"Allahverdi S\u0259f\u0259rov: \\\"Bu c\u00fcr m\u0259lumatlar\u0131n yalan oldu\u011funu qeyd etmi\u015fik\\\" - Z\u0259rdab.com\",\"isPartOf\":{\"@id\":\"https:\/\/www.zerdab.com\/#website\"},\"primaryImageOfPage\":{\"@id\":\"https:\/\/www.zerdab.com\/?p=14516#primaryimage\"},\"image\":{\"@id\":\"https:\/\/www.zerdab.com\/?p=14516#primaryimage\"},\"thumbnailUrl\":\"http:\/\/www.zerdab.com\/wp-content\/uploads\/2014\/02\/zerdab5.jpg\",\"datePublished\":\"2014-02-10T12:53:27+00:00\",\"author\":{\"@id\":\"https:\/\/www.zerdab.com\/#\/schema\/person\/97079b7570c1e89ec0d9e138c3672136\"},\"breadcrumb\":{\"@id\":\"https:\/\/www.zerdab.com\/?p=14516#breadcrumb\"},\"inLanguage\":\"az\",\"potentialAction\":[{\"@type\":\"ReadAction\",\"target\":[\"https:\/\/www.zerdab.com\/?p=14516\"]}]},{\"@type\":\"ImageObject\",\"inLanguage\":\"az\",\"@id\":\"https:\/\/www.zerdab.com\/?p=14516#primaryimage\",\"url\":\"http:\/\/www.zerdab.com\/wp-content\/uploads\/2014\/02\/zerdab5.jpg\",\"contentUrl\":\"http:\/\/www.zerdab.com\/wp-content\/uploads\/2014\/02\/zerdab5.jpg\"},{\"@type\":\"BreadcrumbList\",\"@id\":\"https:\/\/www.zerdab.com\/?p=14516#breadcrumb\",\"itemListElement\":[{\"@type\":\"ListItem\",\"position\":1,\"name\":\"Home\",\"item\":\"https:\/\/www.zerdab.com\/\"},{\"@type\":\"ListItem\",\"position\":2,\"name\":\"Allahverdi S\u0259f\u0259rov: &#8220;Bu c\u00fcr m\u0259lumatlar\u0131n yalan oldu\u011funu qeyd etmi\u015fik&#8221;\"}]},{\"@type\":\"WebSite\",\"@id\":\"https:\/\/www.zerdab.com\/#website\",\"url\":\"https:\/\/www.zerdab.com\/\",\"name\":\"Z\u0259rdab.com\",\"description\":\"\",\"potentialAction\":[{\"@type\":\"SearchAction\",\"target\":{\"@type\":\"EntryPoint\",\"urlTemplate\":\"https:\/\/www.zerdab.com\/?s={search_term_string}\"},\"query-input\":{\"@type\":\"PropertyValueSpecification\",\"valueRequired\":true,\"valueName\":\"search_term_string\"}}],\"inLanguage\":\"az\"},{\"@type\":\"Person\",\"@id\":\"https:\/\/www.zerdab.com\/#\/schema\/person\/97079b7570c1e89ec0d9e138c3672136\",\"name\":\"admin\",\"image\":{\"@type\":\"ImageObject\",\"inLanguage\":\"az\",\"@id\":\"https:\/\/www.zerdab.com\/#\/schema\/person\/image\/\",\"url\":\"https:\/\/secure.gravatar.com\/avatar\/d9c52a9a27c32119cb6679a077fa3e2779e5f822c451cbf01098004361d466ec?s=96&d=mm&r=g\",\"contentUrl\":\"https:\/\/secure.gravatar.com\/avatar\/d9c52a9a27c32119cb6679a077fa3e2779e5f822c451cbf01098004361d466ec?s=96&d=mm&r=g\",\"caption\":\"admin\"},\"url\":\"https:\/\/www.zerdab.com\/?author=1\"}]}<\/script>\n<!-- \/ Yoast SEO plugin. -->","yoast_head_json":{"title":"Allahverdi S\u0259f\u0259rov: \"Bu c\u00fcr m\u0259lumatlar\u0131n yalan oldu\u011funu qeyd etmi\u015fik\" - Z\u0259rdab.com","robots":{"index":"index","follow":"follow","max-snippet":"max-snippet:-1","max-image-preview":"max-image-preview:large","max-video-preview":"max-video-preview:-1"},"canonical":"https:\/\/www.zerdab.com\/?p=14516","og_locale":"az_AZ","og_type":"article","og_title":"Allahverdi S\u0259f\u0259rov: \"Bu c\u00fcr m\u0259lumatlar\u0131n yalan oldu\u011funu qeyd etmi\u015fik\" - Z\u0259rdab.com","og_description":"Z\u0259rdab \u015f\u0259h\u0259rind\u0259 U\u015faq \u018fyl\u0259nc\u0259 M\u0259rk\u0259zinin sat\u0131\u015fa \u00e7\u0131xar\u0131lmas\u0131 bar\u0259d\u0259 b\u0259zi saytlarda m\u0259lumat yay\u0131l\u0131b.\u00a0Z\u0259rdab rayon icra hakimiyy\u0259ti ba\u015f\u00e7\u0131s\u0131n\u0131n birinci m\u00fcavini Allahverdi S\u0259f\u0259rov\u00a0AzNews.az-a bildirib ki, s\u00f6z\u00fcged\u0259n M\u0259rk\u0259z \u018fm\u0259k M\u0259s\u0259l\u0259l\u0259ri \u00fczr\u0259 D\u00f6vl\u0259t Komit\u0259sinin balans\u0131ndad\u0131r: \u00a0\u201c\u018fvv\u0259ll\u0259r M\u0259rk\u0259zin \u0259razisind\u0259 ba\u011f\u00e7a tikm\u0259k ist\u0259yibl\u0259r. Lakin bu Komit\u0259nin balans\u0131nda oldu\u011fundan i\u015f dayand\u0131r\u0131l\u0131b. M\u0259rk\u0259zin sat\u0131lmas\u0131 il\u0259 d\u0259 ba\u011fl\u0131 yay\u0131lan m\u0259lumatlar yaland\u0131r. Biz bunu ara\u015fd\u0131rm\u0131\u015f\u0131q v\u0259 [&hellip;]","og_url":"https:\/\/www.zerdab.com\/?p=14516","og_site_name":"Z\u0259rdab.com","article_published_time":"2014-02-10T12:53:27+00:00","og_image":[{"url":"http:\/\/www.zerdab.com\/wp-content\/uploads\/2014\/02\/zerdab5.jpg","type":"","width":"","height":""}],"author":"admin","twitter_card":"summary_large_image","twitter_misc":{"Written by":"admin","Est. reading time":"1 minute"},"schema":{"@context":"https:\/\/schema.org","@graph":[{"@type":"Article","@id":"https:\/\/www.zerdab.com\/?p=14516#article","isPartOf":{"@id":"https:\/\/www.zerdab.com\/?p=14516"},"author":{"name":"admin","@id":"https:\/\/www.zerdab.com\/#\/schema\/person\/97079b7570c1e89ec0d9e138c3672136"},"headline":"Allahverdi S\u0259f\u0259rov: &#8220;Bu c\u00fcr m\u0259lumatlar\u0131n yalan oldu\u011funu qeyd etmi\u015fik&#8221;","datePublished":"2014-02-10T12:53:27+00:00","mainEntityOfPage":{"@id":"https:\/\/www.zerdab.com\/?p=14516"},"wordCount":289,"commentCount":0,"image":{"@id":"https:\/\/www.zerdab.com\/?p=14516#primaryimage"},"thumbnailUrl":"http:\/\/www.zerdab.com\/wp-content\/uploads\/2014\/02\/zerdab5.jpg","articleSection":["C\u018fM\u0130YY\u018fT"],"inLanguage":"az","potentialAction":[{"@type":"CommentAction","name":"Comment","target":["https:\/\/www.zerdab.com\/?p=14516#respond"]}]},{"@type":"WebPage","@id":"https:\/\/www.zerdab.com\/?p=14516","url":"https:\/\/www.zerdab.com\/?p=14516","name":"Allahverdi S\u0259f\u0259rov: \"Bu c\u00fcr m\u0259lumatlar\u0131n yalan oldu\u011funu qeyd etmi\u015fik\" - Z\u0259rdab.com","isPartOf":{"@id":"https:\/\/www.zerdab.com\/#website"},"primaryImageOfPage":{"@id":"https:\/\/www.zerdab.com\/?p=14516#primaryimage"},"image":{"@id":"https:\/\/www.zerdab.com\/?p=14516#primaryimage"},"thumbnailUrl":"http:\/\/www.zerdab.com\/wp-content\/uploads\/2014\/02\/zerdab5.jpg","datePublished":"2014-02-10T12:53:27+00:00","author":{"@id":"https:\/\/www.zerdab.com\/#\/schema\/person\/97079b7570c1e89ec0d9e138c3672136"},"breadcrumb":{"@id":"https:\/\/www.zerdab.com\/?p=14516#breadcrumb"},"inLanguage":"az","potentialAction":[{"@type":"ReadAction","target":["https:\/\/www.zerdab.com\/?p=14516"]}]},{"@type":"ImageObject","inLanguage":"az","@id":"https:\/\/www.zerdab.com\/?p=14516#primaryimage","url":"http:\/\/www.zerdab.com\/wp-content\/uploads\/2014\/02\/zerdab5.jpg","contentUrl":"http:\/\/www.zerdab.com\/wp-content\/uploads\/2014\/02\/zerdab5.jpg"},{"@type":"BreadcrumbList","@id":"https:\/\/www.zerdab.com\/?p=14516#breadcrumb","itemListElement":[{"@type":"ListItem","position":1,"name":"Home","item":"https:\/\/www.zerdab.com\/"},{"@type":"ListItem","position":2,"name":"Allahverdi S\u0259f\u0259rov: &#8220;Bu c\u00fcr m\u0259lumatlar\u0131n yalan oldu\u011funu qeyd etmi\u015fik&#8221;"}]},{"@type":"WebSite","@id":"https:\/\/www.zerdab.com\/#website","url":"https:\/\/www.zerdab.com\/","name":"Z\u0259rdab.com","description":"","potentialAction":[{"@type":"SearchAction","target":{"@type":"EntryPoint","urlTemplate":"https:\/\/www.zerdab.com\/?s={search_term_string}"},"query-input":{"@type":"PropertyValueSpecification","valueRequired":true,"valueName":"search_term_string"}}],"inLanguage":"az"},{"@type":"Person","@id":"https:\/\/www.zerdab.com\/#\/schema\/person\/97079b7570c1e89ec0d9e138c3672136","name":"admin","image":{"@type":"ImageObject","inLanguage":"az","@id":"https:\/\/www.zerdab.com\/#\/schema\/person\/image\/","url":"https:\/\/secure.gravatar.com\/avatar\/d9c52a9a27c32119cb6679a077fa3e2779e5f822c451cbf01098004361d466ec?s=96&d=mm&r=g","contentUrl":"https:\/\/secure.gravatar.com\/avatar\/d9c52a9a27c32119cb6679a077fa3e2779e5f822c451cbf01098004361d466ec?s=96&d=mm&r=g","caption":"admin"},"url":"https:\/\/www.zerdab.com\/?author=1"}]}},"_links":{"self":[{"href":"https:\/\/www.zerdab.com\/index.php?rest_route=\/wp\/v2\/posts\/14516","targetHints":{"allow":["GET"]}}],"collection":[{"href":"https:\/\/www.zerdab.com\/index.php?rest_route=\/wp\/v2\/posts"}],"about":[{"href":"https:\/\/www.zerdab.com\/index.php?rest_route=\/wp\/v2\/types\/post"}],"author":[{"embeddable":true,"href":"https:\/\/www.zerdab.com\/index.php?rest_route=\/wp\/v2\/users\/1"}],"replies":[{"embeddable":true,"href":"https:\/\/www.zerdab.com\/index.php?rest_route=%2Fwp%2Fv2%2Fcomments&post=14516"}],"version-history":[{"count":1,"href":"https:\/\/www.zerdab.com\/index.php?rest_route=\/wp\/v2\/posts\/14516\/revisions"}],"predecessor-version":[{"id":14518,"href":"https:\/\/www.zerdab.com\/index.php?rest_route=\/wp\/v2\/posts\/14516\/revisions\/14518"}],"wp:attachment":[{"href":"https:\/\/www.zerdab.com\/index.php?rest_route=%2Fwp%2Fv2%2Fmedia&parent=14516"}],"wp:term":[{"taxonomy":"category","embeddable":true,"href":"https:\/\/www.zerdab.com\/index.php?rest_route=%2Fwp%2Fv2%2Fcategories&post=14516"},{"taxonomy":"post_tag","embeddable":true,"href":"https:\/\/www.zerdab.com\/index.php?rest_route=%2Fwp%2Fv2%2Ftags&post=14516"}],"curies":[{"name":"wp","href":"https:\/\/api.w.org\/{rel}","templated":true}]}}