{"id":14546,"date":"2014-02-11T11:46:06","date_gmt":"2014-02-11T07:46:06","guid":{"rendered":"http:\/\/www.zerdab.com\/?p=14546"},"modified":"2014-02-11T11:46:06","modified_gmt":"2014-02-11T07:46:06","slug":"unvanli-dovl%c9%99t-sosial-yardiminin-t%c9%99yini-ilin-sonuna-kimi-avtomatlasdirilacaq","status":"publish","type":"post","link":"https:\/\/www.zerdab.com\/?p=14546","title":{"rendered":"\u00dcnvanl\u0131 d\u00f6vl\u0259t sosial yard\u0131m\u0131n\u0131n t\u0259yini ilin sonuna kimi avtomatla\u015fd\u0131r\u0131lacaq"},"content":{"rendered":"<p><span style=\"color: #0000ff;\"><strong><a href=\"http:\/\/www.zerdab.com\/wp-content\/uploads\/2014\/02\/S\u0259lim-M\u00fcsl\u00fcmov.jpg\"><img loading=\"lazy\" decoding=\"async\" class=\"aligncenter size-large wp-image-14547\" alt=\"S\u0259lim M\u00fcsl\u00fcmov\" src=\"http:\/\/www.zerdab.com\/wp-content\/uploads\/2014\/02\/S\u0259lim-M\u00fcsl\u00fcmov-550x366.jpg\" width=\"550\" height=\"366\" \/><\/a>Salam! Xahi\u015f edir\u0259m m\u0259lumat\u0131 m\u0259nsub oldu\u011funuz K\u0130V-d\u0259 i\u015f\u0131qland\u0131ras\u0131n\u0131z.<\/strong><\/span><\/p>\n<p><span style=\"color: #0000ff;\"><strong>H\u00f6rm\u0259tl\u0259,\u00a0Elman Babayev<\/strong><\/span><br \/>\n<span style=\"color: #0000ff;\"><strong>Az\u0259rbaycan Respublikas\u0131 \u018fm\u0259k v\u0259 \u018fhalinin Sosial M\u00fcdafi\u0259si Nazirliyinin<\/strong><\/span><br \/>\n<span style=\"color: #0000ff;\"><strong>\u0130ctimaiyy\u0259tl\u0259 \u0259laq\u0259l\u0259r \u015f\u00f6b\u0259sinin m\u00fcdiri.<\/strong><\/span><\/p>\n<p><strong><span style=\"font-size: 14px; line-height: 1.5em; color: #ff0000;\">S\u0259lim M\u00fcsl\u00fcmov: \u201cN\u0259z\u0259rd\u0259 tutulan islahatlar n\u0259tic\u0259sind\u0259 \u0259haliy\u0259 g\u00f6st\u0259ril\u0259n xidm\u0259tl\u0259r daha keyfiyy\u0259tli v\u0259 \u0259l\u00e7atan olacaq\u201d<\/span><\/strong><\/p>\n<p style=\"text-align: justify;\"><span style=\"font-size: 14px; line-height: 1.5em;\">Az\u0259rbaycan Respublikas\u0131 \u0259m\u0259k v\u0259 \u0259halinin sosial m\u00fcdafi\u0259si naziri S\u0259lim M\u00fcsl\u00fcmov Avropa \u0130ttifaq\u0131n\u0131n Az\u0259rbaycan Respublikas\u0131ndak\u0131 N\u00fcmay\u0259nd\u0259liyinin r\u0259hb\u0259ri s\u0259fir xan\u0131m Malena Mard\u0131 q\u0259bul edib. \u00a0G\u00f6r\u00fc\u015fd\u0259 nazir S. M\u00fcsl\u00fcmov son ill\u0259r Az\u0259rbaycan Prezidenti c\u0259nab \u0130lham \u018fliyevin r\u0259hb\u0259rliyi il\u0259 h\u0259yata ke\u00e7iril\u0259n islahatlara toxunub. \u201cBu islahatlar n\u0259tic\u0259sind\u0259 \u00f6lk\u0259d\u0259 yoxsulluq v\u0259 i\u015fsizlik s\u0259viyy\u0259sinin n\u0259z\u0259r\u0259\u00e7arpacaq d\u0259r\u0259c\u0259d\u0259 azald\u0131lmas\u0131na, v\u0259t\u0259nda\u015flar\u0131n maddi rifah hal\u0131n\u0131n yax\u015f\u0131la\u015fd\u0131r\u0131lmas\u0131na nail olunmu\u015f, sosial c\u0259h\u0259td\u0259n h\u0259ssas \u0259hali qruplar\u0131n\u0131n sosial m\u00fcdafi\u0259si g\u00fccl\u0259ndirilmi\u015fdir\u201d-dey\u0259n S.M\u00fcsl\u00fcmov \u00f6lk\u0259mizin art\u0131q yeni iqtisadi inki\u015faf m\u0259rh\u0259l\u0259y\u0259 q\u0259d\u0259m qoydu\u011funu v\u0259 \u00f6lk\u0259 r\u0259hb\u0259rliyi t\u0259r\u0259find\u0259n bu m\u0259qs\u0259dl\u0259 prioritetl\u0259rin m\u00fc\u0259yy\u0259n edildiyini, h\u0259r bir sah\u0259 \u00fczr\u0259 konkret f\u0259aliyy\u0259t istiqam\u0259tl\u0259rinin m\u00fc\u0259yy\u0259nl\u0259\u015fdirildiyini vur\u011fulay\u0131b: \u201c\u00d6lk\u0259mizd\u0259 sosial y\u00f6n\u00fcml\u00fc iqtisadi siyas\u0259t h\u0259yata ke\u00e7irildiyind\u0259n v\u0259 h\u0259r zaman sosial sah\u0259y\u0259 x\u00fcsusi \u00f6n\u0259m verildiyind\u0259n bizim d\u0259 qar\u015f\u0131m\u0131zda m\u00fch\u00fcm v\u0259zif\u0259l\u0259r qoyulub. Ba\u015fl\u0131ca m\u0259qs\u0259dimiz inki\u015faf etmi\u015f \u00f6lk\u0259l\u0259rin t\u0259cr\u00fcb\u0259sind\u0259n yararlanaraq \u00f6lk\u0259mizin inki\u015faf\u0131 il\u0259 uzla\u015fan, m\u00fcasir t\u0259l\u0259bl\u0259r\u0259 cavab ver\u0259n sosial m\u00fcdafi\u0259 sisteminin qurulmas\u0131d\u0131r\u201d. S.M\u00fcsl\u00fcmov nazirliyin f\u0259aliyy\u0259t sah\u0259l\u0259ri \u00fczr\u0259 ciddi islahatlar\u0131n h\u0259yata ke\u00e7iril\u0259c\u0259yini diqq\u0259t\u0259 \u00e7atd\u0131r\u0131b. \u201cN\u0259z\u0259rd\u0259 tutulan institusional islahatlar v\u0259 qanunvericiliyin t\u0259kmill\u0259\u015fdirilm\u0259si n\u0259tic\u0259sind\u0259 \u015f\u0259ffafl\u0131\u011f\u0131n t\u0259min olunmas\u0131 daha da realla\u015facaq, \u0259haliy\u0259 g\u00f6st\u0259ril\u0259n xidm\u0259tl\u0259r daha keyfiyy\u0259tli v\u0259 \u0259l\u00e7atan olacaq\u201d &#8211; dey\u0259 nazir bildirib. S.M\u00fcsl\u00fcmov \u0259m\u0259k v\u0259 \u0259m\u0259k haqq\u0131 siyas\u0259ti,\u00a0 m\u0259\u015f\u011fulluq v\u0259 demoqrafiya, \u00fcnvanl\u0131 d\u00f6vl\u0259t sosial yard\u0131m\u0131, m\u00fcavin\u0259tl\u0259r, \u0259lilliyin t\u0259yini, m\u00fcxt\u0259lif sosial xidm\u0259tl\u0259r sah\u0259l\u0259rind\u0259 g\u00f6r\u00fcl\u0259c\u0259k i\u015fl\u0259r bar\u0259d\u0259 \u0259trafl\u0131 m\u0259lumat verib. Eyni zamanda nazir \u00fcnvanl\u0131 d\u00f6vl\u0259t sosial yard\u0131m\u0131n\u0131n t\u0259yininin avtomatla\u015fd\u0131r\u0131lmas\u0131 istiqam\u0259tind\u0259 g\u00f6r\u00fcl\u0259n i\u015fl\u0259rd\u0259n v\u0259 bu ilin sonuna kimi prosesin yekunla\u015fd\u0131r\u0131lmas\u0131n\u0131n qar\u015f\u0131ya qoyulan \u0259sas v\u0259zif\u0259l\u0259rd\u0259n biri oldu\u011funu deyib.<\/span><\/p>\n<p>\u00d6z n\u00f6vb\u0259sind\u0259 xan\u0131m Malena Mard h\u0259yata ke\u00e7iril\u0259c\u0259k islahatlar\u0131n onlarda b\u00f6y\u00fck maraq do\u011furdu\u011funu v\u0259 t\u0259msil eydiyi qurumun \u018f\u018fSMN il\u0259 \u0259m\u0259kda\u015fl\u0131\u011f\u0131 daha da g\u00fccl\u0259ndirm\u0259k niyy\u0259tind\u0259 oldu\u011funu vur\u011fulay\u0131b.<\/p>\n<p>G\u00f6r\u00fc\u015fd\u0259 Avropa \u0130ttifaq\u0131 il\u0259 \u018fm\u0259k v\u0259 \u018fhalinin Sosial M\u00fcdafi\u0259si Nazirliyi\u00a0 aras\u0131nda g\u0259l\u0259c\u0259k \u0259m\u0259kda\u015fl\u0131q imkanlar\u0131 m\u00fczakir\u0259 olunub.<\/p>\n<p><span style=\"color: #0000ff;\"><strong>Zerdab.com<\/strong><\/span><\/p>\n","protected":false},"excerpt":{"rendered":"<p>Salam! Xahi\u015f edir\u0259m m\u0259lumat\u0131 m\u0259nsub oldu\u011funuz K\u0130V-d\u0259 i\u015f\u0131qland\u0131ras\u0131n\u0131z. H\u00f6rm\u0259tl\u0259,\u00a0Elman Babayev Az\u0259rbaycan Respublikas\u0131 \u018fm\u0259k v\u0259 \u018fhalinin Sosial M\u00fcdafi\u0259si Nazirliyinin \u0130ctimaiyy\u0259tl\u0259 \u0259laq\u0259l\u0259r \u015f\u00f6b\u0259sinin m\u00fcdiri. S\u0259lim M\u00fcsl\u00fcmov: \u201cN\u0259z\u0259rd\u0259 tutulan islahatlar n\u0259tic\u0259sind\u0259 \u0259haliy\u0259 g\u00f6st\u0259ril\u0259n xidm\u0259tl\u0259r daha keyfiyy\u0259tli v\u0259 \u0259l\u00e7atan olacaq\u201d Az\u0259rbaycan Respublikas\u0131 \u0259m\u0259k v\u0259 \u0259halinin sosial m\u00fcdafi\u0259si naziri S\u0259lim M\u00fcsl\u00fcmov Avropa \u0130ttifaq\u0131n\u0131n Az\u0259rbaycan Respublikas\u0131ndak\u0131 N\u00fcmay\u0259nd\u0259liyinin r\u0259hb\u0259ri s\u0259fir xan\u0131m Malena [&hellip;]<\/p>\n","protected":false},"author":1,"featured_media":0,"comment_status":"open","ping_status":"open","sticky":false,"template":"","format":"standard","meta":{"footnotes":""},"categories":[21],"tags":[],"class_list":{"0":"post-14546","1":"post","2":"type-post","3":"status-publish","4":"format-standard","6":"category-zrdab"},"yoast_head":"<!-- This site is optimized with the Yoast SEO plugin v27.0 - https:\/\/yoast.com\/product\/yoast-seo-wordpress\/ -->\n<title>\u00dcnvanl\u0131 d\u00f6vl\u0259t sosial yard\u0131m\u0131n\u0131n t\u0259yini ilin sonuna kimi avtomatla\u015fd\u0131r\u0131lacaq - Z\u0259rdab.com<\/title>\n<meta name=\"robots\" content=\"index, follow, max-snippet:-1, max-image-preview:large, max-video-preview:-1\" \/>\n<link rel=\"canonical\" href=\"https:\/\/www.zerdab.com\/?p=14546\" \/>\n<meta property=\"og:locale\" content=\"az_AZ\" \/>\n<meta property=\"og:type\" content=\"article\" \/>\n<meta property=\"og:title\" content=\"\u00dcnvanl\u0131 d\u00f6vl\u0259t sosial yard\u0131m\u0131n\u0131n t\u0259yini ilin sonuna kimi avtomatla\u015fd\u0131r\u0131lacaq - Z\u0259rdab.com\" \/>\n<meta property=\"og:description\" content=\"Salam! Xahi\u015f edir\u0259m m\u0259lumat\u0131 m\u0259nsub oldu\u011funuz K\u0130V-d\u0259 i\u015f\u0131qland\u0131ras\u0131n\u0131z. H\u00f6rm\u0259tl\u0259,\u00a0Elman Babayev Az\u0259rbaycan Respublikas\u0131 \u018fm\u0259k v\u0259 \u018fhalinin Sosial M\u00fcdafi\u0259si Nazirliyinin \u0130ctimaiyy\u0259tl\u0259 \u0259laq\u0259l\u0259r \u015f\u00f6b\u0259sinin m\u00fcdiri. S\u0259lim M\u00fcsl\u00fcmov: \u201cN\u0259z\u0259rd\u0259 tutulan islahatlar n\u0259tic\u0259sind\u0259 \u0259haliy\u0259 g\u00f6st\u0259ril\u0259n xidm\u0259tl\u0259r daha keyfiyy\u0259tli v\u0259 \u0259l\u00e7atan olacaq\u201d Az\u0259rbaycan Respublikas\u0131 \u0259m\u0259k v\u0259 \u0259halinin sosial m\u00fcdafi\u0259si naziri S\u0259lim M\u00fcsl\u00fcmov Avropa \u0130ttifaq\u0131n\u0131n Az\u0259rbaycan Respublikas\u0131ndak\u0131 N\u00fcmay\u0259nd\u0259liyinin r\u0259hb\u0259ri s\u0259fir xan\u0131m Malena [&hellip;]\" \/>\n<meta property=\"og:url\" content=\"https:\/\/www.zerdab.com\/?p=14546\" \/>\n<meta property=\"og:site_name\" content=\"Z\u0259rdab.com\" \/>\n<meta property=\"article:published_time\" content=\"2014-02-11T07:46:06+00:00\" \/>\n<meta name=\"author\" content=\"admin\" \/>\n<meta name=\"twitter:card\" content=\"summary_large_image\" \/>\n<meta name=\"twitter:label1\" content=\"Written by\" \/>\n\t<meta name=\"twitter:data1\" content=\"admin\" \/>\n\t<meta name=\"twitter:label2\" content=\"Est. reading time\" \/>\n\t<meta name=\"twitter:data2\" content=\"3 minutes\" \/>\n<script type=\"application\/ld+json\" class=\"yoast-schema-graph\">{\"@context\":\"https:\/\/schema.org\",\"@graph\":[{\"@type\":\"Article\",\"@id\":\"https:\/\/www.zerdab.com\/?p=14546#article\",\"isPartOf\":{\"@id\":\"https:\/\/www.zerdab.com\/?p=14546\"},\"author\":{\"name\":\"admin\",\"@id\":\"https:\/\/www.zerdab.com\/#\/schema\/person\/97079b7570c1e89ec0d9e138c3672136\"},\"headline\":\"\u00dcnvanl\u0131 d\u00f6vl\u0259t sosial yard\u0131m\u0131n\u0131n t\u0259yini ilin sonuna kimi avtomatla\u015fd\u0131r\u0131lacaq\",\"datePublished\":\"2014-02-11T07:46:06+00:00\",\"mainEntityOfPage\":{\"@id\":\"https:\/\/www.zerdab.com\/?p=14546\"},\"wordCount\":617,\"commentCount\":0,\"articleSection\":[\"C\u018fM\u0130YY\u018fT\"],\"inLanguage\":\"az\",\"potentialAction\":[{\"@type\":\"CommentAction\",\"name\":\"Comment\",\"target\":[\"https:\/\/www.zerdab.com\/?p=14546#respond\"]}]},{\"@type\":\"WebPage\",\"@id\":\"https:\/\/www.zerdab.com\/?p=14546\",\"url\":\"https:\/\/www.zerdab.com\/?p=14546\",\"name\":\"\u00dcnvanl\u0131 d\u00f6vl\u0259t sosial yard\u0131m\u0131n\u0131n t\u0259yini ilin sonuna kimi avtomatla\u015fd\u0131r\u0131lacaq - Z\u0259rdab.com\",\"isPartOf\":{\"@id\":\"https:\/\/www.zerdab.com\/#website\"},\"datePublished\":\"2014-02-11T07:46:06+00:00\",\"author\":{\"@id\":\"https:\/\/www.zerdab.com\/#\/schema\/person\/97079b7570c1e89ec0d9e138c3672136\"},\"breadcrumb\":{\"@id\":\"https:\/\/www.zerdab.com\/?p=14546#breadcrumb\"},\"inLanguage\":\"az\",\"potentialAction\":[{\"@type\":\"ReadAction\",\"target\":[\"https:\/\/www.zerdab.com\/?p=14546\"]}]},{\"@type\":\"BreadcrumbList\",\"@id\":\"https:\/\/www.zerdab.com\/?p=14546#breadcrumb\",\"itemListElement\":[{\"@type\":\"ListItem\",\"position\":1,\"name\":\"Home\",\"item\":\"https:\/\/www.zerdab.com\/\"},{\"@type\":\"ListItem\",\"position\":2,\"name\":\"\u00dcnvanl\u0131 d\u00f6vl\u0259t sosial yard\u0131m\u0131n\u0131n t\u0259yini ilin sonuna kimi avtomatla\u015fd\u0131r\u0131lacaq\"}]},{\"@type\":\"WebSite\",\"@id\":\"https:\/\/www.zerdab.com\/#website\",\"url\":\"https:\/\/www.zerdab.com\/\",\"name\":\"Z\u0259rdab.com\",\"description\":\"\",\"potentialAction\":[{\"@type\":\"SearchAction\",\"target\":{\"@type\":\"EntryPoint\",\"urlTemplate\":\"https:\/\/www.zerdab.com\/?s={search_term_string}\"},\"query-input\":{\"@type\":\"PropertyValueSpecification\",\"valueRequired\":true,\"valueName\":\"search_term_string\"}}],\"inLanguage\":\"az\"},{\"@type\":\"Person\",\"@id\":\"https:\/\/www.zerdab.com\/#\/schema\/person\/97079b7570c1e89ec0d9e138c3672136\",\"name\":\"admin\",\"image\":{\"@type\":\"ImageObject\",\"inLanguage\":\"az\",\"@id\":\"https:\/\/www.zerdab.com\/#\/schema\/person\/image\/\",\"url\":\"https:\/\/secure.gravatar.com\/avatar\/d9c52a9a27c32119cb6679a077fa3e2779e5f822c451cbf01098004361d466ec?s=96&d=mm&r=g\",\"contentUrl\":\"https:\/\/secure.gravatar.com\/avatar\/d9c52a9a27c32119cb6679a077fa3e2779e5f822c451cbf01098004361d466ec?s=96&d=mm&r=g\",\"caption\":\"admin\"},\"url\":\"https:\/\/www.zerdab.com\/?author=1\"}]}<\/script>\n<!-- \/ Yoast SEO plugin. -->","yoast_head_json":{"title":"\u00dcnvanl\u0131 d\u00f6vl\u0259t sosial yard\u0131m\u0131n\u0131n t\u0259yini ilin sonuna kimi avtomatla\u015fd\u0131r\u0131lacaq - Z\u0259rdab.com","robots":{"index":"index","follow":"follow","max-snippet":"max-snippet:-1","max-image-preview":"max-image-preview:large","max-video-preview":"max-video-preview:-1"},"canonical":"https:\/\/www.zerdab.com\/?p=14546","og_locale":"az_AZ","og_type":"article","og_title":"\u00dcnvanl\u0131 d\u00f6vl\u0259t sosial yard\u0131m\u0131n\u0131n t\u0259yini ilin sonuna kimi avtomatla\u015fd\u0131r\u0131lacaq - Z\u0259rdab.com","og_description":"Salam! Xahi\u015f edir\u0259m m\u0259lumat\u0131 m\u0259nsub oldu\u011funuz K\u0130V-d\u0259 i\u015f\u0131qland\u0131ras\u0131n\u0131z. H\u00f6rm\u0259tl\u0259,\u00a0Elman Babayev Az\u0259rbaycan Respublikas\u0131 \u018fm\u0259k v\u0259 \u018fhalinin Sosial M\u00fcdafi\u0259si Nazirliyinin \u0130ctimaiyy\u0259tl\u0259 \u0259laq\u0259l\u0259r \u015f\u00f6b\u0259sinin m\u00fcdiri. S\u0259lim M\u00fcsl\u00fcmov: \u201cN\u0259z\u0259rd\u0259 tutulan islahatlar n\u0259tic\u0259sind\u0259 \u0259haliy\u0259 g\u00f6st\u0259ril\u0259n xidm\u0259tl\u0259r daha keyfiyy\u0259tli v\u0259 \u0259l\u00e7atan olacaq\u201d Az\u0259rbaycan Respublikas\u0131 \u0259m\u0259k v\u0259 \u0259halinin sosial m\u00fcdafi\u0259si naziri S\u0259lim M\u00fcsl\u00fcmov Avropa \u0130ttifaq\u0131n\u0131n Az\u0259rbaycan Respublikas\u0131ndak\u0131 N\u00fcmay\u0259nd\u0259liyinin r\u0259hb\u0259ri s\u0259fir xan\u0131m Malena [&hellip;]","og_url":"https:\/\/www.zerdab.com\/?p=14546","og_site_name":"Z\u0259rdab.com","article_published_time":"2014-02-11T07:46:06+00:00","author":"admin","twitter_card":"summary_large_image","twitter_misc":{"Written by":"admin","Est. reading time":"3 minutes"},"schema":{"@context":"https:\/\/schema.org","@graph":[{"@type":"Article","@id":"https:\/\/www.zerdab.com\/?p=14546#article","isPartOf":{"@id":"https:\/\/www.zerdab.com\/?p=14546"},"author":{"name":"admin","@id":"https:\/\/www.zerdab.com\/#\/schema\/person\/97079b7570c1e89ec0d9e138c3672136"},"headline":"\u00dcnvanl\u0131 d\u00f6vl\u0259t sosial yard\u0131m\u0131n\u0131n t\u0259yini ilin sonuna kimi avtomatla\u015fd\u0131r\u0131lacaq","datePublished":"2014-02-11T07:46:06+00:00","mainEntityOfPage":{"@id":"https:\/\/www.zerdab.com\/?p=14546"},"wordCount":617,"commentCount":0,"articleSection":["C\u018fM\u0130YY\u018fT"],"inLanguage":"az","potentialAction":[{"@type":"CommentAction","name":"Comment","target":["https:\/\/www.zerdab.com\/?p=14546#respond"]}]},{"@type":"WebPage","@id":"https:\/\/www.zerdab.com\/?p=14546","url":"https:\/\/www.zerdab.com\/?p=14546","name":"\u00dcnvanl\u0131 d\u00f6vl\u0259t sosial yard\u0131m\u0131n\u0131n t\u0259yini ilin sonuna kimi avtomatla\u015fd\u0131r\u0131lacaq - Z\u0259rdab.com","isPartOf":{"@id":"https:\/\/www.zerdab.com\/#website"},"datePublished":"2014-02-11T07:46:06+00:00","author":{"@id":"https:\/\/www.zerdab.com\/#\/schema\/person\/97079b7570c1e89ec0d9e138c3672136"},"breadcrumb":{"@id":"https:\/\/www.zerdab.com\/?p=14546#breadcrumb"},"inLanguage":"az","potentialAction":[{"@type":"ReadAction","target":["https:\/\/www.zerdab.com\/?p=14546"]}]},{"@type":"BreadcrumbList","@id":"https:\/\/www.zerdab.com\/?p=14546#breadcrumb","itemListElement":[{"@type":"ListItem","position":1,"name":"Home","item":"https:\/\/www.zerdab.com\/"},{"@type":"ListItem","position":2,"name":"\u00dcnvanl\u0131 d\u00f6vl\u0259t sosial yard\u0131m\u0131n\u0131n t\u0259yini ilin sonuna kimi avtomatla\u015fd\u0131r\u0131lacaq"}]},{"@type":"WebSite","@id":"https:\/\/www.zerdab.com\/#website","url":"https:\/\/www.zerdab.com\/","name":"Z\u0259rdab.com","description":"","potentialAction":[{"@type":"SearchAction","target":{"@type":"EntryPoint","urlTemplate":"https:\/\/www.zerdab.com\/?s={search_term_string}"},"query-input":{"@type":"PropertyValueSpecification","valueRequired":true,"valueName":"search_term_string"}}],"inLanguage":"az"},{"@type":"Person","@id":"https:\/\/www.zerdab.com\/#\/schema\/person\/97079b7570c1e89ec0d9e138c3672136","name":"admin","image":{"@type":"ImageObject","inLanguage":"az","@id":"https:\/\/www.zerdab.com\/#\/schema\/person\/image\/","url":"https:\/\/secure.gravatar.com\/avatar\/d9c52a9a27c32119cb6679a077fa3e2779e5f822c451cbf01098004361d466ec?s=96&d=mm&r=g","contentUrl":"https:\/\/secure.gravatar.com\/avatar\/d9c52a9a27c32119cb6679a077fa3e2779e5f822c451cbf01098004361d466ec?s=96&d=mm&r=g","caption":"admin"},"url":"https:\/\/www.zerdab.com\/?author=1"}]}},"_links":{"self":[{"href":"https:\/\/www.zerdab.com\/index.php?rest_route=\/wp\/v2\/posts\/14546","targetHints":{"allow":["GET"]}}],"collection":[{"href":"https:\/\/www.zerdab.com\/index.php?rest_route=\/wp\/v2\/posts"}],"about":[{"href":"https:\/\/www.zerdab.com\/index.php?rest_route=\/wp\/v2\/types\/post"}],"author":[{"embeddable":true,"href":"https:\/\/www.zerdab.com\/index.php?rest_route=\/wp\/v2\/users\/1"}],"replies":[{"embeddable":true,"href":"https:\/\/www.zerdab.com\/index.php?rest_route=%2Fwp%2Fv2%2Fcomments&post=14546"}],"version-history":[{"count":1,"href":"https:\/\/www.zerdab.com\/index.php?rest_route=\/wp\/v2\/posts\/14546\/revisions"}],"predecessor-version":[{"id":14548,"href":"https:\/\/www.zerdab.com\/index.php?rest_route=\/wp\/v2\/posts\/14546\/revisions\/14548"}],"wp:attachment":[{"href":"https:\/\/www.zerdab.com\/index.php?rest_route=%2Fwp%2Fv2%2Fmedia&parent=14546"}],"wp:term":[{"taxonomy":"category","embeddable":true,"href":"https:\/\/www.zerdab.com\/index.php?rest_route=%2Fwp%2Fv2%2Fcategories&post=14546"},{"taxonomy":"post_tag","embeddable":true,"href":"https:\/\/www.zerdab.com\/index.php?rest_route=%2Fwp%2Fv2%2Ftags&post=14546"}],"curies":[{"name":"wp","href":"https:\/\/api.w.org\/{rel}","templated":true}]}}