{"id":14556,"date":"2014-02-13T12:25:28","date_gmt":"2014-02-13T08:25:28","guid":{"rendered":"http:\/\/www.zerdab.com\/?p=14556"},"modified":"2014-02-13T22:48:05","modified_gmt":"2014-02-13T18:48:05","slug":"prezidenti-administrasiyasinin-sob%c9%99-mudiri-z%c9%99rdabdan-gond%c9%99rilmis-m%c9%99ktubdan-danisdi","status":"publish","type":"post","link":"https:\/\/www.zerdab.com\/?p=14556","title":{"rendered":"Prezident Administrasiyas\u0131 r\u0259smisi Z\u0259rdabdan g\u00f6nd\u0259rilmi\u015f m\u0259ktubdan dan\u0131\u015fd\u0131"},"content":{"rendered":"<figure id=\"attachment_14557\" aria-describedby=\"caption-attachment-14557\" style=\"width: 369px\" class=\"wp-caption aligncenter\"><a href=\"http:\/\/www.zerdab.com\/wp-content\/uploads\/2014\/02\/S\u00fcleyman-\u0130smay\u0131lov.jpg\"><img loading=\"lazy\" decoding=\"async\" class=\"size-full wp-image-14557\" alt=\"S\u00fcleyman \u0130smay\u0131lov\" src=\"http:\/\/www.zerdab.com\/wp-content\/uploads\/2014\/02\/S\u00fcleyman-\u0130smay\u0131lov.jpg\" width=\"369\" height=\"350\" \/><\/a><figcaption id=\"caption-attachment-14557\" class=\"wp-caption-text\"><span style=\"color: #0000ff;\"><strong>S\u00fcleyman \u0130smay\u0131lov, <span style=\"color: #000000;\">Az\u0259rbaycan Respublikas\u0131 Prezidenti Administrasiyas\u0131n\u0131n S\u0259n\u0259dl\u0259rl\u0259 v\u0259 v\u0259t\u0259nda\u015flar\u0131n m\u00fcraci\u0259tl\u0259ri il\u0259 i\u015f \u015f\u00f6b\u0259sinin m\u00fcdiri<\/span><\/strong><\/span><\/figcaption><\/figure>\n<p><span style=\"font-size: 14px; line-height: 1.5em;\">Az\u0259rbaycan Respublikas\u0131 Prezidenti Administrasiyas\u0131n\u0131n S\u0259n\u0259dl\u0259rl\u0259 v\u0259 v\u0259t\u0259nda\u015flar\u0131n m\u00fcraci\u0259tl\u0259ri il\u0259 i\u015f \u015f\u00f6b\u0259sinin m\u00fcdiri S\u00fcleyman \u0130smay\u0131lov &#8220;Az\u0259rbaycan Prezidentinin qay\u011f\u0131s\u0131ndan, davaml\u0131 inki\u015fafdan, real t\u0259r\u0259qqid\u0259n v\u0259 parlaq g\u0259l\u0259c\u0259y\u0259 inamdan qaynaqlanan v\u0259t\u0259nda\u015f m\u00fcraci\u0259tl\u0259ri&#8221; adl\u0131 m\u0259qal\u0259sind\u0259 Z\u0259rdab rayonundan Prezident \u0130lham \u018fliyev\u0259 \u00fcnvanlanm\u0131\u015f m\u0259ktubdan da b\u0259hs edib. Bu bar\u0259d\u0259 Zerdab.com sayt\u0131 m\u0259lumat yay\u0131b. M\u0259qal\u0259d\u0259 deyilir: &#8220;Az\u0259rbaycan Respublikas\u0131 Prezidentinin Administrasiyas\u0131na daxil olan m\u00fcraci\u0259tl\u0259r d\u0259 c\u0259nab Prezidentin g\u00f6rd\u00fcy\u00fc i\u015fl\u0259rin \u0259h\u0259miyy\u0259tini v\u0259 xalq\u0131n bu i\u015fl\u0259r\u0259 y\u00fcks\u0259k qiym\u0259t verdiyini, \u00f6z Prezidentin\u0259 inand\u0131\u011f\u0131n\u0131 bir daha t\u0259sdiq edir. 2013-c\u00fc ild\u0259 d\u00f6vl\u0259timizin ba\u015f\u00e7\u0131s\u0131n\u0131n \u00fcnvan\u0131na \u00f6lk\u0259 v\u0259t\u0259nda\u015flar\u0131ndan, h\u0259m\u00e7inin xarici \u00f6lk\u0259l\u0259rd\u0259n Az\u0259rbaycan\u0131n s\u00fcr\u0259tli inki\u015faf\u0131na nail oldu\u011funa, onun beyn\u0259lxalq n\u00fcfuzunu v\u0259 iqtisadi potensial\u0131n\u0131 art\u0131rd\u0131\u011f\u0131na, \u0259halinin b\u00f6y\u00fck etimad\u0131n\u0131 qazand\u0131\u011f\u0131na g\u00f6r\u0259 minl\u0259rl\u0259 minn\u0259tdarl\u0131q m\u0259ktubu daxil olmu\u015fdur.<\/span><\/p>\n<p>2013-c\u00fc ild\u0259 Az\u0259rbaycanda v\u0259 bir \u00e7ox xarici \u00f6lk\u0259l\u0259rd\u0259 ulu \u00f6nd\u0259rimiz Heyd\u0259r \u018fliyevin v\u0259 g\u00f6rk\u0259mli alim Z\u0259rif\u0259 xan\u0131m \u018fliyevan\u0131n anadan olmalar\u0131n\u0131n 90 illik yubileyl\u0259ri qeyd olundu\u011fu kimi, v\u0259t\u0259nda\u015f m\u00fcraci\u0259tl\u0259rind\u0259 d\u0259 onlar\u0131n \u0259ziz xatir\u0259si h\u00f6rm\u0259tl\u0259 yad edilmi\u015fdir. Z\u0259rdab rayonundan Ata\u015f Abdullayev yaz\u0131r: &#8220;C\u0259nab Prezident, atalar yax\u015f\u0131 demi\u015fdir ki, ot k\u00f6k\u00fc \u00fcst\u0259 bit\u0259r. Ax\u0131, Siz ulu \u00f6nd\u0259r Heyd\u0259r \u018fliyev i\u015finin davam\u00e7\u0131s\u0131s\u0131n\u0131z. Heyd\u0259r \u018fliyev Az\u0259rbaycan \u00fc\u00e7\u00fcn, Az\u0259rbaycan xalq\u0131 \u00fc\u00e7\u00fcn ya\u015fay\u0131b yaratm\u0131\u015fd\u0131r. Anan\u0131z Z\u0259rif\u0259 xan\u0131m \u015f\u0259fq\u0259tli \u0259ll\u0259ri il\u0259 insanlar\u0131n g\u00f6zl\u0259rin\u0259 d\u00fcnya i\u015f\u0131\u011f\u0131 ver\u0259n humanist bir h\u0259kim olmu\u015fdur. Bax, Siz v\u0259 Sizin ail\u0259niz bu k\u00f6kl\u0259rd\u0259n q\u00fcvv\u0259t al\u0131b b\u0259hr\u0259l\u0259nmisiniz. C\u0259nab Prezident, m\u0259n d\u00fcnyada el\u0259 bir d\u00f6vl\u0259t ba\u015f\u00e7\u0131s\u0131, el\u0259 bir Prezident tan\u0131m\u0131ram ki, Sizin ail\u0259nizin \u00fczvl\u0259ri kimi \u00f6z \u00f6lk\u0259sinin siyasi v\u0259 sosial-iqtisadi inki\u015faf\u0131nda \u00f6z Prezidentin\u0259 bu q\u0259d\u0259r yax\u0131ndan k\u00f6m\u0259k etmi\u015f olsun&#8221;. G\u00f6st\u0259rm\u0259k laz\u0131md\u0131r ki, daxil olan minn\u0259tdarl\u0131q m\u0259ktublar\u0131nda \u00f6lk\u0259 Prezidentinin misilsiz i\u015fl\u0259ri qeyd edil\u0259rk\u0259n, ulu \u00f6nd\u0259rimiz Heyd\u0259r \u018fliyevin m\u00fcdrik, humanist, xilaskar siyas\u0259tini u\u011furla davam etdirm\u0259si x\u00fcsusil\u0259 vur\u011fulan\u0131r&#8221;.<\/p>\n","protected":false},"excerpt":{"rendered":"<p>Az\u0259rbaycan Respublikas\u0131 Prezidenti Administrasiyas\u0131n\u0131n S\u0259n\u0259dl\u0259rl\u0259 v\u0259 v\u0259t\u0259nda\u015flar\u0131n m\u00fcraci\u0259tl\u0259ri il\u0259 i\u015f \u015f\u00f6b\u0259sinin m\u00fcdiri S\u00fcleyman \u0130smay\u0131lov &#8220;Az\u0259rbaycan Prezidentinin qay\u011f\u0131s\u0131ndan, davaml\u0131 inki\u015fafdan, real t\u0259r\u0259qqid\u0259n v\u0259 parlaq g\u0259l\u0259c\u0259y\u0259 inamdan qaynaqlanan v\u0259t\u0259nda\u015f m\u00fcraci\u0259tl\u0259ri&#8221; adl\u0131 m\u0259qal\u0259sind\u0259 Z\u0259rdab rayonundan Prezident \u0130lham \u018fliyev\u0259 \u00fcnvanlanm\u0131\u015f m\u0259ktubdan da b\u0259hs edib. Bu bar\u0259d\u0259 Zerdab.com sayt\u0131 m\u0259lumat yay\u0131b. M\u0259qal\u0259d\u0259 deyilir: &#8220;Az\u0259rbaycan Respublikas\u0131 Prezidentinin Administrasiyas\u0131na daxil olan m\u00fcraci\u0259tl\u0259r [&hellip;]<\/p>\n","protected":false},"author":1,"featured_media":0,"comment_status":"open","ping_status":"open","sticky":false,"template":"","format":"standard","meta":{"footnotes":""},"categories":[21],"tags":[],"class_list":{"0":"post-14556","1":"post","2":"type-post","3":"status-publish","4":"format-standard","6":"category-zrdab"},"yoast_head":"<!-- This site is optimized with the Yoast SEO plugin v27.0 - https:\/\/yoast.com\/product\/yoast-seo-wordpress\/ -->\n<title>Prezident Administrasiyas\u0131 r\u0259smisi Z\u0259rdabdan g\u00f6nd\u0259rilmi\u015f m\u0259ktubdan dan\u0131\u015fd\u0131 - Z\u0259rdab.com<\/title>\n<meta name=\"robots\" content=\"index, follow, max-snippet:-1, max-image-preview:large, max-video-preview:-1\" \/>\n<link rel=\"canonical\" href=\"https:\/\/www.zerdab.com\/?p=14556\" \/>\n<meta property=\"og:locale\" content=\"az_AZ\" \/>\n<meta property=\"og:type\" content=\"article\" \/>\n<meta property=\"og:title\" content=\"Prezident Administrasiyas\u0131 r\u0259smisi Z\u0259rdabdan g\u00f6nd\u0259rilmi\u015f m\u0259ktubdan dan\u0131\u015fd\u0131 - Z\u0259rdab.com\" \/>\n<meta property=\"og:description\" content=\"Az\u0259rbaycan Respublikas\u0131 Prezidenti Administrasiyas\u0131n\u0131n S\u0259n\u0259dl\u0259rl\u0259 v\u0259 v\u0259t\u0259nda\u015flar\u0131n m\u00fcraci\u0259tl\u0259ri il\u0259 i\u015f \u015f\u00f6b\u0259sinin m\u00fcdiri S\u00fcleyman \u0130smay\u0131lov &#8220;Az\u0259rbaycan Prezidentinin qay\u011f\u0131s\u0131ndan, davaml\u0131 inki\u015fafdan, real t\u0259r\u0259qqid\u0259n v\u0259 parlaq g\u0259l\u0259c\u0259y\u0259 inamdan qaynaqlanan v\u0259t\u0259nda\u015f m\u00fcraci\u0259tl\u0259ri&#8221; adl\u0131 m\u0259qal\u0259sind\u0259 Z\u0259rdab rayonundan Prezident \u0130lham \u018fliyev\u0259 \u00fcnvanlanm\u0131\u015f m\u0259ktubdan da b\u0259hs edib. Bu bar\u0259d\u0259 Zerdab.com sayt\u0131 m\u0259lumat yay\u0131b. M\u0259qal\u0259d\u0259 deyilir: &#8220;Az\u0259rbaycan Respublikas\u0131 Prezidentinin Administrasiyas\u0131na daxil olan m\u00fcraci\u0259tl\u0259r [&hellip;]\" \/>\n<meta property=\"og:url\" content=\"https:\/\/www.zerdab.com\/?p=14556\" \/>\n<meta property=\"og:site_name\" content=\"Z\u0259rdab.com\" \/>\n<meta property=\"article:published_time\" content=\"2014-02-13T08:25:28+00:00\" \/>\n<meta property=\"article:modified_time\" content=\"2014-02-13T18:48:05+00:00\" \/>\n<meta name=\"author\" content=\"admin\" \/>\n<meta name=\"twitter:card\" content=\"summary_large_image\" \/>\n<meta name=\"twitter:label1\" content=\"Written by\" \/>\n\t<meta name=\"twitter:data1\" content=\"admin\" \/>\n\t<meta name=\"twitter:label2\" content=\"Est. reading time\" \/>\n\t<meta name=\"twitter:data2\" content=\"2 minutes\" \/>\n<script type=\"application\/ld+json\" class=\"yoast-schema-graph\">{\"@context\":\"https:\/\/schema.org\",\"@graph\":[{\"@type\":\"Article\",\"@id\":\"https:\/\/www.zerdab.com\/?p=14556#article\",\"isPartOf\":{\"@id\":\"https:\/\/www.zerdab.com\/?p=14556\"},\"author\":{\"name\":\"admin\",\"@id\":\"https:\/\/www.zerdab.com\/#\/schema\/person\/97079b7570c1e89ec0d9e138c3672136\"},\"headline\":\"Prezident Administrasiyas\u0131 r\u0259smisi Z\u0259rdabdan g\u00f6nd\u0259rilmi\u015f m\u0259ktubdan dan\u0131\u015fd\u0131\",\"datePublished\":\"2014-02-13T08:25:28+00:00\",\"dateModified\":\"2014-02-13T18:48:05+00:00\",\"mainEntityOfPage\":{\"@id\":\"https:\/\/www.zerdab.com\/?p=14556\"},\"wordCount\":512,\"commentCount\":0,\"articleSection\":[\"C\u018fM\u0130YY\u018fT\"],\"inLanguage\":\"az\",\"potentialAction\":[{\"@type\":\"CommentAction\",\"name\":\"Comment\",\"target\":[\"https:\/\/www.zerdab.com\/?p=14556#respond\"]}]},{\"@type\":\"WebPage\",\"@id\":\"https:\/\/www.zerdab.com\/?p=14556\",\"url\":\"https:\/\/www.zerdab.com\/?p=14556\",\"name\":\"Prezident Administrasiyas\u0131 r\u0259smisi Z\u0259rdabdan g\u00f6nd\u0259rilmi\u015f m\u0259ktubdan dan\u0131\u015fd\u0131 - Z\u0259rdab.com\",\"isPartOf\":{\"@id\":\"https:\/\/www.zerdab.com\/#website\"},\"datePublished\":\"2014-02-13T08:25:28+00:00\",\"dateModified\":\"2014-02-13T18:48:05+00:00\",\"author\":{\"@id\":\"https:\/\/www.zerdab.com\/#\/schema\/person\/97079b7570c1e89ec0d9e138c3672136\"},\"breadcrumb\":{\"@id\":\"https:\/\/www.zerdab.com\/?p=14556#breadcrumb\"},\"inLanguage\":\"az\",\"potentialAction\":[{\"@type\":\"ReadAction\",\"target\":[\"https:\/\/www.zerdab.com\/?p=14556\"]}]},{\"@type\":\"BreadcrumbList\",\"@id\":\"https:\/\/www.zerdab.com\/?p=14556#breadcrumb\",\"itemListElement\":[{\"@type\":\"ListItem\",\"position\":1,\"name\":\"Home\",\"item\":\"https:\/\/www.zerdab.com\/\"},{\"@type\":\"ListItem\",\"position\":2,\"name\":\"Prezident Administrasiyas\u0131 r\u0259smisi Z\u0259rdabdan g\u00f6nd\u0259rilmi\u015f m\u0259ktubdan dan\u0131\u015fd\u0131\"}]},{\"@type\":\"WebSite\",\"@id\":\"https:\/\/www.zerdab.com\/#website\",\"url\":\"https:\/\/www.zerdab.com\/\",\"name\":\"Z\u0259rdab.com\",\"description\":\"\",\"potentialAction\":[{\"@type\":\"SearchAction\",\"target\":{\"@type\":\"EntryPoint\",\"urlTemplate\":\"https:\/\/www.zerdab.com\/?s={search_term_string}\"},\"query-input\":{\"@type\":\"PropertyValueSpecification\",\"valueRequired\":true,\"valueName\":\"search_term_string\"}}],\"inLanguage\":\"az\"},{\"@type\":\"Person\",\"@id\":\"https:\/\/www.zerdab.com\/#\/schema\/person\/97079b7570c1e89ec0d9e138c3672136\",\"name\":\"admin\",\"image\":{\"@type\":\"ImageObject\",\"inLanguage\":\"az\",\"@id\":\"https:\/\/www.zerdab.com\/#\/schema\/person\/image\/\",\"url\":\"https:\/\/secure.gravatar.com\/avatar\/d9c52a9a27c32119cb6679a077fa3e2779e5f822c451cbf01098004361d466ec?s=96&d=mm&r=g\",\"contentUrl\":\"https:\/\/secure.gravatar.com\/avatar\/d9c52a9a27c32119cb6679a077fa3e2779e5f822c451cbf01098004361d466ec?s=96&d=mm&r=g\",\"caption\":\"admin\"},\"url\":\"https:\/\/www.zerdab.com\/?author=1\"}]}<\/script>\n<!-- \/ Yoast SEO plugin. -->","yoast_head_json":{"title":"Prezident Administrasiyas\u0131 r\u0259smisi Z\u0259rdabdan g\u00f6nd\u0259rilmi\u015f m\u0259ktubdan dan\u0131\u015fd\u0131 - Z\u0259rdab.com","robots":{"index":"index","follow":"follow","max-snippet":"max-snippet:-1","max-image-preview":"max-image-preview:large","max-video-preview":"max-video-preview:-1"},"canonical":"https:\/\/www.zerdab.com\/?p=14556","og_locale":"az_AZ","og_type":"article","og_title":"Prezident Administrasiyas\u0131 r\u0259smisi Z\u0259rdabdan g\u00f6nd\u0259rilmi\u015f m\u0259ktubdan dan\u0131\u015fd\u0131 - Z\u0259rdab.com","og_description":"Az\u0259rbaycan Respublikas\u0131 Prezidenti Administrasiyas\u0131n\u0131n S\u0259n\u0259dl\u0259rl\u0259 v\u0259 v\u0259t\u0259nda\u015flar\u0131n m\u00fcraci\u0259tl\u0259ri il\u0259 i\u015f \u015f\u00f6b\u0259sinin m\u00fcdiri S\u00fcleyman \u0130smay\u0131lov &#8220;Az\u0259rbaycan Prezidentinin qay\u011f\u0131s\u0131ndan, davaml\u0131 inki\u015fafdan, real t\u0259r\u0259qqid\u0259n v\u0259 parlaq g\u0259l\u0259c\u0259y\u0259 inamdan qaynaqlanan v\u0259t\u0259nda\u015f m\u00fcraci\u0259tl\u0259ri&#8221; adl\u0131 m\u0259qal\u0259sind\u0259 Z\u0259rdab rayonundan Prezident \u0130lham \u018fliyev\u0259 \u00fcnvanlanm\u0131\u015f m\u0259ktubdan da b\u0259hs edib. Bu bar\u0259d\u0259 Zerdab.com sayt\u0131 m\u0259lumat yay\u0131b. M\u0259qal\u0259d\u0259 deyilir: &#8220;Az\u0259rbaycan Respublikas\u0131 Prezidentinin Administrasiyas\u0131na daxil olan m\u00fcraci\u0259tl\u0259r [&hellip;]","og_url":"https:\/\/www.zerdab.com\/?p=14556","og_site_name":"Z\u0259rdab.com","article_published_time":"2014-02-13T08:25:28+00:00","article_modified_time":"2014-02-13T18:48:05+00:00","author":"admin","twitter_card":"summary_large_image","twitter_misc":{"Written by":"admin","Est. reading time":"2 minutes"},"schema":{"@context":"https:\/\/schema.org","@graph":[{"@type":"Article","@id":"https:\/\/www.zerdab.com\/?p=14556#article","isPartOf":{"@id":"https:\/\/www.zerdab.com\/?p=14556"},"author":{"name":"admin","@id":"https:\/\/www.zerdab.com\/#\/schema\/person\/97079b7570c1e89ec0d9e138c3672136"},"headline":"Prezident Administrasiyas\u0131 r\u0259smisi Z\u0259rdabdan g\u00f6nd\u0259rilmi\u015f m\u0259ktubdan dan\u0131\u015fd\u0131","datePublished":"2014-02-13T08:25:28+00:00","dateModified":"2014-02-13T18:48:05+00:00","mainEntityOfPage":{"@id":"https:\/\/www.zerdab.com\/?p=14556"},"wordCount":512,"commentCount":0,"articleSection":["C\u018fM\u0130YY\u018fT"],"inLanguage":"az","potentialAction":[{"@type":"CommentAction","name":"Comment","target":["https:\/\/www.zerdab.com\/?p=14556#respond"]}]},{"@type":"WebPage","@id":"https:\/\/www.zerdab.com\/?p=14556","url":"https:\/\/www.zerdab.com\/?p=14556","name":"Prezident Administrasiyas\u0131 r\u0259smisi Z\u0259rdabdan g\u00f6nd\u0259rilmi\u015f m\u0259ktubdan dan\u0131\u015fd\u0131 - Z\u0259rdab.com","isPartOf":{"@id":"https:\/\/www.zerdab.com\/#website"},"datePublished":"2014-02-13T08:25:28+00:00","dateModified":"2014-02-13T18:48:05+00:00","author":{"@id":"https:\/\/www.zerdab.com\/#\/schema\/person\/97079b7570c1e89ec0d9e138c3672136"},"breadcrumb":{"@id":"https:\/\/www.zerdab.com\/?p=14556#breadcrumb"},"inLanguage":"az","potentialAction":[{"@type":"ReadAction","target":["https:\/\/www.zerdab.com\/?p=14556"]}]},{"@type":"BreadcrumbList","@id":"https:\/\/www.zerdab.com\/?p=14556#breadcrumb","itemListElement":[{"@type":"ListItem","position":1,"name":"Home","item":"https:\/\/www.zerdab.com\/"},{"@type":"ListItem","position":2,"name":"Prezident Administrasiyas\u0131 r\u0259smisi Z\u0259rdabdan g\u00f6nd\u0259rilmi\u015f m\u0259ktubdan dan\u0131\u015fd\u0131"}]},{"@type":"WebSite","@id":"https:\/\/www.zerdab.com\/#website","url":"https:\/\/www.zerdab.com\/","name":"Z\u0259rdab.com","description":"","potentialAction":[{"@type":"SearchAction","target":{"@type":"EntryPoint","urlTemplate":"https:\/\/www.zerdab.com\/?s={search_term_string}"},"query-input":{"@type":"PropertyValueSpecification","valueRequired":true,"valueName":"search_term_string"}}],"inLanguage":"az"},{"@type":"Person","@id":"https:\/\/www.zerdab.com\/#\/schema\/person\/97079b7570c1e89ec0d9e138c3672136","name":"admin","image":{"@type":"ImageObject","inLanguage":"az","@id":"https:\/\/www.zerdab.com\/#\/schema\/person\/image\/","url":"https:\/\/secure.gravatar.com\/avatar\/d9c52a9a27c32119cb6679a077fa3e2779e5f822c451cbf01098004361d466ec?s=96&d=mm&r=g","contentUrl":"https:\/\/secure.gravatar.com\/avatar\/d9c52a9a27c32119cb6679a077fa3e2779e5f822c451cbf01098004361d466ec?s=96&d=mm&r=g","caption":"admin"},"url":"https:\/\/www.zerdab.com\/?author=1"}]}},"_links":{"self":[{"href":"https:\/\/www.zerdab.com\/index.php?rest_route=\/wp\/v2\/posts\/14556","targetHints":{"allow":["GET"]}}],"collection":[{"href":"https:\/\/www.zerdab.com\/index.php?rest_route=\/wp\/v2\/posts"}],"about":[{"href":"https:\/\/www.zerdab.com\/index.php?rest_route=\/wp\/v2\/types\/post"}],"author":[{"embeddable":true,"href":"https:\/\/www.zerdab.com\/index.php?rest_route=\/wp\/v2\/users\/1"}],"replies":[{"embeddable":true,"href":"https:\/\/www.zerdab.com\/index.php?rest_route=%2Fwp%2Fv2%2Fcomments&post=14556"}],"version-history":[{"count":3,"href":"https:\/\/www.zerdab.com\/index.php?rest_route=\/wp\/v2\/posts\/14556\/revisions"}],"predecessor-version":[{"id":14589,"href":"https:\/\/www.zerdab.com\/index.php?rest_route=\/wp\/v2\/posts\/14556\/revisions\/14589"}],"wp:attachment":[{"href":"https:\/\/www.zerdab.com\/index.php?rest_route=%2Fwp%2Fv2%2Fmedia&parent=14556"}],"wp:term":[{"taxonomy":"category","embeddable":true,"href":"https:\/\/www.zerdab.com\/index.php?rest_route=%2Fwp%2Fv2%2Fcategories&post=14556"},{"taxonomy":"post_tag","embeddable":true,"href":"https:\/\/www.zerdab.com\/index.php?rest_route=%2Fwp%2Fv2%2Ftags&post=14556"}],"curies":[{"name":"wp","href":"https:\/\/api.w.org\/{rel}","templated":true}]}}