{"id":14607,"date":"2014-02-15T12:14:21","date_gmt":"2014-02-15T08:14:21","guid":{"rendered":"http:\/\/www.zerdab.com\/?p=14607"},"modified":"2014-02-17T23:32:47","modified_gmt":"2014-02-17T19:32:47","slug":"prezident-administrasiyasinin-sob%c9%99-mudiri-z%c9%99rdabdan-muraci%c9%99tl%c9%99r-azalib","status":"publish","type":"post","link":"https:\/\/www.zerdab.com\/?p=14607","title":{"rendered":"S\u00fcleyman \u0130smay\u0131lov: &#8220;Z\u0259rdabdan b\u0259zi m\u00fcraci\u0259tl\u0259r azal\u0131b&#8221;"},"content":{"rendered":"<figure id=\"attachment_14557\" aria-describedby=\"caption-attachment-14557\" style=\"width: 369px\" class=\"wp-caption aligncenter\"><a href=\"http:\/\/www.zerdab.com\/wp-content\/uploads\/2014\/02\/S\u00fcleyman-\u0130smay\u0131lov.jpg\"><img loading=\"lazy\" decoding=\"async\" class=\"size-full wp-image-14557\" alt=\"S\u00fcleyman \u0130smay\u0131lov\" src=\"http:\/\/www.zerdab.com\/wp-content\/uploads\/2014\/02\/S\u00fcleyman-\u0130smay\u0131lov.jpg\" width=\"369\" height=\"350\" \/><\/a><figcaption id=\"caption-attachment-14557\" class=\"wp-caption-text\"><span style=\"color: #0000ff;\"><strong>S\u00fcleyman \u0130smay\u0131lov, Az\u0259rbaycan Respublikas\u0131 Prezidenti Administrasiyas\u0131n\u0131n S\u0259n\u0259dl\u0259rl\u0259 v\u0259 v\u0259t\u0259nda\u015flar\u0131n m\u00fcraci\u0259tl\u0259ri il\u0259 i\u015f \u015f\u00f6b\u0259sinin m\u00fcdiri<\/strong><\/span><\/figcaption><\/figure>\n<p>&#8220;\u00d6t\u0259n il \u015f\u0259h\u0259r v\u0259 rayon icra hakimiyy\u0259tl\u0259rinin f\u0259aliyy\u0259ti m\u00f6vzusunda m\u00fcraci\u0259tl\u0259r 2012-ci ill\u0259 m\u00fcqayis\u0259d\u0259 A\u011fstafa, Balak\u0259n, Beyl\u0259qan, X\u0259z\u0259r, Xocav\u0259nd, \u015eamax\u0131, Z\u0259ngilan v\u0259 ba\u015fqa rayonlarda art\u0131b, 59\u00a0\u015f\u0259h\u0259r\u00a0v\u0259\u00a0rayonda is\u0259 g\u00f6st\u0259ril\u0259n m\u00f6vzuda azalma olub&#8221;. Zerdab.com sayt\u0131 x\u0259b\u0259r verir ki, bu bar\u0259d\u0259\u00a0Az\u0259rbaycan Prezidenti Administrasiyas\u0131n\u0131n S\u0259n\u0259dl\u0259rl\u0259 v\u0259 v\u0259t\u0259nda\u015flar\u0131n m\u00fcraci\u0259tl\u0259ri il\u0259 i\u015f \u015f\u00f6b\u0259sinin m\u00fcdiri S\u00fcleyman \u0130smay\u0131lovun d\u0259rc olunmu\u015f hesabat xarakterli m\u0259qal\u0259sind\u0259 bildirilib.<\/p>\n<p>2013-c\u00fc ild\u0259 v\u0259zif\u0259li \u015f\u0259xsl\u0259rin f\u0259aliyy\u0259ti il\u0259 ba\u011fl\u0131 m\u00fcraci\u0259tl\u0259rin say\u0131 Bak\u0131, \u015e\u0259ki, Beyl\u0259qan, Bil\u0259suvar, K\u00fcrd\u0259mir, Qobustan, Lerik, Tovuz, Yard\u0131ml\u0131, dig\u0259r \u015f\u0259h\u0259r v\u0259 rayonlarda artsa da, \u0259ks\u0259r \u015f\u0259h\u0259r v\u0259 rayonlarda, o c\u00fcml\u0259d\u0259n G\u0259nc\u0259, L\u0259nk\u0259ran, A\u011fcab\u0259di, A\u011fdam, A\u011fda\u015f, Bin\u0259q\u0259di, C\u0259lilabad, Culfa, Hac\u0131qabul, X\u0259tai, X\u0259z\u0259r, Qusar, La\u00e7\u0131n, Ordubad, Samux, Siy\u0259z\u0259n, \u015e\u0259mkir, \u015e\u0259rur, T\u0259rt\u0259r, Yasamal, Z\u0259rdab, dig\u0259r \u015f\u0259h\u0259r v\u0259 rayonlarda bel\u0259 m\u00fcraci\u0259tl\u0259r azal\u0131b.<\/p>\n<p>Prokurorluq orqanlar\u0131n\u0131n f\u0259aliyy\u0259ti il\u0259 \u0259laq\u0259dar\u00a0daha az m\u00fcraci\u0259t Nax\u00e7\u0131van MR-in rayonlar\u0131ndan, Naftalan, \u015e\u0259ki, \u015eirvan, A\u011fstafa, A\u011fsu, Balak\u0259n, Hac\u0131qabul, X\u0131z\u0131, Xocal\u0131, Xocav\u0259nd, \u0130smay\u0131ll\u0131, Qax, Qobustan, O\u011fuz, Salyan, Samux, Siy\u0259z\u0259n, \u015eabran, Yard\u0131ml\u0131, Zaqatala, Z\u0259rdab, dig\u0259r \u015f\u0259h\u0259r v\u0259 rayonlardan\u00a0 daxil olmu\u015fdur.<\/p>\n<p>Zerdab.com<\/p>\n","protected":false},"excerpt":{"rendered":"<p>&#8220;\u00d6t\u0259n il \u015f\u0259h\u0259r v\u0259 rayon icra hakimiyy\u0259tl\u0259rinin f\u0259aliyy\u0259ti m\u00f6vzusunda m\u00fcraci\u0259tl\u0259r 2012-ci ill\u0259 m\u00fcqayis\u0259d\u0259 A\u011fstafa, Balak\u0259n, Beyl\u0259qan, X\u0259z\u0259r, Xocav\u0259nd, \u015eamax\u0131, Z\u0259ngilan v\u0259 ba\u015fqa rayonlarda art\u0131b, 59\u00a0\u015f\u0259h\u0259r\u00a0v\u0259\u00a0rayonda is\u0259 g\u00f6st\u0259ril\u0259n m\u00f6vzuda azalma olub&#8221;. Zerdab.com sayt\u0131 x\u0259b\u0259r verir ki, bu bar\u0259d\u0259\u00a0Az\u0259rbaycan Prezidenti Administrasiyas\u0131n\u0131n S\u0259n\u0259dl\u0259rl\u0259 v\u0259 v\u0259t\u0259nda\u015flar\u0131n m\u00fcraci\u0259tl\u0259ri il\u0259 i\u015f \u015f\u00f6b\u0259sinin m\u00fcdiri S\u00fcleyman \u0130smay\u0131lovun d\u0259rc olunmu\u015f hesabat xarakterli m\u0259qal\u0259sind\u0259 bildirilib. [&hellip;]<\/p>\n","protected":false},"author":1,"featured_media":0,"comment_status":"open","ping_status":"open","sticky":false,"template":"","format":"standard","meta":{"footnotes":""},"categories":[21],"tags":[],"class_list":{"0":"post-14607","1":"post","2":"type-post","3":"status-publish","4":"format-standard","6":"category-zrdab"},"yoast_head":"<!-- This site is optimized with the Yoast SEO plugin v27.0 - https:\/\/yoast.com\/product\/yoast-seo-wordpress\/ -->\n<title>S\u00fcleyman \u0130smay\u0131lov: &quot;Z\u0259rdabdan b\u0259zi m\u00fcraci\u0259tl\u0259r azal\u0131b&quot; - Z\u0259rdab.com<\/title>\n<meta name=\"robots\" content=\"index, follow, max-snippet:-1, max-image-preview:large, max-video-preview:-1\" \/>\n<link rel=\"canonical\" href=\"https:\/\/www.zerdab.com\/?p=14607\" \/>\n<meta property=\"og:locale\" content=\"az_AZ\" \/>\n<meta property=\"og:type\" content=\"article\" \/>\n<meta property=\"og:title\" content=\"S\u00fcleyman \u0130smay\u0131lov: &quot;Z\u0259rdabdan b\u0259zi m\u00fcraci\u0259tl\u0259r azal\u0131b&quot; - Z\u0259rdab.com\" \/>\n<meta property=\"og:description\" content=\"&#8220;\u00d6t\u0259n il \u015f\u0259h\u0259r v\u0259 rayon icra hakimiyy\u0259tl\u0259rinin f\u0259aliyy\u0259ti m\u00f6vzusunda m\u00fcraci\u0259tl\u0259r 2012-ci ill\u0259 m\u00fcqayis\u0259d\u0259 A\u011fstafa, Balak\u0259n, Beyl\u0259qan, X\u0259z\u0259r, Xocav\u0259nd, \u015eamax\u0131, Z\u0259ngilan v\u0259 ba\u015fqa rayonlarda art\u0131b, 59\u00a0\u015f\u0259h\u0259r\u00a0v\u0259\u00a0rayonda is\u0259 g\u00f6st\u0259ril\u0259n m\u00f6vzuda azalma olub&#8221;. Zerdab.com sayt\u0131 x\u0259b\u0259r verir ki, bu bar\u0259d\u0259\u00a0Az\u0259rbaycan Prezidenti Administrasiyas\u0131n\u0131n S\u0259n\u0259dl\u0259rl\u0259 v\u0259 v\u0259t\u0259nda\u015flar\u0131n m\u00fcraci\u0259tl\u0259ri il\u0259 i\u015f \u015f\u00f6b\u0259sinin m\u00fcdiri S\u00fcleyman \u0130smay\u0131lovun d\u0259rc olunmu\u015f hesabat xarakterli m\u0259qal\u0259sind\u0259 bildirilib. [&hellip;]\" \/>\n<meta property=\"og:url\" content=\"https:\/\/www.zerdab.com\/?p=14607\" \/>\n<meta property=\"og:site_name\" content=\"Z\u0259rdab.com\" \/>\n<meta property=\"article:published_time\" content=\"2014-02-15T08:14:21+00:00\" \/>\n<meta property=\"article:modified_time\" content=\"2014-02-17T19:32:47+00:00\" \/>\n<meta name=\"author\" content=\"admin\" \/>\n<meta name=\"twitter:card\" content=\"summary_large_image\" \/>\n<meta name=\"twitter:label1\" content=\"Written by\" \/>\n\t<meta name=\"twitter:data1\" content=\"admin\" \/>\n\t<meta name=\"twitter:label2\" content=\"Est. reading time\" \/>\n\t<meta name=\"twitter:data2\" content=\"2 minutes\" \/>\n<script type=\"application\/ld+json\" class=\"yoast-schema-graph\">{\"@context\":\"https:\/\/schema.org\",\"@graph\":[{\"@type\":\"Article\",\"@id\":\"https:\/\/www.zerdab.com\/?p=14607#article\",\"isPartOf\":{\"@id\":\"https:\/\/www.zerdab.com\/?p=14607\"},\"author\":{\"name\":\"admin\",\"@id\":\"https:\/\/www.zerdab.com\/#\/schema\/person\/97079b7570c1e89ec0d9e138c3672136\"},\"headline\":\"S\u00fcleyman \u0130smay\u0131lov: &#8220;Z\u0259rdabdan b\u0259zi m\u00fcraci\u0259tl\u0259r azal\u0131b&#8221;\",\"datePublished\":\"2014-02-15T08:14:21+00:00\",\"dateModified\":\"2014-02-17T19:32:47+00:00\",\"mainEntityOfPage\":{\"@id\":\"https:\/\/www.zerdab.com\/?p=14607\"},\"wordCount\":329,\"commentCount\":0,\"articleSection\":[\"C\u018fM\u0130YY\u018fT\"],\"inLanguage\":\"az\",\"potentialAction\":[{\"@type\":\"CommentAction\",\"name\":\"Comment\",\"target\":[\"https:\/\/www.zerdab.com\/?p=14607#respond\"]}]},{\"@type\":\"WebPage\",\"@id\":\"https:\/\/www.zerdab.com\/?p=14607\",\"url\":\"https:\/\/www.zerdab.com\/?p=14607\",\"name\":\"S\u00fcleyman \u0130smay\u0131lov: \\\"Z\u0259rdabdan b\u0259zi m\u00fcraci\u0259tl\u0259r azal\u0131b\\\" - Z\u0259rdab.com\",\"isPartOf\":{\"@id\":\"https:\/\/www.zerdab.com\/#website\"},\"datePublished\":\"2014-02-15T08:14:21+00:00\",\"dateModified\":\"2014-02-17T19:32:47+00:00\",\"author\":{\"@id\":\"https:\/\/www.zerdab.com\/#\/schema\/person\/97079b7570c1e89ec0d9e138c3672136\"},\"breadcrumb\":{\"@id\":\"https:\/\/www.zerdab.com\/?p=14607#breadcrumb\"},\"inLanguage\":\"az\",\"potentialAction\":[{\"@type\":\"ReadAction\",\"target\":[\"https:\/\/www.zerdab.com\/?p=14607\"]}]},{\"@type\":\"BreadcrumbList\",\"@id\":\"https:\/\/www.zerdab.com\/?p=14607#breadcrumb\",\"itemListElement\":[{\"@type\":\"ListItem\",\"position\":1,\"name\":\"Home\",\"item\":\"https:\/\/www.zerdab.com\/\"},{\"@type\":\"ListItem\",\"position\":2,\"name\":\"S\u00fcleyman \u0130smay\u0131lov: &#8220;Z\u0259rdabdan b\u0259zi m\u00fcraci\u0259tl\u0259r azal\u0131b&#8221;\"}]},{\"@type\":\"WebSite\",\"@id\":\"https:\/\/www.zerdab.com\/#website\",\"url\":\"https:\/\/www.zerdab.com\/\",\"name\":\"Z\u0259rdab.com\",\"description\":\"\",\"potentialAction\":[{\"@type\":\"SearchAction\",\"target\":{\"@type\":\"EntryPoint\",\"urlTemplate\":\"https:\/\/www.zerdab.com\/?s={search_term_string}\"},\"query-input\":{\"@type\":\"PropertyValueSpecification\",\"valueRequired\":true,\"valueName\":\"search_term_string\"}}],\"inLanguage\":\"az\"},{\"@type\":\"Person\",\"@id\":\"https:\/\/www.zerdab.com\/#\/schema\/person\/97079b7570c1e89ec0d9e138c3672136\",\"name\":\"admin\",\"image\":{\"@type\":\"ImageObject\",\"inLanguage\":\"az\",\"@id\":\"https:\/\/www.zerdab.com\/#\/schema\/person\/image\/\",\"url\":\"https:\/\/secure.gravatar.com\/avatar\/d9c52a9a27c32119cb6679a077fa3e2779e5f822c451cbf01098004361d466ec?s=96&d=mm&r=g\",\"contentUrl\":\"https:\/\/secure.gravatar.com\/avatar\/d9c52a9a27c32119cb6679a077fa3e2779e5f822c451cbf01098004361d466ec?s=96&d=mm&r=g\",\"caption\":\"admin\"},\"url\":\"https:\/\/www.zerdab.com\/?author=1\"}]}<\/script>\n<!-- \/ Yoast SEO plugin. -->","yoast_head_json":{"title":"S\u00fcleyman \u0130smay\u0131lov: \"Z\u0259rdabdan b\u0259zi m\u00fcraci\u0259tl\u0259r azal\u0131b\" - Z\u0259rdab.com","robots":{"index":"index","follow":"follow","max-snippet":"max-snippet:-1","max-image-preview":"max-image-preview:large","max-video-preview":"max-video-preview:-1"},"canonical":"https:\/\/www.zerdab.com\/?p=14607","og_locale":"az_AZ","og_type":"article","og_title":"S\u00fcleyman \u0130smay\u0131lov: \"Z\u0259rdabdan b\u0259zi m\u00fcraci\u0259tl\u0259r azal\u0131b\" - Z\u0259rdab.com","og_description":"&#8220;\u00d6t\u0259n il \u015f\u0259h\u0259r v\u0259 rayon icra hakimiyy\u0259tl\u0259rinin f\u0259aliyy\u0259ti m\u00f6vzusunda m\u00fcraci\u0259tl\u0259r 2012-ci ill\u0259 m\u00fcqayis\u0259d\u0259 A\u011fstafa, Balak\u0259n, Beyl\u0259qan, X\u0259z\u0259r, Xocav\u0259nd, \u015eamax\u0131, Z\u0259ngilan v\u0259 ba\u015fqa rayonlarda art\u0131b, 59\u00a0\u015f\u0259h\u0259r\u00a0v\u0259\u00a0rayonda is\u0259 g\u00f6st\u0259ril\u0259n m\u00f6vzuda azalma olub&#8221;. Zerdab.com sayt\u0131 x\u0259b\u0259r verir ki, bu bar\u0259d\u0259\u00a0Az\u0259rbaycan Prezidenti Administrasiyas\u0131n\u0131n S\u0259n\u0259dl\u0259rl\u0259 v\u0259 v\u0259t\u0259nda\u015flar\u0131n m\u00fcraci\u0259tl\u0259ri il\u0259 i\u015f \u015f\u00f6b\u0259sinin m\u00fcdiri S\u00fcleyman \u0130smay\u0131lovun d\u0259rc olunmu\u015f hesabat xarakterli m\u0259qal\u0259sind\u0259 bildirilib. [&hellip;]","og_url":"https:\/\/www.zerdab.com\/?p=14607","og_site_name":"Z\u0259rdab.com","article_published_time":"2014-02-15T08:14:21+00:00","article_modified_time":"2014-02-17T19:32:47+00:00","author":"admin","twitter_card":"summary_large_image","twitter_misc":{"Written by":"admin","Est. reading time":"2 minutes"},"schema":{"@context":"https:\/\/schema.org","@graph":[{"@type":"Article","@id":"https:\/\/www.zerdab.com\/?p=14607#article","isPartOf":{"@id":"https:\/\/www.zerdab.com\/?p=14607"},"author":{"name":"admin","@id":"https:\/\/www.zerdab.com\/#\/schema\/person\/97079b7570c1e89ec0d9e138c3672136"},"headline":"S\u00fcleyman \u0130smay\u0131lov: &#8220;Z\u0259rdabdan b\u0259zi m\u00fcraci\u0259tl\u0259r azal\u0131b&#8221;","datePublished":"2014-02-15T08:14:21+00:00","dateModified":"2014-02-17T19:32:47+00:00","mainEntityOfPage":{"@id":"https:\/\/www.zerdab.com\/?p=14607"},"wordCount":329,"commentCount":0,"articleSection":["C\u018fM\u0130YY\u018fT"],"inLanguage":"az","potentialAction":[{"@type":"CommentAction","name":"Comment","target":["https:\/\/www.zerdab.com\/?p=14607#respond"]}]},{"@type":"WebPage","@id":"https:\/\/www.zerdab.com\/?p=14607","url":"https:\/\/www.zerdab.com\/?p=14607","name":"S\u00fcleyman \u0130smay\u0131lov: \"Z\u0259rdabdan b\u0259zi m\u00fcraci\u0259tl\u0259r azal\u0131b\" - Z\u0259rdab.com","isPartOf":{"@id":"https:\/\/www.zerdab.com\/#website"},"datePublished":"2014-02-15T08:14:21+00:00","dateModified":"2014-02-17T19:32:47+00:00","author":{"@id":"https:\/\/www.zerdab.com\/#\/schema\/person\/97079b7570c1e89ec0d9e138c3672136"},"breadcrumb":{"@id":"https:\/\/www.zerdab.com\/?p=14607#breadcrumb"},"inLanguage":"az","potentialAction":[{"@type":"ReadAction","target":["https:\/\/www.zerdab.com\/?p=14607"]}]},{"@type":"BreadcrumbList","@id":"https:\/\/www.zerdab.com\/?p=14607#breadcrumb","itemListElement":[{"@type":"ListItem","position":1,"name":"Home","item":"https:\/\/www.zerdab.com\/"},{"@type":"ListItem","position":2,"name":"S\u00fcleyman \u0130smay\u0131lov: &#8220;Z\u0259rdabdan b\u0259zi m\u00fcraci\u0259tl\u0259r azal\u0131b&#8221;"}]},{"@type":"WebSite","@id":"https:\/\/www.zerdab.com\/#website","url":"https:\/\/www.zerdab.com\/","name":"Z\u0259rdab.com","description":"","potentialAction":[{"@type":"SearchAction","target":{"@type":"EntryPoint","urlTemplate":"https:\/\/www.zerdab.com\/?s={search_term_string}"},"query-input":{"@type":"PropertyValueSpecification","valueRequired":true,"valueName":"search_term_string"}}],"inLanguage":"az"},{"@type":"Person","@id":"https:\/\/www.zerdab.com\/#\/schema\/person\/97079b7570c1e89ec0d9e138c3672136","name":"admin","image":{"@type":"ImageObject","inLanguage":"az","@id":"https:\/\/www.zerdab.com\/#\/schema\/person\/image\/","url":"https:\/\/secure.gravatar.com\/avatar\/d9c52a9a27c32119cb6679a077fa3e2779e5f822c451cbf01098004361d466ec?s=96&d=mm&r=g","contentUrl":"https:\/\/secure.gravatar.com\/avatar\/d9c52a9a27c32119cb6679a077fa3e2779e5f822c451cbf01098004361d466ec?s=96&d=mm&r=g","caption":"admin"},"url":"https:\/\/www.zerdab.com\/?author=1"}]}},"_links":{"self":[{"href":"https:\/\/www.zerdab.com\/index.php?rest_route=\/wp\/v2\/posts\/14607","targetHints":{"allow":["GET"]}}],"collection":[{"href":"https:\/\/www.zerdab.com\/index.php?rest_route=\/wp\/v2\/posts"}],"about":[{"href":"https:\/\/www.zerdab.com\/index.php?rest_route=\/wp\/v2\/types\/post"}],"author":[{"embeddable":true,"href":"https:\/\/www.zerdab.com\/index.php?rest_route=\/wp\/v2\/users\/1"}],"replies":[{"embeddable":true,"href":"https:\/\/www.zerdab.com\/index.php?rest_route=%2Fwp%2Fv2%2Fcomments&post=14607"}],"version-history":[{"count":7,"href":"https:\/\/www.zerdab.com\/index.php?rest_route=\/wp\/v2\/posts\/14607\/revisions"}],"predecessor-version":[{"id":14635,"href":"https:\/\/www.zerdab.com\/index.php?rest_route=\/wp\/v2\/posts\/14607\/revisions\/14635"}],"wp:attachment":[{"href":"https:\/\/www.zerdab.com\/index.php?rest_route=%2Fwp%2Fv2%2Fmedia&parent=14607"}],"wp:term":[{"taxonomy":"category","embeddable":true,"href":"https:\/\/www.zerdab.com\/index.php?rest_route=%2Fwp%2Fv2%2Fcategories&post=14607"},{"taxonomy":"post_tag","embeddable":true,"href":"https:\/\/www.zerdab.com\/index.php?rest_route=%2Fwp%2Fv2%2Ftags&post=14607"}],"curies":[{"name":"wp","href":"https:\/\/api.w.org\/{rel}","templated":true}]}}