{"id":14636,"date":"2014-02-18T15:19:45","date_gmt":"2014-02-18T11:19:45","guid":{"rendered":"http:\/\/www.zerdab.com\/?p=14636"},"modified":"2014-02-18T15:24:41","modified_gmt":"2014-02-18T11:24:41","slug":"z%c9%99rdabin-daha-2-k%c9%99ndin%c9%99-qaz-verildi-lutv%c9%99li-babayev-acilis-etdi","status":"publish","type":"post","link":"https:\/\/www.zerdab.com\/?p=14636","title":{"rendered":"Z\u0259rdab\u0131n daha 2 k\u0259ndin\u0259 qaz verildi; L\u00fctv\u0259li Babayev a\u00e7\u0131l\u0131\u015f etdi"},"content":{"rendered":"<p style=\"text-align: justify;\" align=\"center\"><span style=\"font-size: 14px; line-height: 1.5em;\"><a href=\"http:\/\/www.zerdab.com\/wp-content\/uploads\/2014\/02\/Z\u018fRDAB2.jpg\"><img loading=\"lazy\" decoding=\"async\" class=\"aligncenter size-large wp-image-14637\" alt=\"Z\u018fRDAB\" src=\"http:\/\/www.zerdab.com\/wp-content\/uploads\/2014\/02\/Z\u018fRDAB2-550x365.jpg\" width=\"550\" height=\"365\" \/><\/a><\/span><\/p>\n<p style=\"text-align: justify;\" align=\"center\">\n<p align=\"center\"><span style=\"color: #0000ff;\"><b>\u0130saqba\u011f\u0131 v<\/b><b>\u0259 B<\/b><b>\u00f6y\u00fck D<\/b><b>\u0259kk\u0259 k\u0259ndl\u0259rin\u0259 mavi yanacaq verildi<\/b><\/span><\/p>\n<p style=\"text-align: justify;\" align=\"center\"><span style=\"font-size: 14px; line-height: 1.5em;\">Son ill\u0259r Z\u0259rdab rayonunda 320-y\u0259 q\u0259d\u0259r sosial t\u0259yinatl\u0131 obyekt istifad\u0259y\u0259 verilib. K\u0259nd ya\u015fay\u0131\u015f m\u0259nt\u0259q\u0259l\u0259rind\u0259 infrastrukturun m\u00fcasirl\u0259\u015fdirilm\u0259si istiqam\u0259tind\u0259 konkret add\u0131mlar at\u0131l\u0131b. Z\u0259rdab Rayon \u0130cra Hakimiyy\u0259ti Ba\u015f\u00e7\u0131s\u0131n\u0131n \u0130saqba\u011f\u0131 k\u0259nd inzibati \u0259razi dair\u0259si \u00fczr\u0259 n\u00fcmay\u0259nd\u0259liyind\u0259 292 t\u0259s\u0259rr\u00fcfatda 1328 n\u0259f\u0259r \u0259hali ya\u015fay\u0131r. Rayonun dig\u0259r ya\u015fay\u0131\u015f m\u0259nt\u0259q\u0259l\u0259rind\u0259 oldu\u011fu kimi bu n\u00fcmay\u0259nd\u0259likd\u0259 d\u0259 son ill\u0259r sosial infrastrukturun m\u00fcasirl\u0259\u015fdirilm\u0259si \u00fc\u00e7\u00fcn m\u00fch\u00fcm i\u015fl\u0259r g\u00f6r\u00fcl\u00fcb.<\/span><\/p>\n<p style=\"text-align: justify;\">N\u00fcmay\u0259nd\u0259liyin \u0259razisind\u0259 220 \u015fagird yerlik m\u00fcasir m\u0259kt\u0259b binas\u0131, sut\u0259mizl\u0259yici qur\u011fu, bulaqlar, ATS v\u0259 po\u00e7t binalar\u0131 in\u015fa edilib, 2 k\u00f6rp\u0259l\u0259r evi-u\u015faq ba\u011f\u00e7as\u0131 \u0259sasl\u0131 \u015f\u0259kild\u0259 yenid\u0259n qurulub. \u0130saqba\u011f\u0131 v\u0259 B\u00f6y\u00fck D\u0259kk\u0259 k\u0259ndl\u0259rind\u0259 geni\u015f zolaql\u0131 internet istismara verilib. K\u00fcr\u00fcn h\u0259r iki k\u0259ndin \u0259razisind\u0259n ke\u00e7\u0259n 12 km-lik hiss\u0259sind\u0259 b\u0259ndb\u0259rkitm\u0259 t\u0259dbirl\u0259ri h\u0259yata ke\u00e7irilib. Eyni zamanda Sudan \u0130stifad\u0259ed\u0259nl\u0259r Birliyi \u00fc\u00e7\u00fcn inzibati bina tikilib, su nasos stansiyalar\u0131 daha m\u0259hsuldarlar\u0131 il\u0259 \u0259v\u0259z olunub. Bu g\u00fcn is\u0259 k\u0259nd sakinl\u0259rinin daha bir m\u00fch\u00fcm sosial probleml\u0259ri \u00f6z h\u0259llini tap\u0131b. Bel\u0259 ki, h\u0259r iki ya\u015fay\u0131\u015f m\u0259nt\u0259q\u0259sind\u0259 273 abonent mavi yanacaqla t\u0259min olunub. Bu m\u0259qs\u0259dl\u0259 20871 paqonometr uzunlu\u011funda polietilen v\u0259 metal borularla da\u015f\u0131y\u0131c\u0131 v\u0259 paylay\u0131c\u0131 qaz x\u0259tl\u0259ri \u00e7\u0259kilib. F\u0259rdi t\u0259nziml\u0259yicil\u0259r qura\u015fd\u0131r\u0131l\u0131b. Mavi yanaca\u011f\u0131n verilm\u0259si m\u00fcnasib\u0259til\u0259 t\u0259\u015fkil olunan m\u0259rasimd\u0259 Z\u0259rdab Rayon \u0130cra Hakimiyy\u0259tinin ba\u015f\u00e7\u0131s\u0131 L\u00fctv\u0259li Babayev sakinl\u0259ri bu \u0259lam\u0259tdar hadis\u0259 m\u00fcnasib\u0259til\u0259 t\u0259brik edib. Bildirib ki, indiy\u0259 kimi rayonda 9 ya\u015fay\u0131\u015f m\u0259nt\u0259q\u0259si mavi yanacaqla t\u0259min edilib. Daha 8 k\u0259ndin qazla\u015fd\u0131r\u0131lmas\u0131nda son tamamlama i\u015fl\u0259ri apar\u0131l\u0131r. Qeyd edib ki, Prezident \u0130lham \u018fliyevin irad\u0259si n\u0259tic\u0259sind\u0259 \u00f6lk\u0259 boyu \u0259n ucqar k\u0259ndl\u0259rd\u0259 bel\u0259 qaz x\u0259tl\u0259ri \u00e7\u0259kilir. Bu, \u00f6lk\u0259 ba\u015f\u00e7\u0131s\u0131n\u0131n xalqa g\u00f6st\u0259rdiyi diqq\u0259t v\u0259 qay\u011f\u0131n\u0131n bariz n\u00fcmun\u0259sidir.<\/p>\n<p style=\"text-align: justify;\">M\u0259rasimd\u0259 \u00e7\u0131x\u0131\u015f ed\u0259n sakinl\u0259r onlara g\u00f6st\u0259ril\u0259n qay\u011f\u0131ya g\u00f6r\u0259 \u00f6lk\u0259 r\u0259hb\u0259rliyin\u0259 minn\u0259tdarl\u0131q edibl\u0259r. R\u0259mzi m\u0259\u015f\u0259l alovland\u0131r\u0131ld\u0131qdan sonra m\u0259rasim i\u015ftirak\u00e7\u0131lar\u0131 evl\u0259r\u0259 ba\u015f \u00e7\u0259k\u0259r\u0259k sakinl\u0259ri bir daha t\u0259brik edibl\u0259r.<\/p>\n<p style=\"text-align: justify;\" align=\"right\">M\u0259rasimd\u0259 \u201cAz\u0259riqaz\u201d \u0130stehsalat Birliyinin n\u00fcmay\u0259nd\u0259si Araz A\u011fayev i\u015ftirak edib.<\/p>\n<p style=\"text-align: justify;\" align=\"right\">\u00a0<span style=\"color: #0000ff;\"><b>Z\u0259rdab Rayon \u0130cra Hakimiyy\u0259ti<\/b><\/span><\/p>\n<p style=\"text-align: justify;\" align=\"right\"><a href=\"http:\/\/www.zerdab.com\/wp-content\/uploads\/2014\/02\/Z\u018fRDAB.jpg\"><img loading=\"lazy\" decoding=\"async\" class=\"aligncenter size-large wp-image-14638\" alt=\"Z\u018fRDAB\" src=\"http:\/\/www.zerdab.com\/wp-content\/uploads\/2014\/02\/Z\u018fRDAB-550x365.jpg\" width=\"550\" height=\"365\" \/><\/a><a href=\"http:\/\/www.zerdab.com\/wp-content\/uploads\/2014\/02\/Z\u018fRDAB1.jpg\"><img loading=\"lazy\" decoding=\"async\" class=\"aligncenter size-large wp-image-14639\" alt=\"Z\u018fRDAB1\" src=\"http:\/\/www.zerdab.com\/wp-content\/uploads\/2014\/02\/Z\u018fRDAB1-550x365.jpg\" width=\"550\" height=\"365\" \/><\/a><\/p>\n","protected":false},"excerpt":{"rendered":"<p>\u0130saqba\u011f\u0131 v\u0259 B\u00f6y\u00fck D\u0259kk\u0259 k\u0259ndl\u0259rin\u0259 mavi yanacaq verildi Son ill\u0259r Z\u0259rdab rayonunda 320-y\u0259 q\u0259d\u0259r sosial t\u0259yinatl\u0131 obyekt istifad\u0259y\u0259 verilib. K\u0259nd ya\u015fay\u0131\u015f m\u0259nt\u0259q\u0259l\u0259rind\u0259 infrastrukturun m\u00fcasirl\u0259\u015fdirilm\u0259si istiqam\u0259tind\u0259 konkret add\u0131mlar at\u0131l\u0131b. Z\u0259rdab Rayon \u0130cra Hakimiyy\u0259ti Ba\u015f\u00e7\u0131s\u0131n\u0131n \u0130saqba\u011f\u0131 k\u0259nd inzibati \u0259razi dair\u0259si \u00fczr\u0259 n\u00fcmay\u0259nd\u0259liyind\u0259 292 t\u0259s\u0259rr\u00fcfatda 1328 n\u0259f\u0259r \u0259hali ya\u015fay\u0131r. Rayonun dig\u0259r ya\u015fay\u0131\u015f m\u0259nt\u0259q\u0259l\u0259rind\u0259 oldu\u011fu kimi bu n\u00fcmay\u0259nd\u0259likd\u0259 d\u0259 [&hellip;]<\/p>\n","protected":false},"author":1,"featured_media":0,"comment_status":"open","ping_status":"open","sticky":false,"template":"","format":"standard","meta":{"footnotes":""},"categories":[5],"tags":[],"class_list":{"0":"post-14636","1":"post","2":"type-post","3":"status-publish","4":"format-standard","6":"category-knd"},"yoast_head":"<!-- This site is optimized with the Yoast SEO plugin v27.0 - https:\/\/yoast.com\/product\/yoast-seo-wordpress\/ -->\n<title>Z\u0259rdab\u0131n daha 2 k\u0259ndin\u0259 qaz verildi; L\u00fctv\u0259li Babayev a\u00e7\u0131l\u0131\u015f etdi - Z\u0259rdab.com<\/title>\n<meta name=\"robots\" content=\"index, follow, max-snippet:-1, max-image-preview:large, max-video-preview:-1\" \/>\n<link rel=\"canonical\" href=\"https:\/\/www.zerdab.com\/?p=14636\" \/>\n<meta property=\"og:locale\" content=\"az_AZ\" \/>\n<meta property=\"og:type\" content=\"article\" \/>\n<meta property=\"og:title\" content=\"Z\u0259rdab\u0131n daha 2 k\u0259ndin\u0259 qaz verildi; L\u00fctv\u0259li Babayev a\u00e7\u0131l\u0131\u015f etdi - Z\u0259rdab.com\" \/>\n<meta property=\"og:description\" content=\"\u0130saqba\u011f\u0131 v\u0259 B\u00f6y\u00fck D\u0259kk\u0259 k\u0259ndl\u0259rin\u0259 mavi yanacaq verildi Son ill\u0259r Z\u0259rdab rayonunda 320-y\u0259 q\u0259d\u0259r sosial t\u0259yinatl\u0131 obyekt istifad\u0259y\u0259 verilib. K\u0259nd ya\u015fay\u0131\u015f m\u0259nt\u0259q\u0259l\u0259rind\u0259 infrastrukturun m\u00fcasirl\u0259\u015fdirilm\u0259si istiqam\u0259tind\u0259 konkret add\u0131mlar at\u0131l\u0131b. Z\u0259rdab Rayon \u0130cra Hakimiyy\u0259ti Ba\u015f\u00e7\u0131s\u0131n\u0131n \u0130saqba\u011f\u0131 k\u0259nd inzibati \u0259razi dair\u0259si \u00fczr\u0259 n\u00fcmay\u0259nd\u0259liyind\u0259 292 t\u0259s\u0259rr\u00fcfatda 1328 n\u0259f\u0259r \u0259hali ya\u015fay\u0131r. Rayonun dig\u0259r ya\u015fay\u0131\u015f m\u0259nt\u0259q\u0259l\u0259rind\u0259 oldu\u011fu kimi bu n\u00fcmay\u0259nd\u0259likd\u0259 d\u0259 [&hellip;]\" \/>\n<meta property=\"og:url\" content=\"https:\/\/www.zerdab.com\/?p=14636\" \/>\n<meta property=\"og:site_name\" content=\"Z\u0259rdab.com\" \/>\n<meta property=\"article:published_time\" content=\"2014-02-18T11:19:45+00:00\" \/>\n<meta property=\"article:modified_time\" content=\"2014-02-18T11:24:41+00:00\" \/>\n<meta name=\"author\" content=\"admin\" \/>\n<meta name=\"twitter:card\" content=\"summary_large_image\" \/>\n<meta name=\"twitter:label1\" content=\"Written by\" \/>\n\t<meta name=\"twitter:data1\" content=\"admin\" \/>\n\t<meta name=\"twitter:label2\" content=\"Est. reading time\" \/>\n\t<meta name=\"twitter:data2\" content=\"2 minutes\" \/>\n<script type=\"application\/ld+json\" class=\"yoast-schema-graph\">{\"@context\":\"https:\/\/schema.org\",\"@graph\":[{\"@type\":\"Article\",\"@id\":\"https:\/\/www.zerdab.com\/?p=14636#article\",\"isPartOf\":{\"@id\":\"https:\/\/www.zerdab.com\/?p=14636\"},\"author\":{\"name\":\"admin\",\"@id\":\"https:\/\/www.zerdab.com\/#\/schema\/person\/97079b7570c1e89ec0d9e138c3672136\"},\"headline\":\"Z\u0259rdab\u0131n daha 2 k\u0259ndin\u0259 qaz verildi; L\u00fctv\u0259li Babayev a\u00e7\u0131l\u0131\u015f etdi\",\"datePublished\":\"2014-02-18T11:19:45+00:00\",\"dateModified\":\"2014-02-18T11:24:41+00:00\",\"mainEntityOfPage\":{\"@id\":\"https:\/\/www.zerdab.com\/?p=14636\"},\"wordCount\":500,\"commentCount\":4,\"articleSection\":[\"X\u018fB\u018fRL\u018fR\"],\"inLanguage\":\"az\",\"potentialAction\":[{\"@type\":\"CommentAction\",\"name\":\"Comment\",\"target\":[\"https:\/\/www.zerdab.com\/?p=14636#respond\"]}]},{\"@type\":\"WebPage\",\"@id\":\"https:\/\/www.zerdab.com\/?p=14636\",\"url\":\"https:\/\/www.zerdab.com\/?p=14636\",\"name\":\"Z\u0259rdab\u0131n daha 2 k\u0259ndin\u0259 qaz verildi; L\u00fctv\u0259li Babayev a\u00e7\u0131l\u0131\u015f etdi - Z\u0259rdab.com\",\"isPartOf\":{\"@id\":\"https:\/\/www.zerdab.com\/#website\"},\"datePublished\":\"2014-02-18T11:19:45+00:00\",\"dateModified\":\"2014-02-18T11:24:41+00:00\",\"author\":{\"@id\":\"https:\/\/www.zerdab.com\/#\/schema\/person\/97079b7570c1e89ec0d9e138c3672136\"},\"breadcrumb\":{\"@id\":\"https:\/\/www.zerdab.com\/?p=14636#breadcrumb\"},\"inLanguage\":\"az\",\"potentialAction\":[{\"@type\":\"ReadAction\",\"target\":[\"https:\/\/www.zerdab.com\/?p=14636\"]}]},{\"@type\":\"BreadcrumbList\",\"@id\":\"https:\/\/www.zerdab.com\/?p=14636#breadcrumb\",\"itemListElement\":[{\"@type\":\"ListItem\",\"position\":1,\"name\":\"Home\",\"item\":\"https:\/\/www.zerdab.com\/\"},{\"@type\":\"ListItem\",\"position\":2,\"name\":\"Z\u0259rdab\u0131n daha 2 k\u0259ndin\u0259 qaz verildi; L\u00fctv\u0259li Babayev a\u00e7\u0131l\u0131\u015f etdi\"}]},{\"@type\":\"WebSite\",\"@id\":\"https:\/\/www.zerdab.com\/#website\",\"url\":\"https:\/\/www.zerdab.com\/\",\"name\":\"Z\u0259rdab.com\",\"description\":\"\",\"potentialAction\":[{\"@type\":\"SearchAction\",\"target\":{\"@type\":\"EntryPoint\",\"urlTemplate\":\"https:\/\/www.zerdab.com\/?s={search_term_string}\"},\"query-input\":{\"@type\":\"PropertyValueSpecification\",\"valueRequired\":true,\"valueName\":\"search_term_string\"}}],\"inLanguage\":\"az\"},{\"@type\":\"Person\",\"@id\":\"https:\/\/www.zerdab.com\/#\/schema\/person\/97079b7570c1e89ec0d9e138c3672136\",\"name\":\"admin\",\"image\":{\"@type\":\"ImageObject\",\"inLanguage\":\"az\",\"@id\":\"https:\/\/www.zerdab.com\/#\/schema\/person\/image\/\",\"url\":\"https:\/\/secure.gravatar.com\/avatar\/d9c52a9a27c32119cb6679a077fa3e2779e5f822c451cbf01098004361d466ec?s=96&d=mm&r=g\",\"contentUrl\":\"https:\/\/secure.gravatar.com\/avatar\/d9c52a9a27c32119cb6679a077fa3e2779e5f822c451cbf01098004361d466ec?s=96&d=mm&r=g\",\"caption\":\"admin\"},\"url\":\"https:\/\/www.zerdab.com\/?author=1\"}]}<\/script>\n<!-- \/ Yoast SEO plugin. -->","yoast_head_json":{"title":"Z\u0259rdab\u0131n daha 2 k\u0259ndin\u0259 qaz verildi; L\u00fctv\u0259li Babayev a\u00e7\u0131l\u0131\u015f etdi - Z\u0259rdab.com","robots":{"index":"index","follow":"follow","max-snippet":"max-snippet:-1","max-image-preview":"max-image-preview:large","max-video-preview":"max-video-preview:-1"},"canonical":"https:\/\/www.zerdab.com\/?p=14636","og_locale":"az_AZ","og_type":"article","og_title":"Z\u0259rdab\u0131n daha 2 k\u0259ndin\u0259 qaz verildi; L\u00fctv\u0259li Babayev a\u00e7\u0131l\u0131\u015f etdi - Z\u0259rdab.com","og_description":"\u0130saqba\u011f\u0131 v\u0259 B\u00f6y\u00fck D\u0259kk\u0259 k\u0259ndl\u0259rin\u0259 mavi yanacaq verildi Son ill\u0259r Z\u0259rdab rayonunda 320-y\u0259 q\u0259d\u0259r sosial t\u0259yinatl\u0131 obyekt istifad\u0259y\u0259 verilib. K\u0259nd ya\u015fay\u0131\u015f m\u0259nt\u0259q\u0259l\u0259rind\u0259 infrastrukturun m\u00fcasirl\u0259\u015fdirilm\u0259si istiqam\u0259tind\u0259 konkret add\u0131mlar at\u0131l\u0131b. Z\u0259rdab Rayon \u0130cra Hakimiyy\u0259ti Ba\u015f\u00e7\u0131s\u0131n\u0131n \u0130saqba\u011f\u0131 k\u0259nd inzibati \u0259razi dair\u0259si \u00fczr\u0259 n\u00fcmay\u0259nd\u0259liyind\u0259 292 t\u0259s\u0259rr\u00fcfatda 1328 n\u0259f\u0259r \u0259hali ya\u015fay\u0131r. Rayonun dig\u0259r ya\u015fay\u0131\u015f m\u0259nt\u0259q\u0259l\u0259rind\u0259 oldu\u011fu kimi bu n\u00fcmay\u0259nd\u0259likd\u0259 d\u0259 [&hellip;]","og_url":"https:\/\/www.zerdab.com\/?p=14636","og_site_name":"Z\u0259rdab.com","article_published_time":"2014-02-18T11:19:45+00:00","article_modified_time":"2014-02-18T11:24:41+00:00","author":"admin","twitter_card":"summary_large_image","twitter_misc":{"Written by":"admin","Est. reading time":"2 minutes"},"schema":{"@context":"https:\/\/schema.org","@graph":[{"@type":"Article","@id":"https:\/\/www.zerdab.com\/?p=14636#article","isPartOf":{"@id":"https:\/\/www.zerdab.com\/?p=14636"},"author":{"name":"admin","@id":"https:\/\/www.zerdab.com\/#\/schema\/person\/97079b7570c1e89ec0d9e138c3672136"},"headline":"Z\u0259rdab\u0131n daha 2 k\u0259ndin\u0259 qaz verildi; L\u00fctv\u0259li Babayev a\u00e7\u0131l\u0131\u015f etdi","datePublished":"2014-02-18T11:19:45+00:00","dateModified":"2014-02-18T11:24:41+00:00","mainEntityOfPage":{"@id":"https:\/\/www.zerdab.com\/?p=14636"},"wordCount":500,"commentCount":4,"articleSection":["X\u018fB\u018fRL\u018fR"],"inLanguage":"az","potentialAction":[{"@type":"CommentAction","name":"Comment","target":["https:\/\/www.zerdab.com\/?p=14636#respond"]}]},{"@type":"WebPage","@id":"https:\/\/www.zerdab.com\/?p=14636","url":"https:\/\/www.zerdab.com\/?p=14636","name":"Z\u0259rdab\u0131n daha 2 k\u0259ndin\u0259 qaz verildi; L\u00fctv\u0259li Babayev a\u00e7\u0131l\u0131\u015f etdi - Z\u0259rdab.com","isPartOf":{"@id":"https:\/\/www.zerdab.com\/#website"},"datePublished":"2014-02-18T11:19:45+00:00","dateModified":"2014-02-18T11:24:41+00:00","author":{"@id":"https:\/\/www.zerdab.com\/#\/schema\/person\/97079b7570c1e89ec0d9e138c3672136"},"breadcrumb":{"@id":"https:\/\/www.zerdab.com\/?p=14636#breadcrumb"},"inLanguage":"az","potentialAction":[{"@type":"ReadAction","target":["https:\/\/www.zerdab.com\/?p=14636"]}]},{"@type":"BreadcrumbList","@id":"https:\/\/www.zerdab.com\/?p=14636#breadcrumb","itemListElement":[{"@type":"ListItem","position":1,"name":"Home","item":"https:\/\/www.zerdab.com\/"},{"@type":"ListItem","position":2,"name":"Z\u0259rdab\u0131n daha 2 k\u0259ndin\u0259 qaz verildi; L\u00fctv\u0259li Babayev a\u00e7\u0131l\u0131\u015f etdi"}]},{"@type":"WebSite","@id":"https:\/\/www.zerdab.com\/#website","url":"https:\/\/www.zerdab.com\/","name":"Z\u0259rdab.com","description":"","potentialAction":[{"@type":"SearchAction","target":{"@type":"EntryPoint","urlTemplate":"https:\/\/www.zerdab.com\/?s={search_term_string}"},"query-input":{"@type":"PropertyValueSpecification","valueRequired":true,"valueName":"search_term_string"}}],"inLanguage":"az"},{"@type":"Person","@id":"https:\/\/www.zerdab.com\/#\/schema\/person\/97079b7570c1e89ec0d9e138c3672136","name":"admin","image":{"@type":"ImageObject","inLanguage":"az","@id":"https:\/\/www.zerdab.com\/#\/schema\/person\/image\/","url":"https:\/\/secure.gravatar.com\/avatar\/d9c52a9a27c32119cb6679a077fa3e2779e5f822c451cbf01098004361d466ec?s=96&d=mm&r=g","contentUrl":"https:\/\/secure.gravatar.com\/avatar\/d9c52a9a27c32119cb6679a077fa3e2779e5f822c451cbf01098004361d466ec?s=96&d=mm&r=g","caption":"admin"},"url":"https:\/\/www.zerdab.com\/?author=1"}]}},"_links":{"self":[{"href":"https:\/\/www.zerdab.com\/index.php?rest_route=\/wp\/v2\/posts\/14636","targetHints":{"allow":["GET"]}}],"collection":[{"href":"https:\/\/www.zerdab.com\/index.php?rest_route=\/wp\/v2\/posts"}],"about":[{"href":"https:\/\/www.zerdab.com\/index.php?rest_route=\/wp\/v2\/types\/post"}],"author":[{"embeddable":true,"href":"https:\/\/www.zerdab.com\/index.php?rest_route=\/wp\/v2\/users\/1"}],"replies":[{"embeddable":true,"href":"https:\/\/www.zerdab.com\/index.php?rest_route=%2Fwp%2Fv2%2Fcomments&post=14636"}],"version-history":[{"count":4,"href":"https:\/\/www.zerdab.com\/index.php?rest_route=\/wp\/v2\/posts\/14636\/revisions"}],"predecessor-version":[{"id":14643,"href":"https:\/\/www.zerdab.com\/index.php?rest_route=\/wp\/v2\/posts\/14636\/revisions\/14643"}],"wp:attachment":[{"href":"https:\/\/www.zerdab.com\/index.php?rest_route=%2Fwp%2Fv2%2Fmedia&parent=14636"}],"wp:term":[{"taxonomy":"category","embeddable":true,"href":"https:\/\/www.zerdab.com\/index.php?rest_route=%2Fwp%2Fv2%2Fcategories&post=14636"},{"taxonomy":"post_tag","embeddable":true,"href":"https:\/\/www.zerdab.com\/index.php?rest_route=%2Fwp%2Fv2%2Ftags&post=14636"}],"curies":[{"name":"wp","href":"https:\/\/api.w.org\/{rel}","templated":true}]}}