{"id":14679,"date":"2014-02-21T14:53:14","date_gmt":"2014-02-21T10:53:14","guid":{"rendered":"http:\/\/www.zerdab.com\/?p=14679"},"modified":"2014-10-02T22:26:00","modified_gmt":"2014-10-02T17:26:00","slug":"prezidentin-diqq%c9%99t-v%c9%99-qaygisi-il%c9%99-z%c9%99rdab-rayonu-inkisaf-edir-hesabat","status":"publish","type":"post","link":"https:\/\/www.zerdab.com\/?p=14679","title":{"rendered":"Prezidentin diqq\u0259t v\u0259 qay\u011f\u0131s\u0131 il\u0259 Z\u0259rdab rayonu inki\u015faf edir &#8211; HESABAT"},"content":{"rendered":"<p style=\"text-align: justify;\" align=\"center\"><span style=\"font-size: 14px; line-height: 1.5em;\"><a href=\"http:\/\/www.zerdab.com\/wp-content\/uploads\/2014\/02\/Z\u0259rdab-rayonu.jpg\"><img loading=\"lazy\" decoding=\"async\" class=\"aligncenter size-large wp-image-14680\" alt=\"Z\u0259rdab rayonu\" src=\"http:\/\/www.zerdab.com\/wp-content\/uploads\/2014\/02\/Z\u0259rdab-rayonu-550x365.jpg\" width=\"550\" height=\"365\" \/><\/a>Z\u0259rdab Rayon Heyd\u0259r \u018fliyev M\u0259rk\u0259zind\u0259 rayon f\u0259allar\u0131n\u0131n i\u015ftirak\u0131 il\u0259 2013-c\u00fc ilin ictimai-siyasi v\u0259 sosial-iqtisadi inki\u015faf\u0131n\u0131n yekunlar\u0131 v\u0259 2014-c\u00fc ild\u0259 qar\u015f\u0131da duran v\u0259zif\u0259l\u0259r bar\u0259d\u0259 Z\u0259rdab Rayon \u0130cra Hakimiyy\u0259tinin ba\u015f\u00e7\u0131s\u0131 c\u0259nab L\u00fctv\u0259li Babayevin hesabat m\u0259ruz\u0259si dinl\u0259nilmi\u015fdir. Zerdab.com sayt\u0131na bu bar\u0259d\u0259\u00a0Z\u0259rdab Rayon \u0130cra Hakimiyy\u0259tind\u0259n m\u0259lumat verilib.<\/span><\/p>\n<p style=\"text-align: justify;\">\u00d6nc\u0259 y\u0131\u011f\u0131ncaq i\u015ftirak\u00e7\u0131lar\u0131 Ulu \u00d6nd\u0259r Heyd\u0259r \u018fliyevin abid\u0259si \u00f6n\u00fcn\u0259 g\u00fcl qoymu\u015flar. Sonra Heyd\u0259r \u018fliyev M\u0259rk\u0259zinin foyesind\u0259 2013-c\u00fc ilin sosial-iqtisadi g\u00f6st\u0259ricil\u0259rin\u0259 aid diaqramlarla, rayonda istehsal olunan k\u0259nd t\u0259s\u0259rr\u00fcfat\u0131 m\u0259hsullar\u0131ndan v\u0259 in\u015faat materiallar\u0131ndan ibar\u0259t s\u0259rgi il\u0259 tan\u0131\u015f olublar. Y\u0131\u011f\u0131ncaq i\u015ftirak\u00e7\u0131lar\u0131 2013-c\u00fc ild\u0259 rayonda g\u00f6r\u00fcl\u0259n i\u015fl\u0259rin videolentin\u0259 baxm\u0131\u015flar. Daha sonra Rayon \u0130cra Hakimiyy\u0259tinin ba\u015f\u00e7\u0131s\u0131 L\u00fctv\u0259li Babayev hesabat m\u0259ruz\u0259si il\u0259 \u00e7\u0131x\u0131\u015f etmi\u015fdir.<\/p>\n<p style=\"text-align: justify;\">Vur\u011fulanm\u0131\u015fd\u0131r ki, \u201cAz\u0259rbaycan Respublikas\u0131 regionlar\u0131n\u0131n 2009-2013-c\u00fc ill\u0259rd\u0259 sosial-iqtisadi inki\u015faf\u0131 D\u00f6vl\u0259t Proqram\u0131\u201dna uy\u011fun olaraq hesabat ilind\u0259 rayonumuzda xeyli i\u015f g\u00f6r\u00fclm\u00fc\u015f, b\u00fct\u00fcn sah\u0259l\u0259rd\u0259 sosial-iqtisadi g\u00f6st\u0259ricil\u0259r yax\u015f\u0131la\u015fm\u0131\u015f, \u0259halini narahat ed\u0259n problemli m\u0259s\u0259l\u0259l\u0259rin \u00e7oxu \u00f6z m\u00fcsb\u0259t h\u0259llini tapm\u0131\u015fd\u0131r. 2012-ci ilin 7 oktyabr\u0131nda \u00f6lk\u0259 Prezidentinin rayona s\u0259f\u0259ri, g\u00f6r\u00fcl\u0259n i\u015fl\u0259rl\u0259 tan\u0131\u015f olmas\u0131, bir s\u0131ra obyektl\u0259rin a\u00e7\u0131l\u0131\u015f\u0131nda i\u015ftirak etm\u0259si, ictimaiyy\u0259t n\u00fcmay\u0259nd\u0259l\u0259ri il\u0259 g\u00f6r\u00fc\u015fm\u0259si v\u0259 rayonun sosial-iqtisadi inki\u015faf\u0131n\u0131n daha da s\u00fcr\u0259tl\u0259ndirilm\u0259si m\u0259qs\u0259dil\u0259 \u0259lav\u0259 t\u0259dbirl\u0259r haqq\u0131nda m\u00fcvafiq s\u0259r\u0259ncam imzalamas\u0131 n\u00f6vb\u0259ti ild\u0259 z\u0259rdabl\u0131lar\u0131 daha yax\u015f\u0131 i\u015fl\u0259m\u0259y\u0259 ruhland\u0131rm\u0131\u015fd\u0131r.<\/p>\n<p style=\"text-align: justify;\">\u00d6t\u0259n il Z\u0259rdabda b\u00fct\u00fcn sah\u0259l\u0259rin y\u00fcks\u0259k s\u00fcr\u0259tl\u0259 inki\u015faf etm\u0259si, b\u00fct\u00f6vl\u00fckd\u0259 \u0259halinin sosial rifah hal\u0131n\u0131n daha da yax\u015f\u0131la\u015fd\u0131r\u0131lmas\u0131na v\u0259 makroiqtisadi g\u00f6st\u0259ricil\u0259rin art\u0131m dinamikas\u0131na \u00f6z m\u00fcsb\u0259t t\u0259sirini g\u00f6st\u0259rmi\u015fdir.<\/p>\n<p style=\"text-align: justify;\">Qeyd olunmu\u015fdur ki, d\u00f6vl\u0259timizin ba\u015f\u00e7\u0131s\u0131 c\u0259nab \u0130lham \u018fliyevin r\u0259hb\u0259rliyi, y\u00fcks\u0259k diqq\u0259t v\u0259 qay\u011f\u0131s\u0131 say\u0259sind\u0259 2013-c\u00fc ild\u0259 respublikam\u0131zda qazan\u0131lan u\u011furlar, \u0259ld\u0259 olunmu\u015f nailiyy\u0259tl\u0259r Z\u0259rdab rayonunun da ictimai-siyasi v\u0259 sosial-iqtisadi h\u0259yat\u0131nda \u00f6z\u00fcn\u00fc g\u00f6st\u0259rmi\u015fdir. \u0130l \u0259rzind\u0259 rayonda 99,9 milyon manatl\u0131q m\u0259hsul istehsal olunmu\u015fdur ki, bu da \u0259vv\u0259lki ild\u0259n 3,4 faiz \u00e7oxdur. Hesabat ilind\u0259 Rayon Polis \u015e\u00f6b\u0259si \u00fc\u00e7\u00fcn yeni inzibati bina, \u00c7all\u0131, \u0130saqba\u011f\u0131, A\u015fa\u011f\u0131 Seyidl\u0259r k\u0259ndl\u0259rind\u0259 m\u0259kt\u0259b binalar\u0131 tikilib istifad\u0259y\u0259 verilmi\u015fdir. Z\u0259rdab-\u018flv\u0259nd-Mollak\u0259nd avtomobil yolunun 0-26 km hiss\u0259sind\u0259 tikinti i\u015fl\u0259ri ba\u015fa \u00e7atd\u0131r\u0131lm\u0131\u015f, yola m\u00fcasir standartlara cavab ver\u0259n ikinci qat asfalt \u00f6rt\u00fck d\u00f6\u015f\u0259nmi\u015fdir. Az\u0259rbaycan Respublikas\u0131 Nazirl\u0259r Kabinetinin 30.12.2012-ci il tarixli 374s sayl\u0131 s\u0259r\u0259ncam\u0131na \u0259sas\u0259n Z\u0259rdab-Yuxar\u0131 Seyidl\u0259r-Sil\u0259yli avtomobil yolunun tikintisi \u00fc\u00e7\u00fcn 2-ci m\u0259rh\u0259l\u0259d\u0259 ayr\u0131lm\u0131\u015f v\u0259sait h\u0259cmind\u0259 i\u015fl\u0259r ba\u015fa \u00e7atd\u0131r\u0131lm\u0131\u015fd\u0131r. \u201cAqrolizinq\u201d A\u00e7\u0131q S\u0259hmdar C\u0259miyy\u0259tinin Z\u0259rdab aqroservis filial\u0131 \u00fc\u00e7\u00fcn inzibati bina, tax\u0131l v\u0259 g\u00fcbr\u0259 anbar\u0131, Baytarl\u0131q idar\u0259sinin binas\u0131, Suvarma Sisteml\u0259ri \u0130dar\u0259sinin h\u0259y\u0259tind\u0259 regional ofis binas\u0131, s\u00fcd m\u0259hsullar\u0131 emal\u0131 zavodu istifad\u0259y\u0259 tam haz\u0131rd\u0131r. 17 k\u0259ndd\u0259 su birlikl\u0259ri \u00fc\u00e7\u00fcn inzibati binalar tikilmi\u015fdir. B\u00fct\u00f6vl\u00fckd\u0259 2013-c\u00fc ild\u0259 rayonda 32,6 milyon manatl\u0131q tikinti-quruculuq i\u015fl\u0259ri g\u00f6r\u00fclm\u00fc\u015fd\u00fcr. Rayonda 10 ya\u015fay\u0131\u015f m\u0259nt\u0259q\u0259si qazla\u015fd\u0131r\u0131l\u0131b. Daha 8 k\u0259ndin qazla\u015fd\u0131r\u0131lmas\u0131nda son tamamlama i\u015fl\u0259ri apar\u0131l\u0131r. M\u0259rk\u0259zi x\u0259st\u0259xanan\u0131n \u0259sasl\u0131 yenid\u0259n qurulmas\u0131 davam etdirilir. Z\u0259rdab \u015f\u0259h\u0259rinin su v\u0259 kanalizasiya sisteminin yenid\u0259n qurulmas\u0131 layih\u0259sinin birinci m\u0259rh\u0259l\u0259si yekunla\u015f\u0131b. Haz\u0131rda 2233 ail\u0259 t\u0259miz i\u00e7m\u0259li su il\u0259 t\u0259min olunub. Hesabat ilind\u0259 rayonda t\u0259hsil, s\u0259hiyy\u0259, m\u0259d\u0259niyy\u0259t v\u0259 idman sah\u0259l\u0259rind\u0259 d\u0259 y\u00fcks\u0259k u\u011furlar \u0259ld\u0259 olunmu\u015fdur.<\/p>\n<p style=\"text-align: justify;\">\u00d6t\u0259n il v\u0259t\u0259nda\u015flar\u0131n \u0259riz\u0259 v\u0259 \u015fikay\u0259tl\u0259rin\u0259 bax\u0131lmas\u0131 sah\u0259sind\u0259 d\u0259 xeyli ir\u0259lil\u0259yi\u015f olmu\u015fdur. Prezident Administrasiyas\u0131n\u0131n s\u0259n\u0259dl\u0259rl\u0259 v\u0259 v\u0259t\u0259nda\u015flar\u0131n m\u00fcraci\u0259tl\u0259ri il\u0259 i\u015f \u015f\u00f6b\u0259sinin m\u00fcdiri c\u0259nab S\u00fcleyman \u0130smay\u0131lovun imzas\u0131 il\u0259 \u201cAz\u0259rbaycan\u201d q\u0259zetinin 13-14 fevral 2014-c\u00fc il tarixli n\u00f6mr\u0259l\u0259rind\u0259 d\u0259rc olunan \u201c\u00d6lk\u0259 Prezidentinin qay\u011f\u0131s\u0131ndan, davaml\u0131 inki\u015fafdan, real t\u0259r\u0259qqid\u0259n v\u0259 parlaq g\u0259l\u0259c\u0259y\u0259 inamdan qaynaqlanan v\u0259t\u0259nda\u015f m\u00fcraci\u0259tl\u0259ri\u201d s\u0259rl\u00f6vh\u0259li yaz\u0131 Rayon \u0130cra Hakimiyy\u0259tind\u0259 geni\u015f m\u00fczakir\u0259 olunmu\u015fdur. Yaz\u0131da Ulu \u00d6nd\u0259r Heyd\u0259r \u018fliyevin v\u0259 g\u00f6rk\u0259mli oftalmoloq-alim Z\u0259rif\u0259 \u018fliyevan\u0131n anadan olmas\u0131n\u0131n 90 illik yubileyl\u0259ri il\u0259 ba\u011fl\u0131 minn\u0259tdarl\u0131q m\u0259ktublar\u0131 i\u00e7\u0259risind\u0259 Z\u0259rdab rayonundan Ata\u015f Abdullayevin \u00f6lk\u0259 Prezidentin\u0259 \u00fcnvanlanm\u0131\u015f m\u0259ktubundan sitat g\u0259tirilmi\u015fdir.<\/p>\n<p style=\"text-align: justify;\">2012-ci ill\u0259 m\u00fcqayis\u0259d\u0259 2013-c\u00fc ild\u0259 59 \u015f\u0259h\u0259r v\u0259 rayonda, o c\u00fcml\u0259d\u0259n Z\u0259rdab rayonunda icra hakimiyy\u0259tl\u0259rinin f\u0259aliyy\u0259ti m\u00f6vzusunda m\u00fcraci\u0259tl\u0259r azalm\u0131\u015fd\u0131r. H\u0259m\u00e7inin 2013-c\u00fc ild\u0259 v\u0259zif\u0259li \u015f\u0259xsl\u0259rin f\u0259aliyy\u0259ti il\u0259 ba\u011fl\u0131 m\u00fcraci\u0259tl\u0259rin 21 rayonda, o c\u00fcml\u0259d\u0259n Z\u0259rdab rayonunda da azalmas\u0131 m\u00fcsb\u0259t hal kimi d\u0259y\u0259rl\u0259ndirilmi\u015fdir. Prokurorluq orqanlar\u0131n\u0131n f\u0259aliyy\u0259ti il\u0259 ba\u011fl\u0131 m\u00fcraci\u0259tl\u0259rin azald\u0131\u011f\u0131 22 rayondan birinin d\u0259 Z\u0259rdab olmas\u0131 v\u0259t\u0259nda\u015flar\u0131n m\u00fcraci\u0259tl\u0259rin\u0259 bax\u0131lmas\u0131 sah\u0259sind\u0259 i\u015fl\u0259rin yax\u015f\u0131la\u015fd\u0131r\u0131lmas\u0131n\u0131n g\u00f6st\u0259ricisidir.<\/p>\n<p style=\"text-align: justify;\">Hesabat y\u0131\u011f\u0131nca\u011f\u0131nda dig\u0259r sah\u0259l\u0259rd\u0259 g\u00f6r\u00fcl\u0259n i\u015fl\u0259r d\u0259 \u0259trafl\u0131 t\u0259hlil olunmu\u015fdur.<\/p>\n<p style=\"text-align: justify;\">Y\u0131\u011f\u0131ncaqda Suvarma Sisteml\u0259ri \u0130dar\u0259sinin r\u0259isi, \u201cT\u0259r\u0259qqi\u201d medall\u0131 Soltan Sad\u0131qov, G\u0259lm\u0259 k\u0259nd tam orta m\u0259kt\u0259bin m\u00fc\u0259llimi, \u201c\u018fm\u0259kdar m\u00fc\u0259llim\u201d, YAP Rayon T\u0259\u015fkilat\u0131 Qad\u0131nlar \u015euras\u0131n\u0131n s\u0259dri Min\u0259g\u00fcl \u018fliyeva, Rayon \u0130cra Hakimiyy\u0259ti Ba\u015f\u00e7\u0131s\u0131n\u0131n \u00c7all\u0131 k\u0259nd inzibati \u0259razi dair\u0259si \u00fczr\u0259 n\u00fcmay\u0259nd\u0259si, \u201cD\u00f6vl\u0259t qullu\u011funda f\u0259rql\u0259nm\u0259y\u0259 g\u00f6r\u0259\u201d medall\u0131 Ramiz M\u0259mm\u0259dov, B\u00f6y\u00fck D\u0259kk\u0259 k\u0259nd k\u00f6rp\u0259l\u0259r evi-u\u015faq ba\u011f\u00e7as\u0131n\u0131n m\u00fcdiri T\u0259rav\u0259t Eyvazova, Rayon M\u0259rk\u0259zi X\u0259st\u0259xanas\u0131n\u0131n ba\u015f h\u0259kimi Ruslan Nem\u0259tov v\u0259 dig\u0259rl\u0259ri \u00e7\u0131x\u0131\u015f etmi\u015fl\u0259r.<\/p>\n<p style=\"text-align: justify;\">Rayonun 2014-c\u00fc il \u00fc\u00e7\u00fcn sosial-iqtisadi inki\u015faf\u0131na dair kompleks t\u0259dbirl\u0259r plan\u0131 t\u0259sdiq olunmu\u015fdur.<\/p>\n<p style=\"text-align: justify;\">Sonra 2013-c\u00fc ild\u0259 rayonda sosial-iqtisadi v\u0259 ictimai-m\u0259d\u0259ni sah\u0259l\u0259rd\u0259 f\u0259rql\u0259n\u0259n \u015f\u0259xsl\u0259r\u0259 F\u0259xri F\u0259rmanlar t\u0259qdim olunub.<\/p>\n<p style=\"text-align: justify;\">Sonda \u00d6lk\u0259 Prezidentin\u0259 m\u00fcraci\u0259t q\u0259bul edilmi\u015fdir.<\/p>\n<p style=\"text-align: justify;\">Hesabat y\u0131\u011f\u0131nca\u011f\u0131nda Milli M\u0259clisin \u00fczv\u00fc Jal\u0259 \u018fliyeva v\u0259 Prezident Administrasiyas\u0131n\u0131n m\u0259sul i\u015f\u00e7isi D\u0259yan\u0259t Abdullayev i\u015ftirak v\u0259 \u00e7\u0131x\u0131\u015f etmi\u015fl\u0259r.<\/p>\n<p style=\"text-align: justify;\"><a href=\"http:\/\/www.zerdab.com\/wp-content\/uploads\/2014\/02\/Z\u0259rdab-rayonu1.jpg\"><img loading=\"lazy\" decoding=\"async\" class=\"aligncenter size-large wp-image-14681\" alt=\"Z\u0259rdab rayonu\" src=\"http:\/\/www.zerdab.com\/wp-content\/uploads\/2014\/02\/Z\u0259rdab-rayonu1-550x365.jpg\" width=\"550\" height=\"365\" \/><\/a><\/p>\n","protected":false},"excerpt":{"rendered":"<p>Z\u0259rdab Rayon Heyd\u0259r \u018fliyev M\u0259rk\u0259zind\u0259 rayon f\u0259allar\u0131n\u0131n i\u015ftirak\u0131 il\u0259 2013-c\u00fc ilin ictimai-siyasi v\u0259 sosial-iqtisadi inki\u015faf\u0131n\u0131n yekunlar\u0131 v\u0259 2014-c\u00fc ild\u0259 qar\u015f\u0131da duran v\u0259zif\u0259l\u0259r bar\u0259d\u0259 Z\u0259rdab Rayon \u0130cra Hakimiyy\u0259tinin ba\u015f\u00e7\u0131s\u0131 c\u0259nab L\u00fctv\u0259li Babayevin hesabat m\u0259ruz\u0259si dinl\u0259nilmi\u015fdir. Zerdab.com sayt\u0131na bu bar\u0259d\u0259\u00a0Z\u0259rdab Rayon \u0130cra Hakimiyy\u0259tind\u0259n m\u0259lumat verilib. \u00d6nc\u0259 y\u0131\u011f\u0131ncaq i\u015ftirak\u00e7\u0131lar\u0131 Ulu \u00d6nd\u0259r Heyd\u0259r \u018fliyevin abid\u0259si \u00f6n\u00fcn\u0259 g\u00fcl qoymu\u015flar. Sonra [&hellip;]<\/p>\n","protected":false},"author":1,"featured_media":0,"comment_status":"open","ping_status":"open","sticky":false,"template":"","format":"standard","meta":{"footnotes":""},"categories":[21],"tags":[],"class_list":{"0":"post-14679","1":"post","2":"type-post","3":"status-publish","4":"format-standard","6":"category-zrdab"},"yoast_head":"<!-- This site is optimized with the Yoast SEO plugin v27.0 - https:\/\/yoast.com\/product\/yoast-seo-wordpress\/ -->\n<title>Prezidentin diqq\u0259t v\u0259 qay\u011f\u0131s\u0131 il\u0259 Z\u0259rdab rayonu inki\u015faf edir - HESABAT - Z\u0259rdab.com<\/title>\n<meta name=\"robots\" content=\"index, follow, max-snippet:-1, max-image-preview:large, max-video-preview:-1\" \/>\n<link rel=\"canonical\" href=\"https:\/\/www.zerdab.com\/?p=14679\" \/>\n<meta property=\"og:locale\" content=\"az_AZ\" \/>\n<meta property=\"og:type\" content=\"article\" \/>\n<meta property=\"og:title\" content=\"Prezidentin diqq\u0259t v\u0259 qay\u011f\u0131s\u0131 il\u0259 Z\u0259rdab rayonu inki\u015faf edir - HESABAT - Z\u0259rdab.com\" \/>\n<meta property=\"og:description\" content=\"Z\u0259rdab Rayon Heyd\u0259r \u018fliyev M\u0259rk\u0259zind\u0259 rayon f\u0259allar\u0131n\u0131n i\u015ftirak\u0131 il\u0259 2013-c\u00fc ilin ictimai-siyasi v\u0259 sosial-iqtisadi inki\u015faf\u0131n\u0131n yekunlar\u0131 v\u0259 2014-c\u00fc ild\u0259 qar\u015f\u0131da duran v\u0259zif\u0259l\u0259r bar\u0259d\u0259 Z\u0259rdab Rayon \u0130cra Hakimiyy\u0259tinin ba\u015f\u00e7\u0131s\u0131 c\u0259nab L\u00fctv\u0259li Babayevin hesabat m\u0259ruz\u0259si dinl\u0259nilmi\u015fdir. Zerdab.com sayt\u0131na bu bar\u0259d\u0259\u00a0Z\u0259rdab Rayon \u0130cra Hakimiyy\u0259tind\u0259n m\u0259lumat verilib. \u00d6nc\u0259 y\u0131\u011f\u0131ncaq i\u015ftirak\u00e7\u0131lar\u0131 Ulu \u00d6nd\u0259r Heyd\u0259r \u018fliyevin abid\u0259si \u00f6n\u00fcn\u0259 g\u00fcl qoymu\u015flar. Sonra [&hellip;]\" \/>\n<meta property=\"og:url\" content=\"https:\/\/www.zerdab.com\/?p=14679\" \/>\n<meta property=\"og:site_name\" content=\"Z\u0259rdab.com\" \/>\n<meta property=\"article:published_time\" content=\"2014-02-21T10:53:14+00:00\" \/>\n<meta property=\"article:modified_time\" content=\"2014-10-02T17:26:00+00:00\" \/>\n<meta name=\"author\" content=\"admin\" \/>\n<meta name=\"twitter:card\" content=\"summary_large_image\" \/>\n<meta name=\"twitter:label1\" content=\"Written by\" \/>\n\t<meta name=\"twitter:data1\" content=\"admin\" \/>\n\t<meta name=\"twitter:label2\" content=\"Est. reading time\" \/>\n\t<meta name=\"twitter:data2\" content=\"6 minutes\" \/>\n<script type=\"application\/ld+json\" class=\"yoast-schema-graph\">{\"@context\":\"https:\/\/schema.org\",\"@graph\":[{\"@type\":\"Article\",\"@id\":\"https:\/\/www.zerdab.com\/?p=14679#article\",\"isPartOf\":{\"@id\":\"https:\/\/www.zerdab.com\/?p=14679\"},\"author\":{\"name\":\"admin\",\"@id\":\"https:\/\/www.zerdab.com\/#\/schema\/person\/97079b7570c1e89ec0d9e138c3672136\"},\"headline\":\"Prezidentin diqq\u0259t v\u0259 qay\u011f\u0131s\u0131 il\u0259 Z\u0259rdab rayonu inki\u015faf edir &#8211; HESABAT\",\"datePublished\":\"2014-02-21T10:53:14+00:00\",\"dateModified\":\"2014-10-02T17:26:00+00:00\",\"mainEntityOfPage\":{\"@id\":\"https:\/\/www.zerdab.com\/?p=14679\"},\"wordCount\":1287,\"commentCount\":13,\"articleSection\":[\"C\u018fM\u0130YY\u018fT\"],\"inLanguage\":\"az\",\"potentialAction\":[{\"@type\":\"CommentAction\",\"name\":\"Comment\",\"target\":[\"https:\/\/www.zerdab.com\/?p=14679#respond\"]}]},{\"@type\":\"WebPage\",\"@id\":\"https:\/\/www.zerdab.com\/?p=14679\",\"url\":\"https:\/\/www.zerdab.com\/?p=14679\",\"name\":\"Prezidentin diqq\u0259t v\u0259 qay\u011f\u0131s\u0131 il\u0259 Z\u0259rdab rayonu inki\u015faf edir - HESABAT - Z\u0259rdab.com\",\"isPartOf\":{\"@id\":\"https:\/\/www.zerdab.com\/#website\"},\"datePublished\":\"2014-02-21T10:53:14+00:00\",\"dateModified\":\"2014-10-02T17:26:00+00:00\",\"author\":{\"@id\":\"https:\/\/www.zerdab.com\/#\/schema\/person\/97079b7570c1e89ec0d9e138c3672136\"},\"breadcrumb\":{\"@id\":\"https:\/\/www.zerdab.com\/?p=14679#breadcrumb\"},\"inLanguage\":\"az\",\"potentialAction\":[{\"@type\":\"ReadAction\",\"target\":[\"https:\/\/www.zerdab.com\/?p=14679\"]}]},{\"@type\":\"BreadcrumbList\",\"@id\":\"https:\/\/www.zerdab.com\/?p=14679#breadcrumb\",\"itemListElement\":[{\"@type\":\"ListItem\",\"position\":1,\"name\":\"Home\",\"item\":\"https:\/\/www.zerdab.com\/\"},{\"@type\":\"ListItem\",\"position\":2,\"name\":\"Prezidentin diqq\u0259t v\u0259 qay\u011f\u0131s\u0131 il\u0259 Z\u0259rdab rayonu inki\u015faf edir &#8211; HESABAT\"}]},{\"@type\":\"WebSite\",\"@id\":\"https:\/\/www.zerdab.com\/#website\",\"url\":\"https:\/\/www.zerdab.com\/\",\"name\":\"Z\u0259rdab.com\",\"description\":\"\",\"potentialAction\":[{\"@type\":\"SearchAction\",\"target\":{\"@type\":\"EntryPoint\",\"urlTemplate\":\"https:\/\/www.zerdab.com\/?s={search_term_string}\"},\"query-input\":{\"@type\":\"PropertyValueSpecification\",\"valueRequired\":true,\"valueName\":\"search_term_string\"}}],\"inLanguage\":\"az\"},{\"@type\":\"Person\",\"@id\":\"https:\/\/www.zerdab.com\/#\/schema\/person\/97079b7570c1e89ec0d9e138c3672136\",\"name\":\"admin\",\"image\":{\"@type\":\"ImageObject\",\"inLanguage\":\"az\",\"@id\":\"https:\/\/www.zerdab.com\/#\/schema\/person\/image\/\",\"url\":\"https:\/\/secure.gravatar.com\/avatar\/d9c52a9a27c32119cb6679a077fa3e2779e5f822c451cbf01098004361d466ec?s=96&d=mm&r=g\",\"contentUrl\":\"https:\/\/secure.gravatar.com\/avatar\/d9c52a9a27c32119cb6679a077fa3e2779e5f822c451cbf01098004361d466ec?s=96&d=mm&r=g\",\"caption\":\"admin\"},\"url\":\"https:\/\/www.zerdab.com\/?author=1\"}]}<\/script>\n<!-- \/ Yoast SEO plugin. -->","yoast_head_json":{"title":"Prezidentin diqq\u0259t v\u0259 qay\u011f\u0131s\u0131 il\u0259 Z\u0259rdab rayonu inki\u015faf edir - HESABAT - Z\u0259rdab.com","robots":{"index":"index","follow":"follow","max-snippet":"max-snippet:-1","max-image-preview":"max-image-preview:large","max-video-preview":"max-video-preview:-1"},"canonical":"https:\/\/www.zerdab.com\/?p=14679","og_locale":"az_AZ","og_type":"article","og_title":"Prezidentin diqq\u0259t v\u0259 qay\u011f\u0131s\u0131 il\u0259 Z\u0259rdab rayonu inki\u015faf edir - HESABAT - Z\u0259rdab.com","og_description":"Z\u0259rdab Rayon Heyd\u0259r \u018fliyev M\u0259rk\u0259zind\u0259 rayon f\u0259allar\u0131n\u0131n i\u015ftirak\u0131 il\u0259 2013-c\u00fc ilin ictimai-siyasi v\u0259 sosial-iqtisadi inki\u015faf\u0131n\u0131n yekunlar\u0131 v\u0259 2014-c\u00fc ild\u0259 qar\u015f\u0131da duran v\u0259zif\u0259l\u0259r bar\u0259d\u0259 Z\u0259rdab Rayon \u0130cra Hakimiyy\u0259tinin ba\u015f\u00e7\u0131s\u0131 c\u0259nab L\u00fctv\u0259li Babayevin hesabat m\u0259ruz\u0259si dinl\u0259nilmi\u015fdir. Zerdab.com sayt\u0131na bu bar\u0259d\u0259\u00a0Z\u0259rdab Rayon \u0130cra Hakimiyy\u0259tind\u0259n m\u0259lumat verilib. \u00d6nc\u0259 y\u0131\u011f\u0131ncaq i\u015ftirak\u00e7\u0131lar\u0131 Ulu \u00d6nd\u0259r Heyd\u0259r \u018fliyevin abid\u0259si \u00f6n\u00fcn\u0259 g\u00fcl qoymu\u015flar. Sonra [&hellip;]","og_url":"https:\/\/www.zerdab.com\/?p=14679","og_site_name":"Z\u0259rdab.com","article_published_time":"2014-02-21T10:53:14+00:00","article_modified_time":"2014-10-02T17:26:00+00:00","author":"admin","twitter_card":"summary_large_image","twitter_misc":{"Written by":"admin","Est. reading time":"6 minutes"},"schema":{"@context":"https:\/\/schema.org","@graph":[{"@type":"Article","@id":"https:\/\/www.zerdab.com\/?p=14679#article","isPartOf":{"@id":"https:\/\/www.zerdab.com\/?p=14679"},"author":{"name":"admin","@id":"https:\/\/www.zerdab.com\/#\/schema\/person\/97079b7570c1e89ec0d9e138c3672136"},"headline":"Prezidentin diqq\u0259t v\u0259 qay\u011f\u0131s\u0131 il\u0259 Z\u0259rdab rayonu inki\u015faf edir &#8211; HESABAT","datePublished":"2014-02-21T10:53:14+00:00","dateModified":"2014-10-02T17:26:00+00:00","mainEntityOfPage":{"@id":"https:\/\/www.zerdab.com\/?p=14679"},"wordCount":1287,"commentCount":13,"articleSection":["C\u018fM\u0130YY\u018fT"],"inLanguage":"az","potentialAction":[{"@type":"CommentAction","name":"Comment","target":["https:\/\/www.zerdab.com\/?p=14679#respond"]}]},{"@type":"WebPage","@id":"https:\/\/www.zerdab.com\/?p=14679","url":"https:\/\/www.zerdab.com\/?p=14679","name":"Prezidentin diqq\u0259t v\u0259 qay\u011f\u0131s\u0131 il\u0259 Z\u0259rdab rayonu inki\u015faf edir - HESABAT - Z\u0259rdab.com","isPartOf":{"@id":"https:\/\/www.zerdab.com\/#website"},"datePublished":"2014-02-21T10:53:14+00:00","dateModified":"2014-10-02T17:26:00+00:00","author":{"@id":"https:\/\/www.zerdab.com\/#\/schema\/person\/97079b7570c1e89ec0d9e138c3672136"},"breadcrumb":{"@id":"https:\/\/www.zerdab.com\/?p=14679#breadcrumb"},"inLanguage":"az","potentialAction":[{"@type":"ReadAction","target":["https:\/\/www.zerdab.com\/?p=14679"]}]},{"@type":"BreadcrumbList","@id":"https:\/\/www.zerdab.com\/?p=14679#breadcrumb","itemListElement":[{"@type":"ListItem","position":1,"name":"Home","item":"https:\/\/www.zerdab.com\/"},{"@type":"ListItem","position":2,"name":"Prezidentin diqq\u0259t v\u0259 qay\u011f\u0131s\u0131 il\u0259 Z\u0259rdab rayonu inki\u015faf edir &#8211; HESABAT"}]},{"@type":"WebSite","@id":"https:\/\/www.zerdab.com\/#website","url":"https:\/\/www.zerdab.com\/","name":"Z\u0259rdab.com","description":"","potentialAction":[{"@type":"SearchAction","target":{"@type":"EntryPoint","urlTemplate":"https:\/\/www.zerdab.com\/?s={search_term_string}"},"query-input":{"@type":"PropertyValueSpecification","valueRequired":true,"valueName":"search_term_string"}}],"inLanguage":"az"},{"@type":"Person","@id":"https:\/\/www.zerdab.com\/#\/schema\/person\/97079b7570c1e89ec0d9e138c3672136","name":"admin","image":{"@type":"ImageObject","inLanguage":"az","@id":"https:\/\/www.zerdab.com\/#\/schema\/person\/image\/","url":"https:\/\/secure.gravatar.com\/avatar\/d9c52a9a27c32119cb6679a077fa3e2779e5f822c451cbf01098004361d466ec?s=96&d=mm&r=g","contentUrl":"https:\/\/secure.gravatar.com\/avatar\/d9c52a9a27c32119cb6679a077fa3e2779e5f822c451cbf01098004361d466ec?s=96&d=mm&r=g","caption":"admin"},"url":"https:\/\/www.zerdab.com\/?author=1"}]}},"_links":{"self":[{"href":"https:\/\/www.zerdab.com\/index.php?rest_route=\/wp\/v2\/posts\/14679","targetHints":{"allow":["GET"]}}],"collection":[{"href":"https:\/\/www.zerdab.com\/index.php?rest_route=\/wp\/v2\/posts"}],"about":[{"href":"https:\/\/www.zerdab.com\/index.php?rest_route=\/wp\/v2\/types\/post"}],"author":[{"embeddable":true,"href":"https:\/\/www.zerdab.com\/index.php?rest_route=\/wp\/v2\/users\/1"}],"replies":[{"embeddable":true,"href":"https:\/\/www.zerdab.com\/index.php?rest_route=%2Fwp%2Fv2%2Fcomments&post=14679"}],"version-history":[{"count":1,"href":"https:\/\/www.zerdab.com\/index.php?rest_route=\/wp\/v2\/posts\/14679\/revisions"}],"predecessor-version":[{"id":14682,"href":"https:\/\/www.zerdab.com\/index.php?rest_route=\/wp\/v2\/posts\/14679\/revisions\/14682"}],"wp:attachment":[{"href":"https:\/\/www.zerdab.com\/index.php?rest_route=%2Fwp%2Fv2%2Fmedia&parent=14679"}],"wp:term":[{"taxonomy":"category","embeddable":true,"href":"https:\/\/www.zerdab.com\/index.php?rest_route=%2Fwp%2Fv2%2Fcategories&post=14679"},{"taxonomy":"post_tag","embeddable":true,"href":"https:\/\/www.zerdab.com\/index.php?rest_route=%2Fwp%2Fv2%2Ftags&post=14679"}],"curies":[{"name":"wp","href":"https:\/\/api.w.org\/{rel}","templated":true}]}}