{"id":14683,"date":"2014-02-22T12:57:47","date_gmt":"2014-02-22T08:57:47","guid":{"rendered":"http:\/\/www.zerdab.com\/?p=14683"},"modified":"2014-02-22T13:00:24","modified_gmt":"2014-02-22T09:00:24","slug":"z%c9%99rdabi-t%c9%99msil-ed%c9%99n-futbol-komandasi-finala-v%c9%99siq%c9%99-qazandi","status":"publish","type":"post","link":"https:\/\/www.zerdab.com\/?p=14683","title":{"rendered":"Z\u0259rdab\u0131 t\u0259msil ed\u0259n futbol komandas\u0131 finala v\u0259siq\u0259 qazand\u0131"},"content":{"rendered":"<p><span style=\"font-size: 14px; line-height: 1.5em;\"><a href=\"http:\/\/www.zerdab.com\/wp-content\/uploads\/2014\/02\/ggg.jpg\"><img loading=\"lazy\" decoding=\"async\" class=\"aligncenter size-large wp-image-14684\" alt=\"AFFA U-11 liqas\u0131 \" src=\"http:\/\/www.zerdab.com\/wp-content\/uploads\/2014\/02\/ggg-550x412.jpg\" width=\"550\" height=\"412\" \/><\/a>Rayonumuzun futbol \u00fczr\u0259 komandas\u0131 M\u0259hsul (Z\u0259rdab) &#8211; U-11 Liqas\u0131 M\u0259rk\u0259z regionu \u00fczr\u0259 finala v\u0259siq\u0259 qazan\u0131b. Qeyd ed\u0259k ki, AFFA U-11 liqas\u0131 \u00f6t\u0259n ilin sentyabr ay\u0131ndan ke\u00e7irilir.<\/span><\/p>\n<p>Komandam\u0131z U-11 Liqas\u0131n\u0131n M\u0259rk\u0259z regionunda S\u0259hrab \u0130srafilovun r\u0259hb\u0259rliyi il\u0259 n\u00f6vb\u0259ti oyununa \u00e7\u0131x\u0131b. G\u00f6y\u00e7ay\u0131n eyni ya\u015f qrupundan ibar\u0259t komandas\u0131n\u0131 4:0 hesab\u0131 il\u0259 m\u0259\u011flub ed\u0259n komandam\u0131z \u0130mi\u015flid\u0259 ke\u00e7iril\u0259c\u0259k final m\u0259rh\u0259l\u0259sin\u0259 v\u0259siq\u0259 qazan\u0131b. \u00dcmumilikd\u0259, 6 ayd\u0131r davam ed\u0259n \u00e7empionatda 7 oyun ke\u00e7ir\u0259n komandam\u0131z 6 q\u0259l\u0259b\u0259 v\u0259 1 he\u00e7-he\u00e7\u0259 il\u0259 21 m\u00fcmk\u00fcn xaldan 19 xal toplayaraq 8 komanda aras\u0131nda 2-ci yer tutub. Komanda \u00fczvl\u0259rini ba\u015fda m\u0259\u015fq\u00e7i S\u0259hrab \u0130srafilov olmaqla t\u0259brik edirik. Qeyd ed\u0259k ki, final m\u0259rh\u0259l\u0259sini izl\u0259m\u0259k v\u0259 komandam\u0131za azarke\u015flik etm\u0259k \u00fc\u00e7\u00fcn Z\u0259rdab rayonundan bir qrup g\u0259nc \u0130mi\u015fliy\u0259 yollanma\u011f\u0131 planla\u015fd\u0131r\u0131r.<\/p>\n<p><span style=\"color: #0000ff;\"><strong>Muxtar \u018flizad\u0259<\/strong><\/span><\/p>\n","protected":false},"excerpt":{"rendered":"<p>Rayonumuzun futbol \u00fczr\u0259 komandas\u0131 M\u0259hsul (Z\u0259rdab) &#8211; U-11 Liqas\u0131 M\u0259rk\u0259z regionu \u00fczr\u0259 finala v\u0259siq\u0259 qazan\u0131b. Qeyd ed\u0259k ki, AFFA U-11 liqas\u0131 \u00f6t\u0259n ilin sentyabr ay\u0131ndan ke\u00e7irilir. Komandam\u0131z U-11 Liqas\u0131n\u0131n M\u0259rk\u0259z regionunda S\u0259hrab \u0130srafilovun r\u0259hb\u0259rliyi il\u0259 n\u00f6vb\u0259ti oyununa \u00e7\u0131x\u0131b. G\u00f6y\u00e7ay\u0131n eyni ya\u015f qrupundan ibar\u0259t komandas\u0131n\u0131 4:0 hesab\u0131 il\u0259 m\u0259\u011flub ed\u0259n komandam\u0131z \u0130mi\u015flid\u0259 ke\u00e7iril\u0259c\u0259k final m\u0259rh\u0259l\u0259sin\u0259 v\u0259siq\u0259 [&hellip;]<\/p>\n","protected":false},"author":1,"featured_media":0,"comment_status":"open","ping_status":"open","sticky":false,"template":"","format":"standard","meta":{"footnotes":""},"categories":[21],"tags":[],"class_list":{"0":"post-14683","1":"post","2":"type-post","3":"status-publish","4":"format-standard","6":"category-zrdab"},"yoast_head":"<!-- This site is optimized with the Yoast SEO plugin v27.0 - https:\/\/yoast.com\/product\/yoast-seo-wordpress\/ -->\n<title>Z\u0259rdab\u0131 t\u0259msil ed\u0259n futbol komandas\u0131 finala v\u0259siq\u0259 qazand\u0131 - Z\u0259rdab.com<\/title>\n<meta name=\"robots\" content=\"index, follow, max-snippet:-1, max-image-preview:large, max-video-preview:-1\" \/>\n<link rel=\"canonical\" href=\"https:\/\/www.zerdab.com\/?p=14683\" \/>\n<meta property=\"og:locale\" content=\"az_AZ\" \/>\n<meta property=\"og:type\" content=\"article\" \/>\n<meta property=\"og:title\" content=\"Z\u0259rdab\u0131 t\u0259msil ed\u0259n futbol komandas\u0131 finala v\u0259siq\u0259 qazand\u0131 - Z\u0259rdab.com\" \/>\n<meta property=\"og:description\" content=\"Rayonumuzun futbol \u00fczr\u0259 komandas\u0131 M\u0259hsul (Z\u0259rdab) &#8211; U-11 Liqas\u0131 M\u0259rk\u0259z regionu \u00fczr\u0259 finala v\u0259siq\u0259 qazan\u0131b. Qeyd ed\u0259k ki, AFFA U-11 liqas\u0131 \u00f6t\u0259n ilin sentyabr ay\u0131ndan ke\u00e7irilir. Komandam\u0131z U-11 Liqas\u0131n\u0131n M\u0259rk\u0259z regionunda S\u0259hrab \u0130srafilovun r\u0259hb\u0259rliyi il\u0259 n\u00f6vb\u0259ti oyununa \u00e7\u0131x\u0131b. G\u00f6y\u00e7ay\u0131n eyni ya\u015f qrupundan ibar\u0259t komandas\u0131n\u0131 4:0 hesab\u0131 il\u0259 m\u0259\u011flub ed\u0259n komandam\u0131z \u0130mi\u015flid\u0259 ke\u00e7iril\u0259c\u0259k final m\u0259rh\u0259l\u0259sin\u0259 v\u0259siq\u0259 [&hellip;]\" \/>\n<meta property=\"og:url\" content=\"https:\/\/www.zerdab.com\/?p=14683\" \/>\n<meta property=\"og:site_name\" content=\"Z\u0259rdab.com\" \/>\n<meta property=\"article:published_time\" content=\"2014-02-22T08:57:47+00:00\" \/>\n<meta property=\"article:modified_time\" content=\"2014-02-22T09:00:24+00:00\" \/>\n<meta property=\"og:image\" content=\"http:\/\/www.zerdab.com\/wp-content\/uploads\/2014\/02\/ggg-550x412.jpg\" \/>\n<meta name=\"author\" content=\"admin\" \/>\n<meta name=\"twitter:card\" content=\"summary_large_image\" \/>\n<meta name=\"twitter:label1\" content=\"Written by\" \/>\n\t<meta name=\"twitter:data1\" content=\"admin\" \/>\n\t<meta name=\"twitter:label2\" content=\"Est. reading time\" \/>\n\t<meta name=\"twitter:data2\" content=\"1 minute\" \/>\n<script type=\"application\/ld+json\" class=\"yoast-schema-graph\">{\"@context\":\"https:\/\/schema.org\",\"@graph\":[{\"@type\":\"Article\",\"@id\":\"https:\/\/www.zerdab.com\/?p=14683#article\",\"isPartOf\":{\"@id\":\"https:\/\/www.zerdab.com\/?p=14683\"},\"author\":{\"name\":\"admin\",\"@id\":\"https:\/\/www.zerdab.com\/#\/schema\/person\/97079b7570c1e89ec0d9e138c3672136\"},\"headline\":\"Z\u0259rdab\u0131 t\u0259msil ed\u0259n futbol komandas\u0131 finala v\u0259siq\u0259 qazand\u0131\",\"datePublished\":\"2014-02-22T08:57:47+00:00\",\"dateModified\":\"2014-02-22T09:00:24+00:00\",\"mainEntityOfPage\":{\"@id\":\"https:\/\/www.zerdab.com\/?p=14683\"},\"wordCount\":188,\"commentCount\":1,\"image\":{\"@id\":\"https:\/\/www.zerdab.com\/?p=14683#primaryimage\"},\"thumbnailUrl\":\"http:\/\/www.zerdab.com\/wp-content\/uploads\/2014\/02\/ggg-550x412.jpg\",\"articleSection\":[\"C\u018fM\u0130YY\u018fT\"],\"inLanguage\":\"az\",\"potentialAction\":[{\"@type\":\"CommentAction\",\"name\":\"Comment\",\"target\":[\"https:\/\/www.zerdab.com\/?p=14683#respond\"]}]},{\"@type\":\"WebPage\",\"@id\":\"https:\/\/www.zerdab.com\/?p=14683\",\"url\":\"https:\/\/www.zerdab.com\/?p=14683\",\"name\":\"Z\u0259rdab\u0131 t\u0259msil ed\u0259n futbol komandas\u0131 finala v\u0259siq\u0259 qazand\u0131 - Z\u0259rdab.com\",\"isPartOf\":{\"@id\":\"https:\/\/www.zerdab.com\/#website\"},\"primaryImageOfPage\":{\"@id\":\"https:\/\/www.zerdab.com\/?p=14683#primaryimage\"},\"image\":{\"@id\":\"https:\/\/www.zerdab.com\/?p=14683#primaryimage\"},\"thumbnailUrl\":\"http:\/\/www.zerdab.com\/wp-content\/uploads\/2014\/02\/ggg-550x412.jpg\",\"datePublished\":\"2014-02-22T08:57:47+00:00\",\"dateModified\":\"2014-02-22T09:00:24+00:00\",\"author\":{\"@id\":\"https:\/\/www.zerdab.com\/#\/schema\/person\/97079b7570c1e89ec0d9e138c3672136\"},\"breadcrumb\":{\"@id\":\"https:\/\/www.zerdab.com\/?p=14683#breadcrumb\"},\"inLanguage\":\"az\",\"potentialAction\":[{\"@type\":\"ReadAction\",\"target\":[\"https:\/\/www.zerdab.com\/?p=14683\"]}]},{\"@type\":\"ImageObject\",\"inLanguage\":\"az\",\"@id\":\"https:\/\/www.zerdab.com\/?p=14683#primaryimage\",\"url\":\"\",\"contentUrl\":\"\"},{\"@type\":\"BreadcrumbList\",\"@id\":\"https:\/\/www.zerdab.com\/?p=14683#breadcrumb\",\"itemListElement\":[{\"@type\":\"ListItem\",\"position\":1,\"name\":\"Home\",\"item\":\"https:\/\/www.zerdab.com\/\"},{\"@type\":\"ListItem\",\"position\":2,\"name\":\"Z\u0259rdab\u0131 t\u0259msil ed\u0259n futbol komandas\u0131 finala v\u0259siq\u0259 qazand\u0131\"}]},{\"@type\":\"WebSite\",\"@id\":\"https:\/\/www.zerdab.com\/#website\",\"url\":\"https:\/\/www.zerdab.com\/\",\"name\":\"Z\u0259rdab.com\",\"description\":\"\",\"potentialAction\":[{\"@type\":\"SearchAction\",\"target\":{\"@type\":\"EntryPoint\",\"urlTemplate\":\"https:\/\/www.zerdab.com\/?s={search_term_string}\"},\"query-input\":{\"@type\":\"PropertyValueSpecification\",\"valueRequired\":true,\"valueName\":\"search_term_string\"}}],\"inLanguage\":\"az\"},{\"@type\":\"Person\",\"@id\":\"https:\/\/www.zerdab.com\/#\/schema\/person\/97079b7570c1e89ec0d9e138c3672136\",\"name\":\"admin\",\"image\":{\"@type\":\"ImageObject\",\"inLanguage\":\"az\",\"@id\":\"https:\/\/www.zerdab.com\/#\/schema\/person\/image\/\",\"url\":\"https:\/\/secure.gravatar.com\/avatar\/d9c52a9a27c32119cb6679a077fa3e2779e5f822c451cbf01098004361d466ec?s=96&d=mm&r=g\",\"contentUrl\":\"https:\/\/secure.gravatar.com\/avatar\/d9c52a9a27c32119cb6679a077fa3e2779e5f822c451cbf01098004361d466ec?s=96&d=mm&r=g\",\"caption\":\"admin\"},\"url\":\"https:\/\/www.zerdab.com\/?author=1\"}]}<\/script>\n<!-- \/ Yoast SEO plugin. -->","yoast_head_json":{"title":"Z\u0259rdab\u0131 t\u0259msil ed\u0259n futbol komandas\u0131 finala v\u0259siq\u0259 qazand\u0131 - Z\u0259rdab.com","robots":{"index":"index","follow":"follow","max-snippet":"max-snippet:-1","max-image-preview":"max-image-preview:large","max-video-preview":"max-video-preview:-1"},"canonical":"https:\/\/www.zerdab.com\/?p=14683","og_locale":"az_AZ","og_type":"article","og_title":"Z\u0259rdab\u0131 t\u0259msil ed\u0259n futbol komandas\u0131 finala v\u0259siq\u0259 qazand\u0131 - Z\u0259rdab.com","og_description":"Rayonumuzun futbol \u00fczr\u0259 komandas\u0131 M\u0259hsul (Z\u0259rdab) &#8211; U-11 Liqas\u0131 M\u0259rk\u0259z regionu \u00fczr\u0259 finala v\u0259siq\u0259 qazan\u0131b. Qeyd ed\u0259k ki, AFFA U-11 liqas\u0131 \u00f6t\u0259n ilin sentyabr ay\u0131ndan ke\u00e7irilir. Komandam\u0131z U-11 Liqas\u0131n\u0131n M\u0259rk\u0259z regionunda S\u0259hrab \u0130srafilovun r\u0259hb\u0259rliyi il\u0259 n\u00f6vb\u0259ti oyununa \u00e7\u0131x\u0131b. G\u00f6y\u00e7ay\u0131n eyni ya\u015f qrupundan ibar\u0259t komandas\u0131n\u0131 4:0 hesab\u0131 il\u0259 m\u0259\u011flub ed\u0259n komandam\u0131z \u0130mi\u015flid\u0259 ke\u00e7iril\u0259c\u0259k final m\u0259rh\u0259l\u0259sin\u0259 v\u0259siq\u0259 [&hellip;]","og_url":"https:\/\/www.zerdab.com\/?p=14683","og_site_name":"Z\u0259rdab.com","article_published_time":"2014-02-22T08:57:47+00:00","article_modified_time":"2014-02-22T09:00:24+00:00","og_image":[{"url":"http:\/\/www.zerdab.com\/wp-content\/uploads\/2014\/02\/ggg-550x412.jpg","type":"","width":"","height":""}],"author":"admin","twitter_card":"summary_large_image","twitter_misc":{"Written by":"admin","Est. reading time":"1 minute"},"schema":{"@context":"https:\/\/schema.org","@graph":[{"@type":"Article","@id":"https:\/\/www.zerdab.com\/?p=14683#article","isPartOf":{"@id":"https:\/\/www.zerdab.com\/?p=14683"},"author":{"name":"admin","@id":"https:\/\/www.zerdab.com\/#\/schema\/person\/97079b7570c1e89ec0d9e138c3672136"},"headline":"Z\u0259rdab\u0131 t\u0259msil ed\u0259n futbol komandas\u0131 finala v\u0259siq\u0259 qazand\u0131","datePublished":"2014-02-22T08:57:47+00:00","dateModified":"2014-02-22T09:00:24+00:00","mainEntityOfPage":{"@id":"https:\/\/www.zerdab.com\/?p=14683"},"wordCount":188,"commentCount":1,"image":{"@id":"https:\/\/www.zerdab.com\/?p=14683#primaryimage"},"thumbnailUrl":"http:\/\/www.zerdab.com\/wp-content\/uploads\/2014\/02\/ggg-550x412.jpg","articleSection":["C\u018fM\u0130YY\u018fT"],"inLanguage":"az","potentialAction":[{"@type":"CommentAction","name":"Comment","target":["https:\/\/www.zerdab.com\/?p=14683#respond"]}]},{"@type":"WebPage","@id":"https:\/\/www.zerdab.com\/?p=14683","url":"https:\/\/www.zerdab.com\/?p=14683","name":"Z\u0259rdab\u0131 t\u0259msil ed\u0259n futbol komandas\u0131 finala v\u0259siq\u0259 qazand\u0131 - Z\u0259rdab.com","isPartOf":{"@id":"https:\/\/www.zerdab.com\/#website"},"primaryImageOfPage":{"@id":"https:\/\/www.zerdab.com\/?p=14683#primaryimage"},"image":{"@id":"https:\/\/www.zerdab.com\/?p=14683#primaryimage"},"thumbnailUrl":"http:\/\/www.zerdab.com\/wp-content\/uploads\/2014\/02\/ggg-550x412.jpg","datePublished":"2014-02-22T08:57:47+00:00","dateModified":"2014-02-22T09:00:24+00:00","author":{"@id":"https:\/\/www.zerdab.com\/#\/schema\/person\/97079b7570c1e89ec0d9e138c3672136"},"breadcrumb":{"@id":"https:\/\/www.zerdab.com\/?p=14683#breadcrumb"},"inLanguage":"az","potentialAction":[{"@type":"ReadAction","target":["https:\/\/www.zerdab.com\/?p=14683"]}]},{"@type":"ImageObject","inLanguage":"az","@id":"https:\/\/www.zerdab.com\/?p=14683#primaryimage","url":"","contentUrl":""},{"@type":"BreadcrumbList","@id":"https:\/\/www.zerdab.com\/?p=14683#breadcrumb","itemListElement":[{"@type":"ListItem","position":1,"name":"Home","item":"https:\/\/www.zerdab.com\/"},{"@type":"ListItem","position":2,"name":"Z\u0259rdab\u0131 t\u0259msil ed\u0259n futbol komandas\u0131 finala v\u0259siq\u0259 qazand\u0131"}]},{"@type":"WebSite","@id":"https:\/\/www.zerdab.com\/#website","url":"https:\/\/www.zerdab.com\/","name":"Z\u0259rdab.com","description":"","potentialAction":[{"@type":"SearchAction","target":{"@type":"EntryPoint","urlTemplate":"https:\/\/www.zerdab.com\/?s={search_term_string}"},"query-input":{"@type":"PropertyValueSpecification","valueRequired":true,"valueName":"search_term_string"}}],"inLanguage":"az"},{"@type":"Person","@id":"https:\/\/www.zerdab.com\/#\/schema\/person\/97079b7570c1e89ec0d9e138c3672136","name":"admin","image":{"@type":"ImageObject","inLanguage":"az","@id":"https:\/\/www.zerdab.com\/#\/schema\/person\/image\/","url":"https:\/\/secure.gravatar.com\/avatar\/d9c52a9a27c32119cb6679a077fa3e2779e5f822c451cbf01098004361d466ec?s=96&d=mm&r=g","contentUrl":"https:\/\/secure.gravatar.com\/avatar\/d9c52a9a27c32119cb6679a077fa3e2779e5f822c451cbf01098004361d466ec?s=96&d=mm&r=g","caption":"admin"},"url":"https:\/\/www.zerdab.com\/?author=1"}]}},"_links":{"self":[{"href":"https:\/\/www.zerdab.com\/index.php?rest_route=\/wp\/v2\/posts\/14683","targetHints":{"allow":["GET"]}}],"collection":[{"href":"https:\/\/www.zerdab.com\/index.php?rest_route=\/wp\/v2\/posts"}],"about":[{"href":"https:\/\/www.zerdab.com\/index.php?rest_route=\/wp\/v2\/types\/post"}],"author":[{"embeddable":true,"href":"https:\/\/www.zerdab.com\/index.php?rest_route=\/wp\/v2\/users\/1"}],"replies":[{"embeddable":true,"href":"https:\/\/www.zerdab.com\/index.php?rest_route=%2Fwp%2Fv2%2Fcomments&post=14683"}],"version-history":[{"count":3,"href":"https:\/\/www.zerdab.com\/index.php?rest_route=\/wp\/v2\/posts\/14683\/revisions"}],"predecessor-version":[{"id":14687,"href":"https:\/\/www.zerdab.com\/index.php?rest_route=\/wp\/v2\/posts\/14683\/revisions\/14687"}],"wp:attachment":[{"href":"https:\/\/www.zerdab.com\/index.php?rest_route=%2Fwp%2Fv2%2Fmedia&parent=14683"}],"wp:term":[{"taxonomy":"category","embeddable":true,"href":"https:\/\/www.zerdab.com\/index.php?rest_route=%2Fwp%2Fv2%2Fcategories&post=14683"},{"taxonomy":"post_tag","embeddable":true,"href":"https:\/\/www.zerdab.com\/index.php?rest_route=%2Fwp%2Fv2%2Ftags&post=14683"}],"curies":[{"name":"wp","href":"https:\/\/api.w.org\/{rel}","templated":true}]}}