{"id":14740,"date":"2014-02-24T18:36:53","date_gmt":"2014-02-24T14:36:53","guid":{"rendered":"http:\/\/www.zerdab.com\/?p=14740"},"modified":"2014-02-24T18:36:53","modified_gmt":"2014-02-24T14:36:53","slug":"g%c9%99lm%c9%99-k%c9%99ndind%c9%99-xocali-faci%c9%99sinin-qurbanlari-yad-edildi","status":"publish","type":"post","link":"https:\/\/www.zerdab.com\/?p=14740","title":{"rendered":"G\u0259lm\u0259 k\u0259ndind\u0259 Xocal\u0131 faci\u0259sinin qurbanlar\u0131 yad edildi"},"content":{"rendered":"<p style=\"text-align: justify;\" align=\"center\"><span style=\"font-size: 14px; line-height: 1.5em;\"><a href=\"http:\/\/www.zerdab.com\/wp-content\/uploads\/2014\/02\/gelme-kendi1.jpg\"><img loading=\"lazy\" decoding=\"async\" class=\"aligncenter size-large wp-image-14742\" alt=\"G\u0259lm\u0259 k\u0259ndi\" src=\"http:\/\/www.zerdab.com\/wp-content\/uploads\/2014\/02\/gelme-kendi1-519x550.jpg\" width=\"519\" height=\"550\" \/><\/a>G\u0259lm\u0259 k\u0259ndind\u0259 k\u0259nd m\u0259d\u0259niyy\u0259t evinin, kitabxana filial\u0131n\u0131n v\u0259 k\u0259nd tam orta m\u0259kt\u0259binin birg\u0259 t\u0259\u015fkilat\u00e7\u0131l\u0131\u011f\u0131 il\u0259 Xocal\u0131 soyq\u0131r\u0131m\u0131n\u0131n 22-ci ild\u00f6n\u00fcm\u00fcn\u0259\u00a0 h\u0259sr olunmu\u015f \u201cS\u0259h\u0259ri olmayan gec\u0259\u201d adl\u0131 \u0259d\u0259bi-b\u0259dii kompozisiya ke\u00e7irilmi\u015fdir.\u00a0<\/span>T\u0259dbird\u0259 Xocal\u0131 faci\u0259si qurbanlar\u0131n\u0131n v\u0259 Az\u0259rbaycan\u0131n azadl\u0131\u011f\u0131, m\u00fcst\u0259qilliyi\u00a0 u\u011frunda canlar\u0131ndan ke\u00e7mi\u015f b\u00fct\u00fcn \u015f\u0259hidl\u0259rimizin ruhu bir d\u0259qiq\u0259lik s\u00fckutla yad edilmi\u015fdir.\u00a0T\u0259dbird\u0259 \u00e7\u0131x\u0131\u015f ed\u0259nl\u0259r Xocal\u0131 faci\u0259si haqq\u0131nda i\u015ftirak\u00e7\u0131lar\u0131 m\u0259lumatland\u0131rm\u0131\u015f, bu faci\u0259nin qurbanlar\u0131n\u0131n t\u0259kc\u0259 respublikam\u0131zda deyil, onun h\u00fcdudlar\u0131ndan k\u0259narda da yad edildiyini vur\u011fulam\u0131\u015flar.\u00a0Sonda G\u0259lm\u0259 k\u0259nd tam orta m\u0259kt\u0259binin \u015fagirdl\u0259rinin haz\u0131rlad\u0131\u011f\u0131 b\u0259dii kompozisiya n\u00fcmayi\u015f etdirilmi\u015fdir.<\/p>\n<p style=\"text-align: justify;\"><span style=\"color: #0000ff;\">\u00a0<b>Z\u0259rdab Rayon \u0130cra Hakimiyy\u0259ti<\/b><\/span><\/p>\n","protected":false},"excerpt":{"rendered":"<p>G\u0259lm\u0259 k\u0259ndind\u0259 k\u0259nd m\u0259d\u0259niyy\u0259t evinin, kitabxana filial\u0131n\u0131n v\u0259 k\u0259nd tam orta m\u0259kt\u0259binin birg\u0259 t\u0259\u015fkilat\u00e7\u0131l\u0131\u011f\u0131 il\u0259 Xocal\u0131 soyq\u0131r\u0131m\u0131n\u0131n 22-ci ild\u00f6n\u00fcm\u00fcn\u0259\u00a0 h\u0259sr olunmu\u015f \u201cS\u0259h\u0259ri olmayan gec\u0259\u201d adl\u0131 \u0259d\u0259bi-b\u0259dii kompozisiya ke\u00e7irilmi\u015fdir.\u00a0T\u0259dbird\u0259 Xocal\u0131 faci\u0259si qurbanlar\u0131n\u0131n v\u0259 Az\u0259rbaycan\u0131n azadl\u0131\u011f\u0131, m\u00fcst\u0259qilliyi\u00a0 u\u011frunda canlar\u0131ndan ke\u00e7mi\u015f b\u00fct\u00fcn \u015f\u0259hidl\u0259rimizin ruhu bir d\u0259qiq\u0259lik s\u00fckutla yad edilmi\u015fdir.\u00a0T\u0259dbird\u0259 \u00e7\u0131x\u0131\u015f ed\u0259nl\u0259r Xocal\u0131 faci\u0259si haqq\u0131nda i\u015ftirak\u00e7\u0131lar\u0131 m\u0259lumatland\u0131rm\u0131\u015f, bu faci\u0259nin [&hellip;]<\/p>\n","protected":false},"author":1,"featured_media":0,"comment_status":"open","ping_status":"open","sticky":false,"template":"","format":"standard","meta":{"footnotes":""},"categories":[5],"tags":[],"class_list":{"0":"post-14740","1":"post","2":"type-post","3":"status-publish","4":"format-standard","6":"category-knd"},"yoast_head":"<!-- This site is optimized with the Yoast SEO plugin v27.0 - https:\/\/yoast.com\/product\/yoast-seo-wordpress\/ -->\n<title>G\u0259lm\u0259 k\u0259ndind\u0259 Xocal\u0131 faci\u0259sinin qurbanlar\u0131 yad edildi - Z\u0259rdab.com<\/title>\n<meta name=\"robots\" content=\"index, follow, max-snippet:-1, max-image-preview:large, max-video-preview:-1\" \/>\n<link rel=\"canonical\" href=\"https:\/\/www.zerdab.com\/?p=14740\" \/>\n<meta property=\"og:locale\" content=\"az_AZ\" \/>\n<meta property=\"og:type\" content=\"article\" \/>\n<meta property=\"og:title\" content=\"G\u0259lm\u0259 k\u0259ndind\u0259 Xocal\u0131 faci\u0259sinin qurbanlar\u0131 yad edildi - Z\u0259rdab.com\" \/>\n<meta property=\"og:description\" content=\"G\u0259lm\u0259 k\u0259ndind\u0259 k\u0259nd m\u0259d\u0259niyy\u0259t evinin, kitabxana filial\u0131n\u0131n v\u0259 k\u0259nd tam orta m\u0259kt\u0259binin birg\u0259 t\u0259\u015fkilat\u00e7\u0131l\u0131\u011f\u0131 il\u0259 Xocal\u0131 soyq\u0131r\u0131m\u0131n\u0131n 22-ci ild\u00f6n\u00fcm\u00fcn\u0259\u00a0 h\u0259sr olunmu\u015f \u201cS\u0259h\u0259ri olmayan gec\u0259\u201d adl\u0131 \u0259d\u0259bi-b\u0259dii kompozisiya ke\u00e7irilmi\u015fdir.\u00a0T\u0259dbird\u0259 Xocal\u0131 faci\u0259si qurbanlar\u0131n\u0131n v\u0259 Az\u0259rbaycan\u0131n azadl\u0131\u011f\u0131, m\u00fcst\u0259qilliyi\u00a0 u\u011frunda canlar\u0131ndan ke\u00e7mi\u015f b\u00fct\u00fcn \u015f\u0259hidl\u0259rimizin ruhu bir d\u0259qiq\u0259lik s\u00fckutla yad edilmi\u015fdir.\u00a0T\u0259dbird\u0259 \u00e7\u0131x\u0131\u015f ed\u0259nl\u0259r Xocal\u0131 faci\u0259si haqq\u0131nda i\u015ftirak\u00e7\u0131lar\u0131 m\u0259lumatland\u0131rm\u0131\u015f, bu faci\u0259nin [&hellip;]\" \/>\n<meta property=\"og:url\" content=\"https:\/\/www.zerdab.com\/?p=14740\" \/>\n<meta property=\"og:site_name\" content=\"Z\u0259rdab.com\" \/>\n<meta property=\"article:published_time\" content=\"2014-02-24T14:36:53+00:00\" \/>\n<meta property=\"og:image\" content=\"http:\/\/www.zerdab.com\/wp-content\/uploads\/2014\/02\/gelme-kendi1-519x550.jpg\" \/>\n<meta name=\"author\" content=\"admin\" \/>\n<meta name=\"twitter:card\" content=\"summary_large_image\" \/>\n<meta name=\"twitter:label1\" content=\"Written by\" \/>\n\t<meta name=\"twitter:data1\" content=\"admin\" \/>\n\t<meta name=\"twitter:label2\" content=\"Est. reading time\" \/>\n\t<meta name=\"twitter:data2\" content=\"1 minute\" \/>\n<script type=\"application\/ld+json\" class=\"yoast-schema-graph\">{\"@context\":\"https:\/\/schema.org\",\"@graph\":[{\"@type\":\"Article\",\"@id\":\"https:\/\/www.zerdab.com\/?p=14740#article\",\"isPartOf\":{\"@id\":\"https:\/\/www.zerdab.com\/?p=14740\"},\"author\":{\"name\":\"admin\",\"@id\":\"https:\/\/www.zerdab.com\/#\/schema\/person\/97079b7570c1e89ec0d9e138c3672136\"},\"headline\":\"G\u0259lm\u0259 k\u0259ndind\u0259 Xocal\u0131 faci\u0259sinin qurbanlar\u0131 yad edildi\",\"datePublished\":\"2014-02-24T14:36:53+00:00\",\"mainEntityOfPage\":{\"@id\":\"https:\/\/www.zerdab.com\/?p=14740\"},\"wordCount\":169,\"commentCount\":2,\"image\":{\"@id\":\"https:\/\/www.zerdab.com\/?p=14740#primaryimage\"},\"thumbnailUrl\":\"http:\/\/www.zerdab.com\/wp-content\/uploads\/2014\/02\/gelme-kendi1-519x550.jpg\",\"articleSection\":[\"X\u018fB\u018fRL\u018fR\"],\"inLanguage\":\"az\",\"potentialAction\":[{\"@type\":\"CommentAction\",\"name\":\"Comment\",\"target\":[\"https:\/\/www.zerdab.com\/?p=14740#respond\"]}]},{\"@type\":\"WebPage\",\"@id\":\"https:\/\/www.zerdab.com\/?p=14740\",\"url\":\"https:\/\/www.zerdab.com\/?p=14740\",\"name\":\"G\u0259lm\u0259 k\u0259ndind\u0259 Xocal\u0131 faci\u0259sinin qurbanlar\u0131 yad edildi - Z\u0259rdab.com\",\"isPartOf\":{\"@id\":\"https:\/\/www.zerdab.com\/#website\"},\"primaryImageOfPage\":{\"@id\":\"https:\/\/www.zerdab.com\/?p=14740#primaryimage\"},\"image\":{\"@id\":\"https:\/\/www.zerdab.com\/?p=14740#primaryimage\"},\"thumbnailUrl\":\"http:\/\/www.zerdab.com\/wp-content\/uploads\/2014\/02\/gelme-kendi1-519x550.jpg\",\"datePublished\":\"2014-02-24T14:36:53+00:00\",\"author\":{\"@id\":\"https:\/\/www.zerdab.com\/#\/schema\/person\/97079b7570c1e89ec0d9e138c3672136\"},\"breadcrumb\":{\"@id\":\"https:\/\/www.zerdab.com\/?p=14740#breadcrumb\"},\"inLanguage\":\"az\",\"potentialAction\":[{\"@type\":\"ReadAction\",\"target\":[\"https:\/\/www.zerdab.com\/?p=14740\"]}]},{\"@type\":\"ImageObject\",\"inLanguage\":\"az\",\"@id\":\"https:\/\/www.zerdab.com\/?p=14740#primaryimage\",\"url\":\"\",\"contentUrl\":\"\"},{\"@type\":\"BreadcrumbList\",\"@id\":\"https:\/\/www.zerdab.com\/?p=14740#breadcrumb\",\"itemListElement\":[{\"@type\":\"ListItem\",\"position\":1,\"name\":\"Home\",\"item\":\"https:\/\/www.zerdab.com\/\"},{\"@type\":\"ListItem\",\"position\":2,\"name\":\"G\u0259lm\u0259 k\u0259ndind\u0259 Xocal\u0131 faci\u0259sinin qurbanlar\u0131 yad edildi\"}]},{\"@type\":\"WebSite\",\"@id\":\"https:\/\/www.zerdab.com\/#website\",\"url\":\"https:\/\/www.zerdab.com\/\",\"name\":\"Z\u0259rdab.com\",\"description\":\"\",\"potentialAction\":[{\"@type\":\"SearchAction\",\"target\":{\"@type\":\"EntryPoint\",\"urlTemplate\":\"https:\/\/www.zerdab.com\/?s={search_term_string}\"},\"query-input\":{\"@type\":\"PropertyValueSpecification\",\"valueRequired\":true,\"valueName\":\"search_term_string\"}}],\"inLanguage\":\"az\"},{\"@type\":\"Person\",\"@id\":\"https:\/\/www.zerdab.com\/#\/schema\/person\/97079b7570c1e89ec0d9e138c3672136\",\"name\":\"admin\",\"image\":{\"@type\":\"ImageObject\",\"inLanguage\":\"az\",\"@id\":\"https:\/\/www.zerdab.com\/#\/schema\/person\/image\/\",\"url\":\"https:\/\/secure.gravatar.com\/avatar\/d9c52a9a27c32119cb6679a077fa3e2779e5f822c451cbf01098004361d466ec?s=96&d=mm&r=g\",\"contentUrl\":\"https:\/\/secure.gravatar.com\/avatar\/d9c52a9a27c32119cb6679a077fa3e2779e5f822c451cbf01098004361d466ec?s=96&d=mm&r=g\",\"caption\":\"admin\"},\"url\":\"https:\/\/www.zerdab.com\/?author=1\"}]}<\/script>\n<!-- \/ Yoast SEO plugin. -->","yoast_head_json":{"title":"G\u0259lm\u0259 k\u0259ndind\u0259 Xocal\u0131 faci\u0259sinin qurbanlar\u0131 yad edildi - Z\u0259rdab.com","robots":{"index":"index","follow":"follow","max-snippet":"max-snippet:-1","max-image-preview":"max-image-preview:large","max-video-preview":"max-video-preview:-1"},"canonical":"https:\/\/www.zerdab.com\/?p=14740","og_locale":"az_AZ","og_type":"article","og_title":"G\u0259lm\u0259 k\u0259ndind\u0259 Xocal\u0131 faci\u0259sinin qurbanlar\u0131 yad edildi - Z\u0259rdab.com","og_description":"G\u0259lm\u0259 k\u0259ndind\u0259 k\u0259nd m\u0259d\u0259niyy\u0259t evinin, kitabxana filial\u0131n\u0131n v\u0259 k\u0259nd tam orta m\u0259kt\u0259binin birg\u0259 t\u0259\u015fkilat\u00e7\u0131l\u0131\u011f\u0131 il\u0259 Xocal\u0131 soyq\u0131r\u0131m\u0131n\u0131n 22-ci ild\u00f6n\u00fcm\u00fcn\u0259\u00a0 h\u0259sr olunmu\u015f \u201cS\u0259h\u0259ri olmayan gec\u0259\u201d adl\u0131 \u0259d\u0259bi-b\u0259dii kompozisiya ke\u00e7irilmi\u015fdir.\u00a0T\u0259dbird\u0259 Xocal\u0131 faci\u0259si qurbanlar\u0131n\u0131n v\u0259 Az\u0259rbaycan\u0131n azadl\u0131\u011f\u0131, m\u00fcst\u0259qilliyi\u00a0 u\u011frunda canlar\u0131ndan ke\u00e7mi\u015f b\u00fct\u00fcn \u015f\u0259hidl\u0259rimizin ruhu bir d\u0259qiq\u0259lik s\u00fckutla yad edilmi\u015fdir.\u00a0T\u0259dbird\u0259 \u00e7\u0131x\u0131\u015f ed\u0259nl\u0259r Xocal\u0131 faci\u0259si haqq\u0131nda i\u015ftirak\u00e7\u0131lar\u0131 m\u0259lumatland\u0131rm\u0131\u015f, bu faci\u0259nin [&hellip;]","og_url":"https:\/\/www.zerdab.com\/?p=14740","og_site_name":"Z\u0259rdab.com","article_published_time":"2014-02-24T14:36:53+00:00","og_image":[{"url":"http:\/\/www.zerdab.com\/wp-content\/uploads\/2014\/02\/gelme-kendi1-519x550.jpg","type":"","width":"","height":""}],"author":"admin","twitter_card":"summary_large_image","twitter_misc":{"Written by":"admin","Est. reading time":"1 minute"},"schema":{"@context":"https:\/\/schema.org","@graph":[{"@type":"Article","@id":"https:\/\/www.zerdab.com\/?p=14740#article","isPartOf":{"@id":"https:\/\/www.zerdab.com\/?p=14740"},"author":{"name":"admin","@id":"https:\/\/www.zerdab.com\/#\/schema\/person\/97079b7570c1e89ec0d9e138c3672136"},"headline":"G\u0259lm\u0259 k\u0259ndind\u0259 Xocal\u0131 faci\u0259sinin qurbanlar\u0131 yad edildi","datePublished":"2014-02-24T14:36:53+00:00","mainEntityOfPage":{"@id":"https:\/\/www.zerdab.com\/?p=14740"},"wordCount":169,"commentCount":2,"image":{"@id":"https:\/\/www.zerdab.com\/?p=14740#primaryimage"},"thumbnailUrl":"http:\/\/www.zerdab.com\/wp-content\/uploads\/2014\/02\/gelme-kendi1-519x550.jpg","articleSection":["X\u018fB\u018fRL\u018fR"],"inLanguage":"az","potentialAction":[{"@type":"CommentAction","name":"Comment","target":["https:\/\/www.zerdab.com\/?p=14740#respond"]}]},{"@type":"WebPage","@id":"https:\/\/www.zerdab.com\/?p=14740","url":"https:\/\/www.zerdab.com\/?p=14740","name":"G\u0259lm\u0259 k\u0259ndind\u0259 Xocal\u0131 faci\u0259sinin qurbanlar\u0131 yad edildi - Z\u0259rdab.com","isPartOf":{"@id":"https:\/\/www.zerdab.com\/#website"},"primaryImageOfPage":{"@id":"https:\/\/www.zerdab.com\/?p=14740#primaryimage"},"image":{"@id":"https:\/\/www.zerdab.com\/?p=14740#primaryimage"},"thumbnailUrl":"http:\/\/www.zerdab.com\/wp-content\/uploads\/2014\/02\/gelme-kendi1-519x550.jpg","datePublished":"2014-02-24T14:36:53+00:00","author":{"@id":"https:\/\/www.zerdab.com\/#\/schema\/person\/97079b7570c1e89ec0d9e138c3672136"},"breadcrumb":{"@id":"https:\/\/www.zerdab.com\/?p=14740#breadcrumb"},"inLanguage":"az","potentialAction":[{"@type":"ReadAction","target":["https:\/\/www.zerdab.com\/?p=14740"]}]},{"@type":"ImageObject","inLanguage":"az","@id":"https:\/\/www.zerdab.com\/?p=14740#primaryimage","url":"","contentUrl":""},{"@type":"BreadcrumbList","@id":"https:\/\/www.zerdab.com\/?p=14740#breadcrumb","itemListElement":[{"@type":"ListItem","position":1,"name":"Home","item":"https:\/\/www.zerdab.com\/"},{"@type":"ListItem","position":2,"name":"G\u0259lm\u0259 k\u0259ndind\u0259 Xocal\u0131 faci\u0259sinin qurbanlar\u0131 yad edildi"}]},{"@type":"WebSite","@id":"https:\/\/www.zerdab.com\/#website","url":"https:\/\/www.zerdab.com\/","name":"Z\u0259rdab.com","description":"","potentialAction":[{"@type":"SearchAction","target":{"@type":"EntryPoint","urlTemplate":"https:\/\/www.zerdab.com\/?s={search_term_string}"},"query-input":{"@type":"PropertyValueSpecification","valueRequired":true,"valueName":"search_term_string"}}],"inLanguage":"az"},{"@type":"Person","@id":"https:\/\/www.zerdab.com\/#\/schema\/person\/97079b7570c1e89ec0d9e138c3672136","name":"admin","image":{"@type":"ImageObject","inLanguage":"az","@id":"https:\/\/www.zerdab.com\/#\/schema\/person\/image\/","url":"https:\/\/secure.gravatar.com\/avatar\/d9c52a9a27c32119cb6679a077fa3e2779e5f822c451cbf01098004361d466ec?s=96&d=mm&r=g","contentUrl":"https:\/\/secure.gravatar.com\/avatar\/d9c52a9a27c32119cb6679a077fa3e2779e5f822c451cbf01098004361d466ec?s=96&d=mm&r=g","caption":"admin"},"url":"https:\/\/www.zerdab.com\/?author=1"}]}},"_links":{"self":[{"href":"https:\/\/www.zerdab.com\/index.php?rest_route=\/wp\/v2\/posts\/14740","targetHints":{"allow":["GET"]}}],"collection":[{"href":"https:\/\/www.zerdab.com\/index.php?rest_route=\/wp\/v2\/posts"}],"about":[{"href":"https:\/\/www.zerdab.com\/index.php?rest_route=\/wp\/v2\/types\/post"}],"author":[{"embeddable":true,"href":"https:\/\/www.zerdab.com\/index.php?rest_route=\/wp\/v2\/users\/1"}],"replies":[{"embeddable":true,"href":"https:\/\/www.zerdab.com\/index.php?rest_route=%2Fwp%2Fv2%2Fcomments&post=14740"}],"version-history":[{"count":1,"href":"https:\/\/www.zerdab.com\/index.php?rest_route=\/wp\/v2\/posts\/14740\/revisions"}],"predecessor-version":[{"id":14744,"href":"https:\/\/www.zerdab.com\/index.php?rest_route=\/wp\/v2\/posts\/14740\/revisions\/14744"}],"wp:attachment":[{"href":"https:\/\/www.zerdab.com\/index.php?rest_route=%2Fwp%2Fv2%2Fmedia&parent=14740"}],"wp:term":[{"taxonomy":"category","embeddable":true,"href":"https:\/\/www.zerdab.com\/index.php?rest_route=%2Fwp%2Fv2%2Fcategories&post=14740"},{"taxonomy":"post_tag","embeddable":true,"href":"https:\/\/www.zerdab.com\/index.php?rest_route=%2Fwp%2Fv2%2Ftags&post=14740"}],"curies":[{"name":"wp","href":"https:\/\/api.w.org\/{rel}","templated":true}]}}