{"id":14777,"date":"2014-02-26T15:59:06","date_gmt":"2014-02-26T11:59:06","guid":{"rendered":"http:\/\/www.zerdab.com\/?p=14777"},"modified":"2014-02-26T15:59:06","modified_gmt":"2014-02-26T11:59:06","slug":"z%c9%99rdabda-xocali-soyqirimi-yad-edildi-fotolar","status":"publish","type":"post","link":"https:\/\/www.zerdab.com\/?p=14777","title":{"rendered":"Z\u018fRDABDA XOCALI SOYQIRIMI YAD ED\u0130LD\u0130 &#8211; FOTOLAR"},"content":{"rendered":"<p><span style=\"font-size: 14px; line-height: 1.5em;\"><a href=\"http:\/\/www.zerdab.com\/wp-content\/uploads\/2014\/02\/Xocal\u0131-Zerdab1.jpg\"><img loading=\"lazy\" decoding=\"async\" class=\"aligncenter size-large wp-image-14779\" alt=\"Xocal\u0131-Zerdab1\" src=\"http:\/\/www.zerdab.com\/wp-content\/uploads\/2014\/02\/Xocal\u0131-Zerdab1-550x365.jpg\" width=\"550\" height=\"365\" \/><\/a>Xocal\u0131 soyq\u0131r\u0131m\u0131n\u0131n 22-ci ild\u00f6n\u00fcm\u00fc il\u0259 \u0259laq\u0259dar Z\u0259rdab rayonunda silsil\u0259 t\u0259dbirl\u0259r ke\u00e7irilmi\u015fdir. Bu m\u00fcnasib\u0259tl\u0259 26 fevral 2014-c\u00fc il tarixd\u0259 rayonun \u0259m\u0259k kollektivl\u0259rinin n\u00fcmay\u0259nd\u0259l\u0259ri, f\u0259allar, veteranlar, a\u011fsaqqal v\u0259 ziyal\u0131lar, yuxar\u0131 sinif \u015fagirdl\u0259ri \u015e\u0259hidl\u0259r\u0259 Xatir\u0259 park\u0131n\u0131 ziyar\u0259t etmi\u015fl\u0259r. Rayon r\u0259hb\u0259rliyi Xocal\u0131 soyq\u0131r\u0131m\u0131na h\u0259sr olunmu\u015f r\u0259sml\u0259r\u0259 v\u0259 divar q\u0259zetl\u0259rin\u0259 bax\u0131\u015f ke\u00e7irmi\u015f, park\u0131 ziyar\u0259t ed\u0259r\u0259k Az\u0259rbaycanl\u0131lar\u0131n soyq\u0131r\u0131m\u0131 qurbanlar\u0131n\u0131n xatir\u0259sin\u0259 ucald\u0131lm\u0131\u015f abid\u0259 kompleksinin \u00f6n\u00fcn\u0259 g\u00fcl d\u0259st\u0259l\u0259ri qoymu\u015flar.<\/span><\/p>\n<p>Xocal\u0131 faci\u0259sinin 22-ci ild\u00f6n\u00fcm\u00fc il\u0259 ba\u011fl\u0131 an\u0131m m\u0259rasiminin r\u0259smi hiss\u0259sind\u0259 Rayon \u0130cra Hakimiyy\u0259tinin ba\u015f\u00e7\u0131s\u0131 c\u0259nab L\u00fctv\u0259li Babayev geni\u015f nitq s\u00f6yl\u0259mi\u015fdir. Qeyd etmi\u015fdir ki, h\u0259min g\u00fcn Xocal\u0131da ba\u015f ver\u0259nl\u0259r Az\u0259rbaycan xalq\u0131n\u0131n yadda\u015f\u0131ndan he\u00e7 vaxt silinm\u0259y\u0259c\u0259kdir. \u00c7\u00fcnki h\u0259min vaxt b\u00fct\u00f6v Az\u0259rbaycan xalq\u0131na qar\u015f\u0131 soyq\u0131r\u0131m\u0131 akt\u0131 h\u0259yata ke\u00e7irilmi\u015f, b\u0259\u015f\u0259riyy\u0259tin \u0259n b\u00f6y\u00fck faci\u0259l\u0259rind\u0259n biri t\u00f6r\u0259dilmi\u015fdir. Xocal\u0131 faci\u0259sind\u0259n sonra bu qanl\u0131 olay\u0131n miqyas\u0131n\u0131 xalqdan gizl\u0259tm\u0259y\u0259 \u00e7al\u0131\u015fan o vaxtk\u0131 respublika r\u0259hb\u0259rliyi 26 fevralda ba\u015f ver\u0259n erm\u0259ni v\u0259h\u015filiyinin d\u00fcnya ictimaiyy\u0259tin\u0259 \u00e7atd\u0131r\u0131lmas\u0131 sah\u0259sind\u0259 ciddi bir i\u015f g\u00f6rm\u0259di. Lakin sonrak\u0131 ill\u0259rd\u0259 informasiya blokadas\u0131n\u0131 yar\u0131b Xocal\u0131da ba\u015f ver\u0259n qanl\u0131 hadis\u0259l\u0259ri d\u00fcnya ictimaiyy\u0259tin\u0259 \u00e7atd\u0131rma\u011fa nail olan xalq\u0131m\u0131z, o d\u0259h\u015f\u0259tli gec\u0259d\u0259 h\u0259lak olan \u00f6vladlar\u0131n\u0131n xatir\u0259sini \u0259ziz tutma\u011f\u0131, sa\u011f qalanlar\u0131n d\u0259rdin\u0259 \u015f\u0259rik olma\u011f\u0131 da bacard\u0131. Yaln\u0131z \u00dcmummilli liderimiz, dahi \u015f\u0259xsiyy\u0259t Heyd\u0259r \u018fliyevin 1993-c\u00fc ild\u0259 xalq\u0131n t\u0259kidi, t\u0259l\u0259bi v\u0259 xahi\u015fi il\u0259 ikinci d\u0259f\u0259 hakimiyy\u0259t\u0259 qay\u0131d\u0131\u015f\u0131ndan sonra Az\u0259rbaycan h\u0259qiq\u0259tl\u0259rinin d\u00fcnyaya \u00e7atd\u0131r\u0131lmas\u0131 istiqam\u0259tind\u0259 z\u0259ruri t\u0259dbirl\u0259rin ham\u0131s\u0131 h\u0259yata ke\u00e7iril\u0259r\u0259k soyq\u0131r\u0131mla ba\u011fl\u0131 geni\u015f m\u00fczakir\u0259l\u0259r apar\u0131ld\u0131. 1994-c\u00fc ild\u0259 Ulu \u00d6nd\u0259rimizin t\u0259\u015f\u0259bb\u00fcs\u00fc v\u0259 t\u00f6vsiy\u0259si il\u0259 Milli M\u0259clis Xocal\u0131 soyq\u0131r\u0131m\u0131na siyasi qiym\u0259t verdi. Fevral\u0131n 26-s\u0131n\u0131n Az\u0259rbaycanda milli mat\u0259m g\u00fcn\u00fc kimi qeyd olunmas\u0131 q\u0259rara al\u0131nd\u0131. 1997-ci ild\u0259n bu g\u00fcn\u0259d\u0259k h\u0259r il fevral\u0131n 26-da saat 17-d\u0259 \u00f6lk\u0259 \u0259razisind\u0259 soyq\u0131r\u0131m\u0131 \u015f\u0259hidl\u0259rinin xatir\u0259si bir d\u0259qiq\u0259lik s\u00fckutla yad edilir. Respublikam\u0131z\u0131n ayr\u0131-ayr\u0131 b\u00f6lg\u0259l\u0259rind\u0259 Xocal\u0131 faci\u0259sinin \u015f\u0259hidl\u0259rinin xatir\u0259si \u0259b\u0259dil\u0259\u015fdirilmi\u015f, abid\u0259l\u0259r ucald\u0131lm\u0131\u015fd\u0131r.<\/p>\n<p>\u0130cra ba\u015f\u00e7\u0131s\u0131 bildirmi\u015fdir ki, haz\u0131rda d\u00fcnyan\u0131n 10 \u00f6lk\u0259si &#8211; Pakistan, Meksika, Kolumbiya, \u00c7exiya, Rum\u0131niya, Serbiya, Bosniya v\u0259 Herseqovina, Peru, Panama v\u0259 Honduras \u00f6lk\u0259l\u0259ri Xocal\u0131 soyq\u0131r\u0131m\u0131n\u0131 tan\u0131m\u0131\u015flar. Xocal\u0131 faci\u0259sinin beyn\u0259lxalq al\u0259md\u0259 tan\u0131d\u0131lmas\u0131, erm\u0259ni v\u0259h\u015filikl\u0259rinin d\u00fcnya ictimaiyy\u0259tin\u0259 \u00e7atd\u0131r\u0131lmas\u0131 istiqam\u0259tind\u0259\u00a0 Az\u0259rbaycan\u0131n birinci xan\u0131m\u0131, Heyd\u0259r \u018fliyev Fondunun prezidenti, mill\u0259t v\u0259kili, YUNESKO-nun v\u0259 \u0130SESKO-nun xo\u015fm\u0259raml\u0131 s\u0259firi Mehriban xan\u0131m \u018fliyevan\u0131n xidm\u0259tl\u0259ri d\u0259 dan\u0131lmazd\u0131r. Heyd\u0259r \u018fliyev Fondunun vitse-prezidenti Leyla xan\u0131m \u018fliyeva da ne\u00e7\u0259 ill\u0259rdir ki, &#8220;Xocal\u0131ya \u0259dal\u0259t&#8221; beyn\u0259lxalq kampaniyas\u0131 \u00e7\u0259r\u00e7iv\u0259sind\u0259 bu qanl\u0131 faci\u0259 il\u0259 ba\u011fl\u0131 d\u00fcnya g\u0259ncl\u0259ri aras\u0131nda geni\u015f t\u0259bli\u011fat v\u0259 maarifl\u0259ndirm\u0259 i\u015fi apar\u0131r v\u0259 bu i\u015fl\u0259r bu g\u00fcn d\u0259 u\u011furla davam etdirilir.<\/p>\n<p>Natiq vur\u011fulam\u0131\u015fd\u0131r ki, Ulu \u00f6nd\u0259rimiz Heyd\u0259r \u018fliyevin h\u0259r bir sah\u0259d\u0259 qalib g\u0259lm\u0259y\u0259 qadir olan siyasi kursunu u\u011furla davam v\u0259 inki\u015faf etdir\u0259n m\u00f6ht\u0259r\u0259m Prezidentimiz, Silahl\u0131 Q\u00fcvv\u0259l\u0259rimizin Ali Ba\u015f Komandan\u0131 c\u0259nab \u0130lham \u018fliyevin i\u015f\u011fala m\u0259ruz qalan torpaqlar\u0131m\u0131z\u0131n d\u00fc\u015fm\u0259n tapda\u011f\u0131ndan azad edilm\u0259si namin\u0259 apard\u0131\u011f\u0131 ard\u0131c\u0131l siyas\u0259tin s\u0259m\u0259r\u0259li oldu\u011funa bu g\u00fcn ham\u0131m\u0131z inan\u0131r\u0131q. M\u00f6ht\u0259r\u0259m Prezidentimiz haz\u0131rda Erm\u0259nistan-Az\u0259rbaycan, Da\u011fl\u0131q Qaraba\u011f m\u00fcnaqi\u015f\u0259sinin beyn\u0259lxalq h\u00fcquq normalar\u0131na uy\u011fun h\u0259lli, \u00f6lk\u0259mizin \u0259razi b\u00fct\u00f6vl\u00fcy\u00fcn\u00fcn b\u0259rpas\u0131, qa\u00e7q\u0131n v\u0259 m\u0259cburi k\u00f6\u00e7k\u00fcnl\u0259rin do\u011fma yurdlar\u0131na qaytar\u0131lmas\u0131 istiqam\u0259tind\u0259 q\u0259tiyy\u0259tli f\u0259aliyy\u0259t g\u00f6st\u0259rir.<\/p>\n<p>Sonra Xocal\u0131 faci\u0259sin\u0259 h\u0259sr olunmu\u015f \u0259d\u0259bi-b\u0259dii kompozisiya n\u00fcmayi\u015f olunmu\u015fdur. Daha sonra rayonun \u0259m\u0259k kollektivl\u0259ri v\u0259 ictimaiyy\u0259t n\u00fcmay\u0259nd\u0259l\u0259ri t\u0259r\u0259find\u0259n Az\u0259rbaycanl\u0131lar\u0131n soyq\u0131r\u0131m\u0131 qurbanlar\u0131n\u0131n xatir\u0259sin\u0259 ucald\u0131lm\u0131\u015f abid\u0259 kompleksinin \u00f6n\u00fcn\u0259 g\u00fcl-\u00e7i\u00e7\u0259k d\u0259st\u0259l\u0259ri qoyulmu\u015fdur.<\/p>\n<p>Rayonun b\u00fct\u00fcn m\u0259scidl\u0259rind\u0259 Xocal\u0131 soyq\u0131r\u0131m\u0131 qurbanlar\u0131n\u0131n xatir\u0259sin\u0259 dini m\u0259rasiml\u0259r ke\u00e7irilmi\u015f, dualar oxunmu\u015fdur.<\/p>\n<p><span style=\"color: #0000ff;\"><strong>Z\u0259rdab Rayon \u0130cra Hakimiyy\u0259ti<a href=\"http:\/\/www.zerdab.com\/wp-content\/uploads\/2014\/02\/Xocal\u0131-Zerdab1.jpg\"><img loading=\"lazy\" decoding=\"async\" class=\"aligncenter size-large wp-image-14779\" alt=\"Xocal\u0131-Zerdab1\" src=\"http:\/\/www.zerdab.com\/wp-content\/uploads\/2014\/02\/Xocal\u0131-Zerdab1-550x365.jpg\" width=\"550\" height=\"365\" \/><\/a><a href=\"http:\/\/www.zerdab.com\/wp-content\/uploads\/2014\/02\/Xocal\u0131-Zerdab3.jpg\"><img loading=\"lazy\" decoding=\"async\" class=\"aligncenter size-large wp-image-14781\" alt=\"Xocal\u0131-Zerdab3\" src=\"http:\/\/www.zerdab.com\/wp-content\/uploads\/2014\/02\/Xocal\u0131-Zerdab3-550x365.jpg\" width=\"550\" height=\"365\" \/><\/a><a href=\"http:\/\/www.zerdab.com\/wp-content\/uploads\/2014\/02\/Xocal\u0131-Zerdab5.jpg\"><img loading=\"lazy\" decoding=\"async\" class=\"aligncenter size-large wp-image-14783\" alt=\"Xocal\u0131-Zerdab5\" src=\"http:\/\/www.zerdab.com\/wp-content\/uploads\/2014\/02\/Xocal\u0131-Zerdab5-550x365.jpg\" width=\"550\" height=\"365\" \/><\/a><a href=\"http:\/\/www.zerdab.com\/wp-content\/uploads\/2014\/02\/Xocal\u0131-Zerdab..jpg\"><img loading=\"lazy\" decoding=\"async\" class=\"aligncenter size-large wp-image-14778\" alt=\"Xocal\u0131-Zerdab\" src=\"http:\/\/www.zerdab.com\/wp-content\/uploads\/2014\/02\/Xocal\u0131-Zerdab.-550x365.jpg\" width=\"550\" height=\"365\" \/><\/a><a href=\"http:\/\/www.zerdab.com\/wp-content\/uploads\/2014\/02\/Z\u0259rdab.jpg\"><img loading=\"lazy\" decoding=\"async\" class=\"aligncenter size-large wp-image-14784\" alt=\"Z\u0259rdab\" src=\"http:\/\/www.zerdab.com\/wp-content\/uploads\/2014\/02\/Z\u0259rdab-550x365.jpg\" width=\"550\" height=\"365\" \/><\/a><a href=\"http:\/\/www.zerdab.com\/wp-content\/uploads\/2014\/02\/Xocal\u0131-Zerdab4.jpg\"><img loading=\"lazy\" decoding=\"async\" class=\"aligncenter size-large wp-image-14782\" alt=\"Xocal\u0131-Zerdab4\" src=\"http:\/\/www.zerdab.com\/wp-content\/uploads\/2014\/02\/Xocal\u0131-Zerdab4-550x365.jpg\" width=\"550\" height=\"365\" \/><\/a><br \/>\n<\/strong><\/span><\/p>\n","protected":false},"excerpt":{"rendered":"<p>Xocal\u0131 soyq\u0131r\u0131m\u0131n\u0131n 22-ci ild\u00f6n\u00fcm\u00fc il\u0259 \u0259laq\u0259dar Z\u0259rdab rayonunda silsil\u0259 t\u0259dbirl\u0259r ke\u00e7irilmi\u015fdir. Bu m\u00fcnasib\u0259tl\u0259 26 fevral 2014-c\u00fc il tarixd\u0259 rayonun \u0259m\u0259k kollektivl\u0259rinin n\u00fcmay\u0259nd\u0259l\u0259ri, f\u0259allar, veteranlar, a\u011fsaqqal v\u0259 ziyal\u0131lar, yuxar\u0131 sinif \u015fagirdl\u0259ri \u015e\u0259hidl\u0259r\u0259 Xatir\u0259 park\u0131n\u0131 ziyar\u0259t etmi\u015fl\u0259r. Rayon r\u0259hb\u0259rliyi Xocal\u0131 soyq\u0131r\u0131m\u0131na h\u0259sr olunmu\u015f r\u0259sml\u0259r\u0259 v\u0259 divar q\u0259zetl\u0259rin\u0259 bax\u0131\u015f ke\u00e7irmi\u015f, park\u0131 ziyar\u0259t ed\u0259r\u0259k Az\u0259rbaycanl\u0131lar\u0131n soyq\u0131r\u0131m\u0131 qurbanlar\u0131n\u0131n xatir\u0259sin\u0259 ucald\u0131lm\u0131\u015f [&hellip;]<\/p>\n","protected":false},"author":1,"featured_media":0,"comment_status":"open","ping_status":"open","sticky":false,"template":"","format":"standard","meta":{"footnotes":""},"categories":[5],"tags":[],"class_list":{"0":"post-14777","1":"post","2":"type-post","3":"status-publish","4":"format-standard","6":"category-knd"},"yoast_head":"<!-- This site is optimized with the Yoast SEO plugin v27.0 - https:\/\/yoast.com\/product\/yoast-seo-wordpress\/ -->\n<title>Z\u018fRDABDA XOCALI SOYQIRIMI YAD ED\u0130LD\u0130 - FOTOLAR - Z\u0259rdab.com<\/title>\n<meta name=\"robots\" content=\"index, follow, max-snippet:-1, max-image-preview:large, max-video-preview:-1\" \/>\n<link rel=\"canonical\" href=\"https:\/\/www.zerdab.com\/?p=14777\" \/>\n<meta property=\"og:locale\" content=\"az_AZ\" \/>\n<meta property=\"og:type\" content=\"article\" \/>\n<meta property=\"og:title\" content=\"Z\u018fRDABDA XOCALI SOYQIRIMI YAD ED\u0130LD\u0130 - FOTOLAR - Z\u0259rdab.com\" \/>\n<meta property=\"og:description\" content=\"Xocal\u0131 soyq\u0131r\u0131m\u0131n\u0131n 22-ci ild\u00f6n\u00fcm\u00fc il\u0259 \u0259laq\u0259dar Z\u0259rdab rayonunda silsil\u0259 t\u0259dbirl\u0259r ke\u00e7irilmi\u015fdir. Bu m\u00fcnasib\u0259tl\u0259 26 fevral 2014-c\u00fc il tarixd\u0259 rayonun \u0259m\u0259k kollektivl\u0259rinin n\u00fcmay\u0259nd\u0259l\u0259ri, f\u0259allar, veteranlar, a\u011fsaqqal v\u0259 ziyal\u0131lar, yuxar\u0131 sinif \u015fagirdl\u0259ri \u015e\u0259hidl\u0259r\u0259 Xatir\u0259 park\u0131n\u0131 ziyar\u0259t etmi\u015fl\u0259r. Rayon r\u0259hb\u0259rliyi Xocal\u0131 soyq\u0131r\u0131m\u0131na h\u0259sr olunmu\u015f r\u0259sml\u0259r\u0259 v\u0259 divar q\u0259zetl\u0259rin\u0259 bax\u0131\u015f ke\u00e7irmi\u015f, park\u0131 ziyar\u0259t ed\u0259r\u0259k Az\u0259rbaycanl\u0131lar\u0131n soyq\u0131r\u0131m\u0131 qurbanlar\u0131n\u0131n xatir\u0259sin\u0259 ucald\u0131lm\u0131\u015f [&hellip;]\" \/>\n<meta property=\"og:url\" content=\"https:\/\/www.zerdab.com\/?p=14777\" \/>\n<meta property=\"og:site_name\" content=\"Z\u0259rdab.com\" \/>\n<meta property=\"article:published_time\" content=\"2014-02-26T11:59:06+00:00\" \/>\n<meta name=\"author\" content=\"admin\" \/>\n<meta name=\"twitter:card\" content=\"summary_large_image\" \/>\n<meta name=\"twitter:label1\" content=\"Written by\" \/>\n\t<meta name=\"twitter:data1\" content=\"admin\" \/>\n\t<meta name=\"twitter:label2\" content=\"Est. reading time\" \/>\n\t<meta name=\"twitter:data2\" content=\"4 minutes\" \/>\n<script type=\"application\/ld+json\" class=\"yoast-schema-graph\">{\"@context\":\"https:\/\/schema.org\",\"@graph\":[{\"@type\":\"Article\",\"@id\":\"https:\/\/www.zerdab.com\/?p=14777#article\",\"isPartOf\":{\"@id\":\"https:\/\/www.zerdab.com\/?p=14777\"},\"author\":{\"name\":\"admin\",\"@id\":\"https:\/\/www.zerdab.com\/#\/schema\/person\/97079b7570c1e89ec0d9e138c3672136\"},\"headline\":\"Z\u018fRDABDA XOCALI SOYQIRIMI YAD ED\u0130LD\u0130 &#8211; FOTOLAR\",\"datePublished\":\"2014-02-26T11:59:06+00:00\",\"mainEntityOfPage\":{\"@id\":\"https:\/\/www.zerdab.com\/?p=14777\"},\"wordCount\":908,\"commentCount\":1,\"articleSection\":[\"X\u018fB\u018fRL\u018fR\"],\"inLanguage\":\"az\",\"potentialAction\":[{\"@type\":\"CommentAction\",\"name\":\"Comment\",\"target\":[\"https:\/\/www.zerdab.com\/?p=14777#respond\"]}]},{\"@type\":\"WebPage\",\"@id\":\"https:\/\/www.zerdab.com\/?p=14777\",\"url\":\"https:\/\/www.zerdab.com\/?p=14777\",\"name\":\"Z\u018fRDABDA XOCALI SOYQIRIMI YAD ED\u0130LD\u0130 - FOTOLAR - Z\u0259rdab.com\",\"isPartOf\":{\"@id\":\"https:\/\/www.zerdab.com\/#website\"},\"datePublished\":\"2014-02-26T11:59:06+00:00\",\"author\":{\"@id\":\"https:\/\/www.zerdab.com\/#\/schema\/person\/97079b7570c1e89ec0d9e138c3672136\"},\"breadcrumb\":{\"@id\":\"https:\/\/www.zerdab.com\/?p=14777#breadcrumb\"},\"inLanguage\":\"az\",\"potentialAction\":[{\"@type\":\"ReadAction\",\"target\":[\"https:\/\/www.zerdab.com\/?p=14777\"]}]},{\"@type\":\"BreadcrumbList\",\"@id\":\"https:\/\/www.zerdab.com\/?p=14777#breadcrumb\",\"itemListElement\":[{\"@type\":\"ListItem\",\"position\":1,\"name\":\"Home\",\"item\":\"https:\/\/www.zerdab.com\/\"},{\"@type\":\"ListItem\",\"position\":2,\"name\":\"Z\u018fRDABDA XOCALI SOYQIRIMI YAD ED\u0130LD\u0130 &#8211; FOTOLAR\"}]},{\"@type\":\"WebSite\",\"@id\":\"https:\/\/www.zerdab.com\/#website\",\"url\":\"https:\/\/www.zerdab.com\/\",\"name\":\"Z\u0259rdab.com\",\"description\":\"\",\"potentialAction\":[{\"@type\":\"SearchAction\",\"target\":{\"@type\":\"EntryPoint\",\"urlTemplate\":\"https:\/\/www.zerdab.com\/?s={search_term_string}\"},\"query-input\":{\"@type\":\"PropertyValueSpecification\",\"valueRequired\":true,\"valueName\":\"search_term_string\"}}],\"inLanguage\":\"az\"},{\"@type\":\"Person\",\"@id\":\"https:\/\/www.zerdab.com\/#\/schema\/person\/97079b7570c1e89ec0d9e138c3672136\",\"name\":\"admin\",\"image\":{\"@type\":\"ImageObject\",\"inLanguage\":\"az\",\"@id\":\"https:\/\/www.zerdab.com\/#\/schema\/person\/image\/\",\"url\":\"https:\/\/secure.gravatar.com\/avatar\/d9c52a9a27c32119cb6679a077fa3e2779e5f822c451cbf01098004361d466ec?s=96&d=mm&r=g\",\"contentUrl\":\"https:\/\/secure.gravatar.com\/avatar\/d9c52a9a27c32119cb6679a077fa3e2779e5f822c451cbf01098004361d466ec?s=96&d=mm&r=g\",\"caption\":\"admin\"},\"url\":\"https:\/\/www.zerdab.com\/?author=1\"}]}<\/script>\n<!-- \/ Yoast SEO plugin. -->","yoast_head_json":{"title":"Z\u018fRDABDA XOCALI SOYQIRIMI YAD ED\u0130LD\u0130 - FOTOLAR - Z\u0259rdab.com","robots":{"index":"index","follow":"follow","max-snippet":"max-snippet:-1","max-image-preview":"max-image-preview:large","max-video-preview":"max-video-preview:-1"},"canonical":"https:\/\/www.zerdab.com\/?p=14777","og_locale":"az_AZ","og_type":"article","og_title":"Z\u018fRDABDA XOCALI SOYQIRIMI YAD ED\u0130LD\u0130 - FOTOLAR - Z\u0259rdab.com","og_description":"Xocal\u0131 soyq\u0131r\u0131m\u0131n\u0131n 22-ci ild\u00f6n\u00fcm\u00fc il\u0259 \u0259laq\u0259dar Z\u0259rdab rayonunda silsil\u0259 t\u0259dbirl\u0259r ke\u00e7irilmi\u015fdir. Bu m\u00fcnasib\u0259tl\u0259 26 fevral 2014-c\u00fc il tarixd\u0259 rayonun \u0259m\u0259k kollektivl\u0259rinin n\u00fcmay\u0259nd\u0259l\u0259ri, f\u0259allar, veteranlar, a\u011fsaqqal v\u0259 ziyal\u0131lar, yuxar\u0131 sinif \u015fagirdl\u0259ri \u015e\u0259hidl\u0259r\u0259 Xatir\u0259 park\u0131n\u0131 ziyar\u0259t etmi\u015fl\u0259r. Rayon r\u0259hb\u0259rliyi Xocal\u0131 soyq\u0131r\u0131m\u0131na h\u0259sr olunmu\u015f r\u0259sml\u0259r\u0259 v\u0259 divar q\u0259zetl\u0259rin\u0259 bax\u0131\u015f ke\u00e7irmi\u015f, park\u0131 ziyar\u0259t ed\u0259r\u0259k Az\u0259rbaycanl\u0131lar\u0131n soyq\u0131r\u0131m\u0131 qurbanlar\u0131n\u0131n xatir\u0259sin\u0259 ucald\u0131lm\u0131\u015f [&hellip;]","og_url":"https:\/\/www.zerdab.com\/?p=14777","og_site_name":"Z\u0259rdab.com","article_published_time":"2014-02-26T11:59:06+00:00","author":"admin","twitter_card":"summary_large_image","twitter_misc":{"Written by":"admin","Est. reading time":"4 minutes"},"schema":{"@context":"https:\/\/schema.org","@graph":[{"@type":"Article","@id":"https:\/\/www.zerdab.com\/?p=14777#article","isPartOf":{"@id":"https:\/\/www.zerdab.com\/?p=14777"},"author":{"name":"admin","@id":"https:\/\/www.zerdab.com\/#\/schema\/person\/97079b7570c1e89ec0d9e138c3672136"},"headline":"Z\u018fRDABDA XOCALI SOYQIRIMI YAD ED\u0130LD\u0130 &#8211; FOTOLAR","datePublished":"2014-02-26T11:59:06+00:00","mainEntityOfPage":{"@id":"https:\/\/www.zerdab.com\/?p=14777"},"wordCount":908,"commentCount":1,"articleSection":["X\u018fB\u018fRL\u018fR"],"inLanguage":"az","potentialAction":[{"@type":"CommentAction","name":"Comment","target":["https:\/\/www.zerdab.com\/?p=14777#respond"]}]},{"@type":"WebPage","@id":"https:\/\/www.zerdab.com\/?p=14777","url":"https:\/\/www.zerdab.com\/?p=14777","name":"Z\u018fRDABDA XOCALI SOYQIRIMI YAD ED\u0130LD\u0130 - FOTOLAR - Z\u0259rdab.com","isPartOf":{"@id":"https:\/\/www.zerdab.com\/#website"},"datePublished":"2014-02-26T11:59:06+00:00","author":{"@id":"https:\/\/www.zerdab.com\/#\/schema\/person\/97079b7570c1e89ec0d9e138c3672136"},"breadcrumb":{"@id":"https:\/\/www.zerdab.com\/?p=14777#breadcrumb"},"inLanguage":"az","potentialAction":[{"@type":"ReadAction","target":["https:\/\/www.zerdab.com\/?p=14777"]}]},{"@type":"BreadcrumbList","@id":"https:\/\/www.zerdab.com\/?p=14777#breadcrumb","itemListElement":[{"@type":"ListItem","position":1,"name":"Home","item":"https:\/\/www.zerdab.com\/"},{"@type":"ListItem","position":2,"name":"Z\u018fRDABDA XOCALI SOYQIRIMI YAD ED\u0130LD\u0130 &#8211; FOTOLAR"}]},{"@type":"WebSite","@id":"https:\/\/www.zerdab.com\/#website","url":"https:\/\/www.zerdab.com\/","name":"Z\u0259rdab.com","description":"","potentialAction":[{"@type":"SearchAction","target":{"@type":"EntryPoint","urlTemplate":"https:\/\/www.zerdab.com\/?s={search_term_string}"},"query-input":{"@type":"PropertyValueSpecification","valueRequired":true,"valueName":"search_term_string"}}],"inLanguage":"az"},{"@type":"Person","@id":"https:\/\/www.zerdab.com\/#\/schema\/person\/97079b7570c1e89ec0d9e138c3672136","name":"admin","image":{"@type":"ImageObject","inLanguage":"az","@id":"https:\/\/www.zerdab.com\/#\/schema\/person\/image\/","url":"https:\/\/secure.gravatar.com\/avatar\/d9c52a9a27c32119cb6679a077fa3e2779e5f822c451cbf01098004361d466ec?s=96&d=mm&r=g","contentUrl":"https:\/\/secure.gravatar.com\/avatar\/d9c52a9a27c32119cb6679a077fa3e2779e5f822c451cbf01098004361d466ec?s=96&d=mm&r=g","caption":"admin"},"url":"https:\/\/www.zerdab.com\/?author=1"}]}},"_links":{"self":[{"href":"https:\/\/www.zerdab.com\/index.php?rest_route=\/wp\/v2\/posts\/14777","targetHints":{"allow":["GET"]}}],"collection":[{"href":"https:\/\/www.zerdab.com\/index.php?rest_route=\/wp\/v2\/posts"}],"about":[{"href":"https:\/\/www.zerdab.com\/index.php?rest_route=\/wp\/v2\/types\/post"}],"author":[{"embeddable":true,"href":"https:\/\/www.zerdab.com\/index.php?rest_route=\/wp\/v2\/users\/1"}],"replies":[{"embeddable":true,"href":"https:\/\/www.zerdab.com\/index.php?rest_route=%2Fwp%2Fv2%2Fcomments&post=14777"}],"version-history":[{"count":1,"href":"https:\/\/www.zerdab.com\/index.php?rest_route=\/wp\/v2\/posts\/14777\/revisions"}],"predecessor-version":[{"id":14785,"href":"https:\/\/www.zerdab.com\/index.php?rest_route=\/wp\/v2\/posts\/14777\/revisions\/14785"}],"wp:attachment":[{"href":"https:\/\/www.zerdab.com\/index.php?rest_route=%2Fwp%2Fv2%2Fmedia&parent=14777"}],"wp:term":[{"taxonomy":"category","embeddable":true,"href":"https:\/\/www.zerdab.com\/index.php?rest_route=%2Fwp%2Fv2%2Fcategories&post=14777"},{"taxonomy":"post_tag","embeddable":true,"href":"https:\/\/www.zerdab.com\/index.php?rest_route=%2Fwp%2Fv2%2Ftags&post=14777"}],"curies":[{"name":"wp","href":"https:\/\/api.w.org\/{rel}","templated":true}]}}