{"id":14786,"date":"2014-02-27T08:32:46","date_gmt":"2014-02-27T04:32:46","guid":{"rendered":"http:\/\/www.zerdab.com\/?p=14786"},"modified":"2014-02-27T00:41:34","modified_gmt":"2014-02-26T20:41:34","slug":"z%c9%99rdab-rayon-tarix-diyarsunasliq-muzeyind%c9%99-anim-t%c9%99dbiri","status":"publish","type":"post","link":"https:\/\/www.zerdab.com\/?p=14786","title":{"rendered":"Z\u0259rdab Rayon Tarix-Diyar\u015f\u00fcnasl\u0131q Muzeyind\u0259 an\u0131m t\u0259dbiri"},"content":{"rendered":"<p><a href=\"http:\/\/www.zerdab.com\/wp-content\/uploads\/2014\/02\/Tarix2.jpg\"><img loading=\"lazy\" decoding=\"async\" class=\"aligncenter size-large wp-image-14790\" alt=\"Z\u0259rdab Rayon Tarix-Diyar\u015f\u00fcnasl\u0131q Muzeyi\" src=\"http:\/\/www.zerdab.com\/wp-content\/uploads\/2014\/02\/Tarix2-550x550.jpg\" width=\"550\" height=\"550\" \/><\/a>Z\u0259rdab Rayon Tarix-Diyar\u015f\u00fcnasl\u0131q Muzeyind\u0259 Xocal\u0131 Faci\u0259sinin 22-ci ild\u00f6n\u00fcm\u00fc il\u0259 \u0259laq\u0259dar &#8220;\u00d6l\u00fcm do\u011fdu o gec\u0259&#8221; adl\u0131 \u0259d\u0259bi-b\u0259dii kompozisiya ke\u00e7irildi. T\u0259dbiri muzeyin direktoru \u015eahnaz Mustafayeva a\u00e7araq Xocal\u0131 faci\u0259sind\u0259 h\u0259lak olan bac\u0131 v\u0259 qarda\u015flar\u0131m\u0131z\u0131n xatir\u0259si bir d\u0259qiq\u0259lik s\u00fckutla yad edilm\u0259sini t\u0259klif etdi. S\u00fckutdan sonra \u015e. Mustafayeva faci\u0259 haqq\u0131nda geni\u015f m\u0259lumat verdi. Muzeyin \u0259m\u0259kda\u015flar\u0131 \u015e. \u018fliyeva v\u0259 M. Abduyeva Xocal\u0131 faci\u0259sinin Az\u0259rbaycan xalq\u0131n\u0131n qan yadda\u015f\u0131na \u0259b\u0259di h\u0259kk olunmas\u0131ndan dan\u0131\u015fd\u0131lar.<\/p>\n<p>T\u0259dbird\u0259 \u015f\u0259h\u0259r \u00fcmumi orta m\u0259kt\u0259bin direktoru A\u011fas\u0259lim \u0130smay\u0131lov, h\u0259min m\u0259kt\u0259bin m\u00fc\u0259lliml\u0259ri Cavadova R\u0259qib\u0259, \u018fhm\u0259dova R\u0259him\u0259 v\u0259 m\u0259kt\u0259bin \u015fagirdl\u0259ri i\u015ftirak edirdi. M\u0259kt\u0259blil\u0259rin ifas\u0131nda maraql\u0131 kompozisiya dinl\u0259nildi.<\/p>\n<p>T\u0259dbird\u0259 M\u0259d\u0259niyy\u0259t \u015f\u00f6b\u0259sinin i\u015f\u00e7il\u0259ri, H. B. Z\u0259rdabi Muzeyinin, MKS-nin v\u0259 &#8220;\u018fkin\u00e7i&#8221; q\u0259zetinin \u0259m\u0259kda\u015f\u0131 i\u015ftirak edirdi. T\u0259dbir i\u015ftirak\u00e7\u0131lar\u0131 Xocal\u0131 faci\u0259sin\u0259 \u00f6z m\u00fcnasib\u0259tl\u0259rini bildirdil\u0259r.<\/p>\n<p><strong>Z\u0259rdab Rayon Tarix-Diyar\u015f\u00fcnasl\u0131q Muzeyinin direktoru: \u015eahnaz Mustafayeva<\/strong><\/p>\n<p><a href=\"http:\/\/www.zerdab.com\/wp-content\/uploads\/2014\/02\/Tarix6.jpg\"><img loading=\"lazy\" decoding=\"async\" class=\"aligncenter size-large wp-image-14794\" alt=\"Z\u0259rdab Rayon Tarix-Diyar\u015f\u00fcnasl\u0131q Muzeyi\" src=\"http:\/\/www.zerdab.com\/wp-content\/uploads\/2014\/02\/Tarix6-550x412.jpg\" width=\"550\" height=\"412\" \/><\/a><a href=\"http:\/\/www.zerdab.com\/wp-content\/uploads\/2014\/02\/Tarix1.jpg\"><img loading=\"lazy\" decoding=\"async\" class=\"aligncenter size-large wp-image-14789\" alt=\"Z\u0259rdab Rayon Tarix-Diyar\u015f\u00fcnasl\u0131q Muzeyi\" src=\"http:\/\/www.zerdab.com\/wp-content\/uploads\/2014\/02\/Tarix1-550x550.jpg\" width=\"550\" height=\"550\" \/><\/a><a href=\"http:\/\/www.zerdab.com\/wp-content\/uploads\/2014\/02\/Tarix.jpg\"><img loading=\"lazy\" decoding=\"async\" class=\"aligncenter size-large wp-image-14788\" alt=\"Z\u0259rdab Rayon Tarix-Diyar\u015f\u00fcnasl\u0131q Muzeyi\" src=\"http:\/\/www.zerdab.com\/wp-content\/uploads\/2014\/02\/Tarix-550x550.jpg\" width=\"550\" height=\"550\" \/><\/a><a href=\"http:\/\/www.zerdab.com\/wp-content\/uploads\/2014\/02\/Tarix8.jpg\"><img loading=\"lazy\" decoding=\"async\" class=\"aligncenter size-large wp-image-14787\" alt=\"Z\u0259rdab Rayon Tarix-Diyar\u015f\u00fcnasl\u0131q Muzeyi\" src=\"http:\/\/www.zerdab.com\/wp-content\/uploads\/2014\/02\/Tarix8-550x412.jpg\" width=\"550\" height=\"412\" \/><\/a><a href=\"http:\/\/www.zerdab.com\/wp-content\/uploads\/2014\/02\/Tarix4.jpg\"><img loading=\"lazy\" decoding=\"async\" class=\"aligncenter size-large wp-image-14792\" alt=\"Z\u0259rdab Rayon Tarix-Diyar\u015f\u00fcnasl\u0131q Muzeyi\" src=\"http:\/\/www.zerdab.com\/wp-content\/uploads\/2014\/02\/Tarix4-550x550.jpg\" width=\"550\" height=\"550\" \/><\/a><a href=\"http:\/\/www.zerdab.com\/wp-content\/uploads\/2014\/02\/Tarix5.jpg\"><img loading=\"lazy\" decoding=\"async\" class=\"aligncenter size-large wp-image-14793\" alt=\"Z\u0259rdab Rayon Tarix-Diyar\u015f\u00fcnasl\u0131q Muzeyi\" src=\"http:\/\/www.zerdab.com\/wp-content\/uploads\/2014\/02\/Tarix5-550x550.jpg\" width=\"550\" height=\"550\" \/><\/a><a href=\"http:\/\/www.zerdab.com\/wp-content\/uploads\/2014\/02\/Tarix7.jpg\"><img loading=\"lazy\" decoding=\"async\" class=\"aligncenter size-large wp-image-14795\" alt=\"Z\u0259rdab Rayon Tarix-Diyar\u015f\u00fcnasl\u0131q Muzeyi\" src=\"http:\/\/www.zerdab.com\/wp-content\/uploads\/2014\/02\/Tarix7-550x412.jpg\" width=\"550\" height=\"412\" \/><\/a><\/p>\n","protected":false},"excerpt":{"rendered":"<p>Z\u0259rdab Rayon Tarix-Diyar\u015f\u00fcnasl\u0131q Muzeyind\u0259 Xocal\u0131 Faci\u0259sinin 22-ci ild\u00f6n\u00fcm\u00fc il\u0259 \u0259laq\u0259dar &#8220;\u00d6l\u00fcm do\u011fdu o gec\u0259&#8221; adl\u0131 \u0259d\u0259bi-b\u0259dii kompozisiya ke\u00e7irildi. T\u0259dbiri muzeyin direktoru \u015eahnaz Mustafayeva a\u00e7araq Xocal\u0131 faci\u0259sind\u0259 h\u0259lak olan bac\u0131 v\u0259 qarda\u015flar\u0131m\u0131z\u0131n xatir\u0259si bir d\u0259qiq\u0259lik s\u00fckutla yad edilm\u0259sini t\u0259klif etdi. S\u00fckutdan sonra \u015e. Mustafayeva faci\u0259 haqq\u0131nda geni\u015f m\u0259lumat verdi. Muzeyin \u0259m\u0259kda\u015flar\u0131 \u015e. \u018fliyeva v\u0259 M. Abduyeva [&hellip;]<\/p>\n","protected":false},"author":1,"featured_media":0,"comment_status":"open","ping_status":"open","sticky":false,"template":"","format":"standard","meta":{"footnotes":""},"categories":[21],"tags":[],"class_list":{"0":"post-14786","1":"post","2":"type-post","3":"status-publish","4":"format-standard","6":"category-zrdab"},"yoast_head":"<!-- This site is optimized with the Yoast SEO plugin v27.0 - https:\/\/yoast.com\/product\/yoast-seo-wordpress\/ -->\n<title>Z\u0259rdab Rayon Tarix-Diyar\u015f\u00fcnasl\u0131q Muzeyind\u0259 an\u0131m t\u0259dbiri - Z\u0259rdab.com<\/title>\n<meta name=\"robots\" content=\"index, follow, max-snippet:-1, max-image-preview:large, max-video-preview:-1\" \/>\n<link rel=\"canonical\" href=\"https:\/\/www.zerdab.com\/?p=14786\" \/>\n<meta property=\"og:locale\" content=\"az_AZ\" \/>\n<meta property=\"og:type\" content=\"article\" \/>\n<meta property=\"og:title\" content=\"Z\u0259rdab Rayon Tarix-Diyar\u015f\u00fcnasl\u0131q Muzeyind\u0259 an\u0131m t\u0259dbiri - Z\u0259rdab.com\" \/>\n<meta property=\"og:description\" content=\"Z\u0259rdab Rayon Tarix-Diyar\u015f\u00fcnasl\u0131q Muzeyind\u0259 Xocal\u0131 Faci\u0259sinin 22-ci ild\u00f6n\u00fcm\u00fc il\u0259 \u0259laq\u0259dar &#8220;\u00d6l\u00fcm do\u011fdu o gec\u0259&#8221; adl\u0131 \u0259d\u0259bi-b\u0259dii kompozisiya ke\u00e7irildi. T\u0259dbiri muzeyin direktoru \u015eahnaz Mustafayeva a\u00e7araq Xocal\u0131 faci\u0259sind\u0259 h\u0259lak olan bac\u0131 v\u0259 qarda\u015flar\u0131m\u0131z\u0131n xatir\u0259si bir d\u0259qiq\u0259lik s\u00fckutla yad edilm\u0259sini t\u0259klif etdi. S\u00fckutdan sonra \u015e. Mustafayeva faci\u0259 haqq\u0131nda geni\u015f m\u0259lumat verdi. Muzeyin \u0259m\u0259kda\u015flar\u0131 \u015e. \u018fliyeva v\u0259 M. Abduyeva [&hellip;]\" \/>\n<meta property=\"og:url\" content=\"https:\/\/www.zerdab.com\/?p=14786\" \/>\n<meta property=\"og:site_name\" content=\"Z\u0259rdab.com\" \/>\n<meta property=\"article:published_time\" content=\"2014-02-27T04:32:46+00:00\" \/>\n<meta property=\"og:image\" content=\"http:\/\/www.zerdab.com\/wp-content\/uploads\/2014\/02\/Tarix2-550x550.jpg\" \/>\n<meta name=\"author\" content=\"admin\" \/>\n<meta name=\"twitter:card\" content=\"summary_large_image\" \/>\n<meta name=\"twitter:label1\" content=\"Written by\" \/>\n\t<meta name=\"twitter:data1\" content=\"admin\" \/>\n\t<meta name=\"twitter:label2\" content=\"Est. reading time\" \/>\n\t<meta name=\"twitter:data2\" content=\"1 minute\" \/>\n<script type=\"application\/ld+json\" class=\"yoast-schema-graph\">{\"@context\":\"https:\/\/schema.org\",\"@graph\":[{\"@type\":\"Article\",\"@id\":\"https:\/\/www.zerdab.com\/?p=14786#article\",\"isPartOf\":{\"@id\":\"https:\/\/www.zerdab.com\/?p=14786\"},\"author\":{\"name\":\"admin\",\"@id\":\"https:\/\/www.zerdab.com\/#\/schema\/person\/97079b7570c1e89ec0d9e138c3672136\"},\"headline\":\"Z\u0259rdab Rayon Tarix-Diyar\u015f\u00fcnasl\u0131q Muzeyind\u0259 an\u0131m t\u0259dbiri\",\"datePublished\":\"2014-02-27T04:32:46+00:00\",\"mainEntityOfPage\":{\"@id\":\"https:\/\/www.zerdab.com\/?p=14786\"},\"wordCount\":216,\"commentCount\":1,\"image\":{\"@id\":\"https:\/\/www.zerdab.com\/?p=14786#primaryimage\"},\"thumbnailUrl\":\"http:\/\/www.zerdab.com\/wp-content\/uploads\/2014\/02\/Tarix2-550x550.jpg\",\"articleSection\":[\"C\u018fM\u0130YY\u018fT\"],\"inLanguage\":\"az\",\"potentialAction\":[{\"@type\":\"CommentAction\",\"name\":\"Comment\",\"target\":[\"https:\/\/www.zerdab.com\/?p=14786#respond\"]}]},{\"@type\":\"WebPage\",\"@id\":\"https:\/\/www.zerdab.com\/?p=14786\",\"url\":\"https:\/\/www.zerdab.com\/?p=14786\",\"name\":\"Z\u0259rdab Rayon Tarix-Diyar\u015f\u00fcnasl\u0131q Muzeyind\u0259 an\u0131m t\u0259dbiri - Z\u0259rdab.com\",\"isPartOf\":{\"@id\":\"https:\/\/www.zerdab.com\/#website\"},\"primaryImageOfPage\":{\"@id\":\"https:\/\/www.zerdab.com\/?p=14786#primaryimage\"},\"image\":{\"@id\":\"https:\/\/www.zerdab.com\/?p=14786#primaryimage\"},\"thumbnailUrl\":\"http:\/\/www.zerdab.com\/wp-content\/uploads\/2014\/02\/Tarix2-550x550.jpg\",\"datePublished\":\"2014-02-27T04:32:46+00:00\",\"author\":{\"@id\":\"https:\/\/www.zerdab.com\/#\/schema\/person\/97079b7570c1e89ec0d9e138c3672136\"},\"breadcrumb\":{\"@id\":\"https:\/\/www.zerdab.com\/?p=14786#breadcrumb\"},\"inLanguage\":\"az\",\"potentialAction\":[{\"@type\":\"ReadAction\",\"target\":[\"https:\/\/www.zerdab.com\/?p=14786\"]}]},{\"@type\":\"ImageObject\",\"inLanguage\":\"az\",\"@id\":\"https:\/\/www.zerdab.com\/?p=14786#primaryimage\",\"url\":\"\",\"contentUrl\":\"\"},{\"@type\":\"BreadcrumbList\",\"@id\":\"https:\/\/www.zerdab.com\/?p=14786#breadcrumb\",\"itemListElement\":[{\"@type\":\"ListItem\",\"position\":1,\"name\":\"Home\",\"item\":\"https:\/\/www.zerdab.com\/\"},{\"@type\":\"ListItem\",\"position\":2,\"name\":\"Z\u0259rdab Rayon Tarix-Diyar\u015f\u00fcnasl\u0131q Muzeyind\u0259 an\u0131m t\u0259dbiri\"}]},{\"@type\":\"WebSite\",\"@id\":\"https:\/\/www.zerdab.com\/#website\",\"url\":\"https:\/\/www.zerdab.com\/\",\"name\":\"Z\u0259rdab.com\",\"description\":\"\",\"potentialAction\":[{\"@type\":\"SearchAction\",\"target\":{\"@type\":\"EntryPoint\",\"urlTemplate\":\"https:\/\/www.zerdab.com\/?s={search_term_string}\"},\"query-input\":{\"@type\":\"PropertyValueSpecification\",\"valueRequired\":true,\"valueName\":\"search_term_string\"}}],\"inLanguage\":\"az\"},{\"@type\":\"Person\",\"@id\":\"https:\/\/www.zerdab.com\/#\/schema\/person\/97079b7570c1e89ec0d9e138c3672136\",\"name\":\"admin\",\"image\":{\"@type\":\"ImageObject\",\"inLanguage\":\"az\",\"@id\":\"https:\/\/www.zerdab.com\/#\/schema\/person\/image\/\",\"url\":\"https:\/\/secure.gravatar.com\/avatar\/d9c52a9a27c32119cb6679a077fa3e2779e5f822c451cbf01098004361d466ec?s=96&d=mm&r=g\",\"contentUrl\":\"https:\/\/secure.gravatar.com\/avatar\/d9c52a9a27c32119cb6679a077fa3e2779e5f822c451cbf01098004361d466ec?s=96&d=mm&r=g\",\"caption\":\"admin\"},\"url\":\"https:\/\/www.zerdab.com\/?author=1\"}]}<\/script>\n<!-- \/ Yoast SEO plugin. -->","yoast_head_json":{"title":"Z\u0259rdab Rayon Tarix-Diyar\u015f\u00fcnasl\u0131q Muzeyind\u0259 an\u0131m t\u0259dbiri - Z\u0259rdab.com","robots":{"index":"index","follow":"follow","max-snippet":"max-snippet:-1","max-image-preview":"max-image-preview:large","max-video-preview":"max-video-preview:-1"},"canonical":"https:\/\/www.zerdab.com\/?p=14786","og_locale":"az_AZ","og_type":"article","og_title":"Z\u0259rdab Rayon Tarix-Diyar\u015f\u00fcnasl\u0131q Muzeyind\u0259 an\u0131m t\u0259dbiri - Z\u0259rdab.com","og_description":"Z\u0259rdab Rayon Tarix-Diyar\u015f\u00fcnasl\u0131q Muzeyind\u0259 Xocal\u0131 Faci\u0259sinin 22-ci ild\u00f6n\u00fcm\u00fc il\u0259 \u0259laq\u0259dar &#8220;\u00d6l\u00fcm do\u011fdu o gec\u0259&#8221; adl\u0131 \u0259d\u0259bi-b\u0259dii kompozisiya ke\u00e7irildi. T\u0259dbiri muzeyin direktoru \u015eahnaz Mustafayeva a\u00e7araq Xocal\u0131 faci\u0259sind\u0259 h\u0259lak olan bac\u0131 v\u0259 qarda\u015flar\u0131m\u0131z\u0131n xatir\u0259si bir d\u0259qiq\u0259lik s\u00fckutla yad edilm\u0259sini t\u0259klif etdi. S\u00fckutdan sonra \u015e. Mustafayeva faci\u0259 haqq\u0131nda geni\u015f m\u0259lumat verdi. Muzeyin \u0259m\u0259kda\u015flar\u0131 \u015e. \u018fliyeva v\u0259 M. Abduyeva [&hellip;]","og_url":"https:\/\/www.zerdab.com\/?p=14786","og_site_name":"Z\u0259rdab.com","article_published_time":"2014-02-27T04:32:46+00:00","og_image":[{"url":"http:\/\/www.zerdab.com\/wp-content\/uploads\/2014\/02\/Tarix2-550x550.jpg","type":"","width":"","height":""}],"author":"admin","twitter_card":"summary_large_image","twitter_misc":{"Written by":"admin","Est. reading time":"1 minute"},"schema":{"@context":"https:\/\/schema.org","@graph":[{"@type":"Article","@id":"https:\/\/www.zerdab.com\/?p=14786#article","isPartOf":{"@id":"https:\/\/www.zerdab.com\/?p=14786"},"author":{"name":"admin","@id":"https:\/\/www.zerdab.com\/#\/schema\/person\/97079b7570c1e89ec0d9e138c3672136"},"headline":"Z\u0259rdab Rayon Tarix-Diyar\u015f\u00fcnasl\u0131q Muzeyind\u0259 an\u0131m t\u0259dbiri","datePublished":"2014-02-27T04:32:46+00:00","mainEntityOfPage":{"@id":"https:\/\/www.zerdab.com\/?p=14786"},"wordCount":216,"commentCount":1,"image":{"@id":"https:\/\/www.zerdab.com\/?p=14786#primaryimage"},"thumbnailUrl":"http:\/\/www.zerdab.com\/wp-content\/uploads\/2014\/02\/Tarix2-550x550.jpg","articleSection":["C\u018fM\u0130YY\u018fT"],"inLanguage":"az","potentialAction":[{"@type":"CommentAction","name":"Comment","target":["https:\/\/www.zerdab.com\/?p=14786#respond"]}]},{"@type":"WebPage","@id":"https:\/\/www.zerdab.com\/?p=14786","url":"https:\/\/www.zerdab.com\/?p=14786","name":"Z\u0259rdab Rayon Tarix-Diyar\u015f\u00fcnasl\u0131q Muzeyind\u0259 an\u0131m t\u0259dbiri - Z\u0259rdab.com","isPartOf":{"@id":"https:\/\/www.zerdab.com\/#website"},"primaryImageOfPage":{"@id":"https:\/\/www.zerdab.com\/?p=14786#primaryimage"},"image":{"@id":"https:\/\/www.zerdab.com\/?p=14786#primaryimage"},"thumbnailUrl":"http:\/\/www.zerdab.com\/wp-content\/uploads\/2014\/02\/Tarix2-550x550.jpg","datePublished":"2014-02-27T04:32:46+00:00","author":{"@id":"https:\/\/www.zerdab.com\/#\/schema\/person\/97079b7570c1e89ec0d9e138c3672136"},"breadcrumb":{"@id":"https:\/\/www.zerdab.com\/?p=14786#breadcrumb"},"inLanguage":"az","potentialAction":[{"@type":"ReadAction","target":["https:\/\/www.zerdab.com\/?p=14786"]}]},{"@type":"ImageObject","inLanguage":"az","@id":"https:\/\/www.zerdab.com\/?p=14786#primaryimage","url":"","contentUrl":""},{"@type":"BreadcrumbList","@id":"https:\/\/www.zerdab.com\/?p=14786#breadcrumb","itemListElement":[{"@type":"ListItem","position":1,"name":"Home","item":"https:\/\/www.zerdab.com\/"},{"@type":"ListItem","position":2,"name":"Z\u0259rdab Rayon Tarix-Diyar\u015f\u00fcnasl\u0131q Muzeyind\u0259 an\u0131m t\u0259dbiri"}]},{"@type":"WebSite","@id":"https:\/\/www.zerdab.com\/#website","url":"https:\/\/www.zerdab.com\/","name":"Z\u0259rdab.com","description":"","potentialAction":[{"@type":"SearchAction","target":{"@type":"EntryPoint","urlTemplate":"https:\/\/www.zerdab.com\/?s={search_term_string}"},"query-input":{"@type":"PropertyValueSpecification","valueRequired":true,"valueName":"search_term_string"}}],"inLanguage":"az"},{"@type":"Person","@id":"https:\/\/www.zerdab.com\/#\/schema\/person\/97079b7570c1e89ec0d9e138c3672136","name":"admin","image":{"@type":"ImageObject","inLanguage":"az","@id":"https:\/\/www.zerdab.com\/#\/schema\/person\/image\/","url":"https:\/\/secure.gravatar.com\/avatar\/d9c52a9a27c32119cb6679a077fa3e2779e5f822c451cbf01098004361d466ec?s=96&d=mm&r=g","contentUrl":"https:\/\/secure.gravatar.com\/avatar\/d9c52a9a27c32119cb6679a077fa3e2779e5f822c451cbf01098004361d466ec?s=96&d=mm&r=g","caption":"admin"},"url":"https:\/\/www.zerdab.com\/?author=1"}]}},"_links":{"self":[{"href":"https:\/\/www.zerdab.com\/index.php?rest_route=\/wp\/v2\/posts\/14786","targetHints":{"allow":["GET"]}}],"collection":[{"href":"https:\/\/www.zerdab.com\/index.php?rest_route=\/wp\/v2\/posts"}],"about":[{"href":"https:\/\/www.zerdab.com\/index.php?rest_route=\/wp\/v2\/types\/post"}],"author":[{"embeddable":true,"href":"https:\/\/www.zerdab.com\/index.php?rest_route=\/wp\/v2\/users\/1"}],"replies":[{"embeddable":true,"href":"https:\/\/www.zerdab.com\/index.php?rest_route=%2Fwp%2Fv2%2Fcomments&post=14786"}],"version-history":[{"count":2,"href":"https:\/\/www.zerdab.com\/index.php?rest_route=\/wp\/v2\/posts\/14786\/revisions"}],"predecessor-version":[{"id":14810,"href":"https:\/\/www.zerdab.com\/index.php?rest_route=\/wp\/v2\/posts\/14786\/revisions\/14810"}],"wp:attachment":[{"href":"https:\/\/www.zerdab.com\/index.php?rest_route=%2Fwp%2Fv2%2Fmedia&parent=14786"}],"wp:term":[{"taxonomy":"category","embeddable":true,"href":"https:\/\/www.zerdab.com\/index.php?rest_route=%2Fwp%2Fv2%2Fcategories&post=14786"},{"taxonomy":"post_tag","embeddable":true,"href":"https:\/\/www.zerdab.com\/index.php?rest_route=%2Fwp%2Fv2%2Ftags&post=14786"}],"curies":[{"name":"wp","href":"https:\/\/api.w.org\/{rel}","templated":true}]}}