{"id":1487,"date":"2012-04-30T15:05:20","date_gmt":"2012-04-30T10:05:20","guid":{"rendered":"http:\/\/www.zerdab.com\/?p=1487"},"modified":"2012-05-08T18:37:42","modified_gmt":"2012-05-08T13:37:42","slug":"p%c9%99rvin-mahmudova-yap-z%c9%99rdab-rayon-t%c9%99skilatinin-s%c9%99dri-secildi","status":"publish","type":"post","link":"https:\/\/www.zerdab.com\/?p=1487","title":{"rendered":"P\u0259rvin Mahmudova YAP Z\u0259rdab rayon t\u0259\u015fkilat\u0131n\u0131n s\u0259dri se\u00e7ildi"},"content":{"rendered":"<p><a href=\"http:\/\/www.zerdab.com\/?attachment_id=1488\" rel=\"attachment wp-att-1488\"><img loading=\"lazy\" decoding=\"async\" class=\"alignleft size-full wp-image-1488\" title=\"Yeni_Azerbaycan_Partisi_logosu\" src=\"http:\/\/www.zerdab.com\/wp-content\/uploads\/2012\/04\/Yeni_Azerbaycan_Partisi_logosu.jpg\" alt=\"\" width=\"260\" height=\"210\" \/><\/a>Yeni Az\u0259rbaycan Partiyas\u0131 (YAP) Z\u0259rdab rayon t\u0259\u015fkilat\u0131n\u0131n VII konfrans\u0131 ke\u00e7irilib. www.zerdab.com sayt\u0131n\u0131n m\u0259lumat\u0131na g\u00f6r\u0259, t\u0259dbird\u0259 YAP Z\u0259rdab rayon t\u0259\u015fkilat\u0131n\u0131n s\u0259dri Abdullayev Tofiq hesabat m\u0259ruz\u0259si il\u0259 \u00e7\u0131x\u0131\u015f ed\u0259r\u0259k, t\u0259\u015fkilat\u0131n hesabat d\u00f6vr\u00fc \u0259rzind\u0259 g\u00f6rd\u00fcy\u00fc i\u015fl\u0259r bar\u0259d\u0259 m\u0259lumat verib, qar\u015f\u0131da duran v\u0259zif\u0259l\u0259rd\u0259n b\u0259hs edib. Sonra m\u0259ruz\u0259 \u0259traf\u0131nda m\u00fczakir\u0259l\u0259r apar\u0131l\u0131b. Konfransda YAP \u0130cra katibinin m\u00fcavini M\u00fcbariz Qurbanl\u0131 v\u0259 Milli M\u0259clisin deputat\u0131 Jal\u0259 \u018fliyeva, Z\u0259rdab rayon \u0130cra Hakimiyy\u0259tinin ba\u015f\u00e7\u0131s\u0131 L\u00fctf\u0259li Babayev d\u0259 \u00e7\u0131x\u0131\u015f edibl\u0259r. M\u00fczakir\u0259d\u0259n sonra t\u0259\u015fkilati m\u0259s\u0259l\u0259l\u0259r\u0259 bax\u0131l\u0131b. P\u0259rvin Mahmudova YAP Z\u0259rdab rayon t\u0259\u015fkilat\u0131n\u0131n s\u0259dri se\u00e7ilib.<\/p>\n<p>&nbsp;<\/p>\n","protected":false},"excerpt":{"rendered":"<p>Yeni Az\u0259rbaycan Partiyas\u0131 (YAP) Z\u0259rdab rayon t\u0259\u015fkilat\u0131n\u0131n VII konfrans\u0131 ke\u00e7irilib. www.zerdab.com sayt\u0131n\u0131n m\u0259lumat\u0131na g\u00f6r\u0259, t\u0259dbird\u0259 YAP Z\u0259rdab rayon t\u0259\u015fkilat\u0131n\u0131n s\u0259dri Abdullayev Tofiq hesabat m\u0259ruz\u0259si il\u0259 \u00e7\u0131x\u0131\u015f ed\u0259r\u0259k, t\u0259\u015fkilat\u0131n hesabat d\u00f6vr\u00fc \u0259rzind\u0259 g\u00f6rd\u00fcy\u00fc i\u015fl\u0259r bar\u0259d\u0259 m\u0259lumat verib, qar\u015f\u0131da duran v\u0259zif\u0259l\u0259rd\u0259n b\u0259hs edib. Sonra m\u0259ruz\u0259 \u0259traf\u0131nda m\u00fczakir\u0259l\u0259r apar\u0131l\u0131b. Konfransda YAP \u0130cra katibinin m\u00fcavini M\u00fcbariz Qurbanl\u0131 v\u0259 Milli [&hellip;]<\/p>\n","protected":false},"author":1,"featured_media":0,"comment_status":"open","ping_status":"open","sticky":false,"template":"","format":"standard","meta":{"footnotes":""},"categories":[21],"tags":[],"class_list":{"0":"post-1487","1":"post","2":"type-post","3":"status-publish","4":"format-standard","6":"category-zrdab"},"yoast_head":"<!-- This site is optimized with the Yoast SEO plugin v27.0 - https:\/\/yoast.com\/product\/yoast-seo-wordpress\/ -->\n<title>P\u0259rvin Mahmudova YAP Z\u0259rdab rayon t\u0259\u015fkilat\u0131n\u0131n s\u0259dri se\u00e7ildi - Z\u0259rdab.com<\/title>\n<meta name=\"robots\" content=\"index, follow, max-snippet:-1, max-image-preview:large, max-video-preview:-1\" \/>\n<link rel=\"canonical\" href=\"https:\/\/www.zerdab.com\/?p=1487\" \/>\n<meta property=\"og:locale\" content=\"az_AZ\" \/>\n<meta property=\"og:type\" content=\"article\" \/>\n<meta property=\"og:title\" content=\"P\u0259rvin Mahmudova YAP Z\u0259rdab rayon t\u0259\u015fkilat\u0131n\u0131n s\u0259dri se\u00e7ildi - Z\u0259rdab.com\" \/>\n<meta property=\"og:description\" content=\"Yeni Az\u0259rbaycan Partiyas\u0131 (YAP) Z\u0259rdab rayon t\u0259\u015fkilat\u0131n\u0131n VII konfrans\u0131 ke\u00e7irilib. www.zerdab.com sayt\u0131n\u0131n m\u0259lumat\u0131na g\u00f6r\u0259, t\u0259dbird\u0259 YAP Z\u0259rdab rayon t\u0259\u015fkilat\u0131n\u0131n s\u0259dri Abdullayev Tofiq hesabat m\u0259ruz\u0259si il\u0259 \u00e7\u0131x\u0131\u015f ed\u0259r\u0259k, t\u0259\u015fkilat\u0131n hesabat d\u00f6vr\u00fc \u0259rzind\u0259 g\u00f6rd\u00fcy\u00fc i\u015fl\u0259r bar\u0259d\u0259 m\u0259lumat verib, qar\u015f\u0131da duran v\u0259zif\u0259l\u0259rd\u0259n b\u0259hs edib. Sonra m\u0259ruz\u0259 \u0259traf\u0131nda m\u00fczakir\u0259l\u0259r apar\u0131l\u0131b. Konfransda YAP \u0130cra katibinin m\u00fcavini M\u00fcbariz Qurbanl\u0131 v\u0259 Milli [&hellip;]\" \/>\n<meta property=\"og:url\" content=\"https:\/\/www.zerdab.com\/?p=1487\" \/>\n<meta property=\"og:site_name\" content=\"Z\u0259rdab.com\" \/>\n<meta property=\"article:published_time\" content=\"2012-04-30T10:05:20+00:00\" \/>\n<meta property=\"article:modified_time\" content=\"2012-05-08T13:37:42+00:00\" \/>\n<meta property=\"og:image\" content=\"http:\/\/www.zerdab.com\/wp-content\/uploads\/2012\/04\/Yeni_Azerbaycan_Partisi_logosu.jpg\" \/>\n<meta name=\"author\" content=\"admin\" \/>\n<meta name=\"twitter:card\" content=\"summary_large_image\" \/>\n<meta name=\"twitter:label1\" content=\"Written by\" \/>\n\t<meta name=\"twitter:data1\" content=\"admin\" \/>\n\t<meta name=\"twitter:label2\" content=\"Est. reading time\" \/>\n\t<meta name=\"twitter:data2\" content=\"1 minute\" \/>\n<script type=\"application\/ld+json\" class=\"yoast-schema-graph\">{\"@context\":\"https:\/\/schema.org\",\"@graph\":[{\"@type\":\"Article\",\"@id\":\"https:\/\/www.zerdab.com\/?p=1487#article\",\"isPartOf\":{\"@id\":\"https:\/\/www.zerdab.com\/?p=1487\"},\"author\":{\"name\":\"admin\",\"@id\":\"https:\/\/www.zerdab.com\/#\/schema\/person\/97079b7570c1e89ec0d9e138c3672136\"},\"headline\":\"P\u0259rvin Mahmudova YAP Z\u0259rdab rayon t\u0259\u015fkilat\u0131n\u0131n s\u0259dri se\u00e7ildi\",\"datePublished\":\"2012-04-30T10:05:20+00:00\",\"dateModified\":\"2012-05-08T13:37:42+00:00\",\"mainEntityOfPage\":{\"@id\":\"https:\/\/www.zerdab.com\/?p=1487\"},\"wordCount\":169,\"commentCount\":0,\"image\":{\"@id\":\"https:\/\/www.zerdab.com\/?p=1487#primaryimage\"},\"thumbnailUrl\":\"http:\/\/www.zerdab.com\/wp-content\/uploads\/2012\/04\/Yeni_Azerbaycan_Partisi_logosu.jpg\",\"articleSection\":[\"C\u018fM\u0130YY\u018fT\"],\"inLanguage\":\"az\",\"potentialAction\":[{\"@type\":\"CommentAction\",\"name\":\"Comment\",\"target\":[\"https:\/\/www.zerdab.com\/?p=1487#respond\"]}]},{\"@type\":\"WebPage\",\"@id\":\"https:\/\/www.zerdab.com\/?p=1487\",\"url\":\"https:\/\/www.zerdab.com\/?p=1487\",\"name\":\"P\u0259rvin Mahmudova YAP Z\u0259rdab rayon t\u0259\u015fkilat\u0131n\u0131n s\u0259dri se\u00e7ildi - Z\u0259rdab.com\",\"isPartOf\":{\"@id\":\"https:\/\/www.zerdab.com\/#website\"},\"primaryImageOfPage\":{\"@id\":\"https:\/\/www.zerdab.com\/?p=1487#primaryimage\"},\"image\":{\"@id\":\"https:\/\/www.zerdab.com\/?p=1487#primaryimage\"},\"thumbnailUrl\":\"http:\/\/www.zerdab.com\/wp-content\/uploads\/2012\/04\/Yeni_Azerbaycan_Partisi_logosu.jpg\",\"datePublished\":\"2012-04-30T10:05:20+00:00\",\"dateModified\":\"2012-05-08T13:37:42+00:00\",\"author\":{\"@id\":\"https:\/\/www.zerdab.com\/#\/schema\/person\/97079b7570c1e89ec0d9e138c3672136\"},\"breadcrumb\":{\"@id\":\"https:\/\/www.zerdab.com\/?p=1487#breadcrumb\"},\"inLanguage\":\"az\",\"potentialAction\":[{\"@type\":\"ReadAction\",\"target\":[\"https:\/\/www.zerdab.com\/?p=1487\"]}]},{\"@type\":\"ImageObject\",\"inLanguage\":\"az\",\"@id\":\"https:\/\/www.zerdab.com\/?p=1487#primaryimage\",\"url\":\"\",\"contentUrl\":\"\"},{\"@type\":\"BreadcrumbList\",\"@id\":\"https:\/\/www.zerdab.com\/?p=1487#breadcrumb\",\"itemListElement\":[{\"@type\":\"ListItem\",\"position\":1,\"name\":\"Home\",\"item\":\"https:\/\/www.zerdab.com\/\"},{\"@type\":\"ListItem\",\"position\":2,\"name\":\"P\u0259rvin Mahmudova YAP Z\u0259rdab rayon t\u0259\u015fkilat\u0131n\u0131n s\u0259dri se\u00e7ildi\"}]},{\"@type\":\"WebSite\",\"@id\":\"https:\/\/www.zerdab.com\/#website\",\"url\":\"https:\/\/www.zerdab.com\/\",\"name\":\"Z\u0259rdab.com\",\"description\":\"\",\"potentialAction\":[{\"@type\":\"SearchAction\",\"target\":{\"@type\":\"EntryPoint\",\"urlTemplate\":\"https:\/\/www.zerdab.com\/?s={search_term_string}\"},\"query-input\":{\"@type\":\"PropertyValueSpecification\",\"valueRequired\":true,\"valueName\":\"search_term_string\"}}],\"inLanguage\":\"az\"},{\"@type\":\"Person\",\"@id\":\"https:\/\/www.zerdab.com\/#\/schema\/person\/97079b7570c1e89ec0d9e138c3672136\",\"name\":\"admin\",\"image\":{\"@type\":\"ImageObject\",\"inLanguage\":\"az\",\"@id\":\"https:\/\/www.zerdab.com\/#\/schema\/person\/image\/\",\"url\":\"https:\/\/secure.gravatar.com\/avatar\/d9c52a9a27c32119cb6679a077fa3e2779e5f822c451cbf01098004361d466ec?s=96&d=mm&r=g\",\"contentUrl\":\"https:\/\/secure.gravatar.com\/avatar\/d9c52a9a27c32119cb6679a077fa3e2779e5f822c451cbf01098004361d466ec?s=96&d=mm&r=g\",\"caption\":\"admin\"},\"url\":\"https:\/\/www.zerdab.com\/?author=1\"}]}<\/script>\n<!-- \/ Yoast SEO plugin. -->","yoast_head_json":{"title":"P\u0259rvin Mahmudova YAP Z\u0259rdab rayon t\u0259\u015fkilat\u0131n\u0131n s\u0259dri se\u00e7ildi - Z\u0259rdab.com","robots":{"index":"index","follow":"follow","max-snippet":"max-snippet:-1","max-image-preview":"max-image-preview:large","max-video-preview":"max-video-preview:-1"},"canonical":"https:\/\/www.zerdab.com\/?p=1487","og_locale":"az_AZ","og_type":"article","og_title":"P\u0259rvin Mahmudova YAP Z\u0259rdab rayon t\u0259\u015fkilat\u0131n\u0131n s\u0259dri se\u00e7ildi - Z\u0259rdab.com","og_description":"Yeni Az\u0259rbaycan Partiyas\u0131 (YAP) Z\u0259rdab rayon t\u0259\u015fkilat\u0131n\u0131n VII konfrans\u0131 ke\u00e7irilib. www.zerdab.com sayt\u0131n\u0131n m\u0259lumat\u0131na g\u00f6r\u0259, t\u0259dbird\u0259 YAP Z\u0259rdab rayon t\u0259\u015fkilat\u0131n\u0131n s\u0259dri Abdullayev Tofiq hesabat m\u0259ruz\u0259si il\u0259 \u00e7\u0131x\u0131\u015f ed\u0259r\u0259k, t\u0259\u015fkilat\u0131n hesabat d\u00f6vr\u00fc \u0259rzind\u0259 g\u00f6rd\u00fcy\u00fc i\u015fl\u0259r bar\u0259d\u0259 m\u0259lumat verib, qar\u015f\u0131da duran v\u0259zif\u0259l\u0259rd\u0259n b\u0259hs edib. Sonra m\u0259ruz\u0259 \u0259traf\u0131nda m\u00fczakir\u0259l\u0259r apar\u0131l\u0131b. Konfransda YAP \u0130cra katibinin m\u00fcavini M\u00fcbariz Qurbanl\u0131 v\u0259 Milli [&hellip;]","og_url":"https:\/\/www.zerdab.com\/?p=1487","og_site_name":"Z\u0259rdab.com","article_published_time":"2012-04-30T10:05:20+00:00","article_modified_time":"2012-05-08T13:37:42+00:00","og_image":[{"url":"http:\/\/www.zerdab.com\/wp-content\/uploads\/2012\/04\/Yeni_Azerbaycan_Partisi_logosu.jpg","type":"","width":"","height":""}],"author":"admin","twitter_card":"summary_large_image","twitter_misc":{"Written by":"admin","Est. reading time":"1 minute"},"schema":{"@context":"https:\/\/schema.org","@graph":[{"@type":"Article","@id":"https:\/\/www.zerdab.com\/?p=1487#article","isPartOf":{"@id":"https:\/\/www.zerdab.com\/?p=1487"},"author":{"name":"admin","@id":"https:\/\/www.zerdab.com\/#\/schema\/person\/97079b7570c1e89ec0d9e138c3672136"},"headline":"P\u0259rvin Mahmudova YAP Z\u0259rdab rayon t\u0259\u015fkilat\u0131n\u0131n s\u0259dri se\u00e7ildi","datePublished":"2012-04-30T10:05:20+00:00","dateModified":"2012-05-08T13:37:42+00:00","mainEntityOfPage":{"@id":"https:\/\/www.zerdab.com\/?p=1487"},"wordCount":169,"commentCount":0,"image":{"@id":"https:\/\/www.zerdab.com\/?p=1487#primaryimage"},"thumbnailUrl":"http:\/\/www.zerdab.com\/wp-content\/uploads\/2012\/04\/Yeni_Azerbaycan_Partisi_logosu.jpg","articleSection":["C\u018fM\u0130YY\u018fT"],"inLanguage":"az","potentialAction":[{"@type":"CommentAction","name":"Comment","target":["https:\/\/www.zerdab.com\/?p=1487#respond"]}]},{"@type":"WebPage","@id":"https:\/\/www.zerdab.com\/?p=1487","url":"https:\/\/www.zerdab.com\/?p=1487","name":"P\u0259rvin Mahmudova YAP Z\u0259rdab rayon t\u0259\u015fkilat\u0131n\u0131n s\u0259dri se\u00e7ildi - Z\u0259rdab.com","isPartOf":{"@id":"https:\/\/www.zerdab.com\/#website"},"primaryImageOfPage":{"@id":"https:\/\/www.zerdab.com\/?p=1487#primaryimage"},"image":{"@id":"https:\/\/www.zerdab.com\/?p=1487#primaryimage"},"thumbnailUrl":"http:\/\/www.zerdab.com\/wp-content\/uploads\/2012\/04\/Yeni_Azerbaycan_Partisi_logosu.jpg","datePublished":"2012-04-30T10:05:20+00:00","dateModified":"2012-05-08T13:37:42+00:00","author":{"@id":"https:\/\/www.zerdab.com\/#\/schema\/person\/97079b7570c1e89ec0d9e138c3672136"},"breadcrumb":{"@id":"https:\/\/www.zerdab.com\/?p=1487#breadcrumb"},"inLanguage":"az","potentialAction":[{"@type":"ReadAction","target":["https:\/\/www.zerdab.com\/?p=1487"]}]},{"@type":"ImageObject","inLanguage":"az","@id":"https:\/\/www.zerdab.com\/?p=1487#primaryimage","url":"","contentUrl":""},{"@type":"BreadcrumbList","@id":"https:\/\/www.zerdab.com\/?p=1487#breadcrumb","itemListElement":[{"@type":"ListItem","position":1,"name":"Home","item":"https:\/\/www.zerdab.com\/"},{"@type":"ListItem","position":2,"name":"P\u0259rvin Mahmudova YAP Z\u0259rdab rayon t\u0259\u015fkilat\u0131n\u0131n s\u0259dri se\u00e7ildi"}]},{"@type":"WebSite","@id":"https:\/\/www.zerdab.com\/#website","url":"https:\/\/www.zerdab.com\/","name":"Z\u0259rdab.com","description":"","potentialAction":[{"@type":"SearchAction","target":{"@type":"EntryPoint","urlTemplate":"https:\/\/www.zerdab.com\/?s={search_term_string}"},"query-input":{"@type":"PropertyValueSpecification","valueRequired":true,"valueName":"search_term_string"}}],"inLanguage":"az"},{"@type":"Person","@id":"https:\/\/www.zerdab.com\/#\/schema\/person\/97079b7570c1e89ec0d9e138c3672136","name":"admin","image":{"@type":"ImageObject","inLanguage":"az","@id":"https:\/\/www.zerdab.com\/#\/schema\/person\/image\/","url":"https:\/\/secure.gravatar.com\/avatar\/d9c52a9a27c32119cb6679a077fa3e2779e5f822c451cbf01098004361d466ec?s=96&d=mm&r=g","contentUrl":"https:\/\/secure.gravatar.com\/avatar\/d9c52a9a27c32119cb6679a077fa3e2779e5f822c451cbf01098004361d466ec?s=96&d=mm&r=g","caption":"admin"},"url":"https:\/\/www.zerdab.com\/?author=1"}]}},"_links":{"self":[{"href":"https:\/\/www.zerdab.com\/index.php?rest_route=\/wp\/v2\/posts\/1487","targetHints":{"allow":["GET"]}}],"collection":[{"href":"https:\/\/www.zerdab.com\/index.php?rest_route=\/wp\/v2\/posts"}],"about":[{"href":"https:\/\/www.zerdab.com\/index.php?rest_route=\/wp\/v2\/types\/post"}],"author":[{"embeddable":true,"href":"https:\/\/www.zerdab.com\/index.php?rest_route=\/wp\/v2\/users\/1"}],"replies":[{"embeddable":true,"href":"https:\/\/www.zerdab.com\/index.php?rest_route=%2Fwp%2Fv2%2Fcomments&post=1487"}],"version-history":[{"count":4,"href":"https:\/\/www.zerdab.com\/index.php?rest_route=\/wp\/v2\/posts\/1487\/revisions"}],"predecessor-version":[{"id":1654,"href":"https:\/\/www.zerdab.com\/index.php?rest_route=\/wp\/v2\/posts\/1487\/revisions\/1654"}],"wp:attachment":[{"href":"https:\/\/www.zerdab.com\/index.php?rest_route=%2Fwp%2Fv2%2Fmedia&parent=1487"}],"wp:term":[{"taxonomy":"category","embeddable":true,"href":"https:\/\/www.zerdab.com\/index.php?rest_route=%2Fwp%2Fv2%2Fcategories&post=1487"},{"taxonomy":"post_tag","embeddable":true,"href":"https:\/\/www.zerdab.com\/index.php?rest_route=%2Fwp%2Fv2%2Ftags&post=1487"}],"curies":[{"name":"wp","href":"https:\/\/api.w.org\/{rel}","templated":true}]}}