{"id":14884,"date":"2014-03-06T07:00:39","date_gmt":"2014-03-06T03:00:39","guid":{"rendered":"http:\/\/www.zerdab.com\/?p=14884"},"modified":"2014-03-05T23:25:33","modified_gmt":"2014-03-05T19:25:33","slug":"z%c9%99rdab-rayon-heyd%c9%99r-%c9%99liyev-m%c9%99rk%c9%99zind%c9%99-8-mart-t%c9%99dbiri","status":"publish","type":"post","link":"https:\/\/www.zerdab.com\/?p=14884","title":{"rendered":"Z\u0259rdab rayon Heyd\u0259r \u018fliyev M\u0259rk\u0259zind\u0259 8 MART t\u0259dbiri"},"content":{"rendered":"<p><a href=\"http:\/\/www.zerdab.com\/wp-content\/uploads\/2014\/03\/8mart1.jpg\"><img loading=\"lazy\" decoding=\"async\" class=\"aligncenter size-large wp-image-14886\" alt=\"Z\u0259rdab rayon Heyd\u0259r \u018fliyev  M\u0259rk\u0259zi\" src=\"http:\/\/www.zerdab.com\/wp-content\/uploads\/2014\/03\/8mart1-550x366.jpg\" width=\"550\" height=\"366\" \/><\/a>Z\u0259rdab rayon Heyd\u0259r \u018fliyev\u00a0 M\u0259rk\u0259zind\u0259 8 Mart Beyn\u0259lxalq Qad\u0131nlar g\u00fcn\u00fc m\u00fcnasib\u0259til\u0259\u00a0 &#8220;Az\u0259rbaycan qad\u0131n\u0131-G\u00f6z\u0259lliy\u0259 can atan b\u00f6y\u00fck q\u0259lb sahibl\u0259ri&#8221; adl\u0131 \u0259d\u0259bi-b\u0259dii t\u0259dbir ke\u00e7irildi. Zerdab.com sayt\u0131na veril\u0259n m\u0259lumata g\u00f6r\u0259, t\u0259dbiri giri\u015f s\u00f6z\u00fc M\u0259rk\u0259zin direktoru K\u00f6n\u00fcl R\u0259himova a\u00e7araq bayram m\u00fcnasib\u0259til\u0259 t\u0259dbir\u0259\u00a0 i\u015ftirak\u00e7\u0131lar\u0131n\u0131 t\u0259brik etdi. Son ill\u0259rd\u0259 qad\u0131nlar\u0131n ictimai-siyasi h\u0259yatda f\u0259al m\u00f6vqe tutduqlar\u0131n\u0131 diqq\u0259t\u0259 \u00e7atd\u0131rd\u0131, onlar\u0131n \u00f6lk\u0259mizd\u0259 elm v\u0259 t\u0259hsilin inki\u015faf\u0131ndak\u0131 rolundan s\u00f6hb\u0259t\u00a0 a\u00e7d\u0131. Qeyd etdi ki, \u00fclvilik, z\u0259riflik v\u0259 g\u00f6z\u0259llik r\u0259mzi olan qad\u0131n ad\u0131 \u00f6lk\u0259mizd\u0259 h\u0259r zaman uca tutulmu\u015fdur. Az\u0259rbaycan qad\u0131n\u0131 b\u00fct\u00fcn d\u00f6vrl\u0259rd\u0259 \u00f6z istedad\u0131, z\u0259kas\u0131 v\u0259 irad\u0259si il\u0259 milli-m\u0259n\u0259vi d\u0259y\u0259rl\u0259rimizin qorunub saxlan\u0131lmas\u0131 v\u0259 ya\u015fad\u0131lmas\u0131nda m\u00fcst\u0259sna xidm\u0259tl\u0259r g\u00f6st\u0259rmi\u015fdir. Az\u0259rbaycan qad\u0131n\u0131 bu g\u00fcn art\u0131q \u00f6lk\u0259mizin ictimai-siyasi, iqtisadi m\u0259d\u0259ni h\u0259yat\u0131n\u0131n f\u0259al i\u015ftirak\u00e7\u0131s\u0131d\u0131r. Az\u0259rbaycan qad\u0131nlar\u0131n\u0131n b\u00fct\u00fcn sah\u0259l\u0259rd\u0259, o c\u00fcml\u0259d\u0259n m\u0259d\u0259niyy\u0259t v\u0259 inc\u0259s\u0259n\u0259td\u0259,\u00a0 t\u0259hsil v\u0259 s\u0259hiyy\u0259 sah\u0259sind\u0259\u00a0\u00a0 y\u00fcks\u0259k pe\u015f\u0259karl\u0131q g\u00f6st\u0259rm\u0259l\u0259rinin d\u0259rin tarixi k\u00f6kl\u0259ri vard\u0131r.<\/p>\n<p>Az\u0259rbaycan Respublikas\u0131n\u0131n \u0259m\u0259kdar elm xadimi,\u00a0 tibb elml\u0259ri doktoru, Az\u0259rbaycan Elml\u0259r Akademiyas\u0131n\u0131n akademiki Z\u0259rif\u0259 Xan\u0131m \u018fliyevan\u0131n d\u00fcnya oftalmologiyas\u0131na \u00e7ox d\u0259y\u0259rli t\u00f6hf\u0259l\u0259r verm\u0259sini qeyd ed\u0259n natiq,<\/p>\n<p>bu g\u00fcn Az\u0259rbaycan qad\u0131n\u0131na xas olan inc\u0259lik, z\u0259riflik, insansev\u0259rlik v\u0259 m\u0259rh\u0259m\u0259tlik c\u0259h\u0259tl\u0259rinin Az\u0259rbaycan\u0131n birinci xan\u0131m\u0131 Mehriban xan\u0131m \u018fliyevada t\u0259c\u0259ss\u00fcm edildiyini d\u0259 x\u00fcsusi vur\u011fulad\u0131.<\/p>\n<p>Natiq qeyd etdi ki, rayonumuzun da qad\u0131nlar\u0131 bu g\u00fcn ki\u015fil\u0259rl\u0259 b\u0259rab\u0259r b\u00fct\u00fcn sah\u0259l\u0259rd\u0259, o c\u00fcml\u0259d\u0259n k\u0259nd t\u0259s\u0259rr\u00fcfat\u0131nda, sahibkarl\u0131qda, t\u0259hsil, s\u0259hiyy\u0259, m\u0259d\u0259niyy\u0259t, idman v\u0259 dig\u0259r sah\u0259l\u0259rd\u0259 \u0259sl f\u0259dakarl\u0131q g\u00f6st\u0259rirl\u0259r.<\/p>\n<p>T\u0259dbird\u0259 dig\u0259r \u00e7\u0131x\u0131\u015f ed\u0259nl\u0259r xan\u0131mlar\u0131 8 mart Beyn\u0259lxalq Qad\u0131nlar g\u00fcn\u00fc m\u00fcnasib\u0259ti il\u0259 t\u0259brik edib, onlara u\u011furlar\u00a0 arzulad\u0131lar.<\/p>\n<p>Sonda m\u0259kt\u0259blil\u0259rin v\u0259 ba\u011f\u00e7a u\u015faqlar\u0131n\u0131n ifas\u0131nda \u015feirl\u0259r s\u0259sl\u0259ndirildi.<a href=\"http:\/\/www.zerdab.com\/wp-content\/uploads\/2014\/03\/8-mart.jpg\"><img loading=\"lazy\" decoding=\"async\" class=\"aligncenter size-large wp-image-14885\" alt=\"8 mart\" src=\"http:\/\/www.zerdab.com\/wp-content\/uploads\/2014\/03\/8-mart-550x366.jpg\" width=\"550\" height=\"366\" \/><\/a><\/p>\n","protected":false},"excerpt":{"rendered":"<p>Z\u0259rdab rayon Heyd\u0259r \u018fliyev\u00a0 M\u0259rk\u0259zind\u0259 8 Mart Beyn\u0259lxalq Qad\u0131nlar g\u00fcn\u00fc m\u00fcnasib\u0259til\u0259\u00a0 &#8220;Az\u0259rbaycan qad\u0131n\u0131-G\u00f6z\u0259lliy\u0259 can atan b\u00f6y\u00fck q\u0259lb sahibl\u0259ri&#8221; adl\u0131 \u0259d\u0259bi-b\u0259dii t\u0259dbir ke\u00e7irildi. Zerdab.com sayt\u0131na veril\u0259n m\u0259lumata g\u00f6r\u0259, t\u0259dbiri giri\u015f s\u00f6z\u00fc M\u0259rk\u0259zin direktoru K\u00f6n\u00fcl R\u0259himova a\u00e7araq bayram m\u00fcnasib\u0259til\u0259 t\u0259dbir\u0259\u00a0 i\u015ftirak\u00e7\u0131lar\u0131n\u0131 t\u0259brik etdi. Son ill\u0259rd\u0259 qad\u0131nlar\u0131n ictimai-siyasi h\u0259yatda f\u0259al m\u00f6vqe tutduqlar\u0131n\u0131 diqq\u0259t\u0259 \u00e7atd\u0131rd\u0131, onlar\u0131n \u00f6lk\u0259mizd\u0259 elm v\u0259 [&hellip;]<\/p>\n","protected":false},"author":1,"featured_media":0,"comment_status":"open","ping_status":"open","sticky":false,"template":"","format":"standard","meta":{"footnotes":""},"categories":[5],"tags":[],"class_list":{"0":"post-14884","1":"post","2":"type-post","3":"status-publish","4":"format-standard","6":"category-knd"},"yoast_head":"<!-- This site is optimized with the Yoast SEO plugin v27.0 - https:\/\/yoast.com\/product\/yoast-seo-wordpress\/ -->\n<title>Z\u0259rdab rayon Heyd\u0259r \u018fliyev M\u0259rk\u0259zind\u0259 8 MART t\u0259dbiri - Z\u0259rdab.com<\/title>\n<meta name=\"robots\" content=\"index, follow, max-snippet:-1, max-image-preview:large, max-video-preview:-1\" \/>\n<link rel=\"canonical\" href=\"https:\/\/www.zerdab.com\/?p=14884\" \/>\n<meta property=\"og:locale\" content=\"az_AZ\" \/>\n<meta property=\"og:type\" content=\"article\" \/>\n<meta property=\"og:title\" content=\"Z\u0259rdab rayon Heyd\u0259r \u018fliyev M\u0259rk\u0259zind\u0259 8 MART t\u0259dbiri - Z\u0259rdab.com\" \/>\n<meta property=\"og:description\" content=\"Z\u0259rdab rayon Heyd\u0259r \u018fliyev\u00a0 M\u0259rk\u0259zind\u0259 8 Mart Beyn\u0259lxalq Qad\u0131nlar g\u00fcn\u00fc m\u00fcnasib\u0259til\u0259\u00a0 &#8220;Az\u0259rbaycan qad\u0131n\u0131-G\u00f6z\u0259lliy\u0259 can atan b\u00f6y\u00fck q\u0259lb sahibl\u0259ri&#8221; adl\u0131 \u0259d\u0259bi-b\u0259dii t\u0259dbir ke\u00e7irildi. Zerdab.com sayt\u0131na veril\u0259n m\u0259lumata g\u00f6r\u0259, t\u0259dbiri giri\u015f s\u00f6z\u00fc M\u0259rk\u0259zin direktoru K\u00f6n\u00fcl R\u0259himova a\u00e7araq bayram m\u00fcnasib\u0259til\u0259 t\u0259dbir\u0259\u00a0 i\u015ftirak\u00e7\u0131lar\u0131n\u0131 t\u0259brik etdi. Son ill\u0259rd\u0259 qad\u0131nlar\u0131n ictimai-siyasi h\u0259yatda f\u0259al m\u00f6vqe tutduqlar\u0131n\u0131 diqq\u0259t\u0259 \u00e7atd\u0131rd\u0131, onlar\u0131n \u00f6lk\u0259mizd\u0259 elm v\u0259 [&hellip;]\" \/>\n<meta property=\"og:url\" content=\"https:\/\/www.zerdab.com\/?p=14884\" \/>\n<meta property=\"og:site_name\" content=\"Z\u0259rdab.com\" \/>\n<meta property=\"article:published_time\" content=\"2014-03-06T03:00:39+00:00\" \/>\n<meta property=\"og:image\" content=\"http:\/\/www.zerdab.com\/wp-content\/uploads\/2014\/03\/8mart1-550x366.jpg\" \/>\n<meta name=\"author\" content=\"admin\" \/>\n<meta name=\"twitter:card\" content=\"summary_large_image\" \/>\n<meta name=\"twitter:label1\" content=\"Written by\" \/>\n\t<meta name=\"twitter:data1\" content=\"admin\" \/>\n\t<meta name=\"twitter:label2\" content=\"Est. reading time\" \/>\n\t<meta name=\"twitter:data2\" content=\"2 minutes\" \/>\n<script type=\"application\/ld+json\" class=\"yoast-schema-graph\">{\"@context\":\"https:\/\/schema.org\",\"@graph\":[{\"@type\":\"Article\",\"@id\":\"https:\/\/www.zerdab.com\/?p=14884#article\",\"isPartOf\":{\"@id\":\"https:\/\/www.zerdab.com\/?p=14884\"},\"author\":{\"name\":\"admin\",\"@id\":\"https:\/\/www.zerdab.com\/#\/schema\/person\/97079b7570c1e89ec0d9e138c3672136\"},\"headline\":\"Z\u0259rdab rayon Heyd\u0259r \u018fliyev M\u0259rk\u0259zind\u0259 8 MART t\u0259dbiri\",\"datePublished\":\"2014-03-06T03:00:39+00:00\",\"mainEntityOfPage\":{\"@id\":\"https:\/\/www.zerdab.com\/?p=14884\"},\"wordCount\":474,\"commentCount\":2,\"image\":{\"@id\":\"https:\/\/www.zerdab.com\/?p=14884#primaryimage\"},\"thumbnailUrl\":\"http:\/\/www.zerdab.com\/wp-content\/uploads\/2014\/03\/8mart1-550x366.jpg\",\"articleSection\":[\"X\u018fB\u018fRL\u018fR\"],\"inLanguage\":\"az\",\"potentialAction\":[{\"@type\":\"CommentAction\",\"name\":\"Comment\",\"target\":[\"https:\/\/www.zerdab.com\/?p=14884#respond\"]}]},{\"@type\":\"WebPage\",\"@id\":\"https:\/\/www.zerdab.com\/?p=14884\",\"url\":\"https:\/\/www.zerdab.com\/?p=14884\",\"name\":\"Z\u0259rdab rayon Heyd\u0259r \u018fliyev M\u0259rk\u0259zind\u0259 8 MART t\u0259dbiri - Z\u0259rdab.com\",\"isPartOf\":{\"@id\":\"https:\/\/www.zerdab.com\/#website\"},\"primaryImageOfPage\":{\"@id\":\"https:\/\/www.zerdab.com\/?p=14884#primaryimage\"},\"image\":{\"@id\":\"https:\/\/www.zerdab.com\/?p=14884#primaryimage\"},\"thumbnailUrl\":\"http:\/\/www.zerdab.com\/wp-content\/uploads\/2014\/03\/8mart1-550x366.jpg\",\"datePublished\":\"2014-03-06T03:00:39+00:00\",\"author\":{\"@id\":\"https:\/\/www.zerdab.com\/#\/schema\/person\/97079b7570c1e89ec0d9e138c3672136\"},\"breadcrumb\":{\"@id\":\"https:\/\/www.zerdab.com\/?p=14884#breadcrumb\"},\"inLanguage\":\"az\",\"potentialAction\":[{\"@type\":\"ReadAction\",\"target\":[\"https:\/\/www.zerdab.com\/?p=14884\"]}]},{\"@type\":\"ImageObject\",\"inLanguage\":\"az\",\"@id\":\"https:\/\/www.zerdab.com\/?p=14884#primaryimage\",\"url\":\"\",\"contentUrl\":\"\"},{\"@type\":\"BreadcrumbList\",\"@id\":\"https:\/\/www.zerdab.com\/?p=14884#breadcrumb\",\"itemListElement\":[{\"@type\":\"ListItem\",\"position\":1,\"name\":\"Home\",\"item\":\"https:\/\/www.zerdab.com\/\"},{\"@type\":\"ListItem\",\"position\":2,\"name\":\"Z\u0259rdab rayon Heyd\u0259r \u018fliyev M\u0259rk\u0259zind\u0259 8 MART t\u0259dbiri\"}]},{\"@type\":\"WebSite\",\"@id\":\"https:\/\/www.zerdab.com\/#website\",\"url\":\"https:\/\/www.zerdab.com\/\",\"name\":\"Z\u0259rdab.com\",\"description\":\"\",\"potentialAction\":[{\"@type\":\"SearchAction\",\"target\":{\"@type\":\"EntryPoint\",\"urlTemplate\":\"https:\/\/www.zerdab.com\/?s={search_term_string}\"},\"query-input\":{\"@type\":\"PropertyValueSpecification\",\"valueRequired\":true,\"valueName\":\"search_term_string\"}}],\"inLanguage\":\"az\"},{\"@type\":\"Person\",\"@id\":\"https:\/\/www.zerdab.com\/#\/schema\/person\/97079b7570c1e89ec0d9e138c3672136\",\"name\":\"admin\",\"image\":{\"@type\":\"ImageObject\",\"inLanguage\":\"az\",\"@id\":\"https:\/\/www.zerdab.com\/#\/schema\/person\/image\/\",\"url\":\"https:\/\/secure.gravatar.com\/avatar\/d9c52a9a27c32119cb6679a077fa3e2779e5f822c451cbf01098004361d466ec?s=96&d=mm&r=g\",\"contentUrl\":\"https:\/\/secure.gravatar.com\/avatar\/d9c52a9a27c32119cb6679a077fa3e2779e5f822c451cbf01098004361d466ec?s=96&d=mm&r=g\",\"caption\":\"admin\"},\"url\":\"https:\/\/www.zerdab.com\/?author=1\"}]}<\/script>\n<!-- \/ Yoast SEO plugin. -->","yoast_head_json":{"title":"Z\u0259rdab rayon Heyd\u0259r \u018fliyev M\u0259rk\u0259zind\u0259 8 MART t\u0259dbiri - Z\u0259rdab.com","robots":{"index":"index","follow":"follow","max-snippet":"max-snippet:-1","max-image-preview":"max-image-preview:large","max-video-preview":"max-video-preview:-1"},"canonical":"https:\/\/www.zerdab.com\/?p=14884","og_locale":"az_AZ","og_type":"article","og_title":"Z\u0259rdab rayon Heyd\u0259r \u018fliyev M\u0259rk\u0259zind\u0259 8 MART t\u0259dbiri - Z\u0259rdab.com","og_description":"Z\u0259rdab rayon Heyd\u0259r \u018fliyev\u00a0 M\u0259rk\u0259zind\u0259 8 Mart Beyn\u0259lxalq Qad\u0131nlar g\u00fcn\u00fc m\u00fcnasib\u0259til\u0259\u00a0 &#8220;Az\u0259rbaycan qad\u0131n\u0131-G\u00f6z\u0259lliy\u0259 can atan b\u00f6y\u00fck q\u0259lb sahibl\u0259ri&#8221; adl\u0131 \u0259d\u0259bi-b\u0259dii t\u0259dbir ke\u00e7irildi. Zerdab.com sayt\u0131na veril\u0259n m\u0259lumata g\u00f6r\u0259, t\u0259dbiri giri\u015f s\u00f6z\u00fc M\u0259rk\u0259zin direktoru K\u00f6n\u00fcl R\u0259himova a\u00e7araq bayram m\u00fcnasib\u0259til\u0259 t\u0259dbir\u0259\u00a0 i\u015ftirak\u00e7\u0131lar\u0131n\u0131 t\u0259brik etdi. Son ill\u0259rd\u0259 qad\u0131nlar\u0131n ictimai-siyasi h\u0259yatda f\u0259al m\u00f6vqe tutduqlar\u0131n\u0131 diqq\u0259t\u0259 \u00e7atd\u0131rd\u0131, onlar\u0131n \u00f6lk\u0259mizd\u0259 elm v\u0259 [&hellip;]","og_url":"https:\/\/www.zerdab.com\/?p=14884","og_site_name":"Z\u0259rdab.com","article_published_time":"2014-03-06T03:00:39+00:00","og_image":[{"url":"http:\/\/www.zerdab.com\/wp-content\/uploads\/2014\/03\/8mart1-550x366.jpg","type":"","width":"","height":""}],"author":"admin","twitter_card":"summary_large_image","twitter_misc":{"Written by":"admin","Est. reading time":"2 minutes"},"schema":{"@context":"https:\/\/schema.org","@graph":[{"@type":"Article","@id":"https:\/\/www.zerdab.com\/?p=14884#article","isPartOf":{"@id":"https:\/\/www.zerdab.com\/?p=14884"},"author":{"name":"admin","@id":"https:\/\/www.zerdab.com\/#\/schema\/person\/97079b7570c1e89ec0d9e138c3672136"},"headline":"Z\u0259rdab rayon Heyd\u0259r \u018fliyev M\u0259rk\u0259zind\u0259 8 MART t\u0259dbiri","datePublished":"2014-03-06T03:00:39+00:00","mainEntityOfPage":{"@id":"https:\/\/www.zerdab.com\/?p=14884"},"wordCount":474,"commentCount":2,"image":{"@id":"https:\/\/www.zerdab.com\/?p=14884#primaryimage"},"thumbnailUrl":"http:\/\/www.zerdab.com\/wp-content\/uploads\/2014\/03\/8mart1-550x366.jpg","articleSection":["X\u018fB\u018fRL\u018fR"],"inLanguage":"az","potentialAction":[{"@type":"CommentAction","name":"Comment","target":["https:\/\/www.zerdab.com\/?p=14884#respond"]}]},{"@type":"WebPage","@id":"https:\/\/www.zerdab.com\/?p=14884","url":"https:\/\/www.zerdab.com\/?p=14884","name":"Z\u0259rdab rayon Heyd\u0259r \u018fliyev M\u0259rk\u0259zind\u0259 8 MART t\u0259dbiri - Z\u0259rdab.com","isPartOf":{"@id":"https:\/\/www.zerdab.com\/#website"},"primaryImageOfPage":{"@id":"https:\/\/www.zerdab.com\/?p=14884#primaryimage"},"image":{"@id":"https:\/\/www.zerdab.com\/?p=14884#primaryimage"},"thumbnailUrl":"http:\/\/www.zerdab.com\/wp-content\/uploads\/2014\/03\/8mart1-550x366.jpg","datePublished":"2014-03-06T03:00:39+00:00","author":{"@id":"https:\/\/www.zerdab.com\/#\/schema\/person\/97079b7570c1e89ec0d9e138c3672136"},"breadcrumb":{"@id":"https:\/\/www.zerdab.com\/?p=14884#breadcrumb"},"inLanguage":"az","potentialAction":[{"@type":"ReadAction","target":["https:\/\/www.zerdab.com\/?p=14884"]}]},{"@type":"ImageObject","inLanguage":"az","@id":"https:\/\/www.zerdab.com\/?p=14884#primaryimage","url":"","contentUrl":""},{"@type":"BreadcrumbList","@id":"https:\/\/www.zerdab.com\/?p=14884#breadcrumb","itemListElement":[{"@type":"ListItem","position":1,"name":"Home","item":"https:\/\/www.zerdab.com\/"},{"@type":"ListItem","position":2,"name":"Z\u0259rdab rayon Heyd\u0259r \u018fliyev M\u0259rk\u0259zind\u0259 8 MART t\u0259dbiri"}]},{"@type":"WebSite","@id":"https:\/\/www.zerdab.com\/#website","url":"https:\/\/www.zerdab.com\/","name":"Z\u0259rdab.com","description":"","potentialAction":[{"@type":"SearchAction","target":{"@type":"EntryPoint","urlTemplate":"https:\/\/www.zerdab.com\/?s={search_term_string}"},"query-input":{"@type":"PropertyValueSpecification","valueRequired":true,"valueName":"search_term_string"}}],"inLanguage":"az"},{"@type":"Person","@id":"https:\/\/www.zerdab.com\/#\/schema\/person\/97079b7570c1e89ec0d9e138c3672136","name":"admin","image":{"@type":"ImageObject","inLanguage":"az","@id":"https:\/\/www.zerdab.com\/#\/schema\/person\/image\/","url":"https:\/\/secure.gravatar.com\/avatar\/d9c52a9a27c32119cb6679a077fa3e2779e5f822c451cbf01098004361d466ec?s=96&d=mm&r=g","contentUrl":"https:\/\/secure.gravatar.com\/avatar\/d9c52a9a27c32119cb6679a077fa3e2779e5f822c451cbf01098004361d466ec?s=96&d=mm&r=g","caption":"admin"},"url":"https:\/\/www.zerdab.com\/?author=1"}]}},"_links":{"self":[{"href":"https:\/\/www.zerdab.com\/index.php?rest_route=\/wp\/v2\/posts\/14884","targetHints":{"allow":["GET"]}}],"collection":[{"href":"https:\/\/www.zerdab.com\/index.php?rest_route=\/wp\/v2\/posts"}],"about":[{"href":"https:\/\/www.zerdab.com\/index.php?rest_route=\/wp\/v2\/types\/post"}],"author":[{"embeddable":true,"href":"https:\/\/www.zerdab.com\/index.php?rest_route=\/wp\/v2\/users\/1"}],"replies":[{"embeddable":true,"href":"https:\/\/www.zerdab.com\/index.php?rest_route=%2Fwp%2Fv2%2Fcomments&post=14884"}],"version-history":[{"count":1,"href":"https:\/\/www.zerdab.com\/index.php?rest_route=\/wp\/v2\/posts\/14884\/revisions"}],"predecessor-version":[{"id":14887,"href":"https:\/\/www.zerdab.com\/index.php?rest_route=\/wp\/v2\/posts\/14884\/revisions\/14887"}],"wp:attachment":[{"href":"https:\/\/www.zerdab.com\/index.php?rest_route=%2Fwp%2Fv2%2Fmedia&parent=14884"}],"wp:term":[{"taxonomy":"category","embeddable":true,"href":"https:\/\/www.zerdab.com\/index.php?rest_route=%2Fwp%2Fv2%2Fcategories&post=14884"},{"taxonomy":"post_tag","embeddable":true,"href":"https:\/\/www.zerdab.com\/index.php?rest_route=%2Fwp%2Fv2%2Ftags&post=14884"}],"curies":[{"name":"wp","href":"https:\/\/api.w.org\/{rel}","templated":true}]}}