{"id":14912,"date":"2014-03-07T08:09:05","date_gmt":"2014-03-07T04:09:05","guid":{"rendered":"http:\/\/www.zerdab.com\/?p=14912"},"modified":"2014-03-07T00:19:44","modified_gmt":"2014-03-06T20:19:44","slug":"z%c9%99rdabda-sahibkarlarla-gorus-kecirildi-foto","status":"publish","type":"post","link":"https:\/\/www.zerdab.com\/?p=14912","title":{"rendered":"Z\u0259rdabda sahibkarlarla g\u00f6r\u00fc\u015f ke\u00e7irildi &#8211; foto"},"content":{"rendered":"<p><a href=\"http:\/\/www.zerdab.com\/wp-content\/uploads\/2014\/03\/sahibkar-Zerdab1.jpg\"><img loading=\"lazy\" decoding=\"async\" class=\"aligncenter size-large wp-image-14914\" alt=\"Z\u0259rdab Rayon \u0130cra Hakimiyy\u0259ti\" src=\"http:\/\/www.zerdab.com\/wp-content\/uploads\/2014\/03\/sahibkar-Zerdab1-550x365.jpg\" width=\"550\" height=\"365\" \/><\/a> Novruz bayram\u0131na haz\u0131rl\u0131q \u0259r\u0259f\u0259sind\u0259 Z\u0259rdab rayonunda yeli sahibkarlarla rayon r\u0259hb\u0259rliyinin g\u00f6r\u00fc\u015f\u00fc ke\u00e7irilmi\u015fdir.<\/p>\n<p>\u00d6nc\u0259 y\u0131\u011f\u0131ncaq i\u015ftirak\u00e7\u0131lar\u0131 sahibkarlar\u0131n f\u0259aliyy\u0259tin\u0259 v\u0259 2013-c\u00fc ild\u0259 rayonda g\u00f6r\u00fcl\u0259n tikinti-quruculuq i\u015fl\u0259rin\u0259 aid video\u00e7arxa baxm\u0131\u015flar.<\/p>\n<p>G\u00f6r\u00fc\u015f\u00fc giri\u015f s\u00f6z\u00fc il\u0259 a\u00e7an Rayon \u0130cra Hakimiyy\u0259tinin ba\u015f\u00e7\u0131s\u0131 L\u00fctv\u0259li Babayev son ill\u0259r d\u00f6vl\u0259t s\u0259viyy\u0259sind\u0259 sahibkarlara g\u00f6st\u0259ril\u0259n diqq\u0259t v\u0259 qay\u011f\u0131dan dan\u0131\u015fm\u0131\u015fd\u0131r. X\u00fcsusil\u0259 \u00f6lk\u0259 Prezidenti c\u0259nab \u0130lham \u018fliyev t\u0259r\u0259find\u0259n daim sahibkarlara d\u0259st\u0259k g\u00f6st\u0259rilm\u0259si, sahibkarlara uzunm\u00fcdd\u0259tli kreditl\u0259rin verilm\u0259si, d\u00f6vl\u0259t ba\u015f\u00e7\u0131s\u0131n\u0131n yeni istifad\u0259y\u0259 veril\u0259n sahibkarl\u0131q obyektl\u0259rinin a\u00e7\u0131l\u0131\u015f\u0131nda \u015f\u0259xs\u0259n i\u015ftirak etm\u0259si y\u0131\u011f\u0131ncaq i\u015ftirak\u00e7\u0131lar\u0131n\u0131n diqq\u0259tin\u0259 \u00e7atd\u0131r\u0131lm\u0131\u015fd\u0131r.<\/p>\n<p>Sahibkarlara \u00f6lk\u0259 Prezidentinin &#8220;Sahibkarl\u0131\u011f\u0131n inki\u015faf\u0131 il\u0259 ba\u011fl\u0131 \u0259lav\u0259 t\u0259dbirl\u0259r haqq\u0131nda&#8221; 03 mart 2014-c\u00fc il tarixli F\u0259rman\u0131 bar\u0259d\u0259 m\u0259lumat verilmi\u015fdir.<\/p>\n<p>G\u00f6r\u00fc\u015fd\u0259 qeyd olunmu\u015fdur ki, \u00f6lk\u0259 r\u0259hb\u0259rinin tap\u015f\u0131r\u0131\u011f\u0131na uy\u011fun olaraq rayonda da sahibkarlara laz\u0131mi \u015f\u0259rait yarad\u0131l\u0131r, s\u0259rb\u0259st iqtisadiyyata geni\u015f meydan verilir. Tez-tez sahibkarlara rayon r\u0259hb\u0259rliyinin g\u00f6r\u00fc\u015fl\u0259ri ke\u00e7irilir, onlar\u0131 narahat ed\u0259n m\u0259s\u0259l\u0259l\u0259rin h\u0259lli istiqam\u0259tind\u0259 konkret t\u0259dbirl\u0259r g\u00f6r\u00fcl\u00fcr.<\/p>\n<p>\u00d6t\u0259n il onlarla yeni sahibkarl\u0131q obyekti tikilib istifad\u0259y\u0259 verilmi\u015fdir. \u00dcmummilli lider Heyd\u0259r \u018fliyevin 90 illik yubileyi \u0259r\u0259f\u0259sind\u0259 rayonun M\u0259mm\u0259dqas\u0131ml\u0131 k\u0259ndind\u0259 sahibkar \u0130ntiqam A\u011falarovun in\u015fa etdirdiyi, sutkada 50 ton istehsal g\u00fcc\u00fc olan un d\u0259yirman\u0131n\u0131n rayon r\u0259hb\u0259rliyinin i\u015ftirak\u0131 il\u0259 t\u0259nt\u0259n\u0259li a\u00e7\u0131l\u0131\u015f\u0131 olmu\u015fdur.<\/p>\n<p>T\u0259kc\u0259 2013-c\u00fc ild\u0259 263 fiziki, 14 h\u00fcquqi \u015f\u0259xs vergi orqanlar\u0131nda qeydiyyatdan ke\u00e7mi\u015fdir.<\/p>\n<p>Son 5 ild\u0259 150 n\u0259f\u0259r\u0259 q\u0259d\u0259r sahibkara s\u0259rb\u0259st iqtisadiyyat\u0131n geni\u015fl\u0259ndirilm\u0259si, yeni sahibkarl\u0131q obyektl\u0259rinin a\u00e7\u0131lmas\u0131 m\u0259qs\u0259dil\u0259 \u015f\u0259h\u0259rd\u0259 v\u0259 k\u0259ndl\u0259rd\u0259 torpaq sah\u0259l\u0259ri ayr\u0131lm\u0131\u015fd\u0131r. Sanitar-gigiyenik qaydalara \u0259m\u0259l olunmas\u0131, \u015f\u0259h\u0259rin t\u0259mizliyinin qorunub saxlan\u0131lmas\u0131 m\u0259qs\u0259dil\u0259 k\u00fc\u00e7\u0259, meydan v\u0259 parklara 100-d\u0259n \u00e7ox yeni zibil qutular\u0131 qoyulmu\u015fdur. Son d\u00f6vrd\u0259 Sahibkarl\u0131\u011fa K\u00f6m\u0259k Milli Fondunun r\u0259hb\u0259rliyinin 3 d\u0259f\u0259 rayonun sahibkarlar\u0131 v\u0259 fermerl\u0259ri il\u0259 g\u00f6r\u00fc\u015f\u00fc t\u0259\u015fkil olunmu\u015fdur.<\/p>\n<p>T\u0259dbird\u0259 Rayon \u0130cra Hakimiyy\u0259ti Ba\u015f\u00e7\u0131s\u0131n\u0131n Z\u0259rdab \u015f\u0259h\u0259r inzibati \u0259razi dair\u0259si \u00fczr\u0259 n\u00fcmay\u0259nd\u0259si Hafiz K\u0259rimov, Gigiyena v\u0259 Epidemiologiya M\u0259rk\u0259zinin direktoru R\u0259\u015fid H\u00fcseynov, Z\u0259rdab b\u0259l\u0259diyy\u0259sinin s\u0259dri H\u0259s\u0259n Eminov, Baytarl\u0131q \u0130dar\u0259sinin r\u0259isi M\u0259nsim P\u0259nahov, sahibkar, &#8220;T\u0259r\u0259qqi&#8221; medall\u0131 Telman \u0130smay\u0131lov v\u0259 dig\u0259rl\u0259ri \u00e7\u0131x\u0131\u015f etmi\u015f, sahibkarlar\u0131 maraqland\u0131ran suallar cavabland\u0131r\u0131lm\u0131\u015fd\u0131r.<\/p>\n<p>Rayonda sahibkarl\u0131\u011f\u0131n daha da inki\u015faf etdirilm\u0259si \u00fc\u00e7\u00fcn \u0259lav\u0259 t\u0259dbirl\u0259rin h\u0259yata ke\u00e7irilm\u0259si n\u0259z\u0259rd\u0259 tutulmu\u015fdur.<\/p>\n<p>Yeni sahibkarl\u0131q obyektl\u0259rinin m\u00fcasir \u00fcslubda tikilm\u0259si, obyektl\u0259rin \u0259razisinin abadla\u015fd\u0131r\u0131lmas\u0131, m\u00fcvafiq qurumlarla birlikd\u0259 zibil tullant\u0131lar\u0131n\u0131n vaxt\u0131nda g\u00f6t\u00fcr\u00fclm\u0259sinin t\u0259\u015fkili, \u0259haliy\u0259 n\u00fcmun\u0259vi xidm\u0259t g\u00f6st\u0259rilm\u0259si, vaxt\u0131 ke\u00e7mi\u015f qida m\u0259hsullar\u0131n\u0131n, o c\u00fcml\u0259d\u0259n \u0259t, kolbasa v\u0259 dig\u0259r \u0259rzaq m\u0259hsullar\u0131n\u0131n sat\u0131\u015f\u0131na yol verilm\u0259m\u0259si, Novruz bayram\u0131 \u0259r\u0259f\u0259sind\u0259 qiym\u0259tl\u0259rin s\u00fcni \u015f\u0259kild\u0259 art\u0131r\u0131lmamas\u0131, sahibkarl\u0131q f\u0259aliyy\u0259ti \u00fc\u00e7\u00fcn m\u00fctl\u0259q lisenziyalar\u0131n olmas\u0131 v\u0259 sair m\u0259s\u0259l\u0259l\u0259rl\u0259 ba\u011fl\u0131 sahibkarlara m\u00fcvafiq t\u00f6vsiy\u0259l\u0259r verilmi\u015fdir.<\/p>\n<p><strong>Z\u0259rdab Rayon \u0130cra Hakimiyy\u0259ti<a href=\"http:\/\/www.zerdab.com\/wp-content\/uploads\/2014\/03\/sahibkar-Zerdab.jpg\"><img loading=\"lazy\" decoding=\"async\" class=\"aligncenter size-large wp-image-14913\" alt=\"Z\u0259rdab Rayon \u0130cra Hakimiyy\u0259ti\" src=\"http:\/\/www.zerdab.com\/wp-content\/uploads\/2014\/03\/sahibkar-Zerdab-550x365.jpg\" width=\"550\" height=\"365\" \/><\/a><a href=\"http:\/\/www.zerdab.com\/wp-content\/uploads\/2014\/03\/sahibkar-Zerdab2.jpg\"><img loading=\"lazy\" decoding=\"async\" class=\"aligncenter size-large wp-image-14915\" alt=\"Z\u0259rdab Rayon \u0130cra Hakimiyy\u0259ti\" src=\"http:\/\/www.zerdab.com\/wp-content\/uploads\/2014\/03\/sahibkar-Zerdab2-550x365.jpg\" width=\"550\" height=\"365\" \/><\/a><\/strong><\/p>\n<p>&nbsp;<\/p>\n","protected":false},"excerpt":{"rendered":"<p>Novruz bayram\u0131na haz\u0131rl\u0131q \u0259r\u0259f\u0259sind\u0259 Z\u0259rdab rayonunda yeli sahibkarlarla rayon r\u0259hb\u0259rliyinin g\u00f6r\u00fc\u015f\u00fc ke\u00e7irilmi\u015fdir. \u00d6nc\u0259 y\u0131\u011f\u0131ncaq i\u015ftirak\u00e7\u0131lar\u0131 sahibkarlar\u0131n f\u0259aliyy\u0259tin\u0259 v\u0259 2013-c\u00fc ild\u0259 rayonda g\u00f6r\u00fcl\u0259n tikinti-quruculuq i\u015fl\u0259rin\u0259 aid video\u00e7arxa baxm\u0131\u015flar. G\u00f6r\u00fc\u015f\u00fc giri\u015f s\u00f6z\u00fc il\u0259 a\u00e7an Rayon \u0130cra Hakimiyy\u0259tinin ba\u015f\u00e7\u0131s\u0131 L\u00fctv\u0259li Babayev son ill\u0259r d\u00f6vl\u0259t s\u0259viyy\u0259sind\u0259 sahibkarlara g\u00f6st\u0259ril\u0259n diqq\u0259t v\u0259 qay\u011f\u0131dan dan\u0131\u015fm\u0131\u015fd\u0131r. X\u00fcsusil\u0259 \u00f6lk\u0259 Prezidenti c\u0259nab \u0130lham \u018fliyev t\u0259r\u0259find\u0259n [&hellip;]<\/p>\n","protected":false},"author":1,"featured_media":0,"comment_status":"open","ping_status":"open","sticky":false,"template":"","format":"standard","meta":{"footnotes":""},"categories":[5],"tags":[],"class_list":{"0":"post-14912","1":"post","2":"type-post","3":"status-publish","4":"format-standard","6":"category-knd"},"yoast_head":"<!-- This site is optimized with the Yoast SEO plugin v27.0 - https:\/\/yoast.com\/product\/yoast-seo-wordpress\/ -->\n<title>Z\u0259rdabda sahibkarlarla g\u00f6r\u00fc\u015f ke\u00e7irildi - foto - Z\u0259rdab.com<\/title>\n<meta name=\"robots\" content=\"index, follow, max-snippet:-1, max-image-preview:large, max-video-preview:-1\" \/>\n<link rel=\"canonical\" href=\"https:\/\/www.zerdab.com\/?p=14912\" \/>\n<meta property=\"og:locale\" content=\"az_AZ\" \/>\n<meta property=\"og:type\" content=\"article\" \/>\n<meta property=\"og:title\" content=\"Z\u0259rdabda sahibkarlarla g\u00f6r\u00fc\u015f ke\u00e7irildi - foto - Z\u0259rdab.com\" \/>\n<meta property=\"og:description\" content=\"Novruz bayram\u0131na haz\u0131rl\u0131q \u0259r\u0259f\u0259sind\u0259 Z\u0259rdab rayonunda yeli sahibkarlarla rayon r\u0259hb\u0259rliyinin g\u00f6r\u00fc\u015f\u00fc ke\u00e7irilmi\u015fdir. \u00d6nc\u0259 y\u0131\u011f\u0131ncaq i\u015ftirak\u00e7\u0131lar\u0131 sahibkarlar\u0131n f\u0259aliyy\u0259tin\u0259 v\u0259 2013-c\u00fc ild\u0259 rayonda g\u00f6r\u00fcl\u0259n tikinti-quruculuq i\u015fl\u0259rin\u0259 aid video\u00e7arxa baxm\u0131\u015flar. G\u00f6r\u00fc\u015f\u00fc giri\u015f s\u00f6z\u00fc il\u0259 a\u00e7an Rayon \u0130cra Hakimiyy\u0259tinin ba\u015f\u00e7\u0131s\u0131 L\u00fctv\u0259li Babayev son ill\u0259r d\u00f6vl\u0259t s\u0259viyy\u0259sind\u0259 sahibkarlara g\u00f6st\u0259ril\u0259n diqq\u0259t v\u0259 qay\u011f\u0131dan dan\u0131\u015fm\u0131\u015fd\u0131r. X\u00fcsusil\u0259 \u00f6lk\u0259 Prezidenti c\u0259nab \u0130lham \u018fliyev t\u0259r\u0259find\u0259n [&hellip;]\" \/>\n<meta property=\"og:url\" content=\"https:\/\/www.zerdab.com\/?p=14912\" \/>\n<meta property=\"og:site_name\" content=\"Z\u0259rdab.com\" \/>\n<meta property=\"article:published_time\" content=\"2014-03-07T04:09:05+00:00\" \/>\n<meta property=\"og:image\" content=\"http:\/\/www.zerdab.com\/wp-content\/uploads\/2014\/03\/sahibkar-Zerdab1-550x365.jpg\" \/>\n<meta name=\"author\" content=\"admin\" \/>\n<meta name=\"twitter:card\" content=\"summary_large_image\" \/>\n<meta name=\"twitter:label1\" content=\"Written by\" \/>\n\t<meta name=\"twitter:data1\" content=\"admin\" \/>\n\t<meta name=\"twitter:label2\" content=\"Est. reading time\" \/>\n\t<meta name=\"twitter:data2\" content=\"3 minutes\" \/>\n<script type=\"application\/ld+json\" class=\"yoast-schema-graph\">{\"@context\":\"https:\/\/schema.org\",\"@graph\":[{\"@type\":\"Article\",\"@id\":\"https:\/\/www.zerdab.com\/?p=14912#article\",\"isPartOf\":{\"@id\":\"https:\/\/www.zerdab.com\/?p=14912\"},\"author\":{\"name\":\"admin\",\"@id\":\"https:\/\/www.zerdab.com\/#\/schema\/person\/97079b7570c1e89ec0d9e138c3672136\"},\"headline\":\"Z\u0259rdabda sahibkarlarla g\u00f6r\u00fc\u015f ke\u00e7irildi &#8211; foto\",\"datePublished\":\"2014-03-07T04:09:05+00:00\",\"mainEntityOfPage\":{\"@id\":\"https:\/\/www.zerdab.com\/?p=14912\"},\"wordCount\":668,\"commentCount\":0,\"image\":{\"@id\":\"https:\/\/www.zerdab.com\/?p=14912#primaryimage\"},\"thumbnailUrl\":\"http:\/\/www.zerdab.com\/wp-content\/uploads\/2014\/03\/sahibkar-Zerdab1-550x365.jpg\",\"articleSection\":[\"X\u018fB\u018fRL\u018fR\"],\"inLanguage\":\"az\",\"potentialAction\":[{\"@type\":\"CommentAction\",\"name\":\"Comment\",\"target\":[\"https:\/\/www.zerdab.com\/?p=14912#respond\"]}]},{\"@type\":\"WebPage\",\"@id\":\"https:\/\/www.zerdab.com\/?p=14912\",\"url\":\"https:\/\/www.zerdab.com\/?p=14912\",\"name\":\"Z\u0259rdabda sahibkarlarla g\u00f6r\u00fc\u015f ke\u00e7irildi - foto - Z\u0259rdab.com\",\"isPartOf\":{\"@id\":\"https:\/\/www.zerdab.com\/#website\"},\"primaryImageOfPage\":{\"@id\":\"https:\/\/www.zerdab.com\/?p=14912#primaryimage\"},\"image\":{\"@id\":\"https:\/\/www.zerdab.com\/?p=14912#primaryimage\"},\"thumbnailUrl\":\"http:\/\/www.zerdab.com\/wp-content\/uploads\/2014\/03\/sahibkar-Zerdab1-550x365.jpg\",\"datePublished\":\"2014-03-07T04:09:05+00:00\",\"author\":{\"@id\":\"https:\/\/www.zerdab.com\/#\/schema\/person\/97079b7570c1e89ec0d9e138c3672136\"},\"breadcrumb\":{\"@id\":\"https:\/\/www.zerdab.com\/?p=14912#breadcrumb\"},\"inLanguage\":\"az\",\"potentialAction\":[{\"@type\":\"ReadAction\",\"target\":[\"https:\/\/www.zerdab.com\/?p=14912\"]}]},{\"@type\":\"ImageObject\",\"inLanguage\":\"az\",\"@id\":\"https:\/\/www.zerdab.com\/?p=14912#primaryimage\",\"url\":\"\",\"contentUrl\":\"\"},{\"@type\":\"BreadcrumbList\",\"@id\":\"https:\/\/www.zerdab.com\/?p=14912#breadcrumb\",\"itemListElement\":[{\"@type\":\"ListItem\",\"position\":1,\"name\":\"Home\",\"item\":\"https:\/\/www.zerdab.com\/\"},{\"@type\":\"ListItem\",\"position\":2,\"name\":\"Z\u0259rdabda sahibkarlarla g\u00f6r\u00fc\u015f ke\u00e7irildi &#8211; foto\"}]},{\"@type\":\"WebSite\",\"@id\":\"https:\/\/www.zerdab.com\/#website\",\"url\":\"https:\/\/www.zerdab.com\/\",\"name\":\"Z\u0259rdab.com\",\"description\":\"\",\"potentialAction\":[{\"@type\":\"SearchAction\",\"target\":{\"@type\":\"EntryPoint\",\"urlTemplate\":\"https:\/\/www.zerdab.com\/?s={search_term_string}\"},\"query-input\":{\"@type\":\"PropertyValueSpecification\",\"valueRequired\":true,\"valueName\":\"search_term_string\"}}],\"inLanguage\":\"az\"},{\"@type\":\"Person\",\"@id\":\"https:\/\/www.zerdab.com\/#\/schema\/person\/97079b7570c1e89ec0d9e138c3672136\",\"name\":\"admin\",\"image\":{\"@type\":\"ImageObject\",\"inLanguage\":\"az\",\"@id\":\"https:\/\/www.zerdab.com\/#\/schema\/person\/image\/\",\"url\":\"https:\/\/secure.gravatar.com\/avatar\/d9c52a9a27c32119cb6679a077fa3e2779e5f822c451cbf01098004361d466ec?s=96&d=mm&r=g\",\"contentUrl\":\"https:\/\/secure.gravatar.com\/avatar\/d9c52a9a27c32119cb6679a077fa3e2779e5f822c451cbf01098004361d466ec?s=96&d=mm&r=g\",\"caption\":\"admin\"},\"url\":\"https:\/\/www.zerdab.com\/?author=1\"}]}<\/script>\n<!-- \/ Yoast SEO plugin. -->","yoast_head_json":{"title":"Z\u0259rdabda sahibkarlarla g\u00f6r\u00fc\u015f ke\u00e7irildi - foto - Z\u0259rdab.com","robots":{"index":"index","follow":"follow","max-snippet":"max-snippet:-1","max-image-preview":"max-image-preview:large","max-video-preview":"max-video-preview:-1"},"canonical":"https:\/\/www.zerdab.com\/?p=14912","og_locale":"az_AZ","og_type":"article","og_title":"Z\u0259rdabda sahibkarlarla g\u00f6r\u00fc\u015f ke\u00e7irildi - foto - Z\u0259rdab.com","og_description":"Novruz bayram\u0131na haz\u0131rl\u0131q \u0259r\u0259f\u0259sind\u0259 Z\u0259rdab rayonunda yeli sahibkarlarla rayon r\u0259hb\u0259rliyinin g\u00f6r\u00fc\u015f\u00fc ke\u00e7irilmi\u015fdir. \u00d6nc\u0259 y\u0131\u011f\u0131ncaq i\u015ftirak\u00e7\u0131lar\u0131 sahibkarlar\u0131n f\u0259aliyy\u0259tin\u0259 v\u0259 2013-c\u00fc ild\u0259 rayonda g\u00f6r\u00fcl\u0259n tikinti-quruculuq i\u015fl\u0259rin\u0259 aid video\u00e7arxa baxm\u0131\u015flar. G\u00f6r\u00fc\u015f\u00fc giri\u015f s\u00f6z\u00fc il\u0259 a\u00e7an Rayon \u0130cra Hakimiyy\u0259tinin ba\u015f\u00e7\u0131s\u0131 L\u00fctv\u0259li Babayev son ill\u0259r d\u00f6vl\u0259t s\u0259viyy\u0259sind\u0259 sahibkarlara g\u00f6st\u0259ril\u0259n diqq\u0259t v\u0259 qay\u011f\u0131dan dan\u0131\u015fm\u0131\u015fd\u0131r. X\u00fcsusil\u0259 \u00f6lk\u0259 Prezidenti c\u0259nab \u0130lham \u018fliyev t\u0259r\u0259find\u0259n [&hellip;]","og_url":"https:\/\/www.zerdab.com\/?p=14912","og_site_name":"Z\u0259rdab.com","article_published_time":"2014-03-07T04:09:05+00:00","og_image":[{"url":"http:\/\/www.zerdab.com\/wp-content\/uploads\/2014\/03\/sahibkar-Zerdab1-550x365.jpg","type":"","width":"","height":""}],"author":"admin","twitter_card":"summary_large_image","twitter_misc":{"Written by":"admin","Est. reading time":"3 minutes"},"schema":{"@context":"https:\/\/schema.org","@graph":[{"@type":"Article","@id":"https:\/\/www.zerdab.com\/?p=14912#article","isPartOf":{"@id":"https:\/\/www.zerdab.com\/?p=14912"},"author":{"name":"admin","@id":"https:\/\/www.zerdab.com\/#\/schema\/person\/97079b7570c1e89ec0d9e138c3672136"},"headline":"Z\u0259rdabda sahibkarlarla g\u00f6r\u00fc\u015f ke\u00e7irildi &#8211; foto","datePublished":"2014-03-07T04:09:05+00:00","mainEntityOfPage":{"@id":"https:\/\/www.zerdab.com\/?p=14912"},"wordCount":668,"commentCount":0,"image":{"@id":"https:\/\/www.zerdab.com\/?p=14912#primaryimage"},"thumbnailUrl":"http:\/\/www.zerdab.com\/wp-content\/uploads\/2014\/03\/sahibkar-Zerdab1-550x365.jpg","articleSection":["X\u018fB\u018fRL\u018fR"],"inLanguage":"az","potentialAction":[{"@type":"CommentAction","name":"Comment","target":["https:\/\/www.zerdab.com\/?p=14912#respond"]}]},{"@type":"WebPage","@id":"https:\/\/www.zerdab.com\/?p=14912","url":"https:\/\/www.zerdab.com\/?p=14912","name":"Z\u0259rdabda sahibkarlarla g\u00f6r\u00fc\u015f ke\u00e7irildi - foto - Z\u0259rdab.com","isPartOf":{"@id":"https:\/\/www.zerdab.com\/#website"},"primaryImageOfPage":{"@id":"https:\/\/www.zerdab.com\/?p=14912#primaryimage"},"image":{"@id":"https:\/\/www.zerdab.com\/?p=14912#primaryimage"},"thumbnailUrl":"http:\/\/www.zerdab.com\/wp-content\/uploads\/2014\/03\/sahibkar-Zerdab1-550x365.jpg","datePublished":"2014-03-07T04:09:05+00:00","author":{"@id":"https:\/\/www.zerdab.com\/#\/schema\/person\/97079b7570c1e89ec0d9e138c3672136"},"breadcrumb":{"@id":"https:\/\/www.zerdab.com\/?p=14912#breadcrumb"},"inLanguage":"az","potentialAction":[{"@type":"ReadAction","target":["https:\/\/www.zerdab.com\/?p=14912"]}]},{"@type":"ImageObject","inLanguage":"az","@id":"https:\/\/www.zerdab.com\/?p=14912#primaryimage","url":"","contentUrl":""},{"@type":"BreadcrumbList","@id":"https:\/\/www.zerdab.com\/?p=14912#breadcrumb","itemListElement":[{"@type":"ListItem","position":1,"name":"Home","item":"https:\/\/www.zerdab.com\/"},{"@type":"ListItem","position":2,"name":"Z\u0259rdabda sahibkarlarla g\u00f6r\u00fc\u015f ke\u00e7irildi &#8211; foto"}]},{"@type":"WebSite","@id":"https:\/\/www.zerdab.com\/#website","url":"https:\/\/www.zerdab.com\/","name":"Z\u0259rdab.com","description":"","potentialAction":[{"@type":"SearchAction","target":{"@type":"EntryPoint","urlTemplate":"https:\/\/www.zerdab.com\/?s={search_term_string}"},"query-input":{"@type":"PropertyValueSpecification","valueRequired":true,"valueName":"search_term_string"}}],"inLanguage":"az"},{"@type":"Person","@id":"https:\/\/www.zerdab.com\/#\/schema\/person\/97079b7570c1e89ec0d9e138c3672136","name":"admin","image":{"@type":"ImageObject","inLanguage":"az","@id":"https:\/\/www.zerdab.com\/#\/schema\/person\/image\/","url":"https:\/\/secure.gravatar.com\/avatar\/d9c52a9a27c32119cb6679a077fa3e2779e5f822c451cbf01098004361d466ec?s=96&d=mm&r=g","contentUrl":"https:\/\/secure.gravatar.com\/avatar\/d9c52a9a27c32119cb6679a077fa3e2779e5f822c451cbf01098004361d466ec?s=96&d=mm&r=g","caption":"admin"},"url":"https:\/\/www.zerdab.com\/?author=1"}]}},"_links":{"self":[{"href":"https:\/\/www.zerdab.com\/index.php?rest_route=\/wp\/v2\/posts\/14912","targetHints":{"allow":["GET"]}}],"collection":[{"href":"https:\/\/www.zerdab.com\/index.php?rest_route=\/wp\/v2\/posts"}],"about":[{"href":"https:\/\/www.zerdab.com\/index.php?rest_route=\/wp\/v2\/types\/post"}],"author":[{"embeddable":true,"href":"https:\/\/www.zerdab.com\/index.php?rest_route=\/wp\/v2\/users\/1"}],"replies":[{"embeddable":true,"href":"https:\/\/www.zerdab.com\/index.php?rest_route=%2Fwp%2Fv2%2Fcomments&post=14912"}],"version-history":[{"count":1,"href":"https:\/\/www.zerdab.com\/index.php?rest_route=\/wp\/v2\/posts\/14912\/revisions"}],"predecessor-version":[{"id":14916,"href":"https:\/\/www.zerdab.com\/index.php?rest_route=\/wp\/v2\/posts\/14912\/revisions\/14916"}],"wp:attachment":[{"href":"https:\/\/www.zerdab.com\/index.php?rest_route=%2Fwp%2Fv2%2Fmedia&parent=14912"}],"wp:term":[{"taxonomy":"category","embeddable":true,"href":"https:\/\/www.zerdab.com\/index.php?rest_route=%2Fwp%2Fv2%2Fcategories&post=14912"},{"taxonomy":"post_tag","embeddable":true,"href":"https:\/\/www.zerdab.com\/index.php?rest_route=%2Fwp%2Fv2%2Ftags&post=14912"}],"curies":[{"name":"wp","href":"https:\/\/api.w.org\/{rel}","templated":true}]}}