{"id":14930,"date":"2014-03-08T11:51:34","date_gmt":"2014-03-08T07:51:34","guid":{"rendered":"http:\/\/www.zerdab.com\/?p=14930"},"modified":"2014-03-08T11:57:46","modified_gmt":"2014-03-08T07:57:46","slug":"bayraminiz-mubar%c9%99k-%c9%99ziz-xanimlar","status":"publish","type":"post","link":"https:\/\/www.zerdab.com\/?p=14930","title":{"rendered":"Bayram\u0131n\u0131z m\u00fcbar\u0259k, \u0259ziz xan\u0131mlar"},"content":{"rendered":"<div><a href=\"http:\/\/www.zerdab.com\/wp-content\/uploads\/2013\/03\/8-mart.jpg\"><img loading=\"lazy\" decoding=\"async\" class=\"aligncenter size-full wp-image-7992\" alt=\"8 mart\" src=\"http:\/\/www.zerdab.com\/wp-content\/uploads\/2013\/03\/8-mart.jpg\" width=\"220\" height=\"180\" \/><\/a>Bu g\u00fcn b\u00fct\u00fcn d\u00fcnyada 8 Mart \u2013 Beyn\u0259lxalq Qad\u0131nlar G\u00fcn\u00fc qeyd olunur.<\/div>\n<p>Bu g\u00fcn Klara Setkinin t\u0259klifi il\u0259 1910-cu ild\u0259 sosialist qad\u0131nlar\u0131n Kopenhagend\u0259 ke\u00e7iril\u0259n II beyn\u0259lxalq konfrans\u0131nda t\u0259sis olunub.<\/p>\n<p>Mahiyy\u0259t etibaril\u0259 bu g\u00fcn qad\u0131nlar\u0131n ictimai-siyasi, iqtisadi b\u0259rab\u0259rlik, \u00f6z h\u00fcquqlar\u0131 u\u011frunda m\u00fcbariz\u0259d\u0259 h\u0259mr\u0259ylik g\u00fcn\u00fc kimi yarad\u0131l\u0131b. D\u00fcnyan\u0131n bir \u00e7ox \u00f6lk\u0259l\u0259rind\u0259 8 Mart m\u0259hz \u00e7al\u0131\u015fan, \u0259m\u0259k\u00e7i qad\u0131nlar\u0131n g\u00fcn\u00fc kimi qeyd olunur.<\/p>\n<p>\u0130lk d\u0259f\u0259 1911-ci ild\u0259 Almaniya, Avstriya, \u0130sve\u00e7r\u0259 v\u0259 Danimarkada, 1913-c\u00fc ild\u0259 is\u0259 Rusiyada bu g\u00fcn qeyd edilm\u0259y\u0259 ba\u015flan\u0131l\u0131b. 1975-ci ild\u0259 BMT t\u0259r\u0259find\u0259n 8 Mart Beyn\u0259lxalq Qad\u0131nlar G\u00fcn\u00fc kimi elan edilib.<\/p>\n<p>Az\u0259rbaycanda bu bayram 1917-ci ild\u0259n m\u00fct\u0259madi qeyd edilm\u0259y\u0259 ba\u015flan\u0131l\u0131b.<\/p>\n<p>1998-ci ild\u0259 Az\u0259rbaycanda Ail\u0259, Qad\u0131n v\u0259 U\u015faq Probleml\u0259ri \u00fczr\u0259 D\u00f6vl\u0259t Komit\u0259si d\u0259 yarad\u0131l\u0131b. Az\u0259rbaycan h\u0259m d\u0259 Avropa \u015euras\u0131n\u0131n qad\u0131nlarla ba\u011fl\u0131 b\u00fcrosunda t\u0259msil olunur, BMT-nin qad\u0131n m\u0259s\u0259l\u0259l\u0259ri \u00fczr\u0259 komissiyas\u0131n\u0131n tam h\u00fcquqlu \u00fczv\u00fcd\u00fcr.<\/p>\n<p>1995-ci ild\u0259n is\u0259 \u00f6lk\u0259miz qad\u0131nlara qar\u015f\u0131 m\u00fcnasib\u0259td\u0259 ayr\u0131-se\u00e7kiliyin b\u00fct\u00fcn formalar\u0131n\u0131n aradan qald\u0131r\u0131lmas\u0131 haqq\u0131nda beyn\u0259lxalq konvensiyaya qo\u015fulub.<\/p>\n<p>8 Mart-Beyn\u0259lxalq Qad\u0131nlar g\u00fcn\u00fc Az\u0259rbaycanda qeyri-i\u015f g\u00fcn\u00fc elan olunub.<a href=\"http:\/\/www.zerdab.com\/wp-content\/uploads\/2013\/03\/Zerdab-8-mart12.jpg\"><img loading=\"lazy\" decoding=\"async\" class=\"aligncenter size-medium wp-image-7942\" alt=\"Zerdab-8 mart\" src=\"http:\/\/www.zerdab.com\/wp-content\/uploads\/2013\/03\/Zerdab-8-mart12-350x232.jpg\" width=\"350\" height=\"232\" \/><\/a><a href=\"http:\/\/www.zerdab.com\/wp-content\/uploads\/2014\/03\/8-mart.jpg\"><img loading=\"lazy\" decoding=\"async\" class=\"aligncenter size-medium wp-image-14885\" alt=\"Z\u0259rdab rayon Heyd\u0259r \u018fliyev M\u0259rk\u0259zi\" src=\"http:\/\/www.zerdab.com\/wp-content\/uploads\/2014\/03\/8-mart-400x266.jpg\" width=\"400\" height=\"266\" \/><\/a><a href=\"http:\/\/www.zerdab.com\/wp-content\/uploads\/2014\/02\/Z\u0259rdab-\u015f\u0259h\u0259r-3-sayl\u0131-tam-orta-m\u0259kt\u0259b2.jpg\"><img loading=\"lazy\" decoding=\"async\" class=\"aligncenter size-large wp-image-14564\" alt=\"Z\u0259rdab \u015f\u0259h\u0259r 3 sayl\u0131 tam orta m\u0259kt\u0259b\" src=\"http:\/\/www.zerdab.com\/wp-content\/uploads\/2014\/02\/Z\u0259rdab-\u015f\u0259h\u0259r-3-sayl\u0131-tam-orta-m\u0259kt\u0259b2-550x309.jpg\" width=\"550\" height=\"309\" \/><\/a><a href=\"http:\/\/www.zerdab.com\/wp-content\/uploads\/2014\/03\/8mart1.jpg\"><img loading=\"lazy\" decoding=\"async\" class=\"aligncenter size-large wp-image-14886\" alt=\"Z\u0259rdab rayon Heyd\u0259r \u018fliyev M\u0259rk\u0259zi\" src=\"http:\/\/www.zerdab.com\/wp-content\/uploads\/2014\/03\/8mart1-550x366.jpg\" width=\"550\" height=\"366\" \/><\/a><\/p>\n","protected":false},"excerpt":{"rendered":"<p>Bu g\u00fcn b\u00fct\u00fcn d\u00fcnyada 8 Mart \u2013 Beyn\u0259lxalq Qad\u0131nlar G\u00fcn\u00fc qeyd olunur. Bu g\u00fcn Klara Setkinin t\u0259klifi il\u0259 1910-cu ild\u0259 sosialist qad\u0131nlar\u0131n Kopenhagend\u0259 ke\u00e7iril\u0259n II beyn\u0259lxalq konfrans\u0131nda t\u0259sis olunub. Mahiyy\u0259t etibaril\u0259 bu g\u00fcn qad\u0131nlar\u0131n ictimai-siyasi, iqtisadi b\u0259rab\u0259rlik, \u00f6z h\u00fcquqlar\u0131 u\u011frunda m\u00fcbariz\u0259d\u0259 h\u0259mr\u0259ylik g\u00fcn\u00fc kimi yarad\u0131l\u0131b. D\u00fcnyan\u0131n bir \u00e7ox \u00f6lk\u0259l\u0259rind\u0259 8 Mart m\u0259hz \u00e7al\u0131\u015fan, \u0259m\u0259k\u00e7i qad\u0131nlar\u0131n [&hellip;]<\/p>\n","protected":false},"author":1,"featured_media":0,"comment_status":"open","ping_status":"open","sticky":false,"template":"","format":"standard","meta":{"footnotes":""},"categories":[21],"tags":[],"class_list":{"0":"post-14930","1":"post","2":"type-post","3":"status-publish","4":"format-standard","6":"category-zrdab"},"yoast_head":"<!-- This site is optimized with the Yoast SEO plugin v27.0 - https:\/\/yoast.com\/product\/yoast-seo-wordpress\/ -->\n<title>Bayram\u0131n\u0131z m\u00fcbar\u0259k, \u0259ziz xan\u0131mlar - Z\u0259rdab.com<\/title>\n<meta name=\"robots\" content=\"index, follow, max-snippet:-1, max-image-preview:large, max-video-preview:-1\" \/>\n<link rel=\"canonical\" href=\"https:\/\/www.zerdab.com\/?p=14930\" \/>\n<meta property=\"og:locale\" content=\"az_AZ\" \/>\n<meta property=\"og:type\" content=\"article\" \/>\n<meta property=\"og:title\" content=\"Bayram\u0131n\u0131z m\u00fcbar\u0259k, \u0259ziz xan\u0131mlar - Z\u0259rdab.com\" \/>\n<meta property=\"og:description\" content=\"Bu g\u00fcn b\u00fct\u00fcn d\u00fcnyada 8 Mart \u2013 Beyn\u0259lxalq Qad\u0131nlar G\u00fcn\u00fc qeyd olunur. Bu g\u00fcn Klara Setkinin t\u0259klifi il\u0259 1910-cu ild\u0259 sosialist qad\u0131nlar\u0131n Kopenhagend\u0259 ke\u00e7iril\u0259n II beyn\u0259lxalq konfrans\u0131nda t\u0259sis olunub. Mahiyy\u0259t etibaril\u0259 bu g\u00fcn qad\u0131nlar\u0131n ictimai-siyasi, iqtisadi b\u0259rab\u0259rlik, \u00f6z h\u00fcquqlar\u0131 u\u011frunda m\u00fcbariz\u0259d\u0259 h\u0259mr\u0259ylik g\u00fcn\u00fc kimi yarad\u0131l\u0131b. D\u00fcnyan\u0131n bir \u00e7ox \u00f6lk\u0259l\u0259rind\u0259 8 Mart m\u0259hz \u00e7al\u0131\u015fan, \u0259m\u0259k\u00e7i qad\u0131nlar\u0131n [&hellip;]\" \/>\n<meta property=\"og:url\" content=\"https:\/\/www.zerdab.com\/?p=14930\" \/>\n<meta property=\"og:site_name\" content=\"Z\u0259rdab.com\" \/>\n<meta property=\"article:published_time\" content=\"2014-03-08T07:51:34+00:00\" \/>\n<meta property=\"article:modified_time\" content=\"2014-03-08T07:57:46+00:00\" \/>\n<meta property=\"og:image\" content=\"http:\/\/www.zerdab.com\/wp-content\/uploads\/2013\/03\/8-mart.jpg\" \/>\n<meta name=\"author\" content=\"admin\" \/>\n<meta name=\"twitter:card\" content=\"summary_large_image\" \/>\n<meta name=\"twitter:label1\" content=\"Written by\" \/>\n\t<meta name=\"twitter:data1\" content=\"admin\" \/>\n\t<meta name=\"twitter:label2\" content=\"Est. reading time\" \/>\n\t<meta name=\"twitter:data2\" content=\"1 minute\" \/>\n<script type=\"application\/ld+json\" class=\"yoast-schema-graph\">{\"@context\":\"https:\/\/schema.org\",\"@graph\":[{\"@type\":\"Article\",\"@id\":\"https:\/\/www.zerdab.com\/?p=14930#article\",\"isPartOf\":{\"@id\":\"https:\/\/www.zerdab.com\/?p=14930\"},\"author\":{\"name\":\"admin\",\"@id\":\"https:\/\/www.zerdab.com\/#\/schema\/person\/97079b7570c1e89ec0d9e138c3672136\"},\"headline\":\"Bayram\u0131n\u0131z m\u00fcbar\u0259k, \u0259ziz xan\u0131mlar\",\"datePublished\":\"2014-03-08T07:51:34+00:00\",\"dateModified\":\"2014-03-08T07:57:46+00:00\",\"mainEntityOfPage\":{\"@id\":\"https:\/\/www.zerdab.com\/?p=14930\"},\"wordCount\":269,\"commentCount\":1,\"image\":{\"@id\":\"https:\/\/www.zerdab.com\/?p=14930#primaryimage\"},\"thumbnailUrl\":\"http:\/\/www.zerdab.com\/wp-content\/uploads\/2013\/03\/8-mart.jpg\",\"articleSection\":[\"C\u018fM\u0130YY\u018fT\"],\"inLanguage\":\"az\",\"potentialAction\":[{\"@type\":\"CommentAction\",\"name\":\"Comment\",\"target\":[\"https:\/\/www.zerdab.com\/?p=14930#respond\"]}]},{\"@type\":\"WebPage\",\"@id\":\"https:\/\/www.zerdab.com\/?p=14930\",\"url\":\"https:\/\/www.zerdab.com\/?p=14930\",\"name\":\"Bayram\u0131n\u0131z m\u00fcbar\u0259k, \u0259ziz xan\u0131mlar - Z\u0259rdab.com\",\"isPartOf\":{\"@id\":\"https:\/\/www.zerdab.com\/#website\"},\"primaryImageOfPage\":{\"@id\":\"https:\/\/www.zerdab.com\/?p=14930#primaryimage\"},\"image\":{\"@id\":\"https:\/\/www.zerdab.com\/?p=14930#primaryimage\"},\"thumbnailUrl\":\"http:\/\/www.zerdab.com\/wp-content\/uploads\/2013\/03\/8-mart.jpg\",\"datePublished\":\"2014-03-08T07:51:34+00:00\",\"dateModified\":\"2014-03-08T07:57:46+00:00\",\"author\":{\"@id\":\"https:\/\/www.zerdab.com\/#\/schema\/person\/97079b7570c1e89ec0d9e138c3672136\"},\"breadcrumb\":{\"@id\":\"https:\/\/www.zerdab.com\/?p=14930#breadcrumb\"},\"inLanguage\":\"az\",\"potentialAction\":[{\"@type\":\"ReadAction\",\"target\":[\"https:\/\/www.zerdab.com\/?p=14930\"]}]},{\"@type\":\"ImageObject\",\"inLanguage\":\"az\",\"@id\":\"https:\/\/www.zerdab.com\/?p=14930#primaryimage\",\"url\":\"\",\"contentUrl\":\"\"},{\"@type\":\"BreadcrumbList\",\"@id\":\"https:\/\/www.zerdab.com\/?p=14930#breadcrumb\",\"itemListElement\":[{\"@type\":\"ListItem\",\"position\":1,\"name\":\"Home\",\"item\":\"https:\/\/www.zerdab.com\/\"},{\"@type\":\"ListItem\",\"position\":2,\"name\":\"Bayram\u0131n\u0131z m\u00fcbar\u0259k, \u0259ziz xan\u0131mlar\"}]},{\"@type\":\"WebSite\",\"@id\":\"https:\/\/www.zerdab.com\/#website\",\"url\":\"https:\/\/www.zerdab.com\/\",\"name\":\"Z\u0259rdab.com\",\"description\":\"\",\"potentialAction\":[{\"@type\":\"SearchAction\",\"target\":{\"@type\":\"EntryPoint\",\"urlTemplate\":\"https:\/\/www.zerdab.com\/?s={search_term_string}\"},\"query-input\":{\"@type\":\"PropertyValueSpecification\",\"valueRequired\":true,\"valueName\":\"search_term_string\"}}],\"inLanguage\":\"az\"},{\"@type\":\"Person\",\"@id\":\"https:\/\/www.zerdab.com\/#\/schema\/person\/97079b7570c1e89ec0d9e138c3672136\",\"name\":\"admin\",\"image\":{\"@type\":\"ImageObject\",\"inLanguage\":\"az\",\"@id\":\"https:\/\/www.zerdab.com\/#\/schema\/person\/image\/\",\"url\":\"https:\/\/secure.gravatar.com\/avatar\/d9c52a9a27c32119cb6679a077fa3e2779e5f822c451cbf01098004361d466ec?s=96&d=mm&r=g\",\"contentUrl\":\"https:\/\/secure.gravatar.com\/avatar\/d9c52a9a27c32119cb6679a077fa3e2779e5f822c451cbf01098004361d466ec?s=96&d=mm&r=g\",\"caption\":\"admin\"},\"url\":\"https:\/\/www.zerdab.com\/?author=1\"}]}<\/script>\n<!-- \/ Yoast SEO plugin. -->","yoast_head_json":{"title":"Bayram\u0131n\u0131z m\u00fcbar\u0259k, \u0259ziz xan\u0131mlar - Z\u0259rdab.com","robots":{"index":"index","follow":"follow","max-snippet":"max-snippet:-1","max-image-preview":"max-image-preview:large","max-video-preview":"max-video-preview:-1"},"canonical":"https:\/\/www.zerdab.com\/?p=14930","og_locale":"az_AZ","og_type":"article","og_title":"Bayram\u0131n\u0131z m\u00fcbar\u0259k, \u0259ziz xan\u0131mlar - Z\u0259rdab.com","og_description":"Bu g\u00fcn b\u00fct\u00fcn d\u00fcnyada 8 Mart \u2013 Beyn\u0259lxalq Qad\u0131nlar G\u00fcn\u00fc qeyd olunur. Bu g\u00fcn Klara Setkinin t\u0259klifi il\u0259 1910-cu ild\u0259 sosialist qad\u0131nlar\u0131n Kopenhagend\u0259 ke\u00e7iril\u0259n II beyn\u0259lxalq konfrans\u0131nda t\u0259sis olunub. Mahiyy\u0259t etibaril\u0259 bu g\u00fcn qad\u0131nlar\u0131n ictimai-siyasi, iqtisadi b\u0259rab\u0259rlik, \u00f6z h\u00fcquqlar\u0131 u\u011frunda m\u00fcbariz\u0259d\u0259 h\u0259mr\u0259ylik g\u00fcn\u00fc kimi yarad\u0131l\u0131b. D\u00fcnyan\u0131n bir \u00e7ox \u00f6lk\u0259l\u0259rind\u0259 8 Mart m\u0259hz \u00e7al\u0131\u015fan, \u0259m\u0259k\u00e7i qad\u0131nlar\u0131n [&hellip;]","og_url":"https:\/\/www.zerdab.com\/?p=14930","og_site_name":"Z\u0259rdab.com","article_published_time":"2014-03-08T07:51:34+00:00","article_modified_time":"2014-03-08T07:57:46+00:00","og_image":[{"url":"http:\/\/www.zerdab.com\/wp-content\/uploads\/2013\/03\/8-mart.jpg","type":"","width":"","height":""}],"author":"admin","twitter_card":"summary_large_image","twitter_misc":{"Written by":"admin","Est. reading time":"1 minute"},"schema":{"@context":"https:\/\/schema.org","@graph":[{"@type":"Article","@id":"https:\/\/www.zerdab.com\/?p=14930#article","isPartOf":{"@id":"https:\/\/www.zerdab.com\/?p=14930"},"author":{"name":"admin","@id":"https:\/\/www.zerdab.com\/#\/schema\/person\/97079b7570c1e89ec0d9e138c3672136"},"headline":"Bayram\u0131n\u0131z m\u00fcbar\u0259k, \u0259ziz xan\u0131mlar","datePublished":"2014-03-08T07:51:34+00:00","dateModified":"2014-03-08T07:57:46+00:00","mainEntityOfPage":{"@id":"https:\/\/www.zerdab.com\/?p=14930"},"wordCount":269,"commentCount":1,"image":{"@id":"https:\/\/www.zerdab.com\/?p=14930#primaryimage"},"thumbnailUrl":"http:\/\/www.zerdab.com\/wp-content\/uploads\/2013\/03\/8-mart.jpg","articleSection":["C\u018fM\u0130YY\u018fT"],"inLanguage":"az","potentialAction":[{"@type":"CommentAction","name":"Comment","target":["https:\/\/www.zerdab.com\/?p=14930#respond"]}]},{"@type":"WebPage","@id":"https:\/\/www.zerdab.com\/?p=14930","url":"https:\/\/www.zerdab.com\/?p=14930","name":"Bayram\u0131n\u0131z m\u00fcbar\u0259k, \u0259ziz xan\u0131mlar - Z\u0259rdab.com","isPartOf":{"@id":"https:\/\/www.zerdab.com\/#website"},"primaryImageOfPage":{"@id":"https:\/\/www.zerdab.com\/?p=14930#primaryimage"},"image":{"@id":"https:\/\/www.zerdab.com\/?p=14930#primaryimage"},"thumbnailUrl":"http:\/\/www.zerdab.com\/wp-content\/uploads\/2013\/03\/8-mart.jpg","datePublished":"2014-03-08T07:51:34+00:00","dateModified":"2014-03-08T07:57:46+00:00","author":{"@id":"https:\/\/www.zerdab.com\/#\/schema\/person\/97079b7570c1e89ec0d9e138c3672136"},"breadcrumb":{"@id":"https:\/\/www.zerdab.com\/?p=14930#breadcrumb"},"inLanguage":"az","potentialAction":[{"@type":"ReadAction","target":["https:\/\/www.zerdab.com\/?p=14930"]}]},{"@type":"ImageObject","inLanguage":"az","@id":"https:\/\/www.zerdab.com\/?p=14930#primaryimage","url":"","contentUrl":""},{"@type":"BreadcrumbList","@id":"https:\/\/www.zerdab.com\/?p=14930#breadcrumb","itemListElement":[{"@type":"ListItem","position":1,"name":"Home","item":"https:\/\/www.zerdab.com\/"},{"@type":"ListItem","position":2,"name":"Bayram\u0131n\u0131z m\u00fcbar\u0259k, \u0259ziz xan\u0131mlar"}]},{"@type":"WebSite","@id":"https:\/\/www.zerdab.com\/#website","url":"https:\/\/www.zerdab.com\/","name":"Z\u0259rdab.com","description":"","potentialAction":[{"@type":"SearchAction","target":{"@type":"EntryPoint","urlTemplate":"https:\/\/www.zerdab.com\/?s={search_term_string}"},"query-input":{"@type":"PropertyValueSpecification","valueRequired":true,"valueName":"search_term_string"}}],"inLanguage":"az"},{"@type":"Person","@id":"https:\/\/www.zerdab.com\/#\/schema\/person\/97079b7570c1e89ec0d9e138c3672136","name":"admin","image":{"@type":"ImageObject","inLanguage":"az","@id":"https:\/\/www.zerdab.com\/#\/schema\/person\/image\/","url":"https:\/\/secure.gravatar.com\/avatar\/d9c52a9a27c32119cb6679a077fa3e2779e5f822c451cbf01098004361d466ec?s=96&d=mm&r=g","contentUrl":"https:\/\/secure.gravatar.com\/avatar\/d9c52a9a27c32119cb6679a077fa3e2779e5f822c451cbf01098004361d466ec?s=96&d=mm&r=g","caption":"admin"},"url":"https:\/\/www.zerdab.com\/?author=1"}]}},"_links":{"self":[{"href":"https:\/\/www.zerdab.com\/index.php?rest_route=\/wp\/v2\/posts\/14930","targetHints":{"allow":["GET"]}}],"collection":[{"href":"https:\/\/www.zerdab.com\/index.php?rest_route=\/wp\/v2\/posts"}],"about":[{"href":"https:\/\/www.zerdab.com\/index.php?rest_route=\/wp\/v2\/types\/post"}],"author":[{"embeddable":true,"href":"https:\/\/www.zerdab.com\/index.php?rest_route=\/wp\/v2\/users\/1"}],"replies":[{"embeddable":true,"href":"https:\/\/www.zerdab.com\/index.php?rest_route=%2Fwp%2Fv2%2Fcomments&post=14930"}],"version-history":[{"count":4,"href":"https:\/\/www.zerdab.com\/index.php?rest_route=\/wp\/v2\/posts\/14930\/revisions"}],"predecessor-version":[{"id":14934,"href":"https:\/\/www.zerdab.com\/index.php?rest_route=\/wp\/v2\/posts\/14930\/revisions\/14934"}],"wp:attachment":[{"href":"https:\/\/www.zerdab.com\/index.php?rest_route=%2Fwp%2Fv2%2Fmedia&parent=14930"}],"wp:term":[{"taxonomy":"category","embeddable":true,"href":"https:\/\/www.zerdab.com\/index.php?rest_route=%2Fwp%2Fv2%2Fcategories&post=14930"},{"taxonomy":"post_tag","embeddable":true,"href":"https:\/\/www.zerdab.com\/index.php?rest_route=%2Fwp%2Fv2%2Ftags&post=14930"}],"curies":[{"name":"wp","href":"https:\/\/api.w.org\/{rel}","templated":true}]}}