{"id":14942,"date":"2014-03-09T08:30:00","date_gmt":"2014-03-09T04:30:00","guid":{"rendered":"http:\/\/www.zerdab.com\/?p=14942"},"modified":"2014-03-09T16:04:21","modified_gmt":"2014-03-09T12:04:21","slug":"z%c9%99rdabin-tarixi-arxeoloji-abid%c9%99l%c9%99ri-haqqinda-iv-xiii-%c9%99srl%c9%99r","status":"publish","type":"post","link":"https:\/\/www.zerdab.com\/?p=14942","title":{"rendered":"Z\u0259rdab\u0131n tarixi\u2013arxeoloji abid\u0259l\u0259ri haqq\u0131nda (IV\u2013XIII \u0259srl\u0259r)"},"content":{"rendered":"<p><span style=\"color: #0000ff;\"><strong><a href=\"http:\/\/www.zerdab.com\/wp-content\/uploads\/2014\/03\/Tarix-Z\u0259rdab7.jpg\"><img loading=\"lazy\" decoding=\"async\" class=\"aligncenter size-large wp-image-14951\" alt=\"Z\u0259rdab\u0131n tarixi\" src=\"http:\/\/www.zerdab.com\/wp-content\/uploads\/2014\/03\/Tarix-Z\u0259rdab7-463x550.jpg\" width=\"463\" height=\"550\" \/><\/a>\u00a0\u00a0\u00a0\u00a0\u00a0\u00a0 <span style=\"color: #ff0000;\">M\u00fc\u0259llif:<\/span> \u018fliyev Taleh Vasif o\u011flu. AMEA Arxeologiya v\u0259 Etnoqrafiya \u0130nstitutunun elmi i\u015f\u00e7i, dissertant. email: <a href=\"mailto:taleh.ali@mail.ru\"><span style=\"color: #0000ff;\">taleh.ali@mail.ru<\/span><\/a><\/strong><\/span><\/p>\n<p align=\"center\"><b>Z\u0259rdab rayonunun tarixi \u2013 arxeoloji abid\u0259l\u0259ri haqq\u0131nda (IV \u2013 XIII \u0259srl\u0259r) <\/b><\/p>\n<p align=\"center\"><b>A\u00e7ar s\u00f6zl\u0259r: Z\u0259rdab, abid\u0259, arxeologiya, tayfa, \u018fc\u0259ri <\/b><\/p>\n<p align=\"center\"><b>\u041a\u043b\u044e\u0447\u0435\u0432\u044b\u0435 \u0441\u043b\u043e\u0432\u0430: \u0417\u0430\u0440\u0434\u0430\u0431, \u043f\u0430\u043c\u044f\u0442\u043d\u0438\u043a, \u0430\u0440\u0445\u0435\u043e\u043b\u043e\u0433\u0438\u044f, \u043f\u043b\u0435\u043c\u044f, \u042d\u0434\u0436\u0435\u0440\u0438 <\/b><\/p>\n<p align=\"center\"><b>Key words: Zardab, monument, archaeology, kin, Ejeri \u00a0<\/b>\u00a0<b><\/b><\/p>\n<p>Z\u0259rdab rayonunun tarixi \u2013 arxeoloji abid\u0259l\u0259ri \u0259razid\u0259, \u0259sas\u0259n, su m\u0259nb\u0259l\u0259rin\u0259 yax\u0131n yerl\u0259rd\u0259 yerl\u0259\u015fmi\u015fdir. 2013-c\u00fc ild\u0259 rayon \u0259razisind\u0259 apard\u0131\u011f\u0131m\u0131z arxeoloji t\u0259dqiqat i\u015fl\u0259ri zaman\u0131 rayon \u0259razisind\u0259 iki \u015f\u0259h\u0259r tipli v\u0259 be\u015f k\u0259nd tipli ya\u015fay\u0131\u015f yeri qeyd\u0259 al\u0131nm\u0131\u015fd\u0131r (1).<\/p>\n<p><b>Yer a\u011fz\u0131 ya\u015fay\u0131\u015f yeri.<\/b> T\u00fcryan\u00e7ay\u0131n a\u015fa\u011f\u0131 axar\u0131nda Z\u0259rdab \u0259razisind\u0259 Yuxar\u0131 Seyyidl\u0259r k\u0259ndind\u0259 Qanl\u0131ca g\u00f6l\u00fcn\u00fcn yax\u0131nl\u0131\u011f\u0131nda arxeoloji t\u0259dqiqatlar n\u0259tic\u0259sind\u0259 \u015f\u0259h\u0259r tipli ya\u015fay\u0131\u015f yerinin olmas\u0131 haqq\u0131nda fikir s\u00f6yl\u0259m\u0259k m\u00fcmk\u00fcnd\u00fcr (1). \u018fvv\u0259lc\u0259 bu haqda yaz\u0131l\u0131 m\u0259nb\u0259l\u0259r\u0259 n\u0259z\u0259r salaq. Strabonun m\u0259lumatlar\u0131ndan ayd\u0131n olur ki, T\u00fcryan\u00e7ay\u0131n orta v\u0259 a\u015fa\u011f\u0131 axar\u0131nda \u00e7oxlu \u0259hali ya\u015fay\u0131r. Bu \u0259hali \u0259kin\u00e7ilik, ba\u011f\u00e7\u0131l\u0131q v\u0259 maldarl\u0131qla m\u0259\u015f\u011ful olurdu. O h\u0259m\u00e7inin yaz\u0131r ki, bu \u0259hali T\u00fcryan\u00e7aydan g\u0259mi\u00e7ilik m\u0259qs\u0259dil\u0259 d\u0259 istifad\u0259 edir. IX-X \u0259sr \u0259r\u0259b co\u011frafiya\u015f\u00fcnaslar\u0131 v\u0259 s\u0259yyahlar\u0131 yaz\u0131rlar ki, orta \u0259srl\u0259rd\u0259 T\u0259briz-\u018frd\u0259bil-Beyl\u0259qan-B\u0259rd\u0259-\u015eamax\u0131-D\u0259rb\u0259nd ticar\u0259t yolunda \u2013 K\u00fcr vadisind\u0259 m\u00fch\u00fcm ticar\u0259t m\u0259rk\u0259zi B\u0259rdic \u015f\u0259h\u0259ri vard\u0131r, karvanlar bu \u015f\u0259h\u0259rd\u0259n ke\u00e7ib gedirdi (2).<\/p>\n<p>Salman ibn R\u0259bi\u0259nin f\u0259thini t\u0259svir ed\u0259n m\u00fc\u0259llifl\u0259r yaz\u0131r: \u201cQ\u0259dim \u015e\u0259mkir \u015f\u0259h\u0259rini \u0259l\u0259 ke\u00e7ir\u0259n S\u0259lman ibn R\u0259bi\u0259 \u0259l-B\u0259hili on minlik qo\u015funla B\u0259rdican arxas\u0131ndan Arazla K\u00fcr\u00fcn qovu\u015fdu\u011fu yer\u0259 ged\u0259r\u0259k, K\u00fcr \u00e7ay\u0131n\u0131 ke\u00e7ib Q\u0259b\u0259l\u0259ni tutdu, \u015e\u0259kkan (\u015e\u0259ki) v\u0259 Kamib\u0259ran (Kambisena) hakiml\u0259ri il\u0259 x\u0259rac verm\u0259l\u0259ri \u015f\u0259rtil\u0259 s\u00fclh imzalad\u0131\u201d (2; 3).<\/p>\n<p>\u0130bn H\u0259vq\u0259l X \u0259srd\u0259 \u201cYollar v\u0259 m\u0259ml\u0259k\u0259tl\u0259r\u201d \u0259s\u0259rind\u0259 yaz\u0131r: \u201cB\u0259rd\u0259d\u0259n B\u0259rz\u0259nc\u0259 18 f\u0259rs\u0259x (h\u0259r f\u0259rs\u0259x 6-8 km-dir) yoldur. B\u0259rz\u0259ncd\u0259n K\u00fcr\u00fc ke\u00e7\u0259r\u0259k \u015e\u0259maxiyy\u0259y\u0259 14 f\u0259rs\u0259x yol var&#8230;\u201d (4). Minorskinin fikrinc\u0259, bu \u015f\u0259h\u0259r Z\u0259rdab\u0131n K\u00f6rp\u00fck\u0259nd adlanan k\u0259ndinin lap yax\u0131nl\u0131\u011f\u0131nda \u2013 B\u0259rd\u0259d\u0259n t\u0259qrib\u0259n 35 km. \u015f\u0259rqd\u0259 m\u00f6vcud olmu\u015fdur. Lakin bu fikri daha da d\u0259qiql\u0259\u015fdir\u0259r\u0259k \u015f\u0259h\u0259rin buradan \u015fimala do\u011fru uzanan \u0259razid\u0259 B\u0259rz\u0259nd deyil, B\u0259rdicin yerl\u0259\u015fdiyi q\u0259na\u0259tind\u0259yik (1). N.M.V\u0259lixanl\u0131 yaz\u0131r: \u201cB\u0259zi t\u0259dqiqat\u00e7\u0131lar B\u0259rdicl\u0259 B\u0259rz\u0259nci eynil\u0259\u015fdirirl\u0259r. Maraql\u0131 buras\u0131d\u0131r ki, qism\u0259n adlar\u0131n ox\u015farl\u0131\u011f\u0131ndan do\u011fan bu dola\u015f\u0131ql\u0131q \u0259r\u0259b m\u00fc\u0259llifl\u0259rinin bu yerl\u0259r haqq\u0131nda m\u0259lumat\u0131nda da \u00f6z\u00fcn\u00fc g\u00f6st\u0259rir. B\u0259rdic \u015f\u0259h\u0259ri, Yaqutun m\u0259lumat\u0131na g\u00f6r\u0259, B\u0259rd\u0259nin 14 f\u0259rs\u0259xliyind\u0259, K\u00fcr\u00fcn sular\u0131 il\u0259 \u0259hat\u0259 olunmu\u015f bir yerd\u0259 (g\u00f6r\u00fcn\u00fcr, K\u00fcr\u00fcn \u0259yintili yerl\u0259rind\u0259n birind\u0259) yerl\u0259\u015fmi\u015fdi. M\u0259nb\u0259nin orijinal\u0131na n\u0259z\u0259r sald\u0131qda B\u0259rdic \u015f\u0259h\u0259rinin K\u00fcr \u00e7ay\u0131n\u0131n \u0259yintili sahilind\u0259 yerl\u0259\u015fdiyi q\u0259na\u0259tin\u0259 g\u0259lirik. Daha do\u011frusu sahild\u0259n uzaqla\u015fd\u0131qca \u015f\u0259h\u0259rin \u0259sas hiss\u0259sinin yerl\u0259\u015fdiyini s\u00f6yl\u0259m\u0259k olar. Yaqut \u0259l-H\u0259m\u0259vi B\u0259rdic \u015f\u0259h\u0259rind\u0259n olan v\u0259 Xilaf\u0259td\u0259 yax\u015f\u0131 tan\u0131nan, 301\/913-914-c\u00fc ilin Ramazan ay\u0131nda v\u0259fat etmi\u015f m\u0259\u015fhur h\u0259dis alimi \u0259l-Hafiz \u018fbu B\u0259kr \u018fhm\u0259d ibn Harun ibn Ruh \u0259l-B\u0259rdicinin ad\u0131n\u0131 \u00e7\u0259kir. B\u0259rz\u0259nc \u015f\u0259h\u0259ri is\u0259, onun t\u0259sdiq etdiyin\u0259 g\u00f6r\u0259, B\u0259rd\u0259nin 18 f\u0259rs\u0259xliyind\u0259 idi\u201d (3, 92; 5; 6). M\u0259lumata \u0259sas\u0259n, qeyd etm\u0259liyik ki, K\u00fcr\u00fcn \u0259yintili sahill\u0259ri d\u0259 m\u0259hz m\u00fcasir A\u011fda\u015f v\u0259 Z\u0259rdab rayonlar\u0131n\u0131n qov\u015fa\u011f\u0131nda \u2013 K\u00f6rp\u00fck\u0259nd-Yuxar\u0131 Seyyidl\u0259r-Yera\u011fz\u0131 istiqam\u0259tind\u0259dir.<\/p>\n<p>\u0130bn \u0259l-F\u0259qihd\u0259 B\u0259rdic ad\u0131 il\u0259 g\u00f6st\u0259ril\u0259n ke\u00e7idin is\u0259 t\u0259dqiq etdiyimiz \u0259raziy\u0259 uy\u011fun g\u0259ldiyini s\u00f6yl\u0259y\u0259 bil\u0259rik. M\u0259nb\u0259l\u0259rd\u0259n ayd\u0131n olur ki, \u0259r\u0259bl\u0259r oradan \u00e7ay\u0131 ke\u00e7\u0259r\u0259k Q\u0259b\u0259l\u0259ni f\u0259th etmi\u015fl\u0259r (7).<\/p>\n<p>Lakin Salman ibn R\u0259bi\u0259nin \u015e\u0259mkird\u0259n qay\u0131daraq birba\u015fa B\u0259rdicd\u0259n ke\u00e7ib Q\u0259b\u0259l\u0259y\u0259 getm\u0259si yaz\u0131l\u0131r. Bel\u0259 oldu\u011fu halda ordunun yuxar\u0131da deyildiyi kimi uzun yolla Arazla K\u00fcr\u00fcn qovu\u015fdu\u011fu yer\u0259 g\u0259lib, buradan geri qay\u0131tmas\u0131 m\u00fcmk\u00fcn deyil. \u018frazinin d\u00fcz\u0259nlik relyefi bax\u0131m\u0131ndan \u0259n q\u0131sa yol m\u0259hz T\u00fcryan\u00e7ay sahilind\u0259n ola bil\u0259rdi. M\u00fch\u00fcm m\u0259s\u0259l\u0259 qeyd olunan Qarasu \u00e7ay\u0131n\u0131n lokaliz\u0259sidir. B\u0259llidir ki, h\u0259m K\u00fcr\u00fcn, h\u0259m d\u0259 Araz\u0131n sol qollar\u0131ndan biri Qarasu adlan\u0131r. Qarasu v\u0259 A\u011fsu adlar\u0131 F\u0259zlullah R\u0259\u015fid\u0259ddind\u0259 d\u0259 var (8). A\u011fsu, eyni zamanda monqolca \u201c\u00c7a\u011fan Muran\u201d kimi d\u0259 adlanm\u0131\u015fd\u0131r. Girdiman\u00e7ay h\u0259r zaman bu ad\u0131 da\u015f\u0131m\u0131\u015fd\u0131r. F. R\u0259\u015fid\u0259ddind\u0259 Girdiman\u0131n sahilind\u0259ki s\u0259hra D\u0259\u015ft-i Girdiman adlan\u0131r (8). Abaqa xan 1265-ci ild\u0259 Cuci ulusu xanlar\u0131 il\u0259 (Q\u0131z\u0131l Orda \u2013 T.\u018f.) d\u00f6y\u00fc\u015fl\u0259rind\u0259 Delan-Navurda\u00a0 d\u00fc\u015f\u0259rg\u0259 salm\u0131\u015fd\u0131 (9). Delan-Navur indiki K\u00fcrd\u0259mir, Z\u0259rdab v\u0259 Ucar \u0259razil\u0259ridir. Bir s\u00f6zl\u0259, q\u0259dim \u018fc\u0259ri vilay\u0259tini orta \u0259srl\u0259rd\u0259 monqollar bu c\u00fcr adland\u0131rd\u0131. H\u0259min g\u00f6l\u00fcn yan\u0131nda Qara K\u00fcd\u0259ri adl\u0131 bir yer d\u0259 g\u00f6st\u0259rilir. Delan-Navurun q\u0259rb s\u0259rh\u0259ddi d\u0259 m\u0259hz T\u00fcryan\u00e7ay, y\u0259ni Qarasudur. Araz \u00e7ay\u0131n\u0131n qolu olan Qarasu\u00a0 yax\u0131nl\u0131\u011f\u0131nda is\u0259 Neolit d\u00f6vr\u00fc abid\u0259si olan Kamalt\u0259p\u0259 \u00f6yr\u0259nilmi\u015fdir. \u018frazid\u0259 XI \u2013 XIII \u0259srl\u0259r\u0259 aid ya\u015fay\u0131\u015f yerinin oldu\u011fu m\u0259lum olsa da bu abid\u0259nin k\u0259ndtipli oldu\u011fu qeyd edilir (10, 226-234).<\/p>\n<p>XIV \u0259srin Az\u0259rbaycan tarix\u00e7isi \u018fbu B\u0259kr \u0259l-Q\u00fctbi \u0259l-\u018fh\u0259ri \u00abTarix-e \u015eeyx Uveys\u00bb \u0259s\u0259rind\u0259 H\u00fclak\u00fc h\u00f6kmdarlar\u0131n\u0131n tarixind\u0259n b\u0259hs ed\u0259r\u0259k yaz\u0131r ki, Abaqa xan\u0131n hakimiyy\u0259ti d\u00f6vr\u00fcnd\u0259 (1265-1282) H\u00fclak\u00fcl\u0259r d\u00f6vl\u0259ti laz\u0131mi q\u0259d\u0259r m\u00f6hk\u0259m idil\u0259r, 1266-c\u0131 ild\u0259 \u201cAbaqa xan buyurdu ki, K\u00fcr \u00e7ay\u0131 sahilind\u0259n v\u0259 Delan Naurdan G\u0259rdmun (Girdman \u2013 T.\u018f.) s\u0259hras\u0131na kimi \u0259razini \u015fahzad\u0259l\u0259rd\u0259n S\u0259ma\u011far, Menku-Temur v\u0259 Ulcay xatun tutsunlar. Bu yer onlar\u0131n q\u0131\u015flaq yurdu oldu\u2026\u201d \u018fs\u0259rd\u0259 haqq\u0131nda dan\u0131\u015f\u0131lan Delan Naur monqol dilind\u0259 \u00abYetmi\u015f g\u00f6l\u00bb dem\u0259kdir, monqollar K\u00fcr\u00fcn \u015fimal\u0131nda Hac\u0131qabul \u2013 K\u00fcrd\u0259mir \u2013 Z\u0259rdab \u0259razil\u0259rind\u0259 m\u00f6vcud olmu\u015f g\u00f6ll\u0259ri bu c\u00fcr adland\u0131rm\u0131\u015flar. M\u00fcasir toponimiyada bu ad\u0131n D\u0259rn\u0259g\u00fcl toponimind\u0259 saxlan\u0131ld\u0131\u011f\u0131 g\u00fcman edils\u0259 d\u0259 \u0259razi co\u011frafi bax\u0131mdan daha \u00e7ox Z\u0259rdab \u2013 Ucar \u2013 K\u00fcrd\u0259mir \u2013 Hac\u0131qabul b\u00f6lg\u0259sin\u0259 uy\u011fun g\u0259lir (1; 9; 11).<\/p>\n<p>2013-c\u00fc ild\u0259 Yuxar\u0131 Seyyidl\u0259r k\u0259ndin\u0259 yax\u0131n \u0259razid\u0259 Qanl\u0131ca g\u00f6l\u00fcn\u00fcn q\u0259rb hiss\u0259sind\u0259 iki t\u0259p\u0259likd\u0259 &#8211; Yer a\u011fz\u0131 ya\u015fay\u0131\u015f yeri qeyd\u0259 al\u0131nm\u0131\u015f v\u0259 arxeoloji t\u0259dqiqat i\u015fl\u0259ri zaman\u0131 iki m\u0259d\u0259ni t\u0259b\u0259q\u0259nin oldu\u011fu m\u00fc\u0259yy\u0259n edilmi\u015fdir. \u018fkin sah\u0259l\u0259rinin k\u0259nar\u0131nda yerl\u0259\u015f\u0259n ya\u015fay\u0131\u015f yerind\u0259 \u0259vv\u0259lki ill\u0259rd\u0259 d\u0259 \u015fumlama i\u015fl\u0259ri zaman\u0131 maddi m\u0259d\u0259niyy\u0259t n\u00fcmun\u0259l\u0259ri v\u0259 Atab\u0259yl\u0259r d\u00f6vr\u00fcn\u0259 aid mis pullar tap\u0131lm\u0131\u015fd\u0131r. T\u0259p\u0259l\u0259r aras\u0131nda 200 metr m\u0259saf\u0259 var. Onlardan birinin sah\u0259si 300 kv.m, dig\u0259rinin is\u0259 200 kv.m olmaqla ya\u015fay\u0131\u015f yerinin \u00fcmumi sah\u0259si t\u0259xmin\u0259n 500 kv.m-lik bir \u0259razini \u0259hat\u0259 edir. Arxeoloji t\u0259dqiqat i\u015fl\u0259ri zaman\u0131 h\u0259m ilk orta \u0259sr, h\u0259m d\u0259 IX \u2013 XIII \u0259srl\u0259r\u0259 aid saxs\u0131 n\u00fcmun\u0259l\u0259ri, \u015firsiz v\u0259 \u015firli gil qab n\u00fcmun\u0259l\u0259ri, \u00e7\u0131raqlar v\u0259 s. \u0259ld\u0259 olunmu\u015fdur (Tablo 1; 2; 3; 4; 5; 11; 12; 13; 15). XII \u0259srin sonu \u2013 XIII \u0259srin \u0259vv\u0259ll\u0259rind\u0259 haz\u0131rki k\u0259ndin \u0259razisin\u0259 Quba \u0259razisind\u0259n Seyyid \u015eahm\u0259rdan v\u0259 ail\u0259si, o c\u00fcml\u0259d\u0259n, onlarla birlikd\u0259 be\u015f ail\u0259 k\u00f6\u00e7m\u00fc\u015f v\u0259 Yuxar\u0131 Seyyidl\u0259r k\u0259ndinin \u0259sas\u0131n\u0131 qoymu\u015fdur. Haz\u0131rda k\u0259nd q\u0259biristanl\u0131\u011f\u0131nda Seyyid \u015eahm\u0259rdan v\u0259 yax\u0131nlar\u0131n\u0131n m\u0259zarlar\u0131 qalmaqdad\u0131r. Elmi t\u0259qiqatlar burada ilk orta \u0259srl\u0259rd\u0259 k\u0259nd tipli ya\u015fay\u0131\u015f yerinin, IX \u2013 XIII \u0259srl\u0259rd\u0259 is\u0259 bu z\u0259min \u0259sas\u0131nda \u015f\u0259h\u0259r tipli ya\u015fay\u0131\u015f yerinin oldu\u011funu dem\u0259y\u0259 imkan verir. Ehtimal ki, yuxar\u0131da qeyd etdiyimiz m\u0259lumatlar m\u0259hz Yera\u011fz\u0131 ya\u015fay\u0131\u015f yerin\u0259 uy\u011fun g\u0259lir v\u0259 orta \u0259sr B\u0259rdic \u015f\u0259h\u0259rinin burada olmas\u0131 m\u00fcmk\u00fcn idi (1).<\/p>\n<p align=\"center\"><strong>Saytdan z\u0259ruri qeyd:<\/strong> <span style=\"color: #0000ff;\"><strong>Bu m\u0259qal\u0259 h\u00f6rm\u0259tli Taleh \u018fliyev t\u0259r\u0259find\u0259n Zerdab.com sayt\u0131na bir ara\u015fd\u0131rma kimi b\u00fct\u00f6v \u015f\u0259kild\u0259 t\u0259qdim olunub. Lakin biz \u0259h\u0259miyy\u0259tini n\u0259z\u0259r\u0259 al\u0131b, yaz\u0131n\u0131 sayt\u0131m\u0131zda hiss\u0259-hiss\u0259 yay\u0131mlamaq q\u0259rar\u0131na g\u0259ldik. Yaz\u0131 hiss\u0259-hiss\u0259 yay\u0131mland\u0131qdan sonra ayr\u0131ca b\u00fct\u00f6v bir yaz\u0131 hal\u0131ndada saytda yerl\u0259\u015fdiril\u0259c\u0259k. Yaz\u0131n\u0131n fotolar\u0131 da m\u00fc\u0259llif\u0259 m\u0259xsusdur. <\/strong><\/span><\/p>\n<p align=\"center\"><b>\u0130stifad\u0259 olunmu\u015f \u0259d\u0259biyyat\u0131n siyah\u0131s\u0131: <\/b><\/p>\n<ol>\n<li><b>\u00a0\u00a0\u00a0\u00a0 <\/b>\u018fliyev T.V. Z\u0259rdab rayonuna ezamiyy\u0259tin n\u0259tic\u0259l\u0259ri haqq\u0131nda hesabat, Bak\u0131, 2013, 4 s.<\/li>\n<li><b>\u00a0\u00a0\u00a0\u00a0 <\/b>Orta \u0259sr \u0259r\u0259b m\u0259nb\u0259l\u0259rind\u0259 Az\u0259rbaycan tarixin\u0259 aid materiallar, Bak\u0131: \u201cNurlan\u201d, 2005, 336 s.<\/li>\n<li><b>\u00a0\u00a0\u00a0\u00a0 <\/b>V\u0259lixanl\u0131 N.M. \u018fr\u0259b xilaf\u0259ti v\u0259 Az\u0259rbaycan, Bak\u0131, Az\u0259rn\u0259\u015fr, 1993, 157 s.<\/li>\n<li><b>\u00a0\u00a0\u00a0\u00a0 <\/b>\u0418\u0431\u043d \u0425\u0430\u0443\u043a\u0430\u043b \u041a\u043d\u0438\u0433\u0430 \u043f\u0443\u0442\u0435\u0439 \u0438 \u0446\u0430\u0440\u0441\u0442\u0432. <b>(<\/b>\u041f\u0435\u0440. \u041d.\u0410.\u041a\u0430\u0440\u0430\u0443\u043b\u043e\u0432\u0430), \u0421\u041c\u041e\u041c\u041f\u041a, XXXVIII \u0432\u044b\u043f\u0443\u0441\u043a, \u041c\u043e\u0441\u043a\u0432\u0430, 1908, \u0441. 78-128<\/li>\n<li><b>\u00a0\u00a0\u00a0\u00a0 <\/b>Yaqut \u0259l-H\u0259m\u0259vi \u00abMuc\u0259m \u0259l-buld\u0259n\u00bb, Beyrut, 1977, I \u2013 V c.<\/li>\n<li><b>\u00a0\u00a0\u00a0\u00a0 <\/b>\u018fliyeva N.A. Az\u0259rbaycan Yaqut \u018fl-H\u0259m\u0259vinin \u0259s\u0259rl\u0259rind\u0259, Bak\u0131, 1999, 240 s.<\/li>\n<li><b>\u00a0\u00a0\u00a0\u00a0 <\/b>\u0418\u0431\u043d \u0430\u043b-\u0424\u0430\u043a\u0438\u0445 \u041a\u043d\u0438\u0433\u0430 \u043e \u0441\u0442\u0440\u0430\u043d\u0430\u0445 (\u043f\u0435\u0440\u0435\u0432\u043e\u0434 \u0441 \u0430\u0440\u0430\u0431\u0441\u043a\u043e\u0433\u043e \u041d.\u0410.\u041a\u0430\u0440\u0430\u0443\u043b\u043e\u0432\u0430) \u0421\u041c\u041e\u041c\u041f\u041a, 31, \u0422\u0438\u0444\u043b\u0438\u0441, 1902, \u0441. 1-58<\/li>\n<li><b>\u00a0\u00a0\u00a0\u00a0 <\/b>\u0424\u0430\u0437\u043b\u0443\u043b\u043b\u0430\u0445 \u0420\u0430\u0448\u0438\u0434-\u0430\u0434-\u0434\u0438\u043d \u0414\u0436\u0430\u043c\u0438-\u0430\u0442-\u0442\u0430\u0432\u0430\u0440\u0438\u0445, \u0411\u0430\u043a\u0443: \u201c\u041d\u0430\u0433\u044b\u043b \u0415\u0432\u0438\u201d, 2011, 540 \u0441.<\/li>\n<li><b>\u00a0\u00a0\u00a0\u00a0 <\/b>Piriyev V.Z. Az\u0259rbaycan H\u00fclak\u00fcl\u0259r d\u00f6vl\u0259tinin t\u0259n\u0259zz\u00fcl\u00fc d\u00f6vr\u00fcnd\u0259 (1316 \u2013 1360), Bak\u0131, \u201cElm\u201d n\u0259\u015friyyat\u0131, 1978, 141 s.<\/li>\n<li><b>\u00a0\u00a0\u00a0\u00a0\u00a0\u00a0\u00a0\u00a0\u00a0\u00a0\u00a0\u00a0\u00a0 <\/b>\u018fliyev T.R., Babayev F.\u0130., H\u00fcseynova T.T., \u018fliyeva G.\u0130., Abbasov V.B., \u018fliyev V.T. Qalat\u0259p\u0259 antik alban \u015f\u0259h\u0259r m\u0259sk\u0259ni v\u0259 nekropolunda t\u0259dqiqatlar (A\u011fcab\u0259di rayonu) \/\/ Az\u0259rbaycanda arxeoloji t\u0259dqiqatlar 2011, Bak\u0131, 2012, s. 226-234<\/li>\n<li><b>\u00a0\u00a0\u00a0\u00a0\u00a0\u00a0\u00a0\u00a0\u00a0\u00a0\u00a0\u00a0\u00a0 <\/b>Az\u0259rbaycan toponiml\u0259rinin ensiklopedik l\u00fc\u011f\u0259ti, 2 cildd\u0259, I cild, Bak\u0131, \u015e\u0259rq-Q\u0259rb, 2007, 304 s.<\/li>\n<li><b>\u00a0\u00a0\u00a0\u00a0\u00a0\u00a0\u00a0\u00a0\u00a0\u00a0\u00a0\u00a0\u00a0 <\/b>Q\u0259dirov F.V. T\u0259rk\u0259\u015fd\u0259 arxeoloji k\u0259\u015ff\u0131yyat qaz\u0131nt\u0131lar\u0131n\u0131n ilk n\u0259tic\u0259l\u0259ri \/\/ Az\u0259rb.SSR EA X\u0259b\u0259rl\u0259ri, TFH ser., 1974, \u2116\u00a0 4, s. 57-69<\/li>\n<li><b>\u00a0\u00a0\u00a0\u00a0\u00a0\u00a0\u00a0\u00a0\u00a0\u00a0\u00a0\u00a0\u00a0 <\/b>B\u0259\u015firov C. Xanm\u0259mm\u0259dli k\u0259ndind\u0259 a\u015fkar olunmu\u015f k\u00fcp q\u0259bir haqq\u0131nda \/\/ \u201c\u018fkin\u00e7i\u201d q\u0259zeti, Z\u0259rdab, 2009, 28 sentyabr, N 36, s. 3<\/li>\n<li><b>\u00a0\u00a0\u00a0\u00a0\u00a0\u00a0\u00a0\u00a0\u00a0\u00a0\u00a0\u00a0\u00a0 <\/b>\u018fliyev T.V.<b> <\/b>\u018flican v\u0259 T\u00fcryan\u00e7ay h\u00f6vz\u0259sinin k\u00fcp q\u0259birl\u0259ri \/\/ Tarix v\u0259 onun probleml\u0259ri, Bak\u0131, 2013, \u2116 4<\/li>\n<li><b>\u00a0\u00a0\u00a0\u00a0\u00a0\u00a0\u00a0\u00a0\u00a0\u00a0\u00a0\u00a0\u00a0 <\/b>Pa\u015fa Yaqub Do\u011frulan \u00fcmidl\u0259r, \u201cZ\u0259rdabi LTD\u201d MMC, Bak\u0131, 2009, 160 s.<\/li>\n<li><b>\u00a0\u00a0\u00a0\u00a0\u00a0\u00a0\u00a0\u00a0\u00a0\u00a0\u00a0\u00a0\u00a0 <\/b>\u018fliyev T.V.<b> <\/b>\u018flican v\u0259 T\u00fcryan\u00e7ay h\u00f6vz\u0259sinin memorial abid\u0259l\u0259ri<b> <\/b>\/\/ Az\u0259rbaycan arxeologiyas\u0131 v\u0259 etnoqrafiyas\u0131, Bak\u0131, 2012, \u2116 2<\/li>\n<li><b>\u00a0\u00a0\u00a0\u00a0\u00a0\u00a0\u00a0\u00a0\u00a0\u00a0\u00a0\u00a0\u00a0 <\/b>Orucov A.\u015e. \u0130lk orta \u0259srl\u0259rd\u0259 Az\u0259rbaycanda dulus\u00e7uluq, Bak\u0131: \u201cElm\u201d, 1989, 72 s.<\/li>\n<li><b>\u00a0\u00a0\u00a0\u00a0\u00a0\u00a0\u00a0\u00a0\u00a0\u00a0\u00a0\u00a0\u00a0 <\/b>C\u0259biyev Q.C. Az\u0259rbaycan keramikas\u0131, Bak\u0131, Elm, 2003, 233 s.<\/li>\n<li><b>\u00a0\u00a0\u00a0\u00a0\u00a0\u00a0\u00a0\u00a0\u00a0\u00a0\u00a0\u00a0\u00a0 <\/b>M\u0259mm\u0259dov A.M. Salyan (D\u0259mir d\u00f6vr\u00fcnd\u0259n \u2013 orta \u0259srl\u0259r\u0259d\u0259k) (tarixi \u2013 arxeoloji icmal), Bak\u0131, \u201cElm\u201d, 2011, 62 s.<\/li>\n<li><b>\u00a0\u00a0\u00a0\u00a0\u00a0\u00a0\u00a0\u00a0\u00a0\u00a0\u00a0\u00a0\u00a0 <\/b>\u018fliyev T.V.<b> <\/b>Q\u0131rx\u00e7\u0131raq ya\u015fay\u0131\u015f yerind\u0259 apar\u0131lm\u0131\u015f arxeoloji t\u0259dqiqatlar haqq\u0131nda \/ Salyan\u0131n tarixi, arxeologiyas\u0131, etnoqrafiyas\u0131 v\u0259 memarl\u0131\u011f\u0131 \u2013 Elmi-praktik konfrans\u0131n materiallar\u0131, Salyan, 2012, s. 82-87<\/li>\n<li><b>\u00a0\u00a0\u00a0\u00a0\u00a0\u00a0\u00a0\u00a0\u00a0\u00a0\u00a0\u00a0\u00a0 <\/b>Quliyev A.A., C\u0259biyev Q.C., X\u0259lilli F.S. Muradxan d\u0259fin\u0259si, Bak\u0131, Az\u0259rbaycan Respublikas\u0131 Prezidenti yan\u0131nda Elmin \u0130nki\u015faf\u0131 Fondu, 2012, 456 s.<\/li>\n<\/ol>\n<p align=\"center\"><b>\u0410\u043b\u0438\u0435\u0432 \u0422\u0430\u043b\u0435\u0445 \u0412\u0430\u0441\u0438\u0444 \u043e\u0433\u043b\u044b<\/b><\/p>\n<p align=\"center\"><b>\u0418\u043d\u0441\u0442\u0438\u0442\u0443\u0442 \u0410\u0440\u0445\u0435\u043e\u043b\u043e\u0433\u0438\u0438 \u0438 \u042d\u0442\u043d\u043e\u0433\u0440\u0430\u0444\u0438\u0438 \u041d\u0410\u041d\u0410<\/b><\/p>\n<p align=\"center\"><b>\u043d\u0430\u0443\u0447\u043d\u044b\u0439 \u0441\u043e\u0442\u0440\u0443\u0434\u043d\u0438\u043a, \u0434\u0438\u0441\u0441\u0435\u0440\u0442\u0430\u043d\u0442<\/b><b><\/b><\/p>\n<p align=\"center\"><b>\u041e\u0431 \u0438\u0441\u0442\u043e\u0440\u0438\u043a\u043e \u2013 \u0430\u0440\u0445\u0435\u043e\u043b\u043e\u0433\u0438\u0447\u0435\u0441\u043a\u0438\u0445 \u043f\u0430\u043c\u044f\u0442\u043d\u0438\u043a\u0430\u0445 \u0417\u0430\u0440\u0434\u0430\u0431\u0441\u043a\u043e\u0433\u043e \u0440\u0430\u0439\u043e\u043d\u0430\u00a0 <\/b><\/p>\n<p align=\"center\"><b>(IV \u2013 XIII \u0432\u0432.) <\/b><\/p>\n<p align=\"center\"><b>\u0420\u0415\u0417\u042e\u041c\u0415 <\/b><\/p>\n<p>\u00a0\u00a0\u00a0\u00a0\u00a0\u00a0\u00a0\u00a0\u00a0 \u0421\u0442\u0430\u0442\u044c\u044f \u043f\u043e\u0441\u0432\u044f\u0449\u0430\u0435\u0442\u0441\u044f \u0430\u0440\u0445\u0435\u043e\u043b\u043e\u0433\u0438\u0447\u0435\u0441\u043a\u0438\u043c \u043f\u0430\u043c\u044f\u0442\u043d\u0438\u043a\u0430\u043c IV \u2013 XIII \u0432\u0435\u043a\u043e\u0432, \u0440\u0430\u0441\u043f\u043e\u043b\u043e\u0436\u0435\u043d\u043d\u044b\u043c \u043d\u0430 \u0442\u0435\u0440\u0440\u0438\u0442\u043e\u0440\u0438\u0438 \u0417\u0430\u0440\u0434\u0430\u0431\u0441\u043a\u043e\u0433\u043e \u0440\u0430\u0439\u043e\u043d\u0430. \u0412 \u0440\u0435\u0437\u0443\u043b\u044c\u0442\u0430\u0442\u0435 \u0430\u0440\u0445\u0435\u043e\u043b\u043e\u0433\u0438\u0447\u0435\u0441\u043a\u0438\u0445 \u0438\u0441\u0441\u043b\u0435\u0434\u043e\u0432\u0430\u043d\u0438\u0439 \u0431\u044b\u043b\u0430 \u0438\u0437\u0443\u0447\u0435\u043d\u0430 \u0447\u0430\u0441\u0442\u044c \u043f\u043e\u0441\u0435\u043b\u0435\u043d\u0438\u0439 \u0438 \u043f\u043e\u0433\u0440\u0435\u0431\u0430\u043b\u044c\u043d\u044b\u0445 \u043f\u0430\u043c\u044f\u0442\u043d\u0438\u043a\u043e\u0432. \u0412 \u0440\u0435\u0437\u0443\u043b\u044c\u0442\u0430\u0442\u0435 \u0430\u0440\u0445\u0435\u043e\u043b\u043e\u0433\u0438\u0447\u0435\u0441\u043a\u0438\u0445 \u043f\u043e\u0438\u0441\u043a\u043e\u0432 \u0438 \u043d\u0430\u0443\u0447\u043d\u044b\u0445 \u0438\u0441\u0441\u043b\u0435\u0434\u043e\u0432\u0430\u043d\u0438\u0439 \u0431\u044b\u043b\u0438 \u043f\u043e\u043b\u0443\u0447\u0435\u043d\u044b \u043e\u0431\u0440\u0430\u0437\u0446\u044b \u043c\u0430\u0442\u0435\u0440\u0438\u0430\u043b\u044c\u043d\u043e\u0439 \u043a\u0443\u043b\u044c\u0442\u0443\u0440\u044b, \u043e\u0442\u043d\u043e\u0441\u044f\u0449\u0438\u0435\u0441\u044f \u043a \u0437\u0435\u043c\u043b\u0435\u0434\u0435\u043b\u0438\u044e, \u0441\u043a\u043e\u0442\u043e\u0432\u043e\u0434\u0441\u0442\u0432\u0443 \u0438 \u0440\u0430\u0437\u043b\u0438\u0447\u043d\u044b\u043c \u043e\u0442\u0440\u0430\u0441\u043b\u044f\u043c \u0440\u0435\u043c\u0435\u0441\u043b\u0430.<\/p>\n<p align=\"center\"><b>Aliyev Taleh Vasif oghlu\u00a0 <\/b><\/p>\n<p align=\"center\"><b>The Institute of Archaeology and Ethnography of NASA <\/b><\/p>\n<p align=\"center\"><b>scientific worker, candidate for a degree <\/b><\/p>\n<p align=\"center\"><b>About the historical \u2013 archaeological monuments of <\/b><\/p>\n<p align=\"center\"><b>Zardab region (IV \u2013 XIII centuries) <\/b><\/p>\n<p align=\"center\"><b>SUMMARY <\/b><\/p>\n<p>The article has been dedicated to the IV \u2013 XIII century archaeological monuments of Zardab region. It has been studied the types of the settlements and grave monuments on the result of the archaeological researches. It has been found material \u2013 cultural artifacts special of the agriculture, cattle \u2013 breeding, the different branches of the craftsman on the result of the archaeological prospecting and scientific exploration.<\/p>\n<p><a href=\"http:\/\/www.zerdab.com\/wp-content\/uploads\/2014\/03\/Tarix-Z\u0259rdab.jpg\"><img loading=\"lazy\" decoding=\"async\" class=\"aligncenter size-large wp-image-14945\" alt=\"Yer a\u011fz\u0131 ya\u015fay\u0131\u015f yeri\" src=\"http:\/\/www.zerdab.com\/wp-content\/uploads\/2014\/03\/Tarix-Z\u0259rdab-413x550.jpg\" width=\"413\" height=\"550\" \/><\/a><a href=\"http:\/\/www.zerdab.com\/wp-content\/uploads\/2014\/03\/Tarix-Z\u0259rdab2.jpg\"><img loading=\"lazy\" decoding=\"async\" class=\"aligncenter size-large wp-image-14946\" alt=\"Z\u0259rdab\u0131n tarixi\" src=\"http:\/\/www.zerdab.com\/wp-content\/uploads\/2014\/03\/Tarix-Z\u0259rdab2-413x550.jpg\" width=\"413\" height=\"550\" \/><\/a><a href=\"http:\/\/www.zerdab.com\/wp-content\/uploads\/2014\/03\/Tarix-Z\u0259rdab3.jpg\"><img loading=\"lazy\" decoding=\"async\" class=\"aligncenter size-large wp-image-14947\" alt=\"Z\u0259rdab\u0131n tarixi\" src=\"http:\/\/www.zerdab.com\/wp-content\/uploads\/2014\/03\/Tarix-Z\u0259rdab3-517x550.jpg\" width=\"517\" height=\"550\" \/><\/a><a href=\"http:\/\/www.zerdab.com\/wp-content\/uploads\/2014\/03\/Tarix-Z\u0259rdab4.jpg\"><img loading=\"lazy\" decoding=\"async\" class=\"aligncenter size-large wp-image-14948\" alt=\"Z\u0259rdab\u0131n tarixi\" src=\"http:\/\/www.zerdab.com\/wp-content\/uploads\/2014\/03\/Tarix-Z\u0259rdab4-416x550.jpg\" width=\"416\" height=\"550\" \/><\/a><a href=\"http:\/\/www.zerdab.com\/wp-content\/uploads\/2014\/03\/Tarix-Z\u0259rdab5.jpg\"><img loading=\"lazy\" decoding=\"async\" class=\"aligncenter size-large wp-image-14949\" alt=\"Z\u0259rdab\u0131n tarixi\" src=\"http:\/\/www.zerdab.com\/wp-content\/uploads\/2014\/03\/Tarix-Z\u0259rdab5-413x550.jpg\" width=\"413\" height=\"550\" \/><\/a><a href=\"http:\/\/www.zerdab.com\/wp-content\/uploads\/2014\/03\/Tarix-Z\u0259rdab6.jpg\"><img loading=\"lazy\" decoding=\"async\" class=\"aligncenter size-large wp-image-14950\" alt=\"Z\u0259rdab\u0131n tarixi\" src=\"http:\/\/www.zerdab.com\/wp-content\/uploads\/2014\/03\/Tarix-Z\u0259rdab6-440x550.jpg\" width=\"440\" height=\"550\" \/><\/a><a href=\"http:\/\/www.zerdab.com\/wp-content\/uploads\/2014\/03\/Tarix-Z\u0259rdab7.jpg\"><img loading=\"lazy\" decoding=\"async\" class=\"aligncenter size-large wp-image-14951\" alt=\"Z\u0259rdab\u0131n tarixi\" src=\"http:\/\/www.zerdab.com\/wp-content\/uploads\/2014\/03\/Tarix-Z\u0259rdab7-463x550.jpg\" width=\"463\" height=\"550\" \/><\/a><a href=\"http:\/\/www.zerdab.com\/wp-content\/uploads\/2014\/03\/Tarix-Z\u0259rdab9.jpg\"><img loading=\"lazy\" decoding=\"async\" class=\"aligncenter size-large wp-image-14953\" alt=\"Z\u0259rdab\u0131n tarixi\" src=\"http:\/\/www.zerdab.com\/wp-content\/uploads\/2014\/03\/Tarix-Z\u0259rdab9-456x550.jpg\" width=\"456\" height=\"550\" \/><\/a><\/p>\n","protected":false},"excerpt":{"rendered":"<p>\u00a0\u00a0\u00a0\u00a0\u00a0\u00a0 M\u00fc\u0259llif: \u018fliyev Taleh Vasif o\u011flu. AMEA Arxeologiya v\u0259 Etnoqrafiya \u0130nstitutunun elmi i\u015f\u00e7i, dissertant. email: taleh.ali@mail.ru Z\u0259rdab rayonunun tarixi \u2013 arxeoloji abid\u0259l\u0259ri haqq\u0131nda (IV \u2013 XIII \u0259srl\u0259r) A\u00e7ar s\u00f6zl\u0259r: Z\u0259rdab, abid\u0259, arxeologiya, tayfa, \u018fc\u0259ri \u041a\u043b\u044e\u0447\u0435\u0432\u044b\u0435 \u0441\u043b\u043e\u0432\u0430: \u0417\u0430\u0440\u0434\u0430\u0431, \u043f\u0430\u043c\u044f\u0442\u043d\u0438\u043a, \u0430\u0440\u0445\u0435\u043e\u043b\u043e\u0433\u0438\u044f, \u043f\u043b\u0435\u043c\u044f, \u042d\u0434\u0436\u0435\u0440\u0438 Key words: Zardab, monument, archaeology, kin, Ejeri \u00a0\u00a0 Z\u0259rdab rayonunun tarixi \u2013 arxeoloji abid\u0259l\u0259ri [&hellip;]<\/p>\n","protected":false},"author":1,"featured_media":0,"comment_status":"open","ping_status":"open","sticky":false,"template":"","format":"standard","meta":{"footnotes":""},"categories":[1],"tags":[],"class_list":{"0":"post-14942","1":"post","2":"type-post","3":"status-publish","4":"format-standard","6":"category-tarix"},"yoast_head":"<!-- This site is optimized with the Yoast SEO plugin v27.0 - https:\/\/yoast.com\/product\/yoast-seo-wordpress\/ -->\n<title>Z\u0259rdab\u0131n tarixi\u2013arxeoloji abid\u0259l\u0259ri haqq\u0131nda (IV\u2013XIII \u0259srl\u0259r)  - Z\u0259rdab.com<\/title>\n<meta name=\"robots\" content=\"index, follow, max-snippet:-1, max-image-preview:large, max-video-preview:-1\" \/>\n<link rel=\"canonical\" href=\"https:\/\/www.zerdab.com\/?p=14942\" \/>\n<meta property=\"og:locale\" content=\"az_AZ\" \/>\n<meta property=\"og:type\" content=\"article\" \/>\n<meta property=\"og:title\" content=\"Z\u0259rdab\u0131n tarixi\u2013arxeoloji abid\u0259l\u0259ri haqq\u0131nda (IV\u2013XIII \u0259srl\u0259r)  - Z\u0259rdab.com\" \/>\n<meta property=\"og:description\" content=\"\u00a0\u00a0\u00a0\u00a0\u00a0\u00a0 M\u00fc\u0259llif: \u018fliyev Taleh Vasif o\u011flu. AMEA Arxeologiya v\u0259 Etnoqrafiya \u0130nstitutunun elmi i\u015f\u00e7i, dissertant. email: taleh.ali@mail.ru Z\u0259rdab rayonunun tarixi \u2013 arxeoloji abid\u0259l\u0259ri haqq\u0131nda (IV \u2013 XIII \u0259srl\u0259r) A\u00e7ar s\u00f6zl\u0259r: Z\u0259rdab, abid\u0259, arxeologiya, tayfa, \u018fc\u0259ri \u041a\u043b\u044e\u0447\u0435\u0432\u044b\u0435 \u0441\u043b\u043e\u0432\u0430: \u0417\u0430\u0440\u0434\u0430\u0431, \u043f\u0430\u043c\u044f\u0442\u043d\u0438\u043a, \u0430\u0440\u0445\u0435\u043e\u043b\u043e\u0433\u0438\u044f, \u043f\u043b\u0435\u043c\u044f, \u042d\u0434\u0436\u0435\u0440\u0438 Key words: Zardab, monument, archaeology, kin, Ejeri \u00a0\u00a0 Z\u0259rdab rayonunun tarixi \u2013 arxeoloji abid\u0259l\u0259ri [&hellip;]\" \/>\n<meta property=\"og:url\" content=\"https:\/\/www.zerdab.com\/?p=14942\" \/>\n<meta property=\"og:site_name\" content=\"Z\u0259rdab.com\" \/>\n<meta property=\"article:published_time\" content=\"2014-03-09T04:30:00+00:00\" \/>\n<meta property=\"article:modified_time\" content=\"2014-03-09T12:04:21+00:00\" \/>\n<meta name=\"author\" content=\"admin\" \/>\n<meta name=\"twitter:card\" content=\"summary_large_image\" \/>\n<meta name=\"twitter:label1\" content=\"Written by\" \/>\n\t<meta name=\"twitter:data1\" content=\"admin\" \/>\n\t<meta name=\"twitter:label2\" content=\"Est. reading time\" \/>\n\t<meta name=\"twitter:data2\" content=\"11 minutes\" \/>\n<script type=\"application\/ld+json\" class=\"yoast-schema-graph\">{\"@context\":\"https:\/\/schema.org\",\"@graph\":[{\"@type\":\"Article\",\"@id\":\"https:\/\/www.zerdab.com\/?p=14942#article\",\"isPartOf\":{\"@id\":\"https:\/\/www.zerdab.com\/?p=14942\"},\"author\":{\"name\":\"admin\",\"@id\":\"https:\/\/www.zerdab.com\/#\/schema\/person\/97079b7570c1e89ec0d9e138c3672136\"},\"headline\":\"Z\u0259rdab\u0131n tarixi\u2013arxeoloji abid\u0259l\u0259ri haqq\u0131nda (IV\u2013XIII \u0259srl\u0259r)\",\"datePublished\":\"2014-03-09T04:30:00+00:00\",\"dateModified\":\"2014-03-09T12:04:21+00:00\",\"mainEntityOfPage\":{\"@id\":\"https:\/\/www.zerdab.com\/?p=14942\"},\"wordCount\":2603,\"commentCount\":1,\"articleSection\":[\"Z\u018fRDABIN TAR\u0130X\u0130\"],\"inLanguage\":\"az\",\"potentialAction\":[{\"@type\":\"CommentAction\",\"name\":\"Comment\",\"target\":[\"https:\/\/www.zerdab.com\/?p=14942#respond\"]}]},{\"@type\":\"WebPage\",\"@id\":\"https:\/\/www.zerdab.com\/?p=14942\",\"url\":\"https:\/\/www.zerdab.com\/?p=14942\",\"name\":\"Z\u0259rdab\u0131n tarixi\u2013arxeoloji abid\u0259l\u0259ri haqq\u0131nda (IV\u2013XIII \u0259srl\u0259r) - Z\u0259rdab.com\",\"isPartOf\":{\"@id\":\"https:\/\/www.zerdab.com\/#website\"},\"datePublished\":\"2014-03-09T04:30:00+00:00\",\"dateModified\":\"2014-03-09T12:04:21+00:00\",\"author\":{\"@id\":\"https:\/\/www.zerdab.com\/#\/schema\/person\/97079b7570c1e89ec0d9e138c3672136\"},\"breadcrumb\":{\"@id\":\"https:\/\/www.zerdab.com\/?p=14942#breadcrumb\"},\"inLanguage\":\"az\",\"potentialAction\":[{\"@type\":\"ReadAction\",\"target\":[\"https:\/\/www.zerdab.com\/?p=14942\"]}]},{\"@type\":\"BreadcrumbList\",\"@id\":\"https:\/\/www.zerdab.com\/?p=14942#breadcrumb\",\"itemListElement\":[{\"@type\":\"ListItem\",\"position\":1,\"name\":\"Home\",\"item\":\"https:\/\/www.zerdab.com\/\"},{\"@type\":\"ListItem\",\"position\":2,\"name\":\"Z\u0259rdab\u0131n tarixi\u2013arxeoloji abid\u0259l\u0259ri haqq\u0131nda (IV\u2013XIII \u0259srl\u0259r)\"}]},{\"@type\":\"WebSite\",\"@id\":\"https:\/\/www.zerdab.com\/#website\",\"url\":\"https:\/\/www.zerdab.com\/\",\"name\":\"Z\u0259rdab.com\",\"description\":\"\",\"potentialAction\":[{\"@type\":\"SearchAction\",\"target\":{\"@type\":\"EntryPoint\",\"urlTemplate\":\"https:\/\/www.zerdab.com\/?s={search_term_string}\"},\"query-input\":{\"@type\":\"PropertyValueSpecification\",\"valueRequired\":true,\"valueName\":\"search_term_string\"}}],\"inLanguage\":\"az\"},{\"@type\":\"Person\",\"@id\":\"https:\/\/www.zerdab.com\/#\/schema\/person\/97079b7570c1e89ec0d9e138c3672136\",\"name\":\"admin\",\"image\":{\"@type\":\"ImageObject\",\"inLanguage\":\"az\",\"@id\":\"https:\/\/www.zerdab.com\/#\/schema\/person\/image\/\",\"url\":\"https:\/\/secure.gravatar.com\/avatar\/d9c52a9a27c32119cb6679a077fa3e2779e5f822c451cbf01098004361d466ec?s=96&d=mm&r=g\",\"contentUrl\":\"https:\/\/secure.gravatar.com\/avatar\/d9c52a9a27c32119cb6679a077fa3e2779e5f822c451cbf01098004361d466ec?s=96&d=mm&r=g\",\"caption\":\"admin\"},\"url\":\"https:\/\/www.zerdab.com\/?author=1\"}]}<\/script>\n<!-- \/ Yoast SEO plugin. -->","yoast_head_json":{"title":"Z\u0259rdab\u0131n tarixi\u2013arxeoloji abid\u0259l\u0259ri haqq\u0131nda (IV\u2013XIII \u0259srl\u0259r)  - Z\u0259rdab.com","robots":{"index":"index","follow":"follow","max-snippet":"max-snippet:-1","max-image-preview":"max-image-preview:large","max-video-preview":"max-video-preview:-1"},"canonical":"https:\/\/www.zerdab.com\/?p=14942","og_locale":"az_AZ","og_type":"article","og_title":"Z\u0259rdab\u0131n tarixi\u2013arxeoloji abid\u0259l\u0259ri haqq\u0131nda (IV\u2013XIII \u0259srl\u0259r)  - Z\u0259rdab.com","og_description":"\u00a0\u00a0\u00a0\u00a0\u00a0\u00a0 M\u00fc\u0259llif: \u018fliyev Taleh Vasif o\u011flu. AMEA Arxeologiya v\u0259 Etnoqrafiya \u0130nstitutunun elmi i\u015f\u00e7i, dissertant. email: taleh.ali@mail.ru Z\u0259rdab rayonunun tarixi \u2013 arxeoloji abid\u0259l\u0259ri haqq\u0131nda (IV \u2013 XIII \u0259srl\u0259r) A\u00e7ar s\u00f6zl\u0259r: Z\u0259rdab, abid\u0259, arxeologiya, tayfa, \u018fc\u0259ri \u041a\u043b\u044e\u0447\u0435\u0432\u044b\u0435 \u0441\u043b\u043e\u0432\u0430: \u0417\u0430\u0440\u0434\u0430\u0431, \u043f\u0430\u043c\u044f\u0442\u043d\u0438\u043a, \u0430\u0440\u0445\u0435\u043e\u043b\u043e\u0433\u0438\u044f, \u043f\u043b\u0435\u043c\u044f, \u042d\u0434\u0436\u0435\u0440\u0438 Key words: Zardab, monument, archaeology, kin, Ejeri \u00a0\u00a0 Z\u0259rdab rayonunun tarixi \u2013 arxeoloji abid\u0259l\u0259ri [&hellip;]","og_url":"https:\/\/www.zerdab.com\/?p=14942","og_site_name":"Z\u0259rdab.com","article_published_time":"2014-03-09T04:30:00+00:00","article_modified_time":"2014-03-09T12:04:21+00:00","author":"admin","twitter_card":"summary_large_image","twitter_misc":{"Written by":"admin","Est. reading time":"11 minutes"},"schema":{"@context":"https:\/\/schema.org","@graph":[{"@type":"Article","@id":"https:\/\/www.zerdab.com\/?p=14942#article","isPartOf":{"@id":"https:\/\/www.zerdab.com\/?p=14942"},"author":{"name":"admin","@id":"https:\/\/www.zerdab.com\/#\/schema\/person\/97079b7570c1e89ec0d9e138c3672136"},"headline":"Z\u0259rdab\u0131n tarixi\u2013arxeoloji abid\u0259l\u0259ri haqq\u0131nda (IV\u2013XIII \u0259srl\u0259r)","datePublished":"2014-03-09T04:30:00+00:00","dateModified":"2014-03-09T12:04:21+00:00","mainEntityOfPage":{"@id":"https:\/\/www.zerdab.com\/?p=14942"},"wordCount":2603,"commentCount":1,"articleSection":["Z\u018fRDABIN TAR\u0130X\u0130"],"inLanguage":"az","potentialAction":[{"@type":"CommentAction","name":"Comment","target":["https:\/\/www.zerdab.com\/?p=14942#respond"]}]},{"@type":"WebPage","@id":"https:\/\/www.zerdab.com\/?p=14942","url":"https:\/\/www.zerdab.com\/?p=14942","name":"Z\u0259rdab\u0131n tarixi\u2013arxeoloji abid\u0259l\u0259ri haqq\u0131nda (IV\u2013XIII \u0259srl\u0259r) - Z\u0259rdab.com","isPartOf":{"@id":"https:\/\/www.zerdab.com\/#website"},"datePublished":"2014-03-09T04:30:00+00:00","dateModified":"2014-03-09T12:04:21+00:00","author":{"@id":"https:\/\/www.zerdab.com\/#\/schema\/person\/97079b7570c1e89ec0d9e138c3672136"},"breadcrumb":{"@id":"https:\/\/www.zerdab.com\/?p=14942#breadcrumb"},"inLanguage":"az","potentialAction":[{"@type":"ReadAction","target":["https:\/\/www.zerdab.com\/?p=14942"]}]},{"@type":"BreadcrumbList","@id":"https:\/\/www.zerdab.com\/?p=14942#breadcrumb","itemListElement":[{"@type":"ListItem","position":1,"name":"Home","item":"https:\/\/www.zerdab.com\/"},{"@type":"ListItem","position":2,"name":"Z\u0259rdab\u0131n tarixi\u2013arxeoloji abid\u0259l\u0259ri haqq\u0131nda (IV\u2013XIII \u0259srl\u0259r)"}]},{"@type":"WebSite","@id":"https:\/\/www.zerdab.com\/#website","url":"https:\/\/www.zerdab.com\/","name":"Z\u0259rdab.com","description":"","potentialAction":[{"@type":"SearchAction","target":{"@type":"EntryPoint","urlTemplate":"https:\/\/www.zerdab.com\/?s={search_term_string}"},"query-input":{"@type":"PropertyValueSpecification","valueRequired":true,"valueName":"search_term_string"}}],"inLanguage":"az"},{"@type":"Person","@id":"https:\/\/www.zerdab.com\/#\/schema\/person\/97079b7570c1e89ec0d9e138c3672136","name":"admin","image":{"@type":"ImageObject","inLanguage":"az","@id":"https:\/\/www.zerdab.com\/#\/schema\/person\/image\/","url":"https:\/\/secure.gravatar.com\/avatar\/d9c52a9a27c32119cb6679a077fa3e2779e5f822c451cbf01098004361d466ec?s=96&d=mm&r=g","contentUrl":"https:\/\/secure.gravatar.com\/avatar\/d9c52a9a27c32119cb6679a077fa3e2779e5f822c451cbf01098004361d466ec?s=96&d=mm&r=g","caption":"admin"},"url":"https:\/\/www.zerdab.com\/?author=1"}]}},"_links":{"self":[{"href":"https:\/\/www.zerdab.com\/index.php?rest_route=\/wp\/v2\/posts\/14942","targetHints":{"allow":["GET"]}}],"collection":[{"href":"https:\/\/www.zerdab.com\/index.php?rest_route=\/wp\/v2\/posts"}],"about":[{"href":"https:\/\/www.zerdab.com\/index.php?rest_route=\/wp\/v2\/types\/post"}],"author":[{"embeddable":true,"href":"https:\/\/www.zerdab.com\/index.php?rest_route=\/wp\/v2\/users\/1"}],"replies":[{"embeddable":true,"href":"https:\/\/www.zerdab.com\/index.php?rest_route=%2Fwp%2Fv2%2Fcomments&post=14942"}],"version-history":[{"count":8,"href":"https:\/\/www.zerdab.com\/index.php?rest_route=\/wp\/v2\/posts\/14942\/revisions"}],"predecessor-version":[{"id":14960,"href":"https:\/\/www.zerdab.com\/index.php?rest_route=\/wp\/v2\/posts\/14942\/revisions\/14960"}],"wp:attachment":[{"href":"https:\/\/www.zerdab.com\/index.php?rest_route=%2Fwp%2Fv2%2Fmedia&parent=14942"}],"wp:term":[{"taxonomy":"category","embeddable":true,"href":"https:\/\/www.zerdab.com\/index.php?rest_route=%2Fwp%2Fv2%2Fcategories&post=14942"},{"taxonomy":"post_tag","embeddable":true,"href":"https:\/\/www.zerdab.com\/index.php?rest_route=%2Fwp%2Fv2%2Ftags&post=14942"}],"curies":[{"name":"wp","href":"https:\/\/api.w.org\/{rel}","templated":true}]}}