{"id":14998,"date":"2014-03-12T08:30:49","date_gmt":"2014-03-12T04:30:49","guid":{"rendered":"http:\/\/www.zerdab.com\/?p=14998"},"modified":"2014-10-02T22:27:48","modified_gmt":"2014-10-02T17:27:48","slug":"z%c9%99rdabda-yeni-inzibati-binalar-tikil%c9%99c%c9%99k","status":"publish","type":"post","link":"https:\/\/www.zerdab.com\/?p=14998","title":{"rendered":"Z\u0259rdabda yeni inzibati binalar tikil\u0259c\u0259k"},"content":{"rendered":"<p><a href=\"http:\/\/www.zerdab.com\/wp-content\/uploads\/2014\/03\/inzibati-bina.jpg\"><img loading=\"lazy\" decoding=\"async\" class=\"aligncenter size-large wp-image-15000\" alt=\"Z\u0259rdab\" src=\"http:\/\/www.zerdab.com\/wp-content\/uploads\/2014\/03\/inzibati-bina-550x365.jpg\" width=\"550\" height=\"365\" \/><\/a>Z\u0259rdab rayonunda bir s\u0131ra qurumlar \u00fc\u00e7\u00fcn yeni binalar\u0131n tikilm\u0259si m\u0259qs\u0259di il\u0259 m\u0259rk\u0259zi d\u00f6vl\u0259t orqanlar\u0131 qar\u015f\u0131s\u0131nda m\u0259s\u0259l\u0259 qald\u0131r\u0131lacaq. Zerdab.com sayt\u0131n\u0131n m\u0259lumat\u0131na g\u00f6r\u0259, bu fikirl\u0259r &#8220;\u018fkin\u00e7i&#8221; q\u0259zetind\u0259 d\u0259rc olunmu\u015f 2013-c\u00fc ilin ictimai-siyasi v\u0259 sosial-iqtisadi inki\u015faf\u0131n\u0131n yekunlar\u0131 v\u0259 2014-c\u00fc ild\u0259 qar\u015f\u0131da duran v\u0259zif\u0259l\u0259r bar\u0259d\u0259 Z\u0259rdab Rayon \u0130cra Hakimiyy\u0259tinin ba\u015f\u00e7\u0131s\u0131 L\u00fctv\u0259li Babayevin hesabat\u0131nda yer al\u0131b.<\/p>\n<p>Bel\u0259 ki, 1970-ci ill\u0259rd\u0259 tikilmi\u015f v\u0259 \u0259sasl\u0131 t\u0259mir olunmayan 500 yerlik \u015e\u0259h\u0259r M\u0259d\u0259niyy\u0259t Evinin \u0259sasl\u0131 t\u0259mir olunmas\u0131, 1960-c\u0131 ild\u0259 tikilmi\u015f, haz\u0131rda q\u0259zal\u0131 v\u0259ziyy\u0259td\u0259 olan Rayon Tarix Diyar\u015f\u00fcnasl\u0131q Muzeyi \u00fc\u00e7\u00fcn yeni binan\u0131n tikilm\u0259si m\u0259qs\u0259di il\u0259 Nazirl\u0259r Kabineti, Maliyy\u0259 Nazirliyi, M\u0259d\u0259niyy\u0259t v\u0259 Turizm Nazirliyi qar\u015f\u0131s\u0131nda m\u0259s\u0259l\u0259 qald\u0131r\u0131lacaq.<\/p>\n<p>Hesabatda h\u0259m\u00e7inin qeyd olunub ki, M\u0259likli, K\u00f6rp\u00fck\u0259nd k\u0259nd sah\u0259 x\u0259st\u0259xanalar\u0131, Qoruqba\u011f\u0131, Yarm\u0259mm\u0259dba\u011f\u0131 k\u0259nd h\u0259kim m\u0259nt\u0259q\u0259l\u0259ri \u00fc\u00e7\u00fcn yeni binalar\u0131n tikilm\u0259si v\u0259 M\u0259rk\u0259zi Rayon X\u0259st\u0259xanas\u0131na 3 \u0259d\u0259d t\u0259cili tibbi yard\u0131m ma\u015f\u0131n\u0131n\u0131n verilm\u0259si il\u0259 ba\u011fl\u0131 Respublika Nazirl\u0259r Kabinetin\u0259 v\u0259 S\u0259hiyy\u0259 Nazirliyin\u0259 m\u00fcraci\u0259t edil\u0259c\u0259k.<\/p>\n<p>Qeyd ed\u0259k ki, Prezident \u0130lham \u018fliyevin Z\u0259rdab rayonuna g\u00f6st\u0259rdiyi diqq\u0259t v\u0259 qay\u011f\u0131n\u0131n n\u0259tic\u0259sidir ki, son 10 ild\u0259 rayonumuzda 16 yeni m\u0259kt\u0259b binas\u0131 tikilib istifad\u0259y\u0259 verilib. 2 tam orta m\u0259kt\u0259b binas\u0131 \u0259sasl\u0131 t\u0259mir edilib. H\u0259min m\u0259kt\u0259bl\u0259rd\u0259n ikisi Heyd\u0259r \u018fliyev Fondunun h\u0259yata ke\u00e7irdiyi &#8220;Yenil\u0259\u015f\u0259n Az\u0259rbaycana yeni m\u0259kt\u0259b&#8221; layih\u0259si \u00e7\u0259r\u00e7iv\u0259sind\u0259 tikilib istifad\u0259y\u0259 verilib.<\/p>\n<p>Zerdab.com<\/p>\n","protected":false},"excerpt":{"rendered":"<p>Z\u0259rdab rayonunda bir s\u0131ra qurumlar \u00fc\u00e7\u00fcn yeni binalar\u0131n tikilm\u0259si m\u0259qs\u0259di il\u0259 m\u0259rk\u0259zi d\u00f6vl\u0259t orqanlar\u0131 qar\u015f\u0131s\u0131nda m\u0259s\u0259l\u0259 qald\u0131r\u0131lacaq. Zerdab.com sayt\u0131n\u0131n m\u0259lumat\u0131na g\u00f6r\u0259, bu fikirl\u0259r &#8220;\u018fkin\u00e7i&#8221; q\u0259zetind\u0259 d\u0259rc olunmu\u015f 2013-c\u00fc ilin ictimai-siyasi v\u0259 sosial-iqtisadi inki\u015faf\u0131n\u0131n yekunlar\u0131 v\u0259 2014-c\u00fc ild\u0259 qar\u015f\u0131da duran v\u0259zif\u0259l\u0259r bar\u0259d\u0259 Z\u0259rdab Rayon \u0130cra Hakimiyy\u0259tinin ba\u015f\u00e7\u0131s\u0131 L\u00fctv\u0259li Babayevin hesabat\u0131nda yer al\u0131b. Bel\u0259 ki, 1970-ci ill\u0259rd\u0259 [&hellip;]<\/p>\n","protected":false},"author":1,"featured_media":0,"comment_status":"open","ping_status":"open","sticky":false,"template":"","format":"standard","meta":{"footnotes":""},"categories":[21],"tags":[],"class_list":{"0":"post-14998","1":"post","2":"type-post","3":"status-publish","4":"format-standard","6":"category-zrdab"},"yoast_head":"<!-- This site is optimized with the Yoast SEO plugin v27.0 - https:\/\/yoast.com\/product\/yoast-seo-wordpress\/ -->\n<title>Z\u0259rdabda yeni inzibati binalar tikil\u0259c\u0259k - Z\u0259rdab.com<\/title>\n<meta name=\"robots\" content=\"index, follow, max-snippet:-1, max-image-preview:large, max-video-preview:-1\" \/>\n<link rel=\"canonical\" href=\"https:\/\/www.zerdab.com\/?p=14998\" \/>\n<meta property=\"og:locale\" content=\"az_AZ\" \/>\n<meta property=\"og:type\" content=\"article\" \/>\n<meta property=\"og:title\" content=\"Z\u0259rdabda yeni inzibati binalar tikil\u0259c\u0259k - Z\u0259rdab.com\" \/>\n<meta property=\"og:description\" content=\"Z\u0259rdab rayonunda bir s\u0131ra qurumlar \u00fc\u00e7\u00fcn yeni binalar\u0131n tikilm\u0259si m\u0259qs\u0259di il\u0259 m\u0259rk\u0259zi d\u00f6vl\u0259t orqanlar\u0131 qar\u015f\u0131s\u0131nda m\u0259s\u0259l\u0259 qald\u0131r\u0131lacaq. Zerdab.com sayt\u0131n\u0131n m\u0259lumat\u0131na g\u00f6r\u0259, bu fikirl\u0259r &#8220;\u018fkin\u00e7i&#8221; q\u0259zetind\u0259 d\u0259rc olunmu\u015f 2013-c\u00fc ilin ictimai-siyasi v\u0259 sosial-iqtisadi inki\u015faf\u0131n\u0131n yekunlar\u0131 v\u0259 2014-c\u00fc ild\u0259 qar\u015f\u0131da duran v\u0259zif\u0259l\u0259r bar\u0259d\u0259 Z\u0259rdab Rayon \u0130cra Hakimiyy\u0259tinin ba\u015f\u00e7\u0131s\u0131 L\u00fctv\u0259li Babayevin hesabat\u0131nda yer al\u0131b. Bel\u0259 ki, 1970-ci ill\u0259rd\u0259 [&hellip;]\" \/>\n<meta property=\"og:url\" content=\"https:\/\/www.zerdab.com\/?p=14998\" \/>\n<meta property=\"og:site_name\" content=\"Z\u0259rdab.com\" \/>\n<meta property=\"article:published_time\" content=\"2014-03-12T04:30:49+00:00\" \/>\n<meta property=\"article:modified_time\" content=\"2014-10-02T17:27:48+00:00\" \/>\n<meta property=\"og:image\" content=\"http:\/\/www.zerdab.com\/wp-content\/uploads\/2014\/03\/inzibati-bina-550x365.jpg\" \/>\n<meta name=\"author\" content=\"admin\" \/>\n<meta name=\"twitter:card\" content=\"summary_large_image\" \/>\n<meta name=\"twitter:label1\" content=\"Written by\" \/>\n\t<meta name=\"twitter:data1\" content=\"admin\" \/>\n\t<meta name=\"twitter:label2\" content=\"Est. reading time\" \/>\n\t<meta name=\"twitter:data2\" content=\"2 minutes\" \/>\n<script type=\"application\/ld+json\" class=\"yoast-schema-graph\">{\"@context\":\"https:\/\/schema.org\",\"@graph\":[{\"@type\":\"Article\",\"@id\":\"https:\/\/www.zerdab.com\/?p=14998#article\",\"isPartOf\":{\"@id\":\"https:\/\/www.zerdab.com\/?p=14998\"},\"author\":{\"name\":\"admin\",\"@id\":\"https:\/\/www.zerdab.com\/#\/schema\/person\/97079b7570c1e89ec0d9e138c3672136\"},\"headline\":\"Z\u0259rdabda yeni inzibati binalar tikil\u0259c\u0259k\",\"datePublished\":\"2014-03-12T04:30:49+00:00\",\"dateModified\":\"2014-10-02T17:27:48+00:00\",\"mainEntityOfPage\":{\"@id\":\"https:\/\/www.zerdab.com\/?p=14998\"},\"wordCount\":328,\"commentCount\":0,\"image\":{\"@id\":\"https:\/\/www.zerdab.com\/?p=14998#primaryimage\"},\"thumbnailUrl\":\"http:\/\/www.zerdab.com\/wp-content\/uploads\/2014\/03\/inzibati-bina-550x365.jpg\",\"articleSection\":[\"C\u018fM\u0130YY\u018fT\"],\"inLanguage\":\"az\",\"potentialAction\":[{\"@type\":\"CommentAction\",\"name\":\"Comment\",\"target\":[\"https:\/\/www.zerdab.com\/?p=14998#respond\"]}]},{\"@type\":\"WebPage\",\"@id\":\"https:\/\/www.zerdab.com\/?p=14998\",\"url\":\"https:\/\/www.zerdab.com\/?p=14998\",\"name\":\"Z\u0259rdabda yeni inzibati binalar tikil\u0259c\u0259k - Z\u0259rdab.com\",\"isPartOf\":{\"@id\":\"https:\/\/www.zerdab.com\/#website\"},\"primaryImageOfPage\":{\"@id\":\"https:\/\/www.zerdab.com\/?p=14998#primaryimage\"},\"image\":{\"@id\":\"https:\/\/www.zerdab.com\/?p=14998#primaryimage\"},\"thumbnailUrl\":\"http:\/\/www.zerdab.com\/wp-content\/uploads\/2014\/03\/inzibati-bina-550x365.jpg\",\"datePublished\":\"2014-03-12T04:30:49+00:00\",\"dateModified\":\"2014-10-02T17:27:48+00:00\",\"author\":{\"@id\":\"https:\/\/www.zerdab.com\/#\/schema\/person\/97079b7570c1e89ec0d9e138c3672136\"},\"breadcrumb\":{\"@id\":\"https:\/\/www.zerdab.com\/?p=14998#breadcrumb\"},\"inLanguage\":\"az\",\"potentialAction\":[{\"@type\":\"ReadAction\",\"target\":[\"https:\/\/www.zerdab.com\/?p=14998\"]}]},{\"@type\":\"ImageObject\",\"inLanguage\":\"az\",\"@id\":\"https:\/\/www.zerdab.com\/?p=14998#primaryimage\",\"url\":\"\",\"contentUrl\":\"\"},{\"@type\":\"BreadcrumbList\",\"@id\":\"https:\/\/www.zerdab.com\/?p=14998#breadcrumb\",\"itemListElement\":[{\"@type\":\"ListItem\",\"position\":1,\"name\":\"Home\",\"item\":\"https:\/\/www.zerdab.com\/\"},{\"@type\":\"ListItem\",\"position\":2,\"name\":\"Z\u0259rdabda yeni inzibati binalar tikil\u0259c\u0259k\"}]},{\"@type\":\"WebSite\",\"@id\":\"https:\/\/www.zerdab.com\/#website\",\"url\":\"https:\/\/www.zerdab.com\/\",\"name\":\"Z\u0259rdab.com\",\"description\":\"\",\"potentialAction\":[{\"@type\":\"SearchAction\",\"target\":{\"@type\":\"EntryPoint\",\"urlTemplate\":\"https:\/\/www.zerdab.com\/?s={search_term_string}\"},\"query-input\":{\"@type\":\"PropertyValueSpecification\",\"valueRequired\":true,\"valueName\":\"search_term_string\"}}],\"inLanguage\":\"az\"},{\"@type\":\"Person\",\"@id\":\"https:\/\/www.zerdab.com\/#\/schema\/person\/97079b7570c1e89ec0d9e138c3672136\",\"name\":\"admin\",\"image\":{\"@type\":\"ImageObject\",\"inLanguage\":\"az\",\"@id\":\"https:\/\/www.zerdab.com\/#\/schema\/person\/image\/\",\"url\":\"https:\/\/secure.gravatar.com\/avatar\/d9c52a9a27c32119cb6679a077fa3e2779e5f822c451cbf01098004361d466ec?s=96&d=mm&r=g\",\"contentUrl\":\"https:\/\/secure.gravatar.com\/avatar\/d9c52a9a27c32119cb6679a077fa3e2779e5f822c451cbf01098004361d466ec?s=96&d=mm&r=g\",\"caption\":\"admin\"},\"url\":\"https:\/\/www.zerdab.com\/?author=1\"}]}<\/script>\n<!-- \/ Yoast SEO plugin. -->","yoast_head_json":{"title":"Z\u0259rdabda yeni inzibati binalar tikil\u0259c\u0259k - Z\u0259rdab.com","robots":{"index":"index","follow":"follow","max-snippet":"max-snippet:-1","max-image-preview":"max-image-preview:large","max-video-preview":"max-video-preview:-1"},"canonical":"https:\/\/www.zerdab.com\/?p=14998","og_locale":"az_AZ","og_type":"article","og_title":"Z\u0259rdabda yeni inzibati binalar tikil\u0259c\u0259k - Z\u0259rdab.com","og_description":"Z\u0259rdab rayonunda bir s\u0131ra qurumlar \u00fc\u00e7\u00fcn yeni binalar\u0131n tikilm\u0259si m\u0259qs\u0259di il\u0259 m\u0259rk\u0259zi d\u00f6vl\u0259t orqanlar\u0131 qar\u015f\u0131s\u0131nda m\u0259s\u0259l\u0259 qald\u0131r\u0131lacaq. Zerdab.com sayt\u0131n\u0131n m\u0259lumat\u0131na g\u00f6r\u0259, bu fikirl\u0259r &#8220;\u018fkin\u00e7i&#8221; q\u0259zetind\u0259 d\u0259rc olunmu\u015f 2013-c\u00fc ilin ictimai-siyasi v\u0259 sosial-iqtisadi inki\u015faf\u0131n\u0131n yekunlar\u0131 v\u0259 2014-c\u00fc ild\u0259 qar\u015f\u0131da duran v\u0259zif\u0259l\u0259r bar\u0259d\u0259 Z\u0259rdab Rayon \u0130cra Hakimiyy\u0259tinin ba\u015f\u00e7\u0131s\u0131 L\u00fctv\u0259li Babayevin hesabat\u0131nda yer al\u0131b. Bel\u0259 ki, 1970-ci ill\u0259rd\u0259 [&hellip;]","og_url":"https:\/\/www.zerdab.com\/?p=14998","og_site_name":"Z\u0259rdab.com","article_published_time":"2014-03-12T04:30:49+00:00","article_modified_time":"2014-10-02T17:27:48+00:00","og_image":[{"url":"http:\/\/www.zerdab.com\/wp-content\/uploads\/2014\/03\/inzibati-bina-550x365.jpg","type":"","width":"","height":""}],"author":"admin","twitter_card":"summary_large_image","twitter_misc":{"Written by":"admin","Est. reading time":"2 minutes"},"schema":{"@context":"https:\/\/schema.org","@graph":[{"@type":"Article","@id":"https:\/\/www.zerdab.com\/?p=14998#article","isPartOf":{"@id":"https:\/\/www.zerdab.com\/?p=14998"},"author":{"name":"admin","@id":"https:\/\/www.zerdab.com\/#\/schema\/person\/97079b7570c1e89ec0d9e138c3672136"},"headline":"Z\u0259rdabda yeni inzibati binalar tikil\u0259c\u0259k","datePublished":"2014-03-12T04:30:49+00:00","dateModified":"2014-10-02T17:27:48+00:00","mainEntityOfPage":{"@id":"https:\/\/www.zerdab.com\/?p=14998"},"wordCount":328,"commentCount":0,"image":{"@id":"https:\/\/www.zerdab.com\/?p=14998#primaryimage"},"thumbnailUrl":"http:\/\/www.zerdab.com\/wp-content\/uploads\/2014\/03\/inzibati-bina-550x365.jpg","articleSection":["C\u018fM\u0130YY\u018fT"],"inLanguage":"az","potentialAction":[{"@type":"CommentAction","name":"Comment","target":["https:\/\/www.zerdab.com\/?p=14998#respond"]}]},{"@type":"WebPage","@id":"https:\/\/www.zerdab.com\/?p=14998","url":"https:\/\/www.zerdab.com\/?p=14998","name":"Z\u0259rdabda yeni inzibati binalar tikil\u0259c\u0259k - Z\u0259rdab.com","isPartOf":{"@id":"https:\/\/www.zerdab.com\/#website"},"primaryImageOfPage":{"@id":"https:\/\/www.zerdab.com\/?p=14998#primaryimage"},"image":{"@id":"https:\/\/www.zerdab.com\/?p=14998#primaryimage"},"thumbnailUrl":"http:\/\/www.zerdab.com\/wp-content\/uploads\/2014\/03\/inzibati-bina-550x365.jpg","datePublished":"2014-03-12T04:30:49+00:00","dateModified":"2014-10-02T17:27:48+00:00","author":{"@id":"https:\/\/www.zerdab.com\/#\/schema\/person\/97079b7570c1e89ec0d9e138c3672136"},"breadcrumb":{"@id":"https:\/\/www.zerdab.com\/?p=14998#breadcrumb"},"inLanguage":"az","potentialAction":[{"@type":"ReadAction","target":["https:\/\/www.zerdab.com\/?p=14998"]}]},{"@type":"ImageObject","inLanguage":"az","@id":"https:\/\/www.zerdab.com\/?p=14998#primaryimage","url":"","contentUrl":""},{"@type":"BreadcrumbList","@id":"https:\/\/www.zerdab.com\/?p=14998#breadcrumb","itemListElement":[{"@type":"ListItem","position":1,"name":"Home","item":"https:\/\/www.zerdab.com\/"},{"@type":"ListItem","position":2,"name":"Z\u0259rdabda yeni inzibati binalar tikil\u0259c\u0259k"}]},{"@type":"WebSite","@id":"https:\/\/www.zerdab.com\/#website","url":"https:\/\/www.zerdab.com\/","name":"Z\u0259rdab.com","description":"","potentialAction":[{"@type":"SearchAction","target":{"@type":"EntryPoint","urlTemplate":"https:\/\/www.zerdab.com\/?s={search_term_string}"},"query-input":{"@type":"PropertyValueSpecification","valueRequired":true,"valueName":"search_term_string"}}],"inLanguage":"az"},{"@type":"Person","@id":"https:\/\/www.zerdab.com\/#\/schema\/person\/97079b7570c1e89ec0d9e138c3672136","name":"admin","image":{"@type":"ImageObject","inLanguage":"az","@id":"https:\/\/www.zerdab.com\/#\/schema\/person\/image\/","url":"https:\/\/secure.gravatar.com\/avatar\/d9c52a9a27c32119cb6679a077fa3e2779e5f822c451cbf01098004361d466ec?s=96&d=mm&r=g","contentUrl":"https:\/\/secure.gravatar.com\/avatar\/d9c52a9a27c32119cb6679a077fa3e2779e5f822c451cbf01098004361d466ec?s=96&d=mm&r=g","caption":"admin"},"url":"https:\/\/www.zerdab.com\/?author=1"}]}},"_links":{"self":[{"href":"https:\/\/www.zerdab.com\/index.php?rest_route=\/wp\/v2\/posts\/14998","targetHints":{"allow":["GET"]}}],"collection":[{"href":"https:\/\/www.zerdab.com\/index.php?rest_route=\/wp\/v2\/posts"}],"about":[{"href":"https:\/\/www.zerdab.com\/index.php?rest_route=\/wp\/v2\/types\/post"}],"author":[{"embeddable":true,"href":"https:\/\/www.zerdab.com\/index.php?rest_route=\/wp\/v2\/users\/1"}],"replies":[{"embeddable":true,"href":"https:\/\/www.zerdab.com\/index.php?rest_route=%2Fwp%2Fv2%2Fcomments&post=14998"}],"version-history":[{"count":1,"href":"https:\/\/www.zerdab.com\/index.php?rest_route=\/wp\/v2\/posts\/14998\/revisions"}],"predecessor-version":[{"id":15001,"href":"https:\/\/www.zerdab.com\/index.php?rest_route=\/wp\/v2\/posts\/14998\/revisions\/15001"}],"wp:attachment":[{"href":"https:\/\/www.zerdab.com\/index.php?rest_route=%2Fwp%2Fv2%2Fmedia&parent=14998"}],"wp:term":[{"taxonomy":"category","embeddable":true,"href":"https:\/\/www.zerdab.com\/index.php?rest_route=%2Fwp%2Fv2%2Fcategories&post=14998"},{"taxonomy":"post_tag","embeddable":true,"href":"https:\/\/www.zerdab.com\/index.php?rest_route=%2Fwp%2Fv2%2Ftags&post=14998"}],"curies":[{"name":"wp","href":"https:\/\/api.w.org\/{rel}","templated":true}]}}