{"id":15219,"date":"2014-03-31T14:05:08","date_gmt":"2014-03-31T09:05:08","guid":{"rendered":"http:\/\/www.zerdab.com\/?p=15219"},"modified":"2014-03-31T14:07:15","modified_gmt":"2014-03-31T09:07:15","slug":"z%c9%99rdabda-31-mart-soyqirimi-qurbanlari-yad-edildi","status":"publish","type":"post","link":"https:\/\/www.zerdab.com\/?p=15219","title":{"rendered":"Z\u018fRDABDA 31 MART SOYQIRIMI QURBANLARI YAD ED\u0130LD\u0130"},"content":{"rendered":"<p><a href=\"http:\/\/www.zerdab.com\/wp-content\/uploads\/2014\/03\/Zerdab32.jpg\"><img loading=\"lazy\" decoding=\"async\" class=\"aligncenter size-large wp-image-15221\" alt=\"Z\u0259rdab\" src=\"http:\/\/www.zerdab.com\/wp-content\/uploads\/2014\/03\/Zerdab32-550x365.jpg\" width=\"550\" height=\"365\" \/><\/a>Z\u0259rdab rayonunda Az\u0259rbaycanl\u0131lar\u0131n soyq\u0131r\u0131m\u0131 il\u0259 ba\u011fl\u0131 silsil\u0259 t\u0259dbirl\u0259r ke\u00e7irilib. 29 mart 2014-c\u00fc il tarixd\u0259 \u015f\u0259hidl\u0259rin xatir\u0259 park\u0131nda 31 mart Az\u0259rbaycanl\u0131lar\u0131n soyq\u0131r\u0131m\u0131 g\u00fcn\u00fc il\u0259 ba\u011fl\u0131 xatir\u0259 kompleksi \u00f6n\u00fcn\u0259 ba\u011f\u00e7a u\u015faqlar\u0131n\u0131n v\u0259 m\u0259kt\u0259blil\u0259rin i\u015ftirakl\u0131 il\u0259 g\u00fclqoyma m\u0259rasiml\u0259ri ke\u00e7irilib. Rayonun b\u00fct\u00fcn idar\u0259 v\u0259 t\u0259\u015fkilatlar\u0131nda, t\u0259hsil, s\u0259hiyy\u0259 v\u0259 m\u0259d\u0259niyy\u0259t m\u00fc\u0259ssis\u0259l\u0259rind\u0259 soyq\u0131r\u0131m\u0131 qurbanlar\u0131 an\u0131l\u0131b.<\/p>\n<p>Mart ay\u0131n\u0131n 30-da rayon g\u0259ncl\u0259rinin v\u0259 YAP f\u0259allar\u0131n\u0131n bir qrupu Quba k\u00fctl\u0259vi m\u0259zarl\u0131\u011f\u0131n\u0131 ziyar\u0259t edibl\u0259r.<\/p>\n<p>Bu g\u00fcn is\u0259 Az\u0259rbaycanl\u0131lar\u0131n soyq\u0131r\u0131m\u0131 il\u0259 ba\u011fl\u0131\u00a0 \u00fcmumrayon an\u0131m m\u0259rasimi ke\u00e7irilib. Rayon r\u0259hb\u0259rliyi v\u0259 h\u00fcquq m\u00fchafiz\u0259 orqanlar\u0131n\u0131n r\u0259hb\u0259rl\u0259ri Az\u0259rbaycanl\u0131lar\u0131n soyq\u0131r\u0131m\u0131na h\u0259sr olunmu\u015f r\u0259sml\u0259r\u0259 v\u0259 divar q\u0259zetl\u0259rin\u0259 bax\u0131blar. Rayon r\u0259hb\u0259rliyi v\u0259 ictimaiyy\u0259t n\u00fcmay\u0259nd\u0259l\u0259ri \u015f\u0259hidl\u0259rin xatir\u0259 park\u0131n\u0131 ziyar\u0259t ed\u0259r\u0259k Az\u0259rbaycanl\u0131lar\u0131n soyq\u0131r\u0131m\u0131 qurbanlar\u0131n\u0131n xatir\u0259sin\u0259 ucald\u0131lm\u0131\u015f abid\u0259 kompleksinin \u00f6n\u00fcn\u0259 g\u00fcl d\u0259st\u0259l\u0259ri qoyub.<\/p>\n<p>Rayon \u0130cra Hakimiyy\u0259tind\u0259 davam etdiril\u0259n m\u0259rasimd\u0259 \u0130cra Hakimiyy\u0259tinin ba\u015f\u00e7\u0131s\u0131 L\u00fctv\u0259li Babayev &#8220;31 mart &#8211; Az\u0259rbaycanl\u0131lar\u0131n soyq\u0131r\u0131m\u0131 g\u00fcn\u00fcd\u00fcr&#8221; m\u00f6vzusunda geni\u015f m\u0259ruz\u0259 il\u0259 \u00e7\u0131x\u0131\u015f edib. O, qeyd edib ki, 19-cu \u0259srin \u0259vv\u0259ll\u0259rind\u0259n ba\u015flayaraq k\u00fctl\u0259vi v\u0259 m\u0259qs\u0259dli \u015f\u0259kild\u0259 C\u0259nubi Qafqaza k\u00f6\u00e7\u00fcr\u00fcl\u0259n erm\u0259nil\u0259r soyda\u015flar\u0131m\u0131z\u0131n ya\u015fad\u0131qlar\u0131 minl\u0259rl\u0259 ya\u015fay\u0131\u015f m\u0259nt\u0259q\u0259l\u0259rini viran etmi\u015f, bir milyondan art\u0131q soyda\u015f\u0131m\u0131z\u0131 soyq\u0131r\u0131ma m\u0259ruz qoymu\u015flar. Erm\u0259nil\u0259rin &#8220;B\u00f6y\u00fck Erm\u0259nistan&#8221; yaratmaq kimi qondarma ideyan\u0131n ger\u00e7\u0259kl\u0259\u015fm\u0259si yolunda atd\u0131qlar\u0131 add\u0131mlar az\u0259rbaycanl\u0131lara qar\u015f\u0131 k\u00fctl\u0259vi q\u0259tll\u0259rin v\u0259 soyq\u0131r\u0131m aktlar\u0131n\u0131n realla\u015fmas\u0131 il\u0259 n\u0259tic\u0259l\u0259ndi. Bu qanl\u0131 tarix q\u0131sa fasil\u0259l\u0259rl\u0259 b\u00fct\u00fcn 20-ci \u0259sr boyu d\u00f6n\u0259-d\u00f6n\u0259 t\u0259krarland\u0131. \u0130ndi o qanl\u0131 tarixd\u0259n 96 il \u00f6t\u00fcr. Tarix t\u0259sdiq edir ki, erm\u0259nil\u0259rin Qafqazda t\u00f6r\u0259tdikl\u0259ri q\u0131r\u011f\u0131nlar v\u0259 soyq\u0131r\u0131m\u0131 aktlar\u0131 bir fakta \u0259saslan\u0131r. Onlar n\u0259yin bahas\u0131na olursa-olsun Az\u0259rbaycan torpaqlar\u0131nda m\u0259skunla\u015fmaq v\u0259 aborigen xalq olduqlar\u0131n\u0131 t\u0259sdiql\u0259m\u0259y\u0259 \u00e7al\u0131\u015f\u0131rd\u0131lar. Bu m\u0259nfur niyy\u0259ti realla\u015fd\u0131rma\u011f\u0131n yolu is\u0259 az\u0259rbaycanl\u0131lar\u0131n k\u00fctl\u0259vi soyq\u0131r\u0131m\u0131ndan, qanl\u0131 talanlardan v\u0259 deportasiya siyas\u0259tind\u0259n ke\u00e7irdi. 1918-ci ilin mart\u0131nda Bak\u0131da v\u0259 Az\u0259rbaycan\u0131n dig\u0259r b\u00f6lg\u0259l\u0259rind\u0259 h\u0259yata ke\u00e7iril\u0259n d\u0259h\u015f\u0259tli soyq\u0131r\u0131m\u0131 akt\u0131 erm\u0259nil\u0259rin Qafqazda m\u0259skunla\u015fmas\u0131 \u00fc\u00e7\u00fcn bir a\u00e7ar oldu. Onlar bu v\u0259h\u015fi \u0259m\u0259ll\u0259ri il\u0259 bir n\u00f6v bu b\u00f6lg\u0259d\u0259 ya\u015famaq v\u0259 Az\u0259rbaycan t\u00fcrkl\u0259rinin tarixi v\u0259t\u0259ni olan indiki Erm\u0259nistan \u0259razisind\u0259 d\u00f6vl\u0259t qurmaq niyy\u0259tl\u0259rini realla\u015fd\u0131rd\u0131lar.<\/p>\n<p>Az\u0259rbaycan m\u00fcst\u0259qillik qazand\u0131qdan sonra xalq\u0131m\u0131z\u0131n tarixi ke\u00e7mi\u015finin obyektiv m\u0259nz\u0259r\u0259sini yaratmaq imkan\u0131 \u0259ld\u0259 edildi. Uzun ill\u0259r gizli saxlan\u0131lan, \u00fcz\u0259rin\u0259 qada\u011fa qoyulan h\u0259qiq\u0259tl\u0259r a\u00e7\u0131ld\u0131, t\u0259hrif edil\u0259n\u00a0 hadis\u0259l\u0259r \u0259sl qiym\u0259tini ald\u0131. \u00dcmummilli lider Heyd\u0259r \u018fliyev 1998-ci il mart\u0131n 26-da imzalad\u0131\u011f\u0131 f\u0259rmanla 31 mart Az\u0259rbaycanl\u0131lar\u0131n Soyq\u0131r\u0131m g\u00fcn\u00fc elan edildi. Bununla da Az\u0259rbaycan tarixind\u0259 erm\u0259ni m\u0259s\u0259l\u0259sin\u0259 m\u00fcnasib\u0259td\u0259 yeni strategiya m\u00fc\u0259yy\u0259nl\u0259\u015fdi. Bu, h\u0259m d\u0259 Az\u0259rbaycan xalq\u0131n\u0131n \u0259srl\u0259r boyu \u00fczl\u0259\u015fdiyi m\u0259hrumiyy\u0259tl\u0259r\u0259 r\u0259hb\u0259ri Heyd\u0259r \u018fliyev olan d\u00f6vl\u0259tin verdiyi \u0259sil tarixi qiym\u0259t idi. T\u0259sad\u00fcfi deyil ki, bu proses sonrak\u0131 m\u0259rh\u0259l\u0259d\u0259 Az\u0259rbaycan\u0131n xarici siyas\u0259tinin \u0259sas istiqam\u0259tl\u0259rind\u0259n biri kimi m\u00fc\u0259yy\u0259nl\u0259\u015fdi.<\/p>\n<p>M\u00fcasir Az\u0259rbaycan d\u00f6vl\u0259tinin yarad\u0131c\u0131s\u0131 \u00dcmummilli liderimiz Heyd\u0259r \u018fliyev siyasi kursunun layiqli davam\u00e7\u0131s\u0131 Respublika Prezidenti, Az\u0259rbaycan Respublikas\u0131 Silahl\u0131 Q\u00fcvv\u0259l\u0259rinin Ali Ba\u015f Komandan\u0131 c\u0259nab \u0130lham \u018fliyev torpaqlar\u0131m\u0131z\u0131n erm\u0259ni i\u015f\u011fal\u0131ndan azad olunmas\u0131 \u00fc\u00e7\u00fcn b\u00f6y\u00fck i\u015fl\u0259r g\u00f6r\u00fcr. D\u00fcnyan\u0131n \u0259n b\u00f6y\u00fck d\u00f6vl\u0259tl\u0259ri v\u0259 b\u00fct\u00fcn m\u00fct\u0259r\u0259qqi q\u00fcvv\u0259l\u0259ri il\u0259 dan\u0131\u015f\u0131qlar apar\u0131r, m\u00fcnaqi\u015f\u0259nin s\u00fclh yolu il\u0259 h\u0259llin\u0259 \u00e7al\u0131\u015f\u0131r.<\/p>\n<p>Natiq qeyd etdi ki, xalq\u0131m\u0131z\u0131n ba\u015f\u0131na g\u0259tiril\u0259n bu m\u00fcsib\u0259tl\u0259rin beyn\u0259lxalq al\u0259md\u0259 h\u0259qiqi qiym\u0259tini almas\u0131 istiqam\u0259tind\u0259 Az\u0259rbaycan\u0131n birinci xan\u0131m\u0131, Heyd\u0259r \u018fliyev Fondunun Prezidenti, YUNESKO-nun v\u0259 \u0130SESKO-nun xo\u015fm\u0259raml\u0131 s\u0259firi Mehriban xan\u0131m \u018fliyevan\u0131n da xidm\u0259tl\u0259ri dan\u0131lmazd\u0131r.<\/p>\n<p>Dig\u0259r \u00e7\u0131x\u0131\u015f ed\u0259nl\u0259r bildiribl\u0259r ki, erm\u0259ni v\u0259h\u015filikl\u0259ri Az\u0259rbaycan tarixinin qanla yaz\u0131lm\u0131\u015f s\u0259hif\u0259si olsa da, g\u00fccl\u00fc Az\u0259rbaycan yerl\u0259\u015fdiyi b\u00f6lg\u0259d\u0259 s\u00f6z v\u0259 n\u00fcfuz sahibi olmaqla b\u00fct\u00fcn probleml\u0259rin \u00f6hd\u0259sind\u0259n h\u0259r zaman u\u011furla g\u0259lm\u0259k iqtidar\u0131ndad\u0131r.<\/p>\n<p>G\u00fcn \u0259rzind\u0259 rayonun b\u00fct\u00fcn m\u0259scidl\u0259rind\u0259 soyq\u0131r\u0131m\u0131 qurbanlar\u0131n\u0131n xatir\u0259sin\u0259 dini m\u0259rasiml\u0259r t\u0259\u015fkil olunub.<\/p>\n<p><strong>Z\u0259rdab Rayon \u0130cra Hakimiyy\u0259ti \u00a0<\/strong><\/p>\n<p><a href=\"http:\/\/www.zerdab.com\/wp-content\/uploads\/2014\/03\/Zerdab4.jpg\"><img loading=\"lazy\" decoding=\"async\" class=\"aligncenter size-large wp-image-15220\" alt=\"Z\u0259rdab\" src=\"http:\/\/www.zerdab.com\/wp-content\/uploads\/2014\/03\/Zerdab4-550x365.jpg\" width=\"550\" height=\"365\" \/><a href=\"http:\/\/www.zerdab.com\/wp-content\/uploads\/2014\/03\/Zerdab22.jpg\"><img loading=\"lazy\" decoding=\"async\" class=\"aligncenter size-large wp-image-15223\" alt=\"Z\u0259rdab\" src=\"http:\/\/www.zerdab.com\/wp-content\/uploads\/2014\/03\/Zerdab22-550x365.jpg\" width=\"550\" height=\"365\" \/><\/a><a href=\"http:\/\/www.zerdab.com\/wp-content\/uploads\/2014\/03\/Zerdab12.jpg\"><img loading=\"lazy\" decoding=\"async\" class=\"aligncenter size-large wp-image-15222\" alt=\"Z\u0259rdab\" src=\"http:\/\/www.zerdab.com\/wp-content\/uploads\/2014\/03\/Zerdab12-550x365.jpg\" width=\"550\" height=\"365\" \/><\/a><\/a><\/p>\n","protected":false},"excerpt":{"rendered":"<p>Z\u0259rdab rayonunda Az\u0259rbaycanl\u0131lar\u0131n soyq\u0131r\u0131m\u0131 il\u0259 ba\u011fl\u0131 silsil\u0259 t\u0259dbirl\u0259r ke\u00e7irilib. 29 mart 2014-c\u00fc il tarixd\u0259 \u015f\u0259hidl\u0259rin xatir\u0259 park\u0131nda 31 mart Az\u0259rbaycanl\u0131lar\u0131n soyq\u0131r\u0131m\u0131 g\u00fcn\u00fc il\u0259 ba\u011fl\u0131 xatir\u0259 kompleksi \u00f6n\u00fcn\u0259 ba\u011f\u00e7a u\u015faqlar\u0131n\u0131n v\u0259 m\u0259kt\u0259blil\u0259rin i\u015ftirakl\u0131 il\u0259 g\u00fclqoyma m\u0259rasiml\u0259ri ke\u00e7irilib. Rayonun b\u00fct\u00fcn idar\u0259 v\u0259 t\u0259\u015fkilatlar\u0131nda, t\u0259hsil, s\u0259hiyy\u0259 v\u0259 m\u0259d\u0259niyy\u0259t m\u00fc\u0259ssis\u0259l\u0259rind\u0259 soyq\u0131r\u0131m\u0131 qurbanlar\u0131 an\u0131l\u0131b. Mart ay\u0131n\u0131n 30-da rayon g\u0259ncl\u0259rinin v\u0259 [&hellip;]<\/p>\n","protected":false},"author":1,"featured_media":0,"comment_status":"open","ping_status":"open","sticky":false,"template":"","format":"standard","meta":{"footnotes":""},"categories":[21],"tags":[],"class_list":{"0":"post-15219","1":"post","2":"type-post","3":"status-publish","4":"format-standard","6":"category-zrdab"},"yoast_head":"<!-- This site is optimized with the Yoast SEO plugin v27.0 - https:\/\/yoast.com\/product\/yoast-seo-wordpress\/ -->\n<title>Z\u018fRDABDA 31 MART SOYQIRIMI QURBANLARI YAD ED\u0130LD\u0130   - Z\u0259rdab.com<\/title>\n<meta name=\"robots\" content=\"index, follow, max-snippet:-1, max-image-preview:large, max-video-preview:-1\" \/>\n<link rel=\"canonical\" href=\"https:\/\/www.zerdab.com\/?p=15219\" \/>\n<meta property=\"og:locale\" content=\"az_AZ\" \/>\n<meta property=\"og:type\" content=\"article\" \/>\n<meta property=\"og:title\" content=\"Z\u018fRDABDA 31 MART SOYQIRIMI QURBANLARI YAD ED\u0130LD\u0130   - Z\u0259rdab.com\" \/>\n<meta property=\"og:description\" content=\"Z\u0259rdab rayonunda Az\u0259rbaycanl\u0131lar\u0131n soyq\u0131r\u0131m\u0131 il\u0259 ba\u011fl\u0131 silsil\u0259 t\u0259dbirl\u0259r ke\u00e7irilib. 29 mart 2014-c\u00fc il tarixd\u0259 \u015f\u0259hidl\u0259rin xatir\u0259 park\u0131nda 31 mart Az\u0259rbaycanl\u0131lar\u0131n soyq\u0131r\u0131m\u0131 g\u00fcn\u00fc il\u0259 ba\u011fl\u0131 xatir\u0259 kompleksi \u00f6n\u00fcn\u0259 ba\u011f\u00e7a u\u015faqlar\u0131n\u0131n v\u0259 m\u0259kt\u0259blil\u0259rin i\u015ftirakl\u0131 il\u0259 g\u00fclqoyma m\u0259rasiml\u0259ri ke\u00e7irilib. Rayonun b\u00fct\u00fcn idar\u0259 v\u0259 t\u0259\u015fkilatlar\u0131nda, t\u0259hsil, s\u0259hiyy\u0259 v\u0259 m\u0259d\u0259niyy\u0259t m\u00fc\u0259ssis\u0259l\u0259rind\u0259 soyq\u0131r\u0131m\u0131 qurbanlar\u0131 an\u0131l\u0131b. Mart ay\u0131n\u0131n 30-da rayon g\u0259ncl\u0259rinin v\u0259 [&hellip;]\" \/>\n<meta property=\"og:url\" content=\"https:\/\/www.zerdab.com\/?p=15219\" \/>\n<meta property=\"og:site_name\" content=\"Z\u0259rdab.com\" \/>\n<meta property=\"article:published_time\" content=\"2014-03-31T09:05:08+00:00\" \/>\n<meta property=\"article:modified_time\" content=\"2014-03-31T09:07:15+00:00\" \/>\n<meta property=\"og:image\" content=\"http:\/\/www.zerdab.com\/wp-content\/uploads\/2014\/03\/Zerdab32-550x365.jpg\" \/>\n<meta name=\"author\" content=\"admin\" \/>\n<meta name=\"twitter:card\" content=\"summary_large_image\" \/>\n<meta name=\"twitter:label1\" content=\"Written by\" \/>\n\t<meta name=\"twitter:data1\" content=\"admin\" \/>\n\t<meta name=\"twitter:label2\" content=\"Est. reading time\" \/>\n\t<meta name=\"twitter:data2\" content=\"5 minutes\" \/>\n<script type=\"application\/ld+json\" class=\"yoast-schema-graph\">{\"@context\":\"https:\/\/schema.org\",\"@graph\":[{\"@type\":\"Article\",\"@id\":\"https:\/\/www.zerdab.com\/?p=15219#article\",\"isPartOf\":{\"@id\":\"https:\/\/www.zerdab.com\/?p=15219\"},\"author\":{\"name\":\"admin\",\"@id\":\"https:\/\/www.zerdab.com\/#\/schema\/person\/97079b7570c1e89ec0d9e138c3672136\"},\"headline\":\"Z\u018fRDABDA 31 MART SOYQIRIMI QURBANLARI YAD ED\u0130LD\u0130\",\"datePublished\":\"2014-03-31T09:05:08+00:00\",\"dateModified\":\"2014-03-31T09:07:15+00:00\",\"mainEntityOfPage\":{\"@id\":\"https:\/\/www.zerdab.com\/?p=15219\"},\"wordCount\":987,\"commentCount\":0,\"image\":{\"@id\":\"https:\/\/www.zerdab.com\/?p=15219#primaryimage\"},\"thumbnailUrl\":\"http:\/\/www.zerdab.com\/wp-content\/uploads\/2014\/03\/Zerdab32-550x365.jpg\",\"articleSection\":[\"C\u018fM\u0130YY\u018fT\"],\"inLanguage\":\"az\",\"potentialAction\":[{\"@type\":\"CommentAction\",\"name\":\"Comment\",\"target\":[\"https:\/\/www.zerdab.com\/?p=15219#respond\"]}]},{\"@type\":\"WebPage\",\"@id\":\"https:\/\/www.zerdab.com\/?p=15219\",\"url\":\"https:\/\/www.zerdab.com\/?p=15219\",\"name\":\"Z\u018fRDABDA 31 MART SOYQIRIMI QURBANLARI YAD ED\u0130LD\u0130 - Z\u0259rdab.com\",\"isPartOf\":{\"@id\":\"https:\/\/www.zerdab.com\/#website\"},\"primaryImageOfPage\":{\"@id\":\"https:\/\/www.zerdab.com\/?p=15219#primaryimage\"},\"image\":{\"@id\":\"https:\/\/www.zerdab.com\/?p=15219#primaryimage\"},\"thumbnailUrl\":\"http:\/\/www.zerdab.com\/wp-content\/uploads\/2014\/03\/Zerdab32-550x365.jpg\",\"datePublished\":\"2014-03-31T09:05:08+00:00\",\"dateModified\":\"2014-03-31T09:07:15+00:00\",\"author\":{\"@id\":\"https:\/\/www.zerdab.com\/#\/schema\/person\/97079b7570c1e89ec0d9e138c3672136\"},\"breadcrumb\":{\"@id\":\"https:\/\/www.zerdab.com\/?p=15219#breadcrumb\"},\"inLanguage\":\"az\",\"potentialAction\":[{\"@type\":\"ReadAction\",\"target\":[\"https:\/\/www.zerdab.com\/?p=15219\"]}]},{\"@type\":\"ImageObject\",\"inLanguage\":\"az\",\"@id\":\"https:\/\/www.zerdab.com\/?p=15219#primaryimage\",\"url\":\"\",\"contentUrl\":\"\"},{\"@type\":\"BreadcrumbList\",\"@id\":\"https:\/\/www.zerdab.com\/?p=15219#breadcrumb\",\"itemListElement\":[{\"@type\":\"ListItem\",\"position\":1,\"name\":\"Home\",\"item\":\"https:\/\/www.zerdab.com\/\"},{\"@type\":\"ListItem\",\"position\":2,\"name\":\"Z\u018fRDABDA 31 MART SOYQIRIMI QURBANLARI YAD ED\u0130LD\u0130\"}]},{\"@type\":\"WebSite\",\"@id\":\"https:\/\/www.zerdab.com\/#website\",\"url\":\"https:\/\/www.zerdab.com\/\",\"name\":\"Z\u0259rdab.com\",\"description\":\"\",\"potentialAction\":[{\"@type\":\"SearchAction\",\"target\":{\"@type\":\"EntryPoint\",\"urlTemplate\":\"https:\/\/www.zerdab.com\/?s={search_term_string}\"},\"query-input\":{\"@type\":\"PropertyValueSpecification\",\"valueRequired\":true,\"valueName\":\"search_term_string\"}}],\"inLanguage\":\"az\"},{\"@type\":\"Person\",\"@id\":\"https:\/\/www.zerdab.com\/#\/schema\/person\/97079b7570c1e89ec0d9e138c3672136\",\"name\":\"admin\",\"image\":{\"@type\":\"ImageObject\",\"inLanguage\":\"az\",\"@id\":\"https:\/\/www.zerdab.com\/#\/schema\/person\/image\/\",\"url\":\"https:\/\/secure.gravatar.com\/avatar\/d9c52a9a27c32119cb6679a077fa3e2779e5f822c451cbf01098004361d466ec?s=96&d=mm&r=g\",\"contentUrl\":\"https:\/\/secure.gravatar.com\/avatar\/d9c52a9a27c32119cb6679a077fa3e2779e5f822c451cbf01098004361d466ec?s=96&d=mm&r=g\",\"caption\":\"admin\"},\"url\":\"https:\/\/www.zerdab.com\/?author=1\"}]}<\/script>\n<!-- \/ Yoast SEO plugin. -->","yoast_head_json":{"title":"Z\u018fRDABDA 31 MART SOYQIRIMI QURBANLARI YAD ED\u0130LD\u0130   - Z\u0259rdab.com","robots":{"index":"index","follow":"follow","max-snippet":"max-snippet:-1","max-image-preview":"max-image-preview:large","max-video-preview":"max-video-preview:-1"},"canonical":"https:\/\/www.zerdab.com\/?p=15219","og_locale":"az_AZ","og_type":"article","og_title":"Z\u018fRDABDA 31 MART SOYQIRIMI QURBANLARI YAD ED\u0130LD\u0130   - Z\u0259rdab.com","og_description":"Z\u0259rdab rayonunda Az\u0259rbaycanl\u0131lar\u0131n soyq\u0131r\u0131m\u0131 il\u0259 ba\u011fl\u0131 silsil\u0259 t\u0259dbirl\u0259r ke\u00e7irilib. 29 mart 2014-c\u00fc il tarixd\u0259 \u015f\u0259hidl\u0259rin xatir\u0259 park\u0131nda 31 mart Az\u0259rbaycanl\u0131lar\u0131n soyq\u0131r\u0131m\u0131 g\u00fcn\u00fc il\u0259 ba\u011fl\u0131 xatir\u0259 kompleksi \u00f6n\u00fcn\u0259 ba\u011f\u00e7a u\u015faqlar\u0131n\u0131n v\u0259 m\u0259kt\u0259blil\u0259rin i\u015ftirakl\u0131 il\u0259 g\u00fclqoyma m\u0259rasiml\u0259ri ke\u00e7irilib. Rayonun b\u00fct\u00fcn idar\u0259 v\u0259 t\u0259\u015fkilatlar\u0131nda, t\u0259hsil, s\u0259hiyy\u0259 v\u0259 m\u0259d\u0259niyy\u0259t m\u00fc\u0259ssis\u0259l\u0259rind\u0259 soyq\u0131r\u0131m\u0131 qurbanlar\u0131 an\u0131l\u0131b. Mart ay\u0131n\u0131n 30-da rayon g\u0259ncl\u0259rinin v\u0259 [&hellip;]","og_url":"https:\/\/www.zerdab.com\/?p=15219","og_site_name":"Z\u0259rdab.com","article_published_time":"2014-03-31T09:05:08+00:00","article_modified_time":"2014-03-31T09:07:15+00:00","og_image":[{"url":"http:\/\/www.zerdab.com\/wp-content\/uploads\/2014\/03\/Zerdab32-550x365.jpg","type":"","width":"","height":""}],"author":"admin","twitter_card":"summary_large_image","twitter_misc":{"Written by":"admin","Est. reading time":"5 minutes"},"schema":{"@context":"https:\/\/schema.org","@graph":[{"@type":"Article","@id":"https:\/\/www.zerdab.com\/?p=15219#article","isPartOf":{"@id":"https:\/\/www.zerdab.com\/?p=15219"},"author":{"name":"admin","@id":"https:\/\/www.zerdab.com\/#\/schema\/person\/97079b7570c1e89ec0d9e138c3672136"},"headline":"Z\u018fRDABDA 31 MART SOYQIRIMI QURBANLARI YAD ED\u0130LD\u0130","datePublished":"2014-03-31T09:05:08+00:00","dateModified":"2014-03-31T09:07:15+00:00","mainEntityOfPage":{"@id":"https:\/\/www.zerdab.com\/?p=15219"},"wordCount":987,"commentCount":0,"image":{"@id":"https:\/\/www.zerdab.com\/?p=15219#primaryimage"},"thumbnailUrl":"http:\/\/www.zerdab.com\/wp-content\/uploads\/2014\/03\/Zerdab32-550x365.jpg","articleSection":["C\u018fM\u0130YY\u018fT"],"inLanguage":"az","potentialAction":[{"@type":"CommentAction","name":"Comment","target":["https:\/\/www.zerdab.com\/?p=15219#respond"]}]},{"@type":"WebPage","@id":"https:\/\/www.zerdab.com\/?p=15219","url":"https:\/\/www.zerdab.com\/?p=15219","name":"Z\u018fRDABDA 31 MART SOYQIRIMI QURBANLARI YAD ED\u0130LD\u0130 - Z\u0259rdab.com","isPartOf":{"@id":"https:\/\/www.zerdab.com\/#website"},"primaryImageOfPage":{"@id":"https:\/\/www.zerdab.com\/?p=15219#primaryimage"},"image":{"@id":"https:\/\/www.zerdab.com\/?p=15219#primaryimage"},"thumbnailUrl":"http:\/\/www.zerdab.com\/wp-content\/uploads\/2014\/03\/Zerdab32-550x365.jpg","datePublished":"2014-03-31T09:05:08+00:00","dateModified":"2014-03-31T09:07:15+00:00","author":{"@id":"https:\/\/www.zerdab.com\/#\/schema\/person\/97079b7570c1e89ec0d9e138c3672136"},"breadcrumb":{"@id":"https:\/\/www.zerdab.com\/?p=15219#breadcrumb"},"inLanguage":"az","potentialAction":[{"@type":"ReadAction","target":["https:\/\/www.zerdab.com\/?p=15219"]}]},{"@type":"ImageObject","inLanguage":"az","@id":"https:\/\/www.zerdab.com\/?p=15219#primaryimage","url":"","contentUrl":""},{"@type":"BreadcrumbList","@id":"https:\/\/www.zerdab.com\/?p=15219#breadcrumb","itemListElement":[{"@type":"ListItem","position":1,"name":"Home","item":"https:\/\/www.zerdab.com\/"},{"@type":"ListItem","position":2,"name":"Z\u018fRDABDA 31 MART SOYQIRIMI QURBANLARI YAD ED\u0130LD\u0130"}]},{"@type":"WebSite","@id":"https:\/\/www.zerdab.com\/#website","url":"https:\/\/www.zerdab.com\/","name":"Z\u0259rdab.com","description":"","potentialAction":[{"@type":"SearchAction","target":{"@type":"EntryPoint","urlTemplate":"https:\/\/www.zerdab.com\/?s={search_term_string}"},"query-input":{"@type":"PropertyValueSpecification","valueRequired":true,"valueName":"search_term_string"}}],"inLanguage":"az"},{"@type":"Person","@id":"https:\/\/www.zerdab.com\/#\/schema\/person\/97079b7570c1e89ec0d9e138c3672136","name":"admin","image":{"@type":"ImageObject","inLanguage":"az","@id":"https:\/\/www.zerdab.com\/#\/schema\/person\/image\/","url":"https:\/\/secure.gravatar.com\/avatar\/d9c52a9a27c32119cb6679a077fa3e2779e5f822c451cbf01098004361d466ec?s=96&d=mm&r=g","contentUrl":"https:\/\/secure.gravatar.com\/avatar\/d9c52a9a27c32119cb6679a077fa3e2779e5f822c451cbf01098004361d466ec?s=96&d=mm&r=g","caption":"admin"},"url":"https:\/\/www.zerdab.com\/?author=1"}]}},"_links":{"self":[{"href":"https:\/\/www.zerdab.com\/index.php?rest_route=\/wp\/v2\/posts\/15219","targetHints":{"allow":["GET"]}}],"collection":[{"href":"https:\/\/www.zerdab.com\/index.php?rest_route=\/wp\/v2\/posts"}],"about":[{"href":"https:\/\/www.zerdab.com\/index.php?rest_route=\/wp\/v2\/types\/post"}],"author":[{"embeddable":true,"href":"https:\/\/www.zerdab.com\/index.php?rest_route=\/wp\/v2\/users\/1"}],"replies":[{"embeddable":true,"href":"https:\/\/www.zerdab.com\/index.php?rest_route=%2Fwp%2Fv2%2Fcomments&post=15219"}],"version-history":[{"count":3,"href":"https:\/\/www.zerdab.com\/index.php?rest_route=\/wp\/v2\/posts\/15219\/revisions"}],"predecessor-version":[{"id":15226,"href":"https:\/\/www.zerdab.com\/index.php?rest_route=\/wp\/v2\/posts\/15219\/revisions\/15226"}],"wp:attachment":[{"href":"https:\/\/www.zerdab.com\/index.php?rest_route=%2Fwp%2Fv2%2Fmedia&parent=15219"}],"wp:term":[{"taxonomy":"category","embeddable":true,"href":"https:\/\/www.zerdab.com\/index.php?rest_route=%2Fwp%2Fv2%2Fcategories&post=15219"},{"taxonomy":"post_tag","embeddable":true,"href":"https:\/\/www.zerdab.com\/index.php?rest_route=%2Fwp%2Fv2%2Ftags&post=15219"}],"curies":[{"name":"wp","href":"https:\/\/api.w.org\/{rel}","templated":true}]}}