{"id":1528,"date":"2012-05-03T16:25:02","date_gmt":"2012-05-03T11:25:02","guid":{"rendered":"http:\/\/www.zerdab.com\/?p=1528"},"modified":"2012-05-03T16:25:37","modified_gmt":"2012-05-03T11:25:37","slug":"baki-biznes-universitetinin-prorektor-h%c9%99myerlimiz-qabil-namazov","status":"publish","type":"post","link":"https:\/\/www.zerdab.com\/?p=1528","title":{"rendered":"Biznes Universitetinin prorektoru, h\u0259myerlimiz Qabil Namazov"},"content":{"rendered":"<p><a href=\"http:\/\/www.zerdab.com\/?attachment_id=1529\" rel=\"attachment wp-att-1529\"><img loading=\"lazy\" decoding=\"async\" class=\"alignleft size-full wp-image-1529\" title=\"qabil_namazov\" src=\"http:\/\/www.zerdab.com\/wp-content\/uploads\/2012\/05\/qabil_namazov.jpg\" alt=\"\" width=\"140\" height=\"188\" \/><\/a>Qabil Namazov 1949-cu ild\u0259 Z\u0259rdab rayonunda anadan olmu\u015fdur. <strong>www.zerdab.com<\/strong> sayt\u0131 h\u00f6rm\u0259tli ziyal\u0131m\u0131z\u0131n t\u0259rc\u00fcmeyi-hal\u0131n\u0131 t\u0259qdim edir. O, 1966-c\u0131 ild\u0259 orta m\u0259kt\u0259bi, 1972-ci ild\u0259 is\u0259 Az\u0259rbaycan D\u00f6vl\u0259t Universitetinin (indiki Bak\u0131 D\u00f6vl\u0259t Universiteti) &#8220;Mexanika-riyaziyyat&#8221; fak\u00fclt\u0259sini bitirib. 1972-ci ild\u0259n ke\u00e7mi\u015f Sovet Ordusu s\u0131ralar\u0131nda leytenant r\u00fctb\u0259sind\u0259 xidm\u0259t edib v\u0259 1974-c\u00fc ilin iyun ay\u0131nda ordudan t\u0259rxis olunub. 1974-1981-ci ill\u0259rd\u0259 Z\u0259rdab rayonunun orta m\u0259kt\u0259bl\u0259rind\u0259 riyaziyyat m\u00fc\u0259llimi v\u0259 d\u0259rs hiss\u0259 m\u00fcdiri i\u015fl\u0259yib.<br \/>\n1981-ci ild\u0259n 1985-ci il\u0259d\u0259k se\u00e7kili orqanda, Z\u0259rdab rayon ke\u00e7mi\u015f XDS \u0130craiyy\u0259 Komit\u0259sind\u0259 \u00dcmumi \u015e\u00f6b\u0259 m\u00fcdiri, 1985-ci ild\u0259n 1992-ci il\u0259d\u0259k \u015f\u0259h\u0259r 2 sayl\u0131 orta m\u0259kt\u0259b\u0259 riyaziyyat m\u00fc\u0259llimi, 1992-ci ild\u0259n 1993-c\u00fc il\u0259d\u0259k Z\u0259rdab rayon \u0130cra Hakimiyy\u0259tind\u0259 kadrlar \u00fczr\u0259 inspektor, 1993-c\u00fc ild\u0259n 1998-ci il\u0259d\u0259k \u015f\u0259h\u0259r 2 sayl\u0131 orta m\u0259kt\u0259bind\u0259 riyaziyyat m\u00fc\u0259llimi, 1998-ci ild\u0259n 2001-ci il\u0259d\u0259k Bak\u0131 Ali Pedaqoji Q\u0131zlar Seminariyas\u0131n\u0131n &#8220;T\u0259bi\u0259t f\u0259nl\u0259ri&#8221; kafedras\u0131nda dosent v\u0259zif\u0259sind\u0259 i\u015fl\u0259yib. 2001-ci ild\u0259n Bak\u0131 Biznes Universitetinin (BBU) &#8220;Ali riyaziyyat v\u0259 texniki f\u0259nl\u0259r&#8221; kafedras\u0131nda ba\u015f m\u00fc\u0259llim, 2002-ci ild\u0259n 2003-c\u00fc il\u0259d\u0259k BBU-da &#8220;Biznes v\u0259 Menecment&#8221; fak\u00fclt\u0259sinin dekan m\u00fcavini, 2003-c\u00fc ild\u0259n is\u0259 BBU-da t\u0259dris \u015f\u00f6b\u0259sinin m\u00fcdiri, 2007-ci ild\u0259n &#8220;Ali riyaziyyat v\u0259 texniki f\u0259nl\u0259r&#8221; kafedras\u0131n\u0131n m\u00fcdiri v\u0259zif\u0259sind\u0259 \u00e7al\u0131\u015f\u0131r. Biznes Universitetinin Elmi \u015euras\u0131n\u0131n \u00fczv\u00fcd\u00fcr.<br \/>\nQabil M\u0259h\u0259mm\u0259d o\u011flu Namazov elmi f\u0259aliyy\u0259ti d\u00f6vr\u00fcnd\u0259 23 adda elmi metodik v\u0259 elmi i\u015fi d\u0259rc edilib ki, bundan 18-i namiz\u0259dlik m\u00fcdafi\u0259sind\u0259n sonrak\u0131 d\u00f6vr\u00fc \u0259hat\u0259 edir. O, &#8220;Ali riyaziyyat&#8221; f\u0259nnind\u0259n d\u0259rs v\u0259saiti v\u0259 doktorluq dissertasiyas\u0131 \u00fcz\u0259rind\u0259 \u00e7al\u0131\u015f\u0131r. www.zerdab.com sayt\u0131 olaraq h\u0259myerlimiz\u0259 i\u015fl\u0259rind\u0259 u\u011furlar arzulay\u0131r\u0131q.<\/p>\n<p><strong>www.zerdab.com<\/strong><\/p>\n","protected":false},"excerpt":{"rendered":"<p>Qabil Namazov 1949-cu ild\u0259 Z\u0259rdab rayonunda anadan olmu\u015fdur. www.zerdab.com sayt\u0131 h\u00f6rm\u0259tli ziyal\u0131m\u0131z\u0131n t\u0259rc\u00fcmeyi-hal\u0131n\u0131 t\u0259qdim edir. O, 1966-c\u0131 ild\u0259 orta m\u0259kt\u0259bi, 1972-ci ild\u0259 is\u0259 Az\u0259rbaycan D\u00f6vl\u0259t Universitetinin (indiki Bak\u0131 D\u00f6vl\u0259t Universiteti) &#8220;Mexanika-riyaziyyat&#8221; fak\u00fclt\u0259sini bitirib. 1972-ci ild\u0259n ke\u00e7mi\u015f Sovet Ordusu s\u0131ralar\u0131nda leytenant r\u00fctb\u0259sind\u0259 xidm\u0259t edib v\u0259 1974-c\u00fc ilin iyun ay\u0131nda ordudan t\u0259rxis olunub. 1974-1981-ci ill\u0259rd\u0259 Z\u0259rdab rayonunun [&hellip;]<\/p>\n","protected":false},"author":1,"featured_media":0,"comment_status":"open","ping_status":"open","sticky":false,"template":"","format":"standard","meta":{"footnotes":""},"categories":[7],"tags":[],"class_list":{"0":"post-1528","1":"post","2":"type-post","3":"status-publish","4":"format-standard","6":"category-ziyalilar"},"yoast_head":"<!-- This site is optimized with the Yoast SEO plugin v27.0 - https:\/\/yoast.com\/product\/yoast-seo-wordpress\/ -->\n<title>Biznes Universitetinin prorektoru, h\u0259myerlimiz Qabil Namazov - Z\u0259rdab.com<\/title>\n<meta name=\"robots\" content=\"index, follow, max-snippet:-1, max-image-preview:large, max-video-preview:-1\" \/>\n<link rel=\"canonical\" href=\"https:\/\/www.zerdab.com\/?p=1528\" \/>\n<meta property=\"og:locale\" content=\"az_AZ\" \/>\n<meta property=\"og:type\" content=\"article\" \/>\n<meta property=\"og:title\" content=\"Biznes Universitetinin prorektoru, h\u0259myerlimiz Qabil Namazov - Z\u0259rdab.com\" \/>\n<meta property=\"og:description\" content=\"Qabil Namazov 1949-cu ild\u0259 Z\u0259rdab rayonunda anadan olmu\u015fdur. www.zerdab.com sayt\u0131 h\u00f6rm\u0259tli ziyal\u0131m\u0131z\u0131n t\u0259rc\u00fcmeyi-hal\u0131n\u0131 t\u0259qdim edir. O, 1966-c\u0131 ild\u0259 orta m\u0259kt\u0259bi, 1972-ci ild\u0259 is\u0259 Az\u0259rbaycan D\u00f6vl\u0259t Universitetinin (indiki Bak\u0131 D\u00f6vl\u0259t Universiteti) &#8220;Mexanika-riyaziyyat&#8221; fak\u00fclt\u0259sini bitirib. 1972-ci ild\u0259n ke\u00e7mi\u015f Sovet Ordusu s\u0131ralar\u0131nda leytenant r\u00fctb\u0259sind\u0259 xidm\u0259t edib v\u0259 1974-c\u00fc ilin iyun ay\u0131nda ordudan t\u0259rxis olunub. 1974-1981-ci ill\u0259rd\u0259 Z\u0259rdab rayonunun [&hellip;]\" \/>\n<meta property=\"og:url\" content=\"https:\/\/www.zerdab.com\/?p=1528\" \/>\n<meta property=\"og:site_name\" content=\"Z\u0259rdab.com\" \/>\n<meta property=\"article:published_time\" content=\"2012-05-03T11:25:02+00:00\" \/>\n<meta property=\"article:modified_time\" content=\"2012-05-03T11:25:37+00:00\" \/>\n<meta property=\"og:image\" content=\"http:\/\/www.zerdab.com\/wp-content\/uploads\/2012\/05\/qabil_namazov.jpg\" \/>\n<meta name=\"author\" content=\"admin\" \/>\n<meta name=\"twitter:card\" content=\"summary_large_image\" \/>\n<meta name=\"twitter:label1\" content=\"Written by\" \/>\n\t<meta name=\"twitter:data1\" content=\"admin\" \/>\n\t<meta name=\"twitter:label2\" content=\"Est. reading time\" \/>\n\t<meta name=\"twitter:data2\" content=\"2 minutes\" \/>\n<script type=\"application\/ld+json\" class=\"yoast-schema-graph\">{\"@context\":\"https:\/\/schema.org\",\"@graph\":[{\"@type\":\"Article\",\"@id\":\"https:\/\/www.zerdab.com\/?p=1528#article\",\"isPartOf\":{\"@id\":\"https:\/\/www.zerdab.com\/?p=1528\"},\"author\":{\"name\":\"admin\",\"@id\":\"https:\/\/www.zerdab.com\/#\/schema\/person\/97079b7570c1e89ec0d9e138c3672136\"},\"headline\":\"Biznes Universitetinin prorektoru, h\u0259myerlimiz Qabil Namazov\",\"datePublished\":\"2012-05-03T11:25:02+00:00\",\"dateModified\":\"2012-05-03T11:25:37+00:00\",\"mainEntityOfPage\":{\"@id\":\"https:\/\/www.zerdab.com\/?p=1528\"},\"wordCount\":366,\"commentCount\":1,\"image\":{\"@id\":\"https:\/\/www.zerdab.com\/?p=1528#primaryimage\"},\"thumbnailUrl\":\"http:\/\/www.zerdab.com\/wp-content\/uploads\/2012\/05\/qabil_namazov.jpg\",\"articleSection\":[\"F\u018fXRL\u018fR\u0130M\u0130Z\"],\"inLanguage\":\"az\",\"potentialAction\":[{\"@type\":\"CommentAction\",\"name\":\"Comment\",\"target\":[\"https:\/\/www.zerdab.com\/?p=1528#respond\"]}]},{\"@type\":\"WebPage\",\"@id\":\"https:\/\/www.zerdab.com\/?p=1528\",\"url\":\"https:\/\/www.zerdab.com\/?p=1528\",\"name\":\"Biznes Universitetinin prorektoru, h\u0259myerlimiz Qabil Namazov - Z\u0259rdab.com\",\"isPartOf\":{\"@id\":\"https:\/\/www.zerdab.com\/#website\"},\"primaryImageOfPage\":{\"@id\":\"https:\/\/www.zerdab.com\/?p=1528#primaryimage\"},\"image\":{\"@id\":\"https:\/\/www.zerdab.com\/?p=1528#primaryimage\"},\"thumbnailUrl\":\"http:\/\/www.zerdab.com\/wp-content\/uploads\/2012\/05\/qabil_namazov.jpg\",\"datePublished\":\"2012-05-03T11:25:02+00:00\",\"dateModified\":\"2012-05-03T11:25:37+00:00\",\"author\":{\"@id\":\"https:\/\/www.zerdab.com\/#\/schema\/person\/97079b7570c1e89ec0d9e138c3672136\"},\"breadcrumb\":{\"@id\":\"https:\/\/www.zerdab.com\/?p=1528#breadcrumb\"},\"inLanguage\":\"az\",\"potentialAction\":[{\"@type\":\"ReadAction\",\"target\":[\"https:\/\/www.zerdab.com\/?p=1528\"]}]},{\"@type\":\"ImageObject\",\"inLanguage\":\"az\",\"@id\":\"https:\/\/www.zerdab.com\/?p=1528#primaryimage\",\"url\":\"\",\"contentUrl\":\"\"},{\"@type\":\"BreadcrumbList\",\"@id\":\"https:\/\/www.zerdab.com\/?p=1528#breadcrumb\",\"itemListElement\":[{\"@type\":\"ListItem\",\"position\":1,\"name\":\"Home\",\"item\":\"https:\/\/www.zerdab.com\/\"},{\"@type\":\"ListItem\",\"position\":2,\"name\":\"Biznes Universitetinin prorektoru, h\u0259myerlimiz Qabil Namazov\"}]},{\"@type\":\"WebSite\",\"@id\":\"https:\/\/www.zerdab.com\/#website\",\"url\":\"https:\/\/www.zerdab.com\/\",\"name\":\"Z\u0259rdab.com\",\"description\":\"\",\"potentialAction\":[{\"@type\":\"SearchAction\",\"target\":{\"@type\":\"EntryPoint\",\"urlTemplate\":\"https:\/\/www.zerdab.com\/?s={search_term_string}\"},\"query-input\":{\"@type\":\"PropertyValueSpecification\",\"valueRequired\":true,\"valueName\":\"search_term_string\"}}],\"inLanguage\":\"az\"},{\"@type\":\"Person\",\"@id\":\"https:\/\/www.zerdab.com\/#\/schema\/person\/97079b7570c1e89ec0d9e138c3672136\",\"name\":\"admin\",\"image\":{\"@type\":\"ImageObject\",\"inLanguage\":\"az\",\"@id\":\"https:\/\/www.zerdab.com\/#\/schema\/person\/image\/\",\"url\":\"https:\/\/secure.gravatar.com\/avatar\/d9c52a9a27c32119cb6679a077fa3e2779e5f822c451cbf01098004361d466ec?s=96&d=mm&r=g\",\"contentUrl\":\"https:\/\/secure.gravatar.com\/avatar\/d9c52a9a27c32119cb6679a077fa3e2779e5f822c451cbf01098004361d466ec?s=96&d=mm&r=g\",\"caption\":\"admin\"},\"url\":\"https:\/\/www.zerdab.com\/?author=1\"}]}<\/script>\n<!-- \/ Yoast SEO plugin. -->","yoast_head_json":{"title":"Biznes Universitetinin prorektoru, h\u0259myerlimiz Qabil Namazov - Z\u0259rdab.com","robots":{"index":"index","follow":"follow","max-snippet":"max-snippet:-1","max-image-preview":"max-image-preview:large","max-video-preview":"max-video-preview:-1"},"canonical":"https:\/\/www.zerdab.com\/?p=1528","og_locale":"az_AZ","og_type":"article","og_title":"Biznes Universitetinin prorektoru, h\u0259myerlimiz Qabil Namazov - Z\u0259rdab.com","og_description":"Qabil Namazov 1949-cu ild\u0259 Z\u0259rdab rayonunda anadan olmu\u015fdur. www.zerdab.com sayt\u0131 h\u00f6rm\u0259tli ziyal\u0131m\u0131z\u0131n t\u0259rc\u00fcmeyi-hal\u0131n\u0131 t\u0259qdim edir. O, 1966-c\u0131 ild\u0259 orta m\u0259kt\u0259bi, 1972-ci ild\u0259 is\u0259 Az\u0259rbaycan D\u00f6vl\u0259t Universitetinin (indiki Bak\u0131 D\u00f6vl\u0259t Universiteti) &#8220;Mexanika-riyaziyyat&#8221; fak\u00fclt\u0259sini bitirib. 1972-ci ild\u0259n ke\u00e7mi\u015f Sovet Ordusu s\u0131ralar\u0131nda leytenant r\u00fctb\u0259sind\u0259 xidm\u0259t edib v\u0259 1974-c\u00fc ilin iyun ay\u0131nda ordudan t\u0259rxis olunub. 1974-1981-ci ill\u0259rd\u0259 Z\u0259rdab rayonunun [&hellip;]","og_url":"https:\/\/www.zerdab.com\/?p=1528","og_site_name":"Z\u0259rdab.com","article_published_time":"2012-05-03T11:25:02+00:00","article_modified_time":"2012-05-03T11:25:37+00:00","og_image":[{"url":"http:\/\/www.zerdab.com\/wp-content\/uploads\/2012\/05\/qabil_namazov.jpg","type":"","width":"","height":""}],"author":"admin","twitter_card":"summary_large_image","twitter_misc":{"Written by":"admin","Est. reading time":"2 minutes"},"schema":{"@context":"https:\/\/schema.org","@graph":[{"@type":"Article","@id":"https:\/\/www.zerdab.com\/?p=1528#article","isPartOf":{"@id":"https:\/\/www.zerdab.com\/?p=1528"},"author":{"name":"admin","@id":"https:\/\/www.zerdab.com\/#\/schema\/person\/97079b7570c1e89ec0d9e138c3672136"},"headline":"Biznes Universitetinin prorektoru, h\u0259myerlimiz Qabil Namazov","datePublished":"2012-05-03T11:25:02+00:00","dateModified":"2012-05-03T11:25:37+00:00","mainEntityOfPage":{"@id":"https:\/\/www.zerdab.com\/?p=1528"},"wordCount":366,"commentCount":1,"image":{"@id":"https:\/\/www.zerdab.com\/?p=1528#primaryimage"},"thumbnailUrl":"http:\/\/www.zerdab.com\/wp-content\/uploads\/2012\/05\/qabil_namazov.jpg","articleSection":["F\u018fXRL\u018fR\u0130M\u0130Z"],"inLanguage":"az","potentialAction":[{"@type":"CommentAction","name":"Comment","target":["https:\/\/www.zerdab.com\/?p=1528#respond"]}]},{"@type":"WebPage","@id":"https:\/\/www.zerdab.com\/?p=1528","url":"https:\/\/www.zerdab.com\/?p=1528","name":"Biznes Universitetinin prorektoru, h\u0259myerlimiz Qabil Namazov - Z\u0259rdab.com","isPartOf":{"@id":"https:\/\/www.zerdab.com\/#website"},"primaryImageOfPage":{"@id":"https:\/\/www.zerdab.com\/?p=1528#primaryimage"},"image":{"@id":"https:\/\/www.zerdab.com\/?p=1528#primaryimage"},"thumbnailUrl":"http:\/\/www.zerdab.com\/wp-content\/uploads\/2012\/05\/qabil_namazov.jpg","datePublished":"2012-05-03T11:25:02+00:00","dateModified":"2012-05-03T11:25:37+00:00","author":{"@id":"https:\/\/www.zerdab.com\/#\/schema\/person\/97079b7570c1e89ec0d9e138c3672136"},"breadcrumb":{"@id":"https:\/\/www.zerdab.com\/?p=1528#breadcrumb"},"inLanguage":"az","potentialAction":[{"@type":"ReadAction","target":["https:\/\/www.zerdab.com\/?p=1528"]}]},{"@type":"ImageObject","inLanguage":"az","@id":"https:\/\/www.zerdab.com\/?p=1528#primaryimage","url":"","contentUrl":""},{"@type":"BreadcrumbList","@id":"https:\/\/www.zerdab.com\/?p=1528#breadcrumb","itemListElement":[{"@type":"ListItem","position":1,"name":"Home","item":"https:\/\/www.zerdab.com\/"},{"@type":"ListItem","position":2,"name":"Biznes Universitetinin prorektoru, h\u0259myerlimiz Qabil Namazov"}]},{"@type":"WebSite","@id":"https:\/\/www.zerdab.com\/#website","url":"https:\/\/www.zerdab.com\/","name":"Z\u0259rdab.com","description":"","potentialAction":[{"@type":"SearchAction","target":{"@type":"EntryPoint","urlTemplate":"https:\/\/www.zerdab.com\/?s={search_term_string}"},"query-input":{"@type":"PropertyValueSpecification","valueRequired":true,"valueName":"search_term_string"}}],"inLanguage":"az"},{"@type":"Person","@id":"https:\/\/www.zerdab.com\/#\/schema\/person\/97079b7570c1e89ec0d9e138c3672136","name":"admin","image":{"@type":"ImageObject","inLanguage":"az","@id":"https:\/\/www.zerdab.com\/#\/schema\/person\/image\/","url":"https:\/\/secure.gravatar.com\/avatar\/d9c52a9a27c32119cb6679a077fa3e2779e5f822c451cbf01098004361d466ec?s=96&d=mm&r=g","contentUrl":"https:\/\/secure.gravatar.com\/avatar\/d9c52a9a27c32119cb6679a077fa3e2779e5f822c451cbf01098004361d466ec?s=96&d=mm&r=g","caption":"admin"},"url":"https:\/\/www.zerdab.com\/?author=1"}]}},"_links":{"self":[{"href":"https:\/\/www.zerdab.com\/index.php?rest_route=\/wp\/v2\/posts\/1528","targetHints":{"allow":["GET"]}}],"collection":[{"href":"https:\/\/www.zerdab.com\/index.php?rest_route=\/wp\/v2\/posts"}],"about":[{"href":"https:\/\/www.zerdab.com\/index.php?rest_route=\/wp\/v2\/types\/post"}],"author":[{"embeddable":true,"href":"https:\/\/www.zerdab.com\/index.php?rest_route=\/wp\/v2\/users\/1"}],"replies":[{"embeddable":true,"href":"https:\/\/www.zerdab.com\/index.php?rest_route=%2Fwp%2Fv2%2Fcomments&post=1528"}],"version-history":[{"count":4,"href":"https:\/\/www.zerdab.com\/index.php?rest_route=\/wp\/v2\/posts\/1528\/revisions"}],"predecessor-version":[{"id":1533,"href":"https:\/\/www.zerdab.com\/index.php?rest_route=\/wp\/v2\/posts\/1528\/revisions\/1533"}],"wp:attachment":[{"href":"https:\/\/www.zerdab.com\/index.php?rest_route=%2Fwp%2Fv2%2Fmedia&parent=1528"}],"wp:term":[{"taxonomy":"category","embeddable":true,"href":"https:\/\/www.zerdab.com\/index.php?rest_route=%2Fwp%2Fv2%2Fcategories&post=1528"},{"taxonomy":"post_tag","embeddable":true,"href":"https:\/\/www.zerdab.com\/index.php?rest_route=%2Fwp%2Fv2%2Ftags&post=1528"}],"curies":[{"name":"wp","href":"https:\/\/api.w.org\/{rel}","templated":true}]}}