{"id":15297,"date":"2014-04-02T08:00:24","date_gmt":"2014-04-02T03:00:24","guid":{"rendered":"http:\/\/www.zerdab.com\/?p=15297"},"modified":"2014-04-01T18:38:16","modified_gmt":"2014-04-01T13:38:16","slug":"qarabag-veterani-z%c9%99rdabdan-prezident%c9%99-m%c9%99ktub-yazdi","status":"publish","type":"post","link":"https:\/\/www.zerdab.com\/?p=15297","title":{"rendered":"Qaraba\u011f veteran\u0131 Z\u0259rdabdan Prezident\u0259 m\u0259ktub yazd\u0131"},"content":{"rendered":"<p><span style=\"font-size: 14px; line-height: 1.5em;\"><a href=\"http:\/\/www.zerdab.com\/wp-content\/uploads\/2014\/04\/Z\u0259rdab.jpg\"><img loading=\"lazy\" decoding=\"async\" class=\"aligncenter size-medium wp-image-15298\" alt=\"Z\u0259rdab\" src=\"http:\/\/www.zerdab.com\/wp-content\/uploads\/2014\/04\/Z\u0259rdab-400x401.jpg\" width=\"400\" height=\"401\" \/><\/a>Qaraba\u011f M\u00fcharib\u0259si \u018flill\u0259ri, Veteranlar\u0131 v\u0259 \u015e\u0259hid Ail\u0259l\u0259ri \u0130ctimai Birliyinin Z\u0259rdab rayon \u015f\u00f6b\u0259sinin s\u0259dri Neman Yediyarov Prezident \u0130lham \u018fliyev\u0259 m\u0259ktub yaz\u0131b. Bu bar\u0259d\u0259 Zerdab.com sayt\u0131 Preizdent \u0130lham \u018fliyevin r\u0259smi sayt\u0131na istinad\u0259n m\u0259lumat yay\u0131b. M\u0259ktubda deyilir: &#8220;<\/span>H\u00f6rm\u0259tli c\u0259nab Prezident!<\/p>\n<p>\u00d6nc\u0259 Sizi v\u0259 ail\u0259 \u00fczvl\u0259rinizi Novruz bayram\u0131 m\u00fcnasib\u0259til\u0259 t\u0259brik edir, siz\u0259 uzun \u00f6m\u00fcr, m\u00f6hk\u0259m cansa\u011fl\u0131\u011f\u0131 arzulay\u0131r\u0131q.<\/p>\n<p>M\u00f6ht\u0259r\u0259m Prezident! Siz bu bayram \u0259r\u0259f\u0259sind\u0259 bizi \u00e7ox sevindirdiniz. 2014-c\u00fc il 17 v\u0259 18 mart tarixli m\u0259lum s\u0259r\u0259ncam v\u0259 f\u0259rmanlar\u0131n\u0131zla m\u00fcharib\u0259 \u0259lill\u0259rin\u0259 veril\u0259n Prezident t\u0259qa\u00fcd\u00fcn\u00fc, habel\u0259 \u00f6lk\u0259mizin \u0259razi b\u00fct\u00f6vl\u00fcy\u00fc u\u011frunda apar\u0131lan d\u00f6y\u00fc\u015f \u0259m\u0259liyyatlar\u0131nda i\u015ftirak ed\u0259n m\u00fcharib\u0259 veteranlar\u0131na v\u0259 bir s\u0131ra dig\u0259r kateqoriyadan olan v\u0259t\u0259nda\u015flara ayr\u0131lan sosial m\u00fcavin\u0259tl\u0259rin m\u0259bl\u0259\u011fini art\u0131rd\u0131n\u0131z, onlar\u0131n ali v\u0259 orta ixtisas t\u0259hsili m\u00fc\u0259ssis\u0259l\u0259rind\u0259 t\u0259hsil alan u\u015faqlar\u0131n\u0131 t\u0259hsil haqq\u0131ndan azad etdiniz. Bu xeyirxah \u0259m\u0259ll\u0259riniz\u0259 g\u00f6r\u0259 biz \u0259lill\u0259r h\u0259r zaman Sizi d\u0259st\u0259kl\u0259yir v\u0259 Sizinl\u0259 birg\u0259 oldu\u011fumuzu b\u0259yan edirik.<\/p>\n<p>Ulu Tanr\u0131 Sizi v\u0259 ail\u0259nizi qorusun!<\/p>\n<p>H\u00f6rm\u0259tl\u0259,\u00a0Yediyarov Neman Qulam o\u011flu,<br \/>\nQaraba\u011f M\u00fcharib\u0259si \u018flill\u0259ri, Veteranlar\u0131 v\u0259 \u015e\u0259hid Ail\u0259l\u0259ri \u0130ctimai Birliyinin Z\u0259rdab rayon \u015f\u00f6b\u0259sinin s\u0259dri&#8221;.<\/p>\n","protected":false},"excerpt":{"rendered":"<p>Qaraba\u011f M\u00fcharib\u0259si \u018flill\u0259ri, Veteranlar\u0131 v\u0259 \u015e\u0259hid Ail\u0259l\u0259ri \u0130ctimai Birliyinin Z\u0259rdab rayon \u015f\u00f6b\u0259sinin s\u0259dri Neman Yediyarov Prezident \u0130lham \u018fliyev\u0259 m\u0259ktub yaz\u0131b. Bu bar\u0259d\u0259 Zerdab.com sayt\u0131 Preizdent \u0130lham \u018fliyevin r\u0259smi sayt\u0131na istinad\u0259n m\u0259lumat yay\u0131b. M\u0259ktubda deyilir: &#8220;H\u00f6rm\u0259tli c\u0259nab Prezident! \u00d6nc\u0259 Sizi v\u0259 ail\u0259 \u00fczvl\u0259rinizi Novruz bayram\u0131 m\u00fcnasib\u0259til\u0259 t\u0259brik edir, siz\u0259 uzun \u00f6m\u00fcr, m\u00f6hk\u0259m cansa\u011fl\u0131\u011f\u0131 arzulay\u0131r\u0131q. M\u00f6ht\u0259r\u0259m Prezident! [&hellip;]<\/p>\n","protected":false},"author":1,"featured_media":0,"comment_status":"open","ping_status":"open","sticky":false,"template":"","format":"standard","meta":{"footnotes":""},"categories":[21],"tags":[],"class_list":{"0":"post-15297","1":"post","2":"type-post","3":"status-publish","4":"format-standard","6":"category-zrdab"},"yoast_head":"<!-- This site is optimized with the Yoast SEO plugin v27.0 - https:\/\/yoast.com\/product\/yoast-seo-wordpress\/ -->\n<title>Qaraba\u011f veteran\u0131 Z\u0259rdabdan Prezident\u0259 m\u0259ktub yazd\u0131 - Z\u0259rdab.com<\/title>\n<meta name=\"robots\" content=\"index, follow, max-snippet:-1, max-image-preview:large, max-video-preview:-1\" \/>\n<link rel=\"canonical\" href=\"https:\/\/www.zerdab.com\/?p=15297\" \/>\n<meta property=\"og:locale\" content=\"az_AZ\" \/>\n<meta property=\"og:type\" content=\"article\" \/>\n<meta property=\"og:title\" content=\"Qaraba\u011f veteran\u0131 Z\u0259rdabdan Prezident\u0259 m\u0259ktub yazd\u0131 - Z\u0259rdab.com\" \/>\n<meta property=\"og:description\" content=\"Qaraba\u011f M\u00fcharib\u0259si \u018flill\u0259ri, Veteranlar\u0131 v\u0259 \u015e\u0259hid Ail\u0259l\u0259ri \u0130ctimai Birliyinin Z\u0259rdab rayon \u015f\u00f6b\u0259sinin s\u0259dri Neman Yediyarov Prezident \u0130lham \u018fliyev\u0259 m\u0259ktub yaz\u0131b. Bu bar\u0259d\u0259 Zerdab.com sayt\u0131 Preizdent \u0130lham \u018fliyevin r\u0259smi sayt\u0131na istinad\u0259n m\u0259lumat yay\u0131b. M\u0259ktubda deyilir: &#8220;H\u00f6rm\u0259tli c\u0259nab Prezident! \u00d6nc\u0259 Sizi v\u0259 ail\u0259 \u00fczvl\u0259rinizi Novruz bayram\u0131 m\u00fcnasib\u0259til\u0259 t\u0259brik edir, siz\u0259 uzun \u00f6m\u00fcr, m\u00f6hk\u0259m cansa\u011fl\u0131\u011f\u0131 arzulay\u0131r\u0131q. M\u00f6ht\u0259r\u0259m Prezident! [&hellip;]\" \/>\n<meta property=\"og:url\" content=\"https:\/\/www.zerdab.com\/?p=15297\" \/>\n<meta property=\"og:site_name\" content=\"Z\u0259rdab.com\" \/>\n<meta property=\"article:published_time\" content=\"2014-04-02T03:00:24+00:00\" \/>\n<meta name=\"author\" content=\"admin\" \/>\n<meta name=\"twitter:card\" content=\"summary_large_image\" \/>\n<meta name=\"twitter:label1\" content=\"Written by\" \/>\n\t<meta name=\"twitter:data1\" content=\"admin\" \/>\n\t<meta name=\"twitter:label2\" content=\"Est. reading time\" \/>\n\t<meta name=\"twitter:data2\" content=\"1 minute\" \/>\n<script type=\"application\/ld+json\" class=\"yoast-schema-graph\">{\"@context\":\"https:\/\/schema.org\",\"@graph\":[{\"@type\":\"Article\",\"@id\":\"https:\/\/www.zerdab.com\/?p=15297#article\",\"isPartOf\":{\"@id\":\"https:\/\/www.zerdab.com\/?p=15297\"},\"author\":{\"name\":\"admin\",\"@id\":\"https:\/\/www.zerdab.com\/#\/schema\/person\/97079b7570c1e89ec0d9e138c3672136\"},\"headline\":\"Qaraba\u011f veteran\u0131 Z\u0259rdabdan Prezident\u0259 m\u0259ktub yazd\u0131\",\"datePublished\":\"2014-04-02T03:00:24+00:00\",\"mainEntityOfPage\":{\"@id\":\"https:\/\/www.zerdab.com\/?p=15297\"},\"wordCount\":269,\"commentCount\":0,\"articleSection\":[\"C\u018fM\u0130YY\u018fT\"],\"inLanguage\":\"az\",\"potentialAction\":[{\"@type\":\"CommentAction\",\"name\":\"Comment\",\"target\":[\"https:\/\/www.zerdab.com\/?p=15297#respond\"]}]},{\"@type\":\"WebPage\",\"@id\":\"https:\/\/www.zerdab.com\/?p=15297\",\"url\":\"https:\/\/www.zerdab.com\/?p=15297\",\"name\":\"Qaraba\u011f veteran\u0131 Z\u0259rdabdan Prezident\u0259 m\u0259ktub yazd\u0131 - Z\u0259rdab.com\",\"isPartOf\":{\"@id\":\"https:\/\/www.zerdab.com\/#website\"},\"datePublished\":\"2014-04-02T03:00:24+00:00\",\"author\":{\"@id\":\"https:\/\/www.zerdab.com\/#\/schema\/person\/97079b7570c1e89ec0d9e138c3672136\"},\"breadcrumb\":{\"@id\":\"https:\/\/www.zerdab.com\/?p=15297#breadcrumb\"},\"inLanguage\":\"az\",\"potentialAction\":[{\"@type\":\"ReadAction\",\"target\":[\"https:\/\/www.zerdab.com\/?p=15297\"]}]},{\"@type\":\"BreadcrumbList\",\"@id\":\"https:\/\/www.zerdab.com\/?p=15297#breadcrumb\",\"itemListElement\":[{\"@type\":\"ListItem\",\"position\":1,\"name\":\"Home\",\"item\":\"https:\/\/www.zerdab.com\/\"},{\"@type\":\"ListItem\",\"position\":2,\"name\":\"Qaraba\u011f veteran\u0131 Z\u0259rdabdan Prezident\u0259 m\u0259ktub yazd\u0131\"}]},{\"@type\":\"WebSite\",\"@id\":\"https:\/\/www.zerdab.com\/#website\",\"url\":\"https:\/\/www.zerdab.com\/\",\"name\":\"Z\u0259rdab.com\",\"description\":\"\",\"potentialAction\":[{\"@type\":\"SearchAction\",\"target\":{\"@type\":\"EntryPoint\",\"urlTemplate\":\"https:\/\/www.zerdab.com\/?s={search_term_string}\"},\"query-input\":{\"@type\":\"PropertyValueSpecification\",\"valueRequired\":true,\"valueName\":\"search_term_string\"}}],\"inLanguage\":\"az\"},{\"@type\":\"Person\",\"@id\":\"https:\/\/www.zerdab.com\/#\/schema\/person\/97079b7570c1e89ec0d9e138c3672136\",\"name\":\"admin\",\"image\":{\"@type\":\"ImageObject\",\"inLanguage\":\"az\",\"@id\":\"https:\/\/www.zerdab.com\/#\/schema\/person\/image\/\",\"url\":\"https:\/\/secure.gravatar.com\/avatar\/d9c52a9a27c32119cb6679a077fa3e2779e5f822c451cbf01098004361d466ec?s=96&d=mm&r=g\",\"contentUrl\":\"https:\/\/secure.gravatar.com\/avatar\/d9c52a9a27c32119cb6679a077fa3e2779e5f822c451cbf01098004361d466ec?s=96&d=mm&r=g\",\"caption\":\"admin\"},\"url\":\"https:\/\/www.zerdab.com\/?author=1\"}]}<\/script>\n<!-- \/ Yoast SEO plugin. -->","yoast_head_json":{"title":"Qaraba\u011f veteran\u0131 Z\u0259rdabdan Prezident\u0259 m\u0259ktub yazd\u0131 - Z\u0259rdab.com","robots":{"index":"index","follow":"follow","max-snippet":"max-snippet:-1","max-image-preview":"max-image-preview:large","max-video-preview":"max-video-preview:-1"},"canonical":"https:\/\/www.zerdab.com\/?p=15297","og_locale":"az_AZ","og_type":"article","og_title":"Qaraba\u011f veteran\u0131 Z\u0259rdabdan Prezident\u0259 m\u0259ktub yazd\u0131 - Z\u0259rdab.com","og_description":"Qaraba\u011f M\u00fcharib\u0259si \u018flill\u0259ri, Veteranlar\u0131 v\u0259 \u015e\u0259hid Ail\u0259l\u0259ri \u0130ctimai Birliyinin Z\u0259rdab rayon \u015f\u00f6b\u0259sinin s\u0259dri Neman Yediyarov Prezident \u0130lham \u018fliyev\u0259 m\u0259ktub yaz\u0131b. Bu bar\u0259d\u0259 Zerdab.com sayt\u0131 Preizdent \u0130lham \u018fliyevin r\u0259smi sayt\u0131na istinad\u0259n m\u0259lumat yay\u0131b. M\u0259ktubda deyilir: &#8220;H\u00f6rm\u0259tli c\u0259nab Prezident! \u00d6nc\u0259 Sizi v\u0259 ail\u0259 \u00fczvl\u0259rinizi Novruz bayram\u0131 m\u00fcnasib\u0259til\u0259 t\u0259brik edir, siz\u0259 uzun \u00f6m\u00fcr, m\u00f6hk\u0259m cansa\u011fl\u0131\u011f\u0131 arzulay\u0131r\u0131q. M\u00f6ht\u0259r\u0259m Prezident! [&hellip;]","og_url":"https:\/\/www.zerdab.com\/?p=15297","og_site_name":"Z\u0259rdab.com","article_published_time":"2014-04-02T03:00:24+00:00","author":"admin","twitter_card":"summary_large_image","twitter_misc":{"Written by":"admin","Est. reading time":"1 minute"},"schema":{"@context":"https:\/\/schema.org","@graph":[{"@type":"Article","@id":"https:\/\/www.zerdab.com\/?p=15297#article","isPartOf":{"@id":"https:\/\/www.zerdab.com\/?p=15297"},"author":{"name":"admin","@id":"https:\/\/www.zerdab.com\/#\/schema\/person\/97079b7570c1e89ec0d9e138c3672136"},"headline":"Qaraba\u011f veteran\u0131 Z\u0259rdabdan Prezident\u0259 m\u0259ktub yazd\u0131","datePublished":"2014-04-02T03:00:24+00:00","mainEntityOfPage":{"@id":"https:\/\/www.zerdab.com\/?p=15297"},"wordCount":269,"commentCount":0,"articleSection":["C\u018fM\u0130YY\u018fT"],"inLanguage":"az","potentialAction":[{"@type":"CommentAction","name":"Comment","target":["https:\/\/www.zerdab.com\/?p=15297#respond"]}]},{"@type":"WebPage","@id":"https:\/\/www.zerdab.com\/?p=15297","url":"https:\/\/www.zerdab.com\/?p=15297","name":"Qaraba\u011f veteran\u0131 Z\u0259rdabdan Prezident\u0259 m\u0259ktub yazd\u0131 - Z\u0259rdab.com","isPartOf":{"@id":"https:\/\/www.zerdab.com\/#website"},"datePublished":"2014-04-02T03:00:24+00:00","author":{"@id":"https:\/\/www.zerdab.com\/#\/schema\/person\/97079b7570c1e89ec0d9e138c3672136"},"breadcrumb":{"@id":"https:\/\/www.zerdab.com\/?p=15297#breadcrumb"},"inLanguage":"az","potentialAction":[{"@type":"ReadAction","target":["https:\/\/www.zerdab.com\/?p=15297"]}]},{"@type":"BreadcrumbList","@id":"https:\/\/www.zerdab.com\/?p=15297#breadcrumb","itemListElement":[{"@type":"ListItem","position":1,"name":"Home","item":"https:\/\/www.zerdab.com\/"},{"@type":"ListItem","position":2,"name":"Qaraba\u011f veteran\u0131 Z\u0259rdabdan Prezident\u0259 m\u0259ktub yazd\u0131"}]},{"@type":"WebSite","@id":"https:\/\/www.zerdab.com\/#website","url":"https:\/\/www.zerdab.com\/","name":"Z\u0259rdab.com","description":"","potentialAction":[{"@type":"SearchAction","target":{"@type":"EntryPoint","urlTemplate":"https:\/\/www.zerdab.com\/?s={search_term_string}"},"query-input":{"@type":"PropertyValueSpecification","valueRequired":true,"valueName":"search_term_string"}}],"inLanguage":"az"},{"@type":"Person","@id":"https:\/\/www.zerdab.com\/#\/schema\/person\/97079b7570c1e89ec0d9e138c3672136","name":"admin","image":{"@type":"ImageObject","inLanguage":"az","@id":"https:\/\/www.zerdab.com\/#\/schema\/person\/image\/","url":"https:\/\/secure.gravatar.com\/avatar\/d9c52a9a27c32119cb6679a077fa3e2779e5f822c451cbf01098004361d466ec?s=96&d=mm&r=g","contentUrl":"https:\/\/secure.gravatar.com\/avatar\/d9c52a9a27c32119cb6679a077fa3e2779e5f822c451cbf01098004361d466ec?s=96&d=mm&r=g","caption":"admin"},"url":"https:\/\/www.zerdab.com\/?author=1"}]}},"_links":{"self":[{"href":"https:\/\/www.zerdab.com\/index.php?rest_route=\/wp\/v2\/posts\/15297","targetHints":{"allow":["GET"]}}],"collection":[{"href":"https:\/\/www.zerdab.com\/index.php?rest_route=\/wp\/v2\/posts"}],"about":[{"href":"https:\/\/www.zerdab.com\/index.php?rest_route=\/wp\/v2\/types\/post"}],"author":[{"embeddable":true,"href":"https:\/\/www.zerdab.com\/index.php?rest_route=\/wp\/v2\/users\/1"}],"replies":[{"embeddable":true,"href":"https:\/\/www.zerdab.com\/index.php?rest_route=%2Fwp%2Fv2%2Fcomments&post=15297"}],"version-history":[{"count":1,"href":"https:\/\/www.zerdab.com\/index.php?rest_route=\/wp\/v2\/posts\/15297\/revisions"}],"predecessor-version":[{"id":15299,"href":"https:\/\/www.zerdab.com\/index.php?rest_route=\/wp\/v2\/posts\/15297\/revisions\/15299"}],"wp:attachment":[{"href":"https:\/\/www.zerdab.com\/index.php?rest_route=%2Fwp%2Fv2%2Fmedia&parent=15297"}],"wp:term":[{"taxonomy":"category","embeddable":true,"href":"https:\/\/www.zerdab.com\/index.php?rest_route=%2Fwp%2Fv2%2Fcategories&post=15297"},{"taxonomy":"post_tag","embeddable":true,"href":"https:\/\/www.zerdab.com\/index.php?rest_route=%2Fwp%2Fv2%2Ftags&post=15297"}],"curies":[{"name":"wp","href":"https:\/\/api.w.org\/{rel}","templated":true}]}}