{"id":15381,"date":"2014-04-12T08:00:49","date_gmt":"2014-04-12T03:00:49","guid":{"rendered":"http:\/\/www.zerdab.com\/?p=15381"},"modified":"2014-04-11T23:51:32","modified_gmt":"2014-04-11T18:51:32","slug":"rayonumuzun-7-mu%c9%99llimin%c9%99-%c9%99m%c9%99kdar-mu%c9%99llim-f%c9%99xri-adi-verilib","status":"publish","type":"post","link":"https:\/\/www.zerdab.com\/?p=15381","title":{"rendered":"Rayonumuzun 7 m\u00fc\u0259llimin\u0259 &#8220;\u018fm\u0259kdar m\u00fc\u0259llim&#8221; f\u0259xri ad\u0131 verilib"},"content":{"rendered":"<p><a href=\"http:\/\/www.zerdab.com\/wp-content\/uploads\/2014\/04\/05-Muellim.jpg\"><img loading=\"lazy\" decoding=\"async\" class=\"aligncenter size-full wp-image-15382\" alt=\"M\u00fc\u0259llim\" src=\"http:\/\/www.zerdab.com\/wp-content\/uploads\/2014\/04\/05-Muellim.jpg\" width=\"550\" height=\"365\" \/><\/a>Son ill\u0259rd\u0259 Prezident \u0130lham \u018fliyevin imzalad\u0131\u011f\u0131 s\u0259r\u0259ncamlara \u0259sas\u0259n, Z\u0259rdab rayonundan olan m\u00fc\u0259lliml\u0259r\u0259 d\u0259 f\u0259xri adlar verilib. Bu bar\u0259d\u0259 Zerdab.com sayt\u0131 m\u0259lumat yay\u0131b. Bel\u0259 ki, son ill\u0259rd\u0259 rayonumuzun m\u00fc\u0259lliml\u0259rind\u0259n 7 n\u0259f\u0259ri &#8220;\u018fm\u0259kdar m\u00fc\u0259llim&#8221; f\u0259xri ad\u0131na layiq g\u00f6r\u00fcl\u00fcb. Bundan ba\u015fqa, 4 n\u0259f\u0259r t\u0259hsil i\u015f\u00e7isin\u0259 &#8220;T\u0259r\u0259qqi&#8221; medal\u0131 verilib. Z\u0259rdab\u0131 t\u0259msil ed\u0259n 3 n\u0259f\u0259r m\u00fc\u0259llim is\u0259 T\u0259hsil Nazirliyinin &#8220;Qabaqc\u0131l t\u0259hsil i\u015f\u00e7isi&#8221; d\u00f6\u015f ni\u015fan\u0131 il\u0259 t\u0259ltif edilib.<\/p>\n<p>\u00d6t\u0259n il is\u0259 G\u0259lm\u0259 k\u0259nd tam orta m\u0259kt\u0259binin Az\u0259rbaycan dili v\u0259 \u0259d\u0259biyyat m\u00fc\u0259llimi Min\u0259g\u00fcl \u018fliyeva Prezident \u0130lham \u018fliyevin s\u0259r\u0259ncam\u0131na \u0259sas\u0259n, &#8220;\u018fm\u0259kdar m\u00fc\u0259llim&#8221; f\u0259xri ad\u0131na layiq g\u00f6r\u00fcl\u00fcb.<\/p>\n<p>Ziyal\u0131lar\u0131m\u0131z\u0131 t\u0259brik edir, onlara h\u0259m \u015f\u0259xsi, h\u0259m d\u0259 i\u015f h\u0259yat\u0131nda u\u011furlar dil\u0259yirik.<\/p>\n<p>\u00dcmid ed\u0259k ki, g\u0259l\u0259c\u0259kd\u0259 d\u0259 rayonumuzun f\u0259xri ada layiq g\u00f6r\u00fcl\u0259n ziyal\u0131lar\u0131n\u0131n say\u0131 \u00e7ox olacaq.<\/p>\n<p><strong>Zerdab.com\u00a0\u00a0<\/strong><\/p>\n","protected":false},"excerpt":{"rendered":"<p>Son ill\u0259rd\u0259 Prezident \u0130lham \u018fliyevin imzalad\u0131\u011f\u0131 s\u0259r\u0259ncamlara \u0259sas\u0259n, Z\u0259rdab rayonundan olan m\u00fc\u0259lliml\u0259r\u0259 d\u0259 f\u0259xri adlar verilib. Bu bar\u0259d\u0259 Zerdab.com sayt\u0131 m\u0259lumat yay\u0131b. Bel\u0259 ki, son ill\u0259rd\u0259 rayonumuzun m\u00fc\u0259lliml\u0259rind\u0259n 7 n\u0259f\u0259ri &#8220;\u018fm\u0259kdar m\u00fc\u0259llim&#8221; f\u0259xri ad\u0131na layiq g\u00f6r\u00fcl\u00fcb. Bundan ba\u015fqa, 4 n\u0259f\u0259r t\u0259hsil i\u015f\u00e7isin\u0259 &#8220;T\u0259r\u0259qqi&#8221; medal\u0131 verilib. Z\u0259rdab\u0131 t\u0259msil ed\u0259n 3 n\u0259f\u0259r m\u00fc\u0259llim is\u0259 T\u0259hsil Nazirliyinin &#8220;Qabaqc\u0131l [&hellip;]<\/p>\n","protected":false},"author":1,"featured_media":0,"comment_status":"open","ping_status":"open","sticky":false,"template":"","format":"standard","meta":{"footnotes":""},"categories":[21],"tags":[],"class_list":{"0":"post-15381","1":"post","2":"type-post","3":"status-publish","4":"format-standard","6":"category-zrdab"},"yoast_head":"<!-- This site is optimized with the Yoast SEO plugin v27.0 - https:\/\/yoast.com\/product\/yoast-seo-wordpress\/ -->\n<title>Rayonumuzun 7 m\u00fc\u0259llimin\u0259 &quot;\u018fm\u0259kdar m\u00fc\u0259llim&quot; f\u0259xri ad\u0131 verilib - Z\u0259rdab.com<\/title>\n<meta name=\"robots\" content=\"index, follow, max-snippet:-1, max-image-preview:large, max-video-preview:-1\" \/>\n<link rel=\"canonical\" href=\"https:\/\/www.zerdab.com\/?p=15381\" \/>\n<meta property=\"og:locale\" content=\"az_AZ\" \/>\n<meta property=\"og:type\" content=\"article\" \/>\n<meta property=\"og:title\" content=\"Rayonumuzun 7 m\u00fc\u0259llimin\u0259 &quot;\u018fm\u0259kdar m\u00fc\u0259llim&quot; f\u0259xri ad\u0131 verilib - Z\u0259rdab.com\" \/>\n<meta property=\"og:description\" content=\"Son ill\u0259rd\u0259 Prezident \u0130lham \u018fliyevin imzalad\u0131\u011f\u0131 s\u0259r\u0259ncamlara \u0259sas\u0259n, Z\u0259rdab rayonundan olan m\u00fc\u0259lliml\u0259r\u0259 d\u0259 f\u0259xri adlar verilib. Bu bar\u0259d\u0259 Zerdab.com sayt\u0131 m\u0259lumat yay\u0131b. Bel\u0259 ki, son ill\u0259rd\u0259 rayonumuzun m\u00fc\u0259lliml\u0259rind\u0259n 7 n\u0259f\u0259ri &#8220;\u018fm\u0259kdar m\u00fc\u0259llim&#8221; f\u0259xri ad\u0131na layiq g\u00f6r\u00fcl\u00fcb. Bundan ba\u015fqa, 4 n\u0259f\u0259r t\u0259hsil i\u015f\u00e7isin\u0259 &#8220;T\u0259r\u0259qqi&#8221; medal\u0131 verilib. Z\u0259rdab\u0131 t\u0259msil ed\u0259n 3 n\u0259f\u0259r m\u00fc\u0259llim is\u0259 T\u0259hsil Nazirliyinin &#8220;Qabaqc\u0131l [&hellip;]\" \/>\n<meta property=\"og:url\" content=\"https:\/\/www.zerdab.com\/?p=15381\" \/>\n<meta property=\"og:site_name\" content=\"Z\u0259rdab.com\" \/>\n<meta property=\"article:published_time\" content=\"2014-04-12T03:00:49+00:00\" \/>\n<meta property=\"og:image\" content=\"http:\/\/www.zerdab.com\/wp-content\/uploads\/2014\/04\/05-Muellim.jpg\" \/>\n<meta name=\"author\" content=\"admin\" \/>\n<meta name=\"twitter:card\" content=\"summary_large_image\" \/>\n<meta name=\"twitter:label1\" content=\"Written by\" \/>\n\t<meta name=\"twitter:data1\" content=\"admin\" \/>\n\t<meta name=\"twitter:label2\" content=\"Est. reading time\" \/>\n\t<meta name=\"twitter:data2\" content=\"1 minute\" \/>\n<script type=\"application\/ld+json\" class=\"yoast-schema-graph\">{\"@context\":\"https:\/\/schema.org\",\"@graph\":[{\"@type\":\"Article\",\"@id\":\"https:\/\/www.zerdab.com\/?p=15381#article\",\"isPartOf\":{\"@id\":\"https:\/\/www.zerdab.com\/?p=15381\"},\"author\":{\"name\":\"admin\",\"@id\":\"https:\/\/www.zerdab.com\/#\/schema\/person\/97079b7570c1e89ec0d9e138c3672136\"},\"headline\":\"Rayonumuzun 7 m\u00fc\u0259llimin\u0259 &#8220;\u018fm\u0259kdar m\u00fc\u0259llim&#8221; f\u0259xri ad\u0131 verilib\",\"datePublished\":\"2014-04-12T03:00:49+00:00\",\"mainEntityOfPage\":{\"@id\":\"https:\/\/www.zerdab.com\/?p=15381\"},\"wordCount\":210,\"commentCount\":2,\"image\":{\"@id\":\"https:\/\/www.zerdab.com\/?p=15381#primaryimage\"},\"thumbnailUrl\":\"http:\/\/www.zerdab.com\/wp-content\/uploads\/2014\/04\/05-Muellim.jpg\",\"articleSection\":[\"C\u018fM\u0130YY\u018fT\"],\"inLanguage\":\"az\",\"potentialAction\":[{\"@type\":\"CommentAction\",\"name\":\"Comment\",\"target\":[\"https:\/\/www.zerdab.com\/?p=15381#respond\"]}]},{\"@type\":\"WebPage\",\"@id\":\"https:\/\/www.zerdab.com\/?p=15381\",\"url\":\"https:\/\/www.zerdab.com\/?p=15381\",\"name\":\"Rayonumuzun 7 m\u00fc\u0259llimin\u0259 \\\"\u018fm\u0259kdar m\u00fc\u0259llim\\\" f\u0259xri ad\u0131 verilib - Z\u0259rdab.com\",\"isPartOf\":{\"@id\":\"https:\/\/www.zerdab.com\/#website\"},\"primaryImageOfPage\":{\"@id\":\"https:\/\/www.zerdab.com\/?p=15381#primaryimage\"},\"image\":{\"@id\":\"https:\/\/www.zerdab.com\/?p=15381#primaryimage\"},\"thumbnailUrl\":\"http:\/\/www.zerdab.com\/wp-content\/uploads\/2014\/04\/05-Muellim.jpg\",\"datePublished\":\"2014-04-12T03:00:49+00:00\",\"author\":{\"@id\":\"https:\/\/www.zerdab.com\/#\/schema\/person\/97079b7570c1e89ec0d9e138c3672136\"},\"breadcrumb\":{\"@id\":\"https:\/\/www.zerdab.com\/?p=15381#breadcrumb\"},\"inLanguage\":\"az\",\"potentialAction\":[{\"@type\":\"ReadAction\",\"target\":[\"https:\/\/www.zerdab.com\/?p=15381\"]}]},{\"@type\":\"ImageObject\",\"inLanguage\":\"az\",\"@id\":\"https:\/\/www.zerdab.com\/?p=15381#primaryimage\",\"url\":\"http:\/\/www.zerdab.com\/wp-content\/uploads\/2014\/04\/05-Muellim.jpg\",\"contentUrl\":\"http:\/\/www.zerdab.com\/wp-content\/uploads\/2014\/04\/05-Muellim.jpg\"},{\"@type\":\"BreadcrumbList\",\"@id\":\"https:\/\/www.zerdab.com\/?p=15381#breadcrumb\",\"itemListElement\":[{\"@type\":\"ListItem\",\"position\":1,\"name\":\"Home\",\"item\":\"https:\/\/www.zerdab.com\/\"},{\"@type\":\"ListItem\",\"position\":2,\"name\":\"Rayonumuzun 7 m\u00fc\u0259llimin\u0259 &#8220;\u018fm\u0259kdar m\u00fc\u0259llim&#8221; f\u0259xri ad\u0131 verilib\"}]},{\"@type\":\"WebSite\",\"@id\":\"https:\/\/www.zerdab.com\/#website\",\"url\":\"https:\/\/www.zerdab.com\/\",\"name\":\"Z\u0259rdab.com\",\"description\":\"\",\"potentialAction\":[{\"@type\":\"SearchAction\",\"target\":{\"@type\":\"EntryPoint\",\"urlTemplate\":\"https:\/\/www.zerdab.com\/?s={search_term_string}\"},\"query-input\":{\"@type\":\"PropertyValueSpecification\",\"valueRequired\":true,\"valueName\":\"search_term_string\"}}],\"inLanguage\":\"az\"},{\"@type\":\"Person\",\"@id\":\"https:\/\/www.zerdab.com\/#\/schema\/person\/97079b7570c1e89ec0d9e138c3672136\",\"name\":\"admin\",\"image\":{\"@type\":\"ImageObject\",\"inLanguage\":\"az\",\"@id\":\"https:\/\/www.zerdab.com\/#\/schema\/person\/image\/\",\"url\":\"https:\/\/secure.gravatar.com\/avatar\/d9c52a9a27c32119cb6679a077fa3e2779e5f822c451cbf01098004361d466ec?s=96&d=mm&r=g\",\"contentUrl\":\"https:\/\/secure.gravatar.com\/avatar\/d9c52a9a27c32119cb6679a077fa3e2779e5f822c451cbf01098004361d466ec?s=96&d=mm&r=g\",\"caption\":\"admin\"},\"url\":\"https:\/\/www.zerdab.com\/?author=1\"}]}<\/script>\n<!-- \/ Yoast SEO plugin. -->","yoast_head_json":{"title":"Rayonumuzun 7 m\u00fc\u0259llimin\u0259 \"\u018fm\u0259kdar m\u00fc\u0259llim\" f\u0259xri ad\u0131 verilib - Z\u0259rdab.com","robots":{"index":"index","follow":"follow","max-snippet":"max-snippet:-1","max-image-preview":"max-image-preview:large","max-video-preview":"max-video-preview:-1"},"canonical":"https:\/\/www.zerdab.com\/?p=15381","og_locale":"az_AZ","og_type":"article","og_title":"Rayonumuzun 7 m\u00fc\u0259llimin\u0259 \"\u018fm\u0259kdar m\u00fc\u0259llim\" f\u0259xri ad\u0131 verilib - Z\u0259rdab.com","og_description":"Son ill\u0259rd\u0259 Prezident \u0130lham \u018fliyevin imzalad\u0131\u011f\u0131 s\u0259r\u0259ncamlara \u0259sas\u0259n, Z\u0259rdab rayonundan olan m\u00fc\u0259lliml\u0259r\u0259 d\u0259 f\u0259xri adlar verilib. Bu bar\u0259d\u0259 Zerdab.com sayt\u0131 m\u0259lumat yay\u0131b. Bel\u0259 ki, son ill\u0259rd\u0259 rayonumuzun m\u00fc\u0259lliml\u0259rind\u0259n 7 n\u0259f\u0259ri &#8220;\u018fm\u0259kdar m\u00fc\u0259llim&#8221; f\u0259xri ad\u0131na layiq g\u00f6r\u00fcl\u00fcb. Bundan ba\u015fqa, 4 n\u0259f\u0259r t\u0259hsil i\u015f\u00e7isin\u0259 &#8220;T\u0259r\u0259qqi&#8221; medal\u0131 verilib. Z\u0259rdab\u0131 t\u0259msil ed\u0259n 3 n\u0259f\u0259r m\u00fc\u0259llim is\u0259 T\u0259hsil Nazirliyinin &#8220;Qabaqc\u0131l [&hellip;]","og_url":"https:\/\/www.zerdab.com\/?p=15381","og_site_name":"Z\u0259rdab.com","article_published_time":"2014-04-12T03:00:49+00:00","og_image":[{"url":"http:\/\/www.zerdab.com\/wp-content\/uploads\/2014\/04\/05-Muellim.jpg","type":"","width":"","height":""}],"author":"admin","twitter_card":"summary_large_image","twitter_misc":{"Written by":"admin","Est. reading time":"1 minute"},"schema":{"@context":"https:\/\/schema.org","@graph":[{"@type":"Article","@id":"https:\/\/www.zerdab.com\/?p=15381#article","isPartOf":{"@id":"https:\/\/www.zerdab.com\/?p=15381"},"author":{"name":"admin","@id":"https:\/\/www.zerdab.com\/#\/schema\/person\/97079b7570c1e89ec0d9e138c3672136"},"headline":"Rayonumuzun 7 m\u00fc\u0259llimin\u0259 &#8220;\u018fm\u0259kdar m\u00fc\u0259llim&#8221; f\u0259xri ad\u0131 verilib","datePublished":"2014-04-12T03:00:49+00:00","mainEntityOfPage":{"@id":"https:\/\/www.zerdab.com\/?p=15381"},"wordCount":210,"commentCount":2,"image":{"@id":"https:\/\/www.zerdab.com\/?p=15381#primaryimage"},"thumbnailUrl":"http:\/\/www.zerdab.com\/wp-content\/uploads\/2014\/04\/05-Muellim.jpg","articleSection":["C\u018fM\u0130YY\u018fT"],"inLanguage":"az","potentialAction":[{"@type":"CommentAction","name":"Comment","target":["https:\/\/www.zerdab.com\/?p=15381#respond"]}]},{"@type":"WebPage","@id":"https:\/\/www.zerdab.com\/?p=15381","url":"https:\/\/www.zerdab.com\/?p=15381","name":"Rayonumuzun 7 m\u00fc\u0259llimin\u0259 \"\u018fm\u0259kdar m\u00fc\u0259llim\" f\u0259xri ad\u0131 verilib - Z\u0259rdab.com","isPartOf":{"@id":"https:\/\/www.zerdab.com\/#website"},"primaryImageOfPage":{"@id":"https:\/\/www.zerdab.com\/?p=15381#primaryimage"},"image":{"@id":"https:\/\/www.zerdab.com\/?p=15381#primaryimage"},"thumbnailUrl":"http:\/\/www.zerdab.com\/wp-content\/uploads\/2014\/04\/05-Muellim.jpg","datePublished":"2014-04-12T03:00:49+00:00","author":{"@id":"https:\/\/www.zerdab.com\/#\/schema\/person\/97079b7570c1e89ec0d9e138c3672136"},"breadcrumb":{"@id":"https:\/\/www.zerdab.com\/?p=15381#breadcrumb"},"inLanguage":"az","potentialAction":[{"@type":"ReadAction","target":["https:\/\/www.zerdab.com\/?p=15381"]}]},{"@type":"ImageObject","inLanguage":"az","@id":"https:\/\/www.zerdab.com\/?p=15381#primaryimage","url":"http:\/\/www.zerdab.com\/wp-content\/uploads\/2014\/04\/05-Muellim.jpg","contentUrl":"http:\/\/www.zerdab.com\/wp-content\/uploads\/2014\/04\/05-Muellim.jpg"},{"@type":"BreadcrumbList","@id":"https:\/\/www.zerdab.com\/?p=15381#breadcrumb","itemListElement":[{"@type":"ListItem","position":1,"name":"Home","item":"https:\/\/www.zerdab.com\/"},{"@type":"ListItem","position":2,"name":"Rayonumuzun 7 m\u00fc\u0259llimin\u0259 &#8220;\u018fm\u0259kdar m\u00fc\u0259llim&#8221; f\u0259xri ad\u0131 verilib"}]},{"@type":"WebSite","@id":"https:\/\/www.zerdab.com\/#website","url":"https:\/\/www.zerdab.com\/","name":"Z\u0259rdab.com","description":"","potentialAction":[{"@type":"SearchAction","target":{"@type":"EntryPoint","urlTemplate":"https:\/\/www.zerdab.com\/?s={search_term_string}"},"query-input":{"@type":"PropertyValueSpecification","valueRequired":true,"valueName":"search_term_string"}}],"inLanguage":"az"},{"@type":"Person","@id":"https:\/\/www.zerdab.com\/#\/schema\/person\/97079b7570c1e89ec0d9e138c3672136","name":"admin","image":{"@type":"ImageObject","inLanguage":"az","@id":"https:\/\/www.zerdab.com\/#\/schema\/person\/image\/","url":"https:\/\/secure.gravatar.com\/avatar\/d9c52a9a27c32119cb6679a077fa3e2779e5f822c451cbf01098004361d466ec?s=96&d=mm&r=g","contentUrl":"https:\/\/secure.gravatar.com\/avatar\/d9c52a9a27c32119cb6679a077fa3e2779e5f822c451cbf01098004361d466ec?s=96&d=mm&r=g","caption":"admin"},"url":"https:\/\/www.zerdab.com\/?author=1"}]}},"_links":{"self":[{"href":"https:\/\/www.zerdab.com\/index.php?rest_route=\/wp\/v2\/posts\/15381","targetHints":{"allow":["GET"]}}],"collection":[{"href":"https:\/\/www.zerdab.com\/index.php?rest_route=\/wp\/v2\/posts"}],"about":[{"href":"https:\/\/www.zerdab.com\/index.php?rest_route=\/wp\/v2\/types\/post"}],"author":[{"embeddable":true,"href":"https:\/\/www.zerdab.com\/index.php?rest_route=\/wp\/v2\/users\/1"}],"replies":[{"embeddable":true,"href":"https:\/\/www.zerdab.com\/index.php?rest_route=%2Fwp%2Fv2%2Fcomments&post=15381"}],"version-history":[{"count":1,"href":"https:\/\/www.zerdab.com\/index.php?rest_route=\/wp\/v2\/posts\/15381\/revisions"}],"predecessor-version":[{"id":15383,"href":"https:\/\/www.zerdab.com\/index.php?rest_route=\/wp\/v2\/posts\/15381\/revisions\/15383"}],"wp:attachment":[{"href":"https:\/\/www.zerdab.com\/index.php?rest_route=%2Fwp%2Fv2%2Fmedia&parent=15381"}],"wp:term":[{"taxonomy":"category","embeddable":true,"href":"https:\/\/www.zerdab.com\/index.php?rest_route=%2Fwp%2Fv2%2Fcategories&post=15381"},{"taxonomy":"post_tag","embeddable":true,"href":"https:\/\/www.zerdab.com\/index.php?rest_route=%2Fwp%2Fv2%2Ftags&post=15381"}],"curies":[{"name":"wp","href":"https:\/\/api.w.org\/{rel}","templated":true}]}}